{"id":9987,"date":"2019-11-08T22:35:00","date_gmt":"2019-11-09T01:35:00","guid":{"rendered":"https:\/\/fadeu.urantiacos.cl\/?p=9987"},"modified":"2023-09-13T22:37:56","modified_gmt":"2023-09-14T01:37:56","slug":"con-exito-se-desarrollo-del-seminario-internacional-y-exposicion-magallanes-2020-territorio-sin-fronteras","status":"publish","type":"post","link":"https:\/\/fadeu.urantiacos.cl\/en\/2019\/11\/08\/con-exito-se-desarrollo-del-seminario-internacional-y-exposicion-magallanes-2020-territorio-sin-fronteras\/","title":{"rendered":"Con \u00e9xito se desarroll\u00f3 del Seminario Internacional y exposici\u00f3n \u201cMagallanes 2020: Territorio sin fronteras\u201d"},"content":{"rendered":"\n<figure class=\"wp-block-image size-full\"><img decoding=\"async\" width=\"350\" height=\"250\" src=\"https:\/\/fadeu.urantiacos.cl\/wp-content\/uploads\/2023\/09\/DSC_4259.jpg\" alt=\"\" class=\"wp-image-9988\" srcset=\"https:\/\/fadeu.urantiacos.cl\/wp-content\/uploads\/2023\/09\/DSC_4259.jpg 350w, https:\/\/fadeu.urantiacos.cl\/wp-content\/uploads\/2023\/09\/DSC_4259-300x214.jpg 300w\" sizes=\"(max-width: 350px) 100vw, 350px\" \/><\/figure>\n\n\n\n<p>El alcalde de Punta Arenas, Claudio Radonich, sostuvo que \u201cesta es una oportunidad \u00fanica para instalar el patrimonio, la sustentabilidad y el desarrollo territorial arm\u00f3nico, para ver c\u00f3mo vinculamos distintas actividades de nuestra ciudad, por lo cual es importante contar con este maravilloso panel que re\u00fane expertos de otras partes del mundo\u201d.<\/p>\n\n\n\n<p>Asimismo, el edil agreg\u00f3 que \u201cMagallanes es parte del mundo, y nuestra responsabilidad como ecosistema, por la Ant\u00e1rtida, es global, por lo tanto, estos dos d\u00edas de exposici\u00f3n es de sumo valor para que nuestra ciudad y nuestros 500 a\u00f1os de vida tenga un relato con el cuidado patrimonial y su importancia urbana\u201d.<\/p>\n\n\n\n<p>El vicerrector de Vinculaci\u00f3n con el Medio de la Universidad de Magallanes, Manuel Manr\u00edquez, afirm\u00f3 que \u201cpromover el intercambio de experiencias y conocimientos entre diversas instituciones para elaborar una identidad cultural regional es important\u00edsimo para nosotros\u201d, y agreg\u00f3 que \u201cparticipar de esta instancia nos permite vincularnos con una amplia red de intereses que cruzan el estudio, an\u00e1lisis y puesta en valor de nuestra ciudad, que se caracteriza por su complejidad geogr\u00e1fica y su ubicaci\u00f3n extrema\u201d.<\/p>\n\n\n\n<p>Paola Grendi, directora del Museo regional de Magallanes, sostuvo que \u201cno deja de ser interesante el llamado de esta instancia, por cuanto si hay algo distintivo del ser humano es la capacidad de generar conocimiento, y ello tiene especial relevancia cuando se re\u00fanen en una misma instancia distintas personas que tienen distintas miradas y \u00e1ngulos de mirada sobre nuestro territorio, que examina las huellas de la presencia humana, con un llamado de atenci\u00f3n sobre las proyecciones futuras del espacio\u201d.<\/p>\n\n\n\n<p>Umberto Bonomo, director del Centro del Patrimonio Cultural UC, salud\u00f3 y elogi\u00f3 la actividad, y argument\u00f3 que \u201cel objetivo de este seminario es promover un intercambio de experiencias y conocimientos en el campo de la valoraci\u00f3n de la identidad cultural como un agente que participa activamente en la construcci\u00f3n del territorio de esta regi\u00f3n\u201d.<\/p>\n\n\n\n<p>Bonomo agreg\u00f3, adem\u00e1s, que \u201cla idea del territorio sin frontera deriva de una problem\u00e1tica de la cual queremos leer el territorio, donde se mezclan distintas capas culturales, f\u00edsicas, geogr\u00e1ficas e hist\u00f3ricas, que permiten entender su esencia e identidad\u201d.<\/p>\n\n\n\n<p>En la instancia se recogieron diversidad de trabajos y disciplinas involucradas en la docencia, la investigaci\u00f3n y la realizaci\u00f3n de proyectos concretos que contribuyen al entendimiento de esta zona remota del continente. Proyectos de arquitectura, Investigaciones de las facultades de Ciencias Biol\u00f3gicas, Agronom\u00eda, e Historia, as\u00ed como el resultado de Tesis de Mag\u00edster en Arquitectura y Paisaje o de curso de pregrado de la Escuela de Arquitectura, por un total un total de 23 desplegables, denotaron el profundo inter\u00e9s y la complejidad, el valor y el patrimonio de este paisaje cultural.<\/p>\n\n\n\n<p>Expositores e invitados<\/p>\n\n\n\n<p>Dentro de los expositores e invitados que participaron, se cuentan:<\/p>\n\n\n\n<p>&#8211;&nbsp;&nbsp;&nbsp;&nbsp;&nbsp;&nbsp; Eugenio Garc\u00e9s, Dr Arquitecto, Pontificia Universidad Cat\u00f3lica de Chile.<\/p>\n\n\n\n<p>&#8211;&nbsp;&nbsp;&nbsp;&nbsp;&nbsp;&nbsp; Joao Cabral, PhD in Urban Planning, Universidad de Lisboa.<\/p>\n\n\n\n<p>&#8211;&nbsp;&nbsp;&nbsp;&nbsp;&nbsp;&nbsp; Daniela Droguett, Directora WCS Magallanes.<\/p>\n\n\n\n<p>&#8211;&nbsp;&nbsp;&nbsp;&nbsp;&nbsp;&nbsp; Carlos Silva, Doctorante en Arquitectura y Estudios Urbanos, Pontificia Universidad Cat\u00f3lica de Chile.<\/p>\n\n\n\n<p>&#8211;&nbsp;&nbsp;&nbsp;&nbsp;&nbsp;&nbsp; Marcelo Cooper, Arquitecto y Mag\u00edster, Pontificia Universidad Cat\u00f3lica de Chile.<\/p>\n\n\n\n<p>&#8211;&nbsp;&nbsp;&nbsp;&nbsp;&nbsp;&nbsp; Danilo Martic, Arquitecto, profesor de la Escuela de Arquitectura, Pontificia Universidad Cat\u00f3lica de Chile.<\/p>\n\n\n\n<p>&#8211;&nbsp;&nbsp;&nbsp;&nbsp;&nbsp;&nbsp; Franz Kroeger, Ge\u00f3grafo y Candidato a Doctor en Urbanismo, UPC Barcelona.<\/p>\n\n\n\n<p>&#8211;&nbsp;&nbsp;&nbsp;&nbsp;&nbsp;&nbsp; Alfredo Prieto, PhD Arqueolog\u00eda Prehist\u00f3rica, Universidad de Magallanes.<\/p>\n\n\n\n<p>&#8211;&nbsp;&nbsp;&nbsp;&nbsp;&nbsp;&nbsp; Boris Cvitanic, Dr. Arquitecto y Daniel Matus, Dr. Urbanista, Universidad de Magallanes.<\/p>\n\n\n\n<p>&#8211;&nbsp;&nbsp;&nbsp;&nbsp;&nbsp;&nbsp; Joaqu\u00edn Bascop\u00e9, Dr. en Sociolog\u00eda, Instituto Patag\u00f3nico de Ciencias Sociales y Humanas.<\/p>\n\n\n\n<p>Sobre el Proyecto \u201cTerritorio sin Fronteas: Patrimonio y desarrollo territorial sustentable del paisaje cultural de Magallanes\u201d<\/p>\n\n\n\n<p>CONICYT Programa de Cooperaci\u00f3n Internacional REDES 180063, Centro del Patrimonio Cultural UC.<\/p>\n\n\n\n<p>Colaboran: Facultad de Arquitectura, Dise\u00f1o y Estudios Urbanos UC, Universidad de Magallanes, Museo Regional de Magallanes, Ilustre Municipalidad de Punta Arenas.<\/p>\n\n\n\n<p>El proyecto PCI REDES 180063 tiene por objetivo el establecer redes entre investigadores del Centro del Patrimonio Cultural, Universidad Cat\u00f3lica, del Departamento di Architettura e Studi Urbani, Polit\u00e9cnico di Milano, de la Escola T\u00e9cnica Superior d\u2019Arquitectura de la Universidad Polit\u00e9cnica de Catalunya, de la Facultad de Arquitetura, Universidad de Lisboa, de la Escuela de Arquitectura, Universidad de Magallanes y de Wildlife Conservation Society, Chile. \u2028<\/p>\n\n\n\n<p>En el proyecto PCI REDES 18003 participa como investigador principal el profesor Umberto Bonomo. Como coinvestigadores locales participan los profesores Macarena Cort\u00e9s y Eugenio Garc\u00e9s, de la Escuela de Arquitectura UC. Como coinvestigadores extranjeros participan Andrea Gritti y Federico Bucci, del Polit\u00e9cnico de Mil\u00e1n; Joao Cabral, de la Universidad de Lisboa y Joaqu\u00edn Sabat\u00e9 de la Universidad Polit\u00e9cnica de Catalunya. Como doctorante participa Yolanda Mu\u00f1oz, del Doctorado en Arquitectura y Estudios Urbanos UC. El coordinador del proyecto es Carlos Silva, instructor adjunto de la Escuela de Arquitectura UC.<\/p>\n\n\n\n<p>Investigador principal<\/p>\n\n\n\n<p>Umberto Bonomo (Pontificia Universidad Cat\u00f3lica de Chile)<\/p>\n\n\n\n<p>Investigadores Locales<\/p>\n\n\n\n<p>Macarena Cort\u00e9s, Eugenio Garc\u00e9s (Pontificia Universidad Cat\u00f3lica de Chile)<\/p>\n\n\n\n<p>Investigadores extranjeros<\/p>\n\n\n\n<p>Andrea Gritti, Federico Bucci (Polit\u00e9cnico di Milano)<\/p>\n\n\n\n<p>Joaqu\u00edn Sabat\u00e9 (Universidad Polit\u00e9cnica de Catalunya)<\/p>\n\n\n\n<p>Joao Cabral (Universidad de Lisboa)<\/p>\n\n\n\n<p>Coordinador<\/p>\n\n\n\n<p>Carlos Silva (Pontificia Universidad Cat\u00f3lica de Chile)<\/p>\n\n\n\n<p>Doctorante<\/p>\n\n\n\n<p>Yolanda Mu\u00f1oz (Pontificia Universidad Cat\u00f3lica de Chile)<\/p>\n\n\n\n<p>Sobre la exposici\u00f3n<\/p>\n\n\n\n<p>La exposici\u00f3n consisti\u00f3 en una recopilaci\u00f3n de las iniciativas que la Universidad Cat\u00f3lica est\u00e1 desarrollando en el territorio magall\u00e1nico en su compromiso p\u00fablico aportando al desarrollo del pa\u00eds. As\u00ed se recoji\u00f3 la diversidad de trabajos y disciplinas involucradas en la docencia, la investigaci\u00f3n y la realizaci\u00f3n de proyectos concretos que contribuyen al entendimiento de esta zona remota del continente. Proyectos de arquitectura, Investigaciones de las facultades de Ciencias Biol\u00f3gicas, Agronom\u00eda, e Historia, as\u00ed como el resultados de Tesis de Mag\u00edster en Arquitectura y Paisaje o de curso de pregrado de la Escuela de Arquitectura, por un total un total de 23 desplegables, denotan el profundo inter\u00e9s y la complejidad, el valor y el patrimonio de este paisaje cultural.<\/p>\n\n\n\n<p>INFORMACI\u00d3N PERIOD\u00cdSTICA<br>JUAN ANDR\u00c9S INZUNZA<\/p>\n\n\n\n<figure class=\"wp-block-image size-large\"><img decoding=\"async\" width=\"1024\" height=\"662\" src=\"https:\/\/fadeu.urantiacos.cl\/wp-content\/uploads\/2023\/09\/DSC_4184-1024x662.jpg\" alt=\"\" class=\"wp-image-9989\" srcset=\"https:\/\/fadeu.urantiacos.cl\/wp-content\/uploads\/2023\/09\/DSC_4184-1024x662.jpg 1024w, https:\/\/fadeu.urantiacos.cl\/wp-content\/uploads\/2023\/09\/DSC_4184-300x194.jpg 300w, https:\/\/fadeu.urantiacos.cl\/wp-content\/uploads\/2023\/09\/DSC_4184-768x497.jpg 768w, https:\/\/fadeu.urantiacos.cl\/wp-content\/uploads\/2023\/09\/DSC_4184.jpg 1500w\" sizes=\"(max-width: 1024px) 100vw, 1024px\" \/><\/figure>\n\n\n\n<figure class=\"wp-block-image size-large\"><img decoding=\"async\" width=\"1024\" height=\"666\" src=\"https:\/\/fadeu.urantiacos.cl\/wp-content\/uploads\/2023\/09\/DSC_4259_GRANDE-1024x666.jpg\" alt=\"\" class=\"wp-image-9990\" srcset=\"https:\/\/fadeu.urantiacos.cl\/wp-content\/uploads\/2023\/09\/DSC_4259_GRANDE-1024x666.jpg 1024w, https:\/\/fadeu.urantiacos.cl\/wp-content\/uploads\/2023\/09\/DSC_4259_GRANDE-300x195.jpg 300w, https:\/\/fadeu.urantiacos.cl\/wp-content\/uploads\/2023\/09\/DSC_4259_GRANDE-768x499.jpg 768w, https:\/\/fadeu.urantiacos.cl\/wp-content\/uploads\/2023\/09\/DSC_4259_GRANDE.jpg 1500w\" sizes=\"(max-width: 1024px) 100vw, 1024px\" \/><\/figure>\n\n\n\n<figure class=\"wp-block-image size-full\"><img decoding=\"async\" width=\"1024\" height=\"768\" src=\"https:\/\/fadeu.urantiacos.cl\/wp-content\/uploads\/2023\/09\/WhatsApp_Image_2019-10-16_at_18.08.22.jpeg\" alt=\"\" class=\"wp-image-9991\" srcset=\"https:\/\/fadeu.urantiacos.cl\/wp-content\/uploads\/2023\/09\/WhatsApp_Image_2019-10-16_at_18.08.22.jpeg 1024w, https:\/\/fadeu.urantiacos.cl\/wp-content\/uploads\/2023\/09\/WhatsApp_Image_2019-10-16_at_18.08.22-300x225.jpeg 300w, https:\/\/fadeu.urantiacos.cl\/wp-content\/uploads\/2023\/09\/WhatsApp_Image_2019-10-16_at_18.08.22-768x576.jpeg 768w\" sizes=\"(max-width: 1024px) 100vw, 1024px\" \/><\/figure>\n","protected":false},"excerpt":{"rendered":"<p>\u201cMagallanes 2020: Territorio sin fronteras, Patrimonio y desarrollo territorial sustentable del paisaje cultural de Magallanes\u201d, fue el nombre del Seminario y exposici\u00f3n que se realiz\u00f3 con \u00e9xito en la ciudad de Punta Arenas, organizado por el Proyecto CONICYT PCI REDES 180063, del Centro del Patrimonio Cultural de la Universidad Cat\u00f3lica, en colaboraci\u00f3n con la Facultad de Arquitectura, Dise\u00f1o y Estudios Urbanos UC; la Universidad de Magallanes; el Museo Regional de Magallanes; y la Ilustre Municipalidad de Punta Arenas.<\/p>\n","protected":false},"author":1,"featured_media":9988,"comment_status":"open","ping_status":"open","sticky":false,"template":"","format":"standard","meta":{"_acf_changed":false,"footnotes":""},"categories":[1],"tags":[],"class_list":["post-9987","post","type-post","status-publish","format-standard","has-post-thumbnail","hentry","category-sin-categorizar"],"acf":[],"yoast_head":"<!-- This site is optimized with the Yoast SEO plugin v27.1.1 - https:\/\/yoast.com\/product\/yoast-seo-wordpress\/ -->\n<title>Con \u00e9xito se desarroll\u00f3 del Seminario Internacional y exposici\u00f3n \u201cMagallanes 2020: Territorio sin fronteras\u201d - Facultad de Arquitectura, Dise\u00f1o y Estudios Urbanos<\/title>\n<meta name=\"description\" content=\"\u201cMagallanes 2020: Territorio sin fronteras, Patrimonio y desarrollo territorial sustentable del paisaje cultural de Magallanes\u201d, fue el nombre del Seminario y exposici\u00f3n que se realiz\u00f3 con \u00e9xito en la ciudad de Punta Arenas, organizado por el Proyecto CONICYT PCI REDES 180063, del Centro del Patrimonio Cultural de la Universidad Cat\u00f3lica, en colaboraci\u00f3n con la Facultad de Arquitectura, Dise\u00f1o y Estudios Urbanos UC; la Universidad de Magallanes; el Museo Regional de Magallanes; y la Ilustre Municipalidad de Punta Arenas.\" \/>\n<meta name=\"robots\" content=\"index, follow, max-snippet:-1, max-image-preview:large, max-video-preview:-1\" \/>\n<link rel=\"canonical\" href=\"https:\/\/fadeu.urantiacos.cl\/en\/2019\/11\/08\/con-exito-se-desarrollo-del-seminario-internacional-y-exposicion-magallanes-2020-territorio-sin-fronteras\/\" \/>\n<meta property=\"og:locale\" content=\"en_US\" \/>\n<meta property=\"og:type\" content=\"article\" \/>\n<meta property=\"og:title\" content=\"Con \u00e9xito se desarroll\u00f3 del Seminario Internacional y exposici\u00f3n \u201cMagallanes 2020: Territorio sin fronteras\u201d - Facultad de Arquitectura, Dise\u00f1o y Estudios Urbanos\" \/>\n<meta property=\"og:description\" content=\"\u201cMagallanes 2020: Territorio sin fronteras, Patrimonio y desarrollo territorial sustentable del paisaje cultural de Magallanes\u201d, fue el nombre del Seminario y exposici\u00f3n que se realiz\u00f3 con \u00e9xito en la ciudad de Punta Arenas, organizado por el Proyecto CONICYT PCI REDES 180063, del Centro del Patrimonio Cultural de la Universidad Cat\u00f3lica, en colaboraci\u00f3n con la Facultad de Arquitectura, Dise\u00f1o y Estudios Urbanos UC; la Universidad de Magallanes; el Museo Regional de Magallanes; y la Ilustre Municipalidad de Punta Arenas.\" \/>\n<meta property=\"og:url\" content=\"https:\/\/fadeu.urantiacos.cl\/en\/2019\/11\/08\/con-exito-se-desarrollo-del-seminario-internacional-y-exposicion-magallanes-2020-territorio-sin-fronteras\/\" \/>\n<meta property=\"og:site_name\" content=\"Facultad de Arquitectura, Dise\u00f1o y Estudios Urbanos\" \/>\n<meta property=\"article:published_time\" content=\"2019-11-09T01:35:00+00:00\" \/>\n<meta property=\"article:modified_time\" content=\"2023-09-14T01:37:56+00:00\" \/>\n<meta property=\"og:image\" content=\"https:\/\/fadeu.urantiacos.cl\/wp-content\/uploads\/2023\/09\/DSC_4259.jpg\" \/>\n\t<meta property=\"og:image:width\" content=\"350\" \/>\n\t<meta property=\"og:image:height\" content=\"250\" \/>\n\t<meta property=\"og:image:type\" content=\"image\/jpeg\" \/>\n<meta name=\"author\" content=\"manadmin\" \/>\n<meta name=\"twitter:card\" content=\"summary_large_image\" \/>\n<meta name=\"twitter:label1\" content=\"Written by\" \/>\n\t<meta name=\"twitter:data1\" content=\"manadmin\" \/>\n\t<meta name=\"twitter:label2\" content=\"Est. reading time\" \/>\n\t<meta name=\"twitter:data2\" content=\"5 minutes\" \/>\n<script type=\"application\/ld+json\" class=\"yoast-schema-graph\">{\"@context\":\"https:\/\/schema.org\",\"@graph\":[{\"@type\":\"Article\",\"@id\":\"https:\/\/fadeu.urantiacos.cl\/en\/2019\/11\/08\/con-exito-se-desarrollo-del-seminario-internacional-y-exposicion-magallanes-2020-territorio-sin-fronteras\/#article\",\"isPartOf\":{\"@id\":\"https:\/\/fadeu.urantiacos.cl\/en\/2019\/11\/08\/con-exito-se-desarrollo-del-seminario-internacional-y-exposicion-magallanes-2020-territorio-sin-fronteras\/\"},\"author\":{\"name\":\"manadmin\",\"@id\":\"https:\/\/fadeu.urantiacos.cl\/en\/#\/schema\/person\/d203e2e84b1c40275eac77b3061a19a2\"},\"headline\":\"Con \u00e9xito se desarroll\u00f3 del Seminario Internacional y exposici\u00f3n \u201cMagallanes 2020: Territorio sin fronteras\u201d\",\"datePublished\":\"2019-11-09T01:35:00+00:00\",\"dateModified\":\"2023-09-14T01:37:56+00:00\",\"mainEntityOfPage\":{\"@id\":\"https:\/\/fadeu.urantiacos.cl\/en\/2019\/11\/08\/con-exito-se-desarrollo-del-seminario-internacional-y-exposicion-magallanes-2020-territorio-sin-fronteras\/\"},\"wordCount\":1099,\"commentCount\":0,\"image\":{\"@id\":\"https:\/\/fadeu.urantiacos.cl\/en\/2019\/11\/08\/con-exito-se-desarrollo-del-seminario-internacional-y-exposicion-magallanes-2020-territorio-sin-fronteras\/#primaryimage\"},\"thumbnailUrl\":\"https:\/\/fadeu.urantiacos.cl\/wp-content\/uploads\/2023\/09\/DSC_4259.jpg\",\"articleSection\":[\"Sin categorizar\"],\"inLanguage\":\"en-US\",\"potentialAction\":[{\"@type\":\"CommentAction\",\"name\":\"Comment\",\"target\":[\"https:\/\/fadeu.urantiacos.cl\/en\/2019\/11\/08\/con-exito-se-desarrollo-del-seminario-internacional-y-exposicion-magallanes-2020-territorio-sin-fronteras\/#respond\"]}]},{\"@type\":\"WebPage\",\"@id\":\"https:\/\/fadeu.urantiacos.cl\/en\/2019\/11\/08\/con-exito-se-desarrollo-del-seminario-internacional-y-exposicion-magallanes-2020-territorio-sin-fronteras\/\",\"url\":\"https:\/\/fadeu.urantiacos.cl\/en\/2019\/11\/08\/con-exito-se-desarrollo-del-seminario-internacional-y-exposicion-magallanes-2020-territorio-sin-fronteras\/\",\"name\":\"Con \u00e9xito se desarroll\u00f3 del Seminario Internacional y exposici\u00f3n \u201cMagallanes 2020: Territorio sin fronteras\u201d - Facultad de Arquitectura, Dise\u00f1o y Estudios Urbanos\",\"isPartOf\":{\"@id\":\"https:\/\/fadeu.urantiacos.cl\/en\/#website\"},\"primaryImageOfPage\":{\"@id\":\"https:\/\/fadeu.urantiacos.cl\/en\/2019\/11\/08\/con-exito-se-desarrollo-del-seminario-internacional-y-exposicion-magallanes-2020-territorio-sin-fronteras\/#primaryimage\"},\"image\":{\"@id\":\"https:\/\/fadeu.urantiacos.cl\/en\/2019\/11\/08\/con-exito-se-desarrollo-del-seminario-internacional-y-exposicion-magallanes-2020-territorio-sin-fronteras\/#primaryimage\"},\"thumbnailUrl\":\"https:\/\/fadeu.urantiacos.cl\/wp-content\/uploads\/2023\/09\/DSC_4259.jpg\",\"datePublished\":\"2019-11-09T01:35:00+00:00\",\"dateModified\":\"2023-09-14T01:37:56+00:00\",\"author\":{\"@id\":\"https:\/\/fadeu.urantiacos.cl\/en\/#\/schema\/person\/d203e2e84b1c40275eac77b3061a19a2\"},\"description\":\"\u201cMagallanes 2020: Territorio sin fronteras, Patrimonio y desarrollo territorial sustentable del paisaje cultural de Magallanes\u201d, fue el nombre del Seminario y exposici\u00f3n que se realiz\u00f3 con \u00e9xito en la ciudad de Punta Arenas, organizado por el Proyecto CONICYT PCI REDES 180063, del Centro del Patrimonio Cultural de la Universidad Cat\u00f3lica, en colaboraci\u00f3n con la Facultad de Arquitectura, Dise\u00f1o y Estudios Urbanos UC; la Universidad de Magallanes; el Museo Regional de Magallanes; y la Ilustre Municipalidad de Punta Arenas.\",\"breadcrumb\":{\"@id\":\"https:\/\/fadeu.urantiacos.cl\/en\/2019\/11\/08\/con-exito-se-desarrollo-del-seminario-internacional-y-exposicion-magallanes-2020-territorio-sin-fronteras\/#breadcrumb\"},\"inLanguage\":\"en-US\",\"potentialAction\":[{\"@type\":\"ReadAction\",\"target\":[\"https:\/\/fadeu.urantiacos.cl\/en\/2019\/11\/08\/con-exito-se-desarrollo-del-seminario-internacional-y-exposicion-magallanes-2020-territorio-sin-fronteras\/\"]}]},{\"@type\":\"ImageObject\",\"inLanguage\":\"en-US\",\"@id\":\"https:\/\/fadeu.urantiacos.cl\/en\/2019\/11\/08\/con-exito-se-desarrollo-del-seminario-internacional-y-exposicion-magallanes-2020-territorio-sin-fronteras\/#primaryimage\",\"url\":\"https:\/\/fadeu.urantiacos.cl\/wp-content\/uploads\/2023\/09\/DSC_4259.jpg\",\"contentUrl\":\"https:\/\/fadeu.urantiacos.cl\/wp-content\/uploads\/2023\/09\/DSC_4259.jpg\",\"width\":350,\"height\":250},{\"@type\":\"BreadcrumbList\",\"@id\":\"https:\/\/fadeu.urantiacos.cl\/en\/2019\/11\/08\/con-exito-se-desarrollo-del-seminario-internacional-y-exposicion-magallanes-2020-territorio-sin-fronteras\/#breadcrumb\",\"itemListElement\":[{\"@type\":\"ListItem\",\"position\":1,\"name\":\"Portada\",\"item\":\"https:\/\/fadeu.urantiacos.cl\/en\/\"},{\"@type\":\"ListItem\",\"position\":2,\"name\":\"Con \u00e9xito se desarroll\u00f3 del Seminario Internacional y exposici\u00f3n \u201cMagallanes 2020: Territorio sin fronteras\u201d\"}]},{\"@type\":\"WebSite\",\"@id\":\"https:\/\/fadeu.urantiacos.cl\/en\/#website\",\"url\":\"https:\/\/fadeu.urantiacos.cl\/en\/\",\"name\":\"Facultad de Arquitectura, Dise\u00f1o y Estudios Urbanos\",\"description\":\"Campus Lo Contador\",\"potentialAction\":[{\"@type\":\"SearchAction\",\"target\":{\"@type\":\"EntryPoint\",\"urlTemplate\":\"https:\/\/fadeu.urantiacos.cl\/en\/?s={search_term_string}\"},\"query-input\":{\"@type\":\"PropertyValueSpecification\",\"valueRequired\":true,\"valueName\":\"search_term_string\"}}],\"inLanguage\":\"en-US\"},{\"@type\":\"Person\",\"@id\":\"https:\/\/fadeu.urantiacos.cl\/en\/#\/schema\/person\/d203e2e84b1c40275eac77b3061a19a2\",\"name\":\"manadmin\",\"image\":{\"@type\":\"ImageObject\",\"inLanguage\":\"en-US\",\"@id\":\"https:\/\/fadeu.urantiacos.cl\/en\/#\/schema\/person\/image\/\",\"url\":\"https:\/\/secure.gravatar.com\/avatar\/4b1d8e3303b4a9d8968ac578947d8bc80d9aea359f388cdd4aac15cadc0e8447?s=96&d=mm&r=g\",\"contentUrl\":\"https:\/\/secure.gravatar.com\/avatar\/4b1d8e3303b4a9d8968ac578947d8bc80d9aea359f388cdd4aac15cadc0e8447?s=96&d=mm&r=g\",\"caption\":\"manadmin\"},\"sameAs\":[\"https:\/\/fadeu.urantiacos.cl\"]}]}<\/script>\n<!-- \/ Yoast SEO plugin. -->","yoast_head_json":{"title":"Con \u00e9xito se desarroll\u00f3 del Seminario Internacional y exposici\u00f3n \u201cMagallanes 2020: Territorio sin fronteras\u201d - Facultad de Arquitectura, Dise\u00f1o y Estudios Urbanos","description":"\u201cMagallanes 2020: Territorio sin fronteras, Patrimonio y desarrollo territorial sustentable del paisaje cultural de Magallanes\u201d, fue el nombre del Seminario y exposici\u00f3n que se realiz\u00f3 con \u00e9xito en la ciudad de Punta Arenas, organizado por el Proyecto CONICYT PCI REDES 180063, del Centro del Patrimonio Cultural de la Universidad Cat\u00f3lica, en colaboraci\u00f3n con la Facultad de Arquitectura, Dise\u00f1o y Estudios Urbanos UC; la Universidad de Magallanes; el Museo Regional de Magallanes; y la Ilustre Municipalidad de Punta Arenas.","robots":{"index":"index","follow":"follow","max-snippet":"max-snippet:-1","max-image-preview":"max-image-preview:large","max-video-preview":"max-video-preview:-1"},"canonical":"https:\/\/fadeu.urantiacos.cl\/en\/2019\/11\/08\/con-exito-se-desarrollo-del-seminario-internacional-y-exposicion-magallanes-2020-territorio-sin-fronteras\/","og_locale":"en_US","og_type":"article","og_title":"Con \u00e9xito se desarroll\u00f3 del Seminario Internacional y exposici\u00f3n \u201cMagallanes 2020: Territorio sin fronteras\u201d - Facultad de Arquitectura, Dise\u00f1o y Estudios Urbanos","og_description":"\u201cMagallanes 2020: Territorio sin fronteras, Patrimonio y desarrollo territorial sustentable del paisaje cultural de Magallanes\u201d, fue el nombre del Seminario y exposici\u00f3n que se realiz\u00f3 con \u00e9xito en la ciudad de Punta Arenas, organizado por el Proyecto CONICYT PCI REDES 180063, del Centro del Patrimonio Cultural de la Universidad Cat\u00f3lica, en colaboraci\u00f3n con la Facultad de Arquitectura, Dise\u00f1o y Estudios Urbanos UC; la Universidad de Magallanes; el Museo Regional de Magallanes; y la Ilustre Municipalidad de Punta Arenas.","og_url":"https:\/\/fadeu.urantiacos.cl\/en\/2019\/11\/08\/con-exito-se-desarrollo-del-seminario-internacional-y-exposicion-magallanes-2020-territorio-sin-fronteras\/","og_site_name":"Facultad de Arquitectura, Dise\u00f1o y Estudios Urbanos","article_published_time":"2019-11-09T01:35:00+00:00","article_modified_time":"2023-09-14T01:37:56+00:00","og_image":[{"width":350,"height":250,"url":"https:\/\/fadeu.urantiacos.cl\/wp-content\/uploads\/2023\/09\/DSC_4259.jpg","type":"image\/jpeg"}],"author":"manadmin","twitter_card":"summary_large_image","twitter_misc":{"Written by":"manadmin","Est. reading time":"5 minutes"},"schema":{"@context":"https:\/\/schema.org","@graph":[{"@type":"Article","@id":"https:\/\/fadeu.urantiacos.cl\/en\/2019\/11\/08\/con-exito-se-desarrollo-del-seminario-internacional-y-exposicion-magallanes-2020-territorio-sin-fronteras\/#article","isPartOf":{"@id":"https:\/\/fadeu.urantiacos.cl\/en\/2019\/11\/08\/con-exito-se-desarrollo-del-seminario-internacional-y-exposicion-magallanes-2020-territorio-sin-fronteras\/"},"author":{"name":"manadmin","@id":"https:\/\/fadeu.urantiacos.cl\/en\/#\/schema\/person\/d203e2e84b1c40275eac77b3061a19a2"},"headline":"Con \u00e9xito se desarroll\u00f3 del Seminario Internacional y exposici\u00f3n \u201cMagallanes 2020: Territorio sin fronteras\u201d","datePublished":"2019-11-09T01:35:00+00:00","dateModified":"2023-09-14T01:37:56+00:00","mainEntityOfPage":{"@id":"https:\/\/fadeu.urantiacos.cl\/en\/2019\/11\/08\/con-exito-se-desarrollo-del-seminario-internacional-y-exposicion-magallanes-2020-territorio-sin-fronteras\/"},"wordCount":1099,"commentCount":0,"image":{"@id":"https:\/\/fadeu.urantiacos.cl\/en\/2019\/11\/08\/con-exito-se-desarrollo-del-seminario-internacional-y-exposicion-magallanes-2020-territorio-sin-fronteras\/#primaryimage"},"thumbnailUrl":"https:\/\/fadeu.urantiacos.cl\/wp-content\/uploads\/2023\/09\/DSC_4259.jpg","articleSection":["Sin categorizar"],"inLanguage":"en-US","potentialAction":[{"@type":"CommentAction","name":"Comment","target":["https:\/\/fadeu.urantiacos.cl\/en\/2019\/11\/08\/con-exito-se-desarrollo-del-seminario-internacional-y-exposicion-magallanes-2020-territorio-sin-fronteras\/#respond"]}]},{"@type":"WebPage","@id":"https:\/\/fadeu.urantiacos.cl\/en\/2019\/11\/08\/con-exito-se-desarrollo-del-seminario-internacional-y-exposicion-magallanes-2020-territorio-sin-fronteras\/","url":"https:\/\/fadeu.urantiacos.cl\/en\/2019\/11\/08\/con-exito-se-desarrollo-del-seminario-internacional-y-exposicion-magallanes-2020-territorio-sin-fronteras\/","name":"Con \u00e9xito se desarroll\u00f3 del Seminario Internacional y exposici\u00f3n \u201cMagallanes 2020: Territorio sin fronteras\u201d - Facultad de Arquitectura, Dise\u00f1o y Estudios Urbanos","isPartOf":{"@id":"https:\/\/fadeu.urantiacos.cl\/en\/#website"},"primaryImageOfPage":{"@id":"https:\/\/fadeu.urantiacos.cl\/en\/2019\/11\/08\/con-exito-se-desarrollo-del-seminario-internacional-y-exposicion-magallanes-2020-territorio-sin-fronteras\/#primaryimage"},"image":{"@id":"https:\/\/fadeu.urantiacos.cl\/en\/2019\/11\/08\/con-exito-se-desarrollo-del-seminario-internacional-y-exposicion-magallanes-2020-territorio-sin-fronteras\/#primaryimage"},"thumbnailUrl":"https:\/\/fadeu.urantiacos.cl\/wp-content\/uploads\/2023\/09\/DSC_4259.jpg","datePublished":"2019-11-09T01:35:00+00:00","dateModified":"2023-09-14T01:37:56+00:00","author":{"@id":"https:\/\/fadeu.urantiacos.cl\/en\/#\/schema\/person\/d203e2e84b1c40275eac77b3061a19a2"},"description":"\u201cMagallanes 2020: Territorio sin fronteras, Patrimonio y desarrollo territorial sustentable del paisaje cultural de Magallanes\u201d, fue el nombre del Seminario y exposici\u00f3n que se realiz\u00f3 con \u00e9xito en la ciudad de Punta Arenas, organizado por el Proyecto CONICYT PCI REDES 180063, del Centro del Patrimonio Cultural de la Universidad Cat\u00f3lica, en colaboraci\u00f3n con la Facultad de Arquitectura, Dise\u00f1o y Estudios Urbanos UC; la Universidad de Magallanes; el Museo Regional de Magallanes; y la Ilustre Municipalidad de Punta Arenas.","breadcrumb":{"@id":"https:\/\/fadeu.urantiacos.cl\/en\/2019\/11\/08\/con-exito-se-desarrollo-del-seminario-internacional-y-exposicion-magallanes-2020-territorio-sin-fronteras\/#breadcrumb"},"inLanguage":"en-US","potentialAction":[{"@type":"ReadAction","target":["https:\/\/fadeu.urantiacos.cl\/en\/2019\/11\/08\/con-exito-se-desarrollo-del-seminario-internacional-y-exposicion-magallanes-2020-territorio-sin-fronteras\/"]}]},{"@type":"ImageObject","inLanguage":"en-US","@id":"https:\/\/fadeu.urantiacos.cl\/en\/2019\/11\/08\/con-exito-se-desarrollo-del-seminario-internacional-y-exposicion-magallanes-2020-territorio-sin-fronteras\/#primaryimage","url":"https:\/\/fadeu.urantiacos.cl\/wp-content\/uploads\/2023\/09\/DSC_4259.jpg","contentUrl":"https:\/\/fadeu.urantiacos.cl\/wp-content\/uploads\/2023\/09\/DSC_4259.jpg","width":350,"height":250},{"@type":"BreadcrumbList","@id":"https:\/\/fadeu.urantiacos.cl\/en\/2019\/11\/08\/con-exito-se-desarrollo-del-seminario-internacional-y-exposicion-magallanes-2020-territorio-sin-fronteras\/#breadcrumb","itemListElement":[{"@type":"ListItem","position":1,"name":"Portada","item":"https:\/\/fadeu.urantiacos.cl\/en\/"},{"@type":"ListItem","position":2,"name":"Con \u00e9xito se desarroll\u00f3 del Seminario Internacional y exposici\u00f3n \u201cMagallanes 2020: Territorio sin fronteras\u201d"}]},{"@type":"WebSite","@id":"https:\/\/fadeu.urantiacos.cl\/en\/#website","url":"https:\/\/fadeu.urantiacos.cl\/en\/","name":"Facultad de Arquitectura, Dise\u00f1o y Estudios Urbanos","description":"Campus Lo Contador","potentialAction":[{"@type":"SearchAction","target":{"@type":"EntryPoint","urlTemplate":"https:\/\/fadeu.urantiacos.cl\/en\/?s={search_term_string}"},"query-input":{"@type":"PropertyValueSpecification","valueRequired":true,"valueName":"search_term_string"}}],"inLanguage":"en-US"},{"@type":"Person","@id":"https:\/\/fadeu.urantiacos.cl\/en\/#\/schema\/person\/d203e2e84b1c40275eac77b3061a19a2","name":"manadmin","image":{"@type":"ImageObject","inLanguage":"en-US","@id":"https:\/\/fadeu.urantiacos.cl\/en\/#\/schema\/person\/image\/","url":"https:\/\/secure.gravatar.com\/avatar\/4b1d8e3303b4a9d8968ac578947d8bc80d9aea359f388cdd4aac15cadc0e8447?s=96&d=mm&r=g","contentUrl":"https:\/\/secure.gravatar.com\/avatar\/4b1d8e3303b4a9d8968ac578947d8bc80d9aea359f388cdd4aac15cadc0e8447?s=96&d=mm&r=g","caption":"manadmin"},"sameAs":["https:\/\/fadeu.urantiacos.cl"]}]}},"_links":{"self":[{"href":"https:\/\/fadeu.urantiacos.cl\/en\/wp-json\/wp\/v2\/posts\/9987","targetHints":{"allow":["GET"]}}],"collection":[{"href":"https:\/\/fadeu.urantiacos.cl\/en\/wp-json\/wp\/v2\/posts"}],"about":[{"href":"https:\/\/fadeu.urantiacos.cl\/en\/wp-json\/wp\/v2\/types\/post"}],"author":[{"embeddable":true,"href":"https:\/\/fadeu.urantiacos.cl\/en\/wp-json\/wp\/v2\/users\/1"}],"replies":[{"embeddable":true,"href":"https:\/\/fadeu.urantiacos.cl\/en\/wp-json\/wp\/v2\/comments?post=9987"}],"version-history":[{"count":1,"href":"https:\/\/fadeu.urantiacos.cl\/en\/wp-json\/wp\/v2\/posts\/9987\/revisions"}],"predecessor-version":[{"id":9992,"href":"https:\/\/fadeu.urantiacos.cl\/en\/wp-json\/wp\/v2\/posts\/9987\/revisions\/9992"}],"wp:featuredmedia":[{"embeddable":true,"href":"https:\/\/fadeu.urantiacos.cl\/en\/wp-json\/wp\/v2\/media\/9988"}],"wp:attachment":[{"href":"https:\/\/fadeu.urantiacos.cl\/en\/wp-json\/wp\/v2\/media?parent=9987"}],"wp:term":[{"taxonomy":"category","embeddable":true,"href":"https:\/\/fadeu.urantiacos.cl\/en\/wp-json\/wp\/v2\/categories?post=9987"},{"taxonomy":"post_tag","embeddable":true,"href":"https:\/\/fadeu.urantiacos.cl\/en\/wp-json\/wp\/v2\/tags?post=9987"}],"curies":[{"name":"wp","href":"https:\/\/api.w.org\/{rel}","templated":true}]}}