{"id":9974,"date":"2019-11-08T22:25:00","date_gmt":"2019-11-09T01:25:00","guid":{"rendered":"https:\/\/fadeu.urantiacos.cl\/?p=9974"},"modified":"2023-09-13T22:29:31","modified_gmt":"2023-09-14T01:29:31","slug":"unidades-academicas-fadeu-realizaron-jornadas-de-reflexion-y-asambleas-para-contribuir-al-clima-social-del-pais","status":"publish","type":"post","link":"https:\/\/fadeu.urantiacos.cl\/en\/2019\/11\/08\/unidades-academicas-fadeu-realizaron-jornadas-de-reflexion-y-asambleas-para-contribuir-al-clima-social-del-pais\/","title":{"rendered":"Unidades acad\u00e9micas FADEU realizaron jornadas de reflexi\u00f3n y asambleas para contribuir al clima social del pa\u00eds"},"content":{"rendered":"\n<figure class=\"wp-block-image size-full\"><img decoding=\"async\" width=\"350\" height=\"250\" src=\"https:\/\/fadeu.urantiacos.cl\/wp-content\/uploads\/2023\/09\/JORNADA_DISENO.jpg\" alt=\"\" class=\"wp-image-9975\" srcset=\"https:\/\/fadeu.urantiacos.cl\/wp-content\/uploads\/2023\/09\/JORNADA_DISENO.jpg 350w, https:\/\/fadeu.urantiacos.cl\/wp-content\/uploads\/2023\/09\/JORNADA_DISENO-300x214.jpg 300w\" sizes=\"(max-width: 350px) 100vw, 350px\" \/><\/figure>\n\n\n\n<p>La escuela de Arquitectura realiz\u00f3 asambleas abiertas con profesores y estudiantes para sumarse a la discusi\u00f3n y analizar el rol de la arquitectura en la sociedad actual.<\/p>\n\n\n\n<p>La situaci\u00f3n nacional nos conmina a involucrarnos reflexivamente en los cambios que la sociedad exige para Chile, lo que para nuestra escuela tiene una dimensi\u00f3n docente y una dimensi\u00f3n de compromisos con la sociedad mediante propuestas que aumenten los niveles de equidad, cohesi\u00f3n y sostenibilidad de los lugares que habitamos, sostuvo institucionalmente la escuela en uno de sus comunicados.<\/p>\n\n\n\n<p>As\u00ed, la escuela realiz\u00f3 un plenario entre profesores y estudiantes, donde se debatieron tres puntos fundamentales: compromiso con la sociedad, ense\u00f1anza de la arquitectura y reforma universitaria, temas que seguir\u00e1n discuti\u00e9ndose y debati\u00e9ndose entre los distintos estamentos que conforman la escuela (profesionales, administrativos, docentes y estudiantes), todo ello convocado por su Director, Luis Eduardo Bresciani.<\/p>\n\n\n\n<p>RE-Dise\u00f1ar Chile<\/p>\n\n\n\n<p>La escuela de Dise\u00f1o hizo lo propio, instalando el novedoso concepto de \u201cRE-Dise\u00f1ar Chile\u201d, invitando a toda la comunidad de su escuela a involucrarse en un amplio debate que ha permitido que la escuela enunciara un comunicado oficial respecto de la situaci\u00f3n del pa\u00eds, convocado por su Director, Rodrigo Ram\u00edrez.<\/p>\n\n\n\n<p>\u201cEstos estallidos y manifestaciones sociales, hist\u00f3ricamente ignorados por la \u00e9lite pol\u00edtica y empresarial, son una expresi\u00f3n de una rabia acumulada hacia los diferentes poderes y formas de desigualdad y hacia una paulatina deslegitimaci\u00f3n de nuestras instituciones\u201d, sostiene la unidad en parte del comunicado.<\/p>\n\n\n\n<p>Adem\u00e1s, rechazaron la militarizaci\u00f3n del espacio p\u00fablico, reafirmaron su compromiso como escuela de contribuir a los cambios sociales que el pa\u00eds requiere por la v\u00eda del dise\u00f1o; y ponen a disposici\u00f3n la escuela \u201ccomo un laboratorio\u201d para la generaci\u00f3n de futuros posibles para el pa\u00eds.<\/p>\n\n\n\n<p>Cabildos abiertos<\/p>\n\n\n\n<p>El Instituto de Estudios Urbanos y Territoriales sesion\u00f3 en dos amplias jornadas.<\/p>\n\n\n\n<p>La primera, convoc\u00f3 a la planta acad\u00e9mica, funcionarios\/as y a los estudiantes representantes de los centros de alumnos de pre y postgrado. En la ocasi\u00f3n, se realiz\u00f3 un plenario abierto para manifestar inquietudes y observaciones personales respecto del momento que se est\u00e1 viviendo en el pa\u00eds, y se delinearon alungas directrices respecto de las principales desigualdades e inequidades presentes en la sociedad chilena, que tienen fuerte expresi\u00f3n urbana y territorial y que van en directo detrimento de la calidad de vida de las personas, sobre todo de quienes menos tienen.<\/p>\n\n\n\n<p>Junto con ello, y adhiriendo la comunidad pr\u00e1cticamente en su totalidad a la idea de que el pa\u00eds requiere cambios estructurales, el Instituto realiz\u00f3 dos Cabildos Abiertos, en el que se analizaron mecanismos que propendan y persigan estos cambios en materia urbana y territorial, instancia en la que participaron acad\u00e9micos\/as, estudiantes y funcionarios de la unidad.<\/p>\n\n\n\n<p>Entre otras definiciones, el Instituto plantea que la discusi\u00f3n sobre las medidas (de corto y largo plazo) para enfrentar la desigualdad no solamente deben concentrarse exclusivamente en iniciativas sociales, como el costo de los remedios, mejoramiento de las pensiones, reforma a la salud, y\/o bajar el costo del transporte, entre otras iniciativas, sino tambi\u00e9n enfrentar aspectos de nuestra institucionalidad y gobernabilidad para influir de mejor manera sobre c\u00f3mo construimos nuestras ciudades, algo que, adem\u00e1s, su Director Luis Fuentes plante\u00f3 en una columna de opini\u00f3n durante la semana pasada en La Tercera.<\/p>\n\n\n\n<p>El Decano Ubilla, presente en cada una de las asambleas realizadas por las tres unidades, comparti\u00f3 la visi\u00f3n de la Universidad respecto de la situaci\u00f3n por la que actualmente est\u00e1 atravesando el pa\u00eds, se\u00f1alando que es deber de la comunidad acad\u00e9mica y estudiantil ponerse a disposici\u00f3n de todo camino de soluci\u00f3n.<\/p>\n\n\n\n<p>\u201cEs interesante ver a las unidades compartiendo, reflexionando y aunando criterios en torno a un objetivo com\u00fan, cual es aportar desde nuestras disciplinas al clima social de nuestro pa\u00eds\u201d, advirti\u00f3 Ubilla, agregando que \u201ces deber nuestro como universidad ser parte de las soluciones y aportar al debate, as\u00ed como contribuir desde nuestra expertise a la elaboraci\u00f3n de futuras pol\u00edticas p\u00fablicas que ataquen la segregaci\u00f3n y que briden caminos de equidad e integraci\u00f3n social y urbana, para permitir que nuestras ciudades sean -a futuro- m\u00e1s integradoras, amigables y que sepan reconocer la diversidad de quienes las habitamos\u201d.<\/p>\n\n\n\n<h4 class=\"wp-block-heading\">&nbsp;<\/h4>\n\n\n\n<p>INFORMACI\u00d3N PERIOD\u00cdSTICA<br>JUAN ANDR\u00c9S INZUNZA<\/p>\n\n\n\n<figure class=\"wp-block-image size-full\"><img decoding=\"async\" width=\"960\" height=\"960\" src=\"https:\/\/fadeu.urantiacos.cl\/wp-content\/uploads\/2023\/09\/75354819_2398123900427639_7735163845861179392_o.jpg\" alt=\"\" class=\"wp-image-9976\" srcset=\"https:\/\/fadeu.urantiacos.cl\/wp-content\/uploads\/2023\/09\/75354819_2398123900427639_7735163845861179392_o.jpg 960w, https:\/\/fadeu.urantiacos.cl\/wp-content\/uploads\/2023\/09\/75354819_2398123900427639_7735163845861179392_o-300x300.jpg 300w, https:\/\/fadeu.urantiacos.cl\/wp-content\/uploads\/2023\/09\/75354819_2398123900427639_7735163845861179392_o-150x150.jpg 150w, https:\/\/fadeu.urantiacos.cl\/wp-content\/uploads\/2023\/09\/75354819_2398123900427639_7735163845861179392_o-768x768.jpg 768w\" sizes=\"(max-width: 960px) 100vw, 960px\" \/><\/figure>\n\n\n\n<figure class=\"wp-block-image size-large\"><img decoding=\"async\" width=\"1024\" height=\"768\" src=\"https:\/\/fadeu.urantiacos.cl\/wp-content\/uploads\/2023\/09\/WhatsApp_Image_2019-10-28_at_11.18.39-1024x768.jpeg\" alt=\"\" class=\"wp-image-9977\" srcset=\"https:\/\/fadeu.urantiacos.cl\/wp-content\/uploads\/2023\/09\/WhatsApp_Image_2019-10-28_at_11.18.39-1024x768.jpeg 1024w, https:\/\/fadeu.urantiacos.cl\/wp-content\/uploads\/2023\/09\/WhatsApp_Image_2019-10-28_at_11.18.39-300x225.jpeg 300w, https:\/\/fadeu.urantiacos.cl\/wp-content\/uploads\/2023\/09\/WhatsApp_Image_2019-10-28_at_11.18.39-768x576.jpeg 768w, https:\/\/fadeu.urantiacos.cl\/wp-content\/uploads\/2023\/09\/WhatsApp_Image_2019-10-28_at_11.18.39.jpeg 1280w\" sizes=\"(max-width: 1024px) 100vw, 1024px\" \/><\/figure>\n\n\n\n<figure class=\"wp-block-image size-large\"><img decoding=\"async\" width=\"1024\" height=\"768\" src=\"https:\/\/fadeu.urantiacos.cl\/wp-content\/uploads\/2023\/09\/WhatsApp_Image_2019-10-28_at_11.09.54-1024x768.jpeg\" alt=\"\" class=\"wp-image-9978\" srcset=\"https:\/\/fadeu.urantiacos.cl\/wp-content\/uploads\/2023\/09\/WhatsApp_Image_2019-10-28_at_11.09.54-1024x768.jpeg 1024w, https:\/\/fadeu.urantiacos.cl\/wp-content\/uploads\/2023\/09\/WhatsApp_Image_2019-10-28_at_11.09.54-300x225.jpeg 300w, https:\/\/fadeu.urantiacos.cl\/wp-content\/uploads\/2023\/09\/WhatsApp_Image_2019-10-28_at_11.09.54-768x576.jpeg 768w, https:\/\/fadeu.urantiacos.cl\/wp-content\/uploads\/2023\/09\/WhatsApp_Image_2019-10-28_at_11.09.54.jpeg 1280w\" sizes=\"(max-width: 1024px) 100vw, 1024px\" \/><\/figure>\n","protected":false},"excerpt":{"rendered":"<p>Por encargo del Rector Ignacio S\u00e1nchez y, en particular, del Decano de la Facultad de Arquitectura, Dise\u00f1o y Estudios Urbanos, Mario Ubilla, las unidades acad\u00e9micas de la Facultad realizaron importantes jornadas de reflexi\u00f3n y asambleas para debatir e intercambiar ideas sobre el descontento social que se ha instalado en Chile en el \u00faltimo tiempo, y analizar c\u00f3mo desde cada una de las disciplinas se puede aportar al debate y a mejorar el clima social del pa\u00eds.<\/p>\n","protected":false},"author":1,"featured_media":9975,"comment_status":"open","ping_status":"open","sticky":false,"template":"","format":"standard","meta":{"_acf_changed":false,"footnotes":""},"categories":[1],"tags":[],"class_list":["post-9974","post","type-post","status-publish","format-standard","has-post-thumbnail","hentry","category-sin-categorizar"],"acf":[],"yoast_head":"<!-- This site is optimized with the Yoast SEO plugin v27.1.1 - https:\/\/yoast.com\/product\/yoast-seo-wordpress\/ -->\n<title>Unidades acad\u00e9micas FADEU realizaron jornadas de reflexi\u00f3n y asambleas para contribuir al clima social del pa\u00eds - Facultad de Arquitectura, Dise\u00f1o y Estudios Urbanos<\/title>\n<meta name=\"description\" content=\"Por encargo del Rector Ignacio S\u00e1nchez y, en particular, del Decano de la Facultad de Arquitectura, Dise\u00f1o y Estudios Urbanos, Mario Ubilla, las unidades acad\u00e9micas de la Facultad realizaron importantes jornadas de reflexi\u00f3n y asambleas para debatir e intercambiar ideas sobre el descontento social que se ha instalado en Chile en el \u00faltimo tiempo, y analizar c\u00f3mo desde cada una de las disciplinas se puede aportar al debate y a mejorar el clima social del pa\u00eds.\" \/>\n<meta name=\"robots\" content=\"index, follow, max-snippet:-1, max-image-preview:large, max-video-preview:-1\" \/>\n<link rel=\"canonical\" href=\"https:\/\/fadeu.urantiacos.cl\/en\/2019\/11\/08\/unidades-academicas-fadeu-realizaron-jornadas-de-reflexion-y-asambleas-para-contribuir-al-clima-social-del-pais\/\" \/>\n<meta property=\"og:locale\" content=\"en_US\" \/>\n<meta property=\"og:type\" content=\"article\" \/>\n<meta property=\"og:title\" content=\"Unidades acad\u00e9micas FADEU realizaron jornadas de reflexi\u00f3n y asambleas para contribuir al clima social del pa\u00eds - Facultad de Arquitectura, Dise\u00f1o y Estudios Urbanos\" \/>\n<meta property=\"og:description\" content=\"Por encargo del Rector Ignacio S\u00e1nchez y, en particular, del Decano de la Facultad de Arquitectura, Dise\u00f1o y Estudios Urbanos, Mario Ubilla, las unidades acad\u00e9micas de la Facultad realizaron importantes jornadas de reflexi\u00f3n y asambleas para debatir e intercambiar ideas sobre el descontento social que se ha instalado en Chile en el \u00faltimo tiempo, y analizar c\u00f3mo desde cada una de las disciplinas se puede aportar al debate y a mejorar el clima social del pa\u00eds.\" \/>\n<meta property=\"og:url\" content=\"https:\/\/fadeu.urantiacos.cl\/en\/2019\/11\/08\/unidades-academicas-fadeu-realizaron-jornadas-de-reflexion-y-asambleas-para-contribuir-al-clima-social-del-pais\/\" \/>\n<meta property=\"og:site_name\" content=\"Facultad de Arquitectura, Dise\u00f1o y Estudios Urbanos\" \/>\n<meta property=\"article:published_time\" content=\"2019-11-09T01:25:00+00:00\" \/>\n<meta property=\"article:modified_time\" content=\"2023-09-14T01:29:31+00:00\" \/>\n<meta property=\"og:image\" content=\"https:\/\/fadeu.urantiacos.cl\/wp-content\/uploads\/2023\/09\/JORNADA_DISENO.jpg\" \/>\n\t<meta property=\"og:image:width\" content=\"350\" \/>\n\t<meta property=\"og:image:height\" content=\"250\" \/>\n\t<meta property=\"og:image:type\" content=\"image\/jpeg\" \/>\n<meta name=\"author\" content=\"manadmin\" \/>\n<meta name=\"twitter:card\" content=\"summary_large_image\" \/>\n<meta name=\"twitter:label1\" content=\"Written by\" \/>\n\t<meta name=\"twitter:data1\" content=\"manadmin\" \/>\n\t<meta name=\"twitter:label2\" content=\"Est. reading time\" \/>\n\t<meta name=\"twitter:data2\" content=\"4 minutes\" \/>\n<script type=\"application\/ld+json\" class=\"yoast-schema-graph\">{\"@context\":\"https:\/\/schema.org\",\"@graph\":[{\"@type\":\"Article\",\"@id\":\"https:\/\/fadeu.urantiacos.cl\/en\/2019\/11\/08\/unidades-academicas-fadeu-realizaron-jornadas-de-reflexion-y-asambleas-para-contribuir-al-clima-social-del-pais\/#article\",\"isPartOf\":{\"@id\":\"https:\/\/fadeu.urantiacos.cl\/en\/2019\/11\/08\/unidades-academicas-fadeu-realizaron-jornadas-de-reflexion-y-asambleas-para-contribuir-al-clima-social-del-pais\/\"},\"author\":{\"name\":\"manadmin\",\"@id\":\"https:\/\/fadeu.urantiacos.cl\/en\/#\/schema\/person\/d203e2e84b1c40275eac77b3061a19a2\"},\"headline\":\"Unidades acad\u00e9micas FADEU realizaron jornadas de reflexi\u00f3n y asambleas para contribuir al clima social del pa\u00eds\",\"datePublished\":\"2019-11-09T01:25:00+00:00\",\"dateModified\":\"2023-09-14T01:29:31+00:00\",\"mainEntityOfPage\":{\"@id\":\"https:\/\/fadeu.urantiacos.cl\/en\/2019\/11\/08\/unidades-academicas-fadeu-realizaron-jornadas-de-reflexion-y-asambleas-para-contribuir-al-clima-social-del-pais\/\"},\"wordCount\":764,\"commentCount\":0,\"image\":{\"@id\":\"https:\/\/fadeu.urantiacos.cl\/en\/2019\/11\/08\/unidades-academicas-fadeu-realizaron-jornadas-de-reflexion-y-asambleas-para-contribuir-al-clima-social-del-pais\/#primaryimage\"},\"thumbnailUrl\":\"https:\/\/fadeu.urantiacos.cl\/wp-content\/uploads\/2023\/09\/JORNADA_DISENO.jpg\",\"articleSection\":[\"Sin categorizar\"],\"inLanguage\":\"en-US\",\"potentialAction\":[{\"@type\":\"CommentAction\",\"name\":\"Comment\",\"target\":[\"https:\/\/fadeu.urantiacos.cl\/en\/2019\/11\/08\/unidades-academicas-fadeu-realizaron-jornadas-de-reflexion-y-asambleas-para-contribuir-al-clima-social-del-pais\/#respond\"]}]},{\"@type\":\"WebPage\",\"@id\":\"https:\/\/fadeu.urantiacos.cl\/en\/2019\/11\/08\/unidades-academicas-fadeu-realizaron-jornadas-de-reflexion-y-asambleas-para-contribuir-al-clima-social-del-pais\/\",\"url\":\"https:\/\/fadeu.urantiacos.cl\/en\/2019\/11\/08\/unidades-academicas-fadeu-realizaron-jornadas-de-reflexion-y-asambleas-para-contribuir-al-clima-social-del-pais\/\",\"name\":\"Unidades acad\u00e9micas FADEU realizaron jornadas de reflexi\u00f3n y asambleas para contribuir al clima social del pa\u00eds - Facultad de Arquitectura, Dise\u00f1o y Estudios Urbanos\",\"isPartOf\":{\"@id\":\"https:\/\/fadeu.urantiacos.cl\/en\/#website\"},\"primaryImageOfPage\":{\"@id\":\"https:\/\/fadeu.urantiacos.cl\/en\/2019\/11\/08\/unidades-academicas-fadeu-realizaron-jornadas-de-reflexion-y-asambleas-para-contribuir-al-clima-social-del-pais\/#primaryimage\"},\"image\":{\"@id\":\"https:\/\/fadeu.urantiacos.cl\/en\/2019\/11\/08\/unidades-academicas-fadeu-realizaron-jornadas-de-reflexion-y-asambleas-para-contribuir-al-clima-social-del-pais\/#primaryimage\"},\"thumbnailUrl\":\"https:\/\/fadeu.urantiacos.cl\/wp-content\/uploads\/2023\/09\/JORNADA_DISENO.jpg\",\"datePublished\":\"2019-11-09T01:25:00+00:00\",\"dateModified\":\"2023-09-14T01:29:31+00:00\",\"author\":{\"@id\":\"https:\/\/fadeu.urantiacos.cl\/en\/#\/schema\/person\/d203e2e84b1c40275eac77b3061a19a2\"},\"description\":\"Por encargo del Rector Ignacio S\u00e1nchez y, en particular, del Decano de la Facultad de Arquitectura, Dise\u00f1o y Estudios Urbanos, Mario Ubilla, las unidades acad\u00e9micas de la Facultad realizaron importantes jornadas de reflexi\u00f3n y asambleas para debatir e intercambiar ideas sobre el descontento social que se ha instalado en Chile en el \u00faltimo tiempo, y analizar c\u00f3mo desde cada una de las disciplinas se puede aportar al debate y a mejorar el clima social del pa\u00eds.\",\"breadcrumb\":{\"@id\":\"https:\/\/fadeu.urantiacos.cl\/en\/2019\/11\/08\/unidades-academicas-fadeu-realizaron-jornadas-de-reflexion-y-asambleas-para-contribuir-al-clima-social-del-pais\/#breadcrumb\"},\"inLanguage\":\"en-US\",\"potentialAction\":[{\"@type\":\"ReadAction\",\"target\":[\"https:\/\/fadeu.urantiacos.cl\/en\/2019\/11\/08\/unidades-academicas-fadeu-realizaron-jornadas-de-reflexion-y-asambleas-para-contribuir-al-clima-social-del-pais\/\"]}]},{\"@type\":\"ImageObject\",\"inLanguage\":\"en-US\",\"@id\":\"https:\/\/fadeu.urantiacos.cl\/en\/2019\/11\/08\/unidades-academicas-fadeu-realizaron-jornadas-de-reflexion-y-asambleas-para-contribuir-al-clima-social-del-pais\/#primaryimage\",\"url\":\"https:\/\/fadeu.urantiacos.cl\/wp-content\/uploads\/2023\/09\/JORNADA_DISENO.jpg\",\"contentUrl\":\"https:\/\/fadeu.urantiacos.cl\/wp-content\/uploads\/2023\/09\/JORNADA_DISENO.jpg\",\"width\":350,\"height\":250},{\"@type\":\"BreadcrumbList\",\"@id\":\"https:\/\/fadeu.urantiacos.cl\/en\/2019\/11\/08\/unidades-academicas-fadeu-realizaron-jornadas-de-reflexion-y-asambleas-para-contribuir-al-clima-social-del-pais\/#breadcrumb\",\"itemListElement\":[{\"@type\":\"ListItem\",\"position\":1,\"name\":\"Portada\",\"item\":\"https:\/\/fadeu.urantiacos.cl\/en\/\"},{\"@type\":\"ListItem\",\"position\":2,\"name\":\"Unidades acad\u00e9micas FADEU realizaron jornadas de reflexi\u00f3n y asambleas para contribuir al clima social del pa\u00eds\"}]},{\"@type\":\"WebSite\",\"@id\":\"https:\/\/fadeu.urantiacos.cl\/en\/#website\",\"url\":\"https:\/\/fadeu.urantiacos.cl\/en\/\",\"name\":\"Facultad de Arquitectura, Dise\u00f1o y Estudios Urbanos\",\"description\":\"Campus Lo Contador\",\"potentialAction\":[{\"@type\":\"SearchAction\",\"target\":{\"@type\":\"EntryPoint\",\"urlTemplate\":\"https:\/\/fadeu.urantiacos.cl\/en\/?s={search_term_string}\"},\"query-input\":{\"@type\":\"PropertyValueSpecification\",\"valueRequired\":true,\"valueName\":\"search_term_string\"}}],\"inLanguage\":\"en-US\"},{\"@type\":\"Person\",\"@id\":\"https:\/\/fadeu.urantiacos.cl\/en\/#\/schema\/person\/d203e2e84b1c40275eac77b3061a19a2\",\"name\":\"manadmin\",\"image\":{\"@type\":\"ImageObject\",\"inLanguage\":\"en-US\",\"@id\":\"https:\/\/fadeu.urantiacos.cl\/en\/#\/schema\/person\/image\/\",\"url\":\"https:\/\/secure.gravatar.com\/avatar\/4b1d8e3303b4a9d8968ac578947d8bc80d9aea359f388cdd4aac15cadc0e8447?s=96&d=mm&r=g\",\"contentUrl\":\"https:\/\/secure.gravatar.com\/avatar\/4b1d8e3303b4a9d8968ac578947d8bc80d9aea359f388cdd4aac15cadc0e8447?s=96&d=mm&r=g\",\"caption\":\"manadmin\"},\"sameAs\":[\"https:\/\/fadeu.urantiacos.cl\"]}]}<\/script>\n<!-- \/ Yoast SEO plugin. -->","yoast_head_json":{"title":"Unidades acad\u00e9micas FADEU realizaron jornadas de reflexi\u00f3n y asambleas para contribuir al clima social del pa\u00eds - Facultad de Arquitectura, Dise\u00f1o y Estudios Urbanos","description":"Por encargo del Rector Ignacio S\u00e1nchez y, en particular, del Decano de la Facultad de Arquitectura, Dise\u00f1o y Estudios Urbanos, Mario Ubilla, las unidades acad\u00e9micas de la Facultad realizaron importantes jornadas de reflexi\u00f3n y asambleas para debatir e intercambiar ideas sobre el descontento social que se ha instalado en Chile en el \u00faltimo tiempo, y analizar c\u00f3mo desde cada una de las disciplinas se puede aportar al debate y a mejorar el clima social del pa\u00eds.","robots":{"index":"index","follow":"follow","max-snippet":"max-snippet:-1","max-image-preview":"max-image-preview:large","max-video-preview":"max-video-preview:-1"},"canonical":"https:\/\/fadeu.urantiacos.cl\/en\/2019\/11\/08\/unidades-academicas-fadeu-realizaron-jornadas-de-reflexion-y-asambleas-para-contribuir-al-clima-social-del-pais\/","og_locale":"en_US","og_type":"article","og_title":"Unidades acad\u00e9micas FADEU realizaron jornadas de reflexi\u00f3n y asambleas para contribuir al clima social del pa\u00eds - Facultad de Arquitectura, Dise\u00f1o y Estudios Urbanos","og_description":"Por encargo del Rector Ignacio S\u00e1nchez y, en particular, del Decano de la Facultad de Arquitectura, Dise\u00f1o y Estudios Urbanos, Mario Ubilla, las unidades acad\u00e9micas de la Facultad realizaron importantes jornadas de reflexi\u00f3n y asambleas para debatir e intercambiar ideas sobre el descontento social que se ha instalado en Chile en el \u00faltimo tiempo, y analizar c\u00f3mo desde cada una de las disciplinas se puede aportar al debate y a mejorar el clima social del pa\u00eds.","og_url":"https:\/\/fadeu.urantiacos.cl\/en\/2019\/11\/08\/unidades-academicas-fadeu-realizaron-jornadas-de-reflexion-y-asambleas-para-contribuir-al-clima-social-del-pais\/","og_site_name":"Facultad de Arquitectura, Dise\u00f1o y Estudios Urbanos","article_published_time":"2019-11-09T01:25:00+00:00","article_modified_time":"2023-09-14T01:29:31+00:00","og_image":[{"width":350,"height":250,"url":"https:\/\/fadeu.urantiacos.cl\/wp-content\/uploads\/2023\/09\/JORNADA_DISENO.jpg","type":"image\/jpeg"}],"author":"manadmin","twitter_card":"summary_large_image","twitter_misc":{"Written by":"manadmin","Est. reading time":"4 minutes"},"schema":{"@context":"https:\/\/schema.org","@graph":[{"@type":"Article","@id":"https:\/\/fadeu.urantiacos.cl\/en\/2019\/11\/08\/unidades-academicas-fadeu-realizaron-jornadas-de-reflexion-y-asambleas-para-contribuir-al-clima-social-del-pais\/#article","isPartOf":{"@id":"https:\/\/fadeu.urantiacos.cl\/en\/2019\/11\/08\/unidades-academicas-fadeu-realizaron-jornadas-de-reflexion-y-asambleas-para-contribuir-al-clima-social-del-pais\/"},"author":{"name":"manadmin","@id":"https:\/\/fadeu.urantiacos.cl\/en\/#\/schema\/person\/d203e2e84b1c40275eac77b3061a19a2"},"headline":"Unidades acad\u00e9micas FADEU realizaron jornadas de reflexi\u00f3n y asambleas para contribuir al clima social del pa\u00eds","datePublished":"2019-11-09T01:25:00+00:00","dateModified":"2023-09-14T01:29:31+00:00","mainEntityOfPage":{"@id":"https:\/\/fadeu.urantiacos.cl\/en\/2019\/11\/08\/unidades-academicas-fadeu-realizaron-jornadas-de-reflexion-y-asambleas-para-contribuir-al-clima-social-del-pais\/"},"wordCount":764,"commentCount":0,"image":{"@id":"https:\/\/fadeu.urantiacos.cl\/en\/2019\/11\/08\/unidades-academicas-fadeu-realizaron-jornadas-de-reflexion-y-asambleas-para-contribuir-al-clima-social-del-pais\/#primaryimage"},"thumbnailUrl":"https:\/\/fadeu.urantiacos.cl\/wp-content\/uploads\/2023\/09\/JORNADA_DISENO.jpg","articleSection":["Sin categorizar"],"inLanguage":"en-US","potentialAction":[{"@type":"CommentAction","name":"Comment","target":["https:\/\/fadeu.urantiacos.cl\/en\/2019\/11\/08\/unidades-academicas-fadeu-realizaron-jornadas-de-reflexion-y-asambleas-para-contribuir-al-clima-social-del-pais\/#respond"]}]},{"@type":"WebPage","@id":"https:\/\/fadeu.urantiacos.cl\/en\/2019\/11\/08\/unidades-academicas-fadeu-realizaron-jornadas-de-reflexion-y-asambleas-para-contribuir-al-clima-social-del-pais\/","url":"https:\/\/fadeu.urantiacos.cl\/en\/2019\/11\/08\/unidades-academicas-fadeu-realizaron-jornadas-de-reflexion-y-asambleas-para-contribuir-al-clima-social-del-pais\/","name":"Unidades acad\u00e9micas FADEU realizaron jornadas de reflexi\u00f3n y asambleas para contribuir al clima social del pa\u00eds - Facultad de Arquitectura, Dise\u00f1o y Estudios Urbanos","isPartOf":{"@id":"https:\/\/fadeu.urantiacos.cl\/en\/#website"},"primaryImageOfPage":{"@id":"https:\/\/fadeu.urantiacos.cl\/en\/2019\/11\/08\/unidades-academicas-fadeu-realizaron-jornadas-de-reflexion-y-asambleas-para-contribuir-al-clima-social-del-pais\/#primaryimage"},"image":{"@id":"https:\/\/fadeu.urantiacos.cl\/en\/2019\/11\/08\/unidades-academicas-fadeu-realizaron-jornadas-de-reflexion-y-asambleas-para-contribuir-al-clima-social-del-pais\/#primaryimage"},"thumbnailUrl":"https:\/\/fadeu.urantiacos.cl\/wp-content\/uploads\/2023\/09\/JORNADA_DISENO.jpg","datePublished":"2019-11-09T01:25:00+00:00","dateModified":"2023-09-14T01:29:31+00:00","author":{"@id":"https:\/\/fadeu.urantiacos.cl\/en\/#\/schema\/person\/d203e2e84b1c40275eac77b3061a19a2"},"description":"Por encargo del Rector Ignacio S\u00e1nchez y, en particular, del Decano de la Facultad de Arquitectura, Dise\u00f1o y Estudios Urbanos, Mario Ubilla, las unidades acad\u00e9micas de la Facultad realizaron importantes jornadas de reflexi\u00f3n y asambleas para debatir e intercambiar ideas sobre el descontento social que se ha instalado en Chile en el \u00faltimo tiempo, y analizar c\u00f3mo desde cada una de las disciplinas se puede aportar al debate y a mejorar el clima social del pa\u00eds.","breadcrumb":{"@id":"https:\/\/fadeu.urantiacos.cl\/en\/2019\/11\/08\/unidades-academicas-fadeu-realizaron-jornadas-de-reflexion-y-asambleas-para-contribuir-al-clima-social-del-pais\/#breadcrumb"},"inLanguage":"en-US","potentialAction":[{"@type":"ReadAction","target":["https:\/\/fadeu.urantiacos.cl\/en\/2019\/11\/08\/unidades-academicas-fadeu-realizaron-jornadas-de-reflexion-y-asambleas-para-contribuir-al-clima-social-del-pais\/"]}]},{"@type":"ImageObject","inLanguage":"en-US","@id":"https:\/\/fadeu.urantiacos.cl\/en\/2019\/11\/08\/unidades-academicas-fadeu-realizaron-jornadas-de-reflexion-y-asambleas-para-contribuir-al-clima-social-del-pais\/#primaryimage","url":"https:\/\/fadeu.urantiacos.cl\/wp-content\/uploads\/2023\/09\/JORNADA_DISENO.jpg","contentUrl":"https:\/\/fadeu.urantiacos.cl\/wp-content\/uploads\/2023\/09\/JORNADA_DISENO.jpg","width":350,"height":250},{"@type":"BreadcrumbList","@id":"https:\/\/fadeu.urantiacos.cl\/en\/2019\/11\/08\/unidades-academicas-fadeu-realizaron-jornadas-de-reflexion-y-asambleas-para-contribuir-al-clima-social-del-pais\/#breadcrumb","itemListElement":[{"@type":"ListItem","position":1,"name":"Portada","item":"https:\/\/fadeu.urantiacos.cl\/en\/"},{"@type":"ListItem","position":2,"name":"Unidades acad\u00e9micas FADEU realizaron jornadas de reflexi\u00f3n y asambleas para contribuir al clima social del pa\u00eds"}]},{"@type":"WebSite","@id":"https:\/\/fadeu.urantiacos.cl\/en\/#website","url":"https:\/\/fadeu.urantiacos.cl\/en\/","name":"Facultad de Arquitectura, Dise\u00f1o y Estudios Urbanos","description":"Campus Lo Contador","potentialAction":[{"@type":"SearchAction","target":{"@type":"EntryPoint","urlTemplate":"https:\/\/fadeu.urantiacos.cl\/en\/?s={search_term_string}"},"query-input":{"@type":"PropertyValueSpecification","valueRequired":true,"valueName":"search_term_string"}}],"inLanguage":"en-US"},{"@type":"Person","@id":"https:\/\/fadeu.urantiacos.cl\/en\/#\/schema\/person\/d203e2e84b1c40275eac77b3061a19a2","name":"manadmin","image":{"@type":"ImageObject","inLanguage":"en-US","@id":"https:\/\/fadeu.urantiacos.cl\/en\/#\/schema\/person\/image\/","url":"https:\/\/secure.gravatar.com\/avatar\/4b1d8e3303b4a9d8968ac578947d8bc80d9aea359f388cdd4aac15cadc0e8447?s=96&d=mm&r=g","contentUrl":"https:\/\/secure.gravatar.com\/avatar\/4b1d8e3303b4a9d8968ac578947d8bc80d9aea359f388cdd4aac15cadc0e8447?s=96&d=mm&r=g","caption":"manadmin"},"sameAs":["https:\/\/fadeu.urantiacos.cl"]}]}},"_links":{"self":[{"href":"https:\/\/fadeu.urantiacos.cl\/en\/wp-json\/wp\/v2\/posts\/9974","targetHints":{"allow":["GET"]}}],"collection":[{"href":"https:\/\/fadeu.urantiacos.cl\/en\/wp-json\/wp\/v2\/posts"}],"about":[{"href":"https:\/\/fadeu.urantiacos.cl\/en\/wp-json\/wp\/v2\/types\/post"}],"author":[{"embeddable":true,"href":"https:\/\/fadeu.urantiacos.cl\/en\/wp-json\/wp\/v2\/users\/1"}],"replies":[{"embeddable":true,"href":"https:\/\/fadeu.urantiacos.cl\/en\/wp-json\/wp\/v2\/comments?post=9974"}],"version-history":[{"count":1,"href":"https:\/\/fadeu.urantiacos.cl\/en\/wp-json\/wp\/v2\/posts\/9974\/revisions"}],"predecessor-version":[{"id":9979,"href":"https:\/\/fadeu.urantiacos.cl\/en\/wp-json\/wp\/v2\/posts\/9974\/revisions\/9979"}],"wp:featuredmedia":[{"embeddable":true,"href":"https:\/\/fadeu.urantiacos.cl\/en\/wp-json\/wp\/v2\/media\/9975"}],"wp:attachment":[{"href":"https:\/\/fadeu.urantiacos.cl\/en\/wp-json\/wp\/v2\/media?parent=9974"}],"wp:term":[{"taxonomy":"category","embeddable":true,"href":"https:\/\/fadeu.urantiacos.cl\/en\/wp-json\/wp\/v2\/categories?post=9974"},{"taxonomy":"post_tag","embeddable":true,"href":"https:\/\/fadeu.urantiacos.cl\/en\/wp-json\/wp\/v2\/tags?post=9974"}],"curies":[{"name":"wp","href":"https:\/\/api.w.org\/{rel}","templated":true}]}}