{"id":9963,"date":"2019-11-11T22:19:00","date_gmt":"2019-11-12T01:19:00","guid":{"rendered":"https:\/\/fadeu.urantiacos.cl\/?p=9963"},"modified":"2023-09-13T22:21:03","modified_gmt":"2023-09-14T01:21:03","slug":"seminario-magallanico-2020","status":"publish","type":"post","link":"https:\/\/fadeu.urantiacos.cl\/en\/2019\/11\/11\/seminario-magallanico-2020\/","title":{"rendered":"Seminario Magall\u00e1nico 2020"},"content":{"rendered":"\n<figure class=\"wp-block-image size-full\"><img decoding=\"async\" width=\"350\" height=\"250\" src=\"https:\/\/fadeu.urantiacos.cl\/wp-content\/uploads\/2023\/09\/seminario_punta_arenas1.jpg\" alt=\"\" class=\"wp-image-9964\" srcset=\"https:\/\/fadeu.urantiacos.cl\/wp-content\/uploads\/2023\/09\/seminario_punta_arenas1.jpg 350w, https:\/\/fadeu.urantiacos.cl\/wp-content\/uploads\/2023\/09\/seminario_punta_arenas1-300x214.jpg 300w\" sizes=\"(max-width: 350px) 100vw, 350px\" \/><\/figure>\n\n\n\n<p>El 17 y 18 de octubre en Punta Arenas se realiz\u00f3 el seminario Internacional y exposici\u00f3n \u201cMagallanes 2020: Territorio sin fronteras, Patrimonio y desarrollo territorial sustentable del paisaje cultural de Magallanes\u201d, organizado por el Proyecto CONICYT PCI REDES 180063, del Centro del Patrimonio Cultural de la Universidad Cat\u00f3lica, en colaboraci\u00f3n con la Facultad de Arquitectura, Dise\u00f1o y Estudios Urbanos UC; la Universidad de Magallanes; el Museo Regional de Magallanes; y la&nbsp;&nbsp;Ilustre Municipalidad de Punta Arenas. En dicha oportunidad expusieron sus trabajos investigadores locales junto a un grupo que viaj\u00f3 desde Santiago, encabezada por el director del Centro del patrimonio Cultural: Umberto Bonomo, y los profesores de la escuela de Arquitectura: Eugenio Garces, Carlos Silva y Macarena Cort\u00e9s.<\/p>\n\n\n\n<h5 class=\"wp-block-heading\">+ Revisa las publicaciones aqu\u00ed.<\/h5>\n\n\n\n<p><a href=\"https:\/\/elpinguino.com\/noticia\/2019\/10\/19\/poner-en-valor-el-patrimonio-cultural-y-natural-de-nuestra-region-tambien-es-un-desafio\" target=\"_blank\" rel=\"noreferrer noopener\">El Ping\u00fcino<\/a><\/p>\n\n\n\n<p><a href=\"http:\/\/www.cordonbaquedano.cl\/2019\/10\/18\/seminario-internacional-magallanico-2020\/\" target=\"_blank\" rel=\"noreferrer noopener\">Cord\u00f3n Baquedano<\/a><\/p>\n","protected":false},"excerpt":{"rendered":"<p>El 17 y 18 de octubre en Punta Arenas se realiz\u00f3 el seminario Internacional y exposici\u00f3n \u201cMagallanes 2020: Territorio sin fronteras, Patrimonio y desarrollo territorial sustentable del paisaje cultural de Magallanes\u201d, organizado por el Proyecto CONICYT PCI REDES 180063, del Centro del Patrimonio Cultural de la Universidad Cat\u00f3lica, en colaboraci\u00f3n con la Facultad de Arquitectura, [&hellip;]<\/p>\n","protected":false},"author":1,"featured_media":9964,"comment_status":"open","ping_status":"open","sticky":false,"template":"","format":"standard","meta":{"_acf_changed":false,"footnotes":""},"categories":[1],"tags":[],"class_list":["post-9963","post","type-post","status-publish","format-standard","has-post-thumbnail","hentry","category-sin-categorizar"],"acf":[],"yoast_head":"<!-- This site is optimized with the Yoast SEO plugin v27.1.1 - https:\/\/yoast.com\/product\/yoast-seo-wordpress\/ -->\n<title>Seminario Magall\u00e1nico 2020 - Facultad de Arquitectura, Dise\u00f1o y Estudios Urbanos<\/title>\n<meta name=\"description\" content=\"El 17 y 18 de octubre en Punta Arenas se realiz\u00f3 el seminario Internacional y exposici\u00f3n \u201cMagallanes 2020: Territorio sin fronteras, Patrimonio y\" \/>\n<meta name=\"robots\" content=\"index, follow, max-snippet:-1, max-image-preview:large, max-video-preview:-1\" \/>\n<link rel=\"canonical\" href=\"https:\/\/fadeu.urantiacos.cl\/en\/2019\/11\/11\/seminario-magallanico-2020\/\" \/>\n<meta property=\"og:locale\" content=\"en_US\" \/>\n<meta property=\"og:type\" content=\"article\" \/>\n<meta property=\"og:title\" content=\"Seminario Magall\u00e1nico 2020 - Facultad de Arquitectura, Dise\u00f1o y Estudios Urbanos\" \/>\n<meta property=\"og:description\" content=\"El 17 y 18 de octubre en Punta Arenas se realiz\u00f3 el seminario Internacional y exposici\u00f3n \u201cMagallanes 2020: Territorio sin fronteras, Patrimonio y\" \/>\n<meta property=\"og:url\" content=\"https:\/\/fadeu.urantiacos.cl\/en\/2019\/11\/11\/seminario-magallanico-2020\/\" \/>\n<meta property=\"og:site_name\" content=\"Facultad de Arquitectura, Dise\u00f1o y Estudios Urbanos\" \/>\n<meta property=\"article:published_time\" content=\"2019-11-12T01:19:00+00:00\" \/>\n<meta property=\"article:modified_time\" content=\"2023-09-14T01:21:03+00:00\" \/>\n<meta property=\"og:image\" content=\"https:\/\/fadeu.urantiacos.cl\/wp-content\/uploads\/2023\/09\/seminario_punta_arenas1.jpg\" \/>\n\t<meta property=\"og:image:width\" content=\"350\" \/>\n\t<meta property=\"og:image:height\" content=\"250\" \/>\n\t<meta property=\"og:image:type\" content=\"image\/jpeg\" \/>\n<meta name=\"author\" content=\"manadmin\" \/>\n<meta name=\"twitter:card\" content=\"summary_large_image\" \/>\n<meta name=\"twitter:label1\" content=\"Written by\" \/>\n\t<meta name=\"twitter:data1\" content=\"manadmin\" \/>\n\t<meta name=\"twitter:label2\" content=\"Est. reading time\" \/>\n\t<meta name=\"twitter:data2\" content=\"1 minute\" \/>\n<script type=\"application\/ld+json\" class=\"yoast-schema-graph\">{\"@context\":\"https:\/\/schema.org\",\"@graph\":[{\"@type\":\"Article\",\"@id\":\"https:\/\/fadeu.urantiacos.cl\/en\/2019\/11\/11\/seminario-magallanico-2020\/#article\",\"isPartOf\":{\"@id\":\"https:\/\/fadeu.urantiacos.cl\/en\/2019\/11\/11\/seminario-magallanico-2020\/\"},\"author\":{\"name\":\"manadmin\",\"@id\":\"https:\/\/fadeu.urantiacos.cl\/en\/#\/schema\/person\/d203e2e84b1c40275eac77b3061a19a2\"},\"headline\":\"Seminario Magall\u00e1nico 2020\",\"datePublished\":\"2019-11-12T01:19:00+00:00\",\"dateModified\":\"2023-09-14T01:21:03+00:00\",\"mainEntityOfPage\":{\"@id\":\"https:\/\/fadeu.urantiacos.cl\/en\/2019\/11\/11\/seminario-magallanico-2020\/\"},\"wordCount\":134,\"commentCount\":0,\"image\":{\"@id\":\"https:\/\/fadeu.urantiacos.cl\/en\/2019\/11\/11\/seminario-magallanico-2020\/#primaryimage\"},\"thumbnailUrl\":\"https:\/\/fadeu.urantiacos.cl\/wp-content\/uploads\/2023\/09\/seminario_punta_arenas1.jpg\",\"articleSection\":[\"Sin categorizar\"],\"inLanguage\":\"en-US\",\"potentialAction\":[{\"@type\":\"CommentAction\",\"name\":\"Comment\",\"target\":[\"https:\/\/fadeu.urantiacos.cl\/en\/2019\/11\/11\/seminario-magallanico-2020\/#respond\"]}]},{\"@type\":\"WebPage\",\"@id\":\"https:\/\/fadeu.urantiacos.cl\/en\/2019\/11\/11\/seminario-magallanico-2020\/\",\"url\":\"https:\/\/fadeu.urantiacos.cl\/en\/2019\/11\/11\/seminario-magallanico-2020\/\",\"name\":\"Seminario Magall\u00e1nico 2020 - Facultad de Arquitectura, Dise\u00f1o y Estudios Urbanos\",\"isPartOf\":{\"@id\":\"https:\/\/fadeu.urantiacos.cl\/en\/#website\"},\"primaryImageOfPage\":{\"@id\":\"https:\/\/fadeu.urantiacos.cl\/en\/2019\/11\/11\/seminario-magallanico-2020\/#primaryimage\"},\"image\":{\"@id\":\"https:\/\/fadeu.urantiacos.cl\/en\/2019\/11\/11\/seminario-magallanico-2020\/#primaryimage\"},\"thumbnailUrl\":\"https:\/\/fadeu.urantiacos.cl\/wp-content\/uploads\/2023\/09\/seminario_punta_arenas1.jpg\",\"datePublished\":\"2019-11-12T01:19:00+00:00\",\"dateModified\":\"2023-09-14T01:21:03+00:00\",\"author\":{\"@id\":\"https:\/\/fadeu.urantiacos.cl\/en\/#\/schema\/person\/d203e2e84b1c40275eac77b3061a19a2\"},\"description\":\"El 17 y 18 de octubre en Punta Arenas se realiz\u00f3 el seminario Internacional y exposici\u00f3n \u201cMagallanes 2020: Territorio sin fronteras, Patrimonio y\",\"breadcrumb\":{\"@id\":\"https:\/\/fadeu.urantiacos.cl\/en\/2019\/11\/11\/seminario-magallanico-2020\/#breadcrumb\"},\"inLanguage\":\"en-US\",\"potentialAction\":[{\"@type\":\"ReadAction\",\"target\":[\"https:\/\/fadeu.urantiacos.cl\/en\/2019\/11\/11\/seminario-magallanico-2020\/\"]}]},{\"@type\":\"ImageObject\",\"inLanguage\":\"en-US\",\"@id\":\"https:\/\/fadeu.urantiacos.cl\/en\/2019\/11\/11\/seminario-magallanico-2020\/#primaryimage\",\"url\":\"https:\/\/fadeu.urantiacos.cl\/wp-content\/uploads\/2023\/09\/seminario_punta_arenas1.jpg\",\"contentUrl\":\"https:\/\/fadeu.urantiacos.cl\/wp-content\/uploads\/2023\/09\/seminario_punta_arenas1.jpg\",\"width\":350,\"height\":250},{\"@type\":\"BreadcrumbList\",\"@id\":\"https:\/\/fadeu.urantiacos.cl\/en\/2019\/11\/11\/seminario-magallanico-2020\/#breadcrumb\",\"itemListElement\":[{\"@type\":\"ListItem\",\"position\":1,\"name\":\"Portada\",\"item\":\"https:\/\/fadeu.urantiacos.cl\/en\/\"},{\"@type\":\"ListItem\",\"position\":2,\"name\":\"Seminario Magall\u00e1nico 2020\"}]},{\"@type\":\"WebSite\",\"@id\":\"https:\/\/fadeu.urantiacos.cl\/en\/#website\",\"url\":\"https:\/\/fadeu.urantiacos.cl\/en\/\",\"name\":\"Facultad de Arquitectura, Dise\u00f1o y Estudios Urbanos\",\"description\":\"Campus Lo Contador\",\"potentialAction\":[{\"@type\":\"SearchAction\",\"target\":{\"@type\":\"EntryPoint\",\"urlTemplate\":\"https:\/\/fadeu.urantiacos.cl\/en\/?s={search_term_string}\"},\"query-input\":{\"@type\":\"PropertyValueSpecification\",\"valueRequired\":true,\"valueName\":\"search_term_string\"}}],\"inLanguage\":\"en-US\"},{\"@type\":\"Person\",\"@id\":\"https:\/\/fadeu.urantiacos.cl\/en\/#\/schema\/person\/d203e2e84b1c40275eac77b3061a19a2\",\"name\":\"manadmin\",\"image\":{\"@type\":\"ImageObject\",\"inLanguage\":\"en-US\",\"@id\":\"https:\/\/fadeu.urantiacos.cl\/en\/#\/schema\/person\/image\/\",\"url\":\"https:\/\/secure.gravatar.com\/avatar\/4b1d8e3303b4a9d8968ac578947d8bc80d9aea359f388cdd4aac15cadc0e8447?s=96&d=mm&r=g\",\"contentUrl\":\"https:\/\/secure.gravatar.com\/avatar\/4b1d8e3303b4a9d8968ac578947d8bc80d9aea359f388cdd4aac15cadc0e8447?s=96&d=mm&r=g\",\"caption\":\"manadmin\"},\"sameAs\":[\"https:\/\/fadeu.urantiacos.cl\"]}]}<\/script>\n<!-- \/ Yoast SEO plugin. -->","yoast_head_json":{"title":"Seminario Magall\u00e1nico 2020 - Facultad de Arquitectura, Dise\u00f1o y Estudios Urbanos","description":"El 17 y 18 de octubre en Punta Arenas se realiz\u00f3 el seminario Internacional y exposici\u00f3n \u201cMagallanes 2020: Territorio sin fronteras, Patrimonio y","robots":{"index":"index","follow":"follow","max-snippet":"max-snippet:-1","max-image-preview":"max-image-preview:large","max-video-preview":"max-video-preview:-1"},"canonical":"https:\/\/fadeu.urantiacos.cl\/en\/2019\/11\/11\/seminario-magallanico-2020\/","og_locale":"en_US","og_type":"article","og_title":"Seminario Magall\u00e1nico 2020 - Facultad de Arquitectura, Dise\u00f1o y Estudios Urbanos","og_description":"El 17 y 18 de octubre en Punta Arenas se realiz\u00f3 el seminario Internacional y exposici\u00f3n \u201cMagallanes 2020: Territorio sin fronteras, Patrimonio y","og_url":"https:\/\/fadeu.urantiacos.cl\/en\/2019\/11\/11\/seminario-magallanico-2020\/","og_site_name":"Facultad de Arquitectura, Dise\u00f1o y Estudios Urbanos","article_published_time":"2019-11-12T01:19:00+00:00","article_modified_time":"2023-09-14T01:21:03+00:00","og_image":[{"width":350,"height":250,"url":"https:\/\/fadeu.urantiacos.cl\/wp-content\/uploads\/2023\/09\/seminario_punta_arenas1.jpg","type":"image\/jpeg"}],"author":"manadmin","twitter_card":"summary_large_image","twitter_misc":{"Written by":"manadmin","Est. reading time":"1 minute"},"schema":{"@context":"https:\/\/schema.org","@graph":[{"@type":"Article","@id":"https:\/\/fadeu.urantiacos.cl\/en\/2019\/11\/11\/seminario-magallanico-2020\/#article","isPartOf":{"@id":"https:\/\/fadeu.urantiacos.cl\/en\/2019\/11\/11\/seminario-magallanico-2020\/"},"author":{"name":"manadmin","@id":"https:\/\/fadeu.urantiacos.cl\/en\/#\/schema\/person\/d203e2e84b1c40275eac77b3061a19a2"},"headline":"Seminario Magall\u00e1nico 2020","datePublished":"2019-11-12T01:19:00+00:00","dateModified":"2023-09-14T01:21:03+00:00","mainEntityOfPage":{"@id":"https:\/\/fadeu.urantiacos.cl\/en\/2019\/11\/11\/seminario-magallanico-2020\/"},"wordCount":134,"commentCount":0,"image":{"@id":"https:\/\/fadeu.urantiacos.cl\/en\/2019\/11\/11\/seminario-magallanico-2020\/#primaryimage"},"thumbnailUrl":"https:\/\/fadeu.urantiacos.cl\/wp-content\/uploads\/2023\/09\/seminario_punta_arenas1.jpg","articleSection":["Sin categorizar"],"inLanguage":"en-US","potentialAction":[{"@type":"CommentAction","name":"Comment","target":["https:\/\/fadeu.urantiacos.cl\/en\/2019\/11\/11\/seminario-magallanico-2020\/#respond"]}]},{"@type":"WebPage","@id":"https:\/\/fadeu.urantiacos.cl\/en\/2019\/11\/11\/seminario-magallanico-2020\/","url":"https:\/\/fadeu.urantiacos.cl\/en\/2019\/11\/11\/seminario-magallanico-2020\/","name":"Seminario Magall\u00e1nico 2020 - Facultad de Arquitectura, Dise\u00f1o y Estudios Urbanos","isPartOf":{"@id":"https:\/\/fadeu.urantiacos.cl\/en\/#website"},"primaryImageOfPage":{"@id":"https:\/\/fadeu.urantiacos.cl\/en\/2019\/11\/11\/seminario-magallanico-2020\/#primaryimage"},"image":{"@id":"https:\/\/fadeu.urantiacos.cl\/en\/2019\/11\/11\/seminario-magallanico-2020\/#primaryimage"},"thumbnailUrl":"https:\/\/fadeu.urantiacos.cl\/wp-content\/uploads\/2023\/09\/seminario_punta_arenas1.jpg","datePublished":"2019-11-12T01:19:00+00:00","dateModified":"2023-09-14T01:21:03+00:00","author":{"@id":"https:\/\/fadeu.urantiacos.cl\/en\/#\/schema\/person\/d203e2e84b1c40275eac77b3061a19a2"},"description":"El 17 y 18 de octubre en Punta Arenas se realiz\u00f3 el seminario Internacional y exposici\u00f3n \u201cMagallanes 2020: Territorio sin fronteras, Patrimonio y","breadcrumb":{"@id":"https:\/\/fadeu.urantiacos.cl\/en\/2019\/11\/11\/seminario-magallanico-2020\/#breadcrumb"},"inLanguage":"en-US","potentialAction":[{"@type":"ReadAction","target":["https:\/\/fadeu.urantiacos.cl\/en\/2019\/11\/11\/seminario-magallanico-2020\/"]}]},{"@type":"ImageObject","inLanguage":"en-US","@id":"https:\/\/fadeu.urantiacos.cl\/en\/2019\/11\/11\/seminario-magallanico-2020\/#primaryimage","url":"https:\/\/fadeu.urantiacos.cl\/wp-content\/uploads\/2023\/09\/seminario_punta_arenas1.jpg","contentUrl":"https:\/\/fadeu.urantiacos.cl\/wp-content\/uploads\/2023\/09\/seminario_punta_arenas1.jpg","width":350,"height":250},{"@type":"BreadcrumbList","@id":"https:\/\/fadeu.urantiacos.cl\/en\/2019\/11\/11\/seminario-magallanico-2020\/#breadcrumb","itemListElement":[{"@type":"ListItem","position":1,"name":"Portada","item":"https:\/\/fadeu.urantiacos.cl\/en\/"},{"@type":"ListItem","position":2,"name":"Seminario Magall\u00e1nico 2020"}]},{"@type":"WebSite","@id":"https:\/\/fadeu.urantiacos.cl\/en\/#website","url":"https:\/\/fadeu.urantiacos.cl\/en\/","name":"Facultad de Arquitectura, Dise\u00f1o y Estudios Urbanos","description":"Campus Lo Contador","potentialAction":[{"@type":"SearchAction","target":{"@type":"EntryPoint","urlTemplate":"https:\/\/fadeu.urantiacos.cl\/en\/?s={search_term_string}"},"query-input":{"@type":"PropertyValueSpecification","valueRequired":true,"valueName":"search_term_string"}}],"inLanguage":"en-US"},{"@type":"Person","@id":"https:\/\/fadeu.urantiacos.cl\/en\/#\/schema\/person\/d203e2e84b1c40275eac77b3061a19a2","name":"manadmin","image":{"@type":"ImageObject","inLanguage":"en-US","@id":"https:\/\/fadeu.urantiacos.cl\/en\/#\/schema\/person\/image\/","url":"https:\/\/secure.gravatar.com\/avatar\/4b1d8e3303b4a9d8968ac578947d8bc80d9aea359f388cdd4aac15cadc0e8447?s=96&d=mm&r=g","contentUrl":"https:\/\/secure.gravatar.com\/avatar\/4b1d8e3303b4a9d8968ac578947d8bc80d9aea359f388cdd4aac15cadc0e8447?s=96&d=mm&r=g","caption":"manadmin"},"sameAs":["https:\/\/fadeu.urantiacos.cl"]}]}},"_links":{"self":[{"href":"https:\/\/fadeu.urantiacos.cl\/en\/wp-json\/wp\/v2\/posts\/9963","targetHints":{"allow":["GET"]}}],"collection":[{"href":"https:\/\/fadeu.urantiacos.cl\/en\/wp-json\/wp\/v2\/posts"}],"about":[{"href":"https:\/\/fadeu.urantiacos.cl\/en\/wp-json\/wp\/v2\/types\/post"}],"author":[{"embeddable":true,"href":"https:\/\/fadeu.urantiacos.cl\/en\/wp-json\/wp\/v2\/users\/1"}],"replies":[{"embeddable":true,"href":"https:\/\/fadeu.urantiacos.cl\/en\/wp-json\/wp\/v2\/comments?post=9963"}],"version-history":[{"count":1,"href":"https:\/\/fadeu.urantiacos.cl\/en\/wp-json\/wp\/v2\/posts\/9963\/revisions"}],"predecessor-version":[{"id":9965,"href":"https:\/\/fadeu.urantiacos.cl\/en\/wp-json\/wp\/v2\/posts\/9963\/revisions\/9965"}],"wp:featuredmedia":[{"embeddable":true,"href":"https:\/\/fadeu.urantiacos.cl\/en\/wp-json\/wp\/v2\/media\/9964"}],"wp:attachment":[{"href":"https:\/\/fadeu.urantiacos.cl\/en\/wp-json\/wp\/v2\/media?parent=9963"}],"wp:term":[{"taxonomy":"category","embeddable":true,"href":"https:\/\/fadeu.urantiacos.cl\/en\/wp-json\/wp\/v2\/categories?post=9963"},{"taxonomy":"post_tag","embeddable":true,"href":"https:\/\/fadeu.urantiacos.cl\/en\/wp-json\/wp\/v2\/tags?post=9963"}],"curies":[{"name":"wp","href":"https:\/\/api.w.org\/{rel}","templated":true}]}}