{"id":9942,"date":"2019-11-12T22:08:00","date_gmt":"2019-11-13T01:08:00","guid":{"rendered":"https:\/\/fadeu.urantiacos.cl\/?p=9942"},"modified":"2023-09-13T22:10:28","modified_gmt":"2023-09-14T01:10:28","slug":"presidenta-de-la-villa-marta-brunet-de-bajos-de-mena-puente-alto-abrio-los-dialogos-para-la-equidad-urbana-organizados-por-el-ieut","status":"publish","type":"post","link":"https:\/\/fadeu.urantiacos.cl\/en\/2019\/11\/12\/presidenta-de-la-villa-marta-brunet-de-bajos-de-mena-puente-alto-abrio-los-dialogos-para-la-equidad-urbana-organizados-por-el-ieut\/","title":{"rendered":"Presidenta de la villa Marta Brunet de Bajos de Mena (Puente Alto) abri\u00f3 los \u201cDi\u00e1logos para la Equidad Urbana\u201d organizados por el IEUT"},"content":{"rendered":"\n<figure class=\"wp-block-image size-full\"><img decoding=\"async\" width=\"350\" height=\"250\" src=\"https:\/\/fadeu.urantiacos.cl\/wp-content\/uploads\/2023\/09\/BAJOS_DE_MENA_DIRIGENTA.jpg\" alt=\"\" class=\"wp-image-9943\" srcset=\"https:\/\/fadeu.urantiacos.cl\/wp-content\/uploads\/2023\/09\/BAJOS_DE_MENA_DIRIGENTA.jpg 350w, https:\/\/fadeu.urantiacos.cl\/wp-content\/uploads\/2023\/09\/BAJOS_DE_MENA_DIRIGENTA-300x214.jpg 300w\" sizes=\"(max-width: 350px) 100vw, 350px\" \/><\/figure>\n\n\n\n<p>La instancia se desarroll\u00f3 d\u00edas atr\u00e1s en el marco de las actividades que las unidades acad\u00e9micas de la Facultad de Arquitectura, Dise\u00f1o y Estudios Urbanos de la UC est\u00e1n llevando a cabo para aportar a la discusi\u00f3n actual del pa\u00eds, en materia urbana y territorial, reflexionando sobre todo en c\u00f3mo desde cada una de las disciplinas se puede aportar al clima social y a la construcci\u00f3n de un pa\u00eds m\u00e1s justo.<\/p>\n\n\n\n<p>Ante decenas de asistentes, la dirigenta explic\u00f3 en detalle las principales carencias que se viven en el sector y la forma en c\u00f3mo est\u00e1n abordando los problemas de vivienda y equipamiento urbano, reivindicando, como eje central del trabajo que se est\u00e1 realizando junto al Serviu Metropolitano y otros servicios del Estado, que la participaci\u00f3n de la ciudadan\u00eda \u201cdebe ser fundamental y protagonista, sin intervenci\u00f3n pol\u00edtica, ni de los municipios ni de los \u00f3rganos del Estado, para que la voz de las personas sea escuchada y se trabaje en base a las aspiraciones de la gente y no en base a lo que se decide desde afuera\u201d.<\/p>\n\n\n\n<p>Misma opini\u00f3n comparte con relaci\u00f3n a los cabildos abiertos que se est\u00e1n realizando en el marco de la discusi\u00f3n social que se ha tomado la agenda durante este tiempo, argumentando que \u201ces importante que estos cabildos sean convocados por la ciudadan\u00eda y no por los organismos pol\u00edticos (servicios p\u00fablicos, municipalidades y otros) porque as\u00ed se dan a conocer las necesidades principales de las personas que viven con las carencias, y no se corre el riesgo de que a las convocatorias lleguen solo los dirigentes amigos de los alcaldes o de otras autoridades\u201d.<\/p>\n\n\n\n<p>Hern\u00e1ndez destac\u00f3, adem\u00e1s, que, en situaciones de crisis social, \u201ces importante la uni\u00f3n de las personas y la vida en comunidad, porque cuando tienes una vida vecinal y barrial empoderada, las redes de apoyo son m\u00e1s grandes y puedes confiar en tu barrio, en su villa, y eso nos vali\u00f3, por ejemplo, a nosotros en Marta Brunet para cuidar nuestra poblaci\u00f3n. Esto es importante, porque la vida comunitaria debe ser tomada en cuenta en las pol\u00edticas de vivienda y de regeneraci\u00f3n, porque m\u00e1s all\u00e1 de lo material, lo social es importante, y las personas formamos parte de una comunidad, que debe proyectarse en el tiempo, porque somos todos y todas iguales, y nos mantenemos unidos siempre.&nbsp;<\/p>\n\n\n\n<p>Los \u201cDi\u00e1logos para la equidad urbana\u201d seguir\u00e1n desarroll\u00e1ndose en los pr\u00f3ximos d\u00edas con distintos invitados para abordar distintos temas, que constituyan un aporte a la comunidad acad\u00e9mica y un complemento para la labor de docencia e investigaci\u00f3n, tanto para el Instituto de Estudios Urbanos y Territoriales como para la comunidad de la Facultad en general.<\/p>\n\n\n\n<figure class=\"wp-block-image size-large\"><img decoding=\"async\" width=\"1024\" height=\"768\" src=\"https:\/\/fadeu.urantiacos.cl\/wp-content\/uploads\/2023\/09\/9e9b4a65-108d-4fdf-86a5-5c335010acc7-1024x768.jpg\" alt=\"\" class=\"wp-image-9944\" srcset=\"https:\/\/fadeu.urantiacos.cl\/wp-content\/uploads\/2023\/09\/9e9b4a65-108d-4fdf-86a5-5c335010acc7-1024x768.jpg 1024w, https:\/\/fadeu.urantiacos.cl\/wp-content\/uploads\/2023\/09\/9e9b4a65-108d-4fdf-86a5-5c335010acc7-300x225.jpg 300w, https:\/\/fadeu.urantiacos.cl\/wp-content\/uploads\/2023\/09\/9e9b4a65-108d-4fdf-86a5-5c335010acc7-768x576.jpg 768w, https:\/\/fadeu.urantiacos.cl\/wp-content\/uploads\/2023\/09\/9e9b4a65-108d-4fdf-86a5-5c335010acc7.jpg 1040w\" sizes=\"(max-width: 1024px) 100vw, 1024px\" \/><\/figure>\n\n\n\n<p>INFORMACI\u00d3N PERIOD\u00cdSTICA<br>JUAN ANDR\u00c9S INZUNZA<\/p>\n","protected":false},"excerpt":{"rendered":"<p>\u201cDi\u00e1logos para la equidad urbana\u201d, ese es el nombre de una serie de di\u00e1logos que se llevar\u00e1n a cabo en el campus Lo Contador, y que son organizados por el Instituto de Estudios Urbanos y Territoriales, que en su primera versi\u00f3n cont\u00f3 con la participaci\u00f3n de Claudia Hern\u00e1ndez, presidenta de la Junta de Vecinos de la villa Marta Brunet, ubicada en Bajos de Mena, Puente Alto.<\/p>\n","protected":false},"author":1,"featured_media":9943,"comment_status":"open","ping_status":"open","sticky":false,"template":"","format":"standard","meta":{"_acf_changed":false,"footnotes":""},"categories":[1],"tags":[],"class_list":["post-9942","post","type-post","status-publish","format-standard","has-post-thumbnail","hentry","category-sin-categorizar"],"acf":[],"yoast_head":"<!-- This site is optimized with the Yoast SEO plugin v27.1.1 - https:\/\/yoast.com\/product\/yoast-seo-wordpress\/ -->\n<title>Presidenta de la villa Marta Brunet de Bajos de Mena (Puente Alto) abri\u00f3 los \u201cDi\u00e1logos para la Equidad Urbana\u201d organizados por el IEUT - Facultad de Arquitectura, Dise\u00f1o y Estudios Urbanos<\/title>\n<meta name=\"description\" content=\"\u201cDi\u00e1logos para la equidad urbana\u201d, ese es el nombre de una serie de di\u00e1logos que se llevar\u00e1n a cabo en el campus Lo Contador, y que son organizados por el Instituto de Estudios Urbanos y Territoriales, que en su primera versi\u00f3n cont\u00f3 con la participaci\u00f3n de Claudia Hern\u00e1ndez, presidenta de la Junta de Vecinos de la villa Marta Brunet, ubicada en Bajos de Mena, Puente Alto.\" \/>\n<meta name=\"robots\" content=\"index, follow, max-snippet:-1, max-image-preview:large, max-video-preview:-1\" \/>\n<link rel=\"canonical\" href=\"https:\/\/fadeu.urantiacos.cl\/en\/2019\/11\/12\/presidenta-de-la-villa-marta-brunet-de-bajos-de-mena-puente-alto-abrio-los-dialogos-para-la-equidad-urbana-organizados-por-el-ieut\/\" \/>\n<meta property=\"og:locale\" content=\"en_US\" \/>\n<meta property=\"og:type\" content=\"article\" \/>\n<meta property=\"og:title\" content=\"Presidenta de la villa Marta Brunet de Bajos de Mena (Puente Alto) abri\u00f3 los \u201cDi\u00e1logos para la Equidad Urbana\u201d organizados por el IEUT - Facultad de Arquitectura, Dise\u00f1o y Estudios Urbanos\" \/>\n<meta property=\"og:description\" content=\"\u201cDi\u00e1logos para la equidad urbana\u201d, ese es el nombre de una serie de di\u00e1logos que se llevar\u00e1n a cabo en el campus Lo Contador, y que son organizados por el Instituto de Estudios Urbanos y Territoriales, que en su primera versi\u00f3n cont\u00f3 con la participaci\u00f3n de Claudia Hern\u00e1ndez, presidenta de la Junta de Vecinos de la villa Marta Brunet, ubicada en Bajos de Mena, Puente Alto.\" \/>\n<meta property=\"og:url\" content=\"https:\/\/fadeu.urantiacos.cl\/en\/2019\/11\/12\/presidenta-de-la-villa-marta-brunet-de-bajos-de-mena-puente-alto-abrio-los-dialogos-para-la-equidad-urbana-organizados-por-el-ieut\/\" \/>\n<meta property=\"og:site_name\" content=\"Facultad de Arquitectura, Dise\u00f1o y Estudios Urbanos\" \/>\n<meta property=\"article:published_time\" content=\"2019-11-13T01:08:00+00:00\" \/>\n<meta property=\"article:modified_time\" content=\"2023-09-14T01:10:28+00:00\" \/>\n<meta property=\"og:image\" content=\"https:\/\/fadeu.urantiacos.cl\/wp-content\/uploads\/2023\/09\/BAJOS_DE_MENA_DIRIGENTA.jpg\" \/>\n\t<meta property=\"og:image:width\" content=\"350\" \/>\n\t<meta property=\"og:image:height\" content=\"250\" \/>\n\t<meta property=\"og:image:type\" content=\"image\/jpeg\" \/>\n<meta name=\"author\" content=\"manadmin\" \/>\n<meta name=\"twitter:card\" content=\"summary_large_image\" \/>\n<meta name=\"twitter:label1\" content=\"Written by\" \/>\n\t<meta name=\"twitter:data1\" content=\"manadmin\" \/>\n\t<meta name=\"twitter:label2\" content=\"Est. reading time\" \/>\n\t<meta name=\"twitter:data2\" content=\"2 minutes\" \/>\n<script type=\"application\/ld+json\" class=\"yoast-schema-graph\">{\"@context\":\"https:\/\/schema.org\",\"@graph\":[{\"@type\":\"Article\",\"@id\":\"https:\/\/fadeu.urantiacos.cl\/en\/2019\/11\/12\/presidenta-de-la-villa-marta-brunet-de-bajos-de-mena-puente-alto-abrio-los-dialogos-para-la-equidad-urbana-organizados-por-el-ieut\/#article\",\"isPartOf\":{\"@id\":\"https:\/\/fadeu.urantiacos.cl\/en\/2019\/11\/12\/presidenta-de-la-villa-marta-brunet-de-bajos-de-mena-puente-alto-abrio-los-dialogos-para-la-equidad-urbana-organizados-por-el-ieut\/\"},\"author\":{\"name\":\"manadmin\",\"@id\":\"https:\/\/fadeu.urantiacos.cl\/en\/#\/schema\/person\/d203e2e84b1c40275eac77b3061a19a2\"},\"headline\":\"Presidenta de la villa Marta Brunet de Bajos de Mena (Puente Alto) abri\u00f3 los \u201cDi\u00e1logos para la Equidad Urbana\u201d organizados por el IEUT\",\"datePublished\":\"2019-11-13T01:08:00+00:00\",\"dateModified\":\"2023-09-14T01:10:28+00:00\",\"mainEntityOfPage\":{\"@id\":\"https:\/\/fadeu.urantiacos.cl\/en\/2019\/11\/12\/presidenta-de-la-villa-marta-brunet-de-bajos-de-mena-puente-alto-abrio-los-dialogos-para-la-equidad-urbana-organizados-por-el-ieut\/\"},\"wordCount\":511,\"commentCount\":0,\"image\":{\"@id\":\"https:\/\/fadeu.urantiacos.cl\/en\/2019\/11\/12\/presidenta-de-la-villa-marta-brunet-de-bajos-de-mena-puente-alto-abrio-los-dialogos-para-la-equidad-urbana-organizados-por-el-ieut\/#primaryimage\"},\"thumbnailUrl\":\"https:\/\/fadeu.urantiacos.cl\/wp-content\/uploads\/2023\/09\/BAJOS_DE_MENA_DIRIGENTA.jpg\",\"articleSection\":[\"Sin categorizar\"],\"inLanguage\":\"en-US\",\"potentialAction\":[{\"@type\":\"CommentAction\",\"name\":\"Comment\",\"target\":[\"https:\/\/fadeu.urantiacos.cl\/en\/2019\/11\/12\/presidenta-de-la-villa-marta-brunet-de-bajos-de-mena-puente-alto-abrio-los-dialogos-para-la-equidad-urbana-organizados-por-el-ieut\/#respond\"]}]},{\"@type\":\"WebPage\",\"@id\":\"https:\/\/fadeu.urantiacos.cl\/en\/2019\/11\/12\/presidenta-de-la-villa-marta-brunet-de-bajos-de-mena-puente-alto-abrio-los-dialogos-para-la-equidad-urbana-organizados-por-el-ieut\/\",\"url\":\"https:\/\/fadeu.urantiacos.cl\/en\/2019\/11\/12\/presidenta-de-la-villa-marta-brunet-de-bajos-de-mena-puente-alto-abrio-los-dialogos-para-la-equidad-urbana-organizados-por-el-ieut\/\",\"name\":\"Presidenta de la villa Marta Brunet de Bajos de Mena (Puente Alto) abri\u00f3 los \u201cDi\u00e1logos para la Equidad Urbana\u201d organizados por el IEUT - Facultad de Arquitectura, Dise\u00f1o y Estudios Urbanos\",\"isPartOf\":{\"@id\":\"https:\/\/fadeu.urantiacos.cl\/en\/#website\"},\"primaryImageOfPage\":{\"@id\":\"https:\/\/fadeu.urantiacos.cl\/en\/2019\/11\/12\/presidenta-de-la-villa-marta-brunet-de-bajos-de-mena-puente-alto-abrio-los-dialogos-para-la-equidad-urbana-organizados-por-el-ieut\/#primaryimage\"},\"image\":{\"@id\":\"https:\/\/fadeu.urantiacos.cl\/en\/2019\/11\/12\/presidenta-de-la-villa-marta-brunet-de-bajos-de-mena-puente-alto-abrio-los-dialogos-para-la-equidad-urbana-organizados-por-el-ieut\/#primaryimage\"},\"thumbnailUrl\":\"https:\/\/fadeu.urantiacos.cl\/wp-content\/uploads\/2023\/09\/BAJOS_DE_MENA_DIRIGENTA.jpg\",\"datePublished\":\"2019-11-13T01:08:00+00:00\",\"dateModified\":\"2023-09-14T01:10:28+00:00\",\"author\":{\"@id\":\"https:\/\/fadeu.urantiacos.cl\/en\/#\/schema\/person\/d203e2e84b1c40275eac77b3061a19a2\"},\"description\":\"\u201cDi\u00e1logos para la equidad urbana\u201d, ese es el nombre de una serie de di\u00e1logos que se llevar\u00e1n a cabo en el campus Lo Contador, y que son organizados por el Instituto de Estudios Urbanos y Territoriales, que en su primera versi\u00f3n cont\u00f3 con la participaci\u00f3n de Claudia Hern\u00e1ndez, presidenta de la Junta de Vecinos de la villa Marta Brunet, ubicada en Bajos de Mena, Puente Alto.\",\"breadcrumb\":{\"@id\":\"https:\/\/fadeu.urantiacos.cl\/en\/2019\/11\/12\/presidenta-de-la-villa-marta-brunet-de-bajos-de-mena-puente-alto-abrio-los-dialogos-para-la-equidad-urbana-organizados-por-el-ieut\/#breadcrumb\"},\"inLanguage\":\"en-US\",\"potentialAction\":[{\"@type\":\"ReadAction\",\"target\":[\"https:\/\/fadeu.urantiacos.cl\/en\/2019\/11\/12\/presidenta-de-la-villa-marta-brunet-de-bajos-de-mena-puente-alto-abrio-los-dialogos-para-la-equidad-urbana-organizados-por-el-ieut\/\"]}]},{\"@type\":\"ImageObject\",\"inLanguage\":\"en-US\",\"@id\":\"https:\/\/fadeu.urantiacos.cl\/en\/2019\/11\/12\/presidenta-de-la-villa-marta-brunet-de-bajos-de-mena-puente-alto-abrio-los-dialogos-para-la-equidad-urbana-organizados-por-el-ieut\/#primaryimage\",\"url\":\"https:\/\/fadeu.urantiacos.cl\/wp-content\/uploads\/2023\/09\/BAJOS_DE_MENA_DIRIGENTA.jpg\",\"contentUrl\":\"https:\/\/fadeu.urantiacos.cl\/wp-content\/uploads\/2023\/09\/BAJOS_DE_MENA_DIRIGENTA.jpg\",\"width\":350,\"height\":250},{\"@type\":\"BreadcrumbList\",\"@id\":\"https:\/\/fadeu.urantiacos.cl\/en\/2019\/11\/12\/presidenta-de-la-villa-marta-brunet-de-bajos-de-mena-puente-alto-abrio-los-dialogos-para-la-equidad-urbana-organizados-por-el-ieut\/#breadcrumb\",\"itemListElement\":[{\"@type\":\"ListItem\",\"position\":1,\"name\":\"Portada\",\"item\":\"https:\/\/fadeu.urantiacos.cl\/en\/\"},{\"@type\":\"ListItem\",\"position\":2,\"name\":\"Presidenta de la villa Marta Brunet de Bajos de Mena (Puente Alto) abri\u00f3 los \u201cDi\u00e1logos para la Equidad Urbana\u201d organizados por el IEUT\"}]},{\"@type\":\"WebSite\",\"@id\":\"https:\/\/fadeu.urantiacos.cl\/en\/#website\",\"url\":\"https:\/\/fadeu.urantiacos.cl\/en\/\",\"name\":\"Facultad de Arquitectura, Dise\u00f1o y Estudios Urbanos\",\"description\":\"Campus Lo Contador\",\"potentialAction\":[{\"@type\":\"SearchAction\",\"target\":{\"@type\":\"EntryPoint\",\"urlTemplate\":\"https:\/\/fadeu.urantiacos.cl\/en\/?s={search_term_string}\"},\"query-input\":{\"@type\":\"PropertyValueSpecification\",\"valueRequired\":true,\"valueName\":\"search_term_string\"}}],\"inLanguage\":\"en-US\"},{\"@type\":\"Person\",\"@id\":\"https:\/\/fadeu.urantiacos.cl\/en\/#\/schema\/person\/d203e2e84b1c40275eac77b3061a19a2\",\"name\":\"manadmin\",\"image\":{\"@type\":\"ImageObject\",\"inLanguage\":\"en-US\",\"@id\":\"https:\/\/fadeu.urantiacos.cl\/en\/#\/schema\/person\/image\/\",\"url\":\"https:\/\/secure.gravatar.com\/avatar\/4b1d8e3303b4a9d8968ac578947d8bc80d9aea359f388cdd4aac15cadc0e8447?s=96&d=mm&r=g\",\"contentUrl\":\"https:\/\/secure.gravatar.com\/avatar\/4b1d8e3303b4a9d8968ac578947d8bc80d9aea359f388cdd4aac15cadc0e8447?s=96&d=mm&r=g\",\"caption\":\"manadmin\"},\"sameAs\":[\"https:\/\/fadeu.urantiacos.cl\"]}]}<\/script>\n<!-- \/ Yoast SEO plugin. -->","yoast_head_json":{"title":"Presidenta de la villa Marta Brunet de Bajos de Mena (Puente Alto) abri\u00f3 los \u201cDi\u00e1logos para la Equidad Urbana\u201d organizados por el IEUT - Facultad de Arquitectura, Dise\u00f1o y Estudios Urbanos","description":"\u201cDi\u00e1logos para la equidad urbana\u201d, ese es el nombre de una serie de di\u00e1logos que se llevar\u00e1n a cabo en el campus Lo Contador, y que son organizados por el Instituto de Estudios Urbanos y Territoriales, que en su primera versi\u00f3n cont\u00f3 con la participaci\u00f3n de Claudia Hern\u00e1ndez, presidenta de la Junta de Vecinos de la villa Marta Brunet, ubicada en Bajos de Mena, Puente Alto.","robots":{"index":"index","follow":"follow","max-snippet":"max-snippet:-1","max-image-preview":"max-image-preview:large","max-video-preview":"max-video-preview:-1"},"canonical":"https:\/\/fadeu.urantiacos.cl\/en\/2019\/11\/12\/presidenta-de-la-villa-marta-brunet-de-bajos-de-mena-puente-alto-abrio-los-dialogos-para-la-equidad-urbana-organizados-por-el-ieut\/","og_locale":"en_US","og_type":"article","og_title":"Presidenta de la villa Marta Brunet de Bajos de Mena (Puente Alto) abri\u00f3 los \u201cDi\u00e1logos para la Equidad Urbana\u201d organizados por el IEUT - Facultad de Arquitectura, Dise\u00f1o y Estudios Urbanos","og_description":"\u201cDi\u00e1logos para la equidad urbana\u201d, ese es el nombre de una serie de di\u00e1logos que se llevar\u00e1n a cabo en el campus Lo Contador, y que son organizados por el Instituto de Estudios Urbanos y Territoriales, que en su primera versi\u00f3n cont\u00f3 con la participaci\u00f3n de Claudia Hern\u00e1ndez, presidenta de la Junta de Vecinos de la villa Marta Brunet, ubicada en Bajos de Mena, Puente Alto.","og_url":"https:\/\/fadeu.urantiacos.cl\/en\/2019\/11\/12\/presidenta-de-la-villa-marta-brunet-de-bajos-de-mena-puente-alto-abrio-los-dialogos-para-la-equidad-urbana-organizados-por-el-ieut\/","og_site_name":"Facultad de Arquitectura, Dise\u00f1o y Estudios Urbanos","article_published_time":"2019-11-13T01:08:00+00:00","article_modified_time":"2023-09-14T01:10:28+00:00","og_image":[{"width":350,"height":250,"url":"https:\/\/fadeu.urantiacos.cl\/wp-content\/uploads\/2023\/09\/BAJOS_DE_MENA_DIRIGENTA.jpg","type":"image\/jpeg"}],"author":"manadmin","twitter_card":"summary_large_image","twitter_misc":{"Written by":"manadmin","Est. reading time":"2 minutes"},"schema":{"@context":"https:\/\/schema.org","@graph":[{"@type":"Article","@id":"https:\/\/fadeu.urantiacos.cl\/en\/2019\/11\/12\/presidenta-de-la-villa-marta-brunet-de-bajos-de-mena-puente-alto-abrio-los-dialogos-para-la-equidad-urbana-organizados-por-el-ieut\/#article","isPartOf":{"@id":"https:\/\/fadeu.urantiacos.cl\/en\/2019\/11\/12\/presidenta-de-la-villa-marta-brunet-de-bajos-de-mena-puente-alto-abrio-los-dialogos-para-la-equidad-urbana-organizados-por-el-ieut\/"},"author":{"name":"manadmin","@id":"https:\/\/fadeu.urantiacos.cl\/en\/#\/schema\/person\/d203e2e84b1c40275eac77b3061a19a2"},"headline":"Presidenta de la villa Marta Brunet de Bajos de Mena (Puente Alto) abri\u00f3 los \u201cDi\u00e1logos para la Equidad Urbana\u201d organizados por el IEUT","datePublished":"2019-11-13T01:08:00+00:00","dateModified":"2023-09-14T01:10:28+00:00","mainEntityOfPage":{"@id":"https:\/\/fadeu.urantiacos.cl\/en\/2019\/11\/12\/presidenta-de-la-villa-marta-brunet-de-bajos-de-mena-puente-alto-abrio-los-dialogos-para-la-equidad-urbana-organizados-por-el-ieut\/"},"wordCount":511,"commentCount":0,"image":{"@id":"https:\/\/fadeu.urantiacos.cl\/en\/2019\/11\/12\/presidenta-de-la-villa-marta-brunet-de-bajos-de-mena-puente-alto-abrio-los-dialogos-para-la-equidad-urbana-organizados-por-el-ieut\/#primaryimage"},"thumbnailUrl":"https:\/\/fadeu.urantiacos.cl\/wp-content\/uploads\/2023\/09\/BAJOS_DE_MENA_DIRIGENTA.jpg","articleSection":["Sin categorizar"],"inLanguage":"en-US","potentialAction":[{"@type":"CommentAction","name":"Comment","target":["https:\/\/fadeu.urantiacos.cl\/en\/2019\/11\/12\/presidenta-de-la-villa-marta-brunet-de-bajos-de-mena-puente-alto-abrio-los-dialogos-para-la-equidad-urbana-organizados-por-el-ieut\/#respond"]}]},{"@type":"WebPage","@id":"https:\/\/fadeu.urantiacos.cl\/en\/2019\/11\/12\/presidenta-de-la-villa-marta-brunet-de-bajos-de-mena-puente-alto-abrio-los-dialogos-para-la-equidad-urbana-organizados-por-el-ieut\/","url":"https:\/\/fadeu.urantiacos.cl\/en\/2019\/11\/12\/presidenta-de-la-villa-marta-brunet-de-bajos-de-mena-puente-alto-abrio-los-dialogos-para-la-equidad-urbana-organizados-por-el-ieut\/","name":"Presidenta de la villa Marta Brunet de Bajos de Mena (Puente Alto) abri\u00f3 los \u201cDi\u00e1logos para la Equidad Urbana\u201d organizados por el IEUT - Facultad de Arquitectura, Dise\u00f1o y Estudios Urbanos","isPartOf":{"@id":"https:\/\/fadeu.urantiacos.cl\/en\/#website"},"primaryImageOfPage":{"@id":"https:\/\/fadeu.urantiacos.cl\/en\/2019\/11\/12\/presidenta-de-la-villa-marta-brunet-de-bajos-de-mena-puente-alto-abrio-los-dialogos-para-la-equidad-urbana-organizados-por-el-ieut\/#primaryimage"},"image":{"@id":"https:\/\/fadeu.urantiacos.cl\/en\/2019\/11\/12\/presidenta-de-la-villa-marta-brunet-de-bajos-de-mena-puente-alto-abrio-los-dialogos-para-la-equidad-urbana-organizados-por-el-ieut\/#primaryimage"},"thumbnailUrl":"https:\/\/fadeu.urantiacos.cl\/wp-content\/uploads\/2023\/09\/BAJOS_DE_MENA_DIRIGENTA.jpg","datePublished":"2019-11-13T01:08:00+00:00","dateModified":"2023-09-14T01:10:28+00:00","author":{"@id":"https:\/\/fadeu.urantiacos.cl\/en\/#\/schema\/person\/d203e2e84b1c40275eac77b3061a19a2"},"description":"\u201cDi\u00e1logos para la equidad urbana\u201d, ese es el nombre de una serie de di\u00e1logos que se llevar\u00e1n a cabo en el campus Lo Contador, y que son organizados por el Instituto de Estudios Urbanos y Territoriales, que en su primera versi\u00f3n cont\u00f3 con la participaci\u00f3n de Claudia Hern\u00e1ndez, presidenta de la Junta de Vecinos de la villa Marta Brunet, ubicada en Bajos de Mena, Puente Alto.","breadcrumb":{"@id":"https:\/\/fadeu.urantiacos.cl\/en\/2019\/11\/12\/presidenta-de-la-villa-marta-brunet-de-bajos-de-mena-puente-alto-abrio-los-dialogos-para-la-equidad-urbana-organizados-por-el-ieut\/#breadcrumb"},"inLanguage":"en-US","potentialAction":[{"@type":"ReadAction","target":["https:\/\/fadeu.urantiacos.cl\/en\/2019\/11\/12\/presidenta-de-la-villa-marta-brunet-de-bajos-de-mena-puente-alto-abrio-los-dialogos-para-la-equidad-urbana-organizados-por-el-ieut\/"]}]},{"@type":"ImageObject","inLanguage":"en-US","@id":"https:\/\/fadeu.urantiacos.cl\/en\/2019\/11\/12\/presidenta-de-la-villa-marta-brunet-de-bajos-de-mena-puente-alto-abrio-los-dialogos-para-la-equidad-urbana-organizados-por-el-ieut\/#primaryimage","url":"https:\/\/fadeu.urantiacos.cl\/wp-content\/uploads\/2023\/09\/BAJOS_DE_MENA_DIRIGENTA.jpg","contentUrl":"https:\/\/fadeu.urantiacos.cl\/wp-content\/uploads\/2023\/09\/BAJOS_DE_MENA_DIRIGENTA.jpg","width":350,"height":250},{"@type":"BreadcrumbList","@id":"https:\/\/fadeu.urantiacos.cl\/en\/2019\/11\/12\/presidenta-de-la-villa-marta-brunet-de-bajos-de-mena-puente-alto-abrio-los-dialogos-para-la-equidad-urbana-organizados-por-el-ieut\/#breadcrumb","itemListElement":[{"@type":"ListItem","position":1,"name":"Portada","item":"https:\/\/fadeu.urantiacos.cl\/en\/"},{"@type":"ListItem","position":2,"name":"Presidenta de la villa Marta Brunet de Bajos de Mena (Puente Alto) abri\u00f3 los \u201cDi\u00e1logos para la Equidad Urbana\u201d organizados por el IEUT"}]},{"@type":"WebSite","@id":"https:\/\/fadeu.urantiacos.cl\/en\/#website","url":"https:\/\/fadeu.urantiacos.cl\/en\/","name":"Facultad de Arquitectura, Dise\u00f1o y Estudios Urbanos","description":"Campus Lo Contador","potentialAction":[{"@type":"SearchAction","target":{"@type":"EntryPoint","urlTemplate":"https:\/\/fadeu.urantiacos.cl\/en\/?s={search_term_string}"},"query-input":{"@type":"PropertyValueSpecification","valueRequired":true,"valueName":"search_term_string"}}],"inLanguage":"en-US"},{"@type":"Person","@id":"https:\/\/fadeu.urantiacos.cl\/en\/#\/schema\/person\/d203e2e84b1c40275eac77b3061a19a2","name":"manadmin","image":{"@type":"ImageObject","inLanguage":"en-US","@id":"https:\/\/fadeu.urantiacos.cl\/en\/#\/schema\/person\/image\/","url":"https:\/\/secure.gravatar.com\/avatar\/4b1d8e3303b4a9d8968ac578947d8bc80d9aea359f388cdd4aac15cadc0e8447?s=96&d=mm&r=g","contentUrl":"https:\/\/secure.gravatar.com\/avatar\/4b1d8e3303b4a9d8968ac578947d8bc80d9aea359f388cdd4aac15cadc0e8447?s=96&d=mm&r=g","caption":"manadmin"},"sameAs":["https:\/\/fadeu.urantiacos.cl"]}]}},"_links":{"self":[{"href":"https:\/\/fadeu.urantiacos.cl\/en\/wp-json\/wp\/v2\/posts\/9942","targetHints":{"allow":["GET"]}}],"collection":[{"href":"https:\/\/fadeu.urantiacos.cl\/en\/wp-json\/wp\/v2\/posts"}],"about":[{"href":"https:\/\/fadeu.urantiacos.cl\/en\/wp-json\/wp\/v2\/types\/post"}],"author":[{"embeddable":true,"href":"https:\/\/fadeu.urantiacos.cl\/en\/wp-json\/wp\/v2\/users\/1"}],"replies":[{"embeddable":true,"href":"https:\/\/fadeu.urantiacos.cl\/en\/wp-json\/wp\/v2\/comments?post=9942"}],"version-history":[{"count":1,"href":"https:\/\/fadeu.urantiacos.cl\/en\/wp-json\/wp\/v2\/posts\/9942\/revisions"}],"predecessor-version":[{"id":9945,"href":"https:\/\/fadeu.urantiacos.cl\/en\/wp-json\/wp\/v2\/posts\/9942\/revisions\/9945"}],"wp:featuredmedia":[{"embeddable":true,"href":"https:\/\/fadeu.urantiacos.cl\/en\/wp-json\/wp\/v2\/media\/9943"}],"wp:attachment":[{"href":"https:\/\/fadeu.urantiacos.cl\/en\/wp-json\/wp\/v2\/media?parent=9942"}],"wp:term":[{"taxonomy":"category","embeddable":true,"href":"https:\/\/fadeu.urantiacos.cl\/en\/wp-json\/wp\/v2\/categories?post=9942"},{"taxonomy":"post_tag","embeddable":true,"href":"https:\/\/fadeu.urantiacos.cl\/en\/wp-json\/wp\/v2\/tags?post=9942"}],"curies":[{"name":"wp","href":"https:\/\/api.w.org\/{rel}","templated":true}]}}