{"id":9939,"date":"2019-11-15T22:06:00","date_gmt":"2019-11-16T01:06:00","guid":{"rendered":"https:\/\/fadeu.urantiacos.cl\/?p=9939"},"modified":"2023-09-13T22:08:13","modified_gmt":"2023-09-14T01:08:13","slug":"decanato-informa-13","status":"publish","type":"post","link":"https:\/\/fadeu.urantiacos.cl\/en\/2019\/11\/15\/decanato-informa-13\/","title":{"rendered":"Decanato Informa 13"},"content":{"rendered":"\n<figure class=\"wp-block-image size-full\"><img decoding=\"async\" width=\"350\" height=\"250\" src=\"https:\/\/fadeu.urantiacos.cl\/wp-content\/uploads\/2023\/09\/76619239_1229227757269362_4586089611071062016_n.jpg\" alt=\"\" class=\"wp-image-9940\" srcset=\"https:\/\/fadeu.urantiacos.cl\/wp-content\/uploads\/2023\/09\/76619239_1229227757269362_4586089611071062016_n.jpg 350w, https:\/\/fadeu.urantiacos.cl\/wp-content\/uploads\/2023\/09\/76619239_1229227757269362_4586089611071062016_n-300x214.jpg 300w\" sizes=\"(max-width: 350px) 100vw, 350px\" \/><\/figure>\n\n\n\n<p>Mantenemos la esperanza de que nuestros campus volver\u00e1n a ser espacios de reflexi\u00f3n y encuentro para toda la comunidad FADEU, y para ello esperamos retomar las actividades acad\u00e9micas y administrativas el pr\u00f3ximo lunes 18 de noviembre.<\/p>\n\n\n\n<p>Estamos preocupados y atentos a la contingencia nacional como a las condiciones de nuestros estudiantes, docentes, administrativos y profesionales, quienes siempre podr\u00e1n encontrar en nosotros el apoyo y la disponibilidad para enfrentar estos dif\u00edciles momentos.<\/p>\n\n\n\n<p>Esperamos que los encuentros de reflexi\u00f3n, di\u00e1logo y autocr\u00edtica, que se han podido generar en las semanas pasadas, nos fortalezcan como cuerpo para enfrentar el futuro con responsabilidad.&nbsp;<\/p>\n\n\n\n<p>Cualquier modificaci\u00f3n ser\u00e1 informada oportunamente a trav\u00e9s de los canales oficiales de la UC, FADEU y Unidades Acad\u00e9micas, en sus webs y redes sociales.&nbsp;<\/p>\n\n\n\n<p>Saludos,<\/p>\n\n\n\n<p>Mario Ubilla S.<\/p>\n\n\n\n<p>Decano<\/p>\n\n\n\n<p>Facultad de Arquitectura, Dise\u00f1o y Estudios Urbanos<\/p>\n","protected":false},"excerpt":{"rendered":"<p>Estimada comunidad FADEU:<\/p>\n<p>Como ha sido comunicado a trav\u00e9s del mail enviado por Rector\u00eda, los Campus incluyendo el de Lo Contador, han estado cerrados el d\u00eda de hoy y permanecer\u00e1n as\u00ed hasta el viernes 15 de noviembre.<\/p>\n","protected":false},"author":1,"featured_media":9940,"comment_status":"open","ping_status":"open","sticky":false,"template":"","format":"standard","meta":{"_acf_changed":false,"footnotes":""},"categories":[1],"tags":[],"class_list":["post-9939","post","type-post","status-publish","format-standard","has-post-thumbnail","hentry","category-sin-categorizar"],"acf":[],"yoast_head":"<!-- This site is optimized with the Yoast SEO plugin v27.1.1 - https:\/\/yoast.com\/product\/yoast-seo-wordpress\/ -->\n<title>Decanato Informa 13 - Facultad de Arquitectura, Dise\u00f1o y Estudios Urbanos<\/title>\n<meta name=\"description\" content=\"Estimada comunidad FADEU: Como ha sido comunicado a trav\u00e9s del mail enviado por Rector\u00eda, los Campus incluyendo el de Lo Contador, han estado cerrados el d\u00eda de hoy y permanecer\u00e1n as\u00ed hasta el viernes 15 de noviembre.\" \/>\n<meta name=\"robots\" content=\"index, follow, max-snippet:-1, max-image-preview:large, max-video-preview:-1\" \/>\n<link rel=\"canonical\" href=\"https:\/\/fadeu.urantiacos.cl\/en\/2019\/11\/15\/decanato-informa-13\/\" \/>\n<meta property=\"og:locale\" content=\"en_US\" \/>\n<meta property=\"og:type\" content=\"article\" \/>\n<meta property=\"og:title\" content=\"Decanato Informa 13 - Facultad de Arquitectura, Dise\u00f1o y Estudios Urbanos\" \/>\n<meta property=\"og:description\" content=\"Estimada comunidad FADEU: Como ha sido comunicado a trav\u00e9s del mail enviado por Rector\u00eda, los Campus incluyendo el de Lo Contador, han estado cerrados el d\u00eda de hoy y permanecer\u00e1n as\u00ed hasta el viernes 15 de noviembre.\" \/>\n<meta property=\"og:url\" content=\"https:\/\/fadeu.urantiacos.cl\/en\/2019\/11\/15\/decanato-informa-13\/\" \/>\n<meta property=\"og:site_name\" content=\"Facultad de Arquitectura, Dise\u00f1o y Estudios Urbanos\" \/>\n<meta property=\"article:published_time\" content=\"2019-11-16T01:06:00+00:00\" \/>\n<meta property=\"article:modified_time\" content=\"2023-09-14T01:08:13+00:00\" \/>\n<meta property=\"og:image\" content=\"https:\/\/fadeu.urantiacos.cl\/wp-content\/uploads\/2023\/09\/76619239_1229227757269362_4586089611071062016_n.jpg\" \/>\n\t<meta property=\"og:image:width\" content=\"350\" \/>\n\t<meta property=\"og:image:height\" content=\"250\" \/>\n\t<meta property=\"og:image:type\" content=\"image\/jpeg\" \/>\n<meta name=\"author\" content=\"manadmin\" \/>\n<meta name=\"twitter:card\" content=\"summary_large_image\" \/>\n<meta name=\"twitter:label1\" content=\"Written by\" \/>\n\t<meta name=\"twitter:data1\" content=\"manadmin\" \/>\n\t<meta name=\"twitter:label2\" content=\"Est. reading time\" \/>\n\t<meta name=\"twitter:data2\" content=\"1 minute\" \/>\n<script type=\"application\/ld+json\" class=\"yoast-schema-graph\">{\"@context\":\"https:\/\/schema.org\",\"@graph\":[{\"@type\":\"Article\",\"@id\":\"https:\/\/fadeu.urantiacos.cl\/en\/2019\/11\/15\/decanato-informa-13\/#article\",\"isPartOf\":{\"@id\":\"https:\/\/fadeu.urantiacos.cl\/en\/2019\/11\/15\/decanato-informa-13\/\"},\"author\":{\"name\":\"manadmin\",\"@id\":\"https:\/\/fadeu.urantiacos.cl\/en\/#\/schema\/person\/d203e2e84b1c40275eac77b3061a19a2\"},\"headline\":\"Decanato Informa 13\",\"datePublished\":\"2019-11-16T01:06:00+00:00\",\"dateModified\":\"2023-09-14T01:08:13+00:00\",\"mainEntityOfPage\":{\"@id\":\"https:\/\/fadeu.urantiacos.cl\/en\/2019\/11\/15\/decanato-informa-13\/\"},\"wordCount\":151,\"commentCount\":0,\"image\":{\"@id\":\"https:\/\/fadeu.urantiacos.cl\/en\/2019\/11\/15\/decanato-informa-13\/#primaryimage\"},\"thumbnailUrl\":\"https:\/\/fadeu.urantiacos.cl\/wp-content\/uploads\/2023\/09\/76619239_1229227757269362_4586089611071062016_n.jpg\",\"articleSection\":[\"Sin categorizar\"],\"inLanguage\":\"en-US\",\"potentialAction\":[{\"@type\":\"CommentAction\",\"name\":\"Comment\",\"target\":[\"https:\/\/fadeu.urantiacos.cl\/en\/2019\/11\/15\/decanato-informa-13\/#respond\"]}]},{\"@type\":\"WebPage\",\"@id\":\"https:\/\/fadeu.urantiacos.cl\/en\/2019\/11\/15\/decanato-informa-13\/\",\"url\":\"https:\/\/fadeu.urantiacos.cl\/en\/2019\/11\/15\/decanato-informa-13\/\",\"name\":\"Decanato Informa 13 - Facultad de Arquitectura, Dise\u00f1o y Estudios Urbanos\",\"isPartOf\":{\"@id\":\"https:\/\/fadeu.urantiacos.cl\/en\/#website\"},\"primaryImageOfPage\":{\"@id\":\"https:\/\/fadeu.urantiacos.cl\/en\/2019\/11\/15\/decanato-informa-13\/#primaryimage\"},\"image\":{\"@id\":\"https:\/\/fadeu.urantiacos.cl\/en\/2019\/11\/15\/decanato-informa-13\/#primaryimage\"},\"thumbnailUrl\":\"https:\/\/fadeu.urantiacos.cl\/wp-content\/uploads\/2023\/09\/76619239_1229227757269362_4586089611071062016_n.jpg\",\"datePublished\":\"2019-11-16T01:06:00+00:00\",\"dateModified\":\"2023-09-14T01:08:13+00:00\",\"author\":{\"@id\":\"https:\/\/fadeu.urantiacos.cl\/en\/#\/schema\/person\/d203e2e84b1c40275eac77b3061a19a2\"},\"description\":\"Estimada comunidad FADEU: Como ha sido comunicado a trav\u00e9s del mail enviado por Rector\u00eda, los Campus incluyendo el de Lo Contador, han estado cerrados el d\u00eda de hoy y permanecer\u00e1n as\u00ed hasta el viernes 15 de noviembre.\",\"breadcrumb\":{\"@id\":\"https:\/\/fadeu.urantiacos.cl\/en\/2019\/11\/15\/decanato-informa-13\/#breadcrumb\"},\"inLanguage\":\"en-US\",\"potentialAction\":[{\"@type\":\"ReadAction\",\"target\":[\"https:\/\/fadeu.urantiacos.cl\/en\/2019\/11\/15\/decanato-informa-13\/\"]}]},{\"@type\":\"ImageObject\",\"inLanguage\":\"en-US\",\"@id\":\"https:\/\/fadeu.urantiacos.cl\/en\/2019\/11\/15\/decanato-informa-13\/#primaryimage\",\"url\":\"https:\/\/fadeu.urantiacos.cl\/wp-content\/uploads\/2023\/09\/76619239_1229227757269362_4586089611071062016_n.jpg\",\"contentUrl\":\"https:\/\/fadeu.urantiacos.cl\/wp-content\/uploads\/2023\/09\/76619239_1229227757269362_4586089611071062016_n.jpg\",\"width\":350,\"height\":250},{\"@type\":\"BreadcrumbList\",\"@id\":\"https:\/\/fadeu.urantiacos.cl\/en\/2019\/11\/15\/decanato-informa-13\/#breadcrumb\",\"itemListElement\":[{\"@type\":\"ListItem\",\"position\":1,\"name\":\"Portada\",\"item\":\"https:\/\/fadeu.urantiacos.cl\/en\/\"},{\"@type\":\"ListItem\",\"position\":2,\"name\":\"Decanato Informa 13\"}]},{\"@type\":\"WebSite\",\"@id\":\"https:\/\/fadeu.urantiacos.cl\/en\/#website\",\"url\":\"https:\/\/fadeu.urantiacos.cl\/en\/\",\"name\":\"Facultad de Arquitectura, Dise\u00f1o y Estudios Urbanos\",\"description\":\"Campus Lo Contador\",\"potentialAction\":[{\"@type\":\"SearchAction\",\"target\":{\"@type\":\"EntryPoint\",\"urlTemplate\":\"https:\/\/fadeu.urantiacos.cl\/en\/?s={search_term_string}\"},\"query-input\":{\"@type\":\"PropertyValueSpecification\",\"valueRequired\":true,\"valueName\":\"search_term_string\"}}],\"inLanguage\":\"en-US\"},{\"@type\":\"Person\",\"@id\":\"https:\/\/fadeu.urantiacos.cl\/en\/#\/schema\/person\/d203e2e84b1c40275eac77b3061a19a2\",\"name\":\"manadmin\",\"image\":{\"@type\":\"ImageObject\",\"inLanguage\":\"en-US\",\"@id\":\"https:\/\/fadeu.urantiacos.cl\/en\/#\/schema\/person\/image\/\",\"url\":\"https:\/\/secure.gravatar.com\/avatar\/4b1d8e3303b4a9d8968ac578947d8bc80d9aea359f388cdd4aac15cadc0e8447?s=96&d=mm&r=g\",\"contentUrl\":\"https:\/\/secure.gravatar.com\/avatar\/4b1d8e3303b4a9d8968ac578947d8bc80d9aea359f388cdd4aac15cadc0e8447?s=96&d=mm&r=g\",\"caption\":\"manadmin\"},\"sameAs\":[\"https:\/\/fadeu.urantiacos.cl\"]}]}<\/script>\n<!-- \/ Yoast SEO plugin. -->","yoast_head_json":{"title":"Decanato Informa 13 - Facultad de Arquitectura, Dise\u00f1o y Estudios Urbanos","description":"Estimada comunidad FADEU: Como ha sido comunicado a trav\u00e9s del mail enviado por Rector\u00eda, los Campus incluyendo el de Lo Contador, han estado cerrados el d\u00eda de hoy y permanecer\u00e1n as\u00ed hasta el viernes 15 de noviembre.","robots":{"index":"index","follow":"follow","max-snippet":"max-snippet:-1","max-image-preview":"max-image-preview:large","max-video-preview":"max-video-preview:-1"},"canonical":"https:\/\/fadeu.urantiacos.cl\/en\/2019\/11\/15\/decanato-informa-13\/","og_locale":"en_US","og_type":"article","og_title":"Decanato Informa 13 - Facultad de Arquitectura, Dise\u00f1o y Estudios Urbanos","og_description":"Estimada comunidad FADEU: Como ha sido comunicado a trav\u00e9s del mail enviado por Rector\u00eda, los Campus incluyendo el de Lo Contador, han estado cerrados el d\u00eda de hoy y permanecer\u00e1n as\u00ed hasta el viernes 15 de noviembre.","og_url":"https:\/\/fadeu.urantiacos.cl\/en\/2019\/11\/15\/decanato-informa-13\/","og_site_name":"Facultad de Arquitectura, Dise\u00f1o y Estudios Urbanos","article_published_time":"2019-11-16T01:06:00+00:00","article_modified_time":"2023-09-14T01:08:13+00:00","og_image":[{"width":350,"height":250,"url":"https:\/\/fadeu.urantiacos.cl\/wp-content\/uploads\/2023\/09\/76619239_1229227757269362_4586089611071062016_n.jpg","type":"image\/jpeg"}],"author":"manadmin","twitter_card":"summary_large_image","twitter_misc":{"Written by":"manadmin","Est. reading time":"1 minute"},"schema":{"@context":"https:\/\/schema.org","@graph":[{"@type":"Article","@id":"https:\/\/fadeu.urantiacos.cl\/en\/2019\/11\/15\/decanato-informa-13\/#article","isPartOf":{"@id":"https:\/\/fadeu.urantiacos.cl\/en\/2019\/11\/15\/decanato-informa-13\/"},"author":{"name":"manadmin","@id":"https:\/\/fadeu.urantiacos.cl\/en\/#\/schema\/person\/d203e2e84b1c40275eac77b3061a19a2"},"headline":"Decanato Informa 13","datePublished":"2019-11-16T01:06:00+00:00","dateModified":"2023-09-14T01:08:13+00:00","mainEntityOfPage":{"@id":"https:\/\/fadeu.urantiacos.cl\/en\/2019\/11\/15\/decanato-informa-13\/"},"wordCount":151,"commentCount":0,"image":{"@id":"https:\/\/fadeu.urantiacos.cl\/en\/2019\/11\/15\/decanato-informa-13\/#primaryimage"},"thumbnailUrl":"https:\/\/fadeu.urantiacos.cl\/wp-content\/uploads\/2023\/09\/76619239_1229227757269362_4586089611071062016_n.jpg","articleSection":["Sin categorizar"],"inLanguage":"en-US","potentialAction":[{"@type":"CommentAction","name":"Comment","target":["https:\/\/fadeu.urantiacos.cl\/en\/2019\/11\/15\/decanato-informa-13\/#respond"]}]},{"@type":"WebPage","@id":"https:\/\/fadeu.urantiacos.cl\/en\/2019\/11\/15\/decanato-informa-13\/","url":"https:\/\/fadeu.urantiacos.cl\/en\/2019\/11\/15\/decanato-informa-13\/","name":"Decanato Informa 13 - Facultad de Arquitectura, Dise\u00f1o y Estudios Urbanos","isPartOf":{"@id":"https:\/\/fadeu.urantiacos.cl\/en\/#website"},"primaryImageOfPage":{"@id":"https:\/\/fadeu.urantiacos.cl\/en\/2019\/11\/15\/decanato-informa-13\/#primaryimage"},"image":{"@id":"https:\/\/fadeu.urantiacos.cl\/en\/2019\/11\/15\/decanato-informa-13\/#primaryimage"},"thumbnailUrl":"https:\/\/fadeu.urantiacos.cl\/wp-content\/uploads\/2023\/09\/76619239_1229227757269362_4586089611071062016_n.jpg","datePublished":"2019-11-16T01:06:00+00:00","dateModified":"2023-09-14T01:08:13+00:00","author":{"@id":"https:\/\/fadeu.urantiacos.cl\/en\/#\/schema\/person\/d203e2e84b1c40275eac77b3061a19a2"},"description":"Estimada comunidad FADEU: Como ha sido comunicado a trav\u00e9s del mail enviado por Rector\u00eda, los Campus incluyendo el de Lo Contador, han estado cerrados el d\u00eda de hoy y permanecer\u00e1n as\u00ed hasta el viernes 15 de noviembre.","breadcrumb":{"@id":"https:\/\/fadeu.urantiacos.cl\/en\/2019\/11\/15\/decanato-informa-13\/#breadcrumb"},"inLanguage":"en-US","potentialAction":[{"@type":"ReadAction","target":["https:\/\/fadeu.urantiacos.cl\/en\/2019\/11\/15\/decanato-informa-13\/"]}]},{"@type":"ImageObject","inLanguage":"en-US","@id":"https:\/\/fadeu.urantiacos.cl\/en\/2019\/11\/15\/decanato-informa-13\/#primaryimage","url":"https:\/\/fadeu.urantiacos.cl\/wp-content\/uploads\/2023\/09\/76619239_1229227757269362_4586089611071062016_n.jpg","contentUrl":"https:\/\/fadeu.urantiacos.cl\/wp-content\/uploads\/2023\/09\/76619239_1229227757269362_4586089611071062016_n.jpg","width":350,"height":250},{"@type":"BreadcrumbList","@id":"https:\/\/fadeu.urantiacos.cl\/en\/2019\/11\/15\/decanato-informa-13\/#breadcrumb","itemListElement":[{"@type":"ListItem","position":1,"name":"Portada","item":"https:\/\/fadeu.urantiacos.cl\/en\/"},{"@type":"ListItem","position":2,"name":"Decanato Informa 13"}]},{"@type":"WebSite","@id":"https:\/\/fadeu.urantiacos.cl\/en\/#website","url":"https:\/\/fadeu.urantiacos.cl\/en\/","name":"Facultad de Arquitectura, Dise\u00f1o y Estudios Urbanos","description":"Campus Lo Contador","potentialAction":[{"@type":"SearchAction","target":{"@type":"EntryPoint","urlTemplate":"https:\/\/fadeu.urantiacos.cl\/en\/?s={search_term_string}"},"query-input":{"@type":"PropertyValueSpecification","valueRequired":true,"valueName":"search_term_string"}}],"inLanguage":"en-US"},{"@type":"Person","@id":"https:\/\/fadeu.urantiacos.cl\/en\/#\/schema\/person\/d203e2e84b1c40275eac77b3061a19a2","name":"manadmin","image":{"@type":"ImageObject","inLanguage":"en-US","@id":"https:\/\/fadeu.urantiacos.cl\/en\/#\/schema\/person\/image\/","url":"https:\/\/secure.gravatar.com\/avatar\/4b1d8e3303b4a9d8968ac578947d8bc80d9aea359f388cdd4aac15cadc0e8447?s=96&d=mm&r=g","contentUrl":"https:\/\/secure.gravatar.com\/avatar\/4b1d8e3303b4a9d8968ac578947d8bc80d9aea359f388cdd4aac15cadc0e8447?s=96&d=mm&r=g","caption":"manadmin"},"sameAs":["https:\/\/fadeu.urantiacos.cl"]}]}},"_links":{"self":[{"href":"https:\/\/fadeu.urantiacos.cl\/en\/wp-json\/wp\/v2\/posts\/9939","targetHints":{"allow":["GET"]}}],"collection":[{"href":"https:\/\/fadeu.urantiacos.cl\/en\/wp-json\/wp\/v2\/posts"}],"about":[{"href":"https:\/\/fadeu.urantiacos.cl\/en\/wp-json\/wp\/v2\/types\/post"}],"author":[{"embeddable":true,"href":"https:\/\/fadeu.urantiacos.cl\/en\/wp-json\/wp\/v2\/users\/1"}],"replies":[{"embeddable":true,"href":"https:\/\/fadeu.urantiacos.cl\/en\/wp-json\/wp\/v2\/comments?post=9939"}],"version-history":[{"count":1,"href":"https:\/\/fadeu.urantiacos.cl\/en\/wp-json\/wp\/v2\/posts\/9939\/revisions"}],"predecessor-version":[{"id":9941,"href":"https:\/\/fadeu.urantiacos.cl\/en\/wp-json\/wp\/v2\/posts\/9939\/revisions\/9941"}],"wp:featuredmedia":[{"embeddable":true,"href":"https:\/\/fadeu.urantiacos.cl\/en\/wp-json\/wp\/v2\/media\/9940"}],"wp:attachment":[{"href":"https:\/\/fadeu.urantiacos.cl\/en\/wp-json\/wp\/v2\/media?parent=9939"}],"wp:term":[{"taxonomy":"category","embeddable":true,"href":"https:\/\/fadeu.urantiacos.cl\/en\/wp-json\/wp\/v2\/categories?post=9939"},{"taxonomy":"post_tag","embeddable":true,"href":"https:\/\/fadeu.urantiacos.cl\/en\/wp-json\/wp\/v2\/tags?post=9939"}],"curies":[{"name":"wp","href":"https:\/\/api.w.org\/{rel}","templated":true}]}}