{"id":9933,"date":"2019-11-18T22:02:00","date_gmt":"2019-11-19T01:02:00","guid":{"rendered":"https:\/\/fadeu.urantiacos.cl\/?p=9933"},"modified":"2023-10-23T08:47:21","modified_gmt":"2023-10-23T11:47:21","slug":"diseno-uc-presente-en-cumulus-2019","status":"publish","type":"post","link":"https:\/\/fadeu.urantiacos.cl\/en\/2019\/11\/18\/diseno-uc-presente-en-cumulus-2019\/","title":{"rendered":"Dise\u00f1o UC presente en Cumulus 2019"},"content":{"rendered":"\n<figure class=\"wp-block-image size-full\"><img decoding=\"async\" width=\"350\" height=\"250\" src=\"https:\/\/fadeu.urantiacos.cl\/wp-content\/uploads\/2023\/09\/WhatsApp-Image-2019-11-13-at-12.53.40-CHICA.jpg\" alt=\"\" class=\"wp-image-9934\" srcset=\"https:\/\/fadeu.urantiacos.cl\/wp-content\/uploads\/2023\/09\/WhatsApp-Image-2019-11-13-at-12.53.40-CHICA.jpg 350w, https:\/\/fadeu.urantiacos.cl\/wp-content\/uploads\/2023\/09\/WhatsApp-Image-2019-11-13-at-12.53.40-CHICA-300x214.jpg 300w\" sizes=\"(max-width: 350px) 100vw, 350px\" \/><\/figure>\n\n\n\n<p>Desafiar y replantear un camino desde el Dise\u00f1o para entregar soluciones a problemas sociales, econ\u00f3micos, ambientales y culturales que aquejan al mundo, fue la propuesta de la conferencia global Cumulus 2019: The Design After, que por primera vez se realiz\u00f3 en Colombia, en la Universidad de los Andes a principios de noviembre.<\/p>\n\n\n\n<p>Una cita obligada para Dise\u00f1o UC, cuya delegaci\u00f3n estuvo representada por el Director de la Escuela, Rodrigo Ram\u00edrez, el Jefe del Magister en Dise\u00f1o Avanzado, Alberto Gonz\u00e1lez y el docente y miembro del board de Cumulus, Jos\u00e9 Allard.<\/p>\n\n\n\n<p>Adem\u00e1s, como keynote speaker estuvo presentando el docente Mart\u00edn Tironi, quien problematiz\u00f3 el concepto de Smart City, haciendo hincapi\u00e9 en el peligro de la dependencia de datos que est\u00e1 en el adn de las smart cities.<\/p>\n\n\n\n<p>En el marco de Cumulus 2019, tambi\u00e9n se llev\u00f3 a cabo una reuni\u00f3n entre Decanos y acad\u00e9micos pertenecientes a las universidades de la Triada \u2013<a href=\"https:\/\/uniandes.edu.co\/\">Universidad de Los Andes de Colombia,<\/a>&nbsp;<a href=\"https:\/\/www.uc.cl\/\">Pontificia Universidad Cat\u00f3lica de Chile&nbsp;<\/a>y el&nbsp;<a href=\"https:\/\/tec.mx\/es\">Tecnol\u00f3gico de Monterrey de M\u00e9xico<\/a>, que tuvo como objeto establecer l\u00edneas de trabajo colaborativas que permitan iniciar proyectos comunes.<\/p>\n\n\n\n<p><a href=\"https:\/\/diseno.uc.cl\/wp\/wp-content\/uploads\/2019\/11\/WhatsApp-Image-2019-11-13-at-12.53.40.jpeg\">&nbsp;<\/a><\/p>\n\n\n\n<p>\u201cEste encuentro es de suma relevancia para nuestra escuela en cuanto te vincula con tus pares alrededor del mundo. Es una instancia \u00fanica que permite visibilizar las tem\u00e1ticas que abordan las diferentes instituciones desde sus propios contextos\u201d, explica Rodrigo Ram\u00edrez, Director de Dise\u00f1o UC.<\/p>\n\n\n\n<p>Por su parte, el docente Jos\u00e9 Allard, quien es adem\u00e1s miembro del board del directorio de esta instituci\u00f3n, destac\u00f3 que fue la primera reuni\u00f3n con el nuevo directorio electo y con su nueva Presidenta, Mariana Amatullo.<\/p>\n\n\n\n<p><a href=\"https:\/\/diseno.uc.cl\/wp\/wp-content\/uploads\/2019\/11\/WhatsApp-Image-2019-11-13-at-12.53.42-1.jpeg\">&nbsp;<\/a><\/p>\n\n\n\n<p><strong>El tema<\/strong><\/p>\n\n\n\n<p>THE DESIGN AFTER invit\u00f3 a los m\u00e1s de 300 participantes a reflexionar en relaci\u00f3n al momento de expansi\u00f3n, reconocimiento, mutaci\u00f3n e integraci\u00f3n que vive el dise\u00f1o, conserva su identidad y logra trascender el \u00e1mbito de lo tangible para hacerse forma de pensamiento o di\u00e1logo, situando al dise\u00f1o en esta transici\u00f3n, en un cruce de fronteras, en un h\u00e1bitat contradictorio y vital.<\/p>\n\n\n\n<p>El evento se desarroll\u00f3 a trav\u00e9s de cinco l\u00edneas de investigaci\u00f3n: Sensing the City, Sensing the Rural; Somewhere, Nowhere, Anyone, Everyone; Fiction and De-innovation; Design and Counterculture y Biodiversity-Driven Design.<\/p>\n\n\n\n<p>INFORMACI\u00d3N PERIOD\u00cdSTICA<br>ESCUELA DE DISE\u00d1O<\/p>\n","protected":false},"excerpt":{"rendered":"<p>Cumulus 2019: The Design After, la conferencia a nivel global m\u00e1s importante para el dise\u00f1o, cont\u00f3 con la participaci\u00f3n especial de docentes de la Escuela. Llevada a cabo entre el pasado 30 de octubre y 1 de noviembre en la Universidad de los Andes, en Colombia, busc\u00f3 reflexionar sobre el rol que hoy juega el dise\u00f1o en relaci\u00f3n a su impacto real en el mundo, adem\u00e1s de participar en la deconstrucci\u00f3n de planteamientos y procesos.<\/p>\n","protected":false},"author":1,"featured_media":9934,"comment_status":"open","ping_status":"open","sticky":false,"template":"","format":"standard","meta":{"_acf_changed":false,"footnotes":""},"categories":[1],"tags":[],"class_list":["post-9933","post","type-post","status-publish","format-standard","has-post-thumbnail","hentry","category-sin-categorizar"],"acf":[],"yoast_head":"<!-- This site is optimized with the Yoast SEO plugin v27.1.1 - https:\/\/yoast.com\/product\/yoast-seo-wordpress\/ -->\n<title>Dise\u00f1o UC presente en Cumulus 2019 - Facultad de Arquitectura, Dise\u00f1o y Estudios Urbanos<\/title>\n<meta name=\"description\" content=\"Cumulus 2019: The Design After, la conferencia a nivel global m\u00e1s importante para el dise\u00f1o, cont\u00f3 con la participaci\u00f3n especial de docentes de la Escuela. Llevada a cabo entre el pasado 30 de octubre y 1 de noviembre en la Universidad de los Andes, en Colombia, busc\u00f3 reflexionar sobre el rol que hoy juega el dise\u00f1o en relaci\u00f3n a su impacto real en el mundo, adem\u00e1s de participar en la deconstrucci\u00f3n de planteamientos y procesos.\" \/>\n<meta name=\"robots\" content=\"index, follow, max-snippet:-1, max-image-preview:large, max-video-preview:-1\" \/>\n<link rel=\"canonical\" href=\"https:\/\/fadeu.urantiacos.cl\/en\/2019\/11\/18\/diseno-uc-presente-en-cumulus-2019\/\" \/>\n<meta property=\"og:locale\" content=\"en_US\" \/>\n<meta property=\"og:type\" content=\"article\" \/>\n<meta property=\"og:title\" content=\"Dise\u00f1o UC presente en Cumulus 2019 - Facultad de Arquitectura, Dise\u00f1o y Estudios Urbanos\" \/>\n<meta property=\"og:description\" content=\"Cumulus 2019: The Design After, la conferencia a nivel global m\u00e1s importante para el dise\u00f1o, cont\u00f3 con la participaci\u00f3n especial de docentes de la Escuela. Llevada a cabo entre el pasado 30 de octubre y 1 de noviembre en la Universidad de los Andes, en Colombia, busc\u00f3 reflexionar sobre el rol que hoy juega el dise\u00f1o en relaci\u00f3n a su impacto real en el mundo, adem\u00e1s de participar en la deconstrucci\u00f3n de planteamientos y procesos.\" \/>\n<meta property=\"og:url\" content=\"https:\/\/fadeu.urantiacos.cl\/en\/2019\/11\/18\/diseno-uc-presente-en-cumulus-2019\/\" \/>\n<meta property=\"og:site_name\" content=\"Facultad de Arquitectura, Dise\u00f1o y Estudios Urbanos\" \/>\n<meta property=\"article:published_time\" content=\"2019-11-19T01:02:00+00:00\" \/>\n<meta property=\"article:modified_time\" content=\"2023-10-23T11:47:21+00:00\" \/>\n<meta property=\"og:image\" content=\"https:\/\/fadeu.urantiacos.cl\/wp-content\/uploads\/2023\/09\/WhatsApp-Image-2019-11-13-at-12.53.40-CHICA.jpg\" \/>\n\t<meta property=\"og:image:width\" content=\"350\" \/>\n\t<meta property=\"og:image:height\" content=\"250\" \/>\n\t<meta property=\"og:image:type\" content=\"image\/jpeg\" \/>\n<meta name=\"author\" content=\"manadmin\" \/>\n<meta name=\"twitter:card\" content=\"summary_large_image\" \/>\n<meta name=\"twitter:label1\" content=\"Written by\" \/>\n\t<meta name=\"twitter:data1\" content=\"manadmin\" \/>\n\t<meta name=\"twitter:label2\" content=\"Est. reading time\" \/>\n\t<meta name=\"twitter:data2\" content=\"2 minutes\" \/>\n<script type=\"application\/ld+json\" class=\"yoast-schema-graph\">{\"@context\":\"https:\/\/schema.org\",\"@graph\":[{\"@type\":\"Article\",\"@id\":\"https:\/\/fadeu.urantiacos.cl\/en\/2019\/11\/18\/diseno-uc-presente-en-cumulus-2019\/#article\",\"isPartOf\":{\"@id\":\"https:\/\/fadeu.urantiacos.cl\/en\/2019\/11\/18\/diseno-uc-presente-en-cumulus-2019\/\"},\"author\":{\"name\":\"manadmin\",\"@id\":\"https:\/\/fadeu.urantiacos.cl\/en\/#\/schema\/person\/d203e2e84b1c40275eac77b3061a19a2\"},\"headline\":\"Dise\u00f1o UC presente en Cumulus 2019\",\"datePublished\":\"2019-11-19T01:02:00+00:00\",\"dateModified\":\"2023-10-23T11:47:21+00:00\",\"mainEntityOfPage\":{\"@id\":\"https:\/\/fadeu.urantiacos.cl\/en\/2019\/11\/18\/diseno-uc-presente-en-cumulus-2019\/\"},\"wordCount\":405,\"commentCount\":0,\"image\":{\"@id\":\"https:\/\/fadeu.urantiacos.cl\/en\/2019\/11\/18\/diseno-uc-presente-en-cumulus-2019\/#primaryimage\"},\"thumbnailUrl\":\"https:\/\/fadeu.urantiacos.cl\/wp-content\/uploads\/2023\/09\/WhatsApp-Image-2019-11-13-at-12.53.40-CHICA.jpg\",\"articleSection\":[\"Sin categorizar\"],\"inLanguage\":\"en-US\",\"potentialAction\":[{\"@type\":\"CommentAction\",\"name\":\"Comment\",\"target\":[\"https:\/\/fadeu.urantiacos.cl\/en\/2019\/11\/18\/diseno-uc-presente-en-cumulus-2019\/#respond\"]}]},{\"@type\":\"WebPage\",\"@id\":\"https:\/\/fadeu.urantiacos.cl\/en\/2019\/11\/18\/diseno-uc-presente-en-cumulus-2019\/\",\"url\":\"https:\/\/fadeu.urantiacos.cl\/en\/2019\/11\/18\/diseno-uc-presente-en-cumulus-2019\/\",\"name\":\"Dise\u00f1o UC presente en Cumulus 2019 - Facultad de Arquitectura, Dise\u00f1o y Estudios Urbanos\",\"isPartOf\":{\"@id\":\"https:\/\/fadeu.urantiacos.cl\/en\/#website\"},\"primaryImageOfPage\":{\"@id\":\"https:\/\/fadeu.urantiacos.cl\/en\/2019\/11\/18\/diseno-uc-presente-en-cumulus-2019\/#primaryimage\"},\"image\":{\"@id\":\"https:\/\/fadeu.urantiacos.cl\/en\/2019\/11\/18\/diseno-uc-presente-en-cumulus-2019\/#primaryimage\"},\"thumbnailUrl\":\"https:\/\/fadeu.urantiacos.cl\/wp-content\/uploads\/2023\/09\/WhatsApp-Image-2019-11-13-at-12.53.40-CHICA.jpg\",\"datePublished\":\"2019-11-19T01:02:00+00:00\",\"dateModified\":\"2023-10-23T11:47:21+00:00\",\"author\":{\"@id\":\"https:\/\/fadeu.urantiacos.cl\/en\/#\/schema\/person\/d203e2e84b1c40275eac77b3061a19a2\"},\"description\":\"Cumulus 2019: The Design After, la conferencia a nivel global m\u00e1s importante para el dise\u00f1o, cont\u00f3 con la participaci\u00f3n especial de docentes de la Escuela. Llevada a cabo entre el pasado 30 de octubre y 1 de noviembre en la Universidad de los Andes, en Colombia, busc\u00f3 reflexionar sobre el rol que hoy juega el dise\u00f1o en relaci\u00f3n a su impacto real en el mundo, adem\u00e1s de participar en la deconstrucci\u00f3n de planteamientos y procesos.\",\"breadcrumb\":{\"@id\":\"https:\/\/fadeu.urantiacos.cl\/en\/2019\/11\/18\/diseno-uc-presente-en-cumulus-2019\/#breadcrumb\"},\"inLanguage\":\"en-US\",\"potentialAction\":[{\"@type\":\"ReadAction\",\"target\":[\"https:\/\/fadeu.urantiacos.cl\/en\/2019\/11\/18\/diseno-uc-presente-en-cumulus-2019\/\"]}]},{\"@type\":\"ImageObject\",\"inLanguage\":\"en-US\",\"@id\":\"https:\/\/fadeu.urantiacos.cl\/en\/2019\/11\/18\/diseno-uc-presente-en-cumulus-2019\/#primaryimage\",\"url\":\"https:\/\/fadeu.urantiacos.cl\/wp-content\/uploads\/2023\/09\/WhatsApp-Image-2019-11-13-at-12.53.40-CHICA.jpg\",\"contentUrl\":\"https:\/\/fadeu.urantiacos.cl\/wp-content\/uploads\/2023\/09\/WhatsApp-Image-2019-11-13-at-12.53.40-CHICA.jpg\",\"width\":350,\"height\":250},{\"@type\":\"BreadcrumbList\",\"@id\":\"https:\/\/fadeu.urantiacos.cl\/en\/2019\/11\/18\/diseno-uc-presente-en-cumulus-2019\/#breadcrumb\",\"itemListElement\":[{\"@type\":\"ListItem\",\"position\":1,\"name\":\"Portada\",\"item\":\"https:\/\/fadeu.urantiacos.cl\/en\/\"},{\"@type\":\"ListItem\",\"position\":2,\"name\":\"Dise\u00f1o UC presente en Cumulus 2019\"}]},{\"@type\":\"WebSite\",\"@id\":\"https:\/\/fadeu.urantiacos.cl\/en\/#website\",\"url\":\"https:\/\/fadeu.urantiacos.cl\/en\/\",\"name\":\"Facultad de Arquitectura, Dise\u00f1o y Estudios Urbanos\",\"description\":\"Campus Lo Contador\",\"potentialAction\":[{\"@type\":\"SearchAction\",\"target\":{\"@type\":\"EntryPoint\",\"urlTemplate\":\"https:\/\/fadeu.urantiacos.cl\/en\/?s={search_term_string}\"},\"query-input\":{\"@type\":\"PropertyValueSpecification\",\"valueRequired\":true,\"valueName\":\"search_term_string\"}}],\"inLanguage\":\"en-US\"},{\"@type\":\"Person\",\"@id\":\"https:\/\/fadeu.urantiacos.cl\/en\/#\/schema\/person\/d203e2e84b1c40275eac77b3061a19a2\",\"name\":\"manadmin\",\"image\":{\"@type\":\"ImageObject\",\"inLanguage\":\"en-US\",\"@id\":\"https:\/\/fadeu.urantiacos.cl\/en\/#\/schema\/person\/image\/\",\"url\":\"https:\/\/secure.gravatar.com\/avatar\/4b1d8e3303b4a9d8968ac578947d8bc80d9aea359f388cdd4aac15cadc0e8447?s=96&d=mm&r=g\",\"contentUrl\":\"https:\/\/secure.gravatar.com\/avatar\/4b1d8e3303b4a9d8968ac578947d8bc80d9aea359f388cdd4aac15cadc0e8447?s=96&d=mm&r=g\",\"caption\":\"manadmin\"},\"sameAs\":[\"https:\/\/fadeu.urantiacos.cl\"]}]}<\/script>\n<!-- \/ Yoast SEO plugin. -->","yoast_head_json":{"title":"Dise\u00f1o UC presente en Cumulus 2019 - Facultad de Arquitectura, Dise\u00f1o y Estudios Urbanos","description":"Cumulus 2019: The Design After, la conferencia a nivel global m\u00e1s importante para el dise\u00f1o, cont\u00f3 con la participaci\u00f3n especial de docentes de la Escuela. Llevada a cabo entre el pasado 30 de octubre y 1 de noviembre en la Universidad de los Andes, en Colombia, busc\u00f3 reflexionar sobre el rol que hoy juega el dise\u00f1o en relaci\u00f3n a su impacto real en el mundo, adem\u00e1s de participar en la deconstrucci\u00f3n de planteamientos y procesos.","robots":{"index":"index","follow":"follow","max-snippet":"max-snippet:-1","max-image-preview":"max-image-preview:large","max-video-preview":"max-video-preview:-1"},"canonical":"https:\/\/fadeu.urantiacos.cl\/en\/2019\/11\/18\/diseno-uc-presente-en-cumulus-2019\/","og_locale":"en_US","og_type":"article","og_title":"Dise\u00f1o UC presente en Cumulus 2019 - Facultad de Arquitectura, Dise\u00f1o y Estudios Urbanos","og_description":"Cumulus 2019: The Design After, la conferencia a nivel global m\u00e1s importante para el dise\u00f1o, cont\u00f3 con la participaci\u00f3n especial de docentes de la Escuela. Llevada a cabo entre el pasado 30 de octubre y 1 de noviembre en la Universidad de los Andes, en Colombia, busc\u00f3 reflexionar sobre el rol que hoy juega el dise\u00f1o en relaci\u00f3n a su impacto real en el mundo, adem\u00e1s de participar en la deconstrucci\u00f3n de planteamientos y procesos.","og_url":"https:\/\/fadeu.urantiacos.cl\/en\/2019\/11\/18\/diseno-uc-presente-en-cumulus-2019\/","og_site_name":"Facultad de Arquitectura, Dise\u00f1o y Estudios Urbanos","article_published_time":"2019-11-19T01:02:00+00:00","article_modified_time":"2023-10-23T11:47:21+00:00","og_image":[{"width":350,"height":250,"url":"https:\/\/fadeu.urantiacos.cl\/wp-content\/uploads\/2023\/09\/WhatsApp-Image-2019-11-13-at-12.53.40-CHICA.jpg","type":"image\/jpeg"}],"author":"manadmin","twitter_card":"summary_large_image","twitter_misc":{"Written by":"manadmin","Est. reading time":"2 minutes"},"schema":{"@context":"https:\/\/schema.org","@graph":[{"@type":"Article","@id":"https:\/\/fadeu.urantiacos.cl\/en\/2019\/11\/18\/diseno-uc-presente-en-cumulus-2019\/#article","isPartOf":{"@id":"https:\/\/fadeu.urantiacos.cl\/en\/2019\/11\/18\/diseno-uc-presente-en-cumulus-2019\/"},"author":{"name":"manadmin","@id":"https:\/\/fadeu.urantiacos.cl\/en\/#\/schema\/person\/d203e2e84b1c40275eac77b3061a19a2"},"headline":"Dise\u00f1o UC presente en Cumulus 2019","datePublished":"2019-11-19T01:02:00+00:00","dateModified":"2023-10-23T11:47:21+00:00","mainEntityOfPage":{"@id":"https:\/\/fadeu.urantiacos.cl\/en\/2019\/11\/18\/diseno-uc-presente-en-cumulus-2019\/"},"wordCount":405,"commentCount":0,"image":{"@id":"https:\/\/fadeu.urantiacos.cl\/en\/2019\/11\/18\/diseno-uc-presente-en-cumulus-2019\/#primaryimage"},"thumbnailUrl":"https:\/\/fadeu.urantiacos.cl\/wp-content\/uploads\/2023\/09\/WhatsApp-Image-2019-11-13-at-12.53.40-CHICA.jpg","articleSection":["Sin categorizar"],"inLanguage":"en-US","potentialAction":[{"@type":"CommentAction","name":"Comment","target":["https:\/\/fadeu.urantiacos.cl\/en\/2019\/11\/18\/diseno-uc-presente-en-cumulus-2019\/#respond"]}]},{"@type":"WebPage","@id":"https:\/\/fadeu.urantiacos.cl\/en\/2019\/11\/18\/diseno-uc-presente-en-cumulus-2019\/","url":"https:\/\/fadeu.urantiacos.cl\/en\/2019\/11\/18\/diseno-uc-presente-en-cumulus-2019\/","name":"Dise\u00f1o UC presente en Cumulus 2019 - Facultad de Arquitectura, Dise\u00f1o y Estudios Urbanos","isPartOf":{"@id":"https:\/\/fadeu.urantiacos.cl\/en\/#website"},"primaryImageOfPage":{"@id":"https:\/\/fadeu.urantiacos.cl\/en\/2019\/11\/18\/diseno-uc-presente-en-cumulus-2019\/#primaryimage"},"image":{"@id":"https:\/\/fadeu.urantiacos.cl\/en\/2019\/11\/18\/diseno-uc-presente-en-cumulus-2019\/#primaryimage"},"thumbnailUrl":"https:\/\/fadeu.urantiacos.cl\/wp-content\/uploads\/2023\/09\/WhatsApp-Image-2019-11-13-at-12.53.40-CHICA.jpg","datePublished":"2019-11-19T01:02:00+00:00","dateModified":"2023-10-23T11:47:21+00:00","author":{"@id":"https:\/\/fadeu.urantiacos.cl\/en\/#\/schema\/person\/d203e2e84b1c40275eac77b3061a19a2"},"description":"Cumulus 2019: The Design After, la conferencia a nivel global m\u00e1s importante para el dise\u00f1o, cont\u00f3 con la participaci\u00f3n especial de docentes de la Escuela. Llevada a cabo entre el pasado 30 de octubre y 1 de noviembre en la Universidad de los Andes, en Colombia, busc\u00f3 reflexionar sobre el rol que hoy juega el dise\u00f1o en relaci\u00f3n a su impacto real en el mundo, adem\u00e1s de participar en la deconstrucci\u00f3n de planteamientos y procesos.","breadcrumb":{"@id":"https:\/\/fadeu.urantiacos.cl\/en\/2019\/11\/18\/diseno-uc-presente-en-cumulus-2019\/#breadcrumb"},"inLanguage":"en-US","potentialAction":[{"@type":"ReadAction","target":["https:\/\/fadeu.urantiacos.cl\/en\/2019\/11\/18\/diseno-uc-presente-en-cumulus-2019\/"]}]},{"@type":"ImageObject","inLanguage":"en-US","@id":"https:\/\/fadeu.urantiacos.cl\/en\/2019\/11\/18\/diseno-uc-presente-en-cumulus-2019\/#primaryimage","url":"https:\/\/fadeu.urantiacos.cl\/wp-content\/uploads\/2023\/09\/WhatsApp-Image-2019-11-13-at-12.53.40-CHICA.jpg","contentUrl":"https:\/\/fadeu.urantiacos.cl\/wp-content\/uploads\/2023\/09\/WhatsApp-Image-2019-11-13-at-12.53.40-CHICA.jpg","width":350,"height":250},{"@type":"BreadcrumbList","@id":"https:\/\/fadeu.urantiacos.cl\/en\/2019\/11\/18\/diseno-uc-presente-en-cumulus-2019\/#breadcrumb","itemListElement":[{"@type":"ListItem","position":1,"name":"Portada","item":"https:\/\/fadeu.urantiacos.cl\/en\/"},{"@type":"ListItem","position":2,"name":"Dise\u00f1o UC presente en Cumulus 2019"}]},{"@type":"WebSite","@id":"https:\/\/fadeu.urantiacos.cl\/en\/#website","url":"https:\/\/fadeu.urantiacos.cl\/en\/","name":"Facultad de Arquitectura, Dise\u00f1o y Estudios Urbanos","description":"Campus Lo Contador","potentialAction":[{"@type":"SearchAction","target":{"@type":"EntryPoint","urlTemplate":"https:\/\/fadeu.urantiacos.cl\/en\/?s={search_term_string}"},"query-input":{"@type":"PropertyValueSpecification","valueRequired":true,"valueName":"search_term_string"}}],"inLanguage":"en-US"},{"@type":"Person","@id":"https:\/\/fadeu.urantiacos.cl\/en\/#\/schema\/person\/d203e2e84b1c40275eac77b3061a19a2","name":"manadmin","image":{"@type":"ImageObject","inLanguage":"en-US","@id":"https:\/\/fadeu.urantiacos.cl\/en\/#\/schema\/person\/image\/","url":"https:\/\/secure.gravatar.com\/avatar\/4b1d8e3303b4a9d8968ac578947d8bc80d9aea359f388cdd4aac15cadc0e8447?s=96&d=mm&r=g","contentUrl":"https:\/\/secure.gravatar.com\/avatar\/4b1d8e3303b4a9d8968ac578947d8bc80d9aea359f388cdd4aac15cadc0e8447?s=96&d=mm&r=g","caption":"manadmin"},"sameAs":["https:\/\/fadeu.urantiacos.cl"]}]}},"_links":{"self":[{"href":"https:\/\/fadeu.urantiacos.cl\/en\/wp-json\/wp\/v2\/posts\/9933","targetHints":{"allow":["GET"]}}],"collection":[{"href":"https:\/\/fadeu.urantiacos.cl\/en\/wp-json\/wp\/v2\/posts"}],"about":[{"href":"https:\/\/fadeu.urantiacos.cl\/en\/wp-json\/wp\/v2\/types\/post"}],"author":[{"embeddable":true,"href":"https:\/\/fadeu.urantiacos.cl\/en\/wp-json\/wp\/v2\/users\/1"}],"replies":[{"embeddable":true,"href":"https:\/\/fadeu.urantiacos.cl\/en\/wp-json\/wp\/v2\/comments?post=9933"}],"version-history":[{"count":2,"href":"https:\/\/fadeu.urantiacos.cl\/en\/wp-json\/wp\/v2\/posts\/9933\/revisions"}],"predecessor-version":[{"id":17299,"href":"https:\/\/fadeu.urantiacos.cl\/en\/wp-json\/wp\/v2\/posts\/9933\/revisions\/17299"}],"wp:featuredmedia":[{"embeddable":true,"href":"https:\/\/fadeu.urantiacos.cl\/en\/wp-json\/wp\/v2\/media\/9934"}],"wp:attachment":[{"href":"https:\/\/fadeu.urantiacos.cl\/en\/wp-json\/wp\/v2\/media?parent=9933"}],"wp:term":[{"taxonomy":"category","embeddable":true,"href":"https:\/\/fadeu.urantiacos.cl\/en\/wp-json\/wp\/v2\/categories?post=9933"},{"taxonomy":"post_tag","embeddable":true,"href":"https:\/\/fadeu.urantiacos.cl\/en\/wp-json\/wp\/v2\/tags?post=9933"}],"curies":[{"name":"wp","href":"https:\/\/api.w.org\/{rel}","templated":true}]}}