{"id":9902,"date":"2019-11-20T21:44:00","date_gmt":"2019-11-21T00:44:00","guid":{"rendered":"https:\/\/fadeu.urantiacos.cl\/?p=9902"},"modified":"2023-09-13T21:46:19","modified_gmt":"2023-09-14T00:46:19","slug":"proyecto-adjudicado-por-el-centro-del-patrimonio-cultural-uc-hara-un-levantamiento-del-patrimonio-regional-del-maule","status":"publish","type":"post","link":"https:\/\/fadeu.urantiacos.cl\/en\/2019\/11\/20\/proyecto-adjudicado-por-el-centro-del-patrimonio-cultural-uc-hara-un-levantamiento-del-patrimonio-regional-del-maule\/","title":{"rendered":"Proyecto adjudicado por el Centro del Patrimonio Cultural UC har\u00e1 un levantamiento del Patrimonio regional del Maule"},"content":{"rendered":"\n<figure class=\"wp-block-image size-full\"><img decoding=\"async\" width=\"350\" height=\"250\" src=\"https:\/\/fadeu.urantiacos.cl\/wp-content\/uploads\/2023\/09\/Laguna_Maule_foto_nota.jpg\" alt=\"\" class=\"wp-image-9903\" srcset=\"https:\/\/fadeu.urantiacos.cl\/wp-content\/uploads\/2023\/09\/Laguna_Maule_foto_nota.jpg 350w, https:\/\/fadeu.urantiacos.cl\/wp-content\/uploads\/2023\/09\/Laguna_Maule_foto_nota-300x214.jpg 300w\" sizes=\"(max-width: 350px) 100vw, 350px\" \/><\/figure>\n\n\n\n<p>\u201cEste trabajo es muy importante para el Centro del Patrimonio y para la Universidad, porque en \u00e9l ensayamos tanto la dimensi\u00f3n te\u00f3rica como pr\u00e1ctica del quehacer universitario, testeando metodolog\u00edas de participaci\u00f3n y modelamiento de datos; este trabajo constituye un aporte al pa\u00eds, en este caso a la regi\u00f3n del Maule, porque sus resultados ser\u00e1n insumos valiosos para la toma de decisiones de las autoridades que tienen a su cargo la tutela de este territorio\u201d, afirm\u00f3 el Director del Centro del Patrimonio Cultural UC, Umberto Bonomo.<\/p>\n\n\n\n<p>El acad\u00e9mico sostuvo, adem\u00e1s, que \u201cvamos a hacer un catastro y levantamiento del patrimonio regional, material, inmaterial, y tambi\u00e9n natural, etnogr\u00e1fico y paleontol\u00f3gico, con un equipo interdisciplinario destinado a desarrollar un proceso participativo importante con la comunidad regional, y as\u00ed construir una visi\u00f3n compartida del patrimonio de la zona, levantando una imagen que queremos consolidar en este plan, para lo cual tendremos que desplegarnos y conversar con diversas organizaciones de la sociedad civil, organismos del Estado, municipalidades y otros\u201d.<\/p>\n\n\n\n<p>INFORMACI\u00d3N PERIOD\u00cdSTICA<br>JUAN ANDR\u00c9S INZUNZA<\/p>\n","protected":false},"excerpt":{"rendered":"<p>Con el objetivo de impulsar la salvaguarda y sostenibilidad del sistema patrimonial de la Regi\u00f3n del Maule, el Centro del Patrimonio Cultural de la Universidad Cat\u00f3lica se ha adjudicado un proyecto licitado por el Gobierno Regional del Maule.  Adem\u00e1s del Centro del Patrimonio, el equipo de trabajo del proyecto est\u00e1 conformado por el Observatorio de Ciudades UC (OCUC), los profesores Christian Matus y Carolina Rojas del Instituto de Estudios Urbanos y Territoriales UC; adem\u00e1s del profesor Roberto Campbell de la Escuela de Antropolog\u00eda UC; quienes trabajar\u00e1n para identificar, caracterizar y priorizar el patrimonio existente en dicha regi\u00f3n, generando un plan de salvaguarda del sistema patrimonial regional, as\u00ed como un plan comunicacional y de gesti\u00f3n para la difusi\u00f3n del patrimonio.<\/p>\n","protected":false},"author":1,"featured_media":9903,"comment_status":"closed","ping_status":"open","sticky":false,"template":"","format":"standard","meta":{"_acf_changed":false,"footnotes":""},"categories":[1],"tags":[],"class_list":["post-9902","post","type-post","status-publish","format-standard","has-post-thumbnail","hentry","category-sin-categorizar"],"acf":[],"yoast_head":"<!-- This site is optimized with the Yoast SEO plugin v27.1.1 - https:\/\/yoast.com\/product\/yoast-seo-wordpress\/ -->\n<title>Proyecto adjudicado por el Centro del Patrimonio Cultural UC har\u00e1 un levantamiento del Patrimonio regional del Maule - Facultad de Arquitectura, Dise\u00f1o y Estudios Urbanos<\/title>\n<meta name=\"description\" content=\"Con el objetivo de impulsar la salvaguarda y sostenibilidad del sistema patrimonial de la Regi\u00f3n del Maule, el Centro del Patrimonio Cultural de la Universidad Cat\u00f3lica se ha adjudicado un proyecto licitado por el Gobierno Regional del Maule. Adem\u00e1s del Centro del Patrimonio, el equipo de trabajo del proyecto est\u00e1 conformado por el Observatorio de Ciudades UC (OCUC), los profesores Christian Matus y Carolina Rojas del Instituto de Estudios Urbanos y Territoriales UC; adem\u00e1s del profesor Roberto Campbell de la Escuela de Antropolog\u00eda UC; quienes trabajar\u00e1n para identificar, caracterizar y priorizar el patrimonio existente en dicha regi\u00f3n, generando un plan de salvaguarda del sistema patrimonial regional, as\u00ed como un plan comunicacional y de gesti\u00f3n para la difusi\u00f3n del patrimonio.\" \/>\n<meta name=\"robots\" content=\"index, follow, max-snippet:-1, max-image-preview:large, max-video-preview:-1\" \/>\n<link rel=\"canonical\" href=\"https:\/\/fadeu.urantiacos.cl\/en\/2019\/11\/20\/proyecto-adjudicado-por-el-centro-del-patrimonio-cultural-uc-hara-un-levantamiento-del-patrimonio-regional-del-maule\/\" \/>\n<meta property=\"og:locale\" content=\"en_US\" \/>\n<meta property=\"og:type\" content=\"article\" \/>\n<meta property=\"og:title\" content=\"Proyecto adjudicado por el Centro del Patrimonio Cultural UC har\u00e1 un levantamiento del Patrimonio regional del Maule - Facultad de Arquitectura, Dise\u00f1o y Estudios Urbanos\" \/>\n<meta property=\"og:description\" content=\"Con el objetivo de impulsar la salvaguarda y sostenibilidad del sistema patrimonial de la Regi\u00f3n del Maule, el Centro del Patrimonio Cultural de la Universidad Cat\u00f3lica se ha adjudicado un proyecto licitado por el Gobierno Regional del Maule. Adem\u00e1s del Centro del Patrimonio, el equipo de trabajo del proyecto est\u00e1 conformado por el Observatorio de Ciudades UC (OCUC), los profesores Christian Matus y Carolina Rojas del Instituto de Estudios Urbanos y Territoriales UC; adem\u00e1s del profesor Roberto Campbell de la Escuela de Antropolog\u00eda UC; quienes trabajar\u00e1n para identificar, caracterizar y priorizar el patrimonio existente en dicha regi\u00f3n, generando un plan de salvaguarda del sistema patrimonial regional, as\u00ed como un plan comunicacional y de gesti\u00f3n para la difusi\u00f3n del patrimonio.\" \/>\n<meta property=\"og:url\" content=\"https:\/\/fadeu.urantiacos.cl\/en\/2019\/11\/20\/proyecto-adjudicado-por-el-centro-del-patrimonio-cultural-uc-hara-un-levantamiento-del-patrimonio-regional-del-maule\/\" \/>\n<meta property=\"og:site_name\" content=\"Facultad de Arquitectura, Dise\u00f1o y Estudios Urbanos\" \/>\n<meta property=\"article:published_time\" content=\"2019-11-21T00:44:00+00:00\" \/>\n<meta property=\"article:modified_time\" content=\"2023-09-14T00:46:19+00:00\" \/>\n<meta property=\"og:image\" content=\"https:\/\/fadeu.urantiacos.cl\/wp-content\/uploads\/2023\/09\/Laguna_Maule_foto_nota.jpg\" \/>\n\t<meta property=\"og:image:width\" content=\"350\" \/>\n\t<meta property=\"og:image:height\" content=\"250\" \/>\n\t<meta property=\"og:image:type\" content=\"image\/jpeg\" \/>\n<meta name=\"author\" content=\"manadmin\" \/>\n<meta name=\"twitter:card\" content=\"summary_large_image\" \/>\n<meta name=\"twitter:label1\" content=\"Written by\" \/>\n\t<meta name=\"twitter:data1\" content=\"manadmin\" \/>\n\t<meta name=\"twitter:label2\" content=\"Est. reading time\" \/>\n\t<meta name=\"twitter:data2\" content=\"1 minute\" \/>\n<script type=\"application\/ld+json\" class=\"yoast-schema-graph\">{\"@context\":\"https:\/\/schema.org\",\"@graph\":[{\"@type\":\"Article\",\"@id\":\"https:\/\/fadeu.urantiacos.cl\/en\/2019\/11\/20\/proyecto-adjudicado-por-el-centro-del-patrimonio-cultural-uc-hara-un-levantamiento-del-patrimonio-regional-del-maule\/#article\",\"isPartOf\":{\"@id\":\"https:\/\/fadeu.urantiacos.cl\/en\/2019\/11\/20\/proyecto-adjudicado-por-el-centro-del-patrimonio-cultural-uc-hara-un-levantamiento-del-patrimonio-regional-del-maule\/\"},\"author\":{\"name\":\"manadmin\",\"@id\":\"https:\/\/fadeu.urantiacos.cl\/en\/#\/schema\/person\/d203e2e84b1c40275eac77b3061a19a2\"},\"headline\":\"Proyecto adjudicado por el Centro del Patrimonio Cultural UC har\u00e1 un levantamiento del Patrimonio regional del Maule\",\"datePublished\":\"2019-11-21T00:44:00+00:00\",\"dateModified\":\"2023-09-14T00:46:19+00:00\",\"mainEntityOfPage\":{\"@id\":\"https:\/\/fadeu.urantiacos.cl\/en\/2019\/11\/20\/proyecto-adjudicado-por-el-centro-del-patrimonio-cultural-uc-hara-un-levantamiento-del-patrimonio-regional-del-maule\/\"},\"wordCount\":202,\"image\":{\"@id\":\"https:\/\/fadeu.urantiacos.cl\/en\/2019\/11\/20\/proyecto-adjudicado-por-el-centro-del-patrimonio-cultural-uc-hara-un-levantamiento-del-patrimonio-regional-del-maule\/#primaryimage\"},\"thumbnailUrl\":\"https:\/\/fadeu.urantiacos.cl\/wp-content\/uploads\/2023\/09\/Laguna_Maule_foto_nota.jpg\",\"articleSection\":[\"Sin categorizar\"],\"inLanguage\":\"en-US\"},{\"@type\":\"WebPage\",\"@id\":\"https:\/\/fadeu.urantiacos.cl\/en\/2019\/11\/20\/proyecto-adjudicado-por-el-centro-del-patrimonio-cultural-uc-hara-un-levantamiento-del-patrimonio-regional-del-maule\/\",\"url\":\"https:\/\/fadeu.urantiacos.cl\/en\/2019\/11\/20\/proyecto-adjudicado-por-el-centro-del-patrimonio-cultural-uc-hara-un-levantamiento-del-patrimonio-regional-del-maule\/\",\"name\":\"Proyecto adjudicado por el Centro del Patrimonio Cultural UC har\u00e1 un levantamiento del Patrimonio regional del Maule - Facultad de Arquitectura, Dise\u00f1o y Estudios Urbanos\",\"isPartOf\":{\"@id\":\"https:\/\/fadeu.urantiacos.cl\/en\/#website\"},\"primaryImageOfPage\":{\"@id\":\"https:\/\/fadeu.urantiacos.cl\/en\/2019\/11\/20\/proyecto-adjudicado-por-el-centro-del-patrimonio-cultural-uc-hara-un-levantamiento-del-patrimonio-regional-del-maule\/#primaryimage\"},\"image\":{\"@id\":\"https:\/\/fadeu.urantiacos.cl\/en\/2019\/11\/20\/proyecto-adjudicado-por-el-centro-del-patrimonio-cultural-uc-hara-un-levantamiento-del-patrimonio-regional-del-maule\/#primaryimage\"},\"thumbnailUrl\":\"https:\/\/fadeu.urantiacos.cl\/wp-content\/uploads\/2023\/09\/Laguna_Maule_foto_nota.jpg\",\"datePublished\":\"2019-11-21T00:44:00+00:00\",\"dateModified\":\"2023-09-14T00:46:19+00:00\",\"author\":{\"@id\":\"https:\/\/fadeu.urantiacos.cl\/en\/#\/schema\/person\/d203e2e84b1c40275eac77b3061a19a2\"},\"description\":\"Con el objetivo de impulsar la salvaguarda y sostenibilidad del sistema patrimonial de la Regi\u00f3n del Maule, el Centro del Patrimonio Cultural de la Universidad Cat\u00f3lica se ha adjudicado un proyecto licitado por el Gobierno Regional del Maule. Adem\u00e1s del Centro del Patrimonio, el equipo de trabajo del proyecto est\u00e1 conformado por el Observatorio de Ciudades UC (OCUC), los profesores Christian Matus y Carolina Rojas del Instituto de Estudios Urbanos y Territoriales UC; adem\u00e1s del profesor Roberto Campbell de la Escuela de Antropolog\u00eda UC; quienes trabajar\u00e1n para identificar, caracterizar y priorizar el patrimonio existente en dicha regi\u00f3n, generando un plan de salvaguarda del sistema patrimonial regional, as\u00ed como un plan comunicacional y de gesti\u00f3n para la difusi\u00f3n del patrimonio.\",\"breadcrumb\":{\"@id\":\"https:\/\/fadeu.urantiacos.cl\/en\/2019\/11\/20\/proyecto-adjudicado-por-el-centro-del-patrimonio-cultural-uc-hara-un-levantamiento-del-patrimonio-regional-del-maule\/#breadcrumb\"},\"inLanguage\":\"en-US\",\"potentialAction\":[{\"@type\":\"ReadAction\",\"target\":[\"https:\/\/fadeu.urantiacos.cl\/en\/2019\/11\/20\/proyecto-adjudicado-por-el-centro-del-patrimonio-cultural-uc-hara-un-levantamiento-del-patrimonio-regional-del-maule\/\"]}]},{\"@type\":\"ImageObject\",\"inLanguage\":\"en-US\",\"@id\":\"https:\/\/fadeu.urantiacos.cl\/en\/2019\/11\/20\/proyecto-adjudicado-por-el-centro-del-patrimonio-cultural-uc-hara-un-levantamiento-del-patrimonio-regional-del-maule\/#primaryimage\",\"url\":\"https:\/\/fadeu.urantiacos.cl\/wp-content\/uploads\/2023\/09\/Laguna_Maule_foto_nota.jpg\",\"contentUrl\":\"https:\/\/fadeu.urantiacos.cl\/wp-content\/uploads\/2023\/09\/Laguna_Maule_foto_nota.jpg\",\"width\":350,\"height\":250},{\"@type\":\"BreadcrumbList\",\"@id\":\"https:\/\/fadeu.urantiacos.cl\/en\/2019\/11\/20\/proyecto-adjudicado-por-el-centro-del-patrimonio-cultural-uc-hara-un-levantamiento-del-patrimonio-regional-del-maule\/#breadcrumb\",\"itemListElement\":[{\"@type\":\"ListItem\",\"position\":1,\"name\":\"Portada\",\"item\":\"https:\/\/fadeu.urantiacos.cl\/en\/\"},{\"@type\":\"ListItem\",\"position\":2,\"name\":\"Proyecto adjudicado por el Centro del Patrimonio Cultural UC har\u00e1 un levantamiento del Patrimonio regional del Maule\"}]},{\"@type\":\"WebSite\",\"@id\":\"https:\/\/fadeu.urantiacos.cl\/en\/#website\",\"url\":\"https:\/\/fadeu.urantiacos.cl\/en\/\",\"name\":\"Facultad de Arquitectura, Dise\u00f1o y Estudios Urbanos\",\"description\":\"Campus Lo Contador\",\"potentialAction\":[{\"@type\":\"SearchAction\",\"target\":{\"@type\":\"EntryPoint\",\"urlTemplate\":\"https:\/\/fadeu.urantiacos.cl\/en\/?s={search_term_string}\"},\"query-input\":{\"@type\":\"PropertyValueSpecification\",\"valueRequired\":true,\"valueName\":\"search_term_string\"}}],\"inLanguage\":\"en-US\"},{\"@type\":\"Person\",\"@id\":\"https:\/\/fadeu.urantiacos.cl\/en\/#\/schema\/person\/d203e2e84b1c40275eac77b3061a19a2\",\"name\":\"manadmin\",\"image\":{\"@type\":\"ImageObject\",\"inLanguage\":\"en-US\",\"@id\":\"https:\/\/fadeu.urantiacos.cl\/en\/#\/schema\/person\/image\/\",\"url\":\"https:\/\/secure.gravatar.com\/avatar\/4b1d8e3303b4a9d8968ac578947d8bc80d9aea359f388cdd4aac15cadc0e8447?s=96&d=mm&r=g\",\"contentUrl\":\"https:\/\/secure.gravatar.com\/avatar\/4b1d8e3303b4a9d8968ac578947d8bc80d9aea359f388cdd4aac15cadc0e8447?s=96&d=mm&r=g\",\"caption\":\"manadmin\"},\"sameAs\":[\"https:\/\/fadeu.urantiacos.cl\"]}]}<\/script>\n<!-- \/ Yoast SEO plugin. -->","yoast_head_json":{"title":"Proyecto adjudicado por el Centro del Patrimonio Cultural UC har\u00e1 un levantamiento del Patrimonio regional del Maule - Facultad de Arquitectura, Dise\u00f1o y Estudios Urbanos","description":"Con el objetivo de impulsar la salvaguarda y sostenibilidad del sistema patrimonial de la Regi\u00f3n del Maule, el Centro del Patrimonio Cultural de la Universidad Cat\u00f3lica se ha adjudicado un proyecto licitado por el Gobierno Regional del Maule. Adem\u00e1s del Centro del Patrimonio, el equipo de trabajo del proyecto est\u00e1 conformado por el Observatorio de Ciudades UC (OCUC), los profesores Christian Matus y Carolina Rojas del Instituto de Estudios Urbanos y Territoriales UC; adem\u00e1s del profesor Roberto Campbell de la Escuela de Antropolog\u00eda UC; quienes trabajar\u00e1n para identificar, caracterizar y priorizar el patrimonio existente en dicha regi\u00f3n, generando un plan de salvaguarda del sistema patrimonial regional, as\u00ed como un plan comunicacional y de gesti\u00f3n para la difusi\u00f3n del patrimonio.","robots":{"index":"index","follow":"follow","max-snippet":"max-snippet:-1","max-image-preview":"max-image-preview:large","max-video-preview":"max-video-preview:-1"},"canonical":"https:\/\/fadeu.urantiacos.cl\/en\/2019\/11\/20\/proyecto-adjudicado-por-el-centro-del-patrimonio-cultural-uc-hara-un-levantamiento-del-patrimonio-regional-del-maule\/","og_locale":"en_US","og_type":"article","og_title":"Proyecto adjudicado por el Centro del Patrimonio Cultural UC har\u00e1 un levantamiento del Patrimonio regional del Maule - Facultad de Arquitectura, Dise\u00f1o y Estudios Urbanos","og_description":"Con el objetivo de impulsar la salvaguarda y sostenibilidad del sistema patrimonial de la Regi\u00f3n del Maule, el Centro del Patrimonio Cultural de la Universidad Cat\u00f3lica se ha adjudicado un proyecto licitado por el Gobierno Regional del Maule. Adem\u00e1s del Centro del Patrimonio, el equipo de trabajo del proyecto est\u00e1 conformado por el Observatorio de Ciudades UC (OCUC), los profesores Christian Matus y Carolina Rojas del Instituto de Estudios Urbanos y Territoriales UC; adem\u00e1s del profesor Roberto Campbell de la Escuela de Antropolog\u00eda UC; quienes trabajar\u00e1n para identificar, caracterizar y priorizar el patrimonio existente en dicha regi\u00f3n, generando un plan de salvaguarda del sistema patrimonial regional, as\u00ed como un plan comunicacional y de gesti\u00f3n para la difusi\u00f3n del patrimonio.","og_url":"https:\/\/fadeu.urantiacos.cl\/en\/2019\/11\/20\/proyecto-adjudicado-por-el-centro-del-patrimonio-cultural-uc-hara-un-levantamiento-del-patrimonio-regional-del-maule\/","og_site_name":"Facultad de Arquitectura, Dise\u00f1o y Estudios Urbanos","article_published_time":"2019-11-21T00:44:00+00:00","article_modified_time":"2023-09-14T00:46:19+00:00","og_image":[{"width":350,"height":250,"url":"https:\/\/fadeu.urantiacos.cl\/wp-content\/uploads\/2023\/09\/Laguna_Maule_foto_nota.jpg","type":"image\/jpeg"}],"author":"manadmin","twitter_card":"summary_large_image","twitter_misc":{"Written by":"manadmin","Est. reading time":"1 minute"},"schema":{"@context":"https:\/\/schema.org","@graph":[{"@type":"Article","@id":"https:\/\/fadeu.urantiacos.cl\/en\/2019\/11\/20\/proyecto-adjudicado-por-el-centro-del-patrimonio-cultural-uc-hara-un-levantamiento-del-patrimonio-regional-del-maule\/#article","isPartOf":{"@id":"https:\/\/fadeu.urantiacos.cl\/en\/2019\/11\/20\/proyecto-adjudicado-por-el-centro-del-patrimonio-cultural-uc-hara-un-levantamiento-del-patrimonio-regional-del-maule\/"},"author":{"name":"manadmin","@id":"https:\/\/fadeu.urantiacos.cl\/en\/#\/schema\/person\/d203e2e84b1c40275eac77b3061a19a2"},"headline":"Proyecto adjudicado por el Centro del Patrimonio Cultural UC har\u00e1 un levantamiento del Patrimonio regional del Maule","datePublished":"2019-11-21T00:44:00+00:00","dateModified":"2023-09-14T00:46:19+00:00","mainEntityOfPage":{"@id":"https:\/\/fadeu.urantiacos.cl\/en\/2019\/11\/20\/proyecto-adjudicado-por-el-centro-del-patrimonio-cultural-uc-hara-un-levantamiento-del-patrimonio-regional-del-maule\/"},"wordCount":202,"image":{"@id":"https:\/\/fadeu.urantiacos.cl\/en\/2019\/11\/20\/proyecto-adjudicado-por-el-centro-del-patrimonio-cultural-uc-hara-un-levantamiento-del-patrimonio-regional-del-maule\/#primaryimage"},"thumbnailUrl":"https:\/\/fadeu.urantiacos.cl\/wp-content\/uploads\/2023\/09\/Laguna_Maule_foto_nota.jpg","articleSection":["Sin categorizar"],"inLanguage":"en-US"},{"@type":"WebPage","@id":"https:\/\/fadeu.urantiacos.cl\/en\/2019\/11\/20\/proyecto-adjudicado-por-el-centro-del-patrimonio-cultural-uc-hara-un-levantamiento-del-patrimonio-regional-del-maule\/","url":"https:\/\/fadeu.urantiacos.cl\/en\/2019\/11\/20\/proyecto-adjudicado-por-el-centro-del-patrimonio-cultural-uc-hara-un-levantamiento-del-patrimonio-regional-del-maule\/","name":"Proyecto adjudicado por el Centro del Patrimonio Cultural UC har\u00e1 un levantamiento del Patrimonio regional del Maule - Facultad de Arquitectura, Dise\u00f1o y Estudios Urbanos","isPartOf":{"@id":"https:\/\/fadeu.urantiacos.cl\/en\/#website"},"primaryImageOfPage":{"@id":"https:\/\/fadeu.urantiacos.cl\/en\/2019\/11\/20\/proyecto-adjudicado-por-el-centro-del-patrimonio-cultural-uc-hara-un-levantamiento-del-patrimonio-regional-del-maule\/#primaryimage"},"image":{"@id":"https:\/\/fadeu.urantiacos.cl\/en\/2019\/11\/20\/proyecto-adjudicado-por-el-centro-del-patrimonio-cultural-uc-hara-un-levantamiento-del-patrimonio-regional-del-maule\/#primaryimage"},"thumbnailUrl":"https:\/\/fadeu.urantiacos.cl\/wp-content\/uploads\/2023\/09\/Laguna_Maule_foto_nota.jpg","datePublished":"2019-11-21T00:44:00+00:00","dateModified":"2023-09-14T00:46:19+00:00","author":{"@id":"https:\/\/fadeu.urantiacos.cl\/en\/#\/schema\/person\/d203e2e84b1c40275eac77b3061a19a2"},"description":"Con el objetivo de impulsar la salvaguarda y sostenibilidad del sistema patrimonial de la Regi\u00f3n del Maule, el Centro del Patrimonio Cultural de la Universidad Cat\u00f3lica se ha adjudicado un proyecto licitado por el Gobierno Regional del Maule. Adem\u00e1s del Centro del Patrimonio, el equipo de trabajo del proyecto est\u00e1 conformado por el Observatorio de Ciudades UC (OCUC), los profesores Christian Matus y Carolina Rojas del Instituto de Estudios Urbanos y Territoriales UC; adem\u00e1s del profesor Roberto Campbell de la Escuela de Antropolog\u00eda UC; quienes trabajar\u00e1n para identificar, caracterizar y priorizar el patrimonio existente en dicha regi\u00f3n, generando un plan de salvaguarda del sistema patrimonial regional, as\u00ed como un plan comunicacional y de gesti\u00f3n para la difusi\u00f3n del patrimonio.","breadcrumb":{"@id":"https:\/\/fadeu.urantiacos.cl\/en\/2019\/11\/20\/proyecto-adjudicado-por-el-centro-del-patrimonio-cultural-uc-hara-un-levantamiento-del-patrimonio-regional-del-maule\/#breadcrumb"},"inLanguage":"en-US","potentialAction":[{"@type":"ReadAction","target":["https:\/\/fadeu.urantiacos.cl\/en\/2019\/11\/20\/proyecto-adjudicado-por-el-centro-del-patrimonio-cultural-uc-hara-un-levantamiento-del-patrimonio-regional-del-maule\/"]}]},{"@type":"ImageObject","inLanguage":"en-US","@id":"https:\/\/fadeu.urantiacos.cl\/en\/2019\/11\/20\/proyecto-adjudicado-por-el-centro-del-patrimonio-cultural-uc-hara-un-levantamiento-del-patrimonio-regional-del-maule\/#primaryimage","url":"https:\/\/fadeu.urantiacos.cl\/wp-content\/uploads\/2023\/09\/Laguna_Maule_foto_nota.jpg","contentUrl":"https:\/\/fadeu.urantiacos.cl\/wp-content\/uploads\/2023\/09\/Laguna_Maule_foto_nota.jpg","width":350,"height":250},{"@type":"BreadcrumbList","@id":"https:\/\/fadeu.urantiacos.cl\/en\/2019\/11\/20\/proyecto-adjudicado-por-el-centro-del-patrimonio-cultural-uc-hara-un-levantamiento-del-patrimonio-regional-del-maule\/#breadcrumb","itemListElement":[{"@type":"ListItem","position":1,"name":"Portada","item":"https:\/\/fadeu.urantiacos.cl\/en\/"},{"@type":"ListItem","position":2,"name":"Proyecto adjudicado por el Centro del Patrimonio Cultural UC har\u00e1 un levantamiento del Patrimonio regional del Maule"}]},{"@type":"WebSite","@id":"https:\/\/fadeu.urantiacos.cl\/en\/#website","url":"https:\/\/fadeu.urantiacos.cl\/en\/","name":"Facultad de Arquitectura, Dise\u00f1o y Estudios Urbanos","description":"Campus Lo Contador","potentialAction":[{"@type":"SearchAction","target":{"@type":"EntryPoint","urlTemplate":"https:\/\/fadeu.urantiacos.cl\/en\/?s={search_term_string}"},"query-input":{"@type":"PropertyValueSpecification","valueRequired":true,"valueName":"search_term_string"}}],"inLanguage":"en-US"},{"@type":"Person","@id":"https:\/\/fadeu.urantiacos.cl\/en\/#\/schema\/person\/d203e2e84b1c40275eac77b3061a19a2","name":"manadmin","image":{"@type":"ImageObject","inLanguage":"en-US","@id":"https:\/\/fadeu.urantiacos.cl\/en\/#\/schema\/person\/image\/","url":"https:\/\/secure.gravatar.com\/avatar\/4b1d8e3303b4a9d8968ac578947d8bc80d9aea359f388cdd4aac15cadc0e8447?s=96&d=mm&r=g","contentUrl":"https:\/\/secure.gravatar.com\/avatar\/4b1d8e3303b4a9d8968ac578947d8bc80d9aea359f388cdd4aac15cadc0e8447?s=96&d=mm&r=g","caption":"manadmin"},"sameAs":["https:\/\/fadeu.urantiacos.cl"]}]}},"_links":{"self":[{"href":"https:\/\/fadeu.urantiacos.cl\/en\/wp-json\/wp\/v2\/posts\/9902","targetHints":{"allow":["GET"]}}],"collection":[{"href":"https:\/\/fadeu.urantiacos.cl\/en\/wp-json\/wp\/v2\/posts"}],"about":[{"href":"https:\/\/fadeu.urantiacos.cl\/en\/wp-json\/wp\/v2\/types\/post"}],"author":[{"embeddable":true,"href":"https:\/\/fadeu.urantiacos.cl\/en\/wp-json\/wp\/v2\/users\/1"}],"replies":[{"embeddable":true,"href":"https:\/\/fadeu.urantiacos.cl\/en\/wp-json\/wp\/v2\/comments?post=9902"}],"version-history":[{"count":1,"href":"https:\/\/fadeu.urantiacos.cl\/en\/wp-json\/wp\/v2\/posts\/9902\/revisions"}],"predecessor-version":[{"id":9904,"href":"https:\/\/fadeu.urantiacos.cl\/en\/wp-json\/wp\/v2\/posts\/9902\/revisions\/9904"}],"wp:featuredmedia":[{"embeddable":true,"href":"https:\/\/fadeu.urantiacos.cl\/en\/wp-json\/wp\/v2\/media\/9903"}],"wp:attachment":[{"href":"https:\/\/fadeu.urantiacos.cl\/en\/wp-json\/wp\/v2\/media?parent=9902"}],"wp:term":[{"taxonomy":"category","embeddable":true,"href":"https:\/\/fadeu.urantiacos.cl\/en\/wp-json\/wp\/v2\/categories?post=9902"},{"taxonomy":"post_tag","embeddable":true,"href":"https:\/\/fadeu.urantiacos.cl\/en\/wp-json\/wp\/v2\/tags?post=9902"}],"curies":[{"name":"wp","href":"https:\/\/api.w.org\/{rel}","templated":true}]}}