{"id":9898,"date":"2019-11-21T21:41:00","date_gmt":"2019-11-22T00:41:00","guid":{"rendered":"https:\/\/fadeu.urantiacos.cl\/?p=9898"},"modified":"2023-09-13T21:44:37","modified_gmt":"2023-09-14T00:44:37","slug":"gran-presencia-de-diseno-uc-en-los-premios-chile-diseno-2019","status":"publish","type":"post","link":"https:\/\/fadeu.urantiacos.cl\/en\/2019\/11\/21\/gran-presencia-de-diseno-uc-en-los-premios-chile-diseno-2019\/","title":{"rendered":"Gran presencia de Dise\u00f1o UC en los premios Chile Dise\u00f1o 2019"},"content":{"rendered":"\n<figure class=\"wp-block-image size-full\"><img decoding=\"async\" width=\"350\" height=\"250\" src=\"https:\/\/fadeu.urantiacos.cl\/wp-content\/uploads\/2023\/09\/WhatsApp-Image-2019-11-19-at-10.28.39-1024x768-1.jpg\" alt=\"\" class=\"wp-image-9899\" srcset=\"https:\/\/fadeu.urantiacos.cl\/wp-content\/uploads\/2023\/09\/WhatsApp-Image-2019-11-19-at-10.28.39-1024x768-1.jpg 350w, https:\/\/fadeu.urantiacos.cl\/wp-content\/uploads\/2023\/09\/WhatsApp-Image-2019-11-19-at-10.28.39-1024x768-1-300x214.jpg 300w\" sizes=\"(max-width: 350px) 100vw, 350px\" \/><\/figure>\n\n\n\n<p>El pasado 19 de noviembre, en el Centro Cultural CorpArtes se desarroll\u00f3 la versi\u00f3n 2019 de los&nbsp;premios Chile Dise\u00f1o, en los que&nbsp;Dise\u00f1o UC&nbsp;tuvo un claro protagonismo de la mano de proyectos de impacto nacional, as\u00ed como tambi\u00e9n a trav\u00e9s de graduados que hacen de su trabajo, una experiencia de primer nivel, obteniendo reconocimiento en la mayor\u00eda de las categor\u00edas donde estuvieron nominados.<\/p>\n\n\n\n<p>El proyecto Puente Dise\u00f1o Empresa,&nbsp;plataforma que ayuda a las empresas a incorporar servicios de dise\u00f1o para conocer mejor a sus clientes, diversificar su matriz productiva y aumentar su competitividad, fue reconocido con el mayor galard\u00f3n entregado en la jornada,&nbsp;premio al Impacto al Dise\u00f1o.<\/p>\n\n\n\n<p>&nbsp;\u201cCuando hablamos de este proyecto, estamos hablando de innovaci\u00f3n, de una innovaci\u00f3n, que es la expresi\u00f3n del poder creativo de las redes urbanas. Puente Dise\u00f1o Empresa ha creado una red que re\u00fane a actores de mundos diversos, quienes en su conjunto poseen un capital innovativo que les permiten poner en marcha los cambios que se requieren en estos tiempos. El jurado con este premio posiciona, visibiliza e institucionaliza al Puente en el contexto de las pol\u00edticas p\u00fablicas de innovaci\u00f3n y fomento, quedando en las manos de todos la responsabilidad de promover el uso del dise\u00f1o como una herramienta estrat\u00e9gica para mejorar el desempe\u00f1o de los diversos sectores productivos del pa\u00eds\u201d, explica Katherine Mollenhauer, directora del proyecto y quien junto a un equipo multidisciplinario llev\u00f3 a cabo esta iniciativa que ya alberga la experiencia de m\u00e1s de 200 servicios de dise\u00f1o.<\/p>\n\n\n\n<p>Por su parte,&nbsp;Experiencia omnicanal del afiliado Caja Los Andes, se qued\u00f3 con el&nbsp;primer lugar de la categor\u00eda Dise\u00f1o de Servicios e Impacto Econ\u00f3mico.&nbsp;El proyecto,&nbsp;desarrollado por las docentes&nbsp;Bernardita Figueroa, Katherine Mollenhauer, Mercedes Rico y Roc\u00edo Salvatierra&nbsp;en colaboraci\u00f3n con&nbsp;Brandbook y Surandina,&nbsp;hab\u00eda sido reconocido anteriormente en los&nbsp;Service Design Award&nbsp;y busc\u00f3 proponer un enfoque metodol\u00f3gico que combin\u00f3 dise\u00f1o de servicios, dise\u00f1o de experiencia de usuario, dise\u00f1o de interiores y el an\u00e1lisis y definici\u00f3n de un modelo de gesti\u00f3n de la experiencia.<br><a href=\"https:\/\/diseno.uc.cl\/wp\/wp-content\/uploads\/2019\/11\/WhatsApp-Image-2019-11-19-at-16.59.52.jpeg\"><\/a><\/p>\n\n\n\n<p>En la categor\u00eda Academia, la graduada&nbsp;Sof\u00eda Garrido&nbsp;obtuvo un reconocimiento por su proyecto de t\u00edtulo&nbsp;Habitantes de la Imagen, una exhibici\u00f3n en construcci\u00f3n colectiva,&nbsp;un cuestionamiento al escenario en el que la convergencia entre smartphones y redes sociales genera cambios dr\u00e1sticos en los usos del registro fotogr\u00e1fico,&nbsp;pasando a vivir una realidad fotogr\u00e1fica, registrando gran parte de los sucesos que nos acontecen.&nbsp;<\/p>\n\n\n\n<figure class=\"wp-block-image size-large\"><img decoding=\"async\" width=\"1024\" height=\"768\" src=\"https:\/\/fadeu.urantiacos.cl\/wp-content\/uploads\/2023\/09\/EJvbQgBWoAEm1gH-1024x768.jpg\" alt=\"\" class=\"wp-image-9900\" srcset=\"https:\/\/fadeu.urantiacos.cl\/wp-content\/uploads\/2023\/09\/EJvbQgBWoAEm1gH-1024x768.jpg 1024w, https:\/\/fadeu.urantiacos.cl\/wp-content\/uploads\/2023\/09\/EJvbQgBWoAEm1gH-300x225.jpg 300w, https:\/\/fadeu.urantiacos.cl\/wp-content\/uploads\/2023\/09\/EJvbQgBWoAEm1gH-768x576.jpg 768w, https:\/\/fadeu.urantiacos.cl\/wp-content\/uploads\/2023\/09\/EJvbQgBWoAEm1gH-1536x1152.jpg 1536w, https:\/\/fadeu.urantiacos.cl\/wp-content\/uploads\/2023\/09\/EJvbQgBWoAEm1gH.jpg 1600w\" sizes=\"(max-width: 1024px) 100vw, 1024px\" \/><\/figure>\n\n\n\n<p>INFORMACI\u00d3N PERIOD\u00cdSTICA<br>ESCUELA DE DISE\u00d1O UC<\/p>\n","protected":false},"excerpt":{"rendered":"<p>Dise\u00f1o UC fue galardonada en diferentes categor\u00edas en la versi\u00f3n 2019 de los Premios Chile Dise\u00f1o.  Puente Dise\u00f1o Empresa y Experiencia omnicanal del afiliado Caja Los Andes, fueron algunos de los proyectos premiados en esta instancia.<\/p>\n","protected":false},"author":1,"featured_media":9899,"comment_status":"open","ping_status":"open","sticky":false,"template":"","format":"standard","meta":{"_acf_changed":false,"footnotes":""},"categories":[1],"tags":[],"class_list":["post-9898","post","type-post","status-publish","format-standard","has-post-thumbnail","hentry","category-sin-categorizar"],"acf":[],"yoast_head":"<!-- This site is optimized with the Yoast SEO plugin v27.1.1 - https:\/\/yoast.com\/product\/yoast-seo-wordpress\/ -->\n<title>Gran presencia de Dise\u00f1o UC en los premios Chile Dise\u00f1o 2019 - Facultad de Arquitectura, Dise\u00f1o y Estudios Urbanos<\/title>\n<meta name=\"description\" content=\"Dise\u00f1o UC fue galardonada en diferentes categor\u00edas en la versi\u00f3n 2019 de los Premios Chile Dise\u00f1o. Puente Dise\u00f1o Empresa y Experiencia omnicanal del afiliado Caja Los Andes, fueron algunos de los proyectos premiados en esta instancia.\" \/>\n<meta name=\"robots\" content=\"index, follow, max-snippet:-1, max-image-preview:large, max-video-preview:-1\" \/>\n<link rel=\"canonical\" href=\"https:\/\/fadeu.urantiacos.cl\/en\/2019\/11\/21\/gran-presencia-de-diseno-uc-en-los-premios-chile-diseno-2019\/\" \/>\n<meta property=\"og:locale\" content=\"en_US\" \/>\n<meta property=\"og:type\" content=\"article\" \/>\n<meta property=\"og:title\" content=\"Gran presencia de Dise\u00f1o UC en los premios Chile Dise\u00f1o 2019 - Facultad de Arquitectura, Dise\u00f1o y Estudios Urbanos\" \/>\n<meta property=\"og:description\" content=\"Dise\u00f1o UC fue galardonada en diferentes categor\u00edas en la versi\u00f3n 2019 de los Premios Chile Dise\u00f1o. Puente Dise\u00f1o Empresa y Experiencia omnicanal del afiliado Caja Los Andes, fueron algunos de los proyectos premiados en esta instancia.\" \/>\n<meta property=\"og:url\" content=\"https:\/\/fadeu.urantiacos.cl\/en\/2019\/11\/21\/gran-presencia-de-diseno-uc-en-los-premios-chile-diseno-2019\/\" \/>\n<meta property=\"og:site_name\" content=\"Facultad de Arquitectura, Dise\u00f1o y Estudios Urbanos\" \/>\n<meta property=\"article:published_time\" content=\"2019-11-22T00:41:00+00:00\" \/>\n<meta property=\"article:modified_time\" content=\"2023-09-14T00:44:37+00:00\" \/>\n<meta property=\"og:image\" content=\"https:\/\/fadeu.urantiacos.cl\/wp-content\/uploads\/2023\/09\/WhatsApp-Image-2019-11-19-at-10.28.39-1024x768-1.jpg\" \/>\n\t<meta property=\"og:image:width\" content=\"350\" \/>\n\t<meta property=\"og:image:height\" content=\"250\" \/>\n\t<meta property=\"og:image:type\" content=\"image\/jpeg\" \/>\n<meta name=\"author\" content=\"manadmin\" \/>\n<meta name=\"twitter:card\" content=\"summary_large_image\" \/>\n<meta name=\"twitter:label1\" content=\"Written by\" \/>\n\t<meta name=\"twitter:data1\" content=\"manadmin\" \/>\n\t<meta name=\"twitter:label2\" content=\"Est. reading time\" \/>\n\t<meta name=\"twitter:data2\" content=\"2 minutes\" \/>\n<script type=\"application\/ld+json\" class=\"yoast-schema-graph\">{\"@context\":\"https:\/\/schema.org\",\"@graph\":[{\"@type\":\"Article\",\"@id\":\"https:\/\/fadeu.urantiacos.cl\/en\/2019\/11\/21\/gran-presencia-de-diseno-uc-en-los-premios-chile-diseno-2019\/#article\",\"isPartOf\":{\"@id\":\"https:\/\/fadeu.urantiacos.cl\/en\/2019\/11\/21\/gran-presencia-de-diseno-uc-en-los-premios-chile-diseno-2019\/\"},\"author\":{\"name\":\"manadmin\",\"@id\":\"https:\/\/fadeu.urantiacos.cl\/en\/#\/schema\/person\/d203e2e84b1c40275eac77b3061a19a2\"},\"headline\":\"Gran presencia de Dise\u00f1o UC en los premios Chile Dise\u00f1o 2019\",\"datePublished\":\"2019-11-22T00:41:00+00:00\",\"dateModified\":\"2023-09-14T00:44:37+00:00\",\"mainEntityOfPage\":{\"@id\":\"https:\/\/fadeu.urantiacos.cl\/en\/2019\/11\/21\/gran-presencia-de-diseno-uc-en-los-premios-chile-diseno-2019\/\"},\"wordCount\":485,\"commentCount\":0,\"image\":{\"@id\":\"https:\/\/fadeu.urantiacos.cl\/en\/2019\/11\/21\/gran-presencia-de-diseno-uc-en-los-premios-chile-diseno-2019\/#primaryimage\"},\"thumbnailUrl\":\"https:\/\/fadeu.urantiacos.cl\/wp-content\/uploads\/2023\/09\/WhatsApp-Image-2019-11-19-at-10.28.39-1024x768-1.jpg\",\"articleSection\":[\"Sin categorizar\"],\"inLanguage\":\"en-US\",\"potentialAction\":[{\"@type\":\"CommentAction\",\"name\":\"Comment\",\"target\":[\"https:\/\/fadeu.urantiacos.cl\/en\/2019\/11\/21\/gran-presencia-de-diseno-uc-en-los-premios-chile-diseno-2019\/#respond\"]}]},{\"@type\":\"WebPage\",\"@id\":\"https:\/\/fadeu.urantiacos.cl\/en\/2019\/11\/21\/gran-presencia-de-diseno-uc-en-los-premios-chile-diseno-2019\/\",\"url\":\"https:\/\/fadeu.urantiacos.cl\/en\/2019\/11\/21\/gran-presencia-de-diseno-uc-en-los-premios-chile-diseno-2019\/\",\"name\":\"Gran presencia de Dise\u00f1o UC en los premios Chile Dise\u00f1o 2019 - Facultad de Arquitectura, Dise\u00f1o y Estudios Urbanos\",\"isPartOf\":{\"@id\":\"https:\/\/fadeu.urantiacos.cl\/en\/#website\"},\"primaryImageOfPage\":{\"@id\":\"https:\/\/fadeu.urantiacos.cl\/en\/2019\/11\/21\/gran-presencia-de-diseno-uc-en-los-premios-chile-diseno-2019\/#primaryimage\"},\"image\":{\"@id\":\"https:\/\/fadeu.urantiacos.cl\/en\/2019\/11\/21\/gran-presencia-de-diseno-uc-en-los-premios-chile-diseno-2019\/#primaryimage\"},\"thumbnailUrl\":\"https:\/\/fadeu.urantiacos.cl\/wp-content\/uploads\/2023\/09\/WhatsApp-Image-2019-11-19-at-10.28.39-1024x768-1.jpg\",\"datePublished\":\"2019-11-22T00:41:00+00:00\",\"dateModified\":\"2023-09-14T00:44:37+00:00\",\"author\":{\"@id\":\"https:\/\/fadeu.urantiacos.cl\/en\/#\/schema\/person\/d203e2e84b1c40275eac77b3061a19a2\"},\"description\":\"Dise\u00f1o UC fue galardonada en diferentes categor\u00edas en la versi\u00f3n 2019 de los Premios Chile Dise\u00f1o. Puente Dise\u00f1o Empresa y Experiencia omnicanal del afiliado Caja Los Andes, fueron algunos de los proyectos premiados en esta instancia.\",\"breadcrumb\":{\"@id\":\"https:\/\/fadeu.urantiacos.cl\/en\/2019\/11\/21\/gran-presencia-de-diseno-uc-en-los-premios-chile-diseno-2019\/#breadcrumb\"},\"inLanguage\":\"en-US\",\"potentialAction\":[{\"@type\":\"ReadAction\",\"target\":[\"https:\/\/fadeu.urantiacos.cl\/en\/2019\/11\/21\/gran-presencia-de-diseno-uc-en-los-premios-chile-diseno-2019\/\"]}]},{\"@type\":\"ImageObject\",\"inLanguage\":\"en-US\",\"@id\":\"https:\/\/fadeu.urantiacos.cl\/en\/2019\/11\/21\/gran-presencia-de-diseno-uc-en-los-premios-chile-diseno-2019\/#primaryimage\",\"url\":\"https:\/\/fadeu.urantiacos.cl\/wp-content\/uploads\/2023\/09\/WhatsApp-Image-2019-11-19-at-10.28.39-1024x768-1.jpg\",\"contentUrl\":\"https:\/\/fadeu.urantiacos.cl\/wp-content\/uploads\/2023\/09\/WhatsApp-Image-2019-11-19-at-10.28.39-1024x768-1.jpg\",\"width\":350,\"height\":250},{\"@type\":\"BreadcrumbList\",\"@id\":\"https:\/\/fadeu.urantiacos.cl\/en\/2019\/11\/21\/gran-presencia-de-diseno-uc-en-los-premios-chile-diseno-2019\/#breadcrumb\",\"itemListElement\":[{\"@type\":\"ListItem\",\"position\":1,\"name\":\"Portada\",\"item\":\"https:\/\/fadeu.urantiacos.cl\/en\/\"},{\"@type\":\"ListItem\",\"position\":2,\"name\":\"Gran presencia de Dise\u00f1o UC en los premios Chile Dise\u00f1o 2019\"}]},{\"@type\":\"WebSite\",\"@id\":\"https:\/\/fadeu.urantiacos.cl\/en\/#website\",\"url\":\"https:\/\/fadeu.urantiacos.cl\/en\/\",\"name\":\"Facultad de Arquitectura, Dise\u00f1o y Estudios Urbanos\",\"description\":\"Campus Lo Contador\",\"potentialAction\":[{\"@type\":\"SearchAction\",\"target\":{\"@type\":\"EntryPoint\",\"urlTemplate\":\"https:\/\/fadeu.urantiacos.cl\/en\/?s={search_term_string}\"},\"query-input\":{\"@type\":\"PropertyValueSpecification\",\"valueRequired\":true,\"valueName\":\"search_term_string\"}}],\"inLanguage\":\"en-US\"},{\"@type\":\"Person\",\"@id\":\"https:\/\/fadeu.urantiacos.cl\/en\/#\/schema\/person\/d203e2e84b1c40275eac77b3061a19a2\",\"name\":\"manadmin\",\"image\":{\"@type\":\"ImageObject\",\"inLanguage\":\"en-US\",\"@id\":\"https:\/\/fadeu.urantiacos.cl\/en\/#\/schema\/person\/image\/\",\"url\":\"https:\/\/secure.gravatar.com\/avatar\/4b1d8e3303b4a9d8968ac578947d8bc80d9aea359f388cdd4aac15cadc0e8447?s=96&d=mm&r=g\",\"contentUrl\":\"https:\/\/secure.gravatar.com\/avatar\/4b1d8e3303b4a9d8968ac578947d8bc80d9aea359f388cdd4aac15cadc0e8447?s=96&d=mm&r=g\",\"caption\":\"manadmin\"},\"sameAs\":[\"https:\/\/fadeu.urantiacos.cl\"]}]}<\/script>\n<!-- \/ Yoast SEO plugin. -->","yoast_head_json":{"title":"Gran presencia de Dise\u00f1o UC en los premios Chile Dise\u00f1o 2019 - Facultad de Arquitectura, Dise\u00f1o y Estudios Urbanos","description":"Dise\u00f1o UC fue galardonada en diferentes categor\u00edas en la versi\u00f3n 2019 de los Premios Chile Dise\u00f1o. Puente Dise\u00f1o Empresa y Experiencia omnicanal del afiliado Caja Los Andes, fueron algunos de los proyectos premiados en esta instancia.","robots":{"index":"index","follow":"follow","max-snippet":"max-snippet:-1","max-image-preview":"max-image-preview:large","max-video-preview":"max-video-preview:-1"},"canonical":"https:\/\/fadeu.urantiacos.cl\/en\/2019\/11\/21\/gran-presencia-de-diseno-uc-en-los-premios-chile-diseno-2019\/","og_locale":"en_US","og_type":"article","og_title":"Gran presencia de Dise\u00f1o UC en los premios Chile Dise\u00f1o 2019 - Facultad de Arquitectura, Dise\u00f1o y Estudios Urbanos","og_description":"Dise\u00f1o UC fue galardonada en diferentes categor\u00edas en la versi\u00f3n 2019 de los Premios Chile Dise\u00f1o. Puente Dise\u00f1o Empresa y Experiencia omnicanal del afiliado Caja Los Andes, fueron algunos de los proyectos premiados en esta instancia.","og_url":"https:\/\/fadeu.urantiacos.cl\/en\/2019\/11\/21\/gran-presencia-de-diseno-uc-en-los-premios-chile-diseno-2019\/","og_site_name":"Facultad de Arquitectura, Dise\u00f1o y Estudios Urbanos","article_published_time":"2019-11-22T00:41:00+00:00","article_modified_time":"2023-09-14T00:44:37+00:00","og_image":[{"width":350,"height":250,"url":"https:\/\/fadeu.urantiacos.cl\/wp-content\/uploads\/2023\/09\/WhatsApp-Image-2019-11-19-at-10.28.39-1024x768-1.jpg","type":"image\/jpeg"}],"author":"manadmin","twitter_card":"summary_large_image","twitter_misc":{"Written by":"manadmin","Est. reading time":"2 minutes"},"schema":{"@context":"https:\/\/schema.org","@graph":[{"@type":"Article","@id":"https:\/\/fadeu.urantiacos.cl\/en\/2019\/11\/21\/gran-presencia-de-diseno-uc-en-los-premios-chile-diseno-2019\/#article","isPartOf":{"@id":"https:\/\/fadeu.urantiacos.cl\/en\/2019\/11\/21\/gran-presencia-de-diseno-uc-en-los-premios-chile-diseno-2019\/"},"author":{"name":"manadmin","@id":"https:\/\/fadeu.urantiacos.cl\/en\/#\/schema\/person\/d203e2e84b1c40275eac77b3061a19a2"},"headline":"Gran presencia de Dise\u00f1o UC en los premios Chile Dise\u00f1o 2019","datePublished":"2019-11-22T00:41:00+00:00","dateModified":"2023-09-14T00:44:37+00:00","mainEntityOfPage":{"@id":"https:\/\/fadeu.urantiacos.cl\/en\/2019\/11\/21\/gran-presencia-de-diseno-uc-en-los-premios-chile-diseno-2019\/"},"wordCount":485,"commentCount":0,"image":{"@id":"https:\/\/fadeu.urantiacos.cl\/en\/2019\/11\/21\/gran-presencia-de-diseno-uc-en-los-premios-chile-diseno-2019\/#primaryimage"},"thumbnailUrl":"https:\/\/fadeu.urantiacos.cl\/wp-content\/uploads\/2023\/09\/WhatsApp-Image-2019-11-19-at-10.28.39-1024x768-1.jpg","articleSection":["Sin categorizar"],"inLanguage":"en-US","potentialAction":[{"@type":"CommentAction","name":"Comment","target":["https:\/\/fadeu.urantiacos.cl\/en\/2019\/11\/21\/gran-presencia-de-diseno-uc-en-los-premios-chile-diseno-2019\/#respond"]}]},{"@type":"WebPage","@id":"https:\/\/fadeu.urantiacos.cl\/en\/2019\/11\/21\/gran-presencia-de-diseno-uc-en-los-premios-chile-diseno-2019\/","url":"https:\/\/fadeu.urantiacos.cl\/en\/2019\/11\/21\/gran-presencia-de-diseno-uc-en-los-premios-chile-diseno-2019\/","name":"Gran presencia de Dise\u00f1o UC en los premios Chile Dise\u00f1o 2019 - Facultad de Arquitectura, Dise\u00f1o y Estudios Urbanos","isPartOf":{"@id":"https:\/\/fadeu.urantiacos.cl\/en\/#website"},"primaryImageOfPage":{"@id":"https:\/\/fadeu.urantiacos.cl\/en\/2019\/11\/21\/gran-presencia-de-diseno-uc-en-los-premios-chile-diseno-2019\/#primaryimage"},"image":{"@id":"https:\/\/fadeu.urantiacos.cl\/en\/2019\/11\/21\/gran-presencia-de-diseno-uc-en-los-premios-chile-diseno-2019\/#primaryimage"},"thumbnailUrl":"https:\/\/fadeu.urantiacos.cl\/wp-content\/uploads\/2023\/09\/WhatsApp-Image-2019-11-19-at-10.28.39-1024x768-1.jpg","datePublished":"2019-11-22T00:41:00+00:00","dateModified":"2023-09-14T00:44:37+00:00","author":{"@id":"https:\/\/fadeu.urantiacos.cl\/en\/#\/schema\/person\/d203e2e84b1c40275eac77b3061a19a2"},"description":"Dise\u00f1o UC fue galardonada en diferentes categor\u00edas en la versi\u00f3n 2019 de los Premios Chile Dise\u00f1o. Puente Dise\u00f1o Empresa y Experiencia omnicanal del afiliado Caja Los Andes, fueron algunos de los proyectos premiados en esta instancia.","breadcrumb":{"@id":"https:\/\/fadeu.urantiacos.cl\/en\/2019\/11\/21\/gran-presencia-de-diseno-uc-en-los-premios-chile-diseno-2019\/#breadcrumb"},"inLanguage":"en-US","potentialAction":[{"@type":"ReadAction","target":["https:\/\/fadeu.urantiacos.cl\/en\/2019\/11\/21\/gran-presencia-de-diseno-uc-en-los-premios-chile-diseno-2019\/"]}]},{"@type":"ImageObject","inLanguage":"en-US","@id":"https:\/\/fadeu.urantiacos.cl\/en\/2019\/11\/21\/gran-presencia-de-diseno-uc-en-los-premios-chile-diseno-2019\/#primaryimage","url":"https:\/\/fadeu.urantiacos.cl\/wp-content\/uploads\/2023\/09\/WhatsApp-Image-2019-11-19-at-10.28.39-1024x768-1.jpg","contentUrl":"https:\/\/fadeu.urantiacos.cl\/wp-content\/uploads\/2023\/09\/WhatsApp-Image-2019-11-19-at-10.28.39-1024x768-1.jpg","width":350,"height":250},{"@type":"BreadcrumbList","@id":"https:\/\/fadeu.urantiacos.cl\/en\/2019\/11\/21\/gran-presencia-de-diseno-uc-en-los-premios-chile-diseno-2019\/#breadcrumb","itemListElement":[{"@type":"ListItem","position":1,"name":"Portada","item":"https:\/\/fadeu.urantiacos.cl\/en\/"},{"@type":"ListItem","position":2,"name":"Gran presencia de Dise\u00f1o UC en los premios Chile Dise\u00f1o 2019"}]},{"@type":"WebSite","@id":"https:\/\/fadeu.urantiacos.cl\/en\/#website","url":"https:\/\/fadeu.urantiacos.cl\/en\/","name":"Facultad de Arquitectura, Dise\u00f1o y Estudios Urbanos","description":"Campus Lo Contador","potentialAction":[{"@type":"SearchAction","target":{"@type":"EntryPoint","urlTemplate":"https:\/\/fadeu.urantiacos.cl\/en\/?s={search_term_string}"},"query-input":{"@type":"PropertyValueSpecification","valueRequired":true,"valueName":"search_term_string"}}],"inLanguage":"en-US"},{"@type":"Person","@id":"https:\/\/fadeu.urantiacos.cl\/en\/#\/schema\/person\/d203e2e84b1c40275eac77b3061a19a2","name":"manadmin","image":{"@type":"ImageObject","inLanguage":"en-US","@id":"https:\/\/fadeu.urantiacos.cl\/en\/#\/schema\/person\/image\/","url":"https:\/\/secure.gravatar.com\/avatar\/4b1d8e3303b4a9d8968ac578947d8bc80d9aea359f388cdd4aac15cadc0e8447?s=96&d=mm&r=g","contentUrl":"https:\/\/secure.gravatar.com\/avatar\/4b1d8e3303b4a9d8968ac578947d8bc80d9aea359f388cdd4aac15cadc0e8447?s=96&d=mm&r=g","caption":"manadmin"},"sameAs":["https:\/\/fadeu.urantiacos.cl"]}]}},"_links":{"self":[{"href":"https:\/\/fadeu.urantiacos.cl\/en\/wp-json\/wp\/v2\/posts\/9898","targetHints":{"allow":["GET"]}}],"collection":[{"href":"https:\/\/fadeu.urantiacos.cl\/en\/wp-json\/wp\/v2\/posts"}],"about":[{"href":"https:\/\/fadeu.urantiacos.cl\/en\/wp-json\/wp\/v2\/types\/post"}],"author":[{"embeddable":true,"href":"https:\/\/fadeu.urantiacos.cl\/en\/wp-json\/wp\/v2\/users\/1"}],"replies":[{"embeddable":true,"href":"https:\/\/fadeu.urantiacos.cl\/en\/wp-json\/wp\/v2\/comments?post=9898"}],"version-history":[{"count":1,"href":"https:\/\/fadeu.urantiacos.cl\/en\/wp-json\/wp\/v2\/posts\/9898\/revisions"}],"predecessor-version":[{"id":9901,"href":"https:\/\/fadeu.urantiacos.cl\/en\/wp-json\/wp\/v2\/posts\/9898\/revisions\/9901"}],"wp:featuredmedia":[{"embeddable":true,"href":"https:\/\/fadeu.urantiacos.cl\/en\/wp-json\/wp\/v2\/media\/9899"}],"wp:attachment":[{"href":"https:\/\/fadeu.urantiacos.cl\/en\/wp-json\/wp\/v2\/media?parent=9898"}],"wp:term":[{"taxonomy":"category","embeddable":true,"href":"https:\/\/fadeu.urantiacos.cl\/en\/wp-json\/wp\/v2\/categories?post=9898"},{"taxonomy":"post_tag","embeddable":true,"href":"https:\/\/fadeu.urantiacos.cl\/en\/wp-json\/wp\/v2\/tags?post=9898"}],"curies":[{"name":"wp","href":"https:\/\/api.w.org\/{rel}","templated":true}]}}