{"id":9891,"date":"2019-11-22T21:38:00","date_gmt":"2019-11-23T00:38:00","guid":{"rendered":"https:\/\/fadeu.urantiacos.cl\/?p=9891"},"modified":"2023-09-13T21:40:08","modified_gmt":"2023-09-14T00:40:08","slug":"los-nuevos-titulos-que-ofrece-ediciones-arq","status":"publish","type":"post","link":"https:\/\/fadeu.urantiacos.cl\/en\/2019\/11\/22\/los-nuevos-titulos-que-ofrece-ediciones-arq\/","title":{"rendered":"Los nuevos t\u00edtulos que ofrece Ediciones ARQ"},"content":{"rendered":"\n<figure class=\"wp-block-image size-full\"><img decoding=\"async\" width=\"350\" height=\"250\" src=\"https:\/\/fadeu.urantiacos.cl\/wp-content\/uploads\/2023\/09\/Libros_ARQ_web.jpg\" alt=\"\" class=\"wp-image-9893\" srcset=\"https:\/\/fadeu.urantiacos.cl\/wp-content\/uploads\/2023\/09\/Libros_ARQ_web.jpg 350w, https:\/\/fadeu.urantiacos.cl\/wp-content\/uploads\/2023\/09\/Libros_ARQ_web-300x214.jpg 300w\" sizes=\"(max-width: 350px) 100vw, 350px\" \/><\/figure>\n\n\n\n<p>Se trata de:<\/p>\n\n\n\n<p>&#8211;&nbsp;&nbsp;&nbsp;&nbsp;&nbsp;&nbsp; Compendium ARQ: Arquitectura y Ciudad: Este tercer volumen de la serie Compendium ARQ est\u00e1 dedicado a los edificios que construyen ciudad, aportando a la calidad de vida urbana. El objetivo es destacar aquellos proyectos que no temen enfrentar las complejidades de la condici\u00f3n urbana \u2013 desde las demandas ciudadanas hasta las del mercado inmobiliario \u2013 sino, por el contrario, las entienden como parte de la riqueza a la que la arquitectura debe sumar.<\/p>\n\n\n\n<p>&#8211;&nbsp;&nbsp;&nbsp;&nbsp;&nbsp;&nbsp; Arqdocs Francesca Hughes: Francesca Hughes es te\u00f3rica de la arquitectura, profesora y especialista en la relaci\u00f3n entre arquitectura y tecnolog\u00eda.<br>Es directora de la Escuela de Arquitectura de la Universidad de Tecnolog\u00eda de Sidney, Australia. Ha ense\u00f1ado talleres y cursos de historia y teor\u00eda en la Architectural Association y la Bartlett School of Architecture, UCL en Londres, de donde es originaria. Tambi\u00e9n ha ense\u00f1ado en The Berlage, TU Delft, y ha sido profesora visitante en KU Leuven en B\u00e9lgica. Ha dado numerosas conferencias en EE.UU., Australia y Europa y ha publicado varios libros entre los que podemos destacar The Architecture of Error: Matter, Measure, and the Misadventures of Precision (MIT Press, 2014) Drawings that Count (AA Publications, 2012), y The Architect: Reconstructing her Practice (MIT Press , 1996). Actualmente est\u00e1 trabajando en un nuevo libro que examina la prehistoria de las relaciones entre arquitectura y computaci\u00f3n: The Architect&#8217;s Computer: an Indiscrete History of the Universal Discrete Machine.<\/p>\n\n\n\n<p>&#8211;&nbsp;&nbsp;&nbsp;&nbsp;&nbsp;&nbsp; Tafuri en Argentina: En agosto de 1981, el arquitecto, historiador y cr\u00edtico italiano, Manfredo Tafuri, visit\u00f3 las ciudades de Buenos Aires y Rosario en Argentina, en lo que ser\u00eda su \u00fanica visita a Am\u00e9rica Latina. Este libro presenta las conversaciones, entrevistas y charlas que Tafuri dio durante su visita, donde se discute, entre otras cosas, el rol de la cr\u00edtica, su trabajo en Venecia o, incluso, sus m\u00e9todos de investigaci\u00f3n hist\u00f3rica. A la vez, aqu\u00ed tambi\u00e9n se presentan una serie de textos de un grupo de acad\u00e9micos argentinos cercanos a Tafuri, quienes reconstruyen el contexto pol\u00edtico, social e intelectual en el que se enmarc\u00f3 su visita y analizan su obra y su legado.<\/p>\n\n\n\n<p>Puedes encontrar estos t\u00edtulos (y muchos m\u00e1s) en las oficinas de Ediciones ARQ ubicadas en el primer piso de la Escuela de Arquitectura UC, en el Campus Lo Contador (El Comendador 1916, Providencia). O puedes comprar en su tienda online:&nbsp;<a href=\"http:\/\/www.edicionesarq.cl\/\">http:\/\/www.edicionesarq.cl\/<\/a><\/p>\n","protected":false},"excerpt":{"rendered":"<p>Pese a que no se han realizado lanzamientos oficiales en Ediciones ARQ durante los meses de octubre pasado y noviembre en curso, s\u00ed hay nuevos t\u00edtulos que se encuentran a disposici\u00f3n del p\u00fablico del Campus y la comunidad FADEU en general.<\/p>\n","protected":false},"author":1,"featured_media":9893,"comment_status":"open","ping_status":"open","sticky":false,"template":"","format":"standard","meta":{"_acf_changed":false,"footnotes":""},"categories":[1],"tags":[],"class_list":["post-9891","post","type-post","status-publish","format-standard","has-post-thumbnail","hentry","category-sin-categorizar"],"acf":[],"yoast_head":"<!-- This site is optimized with the Yoast SEO plugin v27.1.1 - https:\/\/yoast.com\/product\/yoast-seo-wordpress\/ -->\n<title>Los nuevos t\u00edtulos que ofrece Ediciones ARQ - Facultad de Arquitectura, Dise\u00f1o y Estudios Urbanos<\/title>\n<meta name=\"description\" content=\"Pese a que no se han realizado lanzamientos oficiales en Ediciones ARQ durante los meses de octubre pasado y noviembre en curso, s\u00ed hay nuevos t\u00edtulos que se encuentran a disposici\u00f3n del p\u00fablico del Campus y la comunidad FADEU en general.\" \/>\n<meta name=\"robots\" content=\"index, follow, max-snippet:-1, max-image-preview:large, max-video-preview:-1\" \/>\n<link rel=\"canonical\" href=\"https:\/\/fadeu.urantiacos.cl\/en\/2019\/11\/22\/los-nuevos-titulos-que-ofrece-ediciones-arq\/\" \/>\n<meta property=\"og:locale\" content=\"en_US\" \/>\n<meta property=\"og:type\" content=\"article\" \/>\n<meta property=\"og:title\" content=\"Los nuevos t\u00edtulos que ofrece Ediciones ARQ - Facultad de Arquitectura, Dise\u00f1o y Estudios Urbanos\" \/>\n<meta property=\"og:description\" content=\"Pese a que no se han realizado lanzamientos oficiales en Ediciones ARQ durante los meses de octubre pasado y noviembre en curso, s\u00ed hay nuevos t\u00edtulos que se encuentran a disposici\u00f3n del p\u00fablico del Campus y la comunidad FADEU en general.\" \/>\n<meta property=\"og:url\" content=\"https:\/\/fadeu.urantiacos.cl\/en\/2019\/11\/22\/los-nuevos-titulos-que-ofrece-ediciones-arq\/\" \/>\n<meta property=\"og:site_name\" content=\"Facultad de Arquitectura, Dise\u00f1o y Estudios Urbanos\" \/>\n<meta property=\"article:published_time\" content=\"2019-11-23T00:38:00+00:00\" \/>\n<meta property=\"article:modified_time\" content=\"2023-09-14T00:40:08+00:00\" \/>\n<meta property=\"og:image\" content=\"https:\/\/fadeu.urantiacos.cl\/wp-content\/uploads\/2023\/09\/Libros_ARQ_web.jpg\" \/>\n\t<meta property=\"og:image:width\" content=\"350\" \/>\n\t<meta property=\"og:image:height\" content=\"250\" \/>\n\t<meta property=\"og:image:type\" content=\"image\/jpeg\" \/>\n<meta name=\"author\" content=\"manadmin\" \/>\n<meta name=\"twitter:card\" content=\"summary_large_image\" \/>\n<meta name=\"twitter:label1\" content=\"Written by\" \/>\n\t<meta name=\"twitter:data1\" content=\"manadmin\" \/>\n\t<meta name=\"twitter:label2\" content=\"Est. reading time\" \/>\n\t<meta name=\"twitter:data2\" content=\"2 minutes\" \/>\n<script type=\"application\/ld+json\" class=\"yoast-schema-graph\">{\"@context\":\"https:\/\/schema.org\",\"@graph\":[{\"@type\":\"Article\",\"@id\":\"https:\/\/fadeu.urantiacos.cl\/en\/2019\/11\/22\/los-nuevos-titulos-que-ofrece-ediciones-arq\/#article\",\"isPartOf\":{\"@id\":\"https:\/\/fadeu.urantiacos.cl\/en\/2019\/11\/22\/los-nuevos-titulos-que-ofrece-ediciones-arq\/\"},\"author\":{\"name\":\"manadmin\",\"@id\":\"https:\/\/fadeu.urantiacos.cl\/en\/#\/schema\/person\/d203e2e84b1c40275eac77b3061a19a2\"},\"headline\":\"Los nuevos t\u00edtulos que ofrece Ediciones ARQ\",\"datePublished\":\"2019-11-23T00:38:00+00:00\",\"dateModified\":\"2023-09-14T00:40:08+00:00\",\"mainEntityOfPage\":{\"@id\":\"https:\/\/fadeu.urantiacos.cl\/en\/2019\/11\/22\/los-nuevos-titulos-que-ofrece-ediciones-arq\/\"},\"wordCount\":436,\"commentCount\":0,\"image\":{\"@id\":\"https:\/\/fadeu.urantiacos.cl\/en\/2019\/11\/22\/los-nuevos-titulos-que-ofrece-ediciones-arq\/#primaryimage\"},\"thumbnailUrl\":\"https:\/\/fadeu.urantiacos.cl\/wp-content\/uploads\/2023\/09\/Libros_ARQ_web.jpg\",\"articleSection\":[\"Sin categorizar\"],\"inLanguage\":\"en-US\",\"potentialAction\":[{\"@type\":\"CommentAction\",\"name\":\"Comment\",\"target\":[\"https:\/\/fadeu.urantiacos.cl\/en\/2019\/11\/22\/los-nuevos-titulos-que-ofrece-ediciones-arq\/#respond\"]}]},{\"@type\":\"WebPage\",\"@id\":\"https:\/\/fadeu.urantiacos.cl\/en\/2019\/11\/22\/los-nuevos-titulos-que-ofrece-ediciones-arq\/\",\"url\":\"https:\/\/fadeu.urantiacos.cl\/en\/2019\/11\/22\/los-nuevos-titulos-que-ofrece-ediciones-arq\/\",\"name\":\"Los nuevos t\u00edtulos que ofrece Ediciones ARQ - Facultad de Arquitectura, Dise\u00f1o y Estudios Urbanos\",\"isPartOf\":{\"@id\":\"https:\/\/fadeu.urantiacos.cl\/en\/#website\"},\"primaryImageOfPage\":{\"@id\":\"https:\/\/fadeu.urantiacos.cl\/en\/2019\/11\/22\/los-nuevos-titulos-que-ofrece-ediciones-arq\/#primaryimage\"},\"image\":{\"@id\":\"https:\/\/fadeu.urantiacos.cl\/en\/2019\/11\/22\/los-nuevos-titulos-que-ofrece-ediciones-arq\/#primaryimage\"},\"thumbnailUrl\":\"https:\/\/fadeu.urantiacos.cl\/wp-content\/uploads\/2023\/09\/Libros_ARQ_web.jpg\",\"datePublished\":\"2019-11-23T00:38:00+00:00\",\"dateModified\":\"2023-09-14T00:40:08+00:00\",\"author\":{\"@id\":\"https:\/\/fadeu.urantiacos.cl\/en\/#\/schema\/person\/d203e2e84b1c40275eac77b3061a19a2\"},\"description\":\"Pese a que no se han realizado lanzamientos oficiales en Ediciones ARQ durante los meses de octubre pasado y noviembre en curso, s\u00ed hay nuevos t\u00edtulos que se encuentran a disposici\u00f3n del p\u00fablico del Campus y la comunidad FADEU en general.\",\"breadcrumb\":{\"@id\":\"https:\/\/fadeu.urantiacos.cl\/en\/2019\/11\/22\/los-nuevos-titulos-que-ofrece-ediciones-arq\/#breadcrumb\"},\"inLanguage\":\"en-US\",\"potentialAction\":[{\"@type\":\"ReadAction\",\"target\":[\"https:\/\/fadeu.urantiacos.cl\/en\/2019\/11\/22\/los-nuevos-titulos-que-ofrece-ediciones-arq\/\"]}]},{\"@type\":\"ImageObject\",\"inLanguage\":\"en-US\",\"@id\":\"https:\/\/fadeu.urantiacos.cl\/en\/2019\/11\/22\/los-nuevos-titulos-que-ofrece-ediciones-arq\/#primaryimage\",\"url\":\"https:\/\/fadeu.urantiacos.cl\/wp-content\/uploads\/2023\/09\/Libros_ARQ_web.jpg\",\"contentUrl\":\"https:\/\/fadeu.urantiacos.cl\/wp-content\/uploads\/2023\/09\/Libros_ARQ_web.jpg\",\"width\":350,\"height\":250},{\"@type\":\"BreadcrumbList\",\"@id\":\"https:\/\/fadeu.urantiacos.cl\/en\/2019\/11\/22\/los-nuevos-titulos-que-ofrece-ediciones-arq\/#breadcrumb\",\"itemListElement\":[{\"@type\":\"ListItem\",\"position\":1,\"name\":\"Portada\",\"item\":\"https:\/\/fadeu.urantiacos.cl\/en\/\"},{\"@type\":\"ListItem\",\"position\":2,\"name\":\"Los nuevos t\u00edtulos que ofrece Ediciones ARQ\"}]},{\"@type\":\"WebSite\",\"@id\":\"https:\/\/fadeu.urantiacos.cl\/en\/#website\",\"url\":\"https:\/\/fadeu.urantiacos.cl\/en\/\",\"name\":\"Facultad de Arquitectura, Dise\u00f1o y Estudios Urbanos\",\"description\":\"Campus Lo Contador\",\"potentialAction\":[{\"@type\":\"SearchAction\",\"target\":{\"@type\":\"EntryPoint\",\"urlTemplate\":\"https:\/\/fadeu.urantiacos.cl\/en\/?s={search_term_string}\"},\"query-input\":{\"@type\":\"PropertyValueSpecification\",\"valueRequired\":true,\"valueName\":\"search_term_string\"}}],\"inLanguage\":\"en-US\"},{\"@type\":\"Person\",\"@id\":\"https:\/\/fadeu.urantiacos.cl\/en\/#\/schema\/person\/d203e2e84b1c40275eac77b3061a19a2\",\"name\":\"manadmin\",\"image\":{\"@type\":\"ImageObject\",\"inLanguage\":\"en-US\",\"@id\":\"https:\/\/fadeu.urantiacos.cl\/en\/#\/schema\/person\/image\/\",\"url\":\"https:\/\/secure.gravatar.com\/avatar\/4b1d8e3303b4a9d8968ac578947d8bc80d9aea359f388cdd4aac15cadc0e8447?s=96&d=mm&r=g\",\"contentUrl\":\"https:\/\/secure.gravatar.com\/avatar\/4b1d8e3303b4a9d8968ac578947d8bc80d9aea359f388cdd4aac15cadc0e8447?s=96&d=mm&r=g\",\"caption\":\"manadmin\"},\"sameAs\":[\"https:\/\/fadeu.urantiacos.cl\"]}]}<\/script>\n<!-- \/ Yoast SEO plugin. -->","yoast_head_json":{"title":"Los nuevos t\u00edtulos que ofrece Ediciones ARQ - Facultad de Arquitectura, Dise\u00f1o y Estudios Urbanos","description":"Pese a que no se han realizado lanzamientos oficiales en Ediciones ARQ durante los meses de octubre pasado y noviembre en curso, s\u00ed hay nuevos t\u00edtulos que se encuentran a disposici\u00f3n del p\u00fablico del Campus y la comunidad FADEU en general.","robots":{"index":"index","follow":"follow","max-snippet":"max-snippet:-1","max-image-preview":"max-image-preview:large","max-video-preview":"max-video-preview:-1"},"canonical":"https:\/\/fadeu.urantiacos.cl\/en\/2019\/11\/22\/los-nuevos-titulos-que-ofrece-ediciones-arq\/","og_locale":"en_US","og_type":"article","og_title":"Los nuevos t\u00edtulos que ofrece Ediciones ARQ - Facultad de Arquitectura, Dise\u00f1o y Estudios Urbanos","og_description":"Pese a que no se han realizado lanzamientos oficiales en Ediciones ARQ durante los meses de octubre pasado y noviembre en curso, s\u00ed hay nuevos t\u00edtulos que se encuentran a disposici\u00f3n del p\u00fablico del Campus y la comunidad FADEU en general.","og_url":"https:\/\/fadeu.urantiacos.cl\/en\/2019\/11\/22\/los-nuevos-titulos-que-ofrece-ediciones-arq\/","og_site_name":"Facultad de Arquitectura, Dise\u00f1o y Estudios Urbanos","article_published_time":"2019-11-23T00:38:00+00:00","article_modified_time":"2023-09-14T00:40:08+00:00","og_image":[{"width":350,"height":250,"url":"https:\/\/fadeu.urantiacos.cl\/wp-content\/uploads\/2023\/09\/Libros_ARQ_web.jpg","type":"image\/jpeg"}],"author":"manadmin","twitter_card":"summary_large_image","twitter_misc":{"Written by":"manadmin","Est. reading time":"2 minutes"},"schema":{"@context":"https:\/\/schema.org","@graph":[{"@type":"Article","@id":"https:\/\/fadeu.urantiacos.cl\/en\/2019\/11\/22\/los-nuevos-titulos-que-ofrece-ediciones-arq\/#article","isPartOf":{"@id":"https:\/\/fadeu.urantiacos.cl\/en\/2019\/11\/22\/los-nuevos-titulos-que-ofrece-ediciones-arq\/"},"author":{"name":"manadmin","@id":"https:\/\/fadeu.urantiacos.cl\/en\/#\/schema\/person\/d203e2e84b1c40275eac77b3061a19a2"},"headline":"Los nuevos t\u00edtulos que ofrece Ediciones ARQ","datePublished":"2019-11-23T00:38:00+00:00","dateModified":"2023-09-14T00:40:08+00:00","mainEntityOfPage":{"@id":"https:\/\/fadeu.urantiacos.cl\/en\/2019\/11\/22\/los-nuevos-titulos-que-ofrece-ediciones-arq\/"},"wordCount":436,"commentCount":0,"image":{"@id":"https:\/\/fadeu.urantiacos.cl\/en\/2019\/11\/22\/los-nuevos-titulos-que-ofrece-ediciones-arq\/#primaryimage"},"thumbnailUrl":"https:\/\/fadeu.urantiacos.cl\/wp-content\/uploads\/2023\/09\/Libros_ARQ_web.jpg","articleSection":["Sin categorizar"],"inLanguage":"en-US","potentialAction":[{"@type":"CommentAction","name":"Comment","target":["https:\/\/fadeu.urantiacos.cl\/en\/2019\/11\/22\/los-nuevos-titulos-que-ofrece-ediciones-arq\/#respond"]}]},{"@type":"WebPage","@id":"https:\/\/fadeu.urantiacos.cl\/en\/2019\/11\/22\/los-nuevos-titulos-que-ofrece-ediciones-arq\/","url":"https:\/\/fadeu.urantiacos.cl\/en\/2019\/11\/22\/los-nuevos-titulos-que-ofrece-ediciones-arq\/","name":"Los nuevos t\u00edtulos que ofrece Ediciones ARQ - Facultad de Arquitectura, Dise\u00f1o y Estudios Urbanos","isPartOf":{"@id":"https:\/\/fadeu.urantiacos.cl\/en\/#website"},"primaryImageOfPage":{"@id":"https:\/\/fadeu.urantiacos.cl\/en\/2019\/11\/22\/los-nuevos-titulos-que-ofrece-ediciones-arq\/#primaryimage"},"image":{"@id":"https:\/\/fadeu.urantiacos.cl\/en\/2019\/11\/22\/los-nuevos-titulos-que-ofrece-ediciones-arq\/#primaryimage"},"thumbnailUrl":"https:\/\/fadeu.urantiacos.cl\/wp-content\/uploads\/2023\/09\/Libros_ARQ_web.jpg","datePublished":"2019-11-23T00:38:00+00:00","dateModified":"2023-09-14T00:40:08+00:00","author":{"@id":"https:\/\/fadeu.urantiacos.cl\/en\/#\/schema\/person\/d203e2e84b1c40275eac77b3061a19a2"},"description":"Pese a que no se han realizado lanzamientos oficiales en Ediciones ARQ durante los meses de octubre pasado y noviembre en curso, s\u00ed hay nuevos t\u00edtulos que se encuentran a disposici\u00f3n del p\u00fablico del Campus y la comunidad FADEU en general.","breadcrumb":{"@id":"https:\/\/fadeu.urantiacos.cl\/en\/2019\/11\/22\/los-nuevos-titulos-que-ofrece-ediciones-arq\/#breadcrumb"},"inLanguage":"en-US","potentialAction":[{"@type":"ReadAction","target":["https:\/\/fadeu.urantiacos.cl\/en\/2019\/11\/22\/los-nuevos-titulos-que-ofrece-ediciones-arq\/"]}]},{"@type":"ImageObject","inLanguage":"en-US","@id":"https:\/\/fadeu.urantiacos.cl\/en\/2019\/11\/22\/los-nuevos-titulos-que-ofrece-ediciones-arq\/#primaryimage","url":"https:\/\/fadeu.urantiacos.cl\/wp-content\/uploads\/2023\/09\/Libros_ARQ_web.jpg","contentUrl":"https:\/\/fadeu.urantiacos.cl\/wp-content\/uploads\/2023\/09\/Libros_ARQ_web.jpg","width":350,"height":250},{"@type":"BreadcrumbList","@id":"https:\/\/fadeu.urantiacos.cl\/en\/2019\/11\/22\/los-nuevos-titulos-que-ofrece-ediciones-arq\/#breadcrumb","itemListElement":[{"@type":"ListItem","position":1,"name":"Portada","item":"https:\/\/fadeu.urantiacos.cl\/en\/"},{"@type":"ListItem","position":2,"name":"Los nuevos t\u00edtulos que ofrece Ediciones ARQ"}]},{"@type":"WebSite","@id":"https:\/\/fadeu.urantiacos.cl\/en\/#website","url":"https:\/\/fadeu.urantiacos.cl\/en\/","name":"Facultad de Arquitectura, Dise\u00f1o y Estudios Urbanos","description":"Campus Lo Contador","potentialAction":[{"@type":"SearchAction","target":{"@type":"EntryPoint","urlTemplate":"https:\/\/fadeu.urantiacos.cl\/en\/?s={search_term_string}"},"query-input":{"@type":"PropertyValueSpecification","valueRequired":true,"valueName":"search_term_string"}}],"inLanguage":"en-US"},{"@type":"Person","@id":"https:\/\/fadeu.urantiacos.cl\/en\/#\/schema\/person\/d203e2e84b1c40275eac77b3061a19a2","name":"manadmin","image":{"@type":"ImageObject","inLanguage":"en-US","@id":"https:\/\/fadeu.urantiacos.cl\/en\/#\/schema\/person\/image\/","url":"https:\/\/secure.gravatar.com\/avatar\/4b1d8e3303b4a9d8968ac578947d8bc80d9aea359f388cdd4aac15cadc0e8447?s=96&d=mm&r=g","contentUrl":"https:\/\/secure.gravatar.com\/avatar\/4b1d8e3303b4a9d8968ac578947d8bc80d9aea359f388cdd4aac15cadc0e8447?s=96&d=mm&r=g","caption":"manadmin"},"sameAs":["https:\/\/fadeu.urantiacos.cl"]}]}},"_links":{"self":[{"href":"https:\/\/fadeu.urantiacos.cl\/en\/wp-json\/wp\/v2\/posts\/9891","targetHints":{"allow":["GET"]}}],"collection":[{"href":"https:\/\/fadeu.urantiacos.cl\/en\/wp-json\/wp\/v2\/posts"}],"about":[{"href":"https:\/\/fadeu.urantiacos.cl\/en\/wp-json\/wp\/v2\/types\/post"}],"author":[{"embeddable":true,"href":"https:\/\/fadeu.urantiacos.cl\/en\/wp-json\/wp\/v2\/users\/1"}],"replies":[{"embeddable":true,"href":"https:\/\/fadeu.urantiacos.cl\/en\/wp-json\/wp\/v2\/comments?post=9891"}],"version-history":[{"count":1,"href":"https:\/\/fadeu.urantiacos.cl\/en\/wp-json\/wp\/v2\/posts\/9891\/revisions"}],"predecessor-version":[{"id":9894,"href":"https:\/\/fadeu.urantiacos.cl\/en\/wp-json\/wp\/v2\/posts\/9891\/revisions\/9894"}],"wp:featuredmedia":[{"embeddable":true,"href":"https:\/\/fadeu.urantiacos.cl\/en\/wp-json\/wp\/v2\/media\/9893"}],"wp:attachment":[{"href":"https:\/\/fadeu.urantiacos.cl\/en\/wp-json\/wp\/v2\/media?parent=9891"}],"wp:term":[{"taxonomy":"category","embeddable":true,"href":"https:\/\/fadeu.urantiacos.cl\/en\/wp-json\/wp\/v2\/categories?post=9891"},{"taxonomy":"post_tag","embeddable":true,"href":"https:\/\/fadeu.urantiacos.cl\/en\/wp-json\/wp\/v2\/tags?post=9891"}],"curies":[{"name":"wp","href":"https:\/\/api.w.org\/{rel}","templated":true}]}}