{"id":9887,"date":"2019-11-22T21:35:00","date_gmt":"2019-11-23T00:35:00","guid":{"rendered":"https:\/\/fadeu.urantiacos.cl\/?p=9887"},"modified":"2023-09-13T21:38:20","modified_gmt":"2023-09-14T00:38:20","slug":"decanato-informa-15","status":"publish","type":"post","link":"https:\/\/fadeu.urantiacos.cl\/en\/2019\/11\/22\/decanato-informa-15\/","title":{"rendered":"Decanato informa 15"},"content":{"rendered":"\n<figure class=\"wp-block-image size-full\"><img decoding=\"async\" width=\"350\" height=\"250\" src=\"https:\/\/fadeu.urantiacos.cl\/wp-content\/uploads\/2023\/09\/Profesores_y_alumnos_conversando_web.jpg\" alt=\"\" class=\"wp-image-9889\" srcset=\"https:\/\/fadeu.urantiacos.cl\/wp-content\/uploads\/2023\/09\/Profesores_y_alumnos_conversando_web.jpg 350w, https:\/\/fadeu.urantiacos.cl\/wp-content\/uploads\/2023\/09\/Profesores_y_alumnos_conversando_web-300x214.jpg 300w\" sizes=\"(max-width: 350px) 100vw, 350px\" \/><\/figure>\n\n\n\n<p>Durante estas semanas hemos enfrentado la contingencia social, la crisis que afecta al pa\u00eds y que nos aqueja transversalmente. La hemos vivido en la voluntad de ir generando espacios de encuentro, de escucha y conversaci\u00f3n. Hemos dialogado, intercambiando posiciones y visiones entre estamentos, desde la libertad manifiesta de nuestra individualidad. Con ello es preciso se\u00f1alar, que el respeto a los distintos enfoques y a la opini\u00f3n divergente cobra una dimensi\u00f3n \u00e9tica que es fundamental para la construcci\u00f3n de acuerdos y una esperanzadora mirada de futuro. Descartando siempre a la violencia como instrumento para alcanzar objetivos y anhelos.<\/p>\n\n\n\n<p>Debemos seguir reflexionando en la cercan\u00eda que propicia la comunidad y el siempre privilegiado concierto acad\u00e9mico, representado en diversas instancias como las Escuelas, los Centros de Estudiantes, los Acad\u00e9micos Organizados y las Asambleas Triestamentales. Tambi\u00e9n sabemos que hay espacios donde este di\u00e1logo se ha dado filialmente, en el espont\u00e1neo c\u00edrculo que se conforma en la confianza de la amistad, entre los que son compa\u00f1eros y compa\u00f1eras de cursos y proyectos, que comparten la pasi\u00f3n de la vocaci\u00f3n por nuestras disciplinas o entre los que son pares en el oficio.<\/p>\n\n\n\n<p>Sin dejar de valorar dichas instancias, tambi\u00e9n es preciso informarles que el calendario propuesto por la Vicerrector\u00eda Acad\u00e9mica se est\u00e1 respetando en la UC, considerando las particularidades que cada taller o curso tiene y entendiendo que existan propuestas de flexibilidad. Como sabemos los ex\u00e1menes terminan el&nbsp;<strong>d\u00eda 20 de diciembre y el cierre del semestre est\u00e1 programado al 27 de diciembre<\/strong>.<\/p>\n\n\n\n<p><strong>Plan Estrat\u00e9gico FADEU 2019-2024<\/strong><\/p>\n\n\n\n<p>Les comunico con alegr\u00eda y esperanza que el viernes 15 de noviembre reci\u00e9n pasado, firmamos el Acta con la que se aprueba nuestro Plan Estrat\u00e9gico FADEU 2019-2024.<\/p>\n\n\n\n<p>Para todos es sabido que fueron dos a\u00f1os de trabajo muy intensos, productivos y altamente satisfactorios, que, por supuesto, no estuvieron exentos de dificultades y desaf\u00edos, proceso en el cual prim\u00f3 el trabajo colaborativo y la participaci\u00f3n de diversos estamentos incumbentes, as\u00ed como la reflexi\u00f3n y planificaci\u00f3n en un contexto transversal.<\/p>\n\n\n\n<p>Un Plan Estrat\u00e9gico en la UC es un documento que define las principales l\u00edneas y \u00e1reas de acci\u00f3n que gu\u00edan la labor de una Facultad durante un quinquenio, y es especialmente gratificante para nosotros como Decanato enumerarles, muy brevemente, cu\u00e1les son algunos de los grandes ejes de gesti\u00f3n 2019-2024:<\/p>\n\n\n\n<p>&#8211; Innovaci\u00f3n y Fortalecimiento de Docencia en Pregrado<\/p>\n\n\n\n<p>&#8211; Postgrados FADEU de Alto Impacto para Chile y la Regi\u00f3n<\/p>\n\n\n\n<p>&#8211; Centralizaci\u00f3n Integral de la FADEU<\/p>\n\n\n\n<p>En lo referido a innovaci\u00f3n en la docencia y centralizaci\u00f3n integrada, hemos proyectado fortalecer y apoyar de forma coordinada a las distintas unidades acad\u00e9micas, centros, programas, cl\u00fasteres de investigaci\u00f3n y otras instancias relevantes de la Facultad en los temas referidos a Infraestructura, Equipamiento, Administraci\u00f3n y Gesti\u00f3n Acad\u00e9mica.<\/p>\n\n\n\n<p>Por esta raz\u00f3n, informamos que en diciembre se iniciar\u00e1n las Obras de Ampliaci\u00f3n de nuestro Laboratorio de Modelos y Prototipos. Esto permitir\u00e1 a estudiantes y acad\u00e9micos trabajar con mayor comodidad, seguridad y eficiencia. Al mismo tiempo, nos entregar\u00e1 la posibilidad de tener un acopio organizado de materiales, como tambi\u00e9n el trabajo en un patio exterior que propiciar\u00e1 la realizaci\u00f3n de otras faenas. El Director de nuestro Taller Profesor Francisco Chateau les informar\u00e1 detalles de este proyecto presente en nuestro Plan de Obras, en el Master Plan 2016 y realizado por la Oficina Beals-Lyon.<\/p>\n\n\n\n<p>A la brevedad nos reuniremos para ahondar en nuestro Plan Estrat\u00e9gico, a trav\u00e9s de su presentaci\u00f3n a la comunidad de la Facultad, y tambi\u00e9n dialogar sobre la contingencia que nos afecta y sobre la cual debemos discutir disciplinar y acad\u00e9micamente, incorporando las acciones que se deriven en nuestro Plan ya en curso.<\/p>\n","protected":false},"excerpt":{"rendered":"<p>Estimada comunidad FADEU:<\/p>\n","protected":false},"author":1,"featured_media":9889,"comment_status":"open","ping_status":"open","sticky":false,"template":"","format":"standard","meta":{"_acf_changed":false,"footnotes":""},"categories":[1],"tags":[],"class_list":["post-9887","post","type-post","status-publish","format-standard","has-post-thumbnail","hentry","category-sin-categorizar"],"acf":[],"yoast_head":"<!-- This site is optimized with the Yoast SEO plugin v27.1.1 - https:\/\/yoast.com\/product\/yoast-seo-wordpress\/ -->\n<title>Decanato informa 15 - Facultad de Arquitectura, Dise\u00f1o y Estudios Urbanos<\/title>\n<meta name=\"description\" content=\"Estimada comunidad FADEU:\" \/>\n<meta name=\"robots\" content=\"index, follow, max-snippet:-1, max-image-preview:large, max-video-preview:-1\" \/>\n<link rel=\"canonical\" href=\"https:\/\/fadeu.urantiacos.cl\/en\/2019\/11\/22\/decanato-informa-15\/\" \/>\n<meta property=\"og:locale\" content=\"en_US\" \/>\n<meta property=\"og:type\" content=\"article\" \/>\n<meta property=\"og:title\" content=\"Decanato informa 15 - Facultad de Arquitectura, Dise\u00f1o y Estudios Urbanos\" \/>\n<meta property=\"og:description\" content=\"Estimada comunidad FADEU:\" \/>\n<meta property=\"og:url\" content=\"https:\/\/fadeu.urantiacos.cl\/en\/2019\/11\/22\/decanato-informa-15\/\" \/>\n<meta property=\"og:site_name\" content=\"Facultad de Arquitectura, Dise\u00f1o y Estudios Urbanos\" \/>\n<meta property=\"article:published_time\" content=\"2019-11-23T00:35:00+00:00\" \/>\n<meta property=\"article:modified_time\" content=\"2023-09-14T00:38:20+00:00\" \/>\n<meta property=\"og:image\" content=\"https:\/\/fadeu.urantiacos.cl\/wp-content\/uploads\/2023\/09\/Profesores_y_alumnos_conversando_web.jpg\" \/>\n\t<meta property=\"og:image:width\" content=\"350\" \/>\n\t<meta property=\"og:image:height\" content=\"250\" \/>\n\t<meta property=\"og:image:type\" content=\"image\/jpeg\" \/>\n<meta name=\"author\" content=\"manadmin\" \/>\n<meta name=\"twitter:card\" content=\"summary_large_image\" \/>\n<meta name=\"twitter:label1\" content=\"Written by\" \/>\n\t<meta name=\"twitter:data1\" content=\"manadmin\" \/>\n\t<meta name=\"twitter:label2\" content=\"Est. reading time\" \/>\n\t<meta name=\"twitter:data2\" content=\"3 minutes\" \/>\n<script type=\"application\/ld+json\" class=\"yoast-schema-graph\">{\"@context\":\"https:\/\/schema.org\",\"@graph\":[{\"@type\":\"Article\",\"@id\":\"https:\/\/fadeu.urantiacos.cl\/en\/2019\/11\/22\/decanato-informa-15\/#article\",\"isPartOf\":{\"@id\":\"https:\/\/fadeu.urantiacos.cl\/en\/2019\/11\/22\/decanato-informa-15\/\"},\"author\":{\"name\":\"manadmin\",\"@id\":\"https:\/\/fadeu.urantiacos.cl\/en\/#\/schema\/person\/d203e2e84b1c40275eac77b3061a19a2\"},\"headline\":\"Decanato informa 15\",\"datePublished\":\"2019-11-23T00:35:00+00:00\",\"dateModified\":\"2023-09-14T00:38:20+00:00\",\"mainEntityOfPage\":{\"@id\":\"https:\/\/fadeu.urantiacos.cl\/en\/2019\/11\/22\/decanato-informa-15\/\"},\"wordCount\":653,\"commentCount\":0,\"image\":{\"@id\":\"https:\/\/fadeu.urantiacos.cl\/en\/2019\/11\/22\/decanato-informa-15\/#primaryimage\"},\"thumbnailUrl\":\"https:\/\/fadeu.urantiacos.cl\/wp-content\/uploads\/2023\/09\/Profesores_y_alumnos_conversando_web.jpg\",\"articleSection\":[\"Sin categorizar\"],\"inLanguage\":\"en-US\",\"potentialAction\":[{\"@type\":\"CommentAction\",\"name\":\"Comment\",\"target\":[\"https:\/\/fadeu.urantiacos.cl\/en\/2019\/11\/22\/decanato-informa-15\/#respond\"]}]},{\"@type\":\"WebPage\",\"@id\":\"https:\/\/fadeu.urantiacos.cl\/en\/2019\/11\/22\/decanato-informa-15\/\",\"url\":\"https:\/\/fadeu.urantiacos.cl\/en\/2019\/11\/22\/decanato-informa-15\/\",\"name\":\"Decanato informa 15 - Facultad de Arquitectura, Dise\u00f1o y Estudios Urbanos\",\"isPartOf\":{\"@id\":\"https:\/\/fadeu.urantiacos.cl\/en\/#website\"},\"primaryImageOfPage\":{\"@id\":\"https:\/\/fadeu.urantiacos.cl\/en\/2019\/11\/22\/decanato-informa-15\/#primaryimage\"},\"image\":{\"@id\":\"https:\/\/fadeu.urantiacos.cl\/en\/2019\/11\/22\/decanato-informa-15\/#primaryimage\"},\"thumbnailUrl\":\"https:\/\/fadeu.urantiacos.cl\/wp-content\/uploads\/2023\/09\/Profesores_y_alumnos_conversando_web.jpg\",\"datePublished\":\"2019-11-23T00:35:00+00:00\",\"dateModified\":\"2023-09-14T00:38:20+00:00\",\"author\":{\"@id\":\"https:\/\/fadeu.urantiacos.cl\/en\/#\/schema\/person\/d203e2e84b1c40275eac77b3061a19a2\"},\"description\":\"Estimada comunidad FADEU:\",\"breadcrumb\":{\"@id\":\"https:\/\/fadeu.urantiacos.cl\/en\/2019\/11\/22\/decanato-informa-15\/#breadcrumb\"},\"inLanguage\":\"en-US\",\"potentialAction\":[{\"@type\":\"ReadAction\",\"target\":[\"https:\/\/fadeu.urantiacos.cl\/en\/2019\/11\/22\/decanato-informa-15\/\"]}]},{\"@type\":\"ImageObject\",\"inLanguage\":\"en-US\",\"@id\":\"https:\/\/fadeu.urantiacos.cl\/en\/2019\/11\/22\/decanato-informa-15\/#primaryimage\",\"url\":\"https:\/\/fadeu.urantiacos.cl\/wp-content\/uploads\/2023\/09\/Profesores_y_alumnos_conversando_web.jpg\",\"contentUrl\":\"https:\/\/fadeu.urantiacos.cl\/wp-content\/uploads\/2023\/09\/Profesores_y_alumnos_conversando_web.jpg\",\"width\":350,\"height\":250},{\"@type\":\"BreadcrumbList\",\"@id\":\"https:\/\/fadeu.urantiacos.cl\/en\/2019\/11\/22\/decanato-informa-15\/#breadcrumb\",\"itemListElement\":[{\"@type\":\"ListItem\",\"position\":1,\"name\":\"Portada\",\"item\":\"https:\/\/fadeu.urantiacos.cl\/en\/\"},{\"@type\":\"ListItem\",\"position\":2,\"name\":\"Decanato informa 15\"}]},{\"@type\":\"WebSite\",\"@id\":\"https:\/\/fadeu.urantiacos.cl\/en\/#website\",\"url\":\"https:\/\/fadeu.urantiacos.cl\/en\/\",\"name\":\"Facultad de Arquitectura, Dise\u00f1o y Estudios Urbanos\",\"description\":\"Campus Lo Contador\",\"potentialAction\":[{\"@type\":\"SearchAction\",\"target\":{\"@type\":\"EntryPoint\",\"urlTemplate\":\"https:\/\/fadeu.urantiacos.cl\/en\/?s={search_term_string}\"},\"query-input\":{\"@type\":\"PropertyValueSpecification\",\"valueRequired\":true,\"valueName\":\"search_term_string\"}}],\"inLanguage\":\"en-US\"},{\"@type\":\"Person\",\"@id\":\"https:\/\/fadeu.urantiacos.cl\/en\/#\/schema\/person\/d203e2e84b1c40275eac77b3061a19a2\",\"name\":\"manadmin\",\"image\":{\"@type\":\"ImageObject\",\"inLanguage\":\"en-US\",\"@id\":\"https:\/\/fadeu.urantiacos.cl\/en\/#\/schema\/person\/image\/\",\"url\":\"https:\/\/secure.gravatar.com\/avatar\/4b1d8e3303b4a9d8968ac578947d8bc80d9aea359f388cdd4aac15cadc0e8447?s=96&d=mm&r=g\",\"contentUrl\":\"https:\/\/secure.gravatar.com\/avatar\/4b1d8e3303b4a9d8968ac578947d8bc80d9aea359f388cdd4aac15cadc0e8447?s=96&d=mm&r=g\",\"caption\":\"manadmin\"},\"sameAs\":[\"https:\/\/fadeu.urantiacos.cl\"]}]}<\/script>\n<!-- \/ Yoast SEO plugin. -->","yoast_head_json":{"title":"Decanato informa 15 - Facultad de Arquitectura, Dise\u00f1o y Estudios Urbanos","description":"Estimada comunidad FADEU:","robots":{"index":"index","follow":"follow","max-snippet":"max-snippet:-1","max-image-preview":"max-image-preview:large","max-video-preview":"max-video-preview:-1"},"canonical":"https:\/\/fadeu.urantiacos.cl\/en\/2019\/11\/22\/decanato-informa-15\/","og_locale":"en_US","og_type":"article","og_title":"Decanato informa 15 - Facultad de Arquitectura, Dise\u00f1o y Estudios Urbanos","og_description":"Estimada comunidad FADEU:","og_url":"https:\/\/fadeu.urantiacos.cl\/en\/2019\/11\/22\/decanato-informa-15\/","og_site_name":"Facultad de Arquitectura, Dise\u00f1o y Estudios Urbanos","article_published_time":"2019-11-23T00:35:00+00:00","article_modified_time":"2023-09-14T00:38:20+00:00","og_image":[{"width":350,"height":250,"url":"https:\/\/fadeu.urantiacos.cl\/wp-content\/uploads\/2023\/09\/Profesores_y_alumnos_conversando_web.jpg","type":"image\/jpeg"}],"author":"manadmin","twitter_card":"summary_large_image","twitter_misc":{"Written by":"manadmin","Est. reading time":"3 minutes"},"schema":{"@context":"https:\/\/schema.org","@graph":[{"@type":"Article","@id":"https:\/\/fadeu.urantiacos.cl\/en\/2019\/11\/22\/decanato-informa-15\/#article","isPartOf":{"@id":"https:\/\/fadeu.urantiacos.cl\/en\/2019\/11\/22\/decanato-informa-15\/"},"author":{"name":"manadmin","@id":"https:\/\/fadeu.urantiacos.cl\/en\/#\/schema\/person\/d203e2e84b1c40275eac77b3061a19a2"},"headline":"Decanato informa 15","datePublished":"2019-11-23T00:35:00+00:00","dateModified":"2023-09-14T00:38:20+00:00","mainEntityOfPage":{"@id":"https:\/\/fadeu.urantiacos.cl\/en\/2019\/11\/22\/decanato-informa-15\/"},"wordCount":653,"commentCount":0,"image":{"@id":"https:\/\/fadeu.urantiacos.cl\/en\/2019\/11\/22\/decanato-informa-15\/#primaryimage"},"thumbnailUrl":"https:\/\/fadeu.urantiacos.cl\/wp-content\/uploads\/2023\/09\/Profesores_y_alumnos_conversando_web.jpg","articleSection":["Sin categorizar"],"inLanguage":"en-US","potentialAction":[{"@type":"CommentAction","name":"Comment","target":["https:\/\/fadeu.urantiacos.cl\/en\/2019\/11\/22\/decanato-informa-15\/#respond"]}]},{"@type":"WebPage","@id":"https:\/\/fadeu.urantiacos.cl\/en\/2019\/11\/22\/decanato-informa-15\/","url":"https:\/\/fadeu.urantiacos.cl\/en\/2019\/11\/22\/decanato-informa-15\/","name":"Decanato informa 15 - Facultad de Arquitectura, Dise\u00f1o y Estudios Urbanos","isPartOf":{"@id":"https:\/\/fadeu.urantiacos.cl\/en\/#website"},"primaryImageOfPage":{"@id":"https:\/\/fadeu.urantiacos.cl\/en\/2019\/11\/22\/decanato-informa-15\/#primaryimage"},"image":{"@id":"https:\/\/fadeu.urantiacos.cl\/en\/2019\/11\/22\/decanato-informa-15\/#primaryimage"},"thumbnailUrl":"https:\/\/fadeu.urantiacos.cl\/wp-content\/uploads\/2023\/09\/Profesores_y_alumnos_conversando_web.jpg","datePublished":"2019-11-23T00:35:00+00:00","dateModified":"2023-09-14T00:38:20+00:00","author":{"@id":"https:\/\/fadeu.urantiacos.cl\/en\/#\/schema\/person\/d203e2e84b1c40275eac77b3061a19a2"},"description":"Estimada comunidad FADEU:","breadcrumb":{"@id":"https:\/\/fadeu.urantiacos.cl\/en\/2019\/11\/22\/decanato-informa-15\/#breadcrumb"},"inLanguage":"en-US","potentialAction":[{"@type":"ReadAction","target":["https:\/\/fadeu.urantiacos.cl\/en\/2019\/11\/22\/decanato-informa-15\/"]}]},{"@type":"ImageObject","inLanguage":"en-US","@id":"https:\/\/fadeu.urantiacos.cl\/en\/2019\/11\/22\/decanato-informa-15\/#primaryimage","url":"https:\/\/fadeu.urantiacos.cl\/wp-content\/uploads\/2023\/09\/Profesores_y_alumnos_conversando_web.jpg","contentUrl":"https:\/\/fadeu.urantiacos.cl\/wp-content\/uploads\/2023\/09\/Profesores_y_alumnos_conversando_web.jpg","width":350,"height":250},{"@type":"BreadcrumbList","@id":"https:\/\/fadeu.urantiacos.cl\/en\/2019\/11\/22\/decanato-informa-15\/#breadcrumb","itemListElement":[{"@type":"ListItem","position":1,"name":"Portada","item":"https:\/\/fadeu.urantiacos.cl\/en\/"},{"@type":"ListItem","position":2,"name":"Decanato informa 15"}]},{"@type":"WebSite","@id":"https:\/\/fadeu.urantiacos.cl\/en\/#website","url":"https:\/\/fadeu.urantiacos.cl\/en\/","name":"Facultad de Arquitectura, Dise\u00f1o y Estudios Urbanos","description":"Campus Lo Contador","potentialAction":[{"@type":"SearchAction","target":{"@type":"EntryPoint","urlTemplate":"https:\/\/fadeu.urantiacos.cl\/en\/?s={search_term_string}"},"query-input":{"@type":"PropertyValueSpecification","valueRequired":true,"valueName":"search_term_string"}}],"inLanguage":"en-US"},{"@type":"Person","@id":"https:\/\/fadeu.urantiacos.cl\/en\/#\/schema\/person\/d203e2e84b1c40275eac77b3061a19a2","name":"manadmin","image":{"@type":"ImageObject","inLanguage":"en-US","@id":"https:\/\/fadeu.urantiacos.cl\/en\/#\/schema\/person\/image\/","url":"https:\/\/secure.gravatar.com\/avatar\/4b1d8e3303b4a9d8968ac578947d8bc80d9aea359f388cdd4aac15cadc0e8447?s=96&d=mm&r=g","contentUrl":"https:\/\/secure.gravatar.com\/avatar\/4b1d8e3303b4a9d8968ac578947d8bc80d9aea359f388cdd4aac15cadc0e8447?s=96&d=mm&r=g","caption":"manadmin"},"sameAs":["https:\/\/fadeu.urantiacos.cl"]}]}},"_links":{"self":[{"href":"https:\/\/fadeu.urantiacos.cl\/en\/wp-json\/wp\/v2\/posts\/9887","targetHints":{"allow":["GET"]}}],"collection":[{"href":"https:\/\/fadeu.urantiacos.cl\/en\/wp-json\/wp\/v2\/posts"}],"about":[{"href":"https:\/\/fadeu.urantiacos.cl\/en\/wp-json\/wp\/v2\/types\/post"}],"author":[{"embeddable":true,"href":"https:\/\/fadeu.urantiacos.cl\/en\/wp-json\/wp\/v2\/users\/1"}],"replies":[{"embeddable":true,"href":"https:\/\/fadeu.urantiacos.cl\/en\/wp-json\/wp\/v2\/comments?post=9887"}],"version-history":[{"count":1,"href":"https:\/\/fadeu.urantiacos.cl\/en\/wp-json\/wp\/v2\/posts\/9887\/revisions"}],"predecessor-version":[{"id":9890,"href":"https:\/\/fadeu.urantiacos.cl\/en\/wp-json\/wp\/v2\/posts\/9887\/revisions\/9890"}],"wp:featuredmedia":[{"embeddable":true,"href":"https:\/\/fadeu.urantiacos.cl\/en\/wp-json\/wp\/v2\/media\/9889"}],"wp:attachment":[{"href":"https:\/\/fadeu.urantiacos.cl\/en\/wp-json\/wp\/v2\/media?parent=9887"}],"wp:term":[{"taxonomy":"category","embeddable":true,"href":"https:\/\/fadeu.urantiacos.cl\/en\/wp-json\/wp\/v2\/categories?post=9887"},{"taxonomy":"post_tag","embeddable":true,"href":"https:\/\/fadeu.urantiacos.cl\/en\/wp-json\/wp\/v2\/tags?post=9887"}],"curies":[{"name":"wp","href":"https:\/\/api.w.org\/{rel}","templated":true}]}}