{"id":9843,"date":"2019-12-02T20:56:00","date_gmt":"2019-12-02T23:56:00","guid":{"rendered":"https:\/\/fadeu.urantiacos.cl\/?p=9843"},"modified":"2023-09-13T20:58:40","modified_gmt":"2023-09-13T23:58:40","slug":"poblador-o-vecino-como-el-lenguaje-nos-separa","status":"publish","type":"post","link":"https:\/\/fadeu.urantiacos.cl\/en\/2019\/12\/02\/poblador-o-vecino-como-el-lenguaje-nos-separa\/","title":{"rendered":"\u00bfPoblador o vecino? C\u00f3mo el lenguaje nos separa"},"content":{"rendered":"\n<figure class=\"wp-block-image size-full\"><img decoding=\"async\" width=\"350\" height=\"250\" src=\"https:\/\/fadeu.urantiacos.cl\/wp-content\/uploads\/2023\/09\/poblador.jpg\" alt=\"\" class=\"wp-image-9844\" srcset=\"https:\/\/fadeu.urantiacos.cl\/wp-content\/uploads\/2023\/09\/poblador.jpg 350w, https:\/\/fadeu.urantiacos.cl\/wp-content\/uploads\/2023\/09\/poblador-300x214.jpg 300w\" sizes=\"(max-width: 350px) 100vw, 350px\" \/><\/figure>\n\n\n\n<h4 class=\"wp-block-heading\">Por Paulina Sep\u00falveda<\/h4>\n\n\n\n<p>La Tercera.com destaca que la desigualdad incluye dimensiones que van m\u00e1s all\u00e1 de la distribuci\u00f3n de recursos, como el componente simb\u00f3lico del lenguaje. Hablan los acad\u00e9micos Mar\u00eda Luisa M\u00e9ndez, investigadora del Centro de Estudios de Conflicto y Cohesi\u00f3n Social, y Javier Ruiz-Tagle, investigador del Centro de Desarrollo Urbano Sustentable.&nbsp;<\/p>\n\n\n\n<h6 class=\"wp-block-heading\">+ Revisa nota completa&nbsp;<a href=\"https:\/\/www.latercera.com\/que-pasa\/noticia\/poblador-o-vecino-como-el-lenguaje-nos-separa\/913996\/\" target=\"_blank\" rel=\"noreferrer noopener\">aqu\u00ed<\/a>.<\/h6>\n","protected":false},"excerpt":{"rendered":"<p>Por Paulina Sep\u00falveda La Tercera.com destaca que la desigualdad incluye dimensiones que van m\u00e1s all\u00e1 de la distribuci\u00f3n de recursos, como el componente simb\u00f3lico del lenguaje. Hablan los acad\u00e9micos Mar\u00eda Luisa M\u00e9ndez, investigadora del Centro de Estudios de Conflicto y Cohesi\u00f3n Social, y Javier Ruiz-Tagle, investigador del Centro de Desarrollo Urbano Sustentable.&nbsp; + Revisa nota [&hellip;]<\/p>\n","protected":false},"author":1,"featured_media":9844,"comment_status":"open","ping_status":"open","sticky":false,"template":"","format":"standard","meta":{"_acf_changed":false,"footnotes":""},"categories":[1],"tags":[],"class_list":["post-9843","post","type-post","status-publish","format-standard","has-post-thumbnail","hentry","category-sin-categorizar"],"acf":[],"yoast_head":"<!-- This site is optimized with the Yoast SEO plugin v27.1.1 - https:\/\/yoast.com\/product\/yoast-seo-wordpress\/ -->\n<title>\u00bfPoblador o vecino? C\u00f3mo el lenguaje nos separa - Facultad de Arquitectura, Dise\u00f1o y Estudios Urbanos<\/title>\n<meta name=\"description\" content=\"Por Paulina Sep\u00falveda La Tercera.com destaca que la desigualdad incluye dimensiones que van m\u00e1s all\u00e1 de la distribuci\u00f3n de recursos, como el componente\" \/>\n<meta name=\"robots\" content=\"index, follow, max-snippet:-1, max-image-preview:large, max-video-preview:-1\" \/>\n<link rel=\"canonical\" href=\"https:\/\/fadeu.urantiacos.cl\/en\/2019\/12\/02\/poblador-o-vecino-como-el-lenguaje-nos-separa\/\" \/>\n<meta property=\"og:locale\" content=\"en_US\" \/>\n<meta property=\"og:type\" content=\"article\" \/>\n<meta property=\"og:title\" content=\"\u00bfPoblador o vecino? C\u00f3mo el lenguaje nos separa - Facultad de Arquitectura, Dise\u00f1o y Estudios Urbanos\" \/>\n<meta property=\"og:description\" content=\"Por Paulina Sep\u00falveda La Tercera.com destaca que la desigualdad incluye dimensiones que van m\u00e1s all\u00e1 de la distribuci\u00f3n de recursos, como el componente\" \/>\n<meta property=\"og:url\" content=\"https:\/\/fadeu.urantiacos.cl\/en\/2019\/12\/02\/poblador-o-vecino-como-el-lenguaje-nos-separa\/\" \/>\n<meta property=\"og:site_name\" content=\"Facultad de Arquitectura, Dise\u00f1o y Estudios Urbanos\" \/>\n<meta property=\"article:published_time\" content=\"2019-12-02T23:56:00+00:00\" \/>\n<meta property=\"article:modified_time\" content=\"2023-09-13T23:58:40+00:00\" \/>\n<meta property=\"og:image\" content=\"https:\/\/fadeu.urantiacos.cl\/wp-content\/uploads\/2023\/09\/poblador.jpg\" \/>\n\t<meta property=\"og:image:width\" content=\"350\" \/>\n\t<meta property=\"og:image:height\" content=\"250\" \/>\n\t<meta property=\"og:image:type\" content=\"image\/jpeg\" \/>\n<meta name=\"author\" content=\"manadmin\" \/>\n<meta name=\"twitter:card\" content=\"summary_large_image\" \/>\n<meta name=\"twitter:label1\" content=\"Written by\" \/>\n\t<meta name=\"twitter:data1\" content=\"manadmin\" \/>\n<script type=\"application\/ld+json\" class=\"yoast-schema-graph\">{\"@context\":\"https:\/\/schema.org\",\"@graph\":[{\"@type\":\"Article\",\"@id\":\"https:\/\/fadeu.urantiacos.cl\/en\/2019\/12\/02\/poblador-o-vecino-como-el-lenguaje-nos-separa\/#article\",\"isPartOf\":{\"@id\":\"https:\/\/fadeu.urantiacos.cl\/en\/2019\/12\/02\/poblador-o-vecino-como-el-lenguaje-nos-separa\/\"},\"author\":{\"name\":\"manadmin\",\"@id\":\"https:\/\/fadeu.urantiacos.cl\/en\/#\/schema\/person\/d203e2e84b1c40275eac77b3061a19a2\"},\"headline\":\"\u00bfPoblador o vecino? C\u00f3mo el lenguaje nos separa\",\"datePublished\":\"2019-12-02T23:56:00+00:00\",\"dateModified\":\"2023-09-13T23:58:40+00:00\",\"mainEntityOfPage\":{\"@id\":\"https:\/\/fadeu.urantiacos.cl\/en\/2019\/12\/02\/poblador-o-vecino-como-el-lenguaje-nos-separa\/\"},\"wordCount\":76,\"commentCount\":0,\"image\":{\"@id\":\"https:\/\/fadeu.urantiacos.cl\/en\/2019\/12\/02\/poblador-o-vecino-como-el-lenguaje-nos-separa\/#primaryimage\"},\"thumbnailUrl\":\"https:\/\/fadeu.urantiacos.cl\/wp-content\/uploads\/2023\/09\/poblador.jpg\",\"articleSection\":[\"Sin categorizar\"],\"inLanguage\":\"en-US\",\"potentialAction\":[{\"@type\":\"CommentAction\",\"name\":\"Comment\",\"target\":[\"https:\/\/fadeu.urantiacos.cl\/en\/2019\/12\/02\/poblador-o-vecino-como-el-lenguaje-nos-separa\/#respond\"]}]},{\"@type\":\"WebPage\",\"@id\":\"https:\/\/fadeu.urantiacos.cl\/en\/2019\/12\/02\/poblador-o-vecino-como-el-lenguaje-nos-separa\/\",\"url\":\"https:\/\/fadeu.urantiacos.cl\/en\/2019\/12\/02\/poblador-o-vecino-como-el-lenguaje-nos-separa\/\",\"name\":\"\u00bfPoblador o vecino? C\u00f3mo el lenguaje nos separa - Facultad de Arquitectura, Dise\u00f1o y Estudios Urbanos\",\"isPartOf\":{\"@id\":\"https:\/\/fadeu.urantiacos.cl\/en\/#website\"},\"primaryImageOfPage\":{\"@id\":\"https:\/\/fadeu.urantiacos.cl\/en\/2019\/12\/02\/poblador-o-vecino-como-el-lenguaje-nos-separa\/#primaryimage\"},\"image\":{\"@id\":\"https:\/\/fadeu.urantiacos.cl\/en\/2019\/12\/02\/poblador-o-vecino-como-el-lenguaje-nos-separa\/#primaryimage\"},\"thumbnailUrl\":\"https:\/\/fadeu.urantiacos.cl\/wp-content\/uploads\/2023\/09\/poblador.jpg\",\"datePublished\":\"2019-12-02T23:56:00+00:00\",\"dateModified\":\"2023-09-13T23:58:40+00:00\",\"author\":{\"@id\":\"https:\/\/fadeu.urantiacos.cl\/en\/#\/schema\/person\/d203e2e84b1c40275eac77b3061a19a2\"},\"description\":\"Por Paulina Sep\u00falveda La Tercera.com destaca que la desigualdad incluye dimensiones que van m\u00e1s all\u00e1 de la distribuci\u00f3n de recursos, como el componente\",\"breadcrumb\":{\"@id\":\"https:\/\/fadeu.urantiacos.cl\/en\/2019\/12\/02\/poblador-o-vecino-como-el-lenguaje-nos-separa\/#breadcrumb\"},\"inLanguage\":\"en-US\",\"potentialAction\":[{\"@type\":\"ReadAction\",\"target\":[\"https:\/\/fadeu.urantiacos.cl\/en\/2019\/12\/02\/poblador-o-vecino-como-el-lenguaje-nos-separa\/\"]}]},{\"@type\":\"ImageObject\",\"inLanguage\":\"en-US\",\"@id\":\"https:\/\/fadeu.urantiacos.cl\/en\/2019\/12\/02\/poblador-o-vecino-como-el-lenguaje-nos-separa\/#primaryimage\",\"url\":\"https:\/\/fadeu.urantiacos.cl\/wp-content\/uploads\/2023\/09\/poblador.jpg\",\"contentUrl\":\"https:\/\/fadeu.urantiacos.cl\/wp-content\/uploads\/2023\/09\/poblador.jpg\",\"width\":350,\"height\":250},{\"@type\":\"BreadcrumbList\",\"@id\":\"https:\/\/fadeu.urantiacos.cl\/en\/2019\/12\/02\/poblador-o-vecino-como-el-lenguaje-nos-separa\/#breadcrumb\",\"itemListElement\":[{\"@type\":\"ListItem\",\"position\":1,\"name\":\"Portada\",\"item\":\"https:\/\/fadeu.urantiacos.cl\/en\/\"},{\"@type\":\"ListItem\",\"position\":2,\"name\":\"\u00bfPoblador o vecino? C\u00f3mo el lenguaje nos separa\"}]},{\"@type\":\"WebSite\",\"@id\":\"https:\/\/fadeu.urantiacos.cl\/en\/#website\",\"url\":\"https:\/\/fadeu.urantiacos.cl\/en\/\",\"name\":\"Facultad de Arquitectura, Dise\u00f1o y Estudios Urbanos\",\"description\":\"Campus Lo Contador\",\"potentialAction\":[{\"@type\":\"SearchAction\",\"target\":{\"@type\":\"EntryPoint\",\"urlTemplate\":\"https:\/\/fadeu.urantiacos.cl\/en\/?s={search_term_string}\"},\"query-input\":{\"@type\":\"PropertyValueSpecification\",\"valueRequired\":true,\"valueName\":\"search_term_string\"}}],\"inLanguage\":\"en-US\"},{\"@type\":\"Person\",\"@id\":\"https:\/\/fadeu.urantiacos.cl\/en\/#\/schema\/person\/d203e2e84b1c40275eac77b3061a19a2\",\"name\":\"manadmin\",\"image\":{\"@type\":\"ImageObject\",\"inLanguage\":\"en-US\",\"@id\":\"https:\/\/fadeu.urantiacos.cl\/en\/#\/schema\/person\/image\/\",\"url\":\"https:\/\/secure.gravatar.com\/avatar\/4b1d8e3303b4a9d8968ac578947d8bc80d9aea359f388cdd4aac15cadc0e8447?s=96&d=mm&r=g\",\"contentUrl\":\"https:\/\/secure.gravatar.com\/avatar\/4b1d8e3303b4a9d8968ac578947d8bc80d9aea359f388cdd4aac15cadc0e8447?s=96&d=mm&r=g\",\"caption\":\"manadmin\"},\"sameAs\":[\"https:\/\/fadeu.urantiacos.cl\"]}]}<\/script>\n<!-- \/ Yoast SEO plugin. -->","yoast_head_json":{"title":"\u00bfPoblador o vecino? C\u00f3mo el lenguaje nos separa - Facultad de Arquitectura, Dise\u00f1o y Estudios Urbanos","description":"Por Paulina Sep\u00falveda La Tercera.com destaca que la desigualdad incluye dimensiones que van m\u00e1s all\u00e1 de la distribuci\u00f3n de recursos, como el componente","robots":{"index":"index","follow":"follow","max-snippet":"max-snippet:-1","max-image-preview":"max-image-preview:large","max-video-preview":"max-video-preview:-1"},"canonical":"https:\/\/fadeu.urantiacos.cl\/en\/2019\/12\/02\/poblador-o-vecino-como-el-lenguaje-nos-separa\/","og_locale":"en_US","og_type":"article","og_title":"\u00bfPoblador o vecino? C\u00f3mo el lenguaje nos separa - Facultad de Arquitectura, Dise\u00f1o y Estudios Urbanos","og_description":"Por Paulina Sep\u00falveda La Tercera.com destaca que la desigualdad incluye dimensiones que van m\u00e1s all\u00e1 de la distribuci\u00f3n de recursos, como el componente","og_url":"https:\/\/fadeu.urantiacos.cl\/en\/2019\/12\/02\/poblador-o-vecino-como-el-lenguaje-nos-separa\/","og_site_name":"Facultad de Arquitectura, Dise\u00f1o y Estudios Urbanos","article_published_time":"2019-12-02T23:56:00+00:00","article_modified_time":"2023-09-13T23:58:40+00:00","og_image":[{"width":350,"height":250,"url":"https:\/\/fadeu.urantiacos.cl\/wp-content\/uploads\/2023\/09\/poblador.jpg","type":"image\/jpeg"}],"author":"manadmin","twitter_card":"summary_large_image","twitter_misc":{"Written by":"manadmin"},"schema":{"@context":"https:\/\/schema.org","@graph":[{"@type":"Article","@id":"https:\/\/fadeu.urantiacos.cl\/en\/2019\/12\/02\/poblador-o-vecino-como-el-lenguaje-nos-separa\/#article","isPartOf":{"@id":"https:\/\/fadeu.urantiacos.cl\/en\/2019\/12\/02\/poblador-o-vecino-como-el-lenguaje-nos-separa\/"},"author":{"name":"manadmin","@id":"https:\/\/fadeu.urantiacos.cl\/en\/#\/schema\/person\/d203e2e84b1c40275eac77b3061a19a2"},"headline":"\u00bfPoblador o vecino? C\u00f3mo el lenguaje nos separa","datePublished":"2019-12-02T23:56:00+00:00","dateModified":"2023-09-13T23:58:40+00:00","mainEntityOfPage":{"@id":"https:\/\/fadeu.urantiacos.cl\/en\/2019\/12\/02\/poblador-o-vecino-como-el-lenguaje-nos-separa\/"},"wordCount":76,"commentCount":0,"image":{"@id":"https:\/\/fadeu.urantiacos.cl\/en\/2019\/12\/02\/poblador-o-vecino-como-el-lenguaje-nos-separa\/#primaryimage"},"thumbnailUrl":"https:\/\/fadeu.urantiacos.cl\/wp-content\/uploads\/2023\/09\/poblador.jpg","articleSection":["Sin categorizar"],"inLanguage":"en-US","potentialAction":[{"@type":"CommentAction","name":"Comment","target":["https:\/\/fadeu.urantiacos.cl\/en\/2019\/12\/02\/poblador-o-vecino-como-el-lenguaje-nos-separa\/#respond"]}]},{"@type":"WebPage","@id":"https:\/\/fadeu.urantiacos.cl\/en\/2019\/12\/02\/poblador-o-vecino-como-el-lenguaje-nos-separa\/","url":"https:\/\/fadeu.urantiacos.cl\/en\/2019\/12\/02\/poblador-o-vecino-como-el-lenguaje-nos-separa\/","name":"\u00bfPoblador o vecino? C\u00f3mo el lenguaje nos separa - Facultad de Arquitectura, Dise\u00f1o y Estudios Urbanos","isPartOf":{"@id":"https:\/\/fadeu.urantiacos.cl\/en\/#website"},"primaryImageOfPage":{"@id":"https:\/\/fadeu.urantiacos.cl\/en\/2019\/12\/02\/poblador-o-vecino-como-el-lenguaje-nos-separa\/#primaryimage"},"image":{"@id":"https:\/\/fadeu.urantiacos.cl\/en\/2019\/12\/02\/poblador-o-vecino-como-el-lenguaje-nos-separa\/#primaryimage"},"thumbnailUrl":"https:\/\/fadeu.urantiacos.cl\/wp-content\/uploads\/2023\/09\/poblador.jpg","datePublished":"2019-12-02T23:56:00+00:00","dateModified":"2023-09-13T23:58:40+00:00","author":{"@id":"https:\/\/fadeu.urantiacos.cl\/en\/#\/schema\/person\/d203e2e84b1c40275eac77b3061a19a2"},"description":"Por Paulina Sep\u00falveda La Tercera.com destaca que la desigualdad incluye dimensiones que van m\u00e1s all\u00e1 de la distribuci\u00f3n de recursos, como el componente","breadcrumb":{"@id":"https:\/\/fadeu.urantiacos.cl\/en\/2019\/12\/02\/poblador-o-vecino-como-el-lenguaje-nos-separa\/#breadcrumb"},"inLanguage":"en-US","potentialAction":[{"@type":"ReadAction","target":["https:\/\/fadeu.urantiacos.cl\/en\/2019\/12\/02\/poblador-o-vecino-como-el-lenguaje-nos-separa\/"]}]},{"@type":"ImageObject","inLanguage":"en-US","@id":"https:\/\/fadeu.urantiacos.cl\/en\/2019\/12\/02\/poblador-o-vecino-como-el-lenguaje-nos-separa\/#primaryimage","url":"https:\/\/fadeu.urantiacos.cl\/wp-content\/uploads\/2023\/09\/poblador.jpg","contentUrl":"https:\/\/fadeu.urantiacos.cl\/wp-content\/uploads\/2023\/09\/poblador.jpg","width":350,"height":250},{"@type":"BreadcrumbList","@id":"https:\/\/fadeu.urantiacos.cl\/en\/2019\/12\/02\/poblador-o-vecino-como-el-lenguaje-nos-separa\/#breadcrumb","itemListElement":[{"@type":"ListItem","position":1,"name":"Portada","item":"https:\/\/fadeu.urantiacos.cl\/en\/"},{"@type":"ListItem","position":2,"name":"\u00bfPoblador o vecino? C\u00f3mo el lenguaje nos separa"}]},{"@type":"WebSite","@id":"https:\/\/fadeu.urantiacos.cl\/en\/#website","url":"https:\/\/fadeu.urantiacos.cl\/en\/","name":"Facultad de Arquitectura, Dise\u00f1o y Estudios Urbanos","description":"Campus Lo Contador","potentialAction":[{"@type":"SearchAction","target":{"@type":"EntryPoint","urlTemplate":"https:\/\/fadeu.urantiacos.cl\/en\/?s={search_term_string}"},"query-input":{"@type":"PropertyValueSpecification","valueRequired":true,"valueName":"search_term_string"}}],"inLanguage":"en-US"},{"@type":"Person","@id":"https:\/\/fadeu.urantiacos.cl\/en\/#\/schema\/person\/d203e2e84b1c40275eac77b3061a19a2","name":"manadmin","image":{"@type":"ImageObject","inLanguage":"en-US","@id":"https:\/\/fadeu.urantiacos.cl\/en\/#\/schema\/person\/image\/","url":"https:\/\/secure.gravatar.com\/avatar\/4b1d8e3303b4a9d8968ac578947d8bc80d9aea359f388cdd4aac15cadc0e8447?s=96&d=mm&r=g","contentUrl":"https:\/\/secure.gravatar.com\/avatar\/4b1d8e3303b4a9d8968ac578947d8bc80d9aea359f388cdd4aac15cadc0e8447?s=96&d=mm&r=g","caption":"manadmin"},"sameAs":["https:\/\/fadeu.urantiacos.cl"]}]}},"_links":{"self":[{"href":"https:\/\/fadeu.urantiacos.cl\/en\/wp-json\/wp\/v2\/posts\/9843","targetHints":{"allow":["GET"]}}],"collection":[{"href":"https:\/\/fadeu.urantiacos.cl\/en\/wp-json\/wp\/v2\/posts"}],"about":[{"href":"https:\/\/fadeu.urantiacos.cl\/en\/wp-json\/wp\/v2\/types\/post"}],"author":[{"embeddable":true,"href":"https:\/\/fadeu.urantiacos.cl\/en\/wp-json\/wp\/v2\/users\/1"}],"replies":[{"embeddable":true,"href":"https:\/\/fadeu.urantiacos.cl\/en\/wp-json\/wp\/v2\/comments?post=9843"}],"version-history":[{"count":1,"href":"https:\/\/fadeu.urantiacos.cl\/en\/wp-json\/wp\/v2\/posts\/9843\/revisions"}],"predecessor-version":[{"id":9845,"href":"https:\/\/fadeu.urantiacos.cl\/en\/wp-json\/wp\/v2\/posts\/9843\/revisions\/9845"}],"wp:featuredmedia":[{"embeddable":true,"href":"https:\/\/fadeu.urantiacos.cl\/en\/wp-json\/wp\/v2\/media\/9844"}],"wp:attachment":[{"href":"https:\/\/fadeu.urantiacos.cl\/en\/wp-json\/wp\/v2\/media?parent=9843"}],"wp:term":[{"taxonomy":"category","embeddable":true,"href":"https:\/\/fadeu.urantiacos.cl\/en\/wp-json\/wp\/v2\/categories?post=9843"},{"taxonomy":"post_tag","embeddable":true,"href":"https:\/\/fadeu.urantiacos.cl\/en\/wp-json\/wp\/v2\/tags?post=9843"}],"curies":[{"name":"wp","href":"https:\/\/api.w.org\/{rel}","templated":true}]}}