{"id":9838,"date":"2019-12-02T20:53:00","date_gmt":"2019-12-02T23:53:00","guid":{"rendered":"https:\/\/fadeu.urantiacos.cl\/?p=9838"},"modified":"2023-09-13T20:56:44","modified_gmt":"2023-09-13T23:56:44","slug":"rodrigo-ramirez-participa-como-keynote-speakers-en-conferencia-en-china","status":"publish","type":"post","link":"https:\/\/fadeu.urantiacos.cl\/en\/2019\/12\/02\/rodrigo-ramirez-participa-como-keynote-speakers-en-conferencia-en-china\/","title":{"rendered":"Rodrigo Ram\u00edrez participa como keynote speakers en conferencia en China"},"content":{"rendered":"\n<figure class=\"wp-block-image size-full\"><img decoding=\"async\" width=\"350\" height=\"250\" src=\"https:\/\/fadeu.urantiacos.cl\/wp-content\/uploads\/2023\/09\/Rodrigo-Ramirez-1024x683_chica.jpg\" alt=\"\" class=\"wp-image-9839\" srcset=\"https:\/\/fadeu.urantiacos.cl\/wp-content\/uploads\/2023\/09\/Rodrigo-Ramirez-1024x683_chica.jpg 350w, https:\/\/fadeu.urantiacos.cl\/wp-content\/uploads\/2023\/09\/Rodrigo-Ramirez-1024x683_chica-300x214.jpg 300w\" sizes=\"(max-width: 350px) 100vw, 350px\" \/><\/figure>\n\n\n\n<p>En paralelo, el docente y director dict\u00f3 el taller: Informaci\u00f3n Visual para Emergencias, donde estudiantes de pre y postgrado de la mencionada casa de estudios, trabajaron en torno a desaf\u00edos de informaci\u00f3n para la emergencia utilizando los \u00edconos Guemil, herramienta visual que permiti\u00f3 transformar la actividad en una genuina experiencia intercultural.<\/p>\n\n\n\n<p><strong>La Conferencia<\/strong><\/p>\n\n\n\n<p>A partir de 2016, la Universidad de Jiangnan ha sido anfitriona de la serie de la&nbsp;Conferencia Internacional Design for Transition&nbsp;para iniciar las discusiones sobre la transici\u00f3n y las exploraciones sobre la educaci\u00f3n, la investigaci\u00f3n y las pr\u00e1cticas de dise\u00f1o en la nueva era, y para compartir las experiencias y los resultados acad\u00e9micos de la industria interdisciplinaria e industrial. nuevas pr\u00e1cticas en la disciplina internacional del dise\u00f1o. Sobre la base de las discusiones en los \u00faltimos tres a\u00f1os sobre&nbsp;&nbsp;Investigaci\u00f3n de dise\u00f1o: La transformaci\u00f3n de la tecnolog\u00eda y los significados&nbsp;&nbsp;(2016),&nbsp;Marco de dise\u00f1o: Creatividad sostenible del dise\u00f1o&nbsp;&nbsp;(2017)&nbsp;y Oportunidades de transici\u00f3n y dise\u00f1o difusas&nbsp;&nbsp;( 2018), en la Conferencia a la continuar la discusi\u00f3n por Will el presente a\u00f1o a partir de octubre de 24&nbsp; al 26&nbsp;bajo el tema de&nbsp;Nueva vista del sistema en Transiciones de dise\u00f1o.<\/p>\n\n\n\n<figure class=\"wp-block-image size-full\"><img decoding=\"async\" width=\"768\" height=\"512\" src=\"https:\/\/fadeu.urantiacos.cl\/wp-content\/uploads\/2023\/09\/Rodrigo-talk-768x512-1.jpg\" alt=\"\" class=\"wp-image-9840\" srcset=\"https:\/\/fadeu.urantiacos.cl\/wp-content\/uploads\/2023\/09\/Rodrigo-talk-768x512-1.jpg 768w, https:\/\/fadeu.urantiacos.cl\/wp-content\/uploads\/2023\/09\/Rodrigo-talk-768x512-1-300x200.jpg 300w\" sizes=\"(max-width: 768px) 100vw, 768px\" \/><\/figure>\n\n\n\n<figure class=\"wp-block-image size-full\"><img decoding=\"async\" width=\"742\" height=\"532\" src=\"https:\/\/fadeu.urantiacos.cl\/wp-content\/uploads\/2023\/09\/Captura-de-pantalla-2019-11-28-a-las-13.10.44.png\" alt=\"\" class=\"wp-image-9841\" srcset=\"https:\/\/fadeu.urantiacos.cl\/wp-content\/uploads\/2023\/09\/Captura-de-pantalla-2019-11-28-a-las-13.10.44.png 742w, https:\/\/fadeu.urantiacos.cl\/wp-content\/uploads\/2023\/09\/Captura-de-pantalla-2019-11-28-a-las-13.10.44-300x215.png 300w\" sizes=\"(max-width: 742px) 100vw, 742px\" \/><\/figure>\n\n\n\n<p>INFOMACI\u00d3N PERIOD\u00cdSTICA<br>ESCUELA DE DISE\u00d1O UC<\/p>\n","protected":false},"excerpt":{"rendered":"<p>En el marco de la Cuarta Conferencia \u201cDesign for Transition International Conference\u201d, desarrollada en la Escuela de Dise\u00f1o, de Jiangnan University en Wuxi, China, en octubre pasado, el director de la Escuela de Dise\u00f1o, Rodrigo Ram\u00edrez, fue invitado a participar como  keynote speakers con conferencia \u201cTransitive: Information to \u2018experience\u2019 the Emergency\u201d donde abord\u00f3 el c\u00f3mo desde la informaci\u00f3n visual bien dise\u00f1ada, se puede abordar las experiencias de emergencia en escenarios disruptivos, y c\u00f3mo la Escuela de Dise\u00f1o UC las ha llevado cabo en los \u00faltimos a\u00f1os.<\/p>\n","protected":false},"author":1,"featured_media":9839,"comment_status":"open","ping_status":"open","sticky":false,"template":"","format":"standard","meta":{"_acf_changed":false,"footnotes":""},"categories":[1],"tags":[],"class_list":["post-9838","post","type-post","status-publish","format-standard","has-post-thumbnail","hentry","category-sin-categorizar"],"acf":[],"yoast_head":"<!-- This site is optimized with the Yoast SEO plugin v27.1.1 - https:\/\/yoast.com\/product\/yoast-seo-wordpress\/ -->\n<title>Rodrigo Ram\u00edrez participa como keynote speakers en conferencia en China - Facultad de Arquitectura, Dise\u00f1o y Estudios Urbanos<\/title>\n<meta name=\"description\" content=\"En el marco de la Cuarta Conferencia \u201cDesign for Transition International Conference\u201d, desarrollada en la Escuela de Dise\u00f1o, de Jiangnan University en Wuxi, China, en octubre pasado, el director de la Escuela de Dise\u00f1o, Rodrigo Ram\u00edrez, fue invitado a participar como keynote speakers con conferencia \u201cTransitive: Information to \u2018experience\u2019 the Emergency\u201d donde abord\u00f3 el c\u00f3mo desde la informaci\u00f3n visual bien dise\u00f1ada, se puede abordar las experiencias de emergencia en escenarios disruptivos, y c\u00f3mo la Escuela de Dise\u00f1o UC las ha llevado cabo en los \u00faltimos a\u00f1os.\" \/>\n<meta name=\"robots\" content=\"index, follow, max-snippet:-1, max-image-preview:large, max-video-preview:-1\" \/>\n<link rel=\"canonical\" href=\"https:\/\/fadeu.urantiacos.cl\/en\/2019\/12\/02\/rodrigo-ramirez-participa-como-keynote-speakers-en-conferencia-en-china\/\" \/>\n<meta property=\"og:locale\" content=\"en_US\" \/>\n<meta property=\"og:type\" content=\"article\" \/>\n<meta property=\"og:title\" content=\"Rodrigo Ram\u00edrez participa como keynote speakers en conferencia en China - Facultad de Arquitectura, Dise\u00f1o y Estudios Urbanos\" \/>\n<meta property=\"og:description\" content=\"En el marco de la Cuarta Conferencia \u201cDesign for Transition International Conference\u201d, desarrollada en la Escuela de Dise\u00f1o, de Jiangnan University en Wuxi, China, en octubre pasado, el director de la Escuela de Dise\u00f1o, Rodrigo Ram\u00edrez, fue invitado a participar como keynote speakers con conferencia \u201cTransitive: Information to \u2018experience\u2019 the Emergency\u201d donde abord\u00f3 el c\u00f3mo desde la informaci\u00f3n visual bien dise\u00f1ada, se puede abordar las experiencias de emergencia en escenarios disruptivos, y c\u00f3mo la Escuela de Dise\u00f1o UC las ha llevado cabo en los \u00faltimos a\u00f1os.\" \/>\n<meta property=\"og:url\" content=\"https:\/\/fadeu.urantiacos.cl\/en\/2019\/12\/02\/rodrigo-ramirez-participa-como-keynote-speakers-en-conferencia-en-china\/\" \/>\n<meta property=\"og:site_name\" content=\"Facultad de Arquitectura, Dise\u00f1o y Estudios Urbanos\" \/>\n<meta property=\"article:published_time\" content=\"2019-12-02T23:53:00+00:00\" \/>\n<meta property=\"article:modified_time\" content=\"2023-09-13T23:56:44+00:00\" \/>\n<meta property=\"og:image\" content=\"https:\/\/fadeu.urantiacos.cl\/wp-content\/uploads\/2023\/09\/Rodrigo-Ramirez-1024x683_chica.jpg\" \/>\n\t<meta property=\"og:image:width\" content=\"350\" \/>\n\t<meta property=\"og:image:height\" content=\"250\" \/>\n\t<meta property=\"og:image:type\" content=\"image\/jpeg\" \/>\n<meta name=\"author\" content=\"manadmin\" \/>\n<meta name=\"twitter:card\" content=\"summary_large_image\" \/>\n<meta name=\"twitter:label1\" content=\"Written by\" \/>\n\t<meta name=\"twitter:data1\" content=\"manadmin\" \/>\n\t<meta name=\"twitter:label2\" content=\"Est. reading time\" \/>\n\t<meta name=\"twitter:data2\" content=\"1 minute\" \/>\n<script type=\"application\/ld+json\" class=\"yoast-schema-graph\">{\"@context\":\"https:\/\/schema.org\",\"@graph\":[{\"@type\":\"Article\",\"@id\":\"https:\/\/fadeu.urantiacos.cl\/en\/2019\/12\/02\/rodrigo-ramirez-participa-como-keynote-speakers-en-conferencia-en-china\/#article\",\"isPartOf\":{\"@id\":\"https:\/\/fadeu.urantiacos.cl\/en\/2019\/12\/02\/rodrigo-ramirez-participa-como-keynote-speakers-en-conferencia-en-china\/\"},\"author\":{\"name\":\"manadmin\",\"@id\":\"https:\/\/fadeu.urantiacos.cl\/en\/#\/schema\/person\/d203e2e84b1c40275eac77b3061a19a2\"},\"headline\":\"Rodrigo Ram\u00edrez participa como keynote speakers en conferencia en China\",\"datePublished\":\"2019-12-02T23:53:00+00:00\",\"dateModified\":\"2023-09-13T23:56:44+00:00\",\"mainEntityOfPage\":{\"@id\":\"https:\/\/fadeu.urantiacos.cl\/en\/2019\/12\/02\/rodrigo-ramirez-participa-como-keynote-speakers-en-conferencia-en-china\/\"},\"wordCount\":245,\"commentCount\":0,\"image\":{\"@id\":\"https:\/\/fadeu.urantiacos.cl\/en\/2019\/12\/02\/rodrigo-ramirez-participa-como-keynote-speakers-en-conferencia-en-china\/#primaryimage\"},\"thumbnailUrl\":\"https:\/\/fadeu.urantiacos.cl\/wp-content\/uploads\/2023\/09\/Rodrigo-Ramirez-1024x683_chica.jpg\",\"articleSection\":[\"Sin categorizar\"],\"inLanguage\":\"en-US\",\"potentialAction\":[{\"@type\":\"CommentAction\",\"name\":\"Comment\",\"target\":[\"https:\/\/fadeu.urantiacos.cl\/en\/2019\/12\/02\/rodrigo-ramirez-participa-como-keynote-speakers-en-conferencia-en-china\/#respond\"]}]},{\"@type\":\"WebPage\",\"@id\":\"https:\/\/fadeu.urantiacos.cl\/en\/2019\/12\/02\/rodrigo-ramirez-participa-como-keynote-speakers-en-conferencia-en-china\/\",\"url\":\"https:\/\/fadeu.urantiacos.cl\/en\/2019\/12\/02\/rodrigo-ramirez-participa-como-keynote-speakers-en-conferencia-en-china\/\",\"name\":\"Rodrigo Ram\u00edrez participa como keynote speakers en conferencia en China - Facultad de Arquitectura, Dise\u00f1o y Estudios Urbanos\",\"isPartOf\":{\"@id\":\"https:\/\/fadeu.urantiacos.cl\/en\/#website\"},\"primaryImageOfPage\":{\"@id\":\"https:\/\/fadeu.urantiacos.cl\/en\/2019\/12\/02\/rodrigo-ramirez-participa-como-keynote-speakers-en-conferencia-en-china\/#primaryimage\"},\"image\":{\"@id\":\"https:\/\/fadeu.urantiacos.cl\/en\/2019\/12\/02\/rodrigo-ramirez-participa-como-keynote-speakers-en-conferencia-en-china\/#primaryimage\"},\"thumbnailUrl\":\"https:\/\/fadeu.urantiacos.cl\/wp-content\/uploads\/2023\/09\/Rodrigo-Ramirez-1024x683_chica.jpg\",\"datePublished\":\"2019-12-02T23:53:00+00:00\",\"dateModified\":\"2023-09-13T23:56:44+00:00\",\"author\":{\"@id\":\"https:\/\/fadeu.urantiacos.cl\/en\/#\/schema\/person\/d203e2e84b1c40275eac77b3061a19a2\"},\"description\":\"En el marco de la Cuarta Conferencia \u201cDesign for Transition International Conference\u201d, desarrollada en la Escuela de Dise\u00f1o, de Jiangnan University en Wuxi, China, en octubre pasado, el director de la Escuela de Dise\u00f1o, Rodrigo Ram\u00edrez, fue invitado a participar como keynote speakers con conferencia \u201cTransitive: Information to \u2018experience\u2019 the Emergency\u201d donde abord\u00f3 el c\u00f3mo desde la informaci\u00f3n visual bien dise\u00f1ada, se puede abordar las experiencias de emergencia en escenarios disruptivos, y c\u00f3mo la Escuela de Dise\u00f1o UC las ha llevado cabo en los \u00faltimos a\u00f1os.\",\"breadcrumb\":{\"@id\":\"https:\/\/fadeu.urantiacos.cl\/en\/2019\/12\/02\/rodrigo-ramirez-participa-como-keynote-speakers-en-conferencia-en-china\/#breadcrumb\"},\"inLanguage\":\"en-US\",\"potentialAction\":[{\"@type\":\"ReadAction\",\"target\":[\"https:\/\/fadeu.urantiacos.cl\/en\/2019\/12\/02\/rodrigo-ramirez-participa-como-keynote-speakers-en-conferencia-en-china\/\"]}]},{\"@type\":\"ImageObject\",\"inLanguage\":\"en-US\",\"@id\":\"https:\/\/fadeu.urantiacos.cl\/en\/2019\/12\/02\/rodrigo-ramirez-participa-como-keynote-speakers-en-conferencia-en-china\/#primaryimage\",\"url\":\"https:\/\/fadeu.urantiacos.cl\/wp-content\/uploads\/2023\/09\/Rodrigo-Ramirez-1024x683_chica.jpg\",\"contentUrl\":\"https:\/\/fadeu.urantiacos.cl\/wp-content\/uploads\/2023\/09\/Rodrigo-Ramirez-1024x683_chica.jpg\",\"width\":350,\"height\":250},{\"@type\":\"BreadcrumbList\",\"@id\":\"https:\/\/fadeu.urantiacos.cl\/en\/2019\/12\/02\/rodrigo-ramirez-participa-como-keynote-speakers-en-conferencia-en-china\/#breadcrumb\",\"itemListElement\":[{\"@type\":\"ListItem\",\"position\":1,\"name\":\"Portada\",\"item\":\"https:\/\/fadeu.urantiacos.cl\/en\/\"},{\"@type\":\"ListItem\",\"position\":2,\"name\":\"Rodrigo Ram\u00edrez participa como keynote speakers en conferencia en China\"}]},{\"@type\":\"WebSite\",\"@id\":\"https:\/\/fadeu.urantiacos.cl\/en\/#website\",\"url\":\"https:\/\/fadeu.urantiacos.cl\/en\/\",\"name\":\"Facultad de Arquitectura, Dise\u00f1o y Estudios Urbanos\",\"description\":\"Campus Lo Contador\",\"potentialAction\":[{\"@type\":\"SearchAction\",\"target\":{\"@type\":\"EntryPoint\",\"urlTemplate\":\"https:\/\/fadeu.urantiacos.cl\/en\/?s={search_term_string}\"},\"query-input\":{\"@type\":\"PropertyValueSpecification\",\"valueRequired\":true,\"valueName\":\"search_term_string\"}}],\"inLanguage\":\"en-US\"},{\"@type\":\"Person\",\"@id\":\"https:\/\/fadeu.urantiacos.cl\/en\/#\/schema\/person\/d203e2e84b1c40275eac77b3061a19a2\",\"name\":\"manadmin\",\"image\":{\"@type\":\"ImageObject\",\"inLanguage\":\"en-US\",\"@id\":\"https:\/\/fadeu.urantiacos.cl\/en\/#\/schema\/person\/image\/\",\"url\":\"https:\/\/secure.gravatar.com\/avatar\/4b1d8e3303b4a9d8968ac578947d8bc80d9aea359f388cdd4aac15cadc0e8447?s=96&d=mm&r=g\",\"contentUrl\":\"https:\/\/secure.gravatar.com\/avatar\/4b1d8e3303b4a9d8968ac578947d8bc80d9aea359f388cdd4aac15cadc0e8447?s=96&d=mm&r=g\",\"caption\":\"manadmin\"},\"sameAs\":[\"https:\/\/fadeu.urantiacos.cl\"]}]}<\/script>\n<!-- \/ Yoast SEO plugin. -->","yoast_head_json":{"title":"Rodrigo Ram\u00edrez participa como keynote speakers en conferencia en China - Facultad de Arquitectura, Dise\u00f1o y Estudios Urbanos","description":"En el marco de la Cuarta Conferencia \u201cDesign for Transition International Conference\u201d, desarrollada en la Escuela de Dise\u00f1o, de Jiangnan University en Wuxi, China, en octubre pasado, el director de la Escuela de Dise\u00f1o, Rodrigo Ram\u00edrez, fue invitado a participar como keynote speakers con conferencia \u201cTransitive: Information to \u2018experience\u2019 the Emergency\u201d donde abord\u00f3 el c\u00f3mo desde la informaci\u00f3n visual bien dise\u00f1ada, se puede abordar las experiencias de emergencia en escenarios disruptivos, y c\u00f3mo la Escuela de Dise\u00f1o UC las ha llevado cabo en los \u00faltimos a\u00f1os.","robots":{"index":"index","follow":"follow","max-snippet":"max-snippet:-1","max-image-preview":"max-image-preview:large","max-video-preview":"max-video-preview:-1"},"canonical":"https:\/\/fadeu.urantiacos.cl\/en\/2019\/12\/02\/rodrigo-ramirez-participa-como-keynote-speakers-en-conferencia-en-china\/","og_locale":"en_US","og_type":"article","og_title":"Rodrigo Ram\u00edrez participa como keynote speakers en conferencia en China - Facultad de Arquitectura, Dise\u00f1o y Estudios Urbanos","og_description":"En el marco de la Cuarta Conferencia \u201cDesign for Transition International Conference\u201d, desarrollada en la Escuela de Dise\u00f1o, de Jiangnan University en Wuxi, China, en octubre pasado, el director de la Escuela de Dise\u00f1o, Rodrigo Ram\u00edrez, fue invitado a participar como keynote speakers con conferencia \u201cTransitive: Information to \u2018experience\u2019 the Emergency\u201d donde abord\u00f3 el c\u00f3mo desde la informaci\u00f3n visual bien dise\u00f1ada, se puede abordar las experiencias de emergencia en escenarios disruptivos, y c\u00f3mo la Escuela de Dise\u00f1o UC las ha llevado cabo en los \u00faltimos a\u00f1os.","og_url":"https:\/\/fadeu.urantiacos.cl\/en\/2019\/12\/02\/rodrigo-ramirez-participa-como-keynote-speakers-en-conferencia-en-china\/","og_site_name":"Facultad de Arquitectura, Dise\u00f1o y Estudios Urbanos","article_published_time":"2019-12-02T23:53:00+00:00","article_modified_time":"2023-09-13T23:56:44+00:00","og_image":[{"width":350,"height":250,"url":"https:\/\/fadeu.urantiacos.cl\/wp-content\/uploads\/2023\/09\/Rodrigo-Ramirez-1024x683_chica.jpg","type":"image\/jpeg"}],"author":"manadmin","twitter_card":"summary_large_image","twitter_misc":{"Written by":"manadmin","Est. reading time":"1 minute"},"schema":{"@context":"https:\/\/schema.org","@graph":[{"@type":"Article","@id":"https:\/\/fadeu.urantiacos.cl\/en\/2019\/12\/02\/rodrigo-ramirez-participa-como-keynote-speakers-en-conferencia-en-china\/#article","isPartOf":{"@id":"https:\/\/fadeu.urantiacos.cl\/en\/2019\/12\/02\/rodrigo-ramirez-participa-como-keynote-speakers-en-conferencia-en-china\/"},"author":{"name":"manadmin","@id":"https:\/\/fadeu.urantiacos.cl\/en\/#\/schema\/person\/d203e2e84b1c40275eac77b3061a19a2"},"headline":"Rodrigo Ram\u00edrez participa como keynote speakers en conferencia en China","datePublished":"2019-12-02T23:53:00+00:00","dateModified":"2023-09-13T23:56:44+00:00","mainEntityOfPage":{"@id":"https:\/\/fadeu.urantiacos.cl\/en\/2019\/12\/02\/rodrigo-ramirez-participa-como-keynote-speakers-en-conferencia-en-china\/"},"wordCount":245,"commentCount":0,"image":{"@id":"https:\/\/fadeu.urantiacos.cl\/en\/2019\/12\/02\/rodrigo-ramirez-participa-como-keynote-speakers-en-conferencia-en-china\/#primaryimage"},"thumbnailUrl":"https:\/\/fadeu.urantiacos.cl\/wp-content\/uploads\/2023\/09\/Rodrigo-Ramirez-1024x683_chica.jpg","articleSection":["Sin categorizar"],"inLanguage":"en-US","potentialAction":[{"@type":"CommentAction","name":"Comment","target":["https:\/\/fadeu.urantiacos.cl\/en\/2019\/12\/02\/rodrigo-ramirez-participa-como-keynote-speakers-en-conferencia-en-china\/#respond"]}]},{"@type":"WebPage","@id":"https:\/\/fadeu.urantiacos.cl\/en\/2019\/12\/02\/rodrigo-ramirez-participa-como-keynote-speakers-en-conferencia-en-china\/","url":"https:\/\/fadeu.urantiacos.cl\/en\/2019\/12\/02\/rodrigo-ramirez-participa-como-keynote-speakers-en-conferencia-en-china\/","name":"Rodrigo Ram\u00edrez participa como keynote speakers en conferencia en China - Facultad de Arquitectura, Dise\u00f1o y Estudios Urbanos","isPartOf":{"@id":"https:\/\/fadeu.urantiacos.cl\/en\/#website"},"primaryImageOfPage":{"@id":"https:\/\/fadeu.urantiacos.cl\/en\/2019\/12\/02\/rodrigo-ramirez-participa-como-keynote-speakers-en-conferencia-en-china\/#primaryimage"},"image":{"@id":"https:\/\/fadeu.urantiacos.cl\/en\/2019\/12\/02\/rodrigo-ramirez-participa-como-keynote-speakers-en-conferencia-en-china\/#primaryimage"},"thumbnailUrl":"https:\/\/fadeu.urantiacos.cl\/wp-content\/uploads\/2023\/09\/Rodrigo-Ramirez-1024x683_chica.jpg","datePublished":"2019-12-02T23:53:00+00:00","dateModified":"2023-09-13T23:56:44+00:00","author":{"@id":"https:\/\/fadeu.urantiacos.cl\/en\/#\/schema\/person\/d203e2e84b1c40275eac77b3061a19a2"},"description":"En el marco de la Cuarta Conferencia \u201cDesign for Transition International Conference\u201d, desarrollada en la Escuela de Dise\u00f1o, de Jiangnan University en Wuxi, China, en octubre pasado, el director de la Escuela de Dise\u00f1o, Rodrigo Ram\u00edrez, fue invitado a participar como keynote speakers con conferencia \u201cTransitive: Information to \u2018experience\u2019 the Emergency\u201d donde abord\u00f3 el c\u00f3mo desde la informaci\u00f3n visual bien dise\u00f1ada, se puede abordar las experiencias de emergencia en escenarios disruptivos, y c\u00f3mo la Escuela de Dise\u00f1o UC las ha llevado cabo en los \u00faltimos a\u00f1os.","breadcrumb":{"@id":"https:\/\/fadeu.urantiacos.cl\/en\/2019\/12\/02\/rodrigo-ramirez-participa-como-keynote-speakers-en-conferencia-en-china\/#breadcrumb"},"inLanguage":"en-US","potentialAction":[{"@type":"ReadAction","target":["https:\/\/fadeu.urantiacos.cl\/en\/2019\/12\/02\/rodrigo-ramirez-participa-como-keynote-speakers-en-conferencia-en-china\/"]}]},{"@type":"ImageObject","inLanguage":"en-US","@id":"https:\/\/fadeu.urantiacos.cl\/en\/2019\/12\/02\/rodrigo-ramirez-participa-como-keynote-speakers-en-conferencia-en-china\/#primaryimage","url":"https:\/\/fadeu.urantiacos.cl\/wp-content\/uploads\/2023\/09\/Rodrigo-Ramirez-1024x683_chica.jpg","contentUrl":"https:\/\/fadeu.urantiacos.cl\/wp-content\/uploads\/2023\/09\/Rodrigo-Ramirez-1024x683_chica.jpg","width":350,"height":250},{"@type":"BreadcrumbList","@id":"https:\/\/fadeu.urantiacos.cl\/en\/2019\/12\/02\/rodrigo-ramirez-participa-como-keynote-speakers-en-conferencia-en-china\/#breadcrumb","itemListElement":[{"@type":"ListItem","position":1,"name":"Portada","item":"https:\/\/fadeu.urantiacos.cl\/en\/"},{"@type":"ListItem","position":2,"name":"Rodrigo Ram\u00edrez participa como keynote speakers en conferencia en China"}]},{"@type":"WebSite","@id":"https:\/\/fadeu.urantiacos.cl\/en\/#website","url":"https:\/\/fadeu.urantiacos.cl\/en\/","name":"Facultad de Arquitectura, Dise\u00f1o y Estudios Urbanos","description":"Campus Lo Contador","potentialAction":[{"@type":"SearchAction","target":{"@type":"EntryPoint","urlTemplate":"https:\/\/fadeu.urantiacos.cl\/en\/?s={search_term_string}"},"query-input":{"@type":"PropertyValueSpecification","valueRequired":true,"valueName":"search_term_string"}}],"inLanguage":"en-US"},{"@type":"Person","@id":"https:\/\/fadeu.urantiacos.cl\/en\/#\/schema\/person\/d203e2e84b1c40275eac77b3061a19a2","name":"manadmin","image":{"@type":"ImageObject","inLanguage":"en-US","@id":"https:\/\/fadeu.urantiacos.cl\/en\/#\/schema\/person\/image\/","url":"https:\/\/secure.gravatar.com\/avatar\/4b1d8e3303b4a9d8968ac578947d8bc80d9aea359f388cdd4aac15cadc0e8447?s=96&d=mm&r=g","contentUrl":"https:\/\/secure.gravatar.com\/avatar\/4b1d8e3303b4a9d8968ac578947d8bc80d9aea359f388cdd4aac15cadc0e8447?s=96&d=mm&r=g","caption":"manadmin"},"sameAs":["https:\/\/fadeu.urantiacos.cl"]}]}},"_links":{"self":[{"href":"https:\/\/fadeu.urantiacos.cl\/en\/wp-json\/wp\/v2\/posts\/9838","targetHints":{"allow":["GET"]}}],"collection":[{"href":"https:\/\/fadeu.urantiacos.cl\/en\/wp-json\/wp\/v2\/posts"}],"about":[{"href":"https:\/\/fadeu.urantiacos.cl\/en\/wp-json\/wp\/v2\/types\/post"}],"author":[{"embeddable":true,"href":"https:\/\/fadeu.urantiacos.cl\/en\/wp-json\/wp\/v2\/users\/1"}],"replies":[{"embeddable":true,"href":"https:\/\/fadeu.urantiacos.cl\/en\/wp-json\/wp\/v2\/comments?post=9838"}],"version-history":[{"count":1,"href":"https:\/\/fadeu.urantiacos.cl\/en\/wp-json\/wp\/v2\/posts\/9838\/revisions"}],"predecessor-version":[{"id":9842,"href":"https:\/\/fadeu.urantiacos.cl\/en\/wp-json\/wp\/v2\/posts\/9838\/revisions\/9842"}],"wp:featuredmedia":[{"embeddable":true,"href":"https:\/\/fadeu.urantiacos.cl\/en\/wp-json\/wp\/v2\/media\/9839"}],"wp:attachment":[{"href":"https:\/\/fadeu.urantiacos.cl\/en\/wp-json\/wp\/v2\/media?parent=9838"}],"wp:term":[{"taxonomy":"category","embeddable":true,"href":"https:\/\/fadeu.urantiacos.cl\/en\/wp-json\/wp\/v2\/categories?post=9838"},{"taxonomy":"post_tag","embeddable":true,"href":"https:\/\/fadeu.urantiacos.cl\/en\/wp-json\/wp\/v2\/tags?post=9838"}],"curies":[{"name":"wp","href":"https:\/\/api.w.org\/{rel}","templated":true}]}}