{"id":9835,"date":"2019-12-02T20:51:00","date_gmt":"2019-12-02T23:51:00","guid":{"rendered":"https:\/\/fadeu.urantiacos.cl\/?p=9835"},"modified":"2023-10-23T09:54:25","modified_gmt":"2023-10-23T12:54:25","slug":"movilizacion-reflexion-y-dialogo","status":"publish","type":"post","link":"https:\/\/fadeu.urantiacos.cl\/en\/2019\/12\/02\/movilizacion-reflexion-y-dialogo\/","title":{"rendered":"Movilizaci\u00f3n, reflexi\u00f3n y di\u00e1logo"},"content":{"rendered":"\n<figure class=\"wp-block-image size-full\"><img decoding=\"async\" width=\"350\" height=\"250\" src=\"https:\/\/fadeu.urantiacos.cl\/wp-content\/uploads\/2023\/09\/dialogos_dno2019.jpg\" alt=\"\" class=\"wp-image-9836\" srcset=\"https:\/\/fadeu.urantiacos.cl\/wp-content\/uploads\/2023\/09\/dialogos_dno2019.jpg 350w, https:\/\/fadeu.urantiacos.cl\/wp-content\/uploads\/2023\/09\/dialogos_dno2019-300x214.jpg 300w\" sizes=\"(max-width: 350px) 100vw, 350px\" \/><\/figure>\n\n\n\n<p><strong>RE-Dise\u00f1ar Chile<\/strong><\/p>\n\n\n\n<p>Bajo el concepto Re_Dise\u00f1ar Chile, los diferente estamentos de la escuela se reunieron para debatir de manera amplia los alcances de esta profunda fractura social. Comenzando por una declaraci\u00f3n\/manifiesto firmado por los docentes y administrativos de Dise\u00f1o UC para continuar con una proactiva participaci\u00f3n de estudiantes organizados a trav\u00e9s del Centro de Estudiantes y la Consejer\u00eda Acad\u00e9mica.<\/p>\n\n\n\n<p>De esta manera como primer hito se definieron mesas de trabajo que abordaron de manera sist\u00e9mica variables cr\u00edticas. Por su parte, los talleres superiores asumieron roles de guiatura de las problem\u00e1ticas para trabajar desde ah\u00ed lo que sigue del semestre.<\/p>\n\n\n\n<p>En paro activo se realizaron una serie de talleres y Cabildos y tambi\u00e9n una planificaci\u00f3n participativa en conjunto con la Subdirecci\u00f3n Acad\u00e9mica, de las propuesta de la nueva malla curricular.<\/p>\n\n\n\n<p><\/p>\n","protected":false},"excerpt":{"rendered":"<p>A m\u00e1s de un mes del estallido social, en Dise\u00f1o UC surgieron una serie de iniciativas que buscan abordar esta nueva realidad desde diferentes aristas. Estudiantes, docentes y administrativos se han reunidos en extensas jornadas para hablar de lo sucedido, lo que fue y lo que se proyecta para sacar conclusiones.<\/p>\n","protected":false},"author":1,"featured_media":9836,"comment_status":"open","ping_status":"open","sticky":false,"template":"","format":"standard","meta":{"_acf_changed":false,"footnotes":""},"categories":[1],"tags":[],"class_list":["post-9835","post","type-post","status-publish","format-standard","has-post-thumbnail","hentry","category-sin-categorizar"],"acf":[],"yoast_head":"<!-- This site is optimized with the Yoast SEO plugin v27.1.1 - https:\/\/yoast.com\/product\/yoast-seo-wordpress\/ -->\n<title>Movilizaci\u00f3n, reflexi\u00f3n y di\u00e1logo - Facultad de Arquitectura, Dise\u00f1o y Estudios Urbanos<\/title>\n<meta name=\"description\" content=\"A m\u00e1s de un mes del estallido social, en Dise\u00f1o UC surgieron una serie de iniciativas que buscan abordar esta nueva realidad desde diferentes aristas. Estudiantes, docentes y administrativos se han reunidos en extensas jornadas para hablar de lo sucedido, lo que fue y lo que se proyecta para sacar conclusiones.\" \/>\n<meta name=\"robots\" content=\"index, follow, max-snippet:-1, max-image-preview:large, max-video-preview:-1\" \/>\n<link rel=\"canonical\" href=\"https:\/\/fadeu.urantiacos.cl\/en\/2019\/12\/02\/movilizacion-reflexion-y-dialogo\/\" \/>\n<meta property=\"og:locale\" content=\"en_US\" \/>\n<meta property=\"og:type\" content=\"article\" \/>\n<meta property=\"og:title\" content=\"Movilizaci\u00f3n, reflexi\u00f3n y di\u00e1logo - Facultad de Arquitectura, Dise\u00f1o y Estudios Urbanos\" \/>\n<meta property=\"og:description\" content=\"A m\u00e1s de un mes del estallido social, en Dise\u00f1o UC surgieron una serie de iniciativas que buscan abordar esta nueva realidad desde diferentes aristas. Estudiantes, docentes y administrativos se han reunidos en extensas jornadas para hablar de lo sucedido, lo que fue y lo que se proyecta para sacar conclusiones.\" \/>\n<meta property=\"og:url\" content=\"https:\/\/fadeu.urantiacos.cl\/en\/2019\/12\/02\/movilizacion-reflexion-y-dialogo\/\" \/>\n<meta property=\"og:site_name\" content=\"Facultad de Arquitectura, Dise\u00f1o y Estudios Urbanos\" \/>\n<meta property=\"article:published_time\" content=\"2019-12-02T23:51:00+00:00\" \/>\n<meta property=\"article:modified_time\" content=\"2023-10-23T12:54:25+00:00\" \/>\n<meta property=\"og:image\" content=\"https:\/\/fadeu.urantiacos.cl\/wp-content\/uploads\/2023\/09\/dialogos_dno2019.jpg\" \/>\n\t<meta property=\"og:image:width\" content=\"350\" \/>\n\t<meta property=\"og:image:height\" content=\"250\" \/>\n\t<meta property=\"og:image:type\" content=\"image\/jpeg\" \/>\n<meta name=\"author\" content=\"manadmin\" \/>\n<meta name=\"twitter:card\" content=\"summary_large_image\" \/>\n<meta name=\"twitter:label1\" content=\"Written by\" \/>\n\t<meta name=\"twitter:data1\" content=\"manadmin\" \/>\n\t<meta name=\"twitter:label2\" content=\"Est. reading time\" \/>\n\t<meta name=\"twitter:data2\" content=\"1 minute\" \/>\n<script type=\"application\/ld+json\" class=\"yoast-schema-graph\">{\"@context\":\"https:\/\/schema.org\",\"@graph\":[{\"@type\":\"Article\",\"@id\":\"https:\/\/fadeu.urantiacos.cl\/en\/2019\/12\/02\/movilizacion-reflexion-y-dialogo\/#article\",\"isPartOf\":{\"@id\":\"https:\/\/fadeu.urantiacos.cl\/en\/2019\/12\/02\/movilizacion-reflexion-y-dialogo\/\"},\"author\":{\"name\":\"manadmin\",\"@id\":\"https:\/\/fadeu.urantiacos.cl\/en\/#\/schema\/person\/d203e2e84b1c40275eac77b3061a19a2\"},\"headline\":\"Movilizaci\u00f3n, reflexi\u00f3n y di\u00e1logo\",\"datePublished\":\"2019-12-02T23:51:00+00:00\",\"dateModified\":\"2023-10-23T12:54:25+00:00\",\"mainEntityOfPage\":{\"@id\":\"https:\/\/fadeu.urantiacos.cl\/en\/2019\/12\/02\/movilizacion-reflexion-y-dialogo\/\"},\"wordCount\":153,\"commentCount\":0,\"image\":{\"@id\":\"https:\/\/fadeu.urantiacos.cl\/en\/2019\/12\/02\/movilizacion-reflexion-y-dialogo\/#primaryimage\"},\"thumbnailUrl\":\"https:\/\/fadeu.urantiacos.cl\/wp-content\/uploads\/2023\/09\/dialogos_dno2019.jpg\",\"articleSection\":[\"Sin categorizar\"],\"inLanguage\":\"en-US\",\"potentialAction\":[{\"@type\":\"CommentAction\",\"name\":\"Comment\",\"target\":[\"https:\/\/fadeu.urantiacos.cl\/en\/2019\/12\/02\/movilizacion-reflexion-y-dialogo\/#respond\"]}]},{\"@type\":\"WebPage\",\"@id\":\"https:\/\/fadeu.urantiacos.cl\/en\/2019\/12\/02\/movilizacion-reflexion-y-dialogo\/\",\"url\":\"https:\/\/fadeu.urantiacos.cl\/en\/2019\/12\/02\/movilizacion-reflexion-y-dialogo\/\",\"name\":\"Movilizaci\u00f3n, reflexi\u00f3n y di\u00e1logo - Facultad de Arquitectura, Dise\u00f1o y Estudios Urbanos\",\"isPartOf\":{\"@id\":\"https:\/\/fadeu.urantiacos.cl\/en\/#website\"},\"primaryImageOfPage\":{\"@id\":\"https:\/\/fadeu.urantiacos.cl\/en\/2019\/12\/02\/movilizacion-reflexion-y-dialogo\/#primaryimage\"},\"image\":{\"@id\":\"https:\/\/fadeu.urantiacos.cl\/en\/2019\/12\/02\/movilizacion-reflexion-y-dialogo\/#primaryimage\"},\"thumbnailUrl\":\"https:\/\/fadeu.urantiacos.cl\/wp-content\/uploads\/2023\/09\/dialogos_dno2019.jpg\",\"datePublished\":\"2019-12-02T23:51:00+00:00\",\"dateModified\":\"2023-10-23T12:54:25+00:00\",\"author\":{\"@id\":\"https:\/\/fadeu.urantiacos.cl\/en\/#\/schema\/person\/d203e2e84b1c40275eac77b3061a19a2\"},\"description\":\"A m\u00e1s de un mes del estallido social, en Dise\u00f1o UC surgieron una serie de iniciativas que buscan abordar esta nueva realidad desde diferentes aristas. Estudiantes, docentes y administrativos se han reunidos en extensas jornadas para hablar de lo sucedido, lo que fue y lo que se proyecta para sacar conclusiones.\",\"breadcrumb\":{\"@id\":\"https:\/\/fadeu.urantiacos.cl\/en\/2019\/12\/02\/movilizacion-reflexion-y-dialogo\/#breadcrumb\"},\"inLanguage\":\"en-US\",\"potentialAction\":[{\"@type\":\"ReadAction\",\"target\":[\"https:\/\/fadeu.urantiacos.cl\/en\/2019\/12\/02\/movilizacion-reflexion-y-dialogo\/\"]}]},{\"@type\":\"ImageObject\",\"inLanguage\":\"en-US\",\"@id\":\"https:\/\/fadeu.urantiacos.cl\/en\/2019\/12\/02\/movilizacion-reflexion-y-dialogo\/#primaryimage\",\"url\":\"https:\/\/fadeu.urantiacos.cl\/wp-content\/uploads\/2023\/09\/dialogos_dno2019.jpg\",\"contentUrl\":\"https:\/\/fadeu.urantiacos.cl\/wp-content\/uploads\/2023\/09\/dialogos_dno2019.jpg\",\"width\":350,\"height\":250},{\"@type\":\"BreadcrumbList\",\"@id\":\"https:\/\/fadeu.urantiacos.cl\/en\/2019\/12\/02\/movilizacion-reflexion-y-dialogo\/#breadcrumb\",\"itemListElement\":[{\"@type\":\"ListItem\",\"position\":1,\"name\":\"Portada\",\"item\":\"https:\/\/fadeu.urantiacos.cl\/en\/\"},{\"@type\":\"ListItem\",\"position\":2,\"name\":\"Movilizaci\u00f3n, reflexi\u00f3n y di\u00e1logo\"}]},{\"@type\":\"WebSite\",\"@id\":\"https:\/\/fadeu.urantiacos.cl\/en\/#website\",\"url\":\"https:\/\/fadeu.urantiacos.cl\/en\/\",\"name\":\"Facultad de Arquitectura, Dise\u00f1o y Estudios Urbanos\",\"description\":\"Campus Lo Contador\",\"potentialAction\":[{\"@type\":\"SearchAction\",\"target\":{\"@type\":\"EntryPoint\",\"urlTemplate\":\"https:\/\/fadeu.urantiacos.cl\/en\/?s={search_term_string}\"},\"query-input\":{\"@type\":\"PropertyValueSpecification\",\"valueRequired\":true,\"valueName\":\"search_term_string\"}}],\"inLanguage\":\"en-US\"},{\"@type\":\"Person\",\"@id\":\"https:\/\/fadeu.urantiacos.cl\/en\/#\/schema\/person\/d203e2e84b1c40275eac77b3061a19a2\",\"name\":\"manadmin\",\"image\":{\"@type\":\"ImageObject\",\"inLanguage\":\"en-US\",\"@id\":\"https:\/\/fadeu.urantiacos.cl\/en\/#\/schema\/person\/image\/\",\"url\":\"https:\/\/secure.gravatar.com\/avatar\/4b1d8e3303b4a9d8968ac578947d8bc80d9aea359f388cdd4aac15cadc0e8447?s=96&d=mm&r=g\",\"contentUrl\":\"https:\/\/secure.gravatar.com\/avatar\/4b1d8e3303b4a9d8968ac578947d8bc80d9aea359f388cdd4aac15cadc0e8447?s=96&d=mm&r=g\",\"caption\":\"manadmin\"},\"sameAs\":[\"https:\/\/fadeu.urantiacos.cl\"]}]}<\/script>\n<!-- \/ Yoast SEO plugin. -->","yoast_head_json":{"title":"Movilizaci\u00f3n, reflexi\u00f3n y di\u00e1logo - Facultad de Arquitectura, Dise\u00f1o y Estudios Urbanos","description":"A m\u00e1s de un mes del estallido social, en Dise\u00f1o UC surgieron una serie de iniciativas que buscan abordar esta nueva realidad desde diferentes aristas. Estudiantes, docentes y administrativos se han reunidos en extensas jornadas para hablar de lo sucedido, lo que fue y lo que se proyecta para sacar conclusiones.","robots":{"index":"index","follow":"follow","max-snippet":"max-snippet:-1","max-image-preview":"max-image-preview:large","max-video-preview":"max-video-preview:-1"},"canonical":"https:\/\/fadeu.urantiacos.cl\/en\/2019\/12\/02\/movilizacion-reflexion-y-dialogo\/","og_locale":"en_US","og_type":"article","og_title":"Movilizaci\u00f3n, reflexi\u00f3n y di\u00e1logo - Facultad de Arquitectura, Dise\u00f1o y Estudios Urbanos","og_description":"A m\u00e1s de un mes del estallido social, en Dise\u00f1o UC surgieron una serie de iniciativas que buscan abordar esta nueva realidad desde diferentes aristas. Estudiantes, docentes y administrativos se han reunidos en extensas jornadas para hablar de lo sucedido, lo que fue y lo que se proyecta para sacar conclusiones.","og_url":"https:\/\/fadeu.urantiacos.cl\/en\/2019\/12\/02\/movilizacion-reflexion-y-dialogo\/","og_site_name":"Facultad de Arquitectura, Dise\u00f1o y Estudios Urbanos","article_published_time":"2019-12-02T23:51:00+00:00","article_modified_time":"2023-10-23T12:54:25+00:00","og_image":[{"width":350,"height":250,"url":"https:\/\/fadeu.urantiacos.cl\/wp-content\/uploads\/2023\/09\/dialogos_dno2019.jpg","type":"image\/jpeg"}],"author":"manadmin","twitter_card":"summary_large_image","twitter_misc":{"Written by":"manadmin","Est. reading time":"1 minute"},"schema":{"@context":"https:\/\/schema.org","@graph":[{"@type":"Article","@id":"https:\/\/fadeu.urantiacos.cl\/en\/2019\/12\/02\/movilizacion-reflexion-y-dialogo\/#article","isPartOf":{"@id":"https:\/\/fadeu.urantiacos.cl\/en\/2019\/12\/02\/movilizacion-reflexion-y-dialogo\/"},"author":{"name":"manadmin","@id":"https:\/\/fadeu.urantiacos.cl\/en\/#\/schema\/person\/d203e2e84b1c40275eac77b3061a19a2"},"headline":"Movilizaci\u00f3n, reflexi\u00f3n y di\u00e1logo","datePublished":"2019-12-02T23:51:00+00:00","dateModified":"2023-10-23T12:54:25+00:00","mainEntityOfPage":{"@id":"https:\/\/fadeu.urantiacos.cl\/en\/2019\/12\/02\/movilizacion-reflexion-y-dialogo\/"},"wordCount":153,"commentCount":0,"image":{"@id":"https:\/\/fadeu.urantiacos.cl\/en\/2019\/12\/02\/movilizacion-reflexion-y-dialogo\/#primaryimage"},"thumbnailUrl":"https:\/\/fadeu.urantiacos.cl\/wp-content\/uploads\/2023\/09\/dialogos_dno2019.jpg","articleSection":["Sin categorizar"],"inLanguage":"en-US","potentialAction":[{"@type":"CommentAction","name":"Comment","target":["https:\/\/fadeu.urantiacos.cl\/en\/2019\/12\/02\/movilizacion-reflexion-y-dialogo\/#respond"]}]},{"@type":"WebPage","@id":"https:\/\/fadeu.urantiacos.cl\/en\/2019\/12\/02\/movilizacion-reflexion-y-dialogo\/","url":"https:\/\/fadeu.urantiacos.cl\/en\/2019\/12\/02\/movilizacion-reflexion-y-dialogo\/","name":"Movilizaci\u00f3n, reflexi\u00f3n y di\u00e1logo - Facultad de Arquitectura, Dise\u00f1o y Estudios Urbanos","isPartOf":{"@id":"https:\/\/fadeu.urantiacos.cl\/en\/#website"},"primaryImageOfPage":{"@id":"https:\/\/fadeu.urantiacos.cl\/en\/2019\/12\/02\/movilizacion-reflexion-y-dialogo\/#primaryimage"},"image":{"@id":"https:\/\/fadeu.urantiacos.cl\/en\/2019\/12\/02\/movilizacion-reflexion-y-dialogo\/#primaryimage"},"thumbnailUrl":"https:\/\/fadeu.urantiacos.cl\/wp-content\/uploads\/2023\/09\/dialogos_dno2019.jpg","datePublished":"2019-12-02T23:51:00+00:00","dateModified":"2023-10-23T12:54:25+00:00","author":{"@id":"https:\/\/fadeu.urantiacos.cl\/en\/#\/schema\/person\/d203e2e84b1c40275eac77b3061a19a2"},"description":"A m\u00e1s de un mes del estallido social, en Dise\u00f1o UC surgieron una serie de iniciativas que buscan abordar esta nueva realidad desde diferentes aristas. Estudiantes, docentes y administrativos se han reunidos en extensas jornadas para hablar de lo sucedido, lo que fue y lo que se proyecta para sacar conclusiones.","breadcrumb":{"@id":"https:\/\/fadeu.urantiacos.cl\/en\/2019\/12\/02\/movilizacion-reflexion-y-dialogo\/#breadcrumb"},"inLanguage":"en-US","potentialAction":[{"@type":"ReadAction","target":["https:\/\/fadeu.urantiacos.cl\/en\/2019\/12\/02\/movilizacion-reflexion-y-dialogo\/"]}]},{"@type":"ImageObject","inLanguage":"en-US","@id":"https:\/\/fadeu.urantiacos.cl\/en\/2019\/12\/02\/movilizacion-reflexion-y-dialogo\/#primaryimage","url":"https:\/\/fadeu.urantiacos.cl\/wp-content\/uploads\/2023\/09\/dialogos_dno2019.jpg","contentUrl":"https:\/\/fadeu.urantiacos.cl\/wp-content\/uploads\/2023\/09\/dialogos_dno2019.jpg","width":350,"height":250},{"@type":"BreadcrumbList","@id":"https:\/\/fadeu.urantiacos.cl\/en\/2019\/12\/02\/movilizacion-reflexion-y-dialogo\/#breadcrumb","itemListElement":[{"@type":"ListItem","position":1,"name":"Portada","item":"https:\/\/fadeu.urantiacos.cl\/en\/"},{"@type":"ListItem","position":2,"name":"Movilizaci\u00f3n, reflexi\u00f3n y di\u00e1logo"}]},{"@type":"WebSite","@id":"https:\/\/fadeu.urantiacos.cl\/en\/#website","url":"https:\/\/fadeu.urantiacos.cl\/en\/","name":"Facultad de Arquitectura, Dise\u00f1o y Estudios Urbanos","description":"Campus Lo Contador","potentialAction":[{"@type":"SearchAction","target":{"@type":"EntryPoint","urlTemplate":"https:\/\/fadeu.urantiacos.cl\/en\/?s={search_term_string}"},"query-input":{"@type":"PropertyValueSpecification","valueRequired":true,"valueName":"search_term_string"}}],"inLanguage":"en-US"},{"@type":"Person","@id":"https:\/\/fadeu.urantiacos.cl\/en\/#\/schema\/person\/d203e2e84b1c40275eac77b3061a19a2","name":"manadmin","image":{"@type":"ImageObject","inLanguage":"en-US","@id":"https:\/\/fadeu.urantiacos.cl\/en\/#\/schema\/person\/image\/","url":"https:\/\/secure.gravatar.com\/avatar\/4b1d8e3303b4a9d8968ac578947d8bc80d9aea359f388cdd4aac15cadc0e8447?s=96&d=mm&r=g","contentUrl":"https:\/\/secure.gravatar.com\/avatar\/4b1d8e3303b4a9d8968ac578947d8bc80d9aea359f388cdd4aac15cadc0e8447?s=96&d=mm&r=g","caption":"manadmin"},"sameAs":["https:\/\/fadeu.urantiacos.cl"]}]}},"_links":{"self":[{"href":"https:\/\/fadeu.urantiacos.cl\/en\/wp-json\/wp\/v2\/posts\/9835","targetHints":{"allow":["GET"]}}],"collection":[{"href":"https:\/\/fadeu.urantiacos.cl\/en\/wp-json\/wp\/v2\/posts"}],"about":[{"href":"https:\/\/fadeu.urantiacos.cl\/en\/wp-json\/wp\/v2\/types\/post"}],"author":[{"embeddable":true,"href":"https:\/\/fadeu.urantiacos.cl\/en\/wp-json\/wp\/v2\/users\/1"}],"replies":[{"embeddable":true,"href":"https:\/\/fadeu.urantiacos.cl\/en\/wp-json\/wp\/v2\/comments?post=9835"}],"version-history":[{"count":2,"href":"https:\/\/fadeu.urantiacos.cl\/en\/wp-json\/wp\/v2\/posts\/9835\/revisions"}],"predecessor-version":[{"id":17309,"href":"https:\/\/fadeu.urantiacos.cl\/en\/wp-json\/wp\/v2\/posts\/9835\/revisions\/17309"}],"wp:featuredmedia":[{"embeddable":true,"href":"https:\/\/fadeu.urantiacos.cl\/en\/wp-json\/wp\/v2\/media\/9836"}],"wp:attachment":[{"href":"https:\/\/fadeu.urantiacos.cl\/en\/wp-json\/wp\/v2\/media?parent=9835"}],"wp:term":[{"taxonomy":"category","embeddable":true,"href":"https:\/\/fadeu.urantiacos.cl\/en\/wp-json\/wp\/v2\/categories?post=9835"},{"taxonomy":"post_tag","embeddable":true,"href":"https:\/\/fadeu.urantiacos.cl\/en\/wp-json\/wp\/v2\/tags?post=9835"}],"curies":[{"name":"wp","href":"https:\/\/api.w.org\/{rel}","templated":true}]}}