{"id":9832,"date":"2019-12-02T20:49:00","date_gmt":"2019-12-02T23:49:00","guid":{"rendered":"https:\/\/fadeu.urantiacos.cl\/?p=9832"},"modified":"2023-09-13T20:51:35","modified_gmt":"2023-09-13T23:51:35","slug":"ieut-realizo-concurrido-seminario-sobre-gestion-hidrica-y-sobre-la-concepcion-del-agua-como-derecho-fundamental-en-chile","status":"publish","type":"post","link":"https:\/\/fadeu.urantiacos.cl\/en\/2019\/12\/02\/ieut-realizo-concurrido-seminario-sobre-gestion-hidrica-y-sobre-la-concepcion-del-agua-como-derecho-fundamental-en-chile\/","title":{"rendered":"IEUT realiz\u00f3 concurrido seminario sobre gesti\u00f3n h\u00eddrica y sobre la concepci\u00f3n del agua como derecho fundamental en Chile"},"content":{"rendered":"\n<figure class=\"wp-block-image size-full\"><img decoding=\"async\" width=\"350\" height=\"250\" src=\"https:\/\/fadeu.urantiacos.cl\/wp-content\/uploads\/2023\/09\/SEMINARIO_SEQUIA.jpg\" alt=\"\" class=\"wp-image-9833\" srcset=\"https:\/\/fadeu.urantiacos.cl\/wp-content\/uploads\/2023\/09\/SEMINARIO_SEQUIA.jpg 350w, https:\/\/fadeu.urantiacos.cl\/wp-content\/uploads\/2023\/09\/SEMINARIO_SEQUIA-300x214.jpg 300w\" sizes=\"(max-width: 350px) 100vw, 350px\" \/><\/figure>\n\n\n\n<p>Las ponencias estuvieron a cargo de los profesores del IEUT Kay Bergamini (&#8220;Gesti\u00f3n del agua en Chile: Muchas instituciones, muchos problemas&#8221;) y Carolina Rojas (&#8220;El agua un derecho humano pendiente para la sustentabilidad de las ciudades\u201d), y del abogado y egresado del Mag\u00edster en Asentamientos Humanos y Medio Ambiente, Juan Pablo Schuster (&#8220;Situaci\u00f3n del agua en Chile: desaf\u00edos para su consagraci\u00f3n como derecho humano en contexto de escasez\u201d).<\/p>\n\n\n\n<p>Posteriormente hubo una mesa en la que participaron ex estudiantes de los mag\u00edsteres en Desarrollo Urbano y de Asentamientos Humanos y Medio Ambiente del IEUT, donde estuvieron presentes Pablo Gonz\u00e1lez, Carolina Jarpa y Daniel Ruiz, en una mesa que moder\u00f3 la profesora del IEUT, Caroline Stamm.<\/p>\n\n\n\n<p><strong>Discusi\u00f3n social<\/strong><\/p>\n\n\n\n<p>En el marco de la discusi\u00f3n social que se ha tomado la agenda y de la posibilidad cierta que los ciudadanos tendr\u00e1n el a\u00f1o pr\u00f3ximo de pronunciarse sobre una nueva Constituci\u00f3n para el pa\u00eds, el IEUT convoc\u00f3 este seminario para propiciar una discusi\u00f3n sobre el car\u00e1cter del agua en todas sus dimensiones, en lo que tiene que ver con la escasez, gesti\u00f3n, y su car\u00e1cter privado o de derecho social.<\/p>\n\n\n\n<p>El profesor Bergamini sostuvo que \u201cobservamos un panorama de diversas problem\u00e1ticas en torno al agua, que se traducen en disponibilidad, calidad y gesti\u00f3n, que se acrecienta por el cambio clim\u00e1tico que nos est\u00e1 afectando, y que se gu\u00eda por una multiplicidad de servicios que intervienen en diversos procesos, generando dualidad de funciones y problemas principalmente de gesti\u00f3n, atendiendo procesos productivos y despreocupando el consumo humano\u201d.<\/p>\n\n\n\n<p>\u201cHay temas importantes que no pueden quedar fuera de la discusi\u00f3n: el marco regulatorio del agua en Chile, gesti\u00f3n del recurso, normas de calidad, informaci\u00f3n catastral y cambio clim\u00e1tico. Cualquier decisi\u00f3n que se tome en materias propias de gesti\u00f3n del agua que deje fuera estas din\u00e1micas generar\u00e1 problemas en su tratamiento y disposici\u00f3n\u201d, advirti\u00f3 Bergamini.<\/p>\n\n\n\n<p>La profesora Rojas advirti\u00f3 que \u201cen Chile tenemos una serie de problemas relacionados con el cambio clim\u00e1tico, como la sequ\u00eda y la desertificaci\u00f3n, lo que hace que la gesti\u00f3n de este recurso se haga compleja, y los diversos escenarios ambientales que se nos presentan indican que van a disminuir las precipitaciones en torno a un 10 \u00f3 15%\u201d.<\/p>\n\n\n\n<p>Asimismo, Rojas manifest\u00f3 que \u201cexiste consenso a nivel internacional, incluso en declaratorias de la ONU, en el sentido de que el agua debe tener su foco principal en el consumo humano, y que debe planificarse y gestionarse desde la cuenca fluvial\u201d.<\/p>\n\n\n\n<p>El abogado Juan Pablo Schuster explic\u00f3 que \u201cel problema y las contradicciones que existen sobre el agua versa b\u00e1sicamente sobre la concepci\u00f3n de esta como un derecho o como un bien de propiedad. Si bien el agua es un bien de uso p\u00fablico, existe una institucionalidad contradictoria que asigna propiedad sobre ella y el c\u00f3digo de aguas se contradice con lo mismo que est\u00e1 contemplado constitucionalmente\u201d.<\/p>\n\n\n\n<p>Asimismo, agreg\u00f3 que \u201cestamos conscientes de que el agua debe gestionarse en base, primero, al consumo humano y luego a otras actividades, y para ello son necesarias diversas gestiones, como el uso de cuencas, los instrumentos de gobernanza y de planificaci\u00f3n que permitan incorporar criterios ambientales para hablar de caudales ecol\u00f3gicos m\u00ednimos\u201d.<\/p>\n\n\n\n<p>Al t\u00e9rmino de la instancia se atendieron diversas consultas del p\u00fablico asistente. El registro del seminario puede ser revisado en la secci\u00f3n \u201cvideos\u201d del Facebook oficial del Instituto de Estudios Urbanos y Territoriales UC:&nbsp;<a href=\"https:\/\/www.facebook.com\/estudiosurbanosuc\/\">https:\/\/www.facebook.com\/estudiosurbanosuc\/<\/a><a href=\"https:\/\/www.facebook.com\/estudiosurbanosuc\/\"><\/a><\/p>\n\n\n\n<p>INFORMACI\u00d3N PERIOD\u00cdSTICA<br>JUAN ANDR\u00c9S INZUNZA<\/p>\n","protected":false},"excerpt":{"rendered":"<p>El agua como derecho fundamental: \u00bfEscasez o problemas de gesti\u00f3n? As\u00ed se titul\u00f3 el seminario desarrollado por el Instituto de Estudios Urbanos y Territoriales (IEUT) UC, que tuvo como principal motivaci\u00f3n poner en el debate acad\u00e9mico la disposici\u00f3n del agua como derecho fundamental, de cara a la discusi\u00f3n de una nueva Constituci\u00f3n para el pa\u00eds.<\/p>\n","protected":false},"author":1,"featured_media":9833,"comment_status":"open","ping_status":"open","sticky":false,"template":"","format":"standard","meta":{"_acf_changed":false,"footnotes":""},"categories":[1],"tags":[],"class_list":["post-9832","post","type-post","status-publish","format-standard","has-post-thumbnail","hentry","category-sin-categorizar"],"acf":[],"yoast_head":"<!-- This site is optimized with the Yoast SEO plugin v27.1.1 - https:\/\/yoast.com\/product\/yoast-seo-wordpress\/ -->\n<title>IEUT realiz\u00f3 concurrido seminario sobre gesti\u00f3n h\u00eddrica y sobre la concepci\u00f3n del agua como derecho fundamental en Chile - Facultad de Arquitectura, Dise\u00f1o y Estudios Urbanos<\/title>\n<meta name=\"description\" content=\"El agua como derecho fundamental: \u00bfEscasez o problemas de gesti\u00f3n? As\u00ed se titul\u00f3 el seminario desarrollado por el Instituto de Estudios Urbanos y Territoriales (IEUT) UC, que tuvo como principal motivaci\u00f3n poner en el debate acad\u00e9mico la disposici\u00f3n del agua como derecho fundamental, de cara a la discusi\u00f3n de una nueva Constituci\u00f3n para el pa\u00eds.\" \/>\n<meta name=\"robots\" content=\"index, follow, max-snippet:-1, max-image-preview:large, max-video-preview:-1\" \/>\n<link rel=\"canonical\" href=\"https:\/\/fadeu.urantiacos.cl\/en\/2019\/12\/02\/ieut-realizo-concurrido-seminario-sobre-gestion-hidrica-y-sobre-la-concepcion-del-agua-como-derecho-fundamental-en-chile\/\" \/>\n<meta property=\"og:locale\" content=\"en_US\" \/>\n<meta property=\"og:type\" content=\"article\" \/>\n<meta property=\"og:title\" content=\"IEUT realiz\u00f3 concurrido seminario sobre gesti\u00f3n h\u00eddrica y sobre la concepci\u00f3n del agua como derecho fundamental en Chile - Facultad de Arquitectura, Dise\u00f1o y Estudios Urbanos\" \/>\n<meta property=\"og:description\" content=\"El agua como derecho fundamental: \u00bfEscasez o problemas de gesti\u00f3n? As\u00ed se titul\u00f3 el seminario desarrollado por el Instituto de Estudios Urbanos y Territoriales (IEUT) UC, que tuvo como principal motivaci\u00f3n poner en el debate acad\u00e9mico la disposici\u00f3n del agua como derecho fundamental, de cara a la discusi\u00f3n de una nueva Constituci\u00f3n para el pa\u00eds.\" \/>\n<meta property=\"og:url\" content=\"https:\/\/fadeu.urantiacos.cl\/en\/2019\/12\/02\/ieut-realizo-concurrido-seminario-sobre-gestion-hidrica-y-sobre-la-concepcion-del-agua-como-derecho-fundamental-en-chile\/\" \/>\n<meta property=\"og:site_name\" content=\"Facultad de Arquitectura, Dise\u00f1o y Estudios Urbanos\" \/>\n<meta property=\"article:published_time\" content=\"2019-12-02T23:49:00+00:00\" \/>\n<meta property=\"article:modified_time\" content=\"2023-09-13T23:51:35+00:00\" \/>\n<meta property=\"og:image\" content=\"https:\/\/fadeu.urantiacos.cl\/wp-content\/uploads\/2023\/09\/SEMINARIO_SEQUIA.jpg\" \/>\n\t<meta property=\"og:image:width\" content=\"350\" \/>\n\t<meta property=\"og:image:height\" content=\"250\" \/>\n\t<meta property=\"og:image:type\" content=\"image\/jpeg\" \/>\n<meta name=\"author\" content=\"manadmin\" \/>\n<meta name=\"twitter:card\" content=\"summary_large_image\" \/>\n<meta name=\"twitter:label1\" content=\"Written by\" \/>\n\t<meta name=\"twitter:data1\" content=\"manadmin\" \/>\n\t<meta name=\"twitter:label2\" content=\"Est. reading time\" \/>\n\t<meta name=\"twitter:data2\" content=\"3 minutes\" \/>\n<script type=\"application\/ld+json\" class=\"yoast-schema-graph\">{\"@context\":\"https:\/\/schema.org\",\"@graph\":[{\"@type\":\"Article\",\"@id\":\"https:\/\/fadeu.urantiacos.cl\/en\/2019\/12\/02\/ieut-realizo-concurrido-seminario-sobre-gestion-hidrica-y-sobre-la-concepcion-del-agua-como-derecho-fundamental-en-chile\/#article\",\"isPartOf\":{\"@id\":\"https:\/\/fadeu.urantiacos.cl\/en\/2019\/12\/02\/ieut-realizo-concurrido-seminario-sobre-gestion-hidrica-y-sobre-la-concepcion-del-agua-como-derecho-fundamental-en-chile\/\"},\"author\":{\"name\":\"manadmin\",\"@id\":\"https:\/\/fadeu.urantiacos.cl\/en\/#\/schema\/person\/d203e2e84b1c40275eac77b3061a19a2\"},\"headline\":\"IEUT realiz\u00f3 concurrido seminario sobre gesti\u00f3n h\u00eddrica y sobre la concepci\u00f3n del agua como derecho fundamental en Chile\",\"datePublished\":\"2019-12-02T23:49:00+00:00\",\"dateModified\":\"2023-09-13T23:51:35+00:00\",\"mainEntityOfPage\":{\"@id\":\"https:\/\/fadeu.urantiacos.cl\/en\/2019\/12\/02\/ieut-realizo-concurrido-seminario-sobre-gestion-hidrica-y-sobre-la-concepcion-del-agua-como-derecho-fundamental-en-chile\/\"},\"wordCount\":633,\"commentCount\":0,\"image\":{\"@id\":\"https:\/\/fadeu.urantiacos.cl\/en\/2019\/12\/02\/ieut-realizo-concurrido-seminario-sobre-gestion-hidrica-y-sobre-la-concepcion-del-agua-como-derecho-fundamental-en-chile\/#primaryimage\"},\"thumbnailUrl\":\"https:\/\/fadeu.urantiacos.cl\/wp-content\/uploads\/2023\/09\/SEMINARIO_SEQUIA.jpg\",\"articleSection\":[\"Sin categorizar\"],\"inLanguage\":\"en-US\",\"potentialAction\":[{\"@type\":\"CommentAction\",\"name\":\"Comment\",\"target\":[\"https:\/\/fadeu.urantiacos.cl\/en\/2019\/12\/02\/ieut-realizo-concurrido-seminario-sobre-gestion-hidrica-y-sobre-la-concepcion-del-agua-como-derecho-fundamental-en-chile\/#respond\"]}]},{\"@type\":\"WebPage\",\"@id\":\"https:\/\/fadeu.urantiacos.cl\/en\/2019\/12\/02\/ieut-realizo-concurrido-seminario-sobre-gestion-hidrica-y-sobre-la-concepcion-del-agua-como-derecho-fundamental-en-chile\/\",\"url\":\"https:\/\/fadeu.urantiacos.cl\/en\/2019\/12\/02\/ieut-realizo-concurrido-seminario-sobre-gestion-hidrica-y-sobre-la-concepcion-del-agua-como-derecho-fundamental-en-chile\/\",\"name\":\"IEUT realiz\u00f3 concurrido seminario sobre gesti\u00f3n h\u00eddrica y sobre la concepci\u00f3n del agua como derecho fundamental en Chile - Facultad de Arquitectura, Dise\u00f1o y Estudios Urbanos\",\"isPartOf\":{\"@id\":\"https:\/\/fadeu.urantiacos.cl\/en\/#website\"},\"primaryImageOfPage\":{\"@id\":\"https:\/\/fadeu.urantiacos.cl\/en\/2019\/12\/02\/ieut-realizo-concurrido-seminario-sobre-gestion-hidrica-y-sobre-la-concepcion-del-agua-como-derecho-fundamental-en-chile\/#primaryimage\"},\"image\":{\"@id\":\"https:\/\/fadeu.urantiacos.cl\/en\/2019\/12\/02\/ieut-realizo-concurrido-seminario-sobre-gestion-hidrica-y-sobre-la-concepcion-del-agua-como-derecho-fundamental-en-chile\/#primaryimage\"},\"thumbnailUrl\":\"https:\/\/fadeu.urantiacos.cl\/wp-content\/uploads\/2023\/09\/SEMINARIO_SEQUIA.jpg\",\"datePublished\":\"2019-12-02T23:49:00+00:00\",\"dateModified\":\"2023-09-13T23:51:35+00:00\",\"author\":{\"@id\":\"https:\/\/fadeu.urantiacos.cl\/en\/#\/schema\/person\/d203e2e84b1c40275eac77b3061a19a2\"},\"description\":\"El agua como derecho fundamental: \u00bfEscasez o problemas de gesti\u00f3n? As\u00ed se titul\u00f3 el seminario desarrollado por el Instituto de Estudios Urbanos y Territoriales (IEUT) UC, que tuvo como principal motivaci\u00f3n poner en el debate acad\u00e9mico la disposici\u00f3n del agua como derecho fundamental, de cara a la discusi\u00f3n de una nueva Constituci\u00f3n para el pa\u00eds.\",\"breadcrumb\":{\"@id\":\"https:\/\/fadeu.urantiacos.cl\/en\/2019\/12\/02\/ieut-realizo-concurrido-seminario-sobre-gestion-hidrica-y-sobre-la-concepcion-del-agua-como-derecho-fundamental-en-chile\/#breadcrumb\"},\"inLanguage\":\"en-US\",\"potentialAction\":[{\"@type\":\"ReadAction\",\"target\":[\"https:\/\/fadeu.urantiacos.cl\/en\/2019\/12\/02\/ieut-realizo-concurrido-seminario-sobre-gestion-hidrica-y-sobre-la-concepcion-del-agua-como-derecho-fundamental-en-chile\/\"]}]},{\"@type\":\"ImageObject\",\"inLanguage\":\"en-US\",\"@id\":\"https:\/\/fadeu.urantiacos.cl\/en\/2019\/12\/02\/ieut-realizo-concurrido-seminario-sobre-gestion-hidrica-y-sobre-la-concepcion-del-agua-como-derecho-fundamental-en-chile\/#primaryimage\",\"url\":\"https:\/\/fadeu.urantiacos.cl\/wp-content\/uploads\/2023\/09\/SEMINARIO_SEQUIA.jpg\",\"contentUrl\":\"https:\/\/fadeu.urantiacos.cl\/wp-content\/uploads\/2023\/09\/SEMINARIO_SEQUIA.jpg\",\"width\":350,\"height\":250},{\"@type\":\"BreadcrumbList\",\"@id\":\"https:\/\/fadeu.urantiacos.cl\/en\/2019\/12\/02\/ieut-realizo-concurrido-seminario-sobre-gestion-hidrica-y-sobre-la-concepcion-del-agua-como-derecho-fundamental-en-chile\/#breadcrumb\",\"itemListElement\":[{\"@type\":\"ListItem\",\"position\":1,\"name\":\"Portada\",\"item\":\"https:\/\/fadeu.urantiacos.cl\/en\/\"},{\"@type\":\"ListItem\",\"position\":2,\"name\":\"IEUT realiz\u00f3 concurrido seminario sobre gesti\u00f3n h\u00eddrica y sobre la concepci\u00f3n del agua como derecho fundamental en Chile\"}]},{\"@type\":\"WebSite\",\"@id\":\"https:\/\/fadeu.urantiacos.cl\/en\/#website\",\"url\":\"https:\/\/fadeu.urantiacos.cl\/en\/\",\"name\":\"Facultad de Arquitectura, Dise\u00f1o y Estudios Urbanos\",\"description\":\"Campus Lo Contador\",\"potentialAction\":[{\"@type\":\"SearchAction\",\"target\":{\"@type\":\"EntryPoint\",\"urlTemplate\":\"https:\/\/fadeu.urantiacos.cl\/en\/?s={search_term_string}\"},\"query-input\":{\"@type\":\"PropertyValueSpecification\",\"valueRequired\":true,\"valueName\":\"search_term_string\"}}],\"inLanguage\":\"en-US\"},{\"@type\":\"Person\",\"@id\":\"https:\/\/fadeu.urantiacos.cl\/en\/#\/schema\/person\/d203e2e84b1c40275eac77b3061a19a2\",\"name\":\"manadmin\",\"image\":{\"@type\":\"ImageObject\",\"inLanguage\":\"en-US\",\"@id\":\"https:\/\/fadeu.urantiacos.cl\/en\/#\/schema\/person\/image\/\",\"url\":\"https:\/\/secure.gravatar.com\/avatar\/4b1d8e3303b4a9d8968ac578947d8bc80d9aea359f388cdd4aac15cadc0e8447?s=96&d=mm&r=g\",\"contentUrl\":\"https:\/\/secure.gravatar.com\/avatar\/4b1d8e3303b4a9d8968ac578947d8bc80d9aea359f388cdd4aac15cadc0e8447?s=96&d=mm&r=g\",\"caption\":\"manadmin\"},\"sameAs\":[\"https:\/\/fadeu.urantiacos.cl\"]}]}<\/script>\n<!-- \/ Yoast SEO plugin. -->","yoast_head_json":{"title":"IEUT realiz\u00f3 concurrido seminario sobre gesti\u00f3n h\u00eddrica y sobre la concepci\u00f3n del agua como derecho fundamental en Chile - Facultad de Arquitectura, Dise\u00f1o y Estudios Urbanos","description":"El agua como derecho fundamental: \u00bfEscasez o problemas de gesti\u00f3n? As\u00ed se titul\u00f3 el seminario desarrollado por el Instituto de Estudios Urbanos y Territoriales (IEUT) UC, que tuvo como principal motivaci\u00f3n poner en el debate acad\u00e9mico la disposici\u00f3n del agua como derecho fundamental, de cara a la discusi\u00f3n de una nueva Constituci\u00f3n para el pa\u00eds.","robots":{"index":"index","follow":"follow","max-snippet":"max-snippet:-1","max-image-preview":"max-image-preview:large","max-video-preview":"max-video-preview:-1"},"canonical":"https:\/\/fadeu.urantiacos.cl\/en\/2019\/12\/02\/ieut-realizo-concurrido-seminario-sobre-gestion-hidrica-y-sobre-la-concepcion-del-agua-como-derecho-fundamental-en-chile\/","og_locale":"en_US","og_type":"article","og_title":"IEUT realiz\u00f3 concurrido seminario sobre gesti\u00f3n h\u00eddrica y sobre la concepci\u00f3n del agua como derecho fundamental en Chile - Facultad de Arquitectura, Dise\u00f1o y Estudios Urbanos","og_description":"El agua como derecho fundamental: \u00bfEscasez o problemas de gesti\u00f3n? As\u00ed se titul\u00f3 el seminario desarrollado por el Instituto de Estudios Urbanos y Territoriales (IEUT) UC, que tuvo como principal motivaci\u00f3n poner en el debate acad\u00e9mico la disposici\u00f3n del agua como derecho fundamental, de cara a la discusi\u00f3n de una nueva Constituci\u00f3n para el pa\u00eds.","og_url":"https:\/\/fadeu.urantiacos.cl\/en\/2019\/12\/02\/ieut-realizo-concurrido-seminario-sobre-gestion-hidrica-y-sobre-la-concepcion-del-agua-como-derecho-fundamental-en-chile\/","og_site_name":"Facultad de Arquitectura, Dise\u00f1o y Estudios Urbanos","article_published_time":"2019-12-02T23:49:00+00:00","article_modified_time":"2023-09-13T23:51:35+00:00","og_image":[{"width":350,"height":250,"url":"https:\/\/fadeu.urantiacos.cl\/wp-content\/uploads\/2023\/09\/SEMINARIO_SEQUIA.jpg","type":"image\/jpeg"}],"author":"manadmin","twitter_card":"summary_large_image","twitter_misc":{"Written by":"manadmin","Est. reading time":"3 minutes"},"schema":{"@context":"https:\/\/schema.org","@graph":[{"@type":"Article","@id":"https:\/\/fadeu.urantiacos.cl\/en\/2019\/12\/02\/ieut-realizo-concurrido-seminario-sobre-gestion-hidrica-y-sobre-la-concepcion-del-agua-como-derecho-fundamental-en-chile\/#article","isPartOf":{"@id":"https:\/\/fadeu.urantiacos.cl\/en\/2019\/12\/02\/ieut-realizo-concurrido-seminario-sobre-gestion-hidrica-y-sobre-la-concepcion-del-agua-como-derecho-fundamental-en-chile\/"},"author":{"name":"manadmin","@id":"https:\/\/fadeu.urantiacos.cl\/en\/#\/schema\/person\/d203e2e84b1c40275eac77b3061a19a2"},"headline":"IEUT realiz\u00f3 concurrido seminario sobre gesti\u00f3n h\u00eddrica y sobre la concepci\u00f3n del agua como derecho fundamental en Chile","datePublished":"2019-12-02T23:49:00+00:00","dateModified":"2023-09-13T23:51:35+00:00","mainEntityOfPage":{"@id":"https:\/\/fadeu.urantiacos.cl\/en\/2019\/12\/02\/ieut-realizo-concurrido-seminario-sobre-gestion-hidrica-y-sobre-la-concepcion-del-agua-como-derecho-fundamental-en-chile\/"},"wordCount":633,"commentCount":0,"image":{"@id":"https:\/\/fadeu.urantiacos.cl\/en\/2019\/12\/02\/ieut-realizo-concurrido-seminario-sobre-gestion-hidrica-y-sobre-la-concepcion-del-agua-como-derecho-fundamental-en-chile\/#primaryimage"},"thumbnailUrl":"https:\/\/fadeu.urantiacos.cl\/wp-content\/uploads\/2023\/09\/SEMINARIO_SEQUIA.jpg","articleSection":["Sin categorizar"],"inLanguage":"en-US","potentialAction":[{"@type":"CommentAction","name":"Comment","target":["https:\/\/fadeu.urantiacos.cl\/en\/2019\/12\/02\/ieut-realizo-concurrido-seminario-sobre-gestion-hidrica-y-sobre-la-concepcion-del-agua-como-derecho-fundamental-en-chile\/#respond"]}]},{"@type":"WebPage","@id":"https:\/\/fadeu.urantiacos.cl\/en\/2019\/12\/02\/ieut-realizo-concurrido-seminario-sobre-gestion-hidrica-y-sobre-la-concepcion-del-agua-como-derecho-fundamental-en-chile\/","url":"https:\/\/fadeu.urantiacos.cl\/en\/2019\/12\/02\/ieut-realizo-concurrido-seminario-sobre-gestion-hidrica-y-sobre-la-concepcion-del-agua-como-derecho-fundamental-en-chile\/","name":"IEUT realiz\u00f3 concurrido seminario sobre gesti\u00f3n h\u00eddrica y sobre la concepci\u00f3n del agua como derecho fundamental en Chile - Facultad de Arquitectura, Dise\u00f1o y Estudios Urbanos","isPartOf":{"@id":"https:\/\/fadeu.urantiacos.cl\/en\/#website"},"primaryImageOfPage":{"@id":"https:\/\/fadeu.urantiacos.cl\/en\/2019\/12\/02\/ieut-realizo-concurrido-seminario-sobre-gestion-hidrica-y-sobre-la-concepcion-del-agua-como-derecho-fundamental-en-chile\/#primaryimage"},"image":{"@id":"https:\/\/fadeu.urantiacos.cl\/en\/2019\/12\/02\/ieut-realizo-concurrido-seminario-sobre-gestion-hidrica-y-sobre-la-concepcion-del-agua-como-derecho-fundamental-en-chile\/#primaryimage"},"thumbnailUrl":"https:\/\/fadeu.urantiacos.cl\/wp-content\/uploads\/2023\/09\/SEMINARIO_SEQUIA.jpg","datePublished":"2019-12-02T23:49:00+00:00","dateModified":"2023-09-13T23:51:35+00:00","author":{"@id":"https:\/\/fadeu.urantiacos.cl\/en\/#\/schema\/person\/d203e2e84b1c40275eac77b3061a19a2"},"description":"El agua como derecho fundamental: \u00bfEscasez o problemas de gesti\u00f3n? As\u00ed se titul\u00f3 el seminario desarrollado por el Instituto de Estudios Urbanos y Territoriales (IEUT) UC, que tuvo como principal motivaci\u00f3n poner en el debate acad\u00e9mico la disposici\u00f3n del agua como derecho fundamental, de cara a la discusi\u00f3n de una nueva Constituci\u00f3n para el pa\u00eds.","breadcrumb":{"@id":"https:\/\/fadeu.urantiacos.cl\/en\/2019\/12\/02\/ieut-realizo-concurrido-seminario-sobre-gestion-hidrica-y-sobre-la-concepcion-del-agua-como-derecho-fundamental-en-chile\/#breadcrumb"},"inLanguage":"en-US","potentialAction":[{"@type":"ReadAction","target":["https:\/\/fadeu.urantiacos.cl\/en\/2019\/12\/02\/ieut-realizo-concurrido-seminario-sobre-gestion-hidrica-y-sobre-la-concepcion-del-agua-como-derecho-fundamental-en-chile\/"]}]},{"@type":"ImageObject","inLanguage":"en-US","@id":"https:\/\/fadeu.urantiacos.cl\/en\/2019\/12\/02\/ieut-realizo-concurrido-seminario-sobre-gestion-hidrica-y-sobre-la-concepcion-del-agua-como-derecho-fundamental-en-chile\/#primaryimage","url":"https:\/\/fadeu.urantiacos.cl\/wp-content\/uploads\/2023\/09\/SEMINARIO_SEQUIA.jpg","contentUrl":"https:\/\/fadeu.urantiacos.cl\/wp-content\/uploads\/2023\/09\/SEMINARIO_SEQUIA.jpg","width":350,"height":250},{"@type":"BreadcrumbList","@id":"https:\/\/fadeu.urantiacos.cl\/en\/2019\/12\/02\/ieut-realizo-concurrido-seminario-sobre-gestion-hidrica-y-sobre-la-concepcion-del-agua-como-derecho-fundamental-en-chile\/#breadcrumb","itemListElement":[{"@type":"ListItem","position":1,"name":"Portada","item":"https:\/\/fadeu.urantiacos.cl\/en\/"},{"@type":"ListItem","position":2,"name":"IEUT realiz\u00f3 concurrido seminario sobre gesti\u00f3n h\u00eddrica y sobre la concepci\u00f3n del agua como derecho fundamental en Chile"}]},{"@type":"WebSite","@id":"https:\/\/fadeu.urantiacos.cl\/en\/#website","url":"https:\/\/fadeu.urantiacos.cl\/en\/","name":"Facultad de Arquitectura, Dise\u00f1o y Estudios Urbanos","description":"Campus Lo Contador","potentialAction":[{"@type":"SearchAction","target":{"@type":"EntryPoint","urlTemplate":"https:\/\/fadeu.urantiacos.cl\/en\/?s={search_term_string}"},"query-input":{"@type":"PropertyValueSpecification","valueRequired":true,"valueName":"search_term_string"}}],"inLanguage":"en-US"},{"@type":"Person","@id":"https:\/\/fadeu.urantiacos.cl\/en\/#\/schema\/person\/d203e2e84b1c40275eac77b3061a19a2","name":"manadmin","image":{"@type":"ImageObject","inLanguage":"en-US","@id":"https:\/\/fadeu.urantiacos.cl\/en\/#\/schema\/person\/image\/","url":"https:\/\/secure.gravatar.com\/avatar\/4b1d8e3303b4a9d8968ac578947d8bc80d9aea359f388cdd4aac15cadc0e8447?s=96&d=mm&r=g","contentUrl":"https:\/\/secure.gravatar.com\/avatar\/4b1d8e3303b4a9d8968ac578947d8bc80d9aea359f388cdd4aac15cadc0e8447?s=96&d=mm&r=g","caption":"manadmin"},"sameAs":["https:\/\/fadeu.urantiacos.cl"]}]}},"_links":{"self":[{"href":"https:\/\/fadeu.urantiacos.cl\/en\/wp-json\/wp\/v2\/posts\/9832","targetHints":{"allow":["GET"]}}],"collection":[{"href":"https:\/\/fadeu.urantiacos.cl\/en\/wp-json\/wp\/v2\/posts"}],"about":[{"href":"https:\/\/fadeu.urantiacos.cl\/en\/wp-json\/wp\/v2\/types\/post"}],"author":[{"embeddable":true,"href":"https:\/\/fadeu.urantiacos.cl\/en\/wp-json\/wp\/v2\/users\/1"}],"replies":[{"embeddable":true,"href":"https:\/\/fadeu.urantiacos.cl\/en\/wp-json\/wp\/v2\/comments?post=9832"}],"version-history":[{"count":1,"href":"https:\/\/fadeu.urantiacos.cl\/en\/wp-json\/wp\/v2\/posts\/9832\/revisions"}],"predecessor-version":[{"id":9834,"href":"https:\/\/fadeu.urantiacos.cl\/en\/wp-json\/wp\/v2\/posts\/9832\/revisions\/9834"}],"wp:featuredmedia":[{"embeddable":true,"href":"https:\/\/fadeu.urantiacos.cl\/en\/wp-json\/wp\/v2\/media\/9833"}],"wp:attachment":[{"href":"https:\/\/fadeu.urantiacos.cl\/en\/wp-json\/wp\/v2\/media?parent=9832"}],"wp:term":[{"taxonomy":"category","embeddable":true,"href":"https:\/\/fadeu.urantiacos.cl\/en\/wp-json\/wp\/v2\/categories?post=9832"},{"taxonomy":"post_tag","embeddable":true,"href":"https:\/\/fadeu.urantiacos.cl\/en\/wp-json\/wp\/v2\/tags?post=9832"}],"curies":[{"name":"wp","href":"https:\/\/api.w.org\/{rel}","templated":true}]}}