{"id":9826,"date":"2019-12-02T20:46:00","date_gmt":"2019-12-02T23:46:00","guid":{"rendered":"https:\/\/fadeu.urantiacos.cl\/?p=9826"},"modified":"2023-09-13T20:48:14","modified_gmt":"2023-09-13T23:48:14","slug":"mexico-profesores-fadeu-uc-participaron-en-el-ii-congreso-iberoamericano-de-historia-urbana","status":"publish","type":"post","link":"https:\/\/fadeu.urantiacos.cl\/en\/2019\/12\/02\/mexico-profesores-fadeu-uc-participaron-en-el-ii-congreso-iberoamericano-de-historia-urbana\/","title":{"rendered":"M\u00e9xico: Profesores FADEU UC participaron en el II Congreso Iberoamericano de Historia Urbana"},"content":{"rendered":"\n<figure class=\"wp-block-image size-full\"><img decoding=\"async\" width=\"350\" height=\"250\" src=\"https:\/\/fadeu.urantiacos.cl\/wp-content\/uploads\/2023\/09\/Congreso_de_Historia_Urbana_1_-_Elvira_WEB.jpg\" alt=\"\" class=\"wp-image-9827\" srcset=\"https:\/\/fadeu.urantiacos.cl\/wp-content\/uploads\/2023\/09\/Congreso_de_Historia_Urbana_1_-_Elvira_WEB.jpg 350w, https:\/\/fadeu.urantiacos.cl\/wp-content\/uploads\/2023\/09\/Congreso_de_Historia_Urbana_1_-_Elvira_WEB-300x214.jpg 300w\" sizes=\"(max-width: 350px) 100vw, 350px\" \/><\/figure>\n\n\n\n<p>La instancia fue organizada por la Asociaci\u00f3n Iberoamericana de Historia Urbana, convocando convoca a estudiosos de la ciudad y de lo urbano a presentar propuestas de mesas tem\u00e1ticas y ponencias que contribuyan a identificar realidades consolidadas y emergentes que expliquen los procesos hist\u00f3ricos de la ciudad iberoamericana, as\u00ed como al debate te\u00f3rico, metodol\u00f3gico y conceptual de la historia urbana, desde una perspectiva multidisciplinaria y multinacional.<\/p>\n\n\n\n<p>De la escuela de Arquitectura, participaron los profesores Horacio Torrent, Hugo Mondrag\u00f3n, Germ\u00e1n Hidalgo, Sandra Iturriaga, Elvira P\u00e9rez, Carlos Silva y Yolanda Mu\u00f1oz. Asimismo, desde el Instituto de Estudios Urbanos y Territoriales asistieron la jefa de Postgrado, profesora Macarena Ibarra, el estudiante de Doctorado Marco Gonz\u00e1lez y el ayudante de investigaci\u00f3n y Mag\u00edster en Desarrollo Urbano, Pablo Gonz\u00e1lez.&nbsp;&nbsp;<\/p>\n\n\n\n<p>M\u00e1s de 60 mesas tem\u00e1ticas dieron vida a este congreso que se extendi\u00f3 por cuatro d\u00edas. Entre muchas otras, se abordaron temas como la ciudad como narrativa: figuraciones urbanas y espacio literario en Am\u00e9rica Latina en la segunda mitad del siglo XX; El paisaje como ente transformador en la ciudad Latinoamericana; Barrios obreros formales y semi formales de la ciudad Iberoamericana; Cartograf\u00eda humana y memoria; Gobernanza y regulaci\u00f3n del espacio p\u00fablico; Infraestructura, transporte y sociedad; Pasado y futuro de los mercados de abasto en Am\u00e9rica Latina; y otros.<\/p>\n\n\n\n<p>Si quieres conocer m\u00e1s detalles sobre cada una de las mesas y los profesores\/as involucrados\/as, puedes revisar el siguiente link:&nbsp;<a href=\"http:\/\/2cihu.unam.mx\/\">http:\/\/2cihu.unam.mx\/<\/a><a href=\"http:\/\/2cihu.unam.mx\/\"><\/a><\/p>\n\n\n\n<p>INFORMACI\u00d3N PERIOD\u00cdSTICA<br>JUAN ANDR\u00c9S INZUNZA<\/p>\n","protected":false},"excerpt":{"rendered":"<p>Entre los d\u00edas 25 y 29 de noviembre pasado se realiz\u00f3 en Ciudad de M\u00e9xico, el II Congreso Iberoamericano de Historial Urbana, instancia en la cual participaron diversos profesores y profesoras de la Facultad de Arquitectura, Dise\u00f1o y Estudios Urbanos.<\/p>\n","protected":false},"author":1,"featured_media":9827,"comment_status":"open","ping_status":"open","sticky":false,"template":"","format":"standard","meta":{"_acf_changed":false,"footnotes":""},"categories":[1],"tags":[],"class_list":["post-9826","post","type-post","status-publish","format-standard","has-post-thumbnail","hentry","category-sin-categorizar"],"acf":[],"yoast_head":"<!-- This site is optimized with the Yoast SEO plugin v27.1.1 - https:\/\/yoast.com\/product\/yoast-seo-wordpress\/ -->\n<title>M\u00e9xico: Profesores FADEU UC participaron en el II Congreso Iberoamericano de Historia Urbana - Facultad de Arquitectura, Dise\u00f1o y Estudios Urbanos<\/title>\n<meta name=\"description\" content=\"Entre los d\u00edas 25 y 29 de noviembre pasado se realiz\u00f3 en Ciudad de M\u00e9xico, el II Congreso Iberoamericano de Historial Urbana, instancia en la cual participaron diversos profesores y profesoras de la Facultad de Arquitectura, Dise\u00f1o y Estudios Urbanos.\" \/>\n<meta name=\"robots\" content=\"index, follow, max-snippet:-1, max-image-preview:large, max-video-preview:-1\" \/>\n<link rel=\"canonical\" href=\"https:\/\/fadeu.urantiacos.cl\/en\/2019\/12\/02\/mexico-profesores-fadeu-uc-participaron-en-el-ii-congreso-iberoamericano-de-historia-urbana\/\" \/>\n<meta property=\"og:locale\" content=\"en_US\" \/>\n<meta property=\"og:type\" content=\"article\" \/>\n<meta property=\"og:title\" content=\"M\u00e9xico: Profesores FADEU UC participaron en el II Congreso Iberoamericano de Historia Urbana - Facultad de Arquitectura, Dise\u00f1o y Estudios Urbanos\" \/>\n<meta property=\"og:description\" content=\"Entre los d\u00edas 25 y 29 de noviembre pasado se realiz\u00f3 en Ciudad de M\u00e9xico, el II Congreso Iberoamericano de Historial Urbana, instancia en la cual participaron diversos profesores y profesoras de la Facultad de Arquitectura, Dise\u00f1o y Estudios Urbanos.\" \/>\n<meta property=\"og:url\" content=\"https:\/\/fadeu.urantiacos.cl\/en\/2019\/12\/02\/mexico-profesores-fadeu-uc-participaron-en-el-ii-congreso-iberoamericano-de-historia-urbana\/\" \/>\n<meta property=\"og:site_name\" content=\"Facultad de Arquitectura, Dise\u00f1o y Estudios Urbanos\" \/>\n<meta property=\"article:published_time\" content=\"2019-12-02T23:46:00+00:00\" \/>\n<meta property=\"article:modified_time\" content=\"2023-09-13T23:48:14+00:00\" \/>\n<meta property=\"og:image\" content=\"https:\/\/fadeu.urantiacos.cl\/wp-content\/uploads\/2023\/09\/Congreso_de_Historia_Urbana_1_-_Elvira_WEB.jpg\" \/>\n\t<meta property=\"og:image:width\" content=\"350\" \/>\n\t<meta property=\"og:image:height\" content=\"250\" \/>\n\t<meta property=\"og:image:type\" content=\"image\/jpeg\" \/>\n<meta name=\"author\" content=\"manadmin\" \/>\n<meta name=\"twitter:card\" content=\"summary_large_image\" \/>\n<meta name=\"twitter:label1\" content=\"Written by\" \/>\n\t<meta name=\"twitter:data1\" content=\"manadmin\" \/>\n\t<meta name=\"twitter:label2\" content=\"Est. reading time\" \/>\n\t<meta name=\"twitter:data2\" content=\"1 minute\" \/>\n<script type=\"application\/ld+json\" class=\"yoast-schema-graph\">{\"@context\":\"https:\/\/schema.org\",\"@graph\":[{\"@type\":\"Article\",\"@id\":\"https:\/\/fadeu.urantiacos.cl\/en\/2019\/12\/02\/mexico-profesores-fadeu-uc-participaron-en-el-ii-congreso-iberoamericano-de-historia-urbana\/#article\",\"isPartOf\":{\"@id\":\"https:\/\/fadeu.urantiacos.cl\/en\/2019\/12\/02\/mexico-profesores-fadeu-uc-participaron-en-el-ii-congreso-iberoamericano-de-historia-urbana\/\"},\"author\":{\"name\":\"manadmin\",\"@id\":\"https:\/\/fadeu.urantiacos.cl\/en\/#\/schema\/person\/d203e2e84b1c40275eac77b3061a19a2\"},\"headline\":\"M\u00e9xico: Profesores FADEU UC participaron en el II Congreso Iberoamericano de Historia Urbana\",\"datePublished\":\"2019-12-02T23:46:00+00:00\",\"dateModified\":\"2023-09-13T23:48:14+00:00\",\"mainEntityOfPage\":{\"@id\":\"https:\/\/fadeu.urantiacos.cl\/en\/2019\/12\/02\/mexico-profesores-fadeu-uc-participaron-en-el-ii-congreso-iberoamericano-de-historia-urbana\/\"},\"wordCount\":282,\"commentCount\":0,\"image\":{\"@id\":\"https:\/\/fadeu.urantiacos.cl\/en\/2019\/12\/02\/mexico-profesores-fadeu-uc-participaron-en-el-ii-congreso-iberoamericano-de-historia-urbana\/#primaryimage\"},\"thumbnailUrl\":\"https:\/\/fadeu.urantiacos.cl\/wp-content\/uploads\/2023\/09\/Congreso_de_Historia_Urbana_1_-_Elvira_WEB.jpg\",\"articleSection\":[\"Sin categorizar\"],\"inLanguage\":\"en-US\",\"potentialAction\":[{\"@type\":\"CommentAction\",\"name\":\"Comment\",\"target\":[\"https:\/\/fadeu.urantiacos.cl\/en\/2019\/12\/02\/mexico-profesores-fadeu-uc-participaron-en-el-ii-congreso-iberoamericano-de-historia-urbana\/#respond\"]}]},{\"@type\":\"WebPage\",\"@id\":\"https:\/\/fadeu.urantiacos.cl\/en\/2019\/12\/02\/mexico-profesores-fadeu-uc-participaron-en-el-ii-congreso-iberoamericano-de-historia-urbana\/\",\"url\":\"https:\/\/fadeu.urantiacos.cl\/en\/2019\/12\/02\/mexico-profesores-fadeu-uc-participaron-en-el-ii-congreso-iberoamericano-de-historia-urbana\/\",\"name\":\"M\u00e9xico: Profesores FADEU UC participaron en el II Congreso Iberoamericano de Historia Urbana - Facultad de Arquitectura, Dise\u00f1o y Estudios Urbanos\",\"isPartOf\":{\"@id\":\"https:\/\/fadeu.urantiacos.cl\/en\/#website\"},\"primaryImageOfPage\":{\"@id\":\"https:\/\/fadeu.urantiacos.cl\/en\/2019\/12\/02\/mexico-profesores-fadeu-uc-participaron-en-el-ii-congreso-iberoamericano-de-historia-urbana\/#primaryimage\"},\"image\":{\"@id\":\"https:\/\/fadeu.urantiacos.cl\/en\/2019\/12\/02\/mexico-profesores-fadeu-uc-participaron-en-el-ii-congreso-iberoamericano-de-historia-urbana\/#primaryimage\"},\"thumbnailUrl\":\"https:\/\/fadeu.urantiacos.cl\/wp-content\/uploads\/2023\/09\/Congreso_de_Historia_Urbana_1_-_Elvira_WEB.jpg\",\"datePublished\":\"2019-12-02T23:46:00+00:00\",\"dateModified\":\"2023-09-13T23:48:14+00:00\",\"author\":{\"@id\":\"https:\/\/fadeu.urantiacos.cl\/en\/#\/schema\/person\/d203e2e84b1c40275eac77b3061a19a2\"},\"description\":\"Entre los d\u00edas 25 y 29 de noviembre pasado se realiz\u00f3 en Ciudad de M\u00e9xico, el II Congreso Iberoamericano de Historial Urbana, instancia en la cual participaron diversos profesores y profesoras de la Facultad de Arquitectura, Dise\u00f1o y Estudios Urbanos.\",\"breadcrumb\":{\"@id\":\"https:\/\/fadeu.urantiacos.cl\/en\/2019\/12\/02\/mexico-profesores-fadeu-uc-participaron-en-el-ii-congreso-iberoamericano-de-historia-urbana\/#breadcrumb\"},\"inLanguage\":\"en-US\",\"potentialAction\":[{\"@type\":\"ReadAction\",\"target\":[\"https:\/\/fadeu.urantiacos.cl\/en\/2019\/12\/02\/mexico-profesores-fadeu-uc-participaron-en-el-ii-congreso-iberoamericano-de-historia-urbana\/\"]}]},{\"@type\":\"ImageObject\",\"inLanguage\":\"en-US\",\"@id\":\"https:\/\/fadeu.urantiacos.cl\/en\/2019\/12\/02\/mexico-profesores-fadeu-uc-participaron-en-el-ii-congreso-iberoamericano-de-historia-urbana\/#primaryimage\",\"url\":\"https:\/\/fadeu.urantiacos.cl\/wp-content\/uploads\/2023\/09\/Congreso_de_Historia_Urbana_1_-_Elvira_WEB.jpg\",\"contentUrl\":\"https:\/\/fadeu.urantiacos.cl\/wp-content\/uploads\/2023\/09\/Congreso_de_Historia_Urbana_1_-_Elvira_WEB.jpg\",\"width\":350,\"height\":250},{\"@type\":\"BreadcrumbList\",\"@id\":\"https:\/\/fadeu.urantiacos.cl\/en\/2019\/12\/02\/mexico-profesores-fadeu-uc-participaron-en-el-ii-congreso-iberoamericano-de-historia-urbana\/#breadcrumb\",\"itemListElement\":[{\"@type\":\"ListItem\",\"position\":1,\"name\":\"Portada\",\"item\":\"https:\/\/fadeu.urantiacos.cl\/en\/\"},{\"@type\":\"ListItem\",\"position\":2,\"name\":\"M\u00e9xico: Profesores FADEU UC participaron en el II Congreso Iberoamericano de Historia Urbana\"}]},{\"@type\":\"WebSite\",\"@id\":\"https:\/\/fadeu.urantiacos.cl\/en\/#website\",\"url\":\"https:\/\/fadeu.urantiacos.cl\/en\/\",\"name\":\"Facultad de Arquitectura, Dise\u00f1o y Estudios Urbanos\",\"description\":\"Campus Lo Contador\",\"potentialAction\":[{\"@type\":\"SearchAction\",\"target\":{\"@type\":\"EntryPoint\",\"urlTemplate\":\"https:\/\/fadeu.urantiacos.cl\/en\/?s={search_term_string}\"},\"query-input\":{\"@type\":\"PropertyValueSpecification\",\"valueRequired\":true,\"valueName\":\"search_term_string\"}}],\"inLanguage\":\"en-US\"},{\"@type\":\"Person\",\"@id\":\"https:\/\/fadeu.urantiacos.cl\/en\/#\/schema\/person\/d203e2e84b1c40275eac77b3061a19a2\",\"name\":\"manadmin\",\"image\":{\"@type\":\"ImageObject\",\"inLanguage\":\"en-US\",\"@id\":\"https:\/\/fadeu.urantiacos.cl\/en\/#\/schema\/person\/image\/\",\"url\":\"https:\/\/secure.gravatar.com\/avatar\/4b1d8e3303b4a9d8968ac578947d8bc80d9aea359f388cdd4aac15cadc0e8447?s=96&d=mm&r=g\",\"contentUrl\":\"https:\/\/secure.gravatar.com\/avatar\/4b1d8e3303b4a9d8968ac578947d8bc80d9aea359f388cdd4aac15cadc0e8447?s=96&d=mm&r=g\",\"caption\":\"manadmin\"},\"sameAs\":[\"https:\/\/fadeu.urantiacos.cl\"]}]}<\/script>\n<!-- \/ Yoast SEO plugin. -->","yoast_head_json":{"title":"M\u00e9xico: Profesores FADEU UC participaron en el II Congreso Iberoamericano de Historia Urbana - Facultad de Arquitectura, Dise\u00f1o y Estudios Urbanos","description":"Entre los d\u00edas 25 y 29 de noviembre pasado se realiz\u00f3 en Ciudad de M\u00e9xico, el II Congreso Iberoamericano de Historial Urbana, instancia en la cual participaron diversos profesores y profesoras de la Facultad de Arquitectura, Dise\u00f1o y Estudios Urbanos.","robots":{"index":"index","follow":"follow","max-snippet":"max-snippet:-1","max-image-preview":"max-image-preview:large","max-video-preview":"max-video-preview:-1"},"canonical":"https:\/\/fadeu.urantiacos.cl\/en\/2019\/12\/02\/mexico-profesores-fadeu-uc-participaron-en-el-ii-congreso-iberoamericano-de-historia-urbana\/","og_locale":"en_US","og_type":"article","og_title":"M\u00e9xico: Profesores FADEU UC participaron en el II Congreso Iberoamericano de Historia Urbana - Facultad de Arquitectura, Dise\u00f1o y Estudios Urbanos","og_description":"Entre los d\u00edas 25 y 29 de noviembre pasado se realiz\u00f3 en Ciudad de M\u00e9xico, el II Congreso Iberoamericano de Historial Urbana, instancia en la cual participaron diversos profesores y profesoras de la Facultad de Arquitectura, Dise\u00f1o y Estudios Urbanos.","og_url":"https:\/\/fadeu.urantiacos.cl\/en\/2019\/12\/02\/mexico-profesores-fadeu-uc-participaron-en-el-ii-congreso-iberoamericano-de-historia-urbana\/","og_site_name":"Facultad de Arquitectura, Dise\u00f1o y Estudios Urbanos","article_published_time":"2019-12-02T23:46:00+00:00","article_modified_time":"2023-09-13T23:48:14+00:00","og_image":[{"width":350,"height":250,"url":"https:\/\/fadeu.urantiacos.cl\/wp-content\/uploads\/2023\/09\/Congreso_de_Historia_Urbana_1_-_Elvira_WEB.jpg","type":"image\/jpeg"}],"author":"manadmin","twitter_card":"summary_large_image","twitter_misc":{"Written by":"manadmin","Est. reading time":"1 minute"},"schema":{"@context":"https:\/\/schema.org","@graph":[{"@type":"Article","@id":"https:\/\/fadeu.urantiacos.cl\/en\/2019\/12\/02\/mexico-profesores-fadeu-uc-participaron-en-el-ii-congreso-iberoamericano-de-historia-urbana\/#article","isPartOf":{"@id":"https:\/\/fadeu.urantiacos.cl\/en\/2019\/12\/02\/mexico-profesores-fadeu-uc-participaron-en-el-ii-congreso-iberoamericano-de-historia-urbana\/"},"author":{"name":"manadmin","@id":"https:\/\/fadeu.urantiacos.cl\/en\/#\/schema\/person\/d203e2e84b1c40275eac77b3061a19a2"},"headline":"M\u00e9xico: Profesores FADEU UC participaron en el II Congreso Iberoamericano de Historia Urbana","datePublished":"2019-12-02T23:46:00+00:00","dateModified":"2023-09-13T23:48:14+00:00","mainEntityOfPage":{"@id":"https:\/\/fadeu.urantiacos.cl\/en\/2019\/12\/02\/mexico-profesores-fadeu-uc-participaron-en-el-ii-congreso-iberoamericano-de-historia-urbana\/"},"wordCount":282,"commentCount":0,"image":{"@id":"https:\/\/fadeu.urantiacos.cl\/en\/2019\/12\/02\/mexico-profesores-fadeu-uc-participaron-en-el-ii-congreso-iberoamericano-de-historia-urbana\/#primaryimage"},"thumbnailUrl":"https:\/\/fadeu.urantiacos.cl\/wp-content\/uploads\/2023\/09\/Congreso_de_Historia_Urbana_1_-_Elvira_WEB.jpg","articleSection":["Sin categorizar"],"inLanguage":"en-US","potentialAction":[{"@type":"CommentAction","name":"Comment","target":["https:\/\/fadeu.urantiacos.cl\/en\/2019\/12\/02\/mexico-profesores-fadeu-uc-participaron-en-el-ii-congreso-iberoamericano-de-historia-urbana\/#respond"]}]},{"@type":"WebPage","@id":"https:\/\/fadeu.urantiacos.cl\/en\/2019\/12\/02\/mexico-profesores-fadeu-uc-participaron-en-el-ii-congreso-iberoamericano-de-historia-urbana\/","url":"https:\/\/fadeu.urantiacos.cl\/en\/2019\/12\/02\/mexico-profesores-fadeu-uc-participaron-en-el-ii-congreso-iberoamericano-de-historia-urbana\/","name":"M\u00e9xico: Profesores FADEU UC participaron en el II Congreso Iberoamericano de Historia Urbana - Facultad de Arquitectura, Dise\u00f1o y Estudios Urbanos","isPartOf":{"@id":"https:\/\/fadeu.urantiacos.cl\/en\/#website"},"primaryImageOfPage":{"@id":"https:\/\/fadeu.urantiacos.cl\/en\/2019\/12\/02\/mexico-profesores-fadeu-uc-participaron-en-el-ii-congreso-iberoamericano-de-historia-urbana\/#primaryimage"},"image":{"@id":"https:\/\/fadeu.urantiacos.cl\/en\/2019\/12\/02\/mexico-profesores-fadeu-uc-participaron-en-el-ii-congreso-iberoamericano-de-historia-urbana\/#primaryimage"},"thumbnailUrl":"https:\/\/fadeu.urantiacos.cl\/wp-content\/uploads\/2023\/09\/Congreso_de_Historia_Urbana_1_-_Elvira_WEB.jpg","datePublished":"2019-12-02T23:46:00+00:00","dateModified":"2023-09-13T23:48:14+00:00","author":{"@id":"https:\/\/fadeu.urantiacos.cl\/en\/#\/schema\/person\/d203e2e84b1c40275eac77b3061a19a2"},"description":"Entre los d\u00edas 25 y 29 de noviembre pasado se realiz\u00f3 en Ciudad de M\u00e9xico, el II Congreso Iberoamericano de Historial Urbana, instancia en la cual participaron diversos profesores y profesoras de la Facultad de Arquitectura, Dise\u00f1o y Estudios Urbanos.","breadcrumb":{"@id":"https:\/\/fadeu.urantiacos.cl\/en\/2019\/12\/02\/mexico-profesores-fadeu-uc-participaron-en-el-ii-congreso-iberoamericano-de-historia-urbana\/#breadcrumb"},"inLanguage":"en-US","potentialAction":[{"@type":"ReadAction","target":["https:\/\/fadeu.urantiacos.cl\/en\/2019\/12\/02\/mexico-profesores-fadeu-uc-participaron-en-el-ii-congreso-iberoamericano-de-historia-urbana\/"]}]},{"@type":"ImageObject","inLanguage":"en-US","@id":"https:\/\/fadeu.urantiacos.cl\/en\/2019\/12\/02\/mexico-profesores-fadeu-uc-participaron-en-el-ii-congreso-iberoamericano-de-historia-urbana\/#primaryimage","url":"https:\/\/fadeu.urantiacos.cl\/wp-content\/uploads\/2023\/09\/Congreso_de_Historia_Urbana_1_-_Elvira_WEB.jpg","contentUrl":"https:\/\/fadeu.urantiacos.cl\/wp-content\/uploads\/2023\/09\/Congreso_de_Historia_Urbana_1_-_Elvira_WEB.jpg","width":350,"height":250},{"@type":"BreadcrumbList","@id":"https:\/\/fadeu.urantiacos.cl\/en\/2019\/12\/02\/mexico-profesores-fadeu-uc-participaron-en-el-ii-congreso-iberoamericano-de-historia-urbana\/#breadcrumb","itemListElement":[{"@type":"ListItem","position":1,"name":"Portada","item":"https:\/\/fadeu.urantiacos.cl\/en\/"},{"@type":"ListItem","position":2,"name":"M\u00e9xico: Profesores FADEU UC participaron en el II Congreso Iberoamericano de Historia Urbana"}]},{"@type":"WebSite","@id":"https:\/\/fadeu.urantiacos.cl\/en\/#website","url":"https:\/\/fadeu.urantiacos.cl\/en\/","name":"Facultad de Arquitectura, Dise\u00f1o y Estudios Urbanos","description":"Campus Lo Contador","potentialAction":[{"@type":"SearchAction","target":{"@type":"EntryPoint","urlTemplate":"https:\/\/fadeu.urantiacos.cl\/en\/?s={search_term_string}"},"query-input":{"@type":"PropertyValueSpecification","valueRequired":true,"valueName":"search_term_string"}}],"inLanguage":"en-US"},{"@type":"Person","@id":"https:\/\/fadeu.urantiacos.cl\/en\/#\/schema\/person\/d203e2e84b1c40275eac77b3061a19a2","name":"manadmin","image":{"@type":"ImageObject","inLanguage":"en-US","@id":"https:\/\/fadeu.urantiacos.cl\/en\/#\/schema\/person\/image\/","url":"https:\/\/secure.gravatar.com\/avatar\/4b1d8e3303b4a9d8968ac578947d8bc80d9aea359f388cdd4aac15cadc0e8447?s=96&d=mm&r=g","contentUrl":"https:\/\/secure.gravatar.com\/avatar\/4b1d8e3303b4a9d8968ac578947d8bc80d9aea359f388cdd4aac15cadc0e8447?s=96&d=mm&r=g","caption":"manadmin"},"sameAs":["https:\/\/fadeu.urantiacos.cl"]}]}},"_links":{"self":[{"href":"https:\/\/fadeu.urantiacos.cl\/en\/wp-json\/wp\/v2\/posts\/9826","targetHints":{"allow":["GET"]}}],"collection":[{"href":"https:\/\/fadeu.urantiacos.cl\/en\/wp-json\/wp\/v2\/posts"}],"about":[{"href":"https:\/\/fadeu.urantiacos.cl\/en\/wp-json\/wp\/v2\/types\/post"}],"author":[{"embeddable":true,"href":"https:\/\/fadeu.urantiacos.cl\/en\/wp-json\/wp\/v2\/users\/1"}],"replies":[{"embeddable":true,"href":"https:\/\/fadeu.urantiacos.cl\/en\/wp-json\/wp\/v2\/comments?post=9826"}],"version-history":[{"count":1,"href":"https:\/\/fadeu.urantiacos.cl\/en\/wp-json\/wp\/v2\/posts\/9826\/revisions"}],"predecessor-version":[{"id":9828,"href":"https:\/\/fadeu.urantiacos.cl\/en\/wp-json\/wp\/v2\/posts\/9826\/revisions\/9828"}],"wp:featuredmedia":[{"embeddable":true,"href":"https:\/\/fadeu.urantiacos.cl\/en\/wp-json\/wp\/v2\/media\/9827"}],"wp:attachment":[{"href":"https:\/\/fadeu.urantiacos.cl\/en\/wp-json\/wp\/v2\/media?parent=9826"}],"wp:term":[{"taxonomy":"category","embeddable":true,"href":"https:\/\/fadeu.urantiacos.cl\/en\/wp-json\/wp\/v2\/categories?post=9826"},{"taxonomy":"post_tag","embeddable":true,"href":"https:\/\/fadeu.urantiacos.cl\/en\/wp-json\/wp\/v2\/tags?post=9826"}],"curies":[{"name":"wp","href":"https:\/\/api.w.org\/{rel}","templated":true}]}}