{"id":9823,"date":"2019-12-02T20:45:00","date_gmt":"2019-12-02T23:45:00","guid":{"rendered":"https:\/\/fadeu.urantiacos.cl\/?p=9823"},"modified":"2023-09-13T20:46:34","modified_gmt":"2023-09-13T23:46:34","slug":"facultad-de-arquitectura-diseno-y-estudios-urbanos-uc-firmo-declaracion-de-cities-for-all-en-materia-de-accesibilidad-universal","status":"publish","type":"post","link":"https:\/\/fadeu.urantiacos.cl\/en\/2019\/12\/02\/facultad-de-arquitectura-diseno-y-estudios-urbanos-uc-firmo-declaracion-de-cities-for-all-en-materia-de-accesibilidad-universal\/","title":{"rendered":"Facultad de Arquitectura, Dise\u00f1o y Estudios Urbanos UC firm\u00f3 declaraci\u00f3n de Cities for All en materia de accesibilidad universal"},"content":{"rendered":"\n<figure class=\"wp-block-image size-full\"><img decoding=\"async\" width=\"350\" height=\"250\" src=\"https:\/\/fadeu.urantiacos.cl\/wp-content\/uploads\/2023\/09\/FIRMA_CONVENIOR_LCD.jpg\" alt=\"\" class=\"wp-image-9824\" srcset=\"https:\/\/fadeu.urantiacos.cl\/wp-content\/uploads\/2023\/09\/FIRMA_CONVENIOR_LCD.jpg 350w, https:\/\/fadeu.urantiacos.cl\/wp-content\/uploads\/2023\/09\/FIRMA_CONVENIOR_LCD-300x214.jpg 300w\" sizes=\"(max-width: 350px) 100vw, 350px\" \/><\/figure>\n\n\n\n<p>En dicho seminario la jefa del programa del diplomado de Arquitectura y Accesibilidad Universal, de la Escuela de Arquitectura, Kristine France explic\u00f3 los alcances del dicha firmam en conjunto con la Directora de Extensi\u00f3n y Comunicaciones FADEU, profesora Macarena Cort\u00e9s, en representaci\u00f3n del Decano Mario Ubilla. Esto como una forma de sumarse a un pacto global ciudades m\u00e1s comprometidas con el dise\u00f1o y la implementaci\u00f3n de pol\u00edticas, tecnolog\u00eda y obras p\u00fablicas que trabajar\u00e1n para lograr una inclusi\u00f3n m\u00e1s completa. La Red de &#8220;Ciudades para Todos&#8221; est\u00e1 influyendo directamente en los procesos de desarrollo urbano a trav\u00e9s de la planificaci\u00f3n estrat\u00e9gica y la movilizaci\u00f3n de ciudades para apoyar y promover acciones y pol\u00edticas inclusivas que aborden las desigualdades y barreras que enfrentan las personas mayores y las personas con discapacidad.<\/p>\n\n\n\n<p>La profesora Cort\u00e9s elogi\u00f3 la iniciativa y sostuvo que \u201ctanto el Decano Ubilla como todas las unidades acad\u00e9micas que dan vida a nuestra Facultad est\u00e1n tremendamente comprometidas con la construcci\u00f3n de espacios y ciudades accesibles para todos. Desde ese punto de vista, nos interesa que tanto el dise\u00f1o de objetos, infraestructuras y grandes obras, como en los instrumentos de planificaci\u00f3n urbana y territorial y pol\u00edticas de ciudad las materias propias de la accesibilidad universal est\u00e9n incorporadas en nuestros procesos de formaci\u00f3n de pre y postgrado\u201d.<\/p>\n\n\n\n<p>Durante la inauguraci\u00f3n del seminario, organizado, adem\u00e1s, por el Colegio de Arquitectos, estuvieron presentes, entre otras autoridades, la Directora del Servicio Nacional de la Discapacidad, Mar\u00eda Ximena Rivas; el presidente del Colegio de Arquitectos de Chile, Humberto Eliash; y el Director de la direcci\u00f3n regional Metropolitana del Instituto Nacional del Deporte, Luis Oliva.<\/p>\n\n\n\n<p><strong>Acuerdo<\/strong><\/p>\n\n\n\n<p>El acuerdo propone seis ejes de desarrollo: (1) No discriminaci\u00f3n; (2) Accesibilidad Universal; (3) Participaci\u00f3n; (4) Pol\u00edticas y Programas Urbanos Inclusivos; (5) Desarrollo de Capacidades; y, (6) Datos para el Desarrollo.<\/p>\n\n\n\n<p>Ello, a ra\u00edz de los compromisos con los representantes del gobierno local y la Declaraci\u00f3n de Kuala Lumpur en el Foro Urbano Mundial 9, con el liderazgo de la Red DIAUD, vio la necesidad estrat\u00e9gica de generar un mecanismo coordinado e inclusivo para transformar ciudades y territorios. El objetivo y el mandato de esta transformaci\u00f3n es lograr una mayor equidad social y mejorar la calidad de vida con y para todas las personas, mediante la implementaci\u00f3n de los conceptos de Dise\u00f1o Universal en las ciudades.<\/p>\n\n\n\n<p>El Pacto alinea los compromisos clave de accesibilidad, dise\u00f1o universal e inclusi\u00f3n dentro de los Objetivos de Desarrollo Sostenible, la Nueva Agenda Urbana, la Convenci\u00f3n sobre los Derechos de las Personas con Discapacidad y la Iniciativa de Ciudades Amigas de la Edad de la OMS, econociendo a los 1.000 millones de personas con discapacidad y al aumento de Poblaci\u00f3n global de 60 a\u00f1os o m\u00e1s que experimenta numerosas barreras para su participaci\u00f3n equitativa en la sociedad. La mitad de todas las personas con discapacidad y las personas mayores en todo el mundo viven ahora en pueblos y ciudades, y se estima que estos grupos representan a m\u00e1s de 2 mil millones de personas en ciudades de todo el mundo para 2050.<\/p>\n\n\n\n<p><strong>FADEU<\/strong><\/p>\n\n\n\n<p>Al interior de la Facultad hay valiosas experiencias en materia de democracia, ciudades accesibles e inclusivas.<\/p>\n\n\n\n<p>La escuela de Arquitectura ha implementado ya la primera versi\u00f3n del Diplomado en Accesibilidad Universal; la escuela de Dise\u00f1o promueve la elaboraci\u00f3n de prototipos y experiencias con criterios de accesibilidad universal; y el Instituto de Estudios Urbanos tiene como fuerte de sus l\u00edneas de investigaci\u00f3n la integraci\u00f3n social y aquellos instrumentos y pol\u00edticas urbanas que reduzcan la segregaci\u00f3n y permitan la generaci\u00f3n de ciudades m\u00e1s inclusivas, acogedoras y amables.<\/p>\n\n\n\n<p>INFORMACI\u00d3N PERIOD\u00cdSTICA<br>JUAN ANDR\u00c9S INZUNZA<\/p>\n","protected":false},"excerpt":{"rendered":"<p>\u201cPacto mundial sobre ciudades inclusivas y accesibles\u201d, es el nombre de la declaraci\u00f3n emanada desde la organizaci\u00f3n Cities for All (Ciudades para todos), del Instituto World Enabled, que firm\u00f3 la Facultad de Arquitectura, Dise\u00f1o y Estudios Urbanos de la Universidad Cat\u00f3lica la semana pasada en el contexto del seminario \u201cAccesibilidad para la recreaci\u00f3n, el ocio y el deporte\u201d organizado por los Comit\u00e9s de Accesibilidad Universal y Arquitectura Deportiva del Colegio de Arquitectos de Chile, en Las Condes Design.<\/p>\n","protected":false},"author":1,"featured_media":9824,"comment_status":"open","ping_status":"open","sticky":false,"template":"","format":"standard","meta":{"_acf_changed":false,"footnotes":""},"categories":[1],"tags":[],"class_list":["post-9823","post","type-post","status-publish","format-standard","has-post-thumbnail","hentry","category-sin-categorizar"],"acf":[],"yoast_head":"<!-- This site is optimized with the Yoast SEO plugin v27.1.1 - https:\/\/yoast.com\/product\/yoast-seo-wordpress\/ -->\n<title>Facultad de Arquitectura, Dise\u00f1o y Estudios Urbanos UC firm\u00f3 declaraci\u00f3n de Cities for All en materia de accesibilidad universal - Facultad de Arquitectura, Dise\u00f1o y Estudios Urbanos<\/title>\n<meta name=\"description\" content=\"\u201cPacto mundial sobre ciudades inclusivas y accesibles\u201d, es el nombre de la declaraci\u00f3n emanada desde la organizaci\u00f3n Cities for All (Ciudades para todos), del Instituto World Enabled, que firm\u00f3 la Facultad de Arquitectura, Dise\u00f1o y Estudios Urbanos de la Universidad Cat\u00f3lica la semana pasada en el contexto del seminario \u201cAccesibilidad para la recreaci\u00f3n, el ocio y el deporte\u201d organizado por los Comit\u00e9s de Accesibilidad Universal y Arquitectura Deportiva del Colegio de Arquitectos de Chile, en Las Condes Design.\" \/>\n<meta name=\"robots\" content=\"index, follow, max-snippet:-1, max-image-preview:large, max-video-preview:-1\" \/>\n<link rel=\"canonical\" href=\"https:\/\/fadeu.urantiacos.cl\/en\/2019\/12\/02\/facultad-de-arquitectura-diseno-y-estudios-urbanos-uc-firmo-declaracion-de-cities-for-all-en-materia-de-accesibilidad-universal\/\" \/>\n<meta property=\"og:locale\" content=\"en_US\" \/>\n<meta property=\"og:type\" content=\"article\" \/>\n<meta property=\"og:title\" content=\"Facultad de Arquitectura, Dise\u00f1o y Estudios Urbanos UC firm\u00f3 declaraci\u00f3n de Cities for All en materia de accesibilidad universal - Facultad de Arquitectura, Dise\u00f1o y Estudios Urbanos\" \/>\n<meta property=\"og:description\" content=\"\u201cPacto mundial sobre ciudades inclusivas y accesibles\u201d, es el nombre de la declaraci\u00f3n emanada desde la organizaci\u00f3n Cities for All (Ciudades para todos), del Instituto World Enabled, que firm\u00f3 la Facultad de Arquitectura, Dise\u00f1o y Estudios Urbanos de la Universidad Cat\u00f3lica la semana pasada en el contexto del seminario \u201cAccesibilidad para la recreaci\u00f3n, el ocio y el deporte\u201d organizado por los Comit\u00e9s de Accesibilidad Universal y Arquitectura Deportiva del Colegio de Arquitectos de Chile, en Las Condes Design.\" \/>\n<meta property=\"og:url\" content=\"https:\/\/fadeu.urantiacos.cl\/en\/2019\/12\/02\/facultad-de-arquitectura-diseno-y-estudios-urbanos-uc-firmo-declaracion-de-cities-for-all-en-materia-de-accesibilidad-universal\/\" \/>\n<meta property=\"og:site_name\" content=\"Facultad de Arquitectura, Dise\u00f1o y Estudios Urbanos\" \/>\n<meta property=\"article:published_time\" content=\"2019-12-02T23:45:00+00:00\" \/>\n<meta property=\"article:modified_time\" content=\"2023-09-13T23:46:34+00:00\" \/>\n<meta property=\"og:image\" content=\"https:\/\/fadeu.urantiacos.cl\/wp-content\/uploads\/2023\/09\/FIRMA_CONVENIOR_LCD.jpg\" \/>\n\t<meta property=\"og:image:width\" content=\"350\" \/>\n\t<meta property=\"og:image:height\" content=\"250\" \/>\n\t<meta property=\"og:image:type\" content=\"image\/jpeg\" \/>\n<meta name=\"author\" content=\"manadmin\" \/>\n<meta name=\"twitter:card\" content=\"summary_large_image\" \/>\n<meta name=\"twitter:label1\" content=\"Written by\" \/>\n\t<meta name=\"twitter:data1\" content=\"manadmin\" \/>\n\t<meta name=\"twitter:label2\" content=\"Est. reading time\" \/>\n\t<meta name=\"twitter:data2\" content=\"3 minutes\" \/>\n<script type=\"application\/ld+json\" class=\"yoast-schema-graph\">{\"@context\":\"https:\/\/schema.org\",\"@graph\":[{\"@type\":\"Article\",\"@id\":\"https:\/\/fadeu.urantiacos.cl\/en\/2019\/12\/02\/facultad-de-arquitectura-diseno-y-estudios-urbanos-uc-firmo-declaracion-de-cities-for-all-en-materia-de-accesibilidad-universal\/#article\",\"isPartOf\":{\"@id\":\"https:\/\/fadeu.urantiacos.cl\/en\/2019\/12\/02\/facultad-de-arquitectura-diseno-y-estudios-urbanos-uc-firmo-declaracion-de-cities-for-all-en-materia-de-accesibilidad-universal\/\"},\"author\":{\"name\":\"manadmin\",\"@id\":\"https:\/\/fadeu.urantiacos.cl\/en\/#\/schema\/person\/d203e2e84b1c40275eac77b3061a19a2\"},\"headline\":\"Facultad de Arquitectura, Dise\u00f1o y Estudios Urbanos UC firm\u00f3 declaraci\u00f3n de Cities for All en materia de accesibilidad universal\",\"datePublished\":\"2019-12-02T23:45:00+00:00\",\"dateModified\":\"2023-09-13T23:46:34+00:00\",\"mainEntityOfPage\":{\"@id\":\"https:\/\/fadeu.urantiacos.cl\/en\/2019\/12\/02\/facultad-de-arquitectura-diseno-y-estudios-urbanos-uc-firmo-declaracion-de-cities-for-all-en-materia-de-accesibilidad-universal\/\"},\"wordCount\":665,\"commentCount\":0,\"image\":{\"@id\":\"https:\/\/fadeu.urantiacos.cl\/en\/2019\/12\/02\/facultad-de-arquitectura-diseno-y-estudios-urbanos-uc-firmo-declaracion-de-cities-for-all-en-materia-de-accesibilidad-universal\/#primaryimage\"},\"thumbnailUrl\":\"https:\/\/fadeu.urantiacos.cl\/wp-content\/uploads\/2023\/09\/FIRMA_CONVENIOR_LCD.jpg\",\"articleSection\":[\"Sin categorizar\"],\"inLanguage\":\"en-US\",\"potentialAction\":[{\"@type\":\"CommentAction\",\"name\":\"Comment\",\"target\":[\"https:\/\/fadeu.urantiacos.cl\/en\/2019\/12\/02\/facultad-de-arquitectura-diseno-y-estudios-urbanos-uc-firmo-declaracion-de-cities-for-all-en-materia-de-accesibilidad-universal\/#respond\"]}]},{\"@type\":\"WebPage\",\"@id\":\"https:\/\/fadeu.urantiacos.cl\/en\/2019\/12\/02\/facultad-de-arquitectura-diseno-y-estudios-urbanos-uc-firmo-declaracion-de-cities-for-all-en-materia-de-accesibilidad-universal\/\",\"url\":\"https:\/\/fadeu.urantiacos.cl\/en\/2019\/12\/02\/facultad-de-arquitectura-diseno-y-estudios-urbanos-uc-firmo-declaracion-de-cities-for-all-en-materia-de-accesibilidad-universal\/\",\"name\":\"Facultad de Arquitectura, Dise\u00f1o y Estudios Urbanos UC firm\u00f3 declaraci\u00f3n de Cities for All en materia de accesibilidad universal - Facultad de Arquitectura, Dise\u00f1o y Estudios Urbanos\",\"isPartOf\":{\"@id\":\"https:\/\/fadeu.urantiacos.cl\/en\/#website\"},\"primaryImageOfPage\":{\"@id\":\"https:\/\/fadeu.urantiacos.cl\/en\/2019\/12\/02\/facultad-de-arquitectura-diseno-y-estudios-urbanos-uc-firmo-declaracion-de-cities-for-all-en-materia-de-accesibilidad-universal\/#primaryimage\"},\"image\":{\"@id\":\"https:\/\/fadeu.urantiacos.cl\/en\/2019\/12\/02\/facultad-de-arquitectura-diseno-y-estudios-urbanos-uc-firmo-declaracion-de-cities-for-all-en-materia-de-accesibilidad-universal\/#primaryimage\"},\"thumbnailUrl\":\"https:\/\/fadeu.urantiacos.cl\/wp-content\/uploads\/2023\/09\/FIRMA_CONVENIOR_LCD.jpg\",\"datePublished\":\"2019-12-02T23:45:00+00:00\",\"dateModified\":\"2023-09-13T23:46:34+00:00\",\"author\":{\"@id\":\"https:\/\/fadeu.urantiacos.cl\/en\/#\/schema\/person\/d203e2e84b1c40275eac77b3061a19a2\"},\"description\":\"\u201cPacto mundial sobre ciudades inclusivas y accesibles\u201d, es el nombre de la declaraci\u00f3n emanada desde la organizaci\u00f3n Cities for All (Ciudades para todos), del Instituto World Enabled, que firm\u00f3 la Facultad de Arquitectura, Dise\u00f1o y Estudios Urbanos de la Universidad Cat\u00f3lica la semana pasada en el contexto del seminario \u201cAccesibilidad para la recreaci\u00f3n, el ocio y el deporte\u201d organizado por los Comit\u00e9s de Accesibilidad Universal y Arquitectura Deportiva del Colegio de Arquitectos de Chile, en Las Condes Design.\",\"breadcrumb\":{\"@id\":\"https:\/\/fadeu.urantiacos.cl\/en\/2019\/12\/02\/facultad-de-arquitectura-diseno-y-estudios-urbanos-uc-firmo-declaracion-de-cities-for-all-en-materia-de-accesibilidad-universal\/#breadcrumb\"},\"inLanguage\":\"en-US\",\"potentialAction\":[{\"@type\":\"ReadAction\",\"target\":[\"https:\/\/fadeu.urantiacos.cl\/en\/2019\/12\/02\/facultad-de-arquitectura-diseno-y-estudios-urbanos-uc-firmo-declaracion-de-cities-for-all-en-materia-de-accesibilidad-universal\/\"]}]},{\"@type\":\"ImageObject\",\"inLanguage\":\"en-US\",\"@id\":\"https:\/\/fadeu.urantiacos.cl\/en\/2019\/12\/02\/facultad-de-arquitectura-diseno-y-estudios-urbanos-uc-firmo-declaracion-de-cities-for-all-en-materia-de-accesibilidad-universal\/#primaryimage\",\"url\":\"https:\/\/fadeu.urantiacos.cl\/wp-content\/uploads\/2023\/09\/FIRMA_CONVENIOR_LCD.jpg\",\"contentUrl\":\"https:\/\/fadeu.urantiacos.cl\/wp-content\/uploads\/2023\/09\/FIRMA_CONVENIOR_LCD.jpg\",\"width\":350,\"height\":250},{\"@type\":\"BreadcrumbList\",\"@id\":\"https:\/\/fadeu.urantiacos.cl\/en\/2019\/12\/02\/facultad-de-arquitectura-diseno-y-estudios-urbanos-uc-firmo-declaracion-de-cities-for-all-en-materia-de-accesibilidad-universal\/#breadcrumb\",\"itemListElement\":[{\"@type\":\"ListItem\",\"position\":1,\"name\":\"Portada\",\"item\":\"https:\/\/fadeu.urantiacos.cl\/en\/\"},{\"@type\":\"ListItem\",\"position\":2,\"name\":\"Facultad de Arquitectura, Dise\u00f1o y Estudios Urbanos UC firm\u00f3 declaraci\u00f3n de Cities for All en materia de accesibilidad universal\"}]},{\"@type\":\"WebSite\",\"@id\":\"https:\/\/fadeu.urantiacos.cl\/en\/#website\",\"url\":\"https:\/\/fadeu.urantiacos.cl\/en\/\",\"name\":\"Facultad de Arquitectura, Dise\u00f1o y Estudios Urbanos\",\"description\":\"Campus Lo Contador\",\"potentialAction\":[{\"@type\":\"SearchAction\",\"target\":{\"@type\":\"EntryPoint\",\"urlTemplate\":\"https:\/\/fadeu.urantiacos.cl\/en\/?s={search_term_string}\"},\"query-input\":{\"@type\":\"PropertyValueSpecification\",\"valueRequired\":true,\"valueName\":\"search_term_string\"}}],\"inLanguage\":\"en-US\"},{\"@type\":\"Person\",\"@id\":\"https:\/\/fadeu.urantiacos.cl\/en\/#\/schema\/person\/d203e2e84b1c40275eac77b3061a19a2\",\"name\":\"manadmin\",\"image\":{\"@type\":\"ImageObject\",\"inLanguage\":\"en-US\",\"@id\":\"https:\/\/fadeu.urantiacos.cl\/en\/#\/schema\/person\/image\/\",\"url\":\"https:\/\/secure.gravatar.com\/avatar\/4b1d8e3303b4a9d8968ac578947d8bc80d9aea359f388cdd4aac15cadc0e8447?s=96&d=mm&r=g\",\"contentUrl\":\"https:\/\/secure.gravatar.com\/avatar\/4b1d8e3303b4a9d8968ac578947d8bc80d9aea359f388cdd4aac15cadc0e8447?s=96&d=mm&r=g\",\"caption\":\"manadmin\"},\"sameAs\":[\"https:\/\/fadeu.urantiacos.cl\"]}]}<\/script>\n<!-- \/ Yoast SEO plugin. -->","yoast_head_json":{"title":"Facultad de Arquitectura, Dise\u00f1o y Estudios Urbanos UC firm\u00f3 declaraci\u00f3n de Cities for All en materia de accesibilidad universal - Facultad de Arquitectura, Dise\u00f1o y Estudios Urbanos","description":"\u201cPacto mundial sobre ciudades inclusivas y accesibles\u201d, es el nombre de la declaraci\u00f3n emanada desde la organizaci\u00f3n Cities for All (Ciudades para todos), del Instituto World Enabled, que firm\u00f3 la Facultad de Arquitectura, Dise\u00f1o y Estudios Urbanos de la Universidad Cat\u00f3lica la semana pasada en el contexto del seminario \u201cAccesibilidad para la recreaci\u00f3n, el ocio y el deporte\u201d organizado por los Comit\u00e9s de Accesibilidad Universal y Arquitectura Deportiva del Colegio de Arquitectos de Chile, en Las Condes Design.","robots":{"index":"index","follow":"follow","max-snippet":"max-snippet:-1","max-image-preview":"max-image-preview:large","max-video-preview":"max-video-preview:-1"},"canonical":"https:\/\/fadeu.urantiacos.cl\/en\/2019\/12\/02\/facultad-de-arquitectura-diseno-y-estudios-urbanos-uc-firmo-declaracion-de-cities-for-all-en-materia-de-accesibilidad-universal\/","og_locale":"en_US","og_type":"article","og_title":"Facultad de Arquitectura, Dise\u00f1o y Estudios Urbanos UC firm\u00f3 declaraci\u00f3n de Cities for All en materia de accesibilidad universal - Facultad de Arquitectura, Dise\u00f1o y Estudios Urbanos","og_description":"\u201cPacto mundial sobre ciudades inclusivas y accesibles\u201d, es el nombre de la declaraci\u00f3n emanada desde la organizaci\u00f3n Cities for All (Ciudades para todos), del Instituto World Enabled, que firm\u00f3 la Facultad de Arquitectura, Dise\u00f1o y Estudios Urbanos de la Universidad Cat\u00f3lica la semana pasada en el contexto del seminario \u201cAccesibilidad para la recreaci\u00f3n, el ocio y el deporte\u201d organizado por los Comit\u00e9s de Accesibilidad Universal y Arquitectura Deportiva del Colegio de Arquitectos de Chile, en Las Condes Design.","og_url":"https:\/\/fadeu.urantiacos.cl\/en\/2019\/12\/02\/facultad-de-arquitectura-diseno-y-estudios-urbanos-uc-firmo-declaracion-de-cities-for-all-en-materia-de-accesibilidad-universal\/","og_site_name":"Facultad de Arquitectura, Dise\u00f1o y Estudios Urbanos","article_published_time":"2019-12-02T23:45:00+00:00","article_modified_time":"2023-09-13T23:46:34+00:00","og_image":[{"width":350,"height":250,"url":"https:\/\/fadeu.urantiacos.cl\/wp-content\/uploads\/2023\/09\/FIRMA_CONVENIOR_LCD.jpg","type":"image\/jpeg"}],"author":"manadmin","twitter_card":"summary_large_image","twitter_misc":{"Written by":"manadmin","Est. reading time":"3 minutes"},"schema":{"@context":"https:\/\/schema.org","@graph":[{"@type":"Article","@id":"https:\/\/fadeu.urantiacos.cl\/en\/2019\/12\/02\/facultad-de-arquitectura-diseno-y-estudios-urbanos-uc-firmo-declaracion-de-cities-for-all-en-materia-de-accesibilidad-universal\/#article","isPartOf":{"@id":"https:\/\/fadeu.urantiacos.cl\/en\/2019\/12\/02\/facultad-de-arquitectura-diseno-y-estudios-urbanos-uc-firmo-declaracion-de-cities-for-all-en-materia-de-accesibilidad-universal\/"},"author":{"name":"manadmin","@id":"https:\/\/fadeu.urantiacos.cl\/en\/#\/schema\/person\/d203e2e84b1c40275eac77b3061a19a2"},"headline":"Facultad de Arquitectura, Dise\u00f1o y Estudios Urbanos UC firm\u00f3 declaraci\u00f3n de Cities for All en materia de accesibilidad universal","datePublished":"2019-12-02T23:45:00+00:00","dateModified":"2023-09-13T23:46:34+00:00","mainEntityOfPage":{"@id":"https:\/\/fadeu.urantiacos.cl\/en\/2019\/12\/02\/facultad-de-arquitectura-diseno-y-estudios-urbanos-uc-firmo-declaracion-de-cities-for-all-en-materia-de-accesibilidad-universal\/"},"wordCount":665,"commentCount":0,"image":{"@id":"https:\/\/fadeu.urantiacos.cl\/en\/2019\/12\/02\/facultad-de-arquitectura-diseno-y-estudios-urbanos-uc-firmo-declaracion-de-cities-for-all-en-materia-de-accesibilidad-universal\/#primaryimage"},"thumbnailUrl":"https:\/\/fadeu.urantiacos.cl\/wp-content\/uploads\/2023\/09\/FIRMA_CONVENIOR_LCD.jpg","articleSection":["Sin categorizar"],"inLanguage":"en-US","potentialAction":[{"@type":"CommentAction","name":"Comment","target":["https:\/\/fadeu.urantiacos.cl\/en\/2019\/12\/02\/facultad-de-arquitectura-diseno-y-estudios-urbanos-uc-firmo-declaracion-de-cities-for-all-en-materia-de-accesibilidad-universal\/#respond"]}]},{"@type":"WebPage","@id":"https:\/\/fadeu.urantiacos.cl\/en\/2019\/12\/02\/facultad-de-arquitectura-diseno-y-estudios-urbanos-uc-firmo-declaracion-de-cities-for-all-en-materia-de-accesibilidad-universal\/","url":"https:\/\/fadeu.urantiacos.cl\/en\/2019\/12\/02\/facultad-de-arquitectura-diseno-y-estudios-urbanos-uc-firmo-declaracion-de-cities-for-all-en-materia-de-accesibilidad-universal\/","name":"Facultad de Arquitectura, Dise\u00f1o y Estudios Urbanos UC firm\u00f3 declaraci\u00f3n de Cities for All en materia de accesibilidad universal - Facultad de Arquitectura, Dise\u00f1o y Estudios Urbanos","isPartOf":{"@id":"https:\/\/fadeu.urantiacos.cl\/en\/#website"},"primaryImageOfPage":{"@id":"https:\/\/fadeu.urantiacos.cl\/en\/2019\/12\/02\/facultad-de-arquitectura-diseno-y-estudios-urbanos-uc-firmo-declaracion-de-cities-for-all-en-materia-de-accesibilidad-universal\/#primaryimage"},"image":{"@id":"https:\/\/fadeu.urantiacos.cl\/en\/2019\/12\/02\/facultad-de-arquitectura-diseno-y-estudios-urbanos-uc-firmo-declaracion-de-cities-for-all-en-materia-de-accesibilidad-universal\/#primaryimage"},"thumbnailUrl":"https:\/\/fadeu.urantiacos.cl\/wp-content\/uploads\/2023\/09\/FIRMA_CONVENIOR_LCD.jpg","datePublished":"2019-12-02T23:45:00+00:00","dateModified":"2023-09-13T23:46:34+00:00","author":{"@id":"https:\/\/fadeu.urantiacos.cl\/en\/#\/schema\/person\/d203e2e84b1c40275eac77b3061a19a2"},"description":"\u201cPacto mundial sobre ciudades inclusivas y accesibles\u201d, es el nombre de la declaraci\u00f3n emanada desde la organizaci\u00f3n Cities for All (Ciudades para todos), del Instituto World Enabled, que firm\u00f3 la Facultad de Arquitectura, Dise\u00f1o y Estudios Urbanos de la Universidad Cat\u00f3lica la semana pasada en el contexto del seminario \u201cAccesibilidad para la recreaci\u00f3n, el ocio y el deporte\u201d organizado por los Comit\u00e9s de Accesibilidad Universal y Arquitectura Deportiva del Colegio de Arquitectos de Chile, en Las Condes Design.","breadcrumb":{"@id":"https:\/\/fadeu.urantiacos.cl\/en\/2019\/12\/02\/facultad-de-arquitectura-diseno-y-estudios-urbanos-uc-firmo-declaracion-de-cities-for-all-en-materia-de-accesibilidad-universal\/#breadcrumb"},"inLanguage":"en-US","potentialAction":[{"@type":"ReadAction","target":["https:\/\/fadeu.urantiacos.cl\/en\/2019\/12\/02\/facultad-de-arquitectura-diseno-y-estudios-urbanos-uc-firmo-declaracion-de-cities-for-all-en-materia-de-accesibilidad-universal\/"]}]},{"@type":"ImageObject","inLanguage":"en-US","@id":"https:\/\/fadeu.urantiacos.cl\/en\/2019\/12\/02\/facultad-de-arquitectura-diseno-y-estudios-urbanos-uc-firmo-declaracion-de-cities-for-all-en-materia-de-accesibilidad-universal\/#primaryimage","url":"https:\/\/fadeu.urantiacos.cl\/wp-content\/uploads\/2023\/09\/FIRMA_CONVENIOR_LCD.jpg","contentUrl":"https:\/\/fadeu.urantiacos.cl\/wp-content\/uploads\/2023\/09\/FIRMA_CONVENIOR_LCD.jpg","width":350,"height":250},{"@type":"BreadcrumbList","@id":"https:\/\/fadeu.urantiacos.cl\/en\/2019\/12\/02\/facultad-de-arquitectura-diseno-y-estudios-urbanos-uc-firmo-declaracion-de-cities-for-all-en-materia-de-accesibilidad-universal\/#breadcrumb","itemListElement":[{"@type":"ListItem","position":1,"name":"Portada","item":"https:\/\/fadeu.urantiacos.cl\/en\/"},{"@type":"ListItem","position":2,"name":"Facultad de Arquitectura, Dise\u00f1o y Estudios Urbanos UC firm\u00f3 declaraci\u00f3n de Cities for All en materia de accesibilidad universal"}]},{"@type":"WebSite","@id":"https:\/\/fadeu.urantiacos.cl\/en\/#website","url":"https:\/\/fadeu.urantiacos.cl\/en\/","name":"Facultad de Arquitectura, Dise\u00f1o y Estudios Urbanos","description":"Campus Lo Contador","potentialAction":[{"@type":"SearchAction","target":{"@type":"EntryPoint","urlTemplate":"https:\/\/fadeu.urantiacos.cl\/en\/?s={search_term_string}"},"query-input":{"@type":"PropertyValueSpecification","valueRequired":true,"valueName":"search_term_string"}}],"inLanguage":"en-US"},{"@type":"Person","@id":"https:\/\/fadeu.urantiacos.cl\/en\/#\/schema\/person\/d203e2e84b1c40275eac77b3061a19a2","name":"manadmin","image":{"@type":"ImageObject","inLanguage":"en-US","@id":"https:\/\/fadeu.urantiacos.cl\/en\/#\/schema\/person\/image\/","url":"https:\/\/secure.gravatar.com\/avatar\/4b1d8e3303b4a9d8968ac578947d8bc80d9aea359f388cdd4aac15cadc0e8447?s=96&d=mm&r=g","contentUrl":"https:\/\/secure.gravatar.com\/avatar\/4b1d8e3303b4a9d8968ac578947d8bc80d9aea359f388cdd4aac15cadc0e8447?s=96&d=mm&r=g","caption":"manadmin"},"sameAs":["https:\/\/fadeu.urantiacos.cl"]}]}},"_links":{"self":[{"href":"https:\/\/fadeu.urantiacos.cl\/en\/wp-json\/wp\/v2\/posts\/9823","targetHints":{"allow":["GET"]}}],"collection":[{"href":"https:\/\/fadeu.urantiacos.cl\/en\/wp-json\/wp\/v2\/posts"}],"about":[{"href":"https:\/\/fadeu.urantiacos.cl\/en\/wp-json\/wp\/v2\/types\/post"}],"author":[{"embeddable":true,"href":"https:\/\/fadeu.urantiacos.cl\/en\/wp-json\/wp\/v2\/users\/1"}],"replies":[{"embeddable":true,"href":"https:\/\/fadeu.urantiacos.cl\/en\/wp-json\/wp\/v2\/comments?post=9823"}],"version-history":[{"count":1,"href":"https:\/\/fadeu.urantiacos.cl\/en\/wp-json\/wp\/v2\/posts\/9823\/revisions"}],"predecessor-version":[{"id":9825,"href":"https:\/\/fadeu.urantiacos.cl\/en\/wp-json\/wp\/v2\/posts\/9823\/revisions\/9825"}],"wp:featuredmedia":[{"embeddable":true,"href":"https:\/\/fadeu.urantiacos.cl\/en\/wp-json\/wp\/v2\/media\/9824"}],"wp:attachment":[{"href":"https:\/\/fadeu.urantiacos.cl\/en\/wp-json\/wp\/v2\/media?parent=9823"}],"wp:term":[{"taxonomy":"category","embeddable":true,"href":"https:\/\/fadeu.urantiacos.cl\/en\/wp-json\/wp\/v2\/categories?post=9823"},{"taxonomy":"post_tag","embeddable":true,"href":"https:\/\/fadeu.urantiacos.cl\/en\/wp-json\/wp\/v2\/tags?post=9823"}],"curies":[{"name":"wp","href":"https:\/\/api.w.org\/{rel}","templated":true}]}}