{"id":8599,"date":"2020-07-23T21:35:00","date_gmt":"2020-07-24T00:35:00","guid":{"rendered":"https:\/\/fadeu.urantiacos.cl\/?p=8599"},"modified":"2023-09-10T21:38:04","modified_gmt":"2023-09-11T00:38:04","slug":"la-escuela-de-arquitectura-inicia-proceso-de-postulacion-a-talleres-2o-2020","status":"publish","type":"post","link":"https:\/\/fadeu.urantiacos.cl\/en\/2020\/07\/23\/la-escuela-de-arquitectura-inicia-proceso-de-postulacion-a-talleres-2o-2020\/","title":{"rendered":"La Escuela de Arquitectura inicia proceso de postulaci\u00f3n a Talleres 2\u00ba &#8211; 2020"},"content":{"rendered":"\n<figure class=\"wp-block-image size-full\"><img decoding=\"async\" width=\"350\" height=\"250\" src=\"https:\/\/fadeu.urantiacos.cl\/wp-content\/uploads\/2023\/09\/talleres_arq_si.jpg\" alt=\"\" class=\"wp-image-8600\" srcset=\"https:\/\/fadeu.urantiacos.cl\/wp-content\/uploads\/2023\/09\/talleres_arq_si.jpg 350w, https:\/\/fadeu.urantiacos.cl\/wp-content\/uploads\/2023\/09\/talleres_arq_si-300x214.jpg 300w\" sizes=\"(max-width: 350px) 100vw, 350px\" \/><\/figure>\n\n\n\n<p>*En caso de tener preguntas sobre alg\u00fan taller en particular, deben escribir un correo electr\u00f3nico directamente a los profesores responsables.<\/p>\n\n\n\n<p>TALLER PROFESIONAL | SEM II, 2020<\/p>\n\n\n\n<p>1- &nbsp; &nbsp;INTERVENIR ACTUALIZADO; TORRE MODELO, ESCALA 1\/200_1\/10 &nbsp;<br>Profesores: Jos\u00e9 Domingo Pe\u00f1afiel + Marcelo Sarovic<br>Enlace a Facebook ARQ UC:<br><a href=\"https:\/\/www.facebook.com\/watch\/?v=781664595705576\" target=\"_blank\" rel=\"noreferrer noopener\">https:\/\/www.facebook.com\/<wbr>watch\/?v=781664595705576<\/a><br>&nbsp;<br>2- &nbsp; &nbsp;AGUAS ARRIBA AGUAS ABAJO<br>Profesores: Patricio Mardones + Osvaldo Larra\u00edn<br>Enlace a Facebook ARQ UC:<br><a href=\"https:\/\/www.facebook.com\/watch\/?v=967229367050498\" target=\"_blank\" rel=\"noreferrer noopener\">https:\/\/www.facebook.com\/<wbr>watch\/?v=967229367050498<\/a><br>&nbsp;<br>3- &nbsp; &nbsp;HUERTOS HABITABLES VERTICALES<br>Profesores: Juan Ignacio Baixas + Mario Carre\u00f1o<br>Enlace a Facebook ARQ UC:<br><a href=\"https:\/\/www.facebook.com\/watch\/?v=1161949107498334\" target=\"_blank\" rel=\"noreferrer noopener\">https:\/\/www.facebook.com\/<wbr>watch\/?v=1161949107498334<\/a><br>&nbsp;<br>4- &nbsp; &nbsp;AMALGAMAS Y YUXTAPOSICIONES<br>ESPACIOS DE COLABORACI\u00d3N<br>Profesoras: Cecilia Puga + Paula Velasco<br>Enlace a Facebook ARQ UC:<br><a href=\"https:\/\/www.facebook.com\/watch\/?v=307255827143295\" target=\"_blank\" rel=\"noreferrer noopener\">https:\/\/www.facebook.com\/<wbr>watch\/?v=307255827143295<\/a><\/p>\n\n\n\n<p>5- &nbsp; &nbsp;OPERACIONES E INTERVENCIONES<br>Profesores: Alberto Moletto + Crist\u00f3bal Tirado<br>Enlace a Facebook ARQ UC:<br><a href=\"https:\/\/www.facebook.com\/watch\/?v=300903991143716\" target=\"_blank\" rel=\"noreferrer noopener\">https:\/\/www.facebook.com\/<wbr>watch\/?v=300903991143716<\/a><br>&nbsp;<br>6- &nbsp; &nbsp;CIUDAD DE LOS 2 MINUTOS<br>Profesores: Antonio Lipthay + Filipe Temtem<br>Enlace a Facebook ARQ UC:<br><a href=\"https:\/\/www.facebook.com\/watch\/?v=2654334564807858\" target=\"_blank\" rel=\"noreferrer noopener\">https:\/\/www.facebook.com\/<wbr>watch\/?v=2654334564807858<\/a><br>&nbsp;<br>7- &nbsp; &nbsp;LA NATURALEZA EN LA CIUDAD COMO INFRAESTRUCTURA DE SALUD<br>Profesores: Claudia Illanes + Andrew Harris<br>Enlace a Facebook ARQ UC:<br><a href=\"https:\/\/www.facebook.com\/watch\/?v=206241684121393\" target=\"_blank\" rel=\"noreferrer noopener\">https:\/\/www.facebook.com\/<wbr>watch\/?v=206241684121393<\/a><br>&nbsp;<br>8- &nbsp; &nbsp;INFRAESTRUCTURAS SOCIALES PARA EL ALIVIO<br>TRANSFORMACI\u00d3N DE MEDIALUNAS EN REFUGIOS DE EMERGENCIA<br>Profesores: Sebasti\u00e1n Irarr\u00e1zaval + Guillermo Hevia<br>Enlace a Facebook ARQ UC:<br><a href=\"https:\/\/www.facebook.com\/watch\/?v=605565330390677\" target=\"_blank\" rel=\"noreferrer noopener\">https:\/\/www.facebook.com\/<wbr>watch\/?v=605565330390677<\/a><br>&nbsp;<br>9- &nbsp; &nbsp;CREAR COMUNIDAD: EQUIPAMIENTO VERTICAL EN MADERA<br>Profesores: Mart\u00edn Hurtado + Cristi\u00e1n Schmitt<br>Enlace a Facebook ARQ UC:<br><a href=\"https:\/\/www.facebook.com\/watch\/?v=294760535092309\" target=\"_blank\" rel=\"noreferrer noopener\">https:\/\/www.facebook.com\/<wbr>watch\/?v=294760535092309<\/a><\/p>\n\n\n\n<p>PRESENTACIONES TALLER DE INVESTIGACI\u00d3N | SEM II, 2020<\/p>\n\n\n\n<p>1- &nbsp; &nbsp;HACIA UN URBANISMO RESIDENCIAL NUEVOS BARRIOS, POBLACIONES Y VILLAS DE SANTIAGO DE CHILE, 1872 \u2013 1875<br>Profesor: Germ\u00e1n Hidalgo<br>Ayudante: Magdalena Montalb\u00e1n<br>Enlace a Facebook ARQ UC:<br><a href=\"https:\/\/www.facebook.com\/watch\/?v=3371161946284789\" target=\"_blank\" rel=\"noreferrer noopener\">https:\/\/www.facebook.com\/<wbr>watch\/?v=3371161946284789<\/a><br>&nbsp;<br>2- &nbsp; &nbsp;ARQUITECTURA RESIDENCIAL EN JAP\u00d3N<br>Profesor: Diego Grass<br>Ayudante: Joaqu\u00edn Serrano<br>Enlace a Facebook ARQ UC:<br><a href=\"https:\/\/www.facebook.com\/watch\/?v=602094794039038\" target=\"_blank\" rel=\"noreferrer noopener\">https:\/\/www.facebook.com\/<wbr>watch\/?v=602094794039038<\/a><br>&nbsp;<br>3- &nbsp; &nbsp;LA CIUDAD VIVIDA<br>ESPACIOS DE LO COM\u00daN EN BARRIOS 9X18. LA FAENA PE\u00d1ALOLEN<br>Profesora: Elke Schlack<br>Ayudante: Laura Viada<br>Enlace a Facebook ARQ UC:<br><a href=\"https:\/\/www.facebook.com\/watch\/?v=306309590565756\" target=\"_blank\" rel=\"noreferrer noopener\">https:\/\/www.facebook.com\/<wbr>watch\/?v=306309590565756<\/a><br>&nbsp;<br>4- &nbsp; &nbsp; &nbsp; &nbsp; EL PAISAJE CULTURAL DE LOS OFICIOS TRADICIONALES<br>DEL OBJETO AL LUGAR<br>Profesora: Claudia Larra\u00edn<br>Ayudante: Josefina Tapia<br>Enlace a Facebook ARQ UC:<br><a href=\"https:\/\/www.facebook.com\/watch\/?v=307542620627838\" target=\"_blank\" rel=\"noreferrer noopener\">https:\/\/www.facebook.com\/<wbr>watch\/?v=307542620627838<\/a><br>&nbsp;<br>5- &nbsp; &nbsp;LA TRAMA DEL METRO: PATRONES Y L\u00d3GICAS DE TRANSFORMACI\u00d3N EN TORNO A LAS ESTACIONES DEL METRO EN SANTIAGO<br>Profesora: Roc\u00edo Hidalgo<br>Enlace a Facebook ARQ UC:<br><a href=\"https:\/\/www.facebook.com\/watch\/?v=977277726032896\" target=\"_blank\" rel=\"noreferrer noopener\">https:\/\/www.facebook.com\/<wbr>watch\/?v=977277726032896<\/a><br>&nbsp;<br>6- &nbsp; &nbsp;SANTIAGO MULTIRIESGO:<br>FACTORES SUBYACENTES Y DISE\u00d1O RESILIENTE<br>Profesores: Renato D&#8217;Alencon + Roberto Moris<br>Enlace a Facebook ARQ UC:<br><a href=\"https:\/\/www.facebook.com\/watch\/?v=617389418895823\" target=\"_blank\" rel=\"noreferrer noopener\">https:\/\/www.facebook.com\/<wbr>watch\/?v=617389418895823<\/a><br>&nbsp;<br>7- &nbsp; &nbsp;ARQUITECTURA HOSPITALARIA: TIPOLOG\u00cdA, TRANSFORMACI\u00d3N Y ENFERMEDADES<br>Profesora: Macarena Cort\u00e9s<br>Ayudante: Francisca Evans<br>Enlace a Facebook ARQ UC:<br><a href=\"https:\/\/www.facebook.com\/watch\/?v=2708651959459950\" target=\"_blank\" rel=\"noreferrer noopener\">https:\/\/www.facebook.com\/<wbr>watch\/?v=2708651959459950<\/a><\/p>\n","protected":false},"excerpt":{"rendered":"<p>La Escuela de Arquitectura ha iniciado el proceso de postulaci\u00f3n a Talleres Profesionales, y Talleres de Investigaci\u00f3n y Proyecto, y para el segundo semestre de 2020. En esta oportunidad se dictar\u00e1n 9 y 7 talleres respectivamente que plantean el desarrollo de investigaciones enfocadas en diversos temas y escalas de trabajo presentes en la escuela. Los talleres ser\u00e1n presentados mediante videos que expone los temas, m\u00e9todos y casos a trabajar durante el semestre. En el siguiente listado encontrar\u00e1n los enlaces a los videos, que ser\u00e1n publicados en las redes sociales de la escuela (Facebook). <\/p>\n","protected":false},"author":1,"featured_media":8600,"comment_status":"open","ping_status":"open","sticky":false,"template":"","format":"standard","meta":{"_acf_changed":false,"footnotes":""},"categories":[1],"tags":[],"class_list":["post-8599","post","type-post","status-publish","format-standard","has-post-thumbnail","hentry","category-sin-categorizar"],"acf":[],"yoast_head":"<!-- This site is optimized with the Yoast SEO plugin v27.1.1 - https:\/\/yoast.com\/product\/yoast-seo-wordpress\/ -->\n<title>La Escuela de Arquitectura inicia proceso de postulaci\u00f3n a Talleres 2\u00ba - 2020 - Facultad de Arquitectura, Dise\u00f1o y Estudios Urbanos<\/title>\n<meta name=\"description\" content=\"La Escuela de Arquitectura ha iniciado el proceso de postulaci\u00f3n a Talleres Profesionales, y Talleres de Investigaci\u00f3n y Proyecto, y para el segundo semestre de 2020. En esta oportunidad se dictar\u00e1n 9 y 7 talleres respectivamente que plantean el desarrollo de investigaciones enfocadas en diversos temas y escalas de trabajo presentes en la escuela. Los talleres ser\u00e1n presentados mediante videos que expone los temas, m\u00e9todos y casos a trabajar durante el semestre. En el siguiente listado encontrar\u00e1n los enlaces a los videos, que ser\u00e1n publicados en las redes sociales de la escuela (Facebook).\" \/>\n<meta name=\"robots\" content=\"index, follow, max-snippet:-1, max-image-preview:large, max-video-preview:-1\" \/>\n<link rel=\"canonical\" href=\"https:\/\/fadeu.urantiacos.cl\/en\/2020\/07\/23\/la-escuela-de-arquitectura-inicia-proceso-de-postulacion-a-talleres-2o-2020\/\" \/>\n<meta property=\"og:locale\" content=\"en_US\" \/>\n<meta property=\"og:type\" content=\"article\" \/>\n<meta property=\"og:title\" content=\"La Escuela de Arquitectura inicia proceso de postulaci\u00f3n a Talleres 2\u00ba - 2020 - Facultad de Arquitectura, Dise\u00f1o y Estudios Urbanos\" \/>\n<meta property=\"og:description\" content=\"La Escuela de Arquitectura ha iniciado el proceso de postulaci\u00f3n a Talleres Profesionales, y Talleres de Investigaci\u00f3n y Proyecto, y para el segundo semestre de 2020. En esta oportunidad se dictar\u00e1n 9 y 7 talleres respectivamente que plantean el desarrollo de investigaciones enfocadas en diversos temas y escalas de trabajo presentes en la escuela. Los talleres ser\u00e1n presentados mediante videos que expone los temas, m\u00e9todos y casos a trabajar durante el semestre. En el siguiente listado encontrar\u00e1n los enlaces a los videos, que ser\u00e1n publicados en las redes sociales de la escuela (Facebook).\" \/>\n<meta property=\"og:url\" content=\"https:\/\/fadeu.urantiacos.cl\/en\/2020\/07\/23\/la-escuela-de-arquitectura-inicia-proceso-de-postulacion-a-talleres-2o-2020\/\" \/>\n<meta property=\"og:site_name\" content=\"Facultad de Arquitectura, Dise\u00f1o y Estudios Urbanos\" \/>\n<meta property=\"article:published_time\" content=\"2020-07-24T00:35:00+00:00\" \/>\n<meta property=\"article:modified_time\" content=\"2023-09-11T00:38:04+00:00\" \/>\n<meta property=\"og:image\" content=\"https:\/\/fadeu.urantiacos.cl\/wp-content\/uploads\/2023\/09\/talleres_arq_si.jpg\" \/>\n\t<meta property=\"og:image:width\" content=\"350\" \/>\n\t<meta property=\"og:image:height\" content=\"250\" \/>\n\t<meta property=\"og:image:type\" content=\"image\/jpeg\" \/>\n<meta name=\"author\" content=\"manadmin\" \/>\n<meta name=\"twitter:card\" content=\"summary_large_image\" \/>\n<meta name=\"twitter:label1\" content=\"Written by\" \/>\n\t<meta name=\"twitter:data1\" content=\"manadmin\" \/>\n\t<meta name=\"twitter:label2\" content=\"Est. reading time\" \/>\n\t<meta name=\"twitter:data2\" content=\"2 minutes\" \/>\n<script type=\"application\/ld+json\" class=\"yoast-schema-graph\">{\"@context\":\"https:\/\/schema.org\",\"@graph\":[{\"@type\":\"Article\",\"@id\":\"https:\/\/fadeu.urantiacos.cl\/en\/2020\/07\/23\/la-escuela-de-arquitectura-inicia-proceso-de-postulacion-a-talleres-2o-2020\/#article\",\"isPartOf\":{\"@id\":\"https:\/\/fadeu.urantiacos.cl\/en\/2020\/07\/23\/la-escuela-de-arquitectura-inicia-proceso-de-postulacion-a-talleres-2o-2020\/\"},\"author\":{\"name\":\"manadmin\",\"@id\":\"https:\/\/fadeu.urantiacos.cl\/en\/#\/schema\/person\/d203e2e84b1c40275eac77b3061a19a2\"},\"headline\":\"La Escuela de Arquitectura inicia proceso de postulaci\u00f3n a Talleres 2\u00ba &#8211; 2020\",\"datePublished\":\"2020-07-24T00:35:00+00:00\",\"dateModified\":\"2023-09-11T00:38:04+00:00\",\"mainEntityOfPage\":{\"@id\":\"https:\/\/fadeu.urantiacos.cl\/en\/2020\/07\/23\/la-escuela-de-arquitectura-inicia-proceso-de-postulacion-a-talleres-2o-2020\/\"},\"wordCount\":479,\"commentCount\":0,\"image\":{\"@id\":\"https:\/\/fadeu.urantiacos.cl\/en\/2020\/07\/23\/la-escuela-de-arquitectura-inicia-proceso-de-postulacion-a-talleres-2o-2020\/#primaryimage\"},\"thumbnailUrl\":\"https:\/\/fadeu.urantiacos.cl\/wp-content\/uploads\/2023\/09\/talleres_arq_si.jpg\",\"articleSection\":[\"Sin categorizar\"],\"inLanguage\":\"en-US\",\"potentialAction\":[{\"@type\":\"CommentAction\",\"name\":\"Comment\",\"target\":[\"https:\/\/fadeu.urantiacos.cl\/en\/2020\/07\/23\/la-escuela-de-arquitectura-inicia-proceso-de-postulacion-a-talleres-2o-2020\/#respond\"]}]},{\"@type\":\"WebPage\",\"@id\":\"https:\/\/fadeu.urantiacos.cl\/en\/2020\/07\/23\/la-escuela-de-arquitectura-inicia-proceso-de-postulacion-a-talleres-2o-2020\/\",\"url\":\"https:\/\/fadeu.urantiacos.cl\/en\/2020\/07\/23\/la-escuela-de-arquitectura-inicia-proceso-de-postulacion-a-talleres-2o-2020\/\",\"name\":\"La Escuela de Arquitectura inicia proceso de postulaci\u00f3n a Talleres 2\u00ba - 2020 - Facultad de Arquitectura, Dise\u00f1o y Estudios Urbanos\",\"isPartOf\":{\"@id\":\"https:\/\/fadeu.urantiacos.cl\/en\/#website\"},\"primaryImageOfPage\":{\"@id\":\"https:\/\/fadeu.urantiacos.cl\/en\/2020\/07\/23\/la-escuela-de-arquitectura-inicia-proceso-de-postulacion-a-talleres-2o-2020\/#primaryimage\"},\"image\":{\"@id\":\"https:\/\/fadeu.urantiacos.cl\/en\/2020\/07\/23\/la-escuela-de-arquitectura-inicia-proceso-de-postulacion-a-talleres-2o-2020\/#primaryimage\"},\"thumbnailUrl\":\"https:\/\/fadeu.urantiacos.cl\/wp-content\/uploads\/2023\/09\/talleres_arq_si.jpg\",\"datePublished\":\"2020-07-24T00:35:00+00:00\",\"dateModified\":\"2023-09-11T00:38:04+00:00\",\"author\":{\"@id\":\"https:\/\/fadeu.urantiacos.cl\/en\/#\/schema\/person\/d203e2e84b1c40275eac77b3061a19a2\"},\"description\":\"La Escuela de Arquitectura ha iniciado el proceso de postulaci\u00f3n a Talleres Profesionales, y Talleres de Investigaci\u00f3n y Proyecto, y para el segundo semestre de 2020. En esta oportunidad se dictar\u00e1n 9 y 7 talleres respectivamente que plantean el desarrollo de investigaciones enfocadas en diversos temas y escalas de trabajo presentes en la escuela. Los talleres ser\u00e1n presentados mediante videos que expone los temas, m\u00e9todos y casos a trabajar durante el semestre. En el siguiente listado encontrar\u00e1n los enlaces a los videos, que ser\u00e1n publicados en las redes sociales de la escuela (Facebook).\",\"breadcrumb\":{\"@id\":\"https:\/\/fadeu.urantiacos.cl\/en\/2020\/07\/23\/la-escuela-de-arquitectura-inicia-proceso-de-postulacion-a-talleres-2o-2020\/#breadcrumb\"},\"inLanguage\":\"en-US\",\"potentialAction\":[{\"@type\":\"ReadAction\",\"target\":[\"https:\/\/fadeu.urantiacos.cl\/en\/2020\/07\/23\/la-escuela-de-arquitectura-inicia-proceso-de-postulacion-a-talleres-2o-2020\/\"]}]},{\"@type\":\"ImageObject\",\"inLanguage\":\"en-US\",\"@id\":\"https:\/\/fadeu.urantiacos.cl\/en\/2020\/07\/23\/la-escuela-de-arquitectura-inicia-proceso-de-postulacion-a-talleres-2o-2020\/#primaryimage\",\"url\":\"https:\/\/fadeu.urantiacos.cl\/wp-content\/uploads\/2023\/09\/talleres_arq_si.jpg\",\"contentUrl\":\"https:\/\/fadeu.urantiacos.cl\/wp-content\/uploads\/2023\/09\/talleres_arq_si.jpg\",\"width\":350,\"height\":250},{\"@type\":\"BreadcrumbList\",\"@id\":\"https:\/\/fadeu.urantiacos.cl\/en\/2020\/07\/23\/la-escuela-de-arquitectura-inicia-proceso-de-postulacion-a-talleres-2o-2020\/#breadcrumb\",\"itemListElement\":[{\"@type\":\"ListItem\",\"position\":1,\"name\":\"Portada\",\"item\":\"https:\/\/fadeu.urantiacos.cl\/en\/\"},{\"@type\":\"ListItem\",\"position\":2,\"name\":\"La Escuela de Arquitectura inicia proceso de postulaci\u00f3n a Talleres 2\u00ba &#8211; 2020\"}]},{\"@type\":\"WebSite\",\"@id\":\"https:\/\/fadeu.urantiacos.cl\/en\/#website\",\"url\":\"https:\/\/fadeu.urantiacos.cl\/en\/\",\"name\":\"Facultad de Arquitectura, Dise\u00f1o y Estudios Urbanos\",\"description\":\"Campus Lo Contador\",\"potentialAction\":[{\"@type\":\"SearchAction\",\"target\":{\"@type\":\"EntryPoint\",\"urlTemplate\":\"https:\/\/fadeu.urantiacos.cl\/en\/?s={search_term_string}\"},\"query-input\":{\"@type\":\"PropertyValueSpecification\",\"valueRequired\":true,\"valueName\":\"search_term_string\"}}],\"inLanguage\":\"en-US\"},{\"@type\":\"Person\",\"@id\":\"https:\/\/fadeu.urantiacos.cl\/en\/#\/schema\/person\/d203e2e84b1c40275eac77b3061a19a2\",\"name\":\"manadmin\",\"image\":{\"@type\":\"ImageObject\",\"inLanguage\":\"en-US\",\"@id\":\"https:\/\/fadeu.urantiacos.cl\/en\/#\/schema\/person\/image\/\",\"url\":\"https:\/\/secure.gravatar.com\/avatar\/4b1d8e3303b4a9d8968ac578947d8bc80d9aea359f388cdd4aac15cadc0e8447?s=96&d=mm&r=g\",\"contentUrl\":\"https:\/\/secure.gravatar.com\/avatar\/4b1d8e3303b4a9d8968ac578947d8bc80d9aea359f388cdd4aac15cadc0e8447?s=96&d=mm&r=g\",\"caption\":\"manadmin\"},\"sameAs\":[\"https:\/\/fadeu.urantiacos.cl\"]}]}<\/script>\n<!-- \/ Yoast SEO plugin. -->","yoast_head_json":{"title":"La Escuela de Arquitectura inicia proceso de postulaci\u00f3n a Talleres 2\u00ba - 2020 - Facultad de Arquitectura, Dise\u00f1o y Estudios Urbanos","description":"La Escuela de Arquitectura ha iniciado el proceso de postulaci\u00f3n a Talleres Profesionales, y Talleres de Investigaci\u00f3n y Proyecto, y para el segundo semestre de 2020. En esta oportunidad se dictar\u00e1n 9 y 7 talleres respectivamente que plantean el desarrollo de investigaciones enfocadas en diversos temas y escalas de trabajo presentes en la escuela. Los talleres ser\u00e1n presentados mediante videos que expone los temas, m\u00e9todos y casos a trabajar durante el semestre. En el siguiente listado encontrar\u00e1n los enlaces a los videos, que ser\u00e1n publicados en las redes sociales de la escuela (Facebook).","robots":{"index":"index","follow":"follow","max-snippet":"max-snippet:-1","max-image-preview":"max-image-preview:large","max-video-preview":"max-video-preview:-1"},"canonical":"https:\/\/fadeu.urantiacos.cl\/en\/2020\/07\/23\/la-escuela-de-arquitectura-inicia-proceso-de-postulacion-a-talleres-2o-2020\/","og_locale":"en_US","og_type":"article","og_title":"La Escuela de Arquitectura inicia proceso de postulaci\u00f3n a Talleres 2\u00ba - 2020 - Facultad de Arquitectura, Dise\u00f1o y Estudios Urbanos","og_description":"La Escuela de Arquitectura ha iniciado el proceso de postulaci\u00f3n a Talleres Profesionales, y Talleres de Investigaci\u00f3n y Proyecto, y para el segundo semestre de 2020. En esta oportunidad se dictar\u00e1n 9 y 7 talleres respectivamente que plantean el desarrollo de investigaciones enfocadas en diversos temas y escalas de trabajo presentes en la escuela. Los talleres ser\u00e1n presentados mediante videos que expone los temas, m\u00e9todos y casos a trabajar durante el semestre. En el siguiente listado encontrar\u00e1n los enlaces a los videos, que ser\u00e1n publicados en las redes sociales de la escuela (Facebook).","og_url":"https:\/\/fadeu.urantiacos.cl\/en\/2020\/07\/23\/la-escuela-de-arquitectura-inicia-proceso-de-postulacion-a-talleres-2o-2020\/","og_site_name":"Facultad de Arquitectura, Dise\u00f1o y Estudios Urbanos","article_published_time":"2020-07-24T00:35:00+00:00","article_modified_time":"2023-09-11T00:38:04+00:00","og_image":[{"width":350,"height":250,"url":"https:\/\/fadeu.urantiacos.cl\/wp-content\/uploads\/2023\/09\/talleres_arq_si.jpg","type":"image\/jpeg"}],"author":"manadmin","twitter_card":"summary_large_image","twitter_misc":{"Written by":"manadmin","Est. reading time":"2 minutes"},"schema":{"@context":"https:\/\/schema.org","@graph":[{"@type":"Article","@id":"https:\/\/fadeu.urantiacos.cl\/en\/2020\/07\/23\/la-escuela-de-arquitectura-inicia-proceso-de-postulacion-a-talleres-2o-2020\/#article","isPartOf":{"@id":"https:\/\/fadeu.urantiacos.cl\/en\/2020\/07\/23\/la-escuela-de-arquitectura-inicia-proceso-de-postulacion-a-talleres-2o-2020\/"},"author":{"name":"manadmin","@id":"https:\/\/fadeu.urantiacos.cl\/en\/#\/schema\/person\/d203e2e84b1c40275eac77b3061a19a2"},"headline":"La Escuela de Arquitectura inicia proceso de postulaci\u00f3n a Talleres 2\u00ba &#8211; 2020","datePublished":"2020-07-24T00:35:00+00:00","dateModified":"2023-09-11T00:38:04+00:00","mainEntityOfPage":{"@id":"https:\/\/fadeu.urantiacos.cl\/en\/2020\/07\/23\/la-escuela-de-arquitectura-inicia-proceso-de-postulacion-a-talleres-2o-2020\/"},"wordCount":479,"commentCount":0,"image":{"@id":"https:\/\/fadeu.urantiacos.cl\/en\/2020\/07\/23\/la-escuela-de-arquitectura-inicia-proceso-de-postulacion-a-talleres-2o-2020\/#primaryimage"},"thumbnailUrl":"https:\/\/fadeu.urantiacos.cl\/wp-content\/uploads\/2023\/09\/talleres_arq_si.jpg","articleSection":["Sin categorizar"],"inLanguage":"en-US","potentialAction":[{"@type":"CommentAction","name":"Comment","target":["https:\/\/fadeu.urantiacos.cl\/en\/2020\/07\/23\/la-escuela-de-arquitectura-inicia-proceso-de-postulacion-a-talleres-2o-2020\/#respond"]}]},{"@type":"WebPage","@id":"https:\/\/fadeu.urantiacos.cl\/en\/2020\/07\/23\/la-escuela-de-arquitectura-inicia-proceso-de-postulacion-a-talleres-2o-2020\/","url":"https:\/\/fadeu.urantiacos.cl\/en\/2020\/07\/23\/la-escuela-de-arquitectura-inicia-proceso-de-postulacion-a-talleres-2o-2020\/","name":"La Escuela de Arquitectura inicia proceso de postulaci\u00f3n a Talleres 2\u00ba - 2020 - Facultad de Arquitectura, Dise\u00f1o y Estudios Urbanos","isPartOf":{"@id":"https:\/\/fadeu.urantiacos.cl\/en\/#website"},"primaryImageOfPage":{"@id":"https:\/\/fadeu.urantiacos.cl\/en\/2020\/07\/23\/la-escuela-de-arquitectura-inicia-proceso-de-postulacion-a-talleres-2o-2020\/#primaryimage"},"image":{"@id":"https:\/\/fadeu.urantiacos.cl\/en\/2020\/07\/23\/la-escuela-de-arquitectura-inicia-proceso-de-postulacion-a-talleres-2o-2020\/#primaryimage"},"thumbnailUrl":"https:\/\/fadeu.urantiacos.cl\/wp-content\/uploads\/2023\/09\/talleres_arq_si.jpg","datePublished":"2020-07-24T00:35:00+00:00","dateModified":"2023-09-11T00:38:04+00:00","author":{"@id":"https:\/\/fadeu.urantiacos.cl\/en\/#\/schema\/person\/d203e2e84b1c40275eac77b3061a19a2"},"description":"La Escuela de Arquitectura ha iniciado el proceso de postulaci\u00f3n a Talleres Profesionales, y Talleres de Investigaci\u00f3n y Proyecto, y para el segundo semestre de 2020. En esta oportunidad se dictar\u00e1n 9 y 7 talleres respectivamente que plantean el desarrollo de investigaciones enfocadas en diversos temas y escalas de trabajo presentes en la escuela. Los talleres ser\u00e1n presentados mediante videos que expone los temas, m\u00e9todos y casos a trabajar durante el semestre. En el siguiente listado encontrar\u00e1n los enlaces a los videos, que ser\u00e1n publicados en las redes sociales de la escuela (Facebook).","breadcrumb":{"@id":"https:\/\/fadeu.urantiacos.cl\/en\/2020\/07\/23\/la-escuela-de-arquitectura-inicia-proceso-de-postulacion-a-talleres-2o-2020\/#breadcrumb"},"inLanguage":"en-US","potentialAction":[{"@type":"ReadAction","target":["https:\/\/fadeu.urantiacos.cl\/en\/2020\/07\/23\/la-escuela-de-arquitectura-inicia-proceso-de-postulacion-a-talleres-2o-2020\/"]}]},{"@type":"ImageObject","inLanguage":"en-US","@id":"https:\/\/fadeu.urantiacos.cl\/en\/2020\/07\/23\/la-escuela-de-arquitectura-inicia-proceso-de-postulacion-a-talleres-2o-2020\/#primaryimage","url":"https:\/\/fadeu.urantiacos.cl\/wp-content\/uploads\/2023\/09\/talleres_arq_si.jpg","contentUrl":"https:\/\/fadeu.urantiacos.cl\/wp-content\/uploads\/2023\/09\/talleres_arq_si.jpg","width":350,"height":250},{"@type":"BreadcrumbList","@id":"https:\/\/fadeu.urantiacos.cl\/en\/2020\/07\/23\/la-escuela-de-arquitectura-inicia-proceso-de-postulacion-a-talleres-2o-2020\/#breadcrumb","itemListElement":[{"@type":"ListItem","position":1,"name":"Portada","item":"https:\/\/fadeu.urantiacos.cl\/en\/"},{"@type":"ListItem","position":2,"name":"La Escuela de Arquitectura inicia proceso de postulaci\u00f3n a Talleres 2\u00ba &#8211; 2020"}]},{"@type":"WebSite","@id":"https:\/\/fadeu.urantiacos.cl\/en\/#website","url":"https:\/\/fadeu.urantiacos.cl\/en\/","name":"Facultad de Arquitectura, Dise\u00f1o y Estudios Urbanos","description":"Campus Lo Contador","potentialAction":[{"@type":"SearchAction","target":{"@type":"EntryPoint","urlTemplate":"https:\/\/fadeu.urantiacos.cl\/en\/?s={search_term_string}"},"query-input":{"@type":"PropertyValueSpecification","valueRequired":true,"valueName":"search_term_string"}}],"inLanguage":"en-US"},{"@type":"Person","@id":"https:\/\/fadeu.urantiacos.cl\/en\/#\/schema\/person\/d203e2e84b1c40275eac77b3061a19a2","name":"manadmin","image":{"@type":"ImageObject","inLanguage":"en-US","@id":"https:\/\/fadeu.urantiacos.cl\/en\/#\/schema\/person\/image\/","url":"https:\/\/secure.gravatar.com\/avatar\/4b1d8e3303b4a9d8968ac578947d8bc80d9aea359f388cdd4aac15cadc0e8447?s=96&d=mm&r=g","contentUrl":"https:\/\/secure.gravatar.com\/avatar\/4b1d8e3303b4a9d8968ac578947d8bc80d9aea359f388cdd4aac15cadc0e8447?s=96&d=mm&r=g","caption":"manadmin"},"sameAs":["https:\/\/fadeu.urantiacos.cl"]}]}},"_links":{"self":[{"href":"https:\/\/fadeu.urantiacos.cl\/en\/wp-json\/wp\/v2\/posts\/8599","targetHints":{"allow":["GET"]}}],"collection":[{"href":"https:\/\/fadeu.urantiacos.cl\/en\/wp-json\/wp\/v2\/posts"}],"about":[{"href":"https:\/\/fadeu.urantiacos.cl\/en\/wp-json\/wp\/v2\/types\/post"}],"author":[{"embeddable":true,"href":"https:\/\/fadeu.urantiacos.cl\/en\/wp-json\/wp\/v2\/users\/1"}],"replies":[{"embeddable":true,"href":"https:\/\/fadeu.urantiacos.cl\/en\/wp-json\/wp\/v2\/comments?post=8599"}],"version-history":[{"count":1,"href":"https:\/\/fadeu.urantiacos.cl\/en\/wp-json\/wp\/v2\/posts\/8599\/revisions"}],"predecessor-version":[{"id":8601,"href":"https:\/\/fadeu.urantiacos.cl\/en\/wp-json\/wp\/v2\/posts\/8599\/revisions\/8601"}],"wp:featuredmedia":[{"embeddable":true,"href":"https:\/\/fadeu.urantiacos.cl\/en\/wp-json\/wp\/v2\/media\/8600"}],"wp:attachment":[{"href":"https:\/\/fadeu.urantiacos.cl\/en\/wp-json\/wp\/v2\/media?parent=8599"}],"wp:term":[{"taxonomy":"category","embeddable":true,"href":"https:\/\/fadeu.urantiacos.cl\/en\/wp-json\/wp\/v2\/categories?post=8599"},{"taxonomy":"post_tag","embeddable":true,"href":"https:\/\/fadeu.urantiacos.cl\/en\/wp-json\/wp\/v2\/tags?post=8599"}],"curies":[{"name":"wp","href":"https:\/\/api.w.org\/{rel}","templated":true}]}}