{"id":8555,"date":"2020-07-29T21:01:00","date_gmt":"2020-07-30T00:01:00","guid":{"rendered":"https:\/\/fadeu.urantiacos.cl\/?p=8555"},"modified":"2023-10-23T12:59:12","modified_gmt":"2023-10-23T15:59:12","slug":"ieut-participo-en-el-ciclo-de-conversatorios-previos-al-xv-congreso-aleup-2021","status":"publish","type":"post","link":"https:\/\/fadeu.urantiacos.cl\/en\/2020\/07\/29\/ieut-participo-en-el-ciclo-de-conversatorios-previos-al-xv-congreso-aleup-2021\/","title":{"rendered":"IEUT particip\u00f3 en el Ciclo de Conversatorios previos al XV Congreso ALEUP 2021"},"content":{"rendered":"\n<figure class=\"wp-block-image size-full\"><img decoding=\"async\" width=\"350\" height=\"250\" src=\"https:\/\/fadeu.urantiacos.cl\/wp-content\/uploads\/2023\/09\/logo_ALEUP_web.jpg\" alt=\"\" class=\"wp-image-8556\" srcset=\"https:\/\/fadeu.urantiacos.cl\/wp-content\/uploads\/2023\/09\/logo_ALEUP_web.jpg 350w, https:\/\/fadeu.urantiacos.cl\/wp-content\/uploads\/2023\/09\/logo_ALEUP_web-300x214.jpg 300w\" sizes=\"(max-width: 350px) 100vw, 350px\" \/><\/figure>\n\n\n\n<p>La instancia cont\u00f3 con la activa participaci\u00f3n del Instituto de Estudios Urbanos y Territoriales y de la Facultad de Arquitectura, Dise\u00f1o y Estudios Urbanos, a trav\u00e9s de la profesora y jefa del pregrado en Planificaci\u00f3n Urbana UC, Magdalena Vicu\u00f1a, quien ejerce la Vicepresidencia de la Asociaci\u00f3n Latinoamericana de Escuelas de Urbanismo y Planificaci\u00f3n (ALEUP), desde agosto de 2018, a\u00f1o en el que se llev\u00f3 a cabo en Chile (campus Lo Contador) el XIV Congreso ALEUP, \u201cLas Universidades Latinoamericanas y la Nueva Agenda Urbana&#8221;.<\/p>\n\n\n\n<p>Los conversatorios y sus participantes se ordenaron de la siguiente manera:<\/p>\n\n\n\n<ul class=\"wp-block-list\">\n<li>ENCUENTRO 1:&nbsp;ESTRUCTURA CURRICULAR Y DESARROLLO DE LAS COMPETENCIAS FRENTE A LA NUEVA AGENDA:<br>Introducci\u00f3n: Dr. Juan Demerutis, Dr. Flavio Janches<br>Desaf\u00edos para la docencia del Urbanismo y la Planificaci\u00f3n<br>Moderadora:&nbsp;Prof. Dra. Arqta. M\u00f3nica Giglio<br>Participantes:<br>-Prof. Arq. Guillermo Cabrera (FADU UBA)<br>-Prof. Arq. Marcelo Corti (Universidad Nacional de C\u00f3rdoba)<br>-Prof. Dra. Magdalena Vicu\u00f1a (IEUT UC &#8211; Chile)<\/li>\n<\/ul>\n\n\n\n<ul class=\"wp-block-list\">\n<li>ENCUENTRO 2: DEL CAMPUS UNIVERSITARIO AL TERRITORIO: COMPROMISOS Y OPORTUNIDADES PRESENTES EN LA VINCULACI\u00d3N CON EL MEDIO<br>Academia, Administraci\u00f3n e Instituciones P\u00fablicas<br>Introducci\u00f3n:&nbsp;Dr. Flavio Janches<br>Moderador:&nbsp;Prof. Arq. Carlos Colombo<br>Participantes:<br>-Prof. Arq. Alfredo Garay (FADU UBA, UNGS)<br>-Dr. Fabio Quetglas (Facultad de Ciencias Econ\u00f3micas, UBA)<br>-Mg. Blanca Esther Garc\u00eda Ram\u00edrez (Universidad de Guadalajara, M\u00e9xico)<\/li>\n<\/ul>\n\n\n\n<ul class=\"wp-block-list\">\n<li>ENCUENTRO 3:&nbsp;PR\u00c1CTICAS INNOVADORAS FRENTE A LA INTERDISCIPLINA Y SU CONTRIBUCI\u00d3N EN LA FORMACI\u00d3N PROFESIONAL DE URBANISTAS Y PLANIFICADORES URBANOS<br>Trans-disciplina como coproducci\u00f3n de conocimientos<br>Moderador:&nbsp;Prof. Arq. Roberto Amette<br>Participantes:<br>-Dr. Diego Sepulveda (TUDelft)<br>-Dr. Walter Pengue (GEPAMA FADU UBA)<br>-Dr. Fernando Carrion (FLACSO)<br>-Dr. Juan Roberto Calder\u00f3n Maya (UAEM\u00e9x.)<\/li>\n\n\n\n<li>ENCUENTRO 4: LA PANDEMIA DEL COVID-19 Y LA METR\u00d3POLI: UNA OPORTUNIDAD PARA ENTENDER LAS ESCALAS DE REGULACI\u00d3N DEL PLANEAMIENTO DE LAS \u00c1REAS METROPOLITANAS<br>Moderador:&nbsp;Silvana Zioni (Universidad ABC)<br>Participantes:<br>-Prof. Loraine Giraud (Universidad Sim\u00f3n Bolivar, Venezuela)<br>-Prof. Sergio Flores Pe\u00f1a (UNAM, M\u00e9xico)<br>-Prof. Roberto Reyes P\u00e9rez (Universidad Aut\u00f3noma de Yucat\u00e1n, M\u00e9xico)<br>-Prof. Dra. Mariana Mencio (UFABC)<br>-Prof. Arq. Polo Jaimes (FADU UBA)<\/li>\n<\/ul>\n\n\n\n<p>La XV versi\u00f3n del Congreso de la Asociaci\u00f3n Latinoamericana de Escuelas de Urbanismo y Planificaci\u00f3n (ALEUP) se llevar\u00e1 a cabo en 2021. <\/p>\n","protected":false},"excerpt":{"rendered":"<p>Convocado desde el Instituto Superior de Urbanismo y la Direcci\u00f3n de Urbanismo de la Facultad de Arquitectura, Dise\u00f1o y Urbanismo de la Universidad de Buenos Aires, se realiz\u00f3 durante junio y julio el Ciclo de Conversatorios previos al XV Congreso ALEUP 2021, instancias de conversaci\u00f3n orientadas a discutir objetivos y procesos metodol\u00f3gicos de la Ense\u00f1anza, el Urbanismo y la Planificaci\u00f3n Urbana.<\/p>\n","protected":false},"author":1,"featured_media":8556,"comment_status":"open","ping_status":"closed","sticky":false,"template":"","format":"standard","meta":{"_acf_changed":false,"footnotes":""},"categories":[1],"tags":[],"class_list":["post-8555","post","type-post","status-publish","format-standard","has-post-thumbnail","hentry","category-sin-categorizar"],"acf":[],"yoast_head":"<!-- This site is optimized with the Yoast SEO plugin v27.1.1 - https:\/\/yoast.com\/product\/yoast-seo-wordpress\/ -->\n<title>IEUT particip\u00f3 en el Ciclo de Conversatorios previos al XV Congreso ALEUP 2021 - Facultad de Arquitectura, Dise\u00f1o y Estudios Urbanos<\/title>\n<meta name=\"description\" content=\"Convocado desde el Instituto Superior de Urbanismo y la Direcci\u00f3n de Urbanismo de la Facultad de Arquitectura, Dise\u00f1o y Urbanismo de la Universidad de Buenos Aires, se realiz\u00f3 durante junio y julio el Ciclo de Conversatorios previos al XV Congreso ALEUP 2021, instancias de conversaci\u00f3n orientadas a discutir objetivos y procesos metodol\u00f3gicos de la Ense\u00f1anza, el Urbanismo y la Planificaci\u00f3n Urbana.\" \/>\n<meta name=\"robots\" content=\"index, follow, max-snippet:-1, max-image-preview:large, max-video-preview:-1\" \/>\n<link rel=\"canonical\" href=\"https:\/\/fadeu.urantiacos.cl\/en\/2020\/07\/29\/ieut-participo-en-el-ciclo-de-conversatorios-previos-al-xv-congreso-aleup-2021\/\" \/>\n<meta property=\"og:locale\" content=\"en_US\" \/>\n<meta property=\"og:type\" content=\"article\" \/>\n<meta property=\"og:title\" content=\"IEUT particip\u00f3 en el Ciclo de Conversatorios previos al XV Congreso ALEUP 2021 - Facultad de Arquitectura, Dise\u00f1o y Estudios Urbanos\" \/>\n<meta property=\"og:description\" content=\"Convocado desde el Instituto Superior de Urbanismo y la Direcci\u00f3n de Urbanismo de la Facultad de Arquitectura, Dise\u00f1o y Urbanismo de la Universidad de Buenos Aires, se realiz\u00f3 durante junio y julio el Ciclo de Conversatorios previos al XV Congreso ALEUP 2021, instancias de conversaci\u00f3n orientadas a discutir objetivos y procesos metodol\u00f3gicos de la Ense\u00f1anza, el Urbanismo y la Planificaci\u00f3n Urbana.\" \/>\n<meta property=\"og:url\" content=\"https:\/\/fadeu.urantiacos.cl\/en\/2020\/07\/29\/ieut-participo-en-el-ciclo-de-conversatorios-previos-al-xv-congreso-aleup-2021\/\" \/>\n<meta property=\"og:site_name\" content=\"Facultad de Arquitectura, Dise\u00f1o y Estudios Urbanos\" \/>\n<meta property=\"article:published_time\" content=\"2020-07-30T00:01:00+00:00\" \/>\n<meta property=\"article:modified_time\" content=\"2023-10-23T15:59:12+00:00\" \/>\n<meta property=\"og:image\" content=\"https:\/\/fadeu.urantiacos.cl\/wp-content\/uploads\/2023\/09\/logo_ALEUP_web.jpg\" \/>\n\t<meta property=\"og:image:width\" content=\"350\" \/>\n\t<meta property=\"og:image:height\" content=\"250\" \/>\n\t<meta property=\"og:image:type\" content=\"image\/jpeg\" \/>\n<meta name=\"author\" content=\"manadmin\" \/>\n<meta name=\"twitter:card\" content=\"summary_large_image\" \/>\n<meta name=\"twitter:label1\" content=\"Written by\" \/>\n\t<meta name=\"twitter:data1\" content=\"manadmin\" \/>\n\t<meta name=\"twitter:label2\" content=\"Est. reading time\" \/>\n\t<meta name=\"twitter:data2\" content=\"2 minutes\" \/>\n<script type=\"application\/ld+json\" class=\"yoast-schema-graph\">{\"@context\":\"https:\/\/schema.org\",\"@graph\":[{\"@type\":\"Article\",\"@id\":\"https:\/\/fadeu.urantiacos.cl\/en\/2020\/07\/29\/ieut-participo-en-el-ciclo-de-conversatorios-previos-al-xv-congreso-aleup-2021\/#article\",\"isPartOf\":{\"@id\":\"https:\/\/fadeu.urantiacos.cl\/en\/2020\/07\/29\/ieut-participo-en-el-ciclo-de-conversatorios-previos-al-xv-congreso-aleup-2021\/\"},\"author\":{\"name\":\"manadmin\",\"@id\":\"https:\/\/fadeu.urantiacos.cl\/en\/#\/schema\/person\/d203e2e84b1c40275eac77b3061a19a2\"},\"headline\":\"IEUT particip\u00f3 en el Ciclo de Conversatorios previos al XV Congreso ALEUP 2021\",\"datePublished\":\"2020-07-30T00:01:00+00:00\",\"dateModified\":\"2023-10-23T15:59:12+00:00\",\"mainEntityOfPage\":{\"@id\":\"https:\/\/fadeu.urantiacos.cl\/en\/2020\/07\/29\/ieut-participo-en-el-ciclo-de-conversatorios-previos-al-xv-congreso-aleup-2021\/\"},\"wordCount\":386,\"commentCount\":0,\"image\":{\"@id\":\"https:\/\/fadeu.urantiacos.cl\/en\/2020\/07\/29\/ieut-participo-en-el-ciclo-de-conversatorios-previos-al-xv-congreso-aleup-2021\/#primaryimage\"},\"thumbnailUrl\":\"https:\/\/fadeu.urantiacos.cl\/wp-content\/uploads\/2023\/09\/logo_ALEUP_web.jpg\",\"articleSection\":[\"Sin categorizar\"],\"inLanguage\":\"en-US\",\"potentialAction\":[{\"@type\":\"CommentAction\",\"name\":\"Comment\",\"target\":[\"https:\/\/fadeu.urantiacos.cl\/en\/2020\/07\/29\/ieut-participo-en-el-ciclo-de-conversatorios-previos-al-xv-congreso-aleup-2021\/#respond\"]}]},{\"@type\":\"WebPage\",\"@id\":\"https:\/\/fadeu.urantiacos.cl\/en\/2020\/07\/29\/ieut-participo-en-el-ciclo-de-conversatorios-previos-al-xv-congreso-aleup-2021\/\",\"url\":\"https:\/\/fadeu.urantiacos.cl\/en\/2020\/07\/29\/ieut-participo-en-el-ciclo-de-conversatorios-previos-al-xv-congreso-aleup-2021\/\",\"name\":\"IEUT particip\u00f3 en el Ciclo de Conversatorios previos al XV Congreso ALEUP 2021 - Facultad de Arquitectura, Dise\u00f1o y Estudios Urbanos\",\"isPartOf\":{\"@id\":\"https:\/\/fadeu.urantiacos.cl\/en\/#website\"},\"primaryImageOfPage\":{\"@id\":\"https:\/\/fadeu.urantiacos.cl\/en\/2020\/07\/29\/ieut-participo-en-el-ciclo-de-conversatorios-previos-al-xv-congreso-aleup-2021\/#primaryimage\"},\"image\":{\"@id\":\"https:\/\/fadeu.urantiacos.cl\/en\/2020\/07\/29\/ieut-participo-en-el-ciclo-de-conversatorios-previos-al-xv-congreso-aleup-2021\/#primaryimage\"},\"thumbnailUrl\":\"https:\/\/fadeu.urantiacos.cl\/wp-content\/uploads\/2023\/09\/logo_ALEUP_web.jpg\",\"datePublished\":\"2020-07-30T00:01:00+00:00\",\"dateModified\":\"2023-10-23T15:59:12+00:00\",\"author\":{\"@id\":\"https:\/\/fadeu.urantiacos.cl\/en\/#\/schema\/person\/d203e2e84b1c40275eac77b3061a19a2\"},\"description\":\"Convocado desde el Instituto Superior de Urbanismo y la Direcci\u00f3n de Urbanismo de la Facultad de Arquitectura, Dise\u00f1o y Urbanismo de la Universidad de Buenos Aires, se realiz\u00f3 durante junio y julio el Ciclo de Conversatorios previos al XV Congreso ALEUP 2021, instancias de conversaci\u00f3n orientadas a discutir objetivos y procesos metodol\u00f3gicos de la Ense\u00f1anza, el Urbanismo y la Planificaci\u00f3n Urbana.\",\"breadcrumb\":{\"@id\":\"https:\/\/fadeu.urantiacos.cl\/en\/2020\/07\/29\/ieut-participo-en-el-ciclo-de-conversatorios-previos-al-xv-congreso-aleup-2021\/#breadcrumb\"},\"inLanguage\":\"en-US\",\"potentialAction\":[{\"@type\":\"ReadAction\",\"target\":[\"https:\/\/fadeu.urantiacos.cl\/en\/2020\/07\/29\/ieut-participo-en-el-ciclo-de-conversatorios-previos-al-xv-congreso-aleup-2021\/\"]}]},{\"@type\":\"ImageObject\",\"inLanguage\":\"en-US\",\"@id\":\"https:\/\/fadeu.urantiacos.cl\/en\/2020\/07\/29\/ieut-participo-en-el-ciclo-de-conversatorios-previos-al-xv-congreso-aleup-2021\/#primaryimage\",\"url\":\"https:\/\/fadeu.urantiacos.cl\/wp-content\/uploads\/2023\/09\/logo_ALEUP_web.jpg\",\"contentUrl\":\"https:\/\/fadeu.urantiacos.cl\/wp-content\/uploads\/2023\/09\/logo_ALEUP_web.jpg\",\"width\":350,\"height\":250},{\"@type\":\"BreadcrumbList\",\"@id\":\"https:\/\/fadeu.urantiacos.cl\/en\/2020\/07\/29\/ieut-participo-en-el-ciclo-de-conversatorios-previos-al-xv-congreso-aleup-2021\/#breadcrumb\",\"itemListElement\":[{\"@type\":\"ListItem\",\"position\":1,\"name\":\"Portada\",\"item\":\"https:\/\/fadeu.urantiacos.cl\/en\/\"},{\"@type\":\"ListItem\",\"position\":2,\"name\":\"IEUT particip\u00f3 en el Ciclo de Conversatorios previos al XV Congreso ALEUP 2021\"}]},{\"@type\":\"WebSite\",\"@id\":\"https:\/\/fadeu.urantiacos.cl\/en\/#website\",\"url\":\"https:\/\/fadeu.urantiacos.cl\/en\/\",\"name\":\"Facultad de Arquitectura, Dise\u00f1o y Estudios Urbanos\",\"description\":\"Campus Lo Contador\",\"potentialAction\":[{\"@type\":\"SearchAction\",\"target\":{\"@type\":\"EntryPoint\",\"urlTemplate\":\"https:\/\/fadeu.urantiacos.cl\/en\/?s={search_term_string}\"},\"query-input\":{\"@type\":\"PropertyValueSpecification\",\"valueRequired\":true,\"valueName\":\"search_term_string\"}}],\"inLanguage\":\"en-US\"},{\"@type\":\"Person\",\"@id\":\"https:\/\/fadeu.urantiacos.cl\/en\/#\/schema\/person\/d203e2e84b1c40275eac77b3061a19a2\",\"name\":\"manadmin\",\"image\":{\"@type\":\"ImageObject\",\"inLanguage\":\"en-US\",\"@id\":\"https:\/\/fadeu.urantiacos.cl\/en\/#\/schema\/person\/image\/\",\"url\":\"https:\/\/secure.gravatar.com\/avatar\/4b1d8e3303b4a9d8968ac578947d8bc80d9aea359f388cdd4aac15cadc0e8447?s=96&d=mm&r=g\",\"contentUrl\":\"https:\/\/secure.gravatar.com\/avatar\/4b1d8e3303b4a9d8968ac578947d8bc80d9aea359f388cdd4aac15cadc0e8447?s=96&d=mm&r=g\",\"caption\":\"manadmin\"},\"sameAs\":[\"https:\/\/fadeu.urantiacos.cl\"]}]}<\/script>\n<!-- \/ Yoast SEO plugin. -->","yoast_head_json":{"title":"IEUT particip\u00f3 en el Ciclo de Conversatorios previos al XV Congreso ALEUP 2021 - Facultad de Arquitectura, Dise\u00f1o y Estudios Urbanos","description":"Convocado desde el Instituto Superior de Urbanismo y la Direcci\u00f3n de Urbanismo de la Facultad de Arquitectura, Dise\u00f1o y Urbanismo de la Universidad de Buenos Aires, se realiz\u00f3 durante junio y julio el Ciclo de Conversatorios previos al XV Congreso ALEUP 2021, instancias de conversaci\u00f3n orientadas a discutir objetivos y procesos metodol\u00f3gicos de la Ense\u00f1anza, el Urbanismo y la Planificaci\u00f3n Urbana.","robots":{"index":"index","follow":"follow","max-snippet":"max-snippet:-1","max-image-preview":"max-image-preview:large","max-video-preview":"max-video-preview:-1"},"canonical":"https:\/\/fadeu.urantiacos.cl\/en\/2020\/07\/29\/ieut-participo-en-el-ciclo-de-conversatorios-previos-al-xv-congreso-aleup-2021\/","og_locale":"en_US","og_type":"article","og_title":"IEUT particip\u00f3 en el Ciclo de Conversatorios previos al XV Congreso ALEUP 2021 - Facultad de Arquitectura, Dise\u00f1o y Estudios Urbanos","og_description":"Convocado desde el Instituto Superior de Urbanismo y la Direcci\u00f3n de Urbanismo de la Facultad de Arquitectura, Dise\u00f1o y Urbanismo de la Universidad de Buenos Aires, se realiz\u00f3 durante junio y julio el Ciclo de Conversatorios previos al XV Congreso ALEUP 2021, instancias de conversaci\u00f3n orientadas a discutir objetivos y procesos metodol\u00f3gicos de la Ense\u00f1anza, el Urbanismo y la Planificaci\u00f3n Urbana.","og_url":"https:\/\/fadeu.urantiacos.cl\/en\/2020\/07\/29\/ieut-participo-en-el-ciclo-de-conversatorios-previos-al-xv-congreso-aleup-2021\/","og_site_name":"Facultad de Arquitectura, Dise\u00f1o y Estudios Urbanos","article_published_time":"2020-07-30T00:01:00+00:00","article_modified_time":"2023-10-23T15:59:12+00:00","og_image":[{"width":350,"height":250,"url":"https:\/\/fadeu.urantiacos.cl\/wp-content\/uploads\/2023\/09\/logo_ALEUP_web.jpg","type":"image\/jpeg"}],"author":"manadmin","twitter_card":"summary_large_image","twitter_misc":{"Written by":"manadmin","Est. reading time":"2 minutes"},"schema":{"@context":"https:\/\/schema.org","@graph":[{"@type":"Article","@id":"https:\/\/fadeu.urantiacos.cl\/en\/2020\/07\/29\/ieut-participo-en-el-ciclo-de-conversatorios-previos-al-xv-congreso-aleup-2021\/#article","isPartOf":{"@id":"https:\/\/fadeu.urantiacos.cl\/en\/2020\/07\/29\/ieut-participo-en-el-ciclo-de-conversatorios-previos-al-xv-congreso-aleup-2021\/"},"author":{"name":"manadmin","@id":"https:\/\/fadeu.urantiacos.cl\/en\/#\/schema\/person\/d203e2e84b1c40275eac77b3061a19a2"},"headline":"IEUT particip\u00f3 en el Ciclo de Conversatorios previos al XV Congreso ALEUP 2021","datePublished":"2020-07-30T00:01:00+00:00","dateModified":"2023-10-23T15:59:12+00:00","mainEntityOfPage":{"@id":"https:\/\/fadeu.urantiacos.cl\/en\/2020\/07\/29\/ieut-participo-en-el-ciclo-de-conversatorios-previos-al-xv-congreso-aleup-2021\/"},"wordCount":386,"commentCount":0,"image":{"@id":"https:\/\/fadeu.urantiacos.cl\/en\/2020\/07\/29\/ieut-participo-en-el-ciclo-de-conversatorios-previos-al-xv-congreso-aleup-2021\/#primaryimage"},"thumbnailUrl":"https:\/\/fadeu.urantiacos.cl\/wp-content\/uploads\/2023\/09\/logo_ALEUP_web.jpg","articleSection":["Sin categorizar"],"inLanguage":"en-US","potentialAction":[{"@type":"CommentAction","name":"Comment","target":["https:\/\/fadeu.urantiacos.cl\/en\/2020\/07\/29\/ieut-participo-en-el-ciclo-de-conversatorios-previos-al-xv-congreso-aleup-2021\/#respond"]}]},{"@type":"WebPage","@id":"https:\/\/fadeu.urantiacos.cl\/en\/2020\/07\/29\/ieut-participo-en-el-ciclo-de-conversatorios-previos-al-xv-congreso-aleup-2021\/","url":"https:\/\/fadeu.urantiacos.cl\/en\/2020\/07\/29\/ieut-participo-en-el-ciclo-de-conversatorios-previos-al-xv-congreso-aleup-2021\/","name":"IEUT particip\u00f3 en el Ciclo de Conversatorios previos al XV Congreso ALEUP 2021 - Facultad de Arquitectura, Dise\u00f1o y Estudios Urbanos","isPartOf":{"@id":"https:\/\/fadeu.urantiacos.cl\/en\/#website"},"primaryImageOfPage":{"@id":"https:\/\/fadeu.urantiacos.cl\/en\/2020\/07\/29\/ieut-participo-en-el-ciclo-de-conversatorios-previos-al-xv-congreso-aleup-2021\/#primaryimage"},"image":{"@id":"https:\/\/fadeu.urantiacos.cl\/en\/2020\/07\/29\/ieut-participo-en-el-ciclo-de-conversatorios-previos-al-xv-congreso-aleup-2021\/#primaryimage"},"thumbnailUrl":"https:\/\/fadeu.urantiacos.cl\/wp-content\/uploads\/2023\/09\/logo_ALEUP_web.jpg","datePublished":"2020-07-30T00:01:00+00:00","dateModified":"2023-10-23T15:59:12+00:00","author":{"@id":"https:\/\/fadeu.urantiacos.cl\/en\/#\/schema\/person\/d203e2e84b1c40275eac77b3061a19a2"},"description":"Convocado desde el Instituto Superior de Urbanismo y la Direcci\u00f3n de Urbanismo de la Facultad de Arquitectura, Dise\u00f1o y Urbanismo de la Universidad de Buenos Aires, se realiz\u00f3 durante junio y julio el Ciclo de Conversatorios previos al XV Congreso ALEUP 2021, instancias de conversaci\u00f3n orientadas a discutir objetivos y procesos metodol\u00f3gicos de la Ense\u00f1anza, el Urbanismo y la Planificaci\u00f3n Urbana.","breadcrumb":{"@id":"https:\/\/fadeu.urantiacos.cl\/en\/2020\/07\/29\/ieut-participo-en-el-ciclo-de-conversatorios-previos-al-xv-congreso-aleup-2021\/#breadcrumb"},"inLanguage":"en-US","potentialAction":[{"@type":"ReadAction","target":["https:\/\/fadeu.urantiacos.cl\/en\/2020\/07\/29\/ieut-participo-en-el-ciclo-de-conversatorios-previos-al-xv-congreso-aleup-2021\/"]}]},{"@type":"ImageObject","inLanguage":"en-US","@id":"https:\/\/fadeu.urantiacos.cl\/en\/2020\/07\/29\/ieut-participo-en-el-ciclo-de-conversatorios-previos-al-xv-congreso-aleup-2021\/#primaryimage","url":"https:\/\/fadeu.urantiacos.cl\/wp-content\/uploads\/2023\/09\/logo_ALEUP_web.jpg","contentUrl":"https:\/\/fadeu.urantiacos.cl\/wp-content\/uploads\/2023\/09\/logo_ALEUP_web.jpg","width":350,"height":250},{"@type":"BreadcrumbList","@id":"https:\/\/fadeu.urantiacos.cl\/en\/2020\/07\/29\/ieut-participo-en-el-ciclo-de-conversatorios-previos-al-xv-congreso-aleup-2021\/#breadcrumb","itemListElement":[{"@type":"ListItem","position":1,"name":"Portada","item":"https:\/\/fadeu.urantiacos.cl\/en\/"},{"@type":"ListItem","position":2,"name":"IEUT particip\u00f3 en el Ciclo de Conversatorios previos al XV Congreso ALEUP 2021"}]},{"@type":"WebSite","@id":"https:\/\/fadeu.urantiacos.cl\/en\/#website","url":"https:\/\/fadeu.urantiacos.cl\/en\/","name":"Facultad de Arquitectura, Dise\u00f1o y Estudios Urbanos","description":"Campus Lo Contador","potentialAction":[{"@type":"SearchAction","target":{"@type":"EntryPoint","urlTemplate":"https:\/\/fadeu.urantiacos.cl\/en\/?s={search_term_string}"},"query-input":{"@type":"PropertyValueSpecification","valueRequired":true,"valueName":"search_term_string"}}],"inLanguage":"en-US"},{"@type":"Person","@id":"https:\/\/fadeu.urantiacos.cl\/en\/#\/schema\/person\/d203e2e84b1c40275eac77b3061a19a2","name":"manadmin","image":{"@type":"ImageObject","inLanguage":"en-US","@id":"https:\/\/fadeu.urantiacos.cl\/en\/#\/schema\/person\/image\/","url":"https:\/\/secure.gravatar.com\/avatar\/4b1d8e3303b4a9d8968ac578947d8bc80d9aea359f388cdd4aac15cadc0e8447?s=96&d=mm&r=g","contentUrl":"https:\/\/secure.gravatar.com\/avatar\/4b1d8e3303b4a9d8968ac578947d8bc80d9aea359f388cdd4aac15cadc0e8447?s=96&d=mm&r=g","caption":"manadmin"},"sameAs":["https:\/\/fadeu.urantiacos.cl"]}]}},"_links":{"self":[{"href":"https:\/\/fadeu.urantiacos.cl\/en\/wp-json\/wp\/v2\/posts\/8555","targetHints":{"allow":["GET"]}}],"collection":[{"href":"https:\/\/fadeu.urantiacos.cl\/en\/wp-json\/wp\/v2\/posts"}],"about":[{"href":"https:\/\/fadeu.urantiacos.cl\/en\/wp-json\/wp\/v2\/types\/post"}],"author":[{"embeddable":true,"href":"https:\/\/fadeu.urantiacos.cl\/en\/wp-json\/wp\/v2\/users\/1"}],"replies":[{"embeddable":true,"href":"https:\/\/fadeu.urantiacos.cl\/en\/wp-json\/wp\/v2\/comments?post=8555"}],"version-history":[{"count":2,"href":"https:\/\/fadeu.urantiacos.cl\/en\/wp-json\/wp\/v2\/posts\/8555\/revisions"}],"predecessor-version":[{"id":17400,"href":"https:\/\/fadeu.urantiacos.cl\/en\/wp-json\/wp\/v2\/posts\/8555\/revisions\/17400"}],"wp:featuredmedia":[{"embeddable":true,"href":"https:\/\/fadeu.urantiacos.cl\/en\/wp-json\/wp\/v2\/media\/8556"}],"wp:attachment":[{"href":"https:\/\/fadeu.urantiacos.cl\/en\/wp-json\/wp\/v2\/media?parent=8555"}],"wp:term":[{"taxonomy":"category","embeddable":true,"href":"https:\/\/fadeu.urantiacos.cl\/en\/wp-json\/wp\/v2\/categories?post=8555"},{"taxonomy":"post_tag","embeddable":true,"href":"https:\/\/fadeu.urantiacos.cl\/en\/wp-json\/wp\/v2\/tags?post=8555"}],"curies":[{"name":"wp","href":"https:\/\/api.w.org\/{rel}","templated":true}]}}