{"id":8515,"date":"2020-08-03T20:33:00","date_gmt":"2020-08-03T23:33:00","guid":{"rendered":"https:\/\/fadeu.urantiacos.cl\/?p=8515"},"modified":"2023-09-10T20:36:36","modified_gmt":"2023-09-10T23:36:36","slug":"la-escuela-de-arquitectura-uc-cierra-el-semestre-con-un-encuentro-virtual","status":"publish","type":"post","link":"https:\/\/fadeu.urantiacos.cl\/en\/2020\/08\/03\/la-escuela-de-arquitectura-uc-cierra-el-semestre-con-un-encuentro-virtual\/","title":{"rendered":"La Escuela de Arquitectura UC cierra el semestre con un encuentro virtual"},"content":{"rendered":"\n<figure class=\"wp-block-image size-full\"><img decoding=\"async\" width=\"350\" height=\"250\" src=\"https:\/\/fadeu.urantiacos.cl\/wp-content\/uploads\/2023\/09\/200715_Dialogos_de_cierre_web.jpg\" alt=\"\" class=\"wp-image-8516\" srcset=\"https:\/\/fadeu.urantiacos.cl\/wp-content\/uploads\/2023\/09\/200715_Dialogos_de_cierre_web.jpg 350w, https:\/\/fadeu.urantiacos.cl\/wp-content\/uploads\/2023\/09\/200715_Dialogos_de_cierre_web-300x214.jpg 300w\" sizes=\"(max-width: 350px) 100vw, 350px\" \/><\/figure>\n\n\n\n<p>El evento, organizado por el Centro de Estudiantes (CEARQ UC) y la Consejer\u00eda Acad\u00e9mica (CAARQ UC), junto a la Direcci\u00f3n de la escuela, tuvo como objetivo darle un cierre al semestre junto a la comunidad ARQ UC, con la mayor parte de los estamentos presentes.<\/p>\n\n\n\n<p>La mirada estuvo puesta en lograr una discusi\u00f3n para marcar una pauta a implementar el segundo semestre, identificando debilidades y fortalezas del aprendizaje de la arquitectura en la modalidad online. La conversaci\u00f3n se dio desde las vivencias particulares, entendiendo que los miembros de la escuela han experimentado este periodo acad\u00e9mico de distintas formas.<\/p>\n\n\n\n<p>Teniendo eso en mente, se llev\u00f3 a cabo un diagn\u00f3stico representativo, definiendo posibles soluciones a las diferentes situaciones que han y deber\u00e1n enfrentar estudiantes, profesores y administrativos de cara a los pr\u00f3ximos meses.<\/p>\n\n\n\n<p>El evento empez\u00f3 con una recepci\u00f3n en una sala virtual com\u00fan, la que luego se dividi\u00f3 en seis mesas que contaron con moderador o moderadora. Las palabras iniciales en esta sala com\u00fan fueron compartidas por el presidente de la directiva del CEARQ Pablo Brito, la consejera acad\u00e9mica, Sof\u00eda Larraguibel y el director ARQ UC, Luis Eduardo Bresciani.<\/p>\n\n\n\n<p>A partir de la conversaci\u00f3n de cada una de las mesas, se formul\u00f3 un documento de s\u00edntesis que recoge las dificultades, aprendizajes, oportunidades y propuestas recabadas en cada grupo; as\u00ed como tambi\u00e9n las conclusiones y apreciaciones levantadas por parte del equipo organizador.<\/p>\n\n\n\n<p>Sobre el evento, el equipo destac\u00f3 que \u201cesta actividad signific\u00f3 un importante paso para acercar a las y los integrantes de la comunidad en una nueva realidad en la que prima el distanciamiento f\u00edsico\u201d. Asimismo, declararon: \u201cReconocemos a partir de estos \u2018di\u00e1logos de cierre\u2019 una cualidad cr\u00edtica importante en la comunidad de Arquitectura UC que, con la adecuada canalizaci\u00f3n, puede lograr iniciativas pertinentes para superar complejidades y poner sobre la mesa nuevas formas de ense\u00f1ar, aprender y hacer arquitectura\u201d.<\/p>\n\n\n\n<p>Revisar el documento de&nbsp;<a href=\"http:\/\/arquitectura.uc.cl\/images\/documents\/Insumo_Dialogos_de_Cierre_EARQ_UC.pdf\">s\u00edntesis \u201cDi\u00e1logos de cierre Escuela de Arquitectura UC\u201d&nbsp;<\/a><\/p>\n\n\n\n<figure class=\"wp-block-image\"><img decoding=\"async\" src=\"http:\/\/arquitectura.uc.cl\/images\/picasion.com_4ac42dcc0412c8ec5642f824a4e5af83.gif\" alt=\"picasion.com_4ac42dcc0412c8ec5642f824a4e5af83.gif\"\/><\/figure>\n\n\n\n<figure class=\"wp-block-image size-full\"><img decoding=\"async\" width=\"900\" height=\"581\" src=\"https:\/\/fadeu.urantiacos.cl\/wp-content\/uploads\/2023\/09\/200715_Dialogos_de_cierre.png\" alt=\"\" class=\"wp-image-8517\" srcset=\"https:\/\/fadeu.urantiacos.cl\/wp-content\/uploads\/2023\/09\/200715_Dialogos_de_cierre.png 900w, https:\/\/fadeu.urantiacos.cl\/wp-content\/uploads\/2023\/09\/200715_Dialogos_de_cierre-300x194.png 300w, https:\/\/fadeu.urantiacos.cl\/wp-content\/uploads\/2023\/09\/200715_Dialogos_de_cierre-768x496.png 768w\" sizes=\"(max-width: 900px) 100vw, 900px\" \/><\/figure>\n\n\n\n<p>Noticias<br>Contacto:&nbsp;<a href=\"mailto:redesarq@uc.cl\">redesarq@uc.cl<\/a>&nbsp;| +56 2 2354 7747<br>www.arquitectura.uc.cl<\/p>\n","protected":false},"excerpt":{"rendered":"<p>Realizada el d\u00eda mi\u00e9rcoles 15 de julio de 2020 bajo el t\u00edtulo \u201cDi\u00e1logos de cierre Escuela de Arquitectura UC\u201d, la actividad entreg\u00f3 un espacio de conversaci\u00f3n y diagn\u00f3stico para los diferentes estamentos de nuestra comunidad, frente a este in\u00e9dito primer semestre online.<\/p>\n","protected":false},"author":1,"featured_media":8516,"comment_status":"open","ping_status":"closed","sticky":false,"template":"","format":"standard","meta":{"_acf_changed":false,"footnotes":""},"categories":[1],"tags":[],"class_list":["post-8515","post","type-post","status-publish","format-standard","has-post-thumbnail","hentry","category-sin-categorizar"],"acf":[],"yoast_head":"<!-- This site is optimized with the Yoast SEO plugin v27.1.1 - https:\/\/yoast.com\/product\/yoast-seo-wordpress\/ -->\n<title>La Escuela de Arquitectura UC cierra el semestre con un encuentro virtual - Facultad de Arquitectura, Dise\u00f1o y Estudios Urbanos<\/title>\n<meta name=\"description\" content=\"Realizada el d\u00eda mi\u00e9rcoles 15 de julio de 2020 bajo el t\u00edtulo \u201cDi\u00e1logos de cierre Escuela de Arquitectura UC\u201d, la actividad entreg\u00f3 un espacio de conversaci\u00f3n y diagn\u00f3stico para los diferentes estamentos de nuestra comunidad, frente a este in\u00e9dito primer semestre online.\" \/>\n<meta name=\"robots\" content=\"index, follow, max-snippet:-1, max-image-preview:large, max-video-preview:-1\" \/>\n<link rel=\"canonical\" href=\"https:\/\/fadeu.urantiacos.cl\/en\/2020\/08\/03\/la-escuela-de-arquitectura-uc-cierra-el-semestre-con-un-encuentro-virtual\/\" \/>\n<meta property=\"og:locale\" content=\"en_US\" \/>\n<meta property=\"og:type\" content=\"article\" \/>\n<meta property=\"og:title\" content=\"La Escuela de Arquitectura UC cierra el semestre con un encuentro virtual - Facultad de Arquitectura, Dise\u00f1o y Estudios Urbanos\" \/>\n<meta property=\"og:description\" content=\"Realizada el d\u00eda mi\u00e9rcoles 15 de julio de 2020 bajo el t\u00edtulo \u201cDi\u00e1logos de cierre Escuela de Arquitectura UC\u201d, la actividad entreg\u00f3 un espacio de conversaci\u00f3n y diagn\u00f3stico para los diferentes estamentos de nuestra comunidad, frente a este in\u00e9dito primer semestre online.\" \/>\n<meta property=\"og:url\" content=\"https:\/\/fadeu.urantiacos.cl\/en\/2020\/08\/03\/la-escuela-de-arquitectura-uc-cierra-el-semestre-con-un-encuentro-virtual\/\" \/>\n<meta property=\"og:site_name\" content=\"Facultad de Arquitectura, Dise\u00f1o y Estudios Urbanos\" \/>\n<meta property=\"article:published_time\" content=\"2020-08-03T23:33:00+00:00\" \/>\n<meta property=\"article:modified_time\" content=\"2023-09-10T23:36:36+00:00\" \/>\n<meta property=\"og:image\" content=\"https:\/\/fadeu.urantiacos.cl\/wp-content\/uploads\/2023\/09\/200715_Dialogos_de_cierre_web.jpg\" \/>\n\t<meta property=\"og:image:width\" content=\"350\" \/>\n\t<meta property=\"og:image:height\" content=\"250\" \/>\n\t<meta property=\"og:image:type\" content=\"image\/jpeg\" \/>\n<meta name=\"author\" content=\"manadmin\" \/>\n<meta name=\"twitter:card\" content=\"summary_large_image\" \/>\n<meta name=\"twitter:label1\" content=\"Written by\" \/>\n\t<meta name=\"twitter:data1\" content=\"manadmin\" \/>\n\t<meta name=\"twitter:label2\" content=\"Est. reading time\" \/>\n\t<meta name=\"twitter:data2\" content=\"2 minutes\" \/>\n<script type=\"application\/ld+json\" class=\"yoast-schema-graph\">{\"@context\":\"https:\/\/schema.org\",\"@graph\":[{\"@type\":\"Article\",\"@id\":\"https:\/\/fadeu.urantiacos.cl\/en\/2020\/08\/03\/la-escuela-de-arquitectura-uc-cierra-el-semestre-con-un-encuentro-virtual\/#article\",\"isPartOf\":{\"@id\":\"https:\/\/fadeu.urantiacos.cl\/en\/2020\/08\/03\/la-escuela-de-arquitectura-uc-cierra-el-semestre-con-un-encuentro-virtual\/\"},\"author\":{\"name\":\"manadmin\",\"@id\":\"https:\/\/fadeu.urantiacos.cl\/en\/#\/schema\/person\/d203e2e84b1c40275eac77b3061a19a2\"},\"headline\":\"La Escuela de Arquitectura UC cierra el semestre con un encuentro virtual\",\"datePublished\":\"2020-08-03T23:33:00+00:00\",\"dateModified\":\"2023-09-10T23:36:36+00:00\",\"mainEntityOfPage\":{\"@id\":\"https:\/\/fadeu.urantiacos.cl\/en\/2020\/08\/03\/la-escuela-de-arquitectura-uc-cierra-el-semestre-con-un-encuentro-virtual\/\"},\"wordCount\":369,\"commentCount\":0,\"image\":{\"@id\":\"https:\/\/fadeu.urantiacos.cl\/en\/2020\/08\/03\/la-escuela-de-arquitectura-uc-cierra-el-semestre-con-un-encuentro-virtual\/#primaryimage\"},\"thumbnailUrl\":\"https:\/\/fadeu.urantiacos.cl\/wp-content\/uploads\/2023\/09\/200715_Dialogos_de_cierre_web.jpg\",\"articleSection\":[\"Sin categorizar\"],\"inLanguage\":\"en-US\",\"potentialAction\":[{\"@type\":\"CommentAction\",\"name\":\"Comment\",\"target\":[\"https:\/\/fadeu.urantiacos.cl\/en\/2020\/08\/03\/la-escuela-de-arquitectura-uc-cierra-el-semestre-con-un-encuentro-virtual\/#respond\"]}]},{\"@type\":\"WebPage\",\"@id\":\"https:\/\/fadeu.urantiacos.cl\/en\/2020\/08\/03\/la-escuela-de-arquitectura-uc-cierra-el-semestre-con-un-encuentro-virtual\/\",\"url\":\"https:\/\/fadeu.urantiacos.cl\/en\/2020\/08\/03\/la-escuela-de-arquitectura-uc-cierra-el-semestre-con-un-encuentro-virtual\/\",\"name\":\"La Escuela de Arquitectura UC cierra el semestre con un encuentro virtual - Facultad de Arquitectura, Dise\u00f1o y Estudios Urbanos\",\"isPartOf\":{\"@id\":\"https:\/\/fadeu.urantiacos.cl\/en\/#website\"},\"primaryImageOfPage\":{\"@id\":\"https:\/\/fadeu.urantiacos.cl\/en\/2020\/08\/03\/la-escuela-de-arquitectura-uc-cierra-el-semestre-con-un-encuentro-virtual\/#primaryimage\"},\"image\":{\"@id\":\"https:\/\/fadeu.urantiacos.cl\/en\/2020\/08\/03\/la-escuela-de-arquitectura-uc-cierra-el-semestre-con-un-encuentro-virtual\/#primaryimage\"},\"thumbnailUrl\":\"https:\/\/fadeu.urantiacos.cl\/wp-content\/uploads\/2023\/09\/200715_Dialogos_de_cierre_web.jpg\",\"datePublished\":\"2020-08-03T23:33:00+00:00\",\"dateModified\":\"2023-09-10T23:36:36+00:00\",\"author\":{\"@id\":\"https:\/\/fadeu.urantiacos.cl\/en\/#\/schema\/person\/d203e2e84b1c40275eac77b3061a19a2\"},\"description\":\"Realizada el d\u00eda mi\u00e9rcoles 15 de julio de 2020 bajo el t\u00edtulo \u201cDi\u00e1logos de cierre Escuela de Arquitectura UC\u201d, la actividad entreg\u00f3 un espacio de conversaci\u00f3n y diagn\u00f3stico para los diferentes estamentos de nuestra comunidad, frente a este in\u00e9dito primer semestre online.\",\"breadcrumb\":{\"@id\":\"https:\/\/fadeu.urantiacos.cl\/en\/2020\/08\/03\/la-escuela-de-arquitectura-uc-cierra-el-semestre-con-un-encuentro-virtual\/#breadcrumb\"},\"inLanguage\":\"en-US\",\"potentialAction\":[{\"@type\":\"ReadAction\",\"target\":[\"https:\/\/fadeu.urantiacos.cl\/en\/2020\/08\/03\/la-escuela-de-arquitectura-uc-cierra-el-semestre-con-un-encuentro-virtual\/\"]}]},{\"@type\":\"ImageObject\",\"inLanguage\":\"en-US\",\"@id\":\"https:\/\/fadeu.urantiacos.cl\/en\/2020\/08\/03\/la-escuela-de-arquitectura-uc-cierra-el-semestre-con-un-encuentro-virtual\/#primaryimage\",\"url\":\"https:\/\/fadeu.urantiacos.cl\/wp-content\/uploads\/2023\/09\/200715_Dialogos_de_cierre_web.jpg\",\"contentUrl\":\"https:\/\/fadeu.urantiacos.cl\/wp-content\/uploads\/2023\/09\/200715_Dialogos_de_cierre_web.jpg\",\"width\":350,\"height\":250},{\"@type\":\"BreadcrumbList\",\"@id\":\"https:\/\/fadeu.urantiacos.cl\/en\/2020\/08\/03\/la-escuela-de-arquitectura-uc-cierra-el-semestre-con-un-encuentro-virtual\/#breadcrumb\",\"itemListElement\":[{\"@type\":\"ListItem\",\"position\":1,\"name\":\"Portada\",\"item\":\"https:\/\/fadeu.urantiacos.cl\/en\/\"},{\"@type\":\"ListItem\",\"position\":2,\"name\":\"La Escuela de Arquitectura UC cierra el semestre con un encuentro virtual\"}]},{\"@type\":\"WebSite\",\"@id\":\"https:\/\/fadeu.urantiacos.cl\/en\/#website\",\"url\":\"https:\/\/fadeu.urantiacos.cl\/en\/\",\"name\":\"Facultad de Arquitectura, Dise\u00f1o y Estudios Urbanos\",\"description\":\"Campus Lo Contador\",\"potentialAction\":[{\"@type\":\"SearchAction\",\"target\":{\"@type\":\"EntryPoint\",\"urlTemplate\":\"https:\/\/fadeu.urantiacos.cl\/en\/?s={search_term_string}\"},\"query-input\":{\"@type\":\"PropertyValueSpecification\",\"valueRequired\":true,\"valueName\":\"search_term_string\"}}],\"inLanguage\":\"en-US\"},{\"@type\":\"Person\",\"@id\":\"https:\/\/fadeu.urantiacos.cl\/en\/#\/schema\/person\/d203e2e84b1c40275eac77b3061a19a2\",\"name\":\"manadmin\",\"image\":{\"@type\":\"ImageObject\",\"inLanguage\":\"en-US\",\"@id\":\"https:\/\/fadeu.urantiacos.cl\/en\/#\/schema\/person\/image\/\",\"url\":\"https:\/\/secure.gravatar.com\/avatar\/4b1d8e3303b4a9d8968ac578947d8bc80d9aea359f388cdd4aac15cadc0e8447?s=96&d=mm&r=g\",\"contentUrl\":\"https:\/\/secure.gravatar.com\/avatar\/4b1d8e3303b4a9d8968ac578947d8bc80d9aea359f388cdd4aac15cadc0e8447?s=96&d=mm&r=g\",\"caption\":\"manadmin\"},\"sameAs\":[\"https:\/\/fadeu.urantiacos.cl\"]}]}<\/script>\n<!-- \/ Yoast SEO plugin. -->","yoast_head_json":{"title":"La Escuela de Arquitectura UC cierra el semestre con un encuentro virtual - Facultad de Arquitectura, Dise\u00f1o y Estudios Urbanos","description":"Realizada el d\u00eda mi\u00e9rcoles 15 de julio de 2020 bajo el t\u00edtulo \u201cDi\u00e1logos de cierre Escuela de Arquitectura UC\u201d, la actividad entreg\u00f3 un espacio de conversaci\u00f3n y diagn\u00f3stico para los diferentes estamentos de nuestra comunidad, frente a este in\u00e9dito primer semestre online.","robots":{"index":"index","follow":"follow","max-snippet":"max-snippet:-1","max-image-preview":"max-image-preview:large","max-video-preview":"max-video-preview:-1"},"canonical":"https:\/\/fadeu.urantiacos.cl\/en\/2020\/08\/03\/la-escuela-de-arquitectura-uc-cierra-el-semestre-con-un-encuentro-virtual\/","og_locale":"en_US","og_type":"article","og_title":"La Escuela de Arquitectura UC cierra el semestre con un encuentro virtual - Facultad de Arquitectura, Dise\u00f1o y Estudios Urbanos","og_description":"Realizada el d\u00eda mi\u00e9rcoles 15 de julio de 2020 bajo el t\u00edtulo \u201cDi\u00e1logos de cierre Escuela de Arquitectura UC\u201d, la actividad entreg\u00f3 un espacio de conversaci\u00f3n y diagn\u00f3stico para los diferentes estamentos de nuestra comunidad, frente a este in\u00e9dito primer semestre online.","og_url":"https:\/\/fadeu.urantiacos.cl\/en\/2020\/08\/03\/la-escuela-de-arquitectura-uc-cierra-el-semestre-con-un-encuentro-virtual\/","og_site_name":"Facultad de Arquitectura, Dise\u00f1o y Estudios Urbanos","article_published_time":"2020-08-03T23:33:00+00:00","article_modified_time":"2023-09-10T23:36:36+00:00","og_image":[{"width":350,"height":250,"url":"https:\/\/fadeu.urantiacos.cl\/wp-content\/uploads\/2023\/09\/200715_Dialogos_de_cierre_web.jpg","type":"image\/jpeg"}],"author":"manadmin","twitter_card":"summary_large_image","twitter_misc":{"Written by":"manadmin","Est. reading time":"2 minutes"},"schema":{"@context":"https:\/\/schema.org","@graph":[{"@type":"Article","@id":"https:\/\/fadeu.urantiacos.cl\/en\/2020\/08\/03\/la-escuela-de-arquitectura-uc-cierra-el-semestre-con-un-encuentro-virtual\/#article","isPartOf":{"@id":"https:\/\/fadeu.urantiacos.cl\/en\/2020\/08\/03\/la-escuela-de-arquitectura-uc-cierra-el-semestre-con-un-encuentro-virtual\/"},"author":{"name":"manadmin","@id":"https:\/\/fadeu.urantiacos.cl\/en\/#\/schema\/person\/d203e2e84b1c40275eac77b3061a19a2"},"headline":"La Escuela de Arquitectura UC cierra el semestre con un encuentro virtual","datePublished":"2020-08-03T23:33:00+00:00","dateModified":"2023-09-10T23:36:36+00:00","mainEntityOfPage":{"@id":"https:\/\/fadeu.urantiacos.cl\/en\/2020\/08\/03\/la-escuela-de-arquitectura-uc-cierra-el-semestre-con-un-encuentro-virtual\/"},"wordCount":369,"commentCount":0,"image":{"@id":"https:\/\/fadeu.urantiacos.cl\/en\/2020\/08\/03\/la-escuela-de-arquitectura-uc-cierra-el-semestre-con-un-encuentro-virtual\/#primaryimage"},"thumbnailUrl":"https:\/\/fadeu.urantiacos.cl\/wp-content\/uploads\/2023\/09\/200715_Dialogos_de_cierre_web.jpg","articleSection":["Sin categorizar"],"inLanguage":"en-US","potentialAction":[{"@type":"CommentAction","name":"Comment","target":["https:\/\/fadeu.urantiacos.cl\/en\/2020\/08\/03\/la-escuela-de-arquitectura-uc-cierra-el-semestre-con-un-encuentro-virtual\/#respond"]}]},{"@type":"WebPage","@id":"https:\/\/fadeu.urantiacos.cl\/en\/2020\/08\/03\/la-escuela-de-arquitectura-uc-cierra-el-semestre-con-un-encuentro-virtual\/","url":"https:\/\/fadeu.urantiacos.cl\/en\/2020\/08\/03\/la-escuela-de-arquitectura-uc-cierra-el-semestre-con-un-encuentro-virtual\/","name":"La Escuela de Arquitectura UC cierra el semestre con un encuentro virtual - Facultad de Arquitectura, Dise\u00f1o y Estudios Urbanos","isPartOf":{"@id":"https:\/\/fadeu.urantiacos.cl\/en\/#website"},"primaryImageOfPage":{"@id":"https:\/\/fadeu.urantiacos.cl\/en\/2020\/08\/03\/la-escuela-de-arquitectura-uc-cierra-el-semestre-con-un-encuentro-virtual\/#primaryimage"},"image":{"@id":"https:\/\/fadeu.urantiacos.cl\/en\/2020\/08\/03\/la-escuela-de-arquitectura-uc-cierra-el-semestre-con-un-encuentro-virtual\/#primaryimage"},"thumbnailUrl":"https:\/\/fadeu.urantiacos.cl\/wp-content\/uploads\/2023\/09\/200715_Dialogos_de_cierre_web.jpg","datePublished":"2020-08-03T23:33:00+00:00","dateModified":"2023-09-10T23:36:36+00:00","author":{"@id":"https:\/\/fadeu.urantiacos.cl\/en\/#\/schema\/person\/d203e2e84b1c40275eac77b3061a19a2"},"description":"Realizada el d\u00eda mi\u00e9rcoles 15 de julio de 2020 bajo el t\u00edtulo \u201cDi\u00e1logos de cierre Escuela de Arquitectura UC\u201d, la actividad entreg\u00f3 un espacio de conversaci\u00f3n y diagn\u00f3stico para los diferentes estamentos de nuestra comunidad, frente a este in\u00e9dito primer semestre online.","breadcrumb":{"@id":"https:\/\/fadeu.urantiacos.cl\/en\/2020\/08\/03\/la-escuela-de-arquitectura-uc-cierra-el-semestre-con-un-encuentro-virtual\/#breadcrumb"},"inLanguage":"en-US","potentialAction":[{"@type":"ReadAction","target":["https:\/\/fadeu.urantiacos.cl\/en\/2020\/08\/03\/la-escuela-de-arquitectura-uc-cierra-el-semestre-con-un-encuentro-virtual\/"]}]},{"@type":"ImageObject","inLanguage":"en-US","@id":"https:\/\/fadeu.urantiacos.cl\/en\/2020\/08\/03\/la-escuela-de-arquitectura-uc-cierra-el-semestre-con-un-encuentro-virtual\/#primaryimage","url":"https:\/\/fadeu.urantiacos.cl\/wp-content\/uploads\/2023\/09\/200715_Dialogos_de_cierre_web.jpg","contentUrl":"https:\/\/fadeu.urantiacos.cl\/wp-content\/uploads\/2023\/09\/200715_Dialogos_de_cierre_web.jpg","width":350,"height":250},{"@type":"BreadcrumbList","@id":"https:\/\/fadeu.urantiacos.cl\/en\/2020\/08\/03\/la-escuela-de-arquitectura-uc-cierra-el-semestre-con-un-encuentro-virtual\/#breadcrumb","itemListElement":[{"@type":"ListItem","position":1,"name":"Portada","item":"https:\/\/fadeu.urantiacos.cl\/en\/"},{"@type":"ListItem","position":2,"name":"La Escuela de Arquitectura UC cierra el semestre con un encuentro virtual"}]},{"@type":"WebSite","@id":"https:\/\/fadeu.urantiacos.cl\/en\/#website","url":"https:\/\/fadeu.urantiacos.cl\/en\/","name":"Facultad de Arquitectura, Dise\u00f1o y Estudios Urbanos","description":"Campus Lo Contador","potentialAction":[{"@type":"SearchAction","target":{"@type":"EntryPoint","urlTemplate":"https:\/\/fadeu.urantiacos.cl\/en\/?s={search_term_string}"},"query-input":{"@type":"PropertyValueSpecification","valueRequired":true,"valueName":"search_term_string"}}],"inLanguage":"en-US"},{"@type":"Person","@id":"https:\/\/fadeu.urantiacos.cl\/en\/#\/schema\/person\/d203e2e84b1c40275eac77b3061a19a2","name":"manadmin","image":{"@type":"ImageObject","inLanguage":"en-US","@id":"https:\/\/fadeu.urantiacos.cl\/en\/#\/schema\/person\/image\/","url":"https:\/\/secure.gravatar.com\/avatar\/4b1d8e3303b4a9d8968ac578947d8bc80d9aea359f388cdd4aac15cadc0e8447?s=96&d=mm&r=g","contentUrl":"https:\/\/secure.gravatar.com\/avatar\/4b1d8e3303b4a9d8968ac578947d8bc80d9aea359f388cdd4aac15cadc0e8447?s=96&d=mm&r=g","caption":"manadmin"},"sameAs":["https:\/\/fadeu.urantiacos.cl"]}]}},"_links":{"self":[{"href":"https:\/\/fadeu.urantiacos.cl\/en\/wp-json\/wp\/v2\/posts\/8515","targetHints":{"allow":["GET"]}}],"collection":[{"href":"https:\/\/fadeu.urantiacos.cl\/en\/wp-json\/wp\/v2\/posts"}],"about":[{"href":"https:\/\/fadeu.urantiacos.cl\/en\/wp-json\/wp\/v2\/types\/post"}],"author":[{"embeddable":true,"href":"https:\/\/fadeu.urantiacos.cl\/en\/wp-json\/wp\/v2\/users\/1"}],"replies":[{"embeddable":true,"href":"https:\/\/fadeu.urantiacos.cl\/en\/wp-json\/wp\/v2\/comments?post=8515"}],"version-history":[{"count":1,"href":"https:\/\/fadeu.urantiacos.cl\/en\/wp-json\/wp\/v2\/posts\/8515\/revisions"}],"predecessor-version":[{"id":8518,"href":"https:\/\/fadeu.urantiacos.cl\/en\/wp-json\/wp\/v2\/posts\/8515\/revisions\/8518"}],"wp:featuredmedia":[{"embeddable":true,"href":"https:\/\/fadeu.urantiacos.cl\/en\/wp-json\/wp\/v2\/media\/8516"}],"wp:attachment":[{"href":"https:\/\/fadeu.urantiacos.cl\/en\/wp-json\/wp\/v2\/media?parent=8515"}],"wp:term":[{"taxonomy":"category","embeddable":true,"href":"https:\/\/fadeu.urantiacos.cl\/en\/wp-json\/wp\/v2\/categories?post=8515"},{"taxonomy":"post_tag","embeddable":true,"href":"https:\/\/fadeu.urantiacos.cl\/en\/wp-json\/wp\/v2\/tags?post=8515"}],"curies":[{"name":"wp","href":"https:\/\/api.w.org\/{rel}","templated":true}]}}