{"id":8491,"date":"2020-08-04T20:16:00","date_gmt":"2020-08-04T23:16:00","guid":{"rendered":"https:\/\/fadeu.urantiacos.cl\/?p=8491"},"modified":"2023-09-10T20:19:12","modified_gmt":"2023-09-10T23:19:12","slug":"proyecto-linea-del-tiempo-constitucional","status":"publish","type":"post","link":"https:\/\/fadeu.urantiacos.cl\/en\/2020\/08\/04\/proyecto-linea-del-tiempo-constitucional\/","title":{"rendered":"Proyecto L\u00ednea del Tiempo Constitucional"},"content":{"rendered":"\n<figure class=\"wp-block-image size-full\"><img decoding=\"async\" width=\"350\" height=\"250\" src=\"https:\/\/fadeu.urantiacos.cl\/wp-content\/uploads\/2023\/09\/c80web.jpg\" alt=\"\" class=\"wp-image-8492\" srcset=\"https:\/\/fadeu.urantiacos.cl\/wp-content\/uploads\/2023\/09\/c80web.jpg 350w, https:\/\/fadeu.urantiacos.cl\/wp-content\/uploads\/2023\/09\/c80web-300x214.jpg 300w\" sizes=\"(max-width: 350px) 100vw, 350px\" \/><\/figure>\n\n\n\n<p>La presente L\u00ednea de Tiempo abarca desde la creaci\u00f3n del Tribunal Constitucional, justo antes de iniciarse el gobierno de la Unidad Popular, hasta nuestros d\u00edas, en m\u00e1s de 90 hitos que adem\u00e1s de presentar los hechos, identifican contextos y sus protagonistas.<\/p>\n\n\n\n<p>La invitaci\u00f3n que se hace es a recorrerla con sentido cr\u00edtico y responsabilidad ciudadana.<\/p>\n\n\n\n<p><a href=\"http:\/\/tracker.cl1.fidelizador.com\/LF1BDGD7F412H107FAB3EEA16J10D9DB35E8KF1BD3819E142127457717FBC6C\" target=\"_blank\" rel=\"noreferrer noopener\">Revisa el proyecto<\/a><\/p>\n\n\n\n<figure class=\"wp-block-image size-full\"><img decoding=\"async\" width=\"354\" height=\"356\" src=\"https:\/\/fadeu.urantiacos.cl\/wp-content\/uploads\/2023\/09\/Captura_de_pantalla_2020-08-04_a_las_6.28.16.png\" alt=\"\" class=\"wp-image-8493\" srcset=\"https:\/\/fadeu.urantiacos.cl\/wp-content\/uploads\/2023\/09\/Captura_de_pantalla_2020-08-04_a_las_6.28.16.png 354w, https:\/\/fadeu.urantiacos.cl\/wp-content\/uploads\/2023\/09\/Captura_de_pantalla_2020-08-04_a_las_6.28.16-298x300.png 298w, https:\/\/fadeu.urantiacos.cl\/wp-content\/uploads\/2023\/09\/Captura_de_pantalla_2020-08-04_a_las_6.28.16-150x150.png 150w\" sizes=\"(max-width: 354px) 100vw, 354px\" \/><\/figure>\n","protected":false},"excerpt":{"rendered":"<p>Un instrumento que aporta a la discusi\u00f3n en torno a la posibilidad real -el 25 de octubre es el plebiscito-, de re dise\u00f1ar una Nueva Constituci\u00f3n, es lo que acaban de disponibilizar en C80, proyecto liderado por el docente de Dise\u00f1o UC, Ricardo Vega. <\/p>\n","protected":false},"author":1,"featured_media":8492,"comment_status":"open","ping_status":"open","sticky":false,"template":"","format":"standard","meta":{"_acf_changed":false,"footnotes":""},"categories":[1],"tags":[],"class_list":["post-8491","post","type-post","status-publish","format-standard","has-post-thumbnail","hentry","category-sin-categorizar"],"acf":[],"yoast_head":"<!-- This site is optimized with the Yoast SEO plugin v27.1.1 - https:\/\/yoast.com\/product\/yoast-seo-wordpress\/ -->\n<title>Proyecto L\u00ednea del Tiempo Constitucional - Facultad de Arquitectura, Dise\u00f1o y Estudios Urbanos<\/title>\n<meta name=\"description\" content=\"Un instrumento que aporta a la discusi\u00f3n en torno a la posibilidad real -el 25 de octubre es el plebiscito-, de re dise\u00f1ar una Nueva Constituci\u00f3n, es lo que acaban de disponibilizar en C80, proyecto liderado por el docente de Dise\u00f1o UC, Ricardo Vega.\" \/>\n<meta name=\"robots\" content=\"index, follow, max-snippet:-1, max-image-preview:large, max-video-preview:-1\" \/>\n<link rel=\"canonical\" href=\"https:\/\/fadeu.urantiacos.cl\/en\/2020\/08\/04\/proyecto-linea-del-tiempo-constitucional\/\" \/>\n<meta property=\"og:locale\" content=\"en_US\" \/>\n<meta property=\"og:type\" content=\"article\" \/>\n<meta property=\"og:title\" content=\"Proyecto L\u00ednea del Tiempo Constitucional - Facultad de Arquitectura, Dise\u00f1o y Estudios Urbanos\" \/>\n<meta property=\"og:description\" content=\"Un instrumento que aporta a la discusi\u00f3n en torno a la posibilidad real -el 25 de octubre es el plebiscito-, de re dise\u00f1ar una Nueva Constituci\u00f3n, es lo que acaban de disponibilizar en C80, proyecto liderado por el docente de Dise\u00f1o UC, Ricardo Vega.\" \/>\n<meta property=\"og:url\" content=\"https:\/\/fadeu.urantiacos.cl\/en\/2020\/08\/04\/proyecto-linea-del-tiempo-constitucional\/\" \/>\n<meta property=\"og:site_name\" content=\"Facultad de Arquitectura, Dise\u00f1o y Estudios Urbanos\" \/>\n<meta property=\"article:published_time\" content=\"2020-08-04T23:16:00+00:00\" \/>\n<meta property=\"article:modified_time\" content=\"2023-09-10T23:19:12+00:00\" \/>\n<meta property=\"og:image\" content=\"https:\/\/fadeu.urantiacos.cl\/wp-content\/uploads\/2023\/09\/c80web.jpg\" \/>\n\t<meta property=\"og:image:width\" content=\"350\" \/>\n\t<meta property=\"og:image:height\" content=\"250\" \/>\n\t<meta property=\"og:image:type\" content=\"image\/jpeg\" \/>\n<meta name=\"author\" content=\"manadmin\" \/>\n<meta name=\"twitter:card\" content=\"summary_large_image\" \/>\n<meta name=\"twitter:label1\" content=\"Written by\" \/>\n\t<meta name=\"twitter:data1\" content=\"manadmin\" \/>\n<script type=\"application\/ld+json\" class=\"yoast-schema-graph\">{\"@context\":\"https:\/\/schema.org\",\"@graph\":[{\"@type\":\"Article\",\"@id\":\"https:\/\/fadeu.urantiacos.cl\/en\/2020\/08\/04\/proyecto-linea-del-tiempo-constitucional\/#article\",\"isPartOf\":{\"@id\":\"https:\/\/fadeu.urantiacos.cl\/en\/2020\/08\/04\/proyecto-linea-del-tiempo-constitucional\/\"},\"author\":{\"name\":\"manadmin\",\"@id\":\"https:\/\/fadeu.urantiacos.cl\/en\/#\/schema\/person\/d203e2e84b1c40275eac77b3061a19a2\"},\"headline\":\"Proyecto L\u00ednea del Tiempo Constitucional\",\"datePublished\":\"2020-08-04T23:16:00+00:00\",\"dateModified\":\"2023-09-10T23:19:12+00:00\",\"mainEntityOfPage\":{\"@id\":\"https:\/\/fadeu.urantiacos.cl\/en\/2020\/08\/04\/proyecto-linea-del-tiempo-constitucional\/\"},\"wordCount\":70,\"commentCount\":0,\"image\":{\"@id\":\"https:\/\/fadeu.urantiacos.cl\/en\/2020\/08\/04\/proyecto-linea-del-tiempo-constitucional\/#primaryimage\"},\"thumbnailUrl\":\"https:\/\/fadeu.urantiacos.cl\/wp-content\/uploads\/2023\/09\/c80web.jpg\",\"articleSection\":[\"Sin categorizar\"],\"inLanguage\":\"en-US\",\"potentialAction\":[{\"@type\":\"CommentAction\",\"name\":\"Comment\",\"target\":[\"https:\/\/fadeu.urantiacos.cl\/en\/2020\/08\/04\/proyecto-linea-del-tiempo-constitucional\/#respond\"]}]},{\"@type\":\"WebPage\",\"@id\":\"https:\/\/fadeu.urantiacos.cl\/en\/2020\/08\/04\/proyecto-linea-del-tiempo-constitucional\/\",\"url\":\"https:\/\/fadeu.urantiacos.cl\/en\/2020\/08\/04\/proyecto-linea-del-tiempo-constitucional\/\",\"name\":\"Proyecto L\u00ednea del Tiempo Constitucional - Facultad de Arquitectura, Dise\u00f1o y Estudios Urbanos\",\"isPartOf\":{\"@id\":\"https:\/\/fadeu.urantiacos.cl\/en\/#website\"},\"primaryImageOfPage\":{\"@id\":\"https:\/\/fadeu.urantiacos.cl\/en\/2020\/08\/04\/proyecto-linea-del-tiempo-constitucional\/#primaryimage\"},\"image\":{\"@id\":\"https:\/\/fadeu.urantiacos.cl\/en\/2020\/08\/04\/proyecto-linea-del-tiempo-constitucional\/#primaryimage\"},\"thumbnailUrl\":\"https:\/\/fadeu.urantiacos.cl\/wp-content\/uploads\/2023\/09\/c80web.jpg\",\"datePublished\":\"2020-08-04T23:16:00+00:00\",\"dateModified\":\"2023-09-10T23:19:12+00:00\",\"author\":{\"@id\":\"https:\/\/fadeu.urantiacos.cl\/en\/#\/schema\/person\/d203e2e84b1c40275eac77b3061a19a2\"},\"description\":\"Un instrumento que aporta a la discusi\u00f3n en torno a la posibilidad real -el 25 de octubre es el plebiscito-, de re dise\u00f1ar una Nueva Constituci\u00f3n, es lo que acaban de disponibilizar en C80, proyecto liderado por el docente de Dise\u00f1o UC, Ricardo Vega.\",\"breadcrumb\":{\"@id\":\"https:\/\/fadeu.urantiacos.cl\/en\/2020\/08\/04\/proyecto-linea-del-tiempo-constitucional\/#breadcrumb\"},\"inLanguage\":\"en-US\",\"potentialAction\":[{\"@type\":\"ReadAction\",\"target\":[\"https:\/\/fadeu.urantiacos.cl\/en\/2020\/08\/04\/proyecto-linea-del-tiempo-constitucional\/\"]}]},{\"@type\":\"ImageObject\",\"inLanguage\":\"en-US\",\"@id\":\"https:\/\/fadeu.urantiacos.cl\/en\/2020\/08\/04\/proyecto-linea-del-tiempo-constitucional\/#primaryimage\",\"url\":\"https:\/\/fadeu.urantiacos.cl\/wp-content\/uploads\/2023\/09\/c80web.jpg\",\"contentUrl\":\"https:\/\/fadeu.urantiacos.cl\/wp-content\/uploads\/2023\/09\/c80web.jpg\",\"width\":350,\"height\":250},{\"@type\":\"BreadcrumbList\",\"@id\":\"https:\/\/fadeu.urantiacos.cl\/en\/2020\/08\/04\/proyecto-linea-del-tiempo-constitucional\/#breadcrumb\",\"itemListElement\":[{\"@type\":\"ListItem\",\"position\":1,\"name\":\"Portada\",\"item\":\"https:\/\/fadeu.urantiacos.cl\/en\/\"},{\"@type\":\"ListItem\",\"position\":2,\"name\":\"Proyecto L\u00ednea del Tiempo Constitucional\"}]},{\"@type\":\"WebSite\",\"@id\":\"https:\/\/fadeu.urantiacos.cl\/en\/#website\",\"url\":\"https:\/\/fadeu.urantiacos.cl\/en\/\",\"name\":\"Facultad de Arquitectura, Dise\u00f1o y Estudios Urbanos\",\"description\":\"Campus Lo Contador\",\"potentialAction\":[{\"@type\":\"SearchAction\",\"target\":{\"@type\":\"EntryPoint\",\"urlTemplate\":\"https:\/\/fadeu.urantiacos.cl\/en\/?s={search_term_string}\"},\"query-input\":{\"@type\":\"PropertyValueSpecification\",\"valueRequired\":true,\"valueName\":\"search_term_string\"}}],\"inLanguage\":\"en-US\"},{\"@type\":\"Person\",\"@id\":\"https:\/\/fadeu.urantiacos.cl\/en\/#\/schema\/person\/d203e2e84b1c40275eac77b3061a19a2\",\"name\":\"manadmin\",\"image\":{\"@type\":\"ImageObject\",\"inLanguage\":\"en-US\",\"@id\":\"https:\/\/fadeu.urantiacos.cl\/en\/#\/schema\/person\/image\/\",\"url\":\"https:\/\/secure.gravatar.com\/avatar\/4b1d8e3303b4a9d8968ac578947d8bc80d9aea359f388cdd4aac15cadc0e8447?s=96&d=mm&r=g\",\"contentUrl\":\"https:\/\/secure.gravatar.com\/avatar\/4b1d8e3303b4a9d8968ac578947d8bc80d9aea359f388cdd4aac15cadc0e8447?s=96&d=mm&r=g\",\"caption\":\"manadmin\"},\"sameAs\":[\"https:\/\/fadeu.urantiacos.cl\"]}]}<\/script>\n<!-- \/ Yoast SEO plugin. -->","yoast_head_json":{"title":"Proyecto L\u00ednea del Tiempo Constitucional - Facultad de Arquitectura, Dise\u00f1o y Estudios Urbanos","description":"Un instrumento que aporta a la discusi\u00f3n en torno a la posibilidad real -el 25 de octubre es el plebiscito-, de re dise\u00f1ar una Nueva Constituci\u00f3n, es lo que acaban de disponibilizar en C80, proyecto liderado por el docente de Dise\u00f1o UC, Ricardo Vega.","robots":{"index":"index","follow":"follow","max-snippet":"max-snippet:-1","max-image-preview":"max-image-preview:large","max-video-preview":"max-video-preview:-1"},"canonical":"https:\/\/fadeu.urantiacos.cl\/en\/2020\/08\/04\/proyecto-linea-del-tiempo-constitucional\/","og_locale":"en_US","og_type":"article","og_title":"Proyecto L\u00ednea del Tiempo Constitucional - Facultad de Arquitectura, Dise\u00f1o y Estudios Urbanos","og_description":"Un instrumento que aporta a la discusi\u00f3n en torno a la posibilidad real -el 25 de octubre es el plebiscito-, de re dise\u00f1ar una Nueva Constituci\u00f3n, es lo que acaban de disponibilizar en C80, proyecto liderado por el docente de Dise\u00f1o UC, Ricardo Vega.","og_url":"https:\/\/fadeu.urantiacos.cl\/en\/2020\/08\/04\/proyecto-linea-del-tiempo-constitucional\/","og_site_name":"Facultad de Arquitectura, Dise\u00f1o y Estudios Urbanos","article_published_time":"2020-08-04T23:16:00+00:00","article_modified_time":"2023-09-10T23:19:12+00:00","og_image":[{"width":350,"height":250,"url":"https:\/\/fadeu.urantiacos.cl\/wp-content\/uploads\/2023\/09\/c80web.jpg","type":"image\/jpeg"}],"author":"manadmin","twitter_card":"summary_large_image","twitter_misc":{"Written by":"manadmin"},"schema":{"@context":"https:\/\/schema.org","@graph":[{"@type":"Article","@id":"https:\/\/fadeu.urantiacos.cl\/en\/2020\/08\/04\/proyecto-linea-del-tiempo-constitucional\/#article","isPartOf":{"@id":"https:\/\/fadeu.urantiacos.cl\/en\/2020\/08\/04\/proyecto-linea-del-tiempo-constitucional\/"},"author":{"name":"manadmin","@id":"https:\/\/fadeu.urantiacos.cl\/en\/#\/schema\/person\/d203e2e84b1c40275eac77b3061a19a2"},"headline":"Proyecto L\u00ednea del Tiempo Constitucional","datePublished":"2020-08-04T23:16:00+00:00","dateModified":"2023-09-10T23:19:12+00:00","mainEntityOfPage":{"@id":"https:\/\/fadeu.urantiacos.cl\/en\/2020\/08\/04\/proyecto-linea-del-tiempo-constitucional\/"},"wordCount":70,"commentCount":0,"image":{"@id":"https:\/\/fadeu.urantiacos.cl\/en\/2020\/08\/04\/proyecto-linea-del-tiempo-constitucional\/#primaryimage"},"thumbnailUrl":"https:\/\/fadeu.urantiacos.cl\/wp-content\/uploads\/2023\/09\/c80web.jpg","articleSection":["Sin categorizar"],"inLanguage":"en-US","potentialAction":[{"@type":"CommentAction","name":"Comment","target":["https:\/\/fadeu.urantiacos.cl\/en\/2020\/08\/04\/proyecto-linea-del-tiempo-constitucional\/#respond"]}]},{"@type":"WebPage","@id":"https:\/\/fadeu.urantiacos.cl\/en\/2020\/08\/04\/proyecto-linea-del-tiempo-constitucional\/","url":"https:\/\/fadeu.urantiacos.cl\/en\/2020\/08\/04\/proyecto-linea-del-tiempo-constitucional\/","name":"Proyecto L\u00ednea del Tiempo Constitucional - Facultad de Arquitectura, Dise\u00f1o y Estudios Urbanos","isPartOf":{"@id":"https:\/\/fadeu.urantiacos.cl\/en\/#website"},"primaryImageOfPage":{"@id":"https:\/\/fadeu.urantiacos.cl\/en\/2020\/08\/04\/proyecto-linea-del-tiempo-constitucional\/#primaryimage"},"image":{"@id":"https:\/\/fadeu.urantiacos.cl\/en\/2020\/08\/04\/proyecto-linea-del-tiempo-constitucional\/#primaryimage"},"thumbnailUrl":"https:\/\/fadeu.urantiacos.cl\/wp-content\/uploads\/2023\/09\/c80web.jpg","datePublished":"2020-08-04T23:16:00+00:00","dateModified":"2023-09-10T23:19:12+00:00","author":{"@id":"https:\/\/fadeu.urantiacos.cl\/en\/#\/schema\/person\/d203e2e84b1c40275eac77b3061a19a2"},"description":"Un instrumento que aporta a la discusi\u00f3n en torno a la posibilidad real -el 25 de octubre es el plebiscito-, de re dise\u00f1ar una Nueva Constituci\u00f3n, es lo que acaban de disponibilizar en C80, proyecto liderado por el docente de Dise\u00f1o UC, Ricardo Vega.","breadcrumb":{"@id":"https:\/\/fadeu.urantiacos.cl\/en\/2020\/08\/04\/proyecto-linea-del-tiempo-constitucional\/#breadcrumb"},"inLanguage":"en-US","potentialAction":[{"@type":"ReadAction","target":["https:\/\/fadeu.urantiacos.cl\/en\/2020\/08\/04\/proyecto-linea-del-tiempo-constitucional\/"]}]},{"@type":"ImageObject","inLanguage":"en-US","@id":"https:\/\/fadeu.urantiacos.cl\/en\/2020\/08\/04\/proyecto-linea-del-tiempo-constitucional\/#primaryimage","url":"https:\/\/fadeu.urantiacos.cl\/wp-content\/uploads\/2023\/09\/c80web.jpg","contentUrl":"https:\/\/fadeu.urantiacos.cl\/wp-content\/uploads\/2023\/09\/c80web.jpg","width":350,"height":250},{"@type":"BreadcrumbList","@id":"https:\/\/fadeu.urantiacos.cl\/en\/2020\/08\/04\/proyecto-linea-del-tiempo-constitucional\/#breadcrumb","itemListElement":[{"@type":"ListItem","position":1,"name":"Portada","item":"https:\/\/fadeu.urantiacos.cl\/en\/"},{"@type":"ListItem","position":2,"name":"Proyecto L\u00ednea del Tiempo Constitucional"}]},{"@type":"WebSite","@id":"https:\/\/fadeu.urantiacos.cl\/en\/#website","url":"https:\/\/fadeu.urantiacos.cl\/en\/","name":"Facultad de Arquitectura, Dise\u00f1o y Estudios Urbanos","description":"Campus Lo Contador","potentialAction":[{"@type":"SearchAction","target":{"@type":"EntryPoint","urlTemplate":"https:\/\/fadeu.urantiacos.cl\/en\/?s={search_term_string}"},"query-input":{"@type":"PropertyValueSpecification","valueRequired":true,"valueName":"search_term_string"}}],"inLanguage":"en-US"},{"@type":"Person","@id":"https:\/\/fadeu.urantiacos.cl\/en\/#\/schema\/person\/d203e2e84b1c40275eac77b3061a19a2","name":"manadmin","image":{"@type":"ImageObject","inLanguage":"en-US","@id":"https:\/\/fadeu.urantiacos.cl\/en\/#\/schema\/person\/image\/","url":"https:\/\/secure.gravatar.com\/avatar\/4b1d8e3303b4a9d8968ac578947d8bc80d9aea359f388cdd4aac15cadc0e8447?s=96&d=mm&r=g","contentUrl":"https:\/\/secure.gravatar.com\/avatar\/4b1d8e3303b4a9d8968ac578947d8bc80d9aea359f388cdd4aac15cadc0e8447?s=96&d=mm&r=g","caption":"manadmin"},"sameAs":["https:\/\/fadeu.urantiacos.cl"]}]}},"_links":{"self":[{"href":"https:\/\/fadeu.urantiacos.cl\/en\/wp-json\/wp\/v2\/posts\/8491","targetHints":{"allow":["GET"]}}],"collection":[{"href":"https:\/\/fadeu.urantiacos.cl\/en\/wp-json\/wp\/v2\/posts"}],"about":[{"href":"https:\/\/fadeu.urantiacos.cl\/en\/wp-json\/wp\/v2\/types\/post"}],"author":[{"embeddable":true,"href":"https:\/\/fadeu.urantiacos.cl\/en\/wp-json\/wp\/v2\/users\/1"}],"replies":[{"embeddable":true,"href":"https:\/\/fadeu.urantiacos.cl\/en\/wp-json\/wp\/v2\/comments?post=8491"}],"version-history":[{"count":1,"href":"https:\/\/fadeu.urantiacos.cl\/en\/wp-json\/wp\/v2\/posts\/8491\/revisions"}],"predecessor-version":[{"id":8494,"href":"https:\/\/fadeu.urantiacos.cl\/en\/wp-json\/wp\/v2\/posts\/8491\/revisions\/8494"}],"wp:featuredmedia":[{"embeddable":true,"href":"https:\/\/fadeu.urantiacos.cl\/en\/wp-json\/wp\/v2\/media\/8492"}],"wp:attachment":[{"href":"https:\/\/fadeu.urantiacos.cl\/en\/wp-json\/wp\/v2\/media?parent=8491"}],"wp:term":[{"taxonomy":"category","embeddable":true,"href":"https:\/\/fadeu.urantiacos.cl\/en\/wp-json\/wp\/v2\/categories?post=8491"},{"taxonomy":"post_tag","embeddable":true,"href":"https:\/\/fadeu.urantiacos.cl\/en\/wp-json\/wp\/v2\/tags?post=8491"}],"curies":[{"name":"wp","href":"https:\/\/api.w.org\/{rel}","templated":true}]}}