{"id":8471,"date":"2020-08-10T19:55:00","date_gmt":"2020-08-10T22:55:00","guid":{"rendered":"https:\/\/fadeu.urantiacos.cl\/?p=8471"},"modified":"2023-11-03T12:50:37","modified_gmt":"2023-11-03T15:50:37","slug":"biofab-uc-participo-del-festival-de-hongos-mas-importante-de-latinoamerica","status":"publish","type":"post","link":"https:\/\/fadeu.urantiacos.cl\/en\/2020\/08\/10\/biofab-uc-participo-del-festival-de-hongos-mas-importante-de-latinoamerica\/","title":{"rendered":"Biofab UC particip\u00f3 del festival de hongos m\u00e1s importante de Latinoam\u00e9rica"},"content":{"rendered":"\n<figure class=\"wp-block-image size-full\"><img decoding=\"async\" width=\"350\" height=\"250\" src=\"https:\/\/fadeu.urantiacos.cl\/wp-content\/uploads\/2023\/09\/image_copia_web.png\" alt=\"\" class=\"wp-image-8472\" srcset=\"https:\/\/fadeu.urantiacos.cl\/wp-content\/uploads\/2023\/09\/image_copia_web.png 350w, https:\/\/fadeu.urantiacos.cl\/wp-content\/uploads\/2023\/09\/image_copia_web-300x214.png 300w\" sizes=\"(max-width: 350px) 100vw, 350px\" \/><\/figure>\n\n\n\n<p>El proyecto \u2014financiado por el Ministerio de las Culturas, las Artes y el Patrimonio a trav\u00e9s de un Fondart Nacional\u2014 trabaja con organismos vivos, como los hongos nativos que descomponen la madera, para el desarrollo de biomateriales, en este caso textiles.<\/p>\n\n\n\n<p>Durante la edici\u00f3n 2020 del festival Fungifest, celebrado hist\u00f3ricamente en Valdivia, el equipo present\u00f3 una gu\u00eda pr\u00e1ctica para la elaboraci\u00f3n de un textil basado en hongos nativos del sur de Chile junto a un manual de dise\u00f1o, desarrollo y fabricaci\u00f3n de una incubadora de laboratorio de libre acceso.<\/p>\n\n\n\n<p>De esta forma, esta oportunidad permiti\u00f3 divulgar los aprendizajes adquiridos en en el proceso de elaboraci\u00f3n del micotextil y en el desarrollo de tecnolog\u00edas de libre acceso, gracias a la participaci\u00f3n del equipo en la residencia&nbsp;<a href=\"http:\/\/regosh.libres.cc\/\" target=\"_blank\" rel=\"noreferrer noopener\">REGOSH<\/a>&nbsp;(Hacia una red de tecnolog\u00edas libres para educaci\u00f3n, investigaci\u00f3n y ciencia comunitaria en la Am\u00e9rica Latina y el Caribe) y a la participaci\u00f3n en&nbsp;OpenPlant Biomaker Challenge&nbsp;de la Universidad de Cambridge.<\/p>\n\n\n\n<p>Como destaca Sebasti\u00e1n Rodr\u00edguez: \u201cFue una experiencia que nos permiti\u00f3 sociabilizar los descubrimientos de la investigaci\u00f3n con la Fundaci\u00f3n Fungi, quienes han sido un gran aliado en la identificaci\u00f3n de hongos nativos, adem\u00e1s de contar con la retroalimentaci\u00f3n de la comunidad Fungi Latinoamericana, lo que hace que nuestra labor se vea enriquecida por los futuros usuarios de estas tecnolog\u00edas de c\u00f3digo abierto\u201d.<\/p>\n\n\n\n<p>El equipo multidisciplinar que desarroll\u00f3 el micotextil estuvo compuesto por: Sebasti\u00e1n Rodr\u00edguez (dise\u00f1ador industrial, Biofab UC); Catalina De Pablo (arquitecta, Biofab UC); Andr\u00e9s Romero (ingeniero en biotecnolog\u00eda, Biofab UC); Fern\u00e1n Federici (doctor en ciencias biol\u00f3gicas, Synbiolab); Claudia Gaete (programadora web); Axel Sep\u00falveda (ingeniero el\u00e9ctrico, UC); y los estudiantes Guillermo Avil\u00e9s (Dise\u00f1o UCh); Francisca Feijoo (Biotecnolog\u00eda UCh); Tania Pedraza Varas (Dise\u00f1o UCh); y Fernanda Pe\u00f1aranda (Dise\u00f1o UCh).<\/p>\n\n\n\n<p>Por otro lado, y tambi\u00e9n en el contexto del festival, Sebasti\u00e1n Rodr\u00edguez y Andr\u00e9s Romero de Biofab UC participaron en el conversatorio &#8220;Fungitop\u00edas, imaginando utop\u00edas biomateriales\u201d, organizado por LABVA, sum\u00e1ndose as\u00ed a otra instancia de intercambio entre los diferentes representantes latinoamericanos en la biofabricaci\u00f3n. Esto le permiti\u00f3 al equipo compartir y \u201cconstruir posibles escenarios futuros a partir de la investigaci\u00f3n con seres vivos y la cultura BIO\u201d.<\/p>\n\n\n\n<p>La quinta edici\u00f3n del festival Fungifest fue organizada por Mutantes Producciones, Fungi Foundation y Napa.<\/p>\n\n\n\n<p>Manual de Textiles de Hongos y Equipo Cient\u00edfico de Libre Acceso en el siguiente&nbsp;<a href=\"https:\/\/docs.google.com\/forms\/d\/e\/1FAIpQLScyyeFHh1Pdq1imfOHhm9_ZUgEIG3NjvOKBhVHQZD7E0C51Ag\/viewform\" target=\"_blank\" rel=\"noreferrer noopener\">link<\/a><\/p>\n\n\n\n<p>Charla sobre micotextiles de Biofab UC en el siguiente&nbsp;<a href=\"https:\/\/youtu.be\/s6ebTQhIn5Y\">link<\/a><\/p>\n\n\n\n<p>Canal de YouTube de Fungifest (fungifestchile) en el siguiente&nbsp;<a href=\"https:\/\/www.youtube.com\/channel\/UCUitaU_tvqJHQI7KVoOzAnQ\" target=\"_blank\" rel=\"noreferrer noopener\">link<\/a><\/p>\n\n\n\n<p>Redes de las instituciones involucradas_<br><a href=\"https:\/\/www.instagram.com\/mutantesproducciones\/\" target=\"_blank\" rel=\"noreferrer noopener\">Mutantes Producciones<\/a>\u00a0<br><a href=\"https:\/\/www.instagram.com\/fungi_foundation\/\" target=\"_blank\" rel=\"noreferrer noopener\">Fungi Foundation<\/a>\u00a0<br><a href=\"https:\/\/www.instagram.com\/somoslabva\/\" target=\"_blank\" rel=\"noreferrer noopener\">LABVA<\/a>\u00a0<\/p>\n\n\n\n<figure class=\"wp-block-image size-large\"><img decoding=\"async\" width=\"1024\" height=\"723\" src=\"https:\/\/fadeu.urantiacos.cl\/wp-content\/uploads\/2023\/09\/image-6-1024x723.png\" alt=\"\" class=\"wp-image-8473\" srcset=\"https:\/\/fadeu.urantiacos.cl\/wp-content\/uploads\/2023\/09\/image-6-1024x723.png 1024w, https:\/\/fadeu.urantiacos.cl\/wp-content\/uploads\/2023\/09\/image-6-300x212.png 300w, https:\/\/fadeu.urantiacos.cl\/wp-content\/uploads\/2023\/09\/image-6-768x542.png 768w, https:\/\/fadeu.urantiacos.cl\/wp-content\/uploads\/2023\/09\/image-6.png 1280w\" sizes=\"(max-width: 1024px) 100vw, 1024px\" \/><\/figure>\n\n\n\n<figure class=\"wp-block-image size-large\"><img decoding=\"async\" width=\"1024\" height=\"576\" src=\"https:\/\/fadeu.urantiacos.cl\/wp-content\/uploads\/2023\/09\/image_1-1024x576.png\" alt=\"\" class=\"wp-image-8474\" srcset=\"https:\/\/fadeu.urantiacos.cl\/wp-content\/uploads\/2023\/09\/image_1-1024x576.png 1024w, https:\/\/fadeu.urantiacos.cl\/wp-content\/uploads\/2023\/09\/image_1-300x169.png 300w, https:\/\/fadeu.urantiacos.cl\/wp-content\/uploads\/2023\/09\/image_1-768x432.png 768w, https:\/\/fadeu.urantiacos.cl\/wp-content\/uploads\/2023\/09\/image_1-1536x864.png 1536w, https:\/\/fadeu.urantiacos.cl\/wp-content\/uploads\/2023\/09\/image_1.png 1600w\" sizes=\"(max-width: 1024px) 100vw, 1024px\" \/><\/figure>\n\n\n\n<figure class=\"wp-block-image size-large\"><img decoding=\"async\" width=\"1024\" height=\"576\" src=\"https:\/\/fadeu.urantiacos.cl\/wp-content\/uploads\/2023\/09\/image_2-1-1024x576.png\" alt=\"\" class=\"wp-image-8475\" srcset=\"https:\/\/fadeu.urantiacos.cl\/wp-content\/uploads\/2023\/09\/image_2-1-1024x576.png 1024w, https:\/\/fadeu.urantiacos.cl\/wp-content\/uploads\/2023\/09\/image_2-1-300x169.png 300w, https:\/\/fadeu.urantiacos.cl\/wp-content\/uploads\/2023\/09\/image_2-1-768x432.png 768w, https:\/\/fadeu.urantiacos.cl\/wp-content\/uploads\/2023\/09\/image_2-1-1536x864.png 1536w, https:\/\/fadeu.urantiacos.cl\/wp-content\/uploads\/2023\/09\/image_2-1.png 1600w\" sizes=\"(max-width: 1024px) 100vw, 1024px\" \/><\/figure>\n\n\n\n<figure class=\"wp-block-image size-large\"><img decoding=\"async\" width=\"1024\" height=\"576\" src=\"https:\/\/fadeu.urantiacos.cl\/wp-content\/uploads\/2023\/09\/image_3-1-1024x576.png\" alt=\"\" class=\"wp-image-8476\" srcset=\"https:\/\/fadeu.urantiacos.cl\/wp-content\/uploads\/2023\/09\/image_3-1-1024x576.png 1024w, https:\/\/fadeu.urantiacos.cl\/wp-content\/uploads\/2023\/09\/image_3-1-300x169.png 300w, https:\/\/fadeu.urantiacos.cl\/wp-content\/uploads\/2023\/09\/image_3-1-768x432.png 768w, https:\/\/fadeu.urantiacos.cl\/wp-content\/uploads\/2023\/09\/image_3-1-1536x864.png 1536w, https:\/\/fadeu.urantiacos.cl\/wp-content\/uploads\/2023\/09\/image_3-1.png 1600w\" sizes=\"(max-width: 1024px) 100vw, 1024px\" \/><\/figure>\n\n\n\n<p>Noticias<br>Contacto:&nbsp;<a href=\"mailto:redesarq@uc.cl\">redesarq@uc.cl<\/a>&nbsp;| +56 2 2354 7747<br>www.arquitectura.uc.cl<\/p>\n","protected":false},"excerpt":{"rendered":"<p>El Laboratorio de Biofabricaci\u00f3n de FADEU UC present\u00f3 el proyecto &#8220;Micotextil&#8221; en la quinta versi\u00f3n del Fungifest, evento que por la contingencia se transmiti\u00f3 a trav\u00e9s del canal de YouTube del festival entre el 15 y el 21 de junio de 2020.<\/p>\n","protected":false},"author":1,"featured_media":8472,"comment_status":"open","ping_status":"open","sticky":false,"template":"","format":"standard","meta":{"_acf_changed":false,"footnotes":""},"categories":[1],"tags":[],"class_list":["post-8471","post","type-post","status-publish","format-standard","has-post-thumbnail","hentry","category-sin-categorizar"],"acf":[],"yoast_head":"<!-- This site is optimized with the Yoast SEO plugin v27.1.1 - https:\/\/yoast.com\/product\/yoast-seo-wordpress\/ -->\n<title>Biofab UC particip\u00f3 del festival de hongos m\u00e1s importante de Latinoam\u00e9rica - Facultad de Arquitectura, Dise\u00f1o y Estudios Urbanos<\/title>\n<meta name=\"description\" content=\"El Laboratorio de Biofabricaci\u00f3n de FADEU UC present\u00f3 el proyecto &quot;Micotextil&quot; en la quinta versi\u00f3n del Fungifest, evento que por la contingencia se transmiti\u00f3 a trav\u00e9s del canal de YouTube del festival entre el 15 y el 21 de junio de 2020.\" \/>\n<meta name=\"robots\" content=\"index, follow, max-snippet:-1, max-image-preview:large, max-video-preview:-1\" \/>\n<link rel=\"canonical\" href=\"https:\/\/fadeu.urantiacos.cl\/en\/2020\/08\/10\/biofab-uc-participo-del-festival-de-hongos-mas-importante-de-latinoamerica\/\" \/>\n<meta property=\"og:locale\" content=\"en_US\" \/>\n<meta property=\"og:type\" content=\"article\" \/>\n<meta property=\"og:title\" content=\"Biofab UC particip\u00f3 del festival de hongos m\u00e1s importante de Latinoam\u00e9rica - Facultad de Arquitectura, Dise\u00f1o y Estudios Urbanos\" \/>\n<meta property=\"og:description\" content=\"El Laboratorio de Biofabricaci\u00f3n de FADEU UC present\u00f3 el proyecto &quot;Micotextil&quot; en la quinta versi\u00f3n del Fungifest, evento que por la contingencia se transmiti\u00f3 a trav\u00e9s del canal de YouTube del festival entre el 15 y el 21 de junio de 2020.\" \/>\n<meta property=\"og:url\" content=\"https:\/\/fadeu.urantiacos.cl\/en\/2020\/08\/10\/biofab-uc-participo-del-festival-de-hongos-mas-importante-de-latinoamerica\/\" \/>\n<meta property=\"og:site_name\" content=\"Facultad de Arquitectura, Dise\u00f1o y Estudios Urbanos\" \/>\n<meta property=\"article:published_time\" content=\"2020-08-10T22:55:00+00:00\" \/>\n<meta property=\"article:modified_time\" content=\"2023-11-03T15:50:37+00:00\" \/>\n<meta property=\"og:image\" content=\"https:\/\/fadeu.urantiacos.cl\/wp-content\/uploads\/2023\/09\/image_copia_web.png\" \/>\n\t<meta property=\"og:image:width\" content=\"350\" \/>\n\t<meta property=\"og:image:height\" content=\"250\" \/>\n\t<meta property=\"og:image:type\" content=\"image\/png\" \/>\n<meta name=\"author\" content=\"manadmin\" \/>\n<meta name=\"twitter:card\" content=\"summary_large_image\" \/>\n<meta name=\"twitter:label1\" content=\"Written by\" \/>\n\t<meta name=\"twitter:data1\" content=\"manadmin\" \/>\n\t<meta name=\"twitter:label2\" content=\"Est. reading time\" \/>\n\t<meta name=\"twitter:data2\" content=\"3 minutes\" \/>\n<script type=\"application\/ld+json\" class=\"yoast-schema-graph\">{\"@context\":\"https:\/\/schema.org\",\"@graph\":[{\"@type\":\"Article\",\"@id\":\"https:\/\/fadeu.urantiacos.cl\/en\/2020\/08\/10\/biofab-uc-participo-del-festival-de-hongos-mas-importante-de-latinoamerica\/#article\",\"isPartOf\":{\"@id\":\"https:\/\/fadeu.urantiacos.cl\/en\/2020\/08\/10\/biofab-uc-participo-del-festival-de-hongos-mas-importante-de-latinoamerica\/\"},\"author\":{\"name\":\"manadmin\",\"@id\":\"https:\/\/fadeu.urantiacos.cl\/en\/#\/schema\/person\/d203e2e84b1c40275eac77b3061a19a2\"},\"headline\":\"Biofab UC particip\u00f3 del festival de hongos m\u00e1s importante de Latinoam\u00e9rica\",\"datePublished\":\"2020-08-10T22:55:00+00:00\",\"dateModified\":\"2023-11-03T15:50:37+00:00\",\"mainEntityOfPage\":{\"@id\":\"https:\/\/fadeu.urantiacos.cl\/en\/2020\/08\/10\/biofab-uc-participo-del-festival-de-hongos-mas-importante-de-latinoamerica\/\"},\"wordCount\":493,\"commentCount\":0,\"image\":{\"@id\":\"https:\/\/fadeu.urantiacos.cl\/en\/2020\/08\/10\/biofab-uc-participo-del-festival-de-hongos-mas-importante-de-latinoamerica\/#primaryimage\"},\"thumbnailUrl\":\"https:\/\/fadeu.urantiacos.cl\/wp-content\/uploads\/2023\/09\/image_copia_web.png\",\"articleSection\":[\"Sin categorizar\"],\"inLanguage\":\"en-US\",\"potentialAction\":[{\"@type\":\"CommentAction\",\"name\":\"Comment\",\"target\":[\"https:\/\/fadeu.urantiacos.cl\/en\/2020\/08\/10\/biofab-uc-participo-del-festival-de-hongos-mas-importante-de-latinoamerica\/#respond\"]}]},{\"@type\":\"WebPage\",\"@id\":\"https:\/\/fadeu.urantiacos.cl\/en\/2020\/08\/10\/biofab-uc-participo-del-festival-de-hongos-mas-importante-de-latinoamerica\/\",\"url\":\"https:\/\/fadeu.urantiacos.cl\/en\/2020\/08\/10\/biofab-uc-participo-del-festival-de-hongos-mas-importante-de-latinoamerica\/\",\"name\":\"Biofab UC particip\u00f3 del festival de hongos m\u00e1s importante de Latinoam\u00e9rica - Facultad de Arquitectura, Dise\u00f1o y Estudios Urbanos\",\"isPartOf\":{\"@id\":\"https:\/\/fadeu.urantiacos.cl\/en\/#website\"},\"primaryImageOfPage\":{\"@id\":\"https:\/\/fadeu.urantiacos.cl\/en\/2020\/08\/10\/biofab-uc-participo-del-festival-de-hongos-mas-importante-de-latinoamerica\/#primaryimage\"},\"image\":{\"@id\":\"https:\/\/fadeu.urantiacos.cl\/en\/2020\/08\/10\/biofab-uc-participo-del-festival-de-hongos-mas-importante-de-latinoamerica\/#primaryimage\"},\"thumbnailUrl\":\"https:\/\/fadeu.urantiacos.cl\/wp-content\/uploads\/2023\/09\/image_copia_web.png\",\"datePublished\":\"2020-08-10T22:55:00+00:00\",\"dateModified\":\"2023-11-03T15:50:37+00:00\",\"author\":{\"@id\":\"https:\/\/fadeu.urantiacos.cl\/en\/#\/schema\/person\/d203e2e84b1c40275eac77b3061a19a2\"},\"description\":\"El Laboratorio de Biofabricaci\u00f3n de FADEU UC present\u00f3 el proyecto \\\"Micotextil\\\" en la quinta versi\u00f3n del Fungifest, evento que por la contingencia se transmiti\u00f3 a trav\u00e9s del canal de YouTube del festival entre el 15 y el 21 de junio de 2020.\",\"breadcrumb\":{\"@id\":\"https:\/\/fadeu.urantiacos.cl\/en\/2020\/08\/10\/biofab-uc-participo-del-festival-de-hongos-mas-importante-de-latinoamerica\/#breadcrumb\"},\"inLanguage\":\"en-US\",\"potentialAction\":[{\"@type\":\"ReadAction\",\"target\":[\"https:\/\/fadeu.urantiacos.cl\/en\/2020\/08\/10\/biofab-uc-participo-del-festival-de-hongos-mas-importante-de-latinoamerica\/\"]}]},{\"@type\":\"ImageObject\",\"inLanguage\":\"en-US\",\"@id\":\"https:\/\/fadeu.urantiacos.cl\/en\/2020\/08\/10\/biofab-uc-participo-del-festival-de-hongos-mas-importante-de-latinoamerica\/#primaryimage\",\"url\":\"https:\/\/fadeu.urantiacos.cl\/wp-content\/uploads\/2023\/09\/image_copia_web.png\",\"contentUrl\":\"https:\/\/fadeu.urantiacos.cl\/wp-content\/uploads\/2023\/09\/image_copia_web.png\",\"width\":350,\"height\":250},{\"@type\":\"BreadcrumbList\",\"@id\":\"https:\/\/fadeu.urantiacos.cl\/en\/2020\/08\/10\/biofab-uc-participo-del-festival-de-hongos-mas-importante-de-latinoamerica\/#breadcrumb\",\"itemListElement\":[{\"@type\":\"ListItem\",\"position\":1,\"name\":\"Portada\",\"item\":\"https:\/\/fadeu.urantiacos.cl\/en\/\"},{\"@type\":\"ListItem\",\"position\":2,\"name\":\"Biofab UC particip\u00f3 del festival de hongos m\u00e1s importante de Latinoam\u00e9rica\"}]},{\"@type\":\"WebSite\",\"@id\":\"https:\/\/fadeu.urantiacos.cl\/en\/#website\",\"url\":\"https:\/\/fadeu.urantiacos.cl\/en\/\",\"name\":\"Facultad de Arquitectura, Dise\u00f1o y Estudios Urbanos\",\"description\":\"Campus Lo Contador\",\"potentialAction\":[{\"@type\":\"SearchAction\",\"target\":{\"@type\":\"EntryPoint\",\"urlTemplate\":\"https:\/\/fadeu.urantiacos.cl\/en\/?s={search_term_string}\"},\"query-input\":{\"@type\":\"PropertyValueSpecification\",\"valueRequired\":true,\"valueName\":\"search_term_string\"}}],\"inLanguage\":\"en-US\"},{\"@type\":\"Person\",\"@id\":\"https:\/\/fadeu.urantiacos.cl\/en\/#\/schema\/person\/d203e2e84b1c40275eac77b3061a19a2\",\"name\":\"manadmin\",\"image\":{\"@type\":\"ImageObject\",\"inLanguage\":\"en-US\",\"@id\":\"https:\/\/fadeu.urantiacos.cl\/en\/#\/schema\/person\/image\/\",\"url\":\"https:\/\/secure.gravatar.com\/avatar\/4b1d8e3303b4a9d8968ac578947d8bc80d9aea359f388cdd4aac15cadc0e8447?s=96&d=mm&r=g\",\"contentUrl\":\"https:\/\/secure.gravatar.com\/avatar\/4b1d8e3303b4a9d8968ac578947d8bc80d9aea359f388cdd4aac15cadc0e8447?s=96&d=mm&r=g\",\"caption\":\"manadmin\"},\"sameAs\":[\"https:\/\/fadeu.urantiacos.cl\"]}]}<\/script>\n<!-- \/ Yoast SEO plugin. -->","yoast_head_json":{"title":"Biofab UC particip\u00f3 del festival de hongos m\u00e1s importante de Latinoam\u00e9rica - Facultad de Arquitectura, Dise\u00f1o y Estudios Urbanos","description":"El Laboratorio de Biofabricaci\u00f3n de FADEU UC present\u00f3 el proyecto \"Micotextil\" en la quinta versi\u00f3n del Fungifest, evento que por la contingencia se transmiti\u00f3 a trav\u00e9s del canal de YouTube del festival entre el 15 y el 21 de junio de 2020.","robots":{"index":"index","follow":"follow","max-snippet":"max-snippet:-1","max-image-preview":"max-image-preview:large","max-video-preview":"max-video-preview:-1"},"canonical":"https:\/\/fadeu.urantiacos.cl\/en\/2020\/08\/10\/biofab-uc-participo-del-festival-de-hongos-mas-importante-de-latinoamerica\/","og_locale":"en_US","og_type":"article","og_title":"Biofab UC particip\u00f3 del festival de hongos m\u00e1s importante de Latinoam\u00e9rica - Facultad de Arquitectura, Dise\u00f1o y Estudios Urbanos","og_description":"El Laboratorio de Biofabricaci\u00f3n de FADEU UC present\u00f3 el proyecto \"Micotextil\" en la quinta versi\u00f3n del Fungifest, evento que por la contingencia se transmiti\u00f3 a trav\u00e9s del canal de YouTube del festival entre el 15 y el 21 de junio de 2020.","og_url":"https:\/\/fadeu.urantiacos.cl\/en\/2020\/08\/10\/biofab-uc-participo-del-festival-de-hongos-mas-importante-de-latinoamerica\/","og_site_name":"Facultad de Arquitectura, Dise\u00f1o y Estudios Urbanos","article_published_time":"2020-08-10T22:55:00+00:00","article_modified_time":"2023-11-03T15:50:37+00:00","og_image":[{"width":350,"height":250,"url":"https:\/\/fadeu.urantiacos.cl\/wp-content\/uploads\/2023\/09\/image_copia_web.png","type":"image\/png"}],"author":"manadmin","twitter_card":"summary_large_image","twitter_misc":{"Written by":"manadmin","Est. reading time":"3 minutes"},"schema":{"@context":"https:\/\/schema.org","@graph":[{"@type":"Article","@id":"https:\/\/fadeu.urantiacos.cl\/en\/2020\/08\/10\/biofab-uc-participo-del-festival-de-hongos-mas-importante-de-latinoamerica\/#article","isPartOf":{"@id":"https:\/\/fadeu.urantiacos.cl\/en\/2020\/08\/10\/biofab-uc-participo-del-festival-de-hongos-mas-importante-de-latinoamerica\/"},"author":{"name":"manadmin","@id":"https:\/\/fadeu.urantiacos.cl\/en\/#\/schema\/person\/d203e2e84b1c40275eac77b3061a19a2"},"headline":"Biofab UC particip\u00f3 del festival de hongos m\u00e1s importante de Latinoam\u00e9rica","datePublished":"2020-08-10T22:55:00+00:00","dateModified":"2023-11-03T15:50:37+00:00","mainEntityOfPage":{"@id":"https:\/\/fadeu.urantiacos.cl\/en\/2020\/08\/10\/biofab-uc-participo-del-festival-de-hongos-mas-importante-de-latinoamerica\/"},"wordCount":493,"commentCount":0,"image":{"@id":"https:\/\/fadeu.urantiacos.cl\/en\/2020\/08\/10\/biofab-uc-participo-del-festival-de-hongos-mas-importante-de-latinoamerica\/#primaryimage"},"thumbnailUrl":"https:\/\/fadeu.urantiacos.cl\/wp-content\/uploads\/2023\/09\/image_copia_web.png","articleSection":["Sin categorizar"],"inLanguage":"en-US","potentialAction":[{"@type":"CommentAction","name":"Comment","target":["https:\/\/fadeu.urantiacos.cl\/en\/2020\/08\/10\/biofab-uc-participo-del-festival-de-hongos-mas-importante-de-latinoamerica\/#respond"]}]},{"@type":"WebPage","@id":"https:\/\/fadeu.urantiacos.cl\/en\/2020\/08\/10\/biofab-uc-participo-del-festival-de-hongos-mas-importante-de-latinoamerica\/","url":"https:\/\/fadeu.urantiacos.cl\/en\/2020\/08\/10\/biofab-uc-participo-del-festival-de-hongos-mas-importante-de-latinoamerica\/","name":"Biofab UC particip\u00f3 del festival de hongos m\u00e1s importante de Latinoam\u00e9rica - Facultad de Arquitectura, Dise\u00f1o y Estudios Urbanos","isPartOf":{"@id":"https:\/\/fadeu.urantiacos.cl\/en\/#website"},"primaryImageOfPage":{"@id":"https:\/\/fadeu.urantiacos.cl\/en\/2020\/08\/10\/biofab-uc-participo-del-festival-de-hongos-mas-importante-de-latinoamerica\/#primaryimage"},"image":{"@id":"https:\/\/fadeu.urantiacos.cl\/en\/2020\/08\/10\/biofab-uc-participo-del-festival-de-hongos-mas-importante-de-latinoamerica\/#primaryimage"},"thumbnailUrl":"https:\/\/fadeu.urantiacos.cl\/wp-content\/uploads\/2023\/09\/image_copia_web.png","datePublished":"2020-08-10T22:55:00+00:00","dateModified":"2023-11-03T15:50:37+00:00","author":{"@id":"https:\/\/fadeu.urantiacos.cl\/en\/#\/schema\/person\/d203e2e84b1c40275eac77b3061a19a2"},"description":"El Laboratorio de Biofabricaci\u00f3n de FADEU UC present\u00f3 el proyecto \"Micotextil\" en la quinta versi\u00f3n del Fungifest, evento que por la contingencia se transmiti\u00f3 a trav\u00e9s del canal de YouTube del festival entre el 15 y el 21 de junio de 2020.","breadcrumb":{"@id":"https:\/\/fadeu.urantiacos.cl\/en\/2020\/08\/10\/biofab-uc-participo-del-festival-de-hongos-mas-importante-de-latinoamerica\/#breadcrumb"},"inLanguage":"en-US","potentialAction":[{"@type":"ReadAction","target":["https:\/\/fadeu.urantiacos.cl\/en\/2020\/08\/10\/biofab-uc-participo-del-festival-de-hongos-mas-importante-de-latinoamerica\/"]}]},{"@type":"ImageObject","inLanguage":"en-US","@id":"https:\/\/fadeu.urantiacos.cl\/en\/2020\/08\/10\/biofab-uc-participo-del-festival-de-hongos-mas-importante-de-latinoamerica\/#primaryimage","url":"https:\/\/fadeu.urantiacos.cl\/wp-content\/uploads\/2023\/09\/image_copia_web.png","contentUrl":"https:\/\/fadeu.urantiacos.cl\/wp-content\/uploads\/2023\/09\/image_copia_web.png","width":350,"height":250},{"@type":"BreadcrumbList","@id":"https:\/\/fadeu.urantiacos.cl\/en\/2020\/08\/10\/biofab-uc-participo-del-festival-de-hongos-mas-importante-de-latinoamerica\/#breadcrumb","itemListElement":[{"@type":"ListItem","position":1,"name":"Portada","item":"https:\/\/fadeu.urantiacos.cl\/en\/"},{"@type":"ListItem","position":2,"name":"Biofab UC particip\u00f3 del festival de hongos m\u00e1s importante de Latinoam\u00e9rica"}]},{"@type":"WebSite","@id":"https:\/\/fadeu.urantiacos.cl\/en\/#website","url":"https:\/\/fadeu.urantiacos.cl\/en\/","name":"Facultad de Arquitectura, Dise\u00f1o y Estudios Urbanos","description":"Campus Lo Contador","potentialAction":[{"@type":"SearchAction","target":{"@type":"EntryPoint","urlTemplate":"https:\/\/fadeu.urantiacos.cl\/en\/?s={search_term_string}"},"query-input":{"@type":"PropertyValueSpecification","valueRequired":true,"valueName":"search_term_string"}}],"inLanguage":"en-US"},{"@type":"Person","@id":"https:\/\/fadeu.urantiacos.cl\/en\/#\/schema\/person\/d203e2e84b1c40275eac77b3061a19a2","name":"manadmin","image":{"@type":"ImageObject","inLanguage":"en-US","@id":"https:\/\/fadeu.urantiacos.cl\/en\/#\/schema\/person\/image\/","url":"https:\/\/secure.gravatar.com\/avatar\/4b1d8e3303b4a9d8968ac578947d8bc80d9aea359f388cdd4aac15cadc0e8447?s=96&d=mm&r=g","contentUrl":"https:\/\/secure.gravatar.com\/avatar\/4b1d8e3303b4a9d8968ac578947d8bc80d9aea359f388cdd4aac15cadc0e8447?s=96&d=mm&r=g","caption":"manadmin"},"sameAs":["https:\/\/fadeu.urantiacos.cl"]}]}},"_links":{"self":[{"href":"https:\/\/fadeu.urantiacos.cl\/en\/wp-json\/wp\/v2\/posts\/8471","targetHints":{"allow":["GET"]}}],"collection":[{"href":"https:\/\/fadeu.urantiacos.cl\/en\/wp-json\/wp\/v2\/posts"}],"about":[{"href":"https:\/\/fadeu.urantiacos.cl\/en\/wp-json\/wp\/v2\/types\/post"}],"author":[{"embeddable":true,"href":"https:\/\/fadeu.urantiacos.cl\/en\/wp-json\/wp\/v2\/users\/1"}],"replies":[{"embeddable":true,"href":"https:\/\/fadeu.urantiacos.cl\/en\/wp-json\/wp\/v2\/comments?post=8471"}],"version-history":[{"count":3,"href":"https:\/\/fadeu.urantiacos.cl\/en\/wp-json\/wp\/v2\/posts\/8471\/revisions"}],"predecessor-version":[{"id":17966,"href":"https:\/\/fadeu.urantiacos.cl\/en\/wp-json\/wp\/v2\/posts\/8471\/revisions\/17966"}],"wp:featuredmedia":[{"embeddable":true,"href":"https:\/\/fadeu.urantiacos.cl\/en\/wp-json\/wp\/v2\/media\/8472"}],"wp:attachment":[{"href":"https:\/\/fadeu.urantiacos.cl\/en\/wp-json\/wp\/v2\/media?parent=8471"}],"wp:term":[{"taxonomy":"category","embeddable":true,"href":"https:\/\/fadeu.urantiacos.cl\/en\/wp-json\/wp\/v2\/categories?post=8471"},{"taxonomy":"post_tag","embeddable":true,"href":"https:\/\/fadeu.urantiacos.cl\/en\/wp-json\/wp\/v2\/tags?post=8471"}],"curies":[{"name":"wp","href":"https:\/\/api.w.org\/{rel}","templated":true}]}}