{"id":8463,"date":"2020-08-12T19:51:00","date_gmt":"2020-08-12T22:51:00","guid":{"rendered":"https:\/\/fadeu.urantiacos.cl\/?p=8463"},"modified":"2023-09-10T19:54:21","modified_gmt":"2023-09-10T22:54:21","slug":"colegio-de-arquitectos-estrenara-documentales-sobre-carlos-martner-en-el-marco-de-su-aniversario","status":"publish","type":"post","link":"https:\/\/fadeu.urantiacos.cl\/en\/2020\/08\/12\/colegio-de-arquitectos-estrenara-documentales-sobre-carlos-martner-en-el-marco-de-su-aniversario\/","title":{"rendered":"Colegio de Arquitectos estrenar\u00e1 documentales sobre Carlos Martner en el marco de su aniversario"},"content":{"rendered":"\n<figure class=\"wp-block-image size-full\"><img decoding=\"async\" width=\"350\" height=\"250\" src=\"https:\/\/fadeu.urantiacos.cl\/wp-content\/uploads\/2023\/09\/COLEGIO_ARQ-1.jpg\" alt=\"\" class=\"wp-image-8465\" srcset=\"https:\/\/fadeu.urantiacos.cl\/wp-content\/uploads\/2023\/09\/COLEGIO_ARQ-1.jpg 350w, https:\/\/fadeu.urantiacos.cl\/wp-content\/uploads\/2023\/09\/COLEGIO_ARQ-1-300x214.jpg 300w\" sizes=\"(max-width: 350px) 100vw, 350px\" \/><\/figure>\n\n\n\n<p>En esa l\u00ednea, este jueves 13 de agosto a las 18.30 horas se realizar\u00e1 el estreno v\u00eda FB Live y YouTube de dos cap\u00edtulos de Maestros de la forma y el espacio dedicados al recientemente fallecido Carlos Martner, de la productora Carnada films.<\/p>\n\n\n\n<p>El estreno ser\u00e1 antecedido de un conversatorio en el que participar\u00e1n el realizador Germ\u00e1n Li\u00f1ero; el coordinador del \u00c1rea de Arquitectura del ministerio de las Culturas, las Artes y el Patrimonio, Crist\u00f3bal Molina; y el Presidente del Colegio de Arquitectos de Chile, Humberto Eliash. La presentaci\u00f3n ser\u00e1 moderada y conducida por Patricia de la Sotta, Brand manager de Las Condes Design.<\/p>\n\n\n\n<p><strong>Carlos Martner (1926-2020)<\/strong><\/p>\n\n\n\n<p>Estudi\u00f3 arquitectura en la Facultad de Arquitectura y Urbanismo de la Universidad de Chile, titul\u00e1ndose en 1954. Como arquitecto, su obra se desarroll\u00f3 entrelazando el paisajismo con la arquitectura. Realiz\u00f3 innumerables parques y edificios de car\u00e1cter p\u00fablico tanto en Chile como en M\u00e9xico. Entre ellos, la Casa de la Cultura Anahuac, las piscinas Tupahue y Antil\u00e9n, y el Anfiteatro Mirador Pablo Neruda en el Parque Metropolitano de Santiago. Tambi\u00e9n desarroll\u00f3 el Parque Bernardo O&#8217;Higgins en Chill\u00e1n, el Parque Mapocho Poniente en Cerro Navia y el Parque Violeta Parra en Lo Espejo.<\/p>\n\n\n\n<p>La sensibilidad de Carlos Martner se manifest\u00f3 en la arquitectura, el paisajismo y, tambi\u00e9n, en la pintura, a trav\u00e9s de acuarelas en que mezclaba el paisaje de nuestra tierra y colores propios de su imaginaci\u00f3n. En 2007 gan\u00f3 el Premio Am\u00e9rica que otorgan los Congresos de Arquitectura Latinoamericana en el marco de la versi\u00f3n XII de los Seminarios de Arquitectura Latinoamericana.<\/p>\n\n\n\n<p>Puedes encontrar toda la informaci\u00f3n sobre el Mes de la Arquitectura y las actividades de conmemoraci\u00f3n de los 78 a\u00f1os del Colegio de Arquitectos de Chile en colegioarquitectos.com y en nuestras redes sociales: @colegioarq (Instagram, Twitter y Facebook).<\/p>\n\n\n\n<p>Las actividades conmemorativas de los 78 a\u00f1os del Colegio de Arquitectos de Chile cuentan con el apoyo de Las Condes Design, Cordillera, Volc\u00e1n, Atika, Area Design y COMA Education.<\/p>\n\n\n\n<p>INFORMACI\u00d3N PERIOD\u00cdSTICA<br><a rel=\"noreferrer noopener\" href=\"http:\/\/colegioarquitectos.com\/\" target=\"_blank\">COLEGIO DE ARQUITECTOS DE CHILE<\/a><\/p>\n\n\n\n<figure class=\"wp-block-image size-large\"><img decoding=\"async\" width=\"1024\" height=\"1024\" src=\"https:\/\/fadeu.urantiacos.cl\/wp-content\/uploads\/2023\/09\/COLEGIO_ARQ_WEB-1024x1024.jpg\" alt=\"\" class=\"wp-image-8466\" srcset=\"https:\/\/fadeu.urantiacos.cl\/wp-content\/uploads\/2023\/09\/COLEGIO_ARQ_WEB-1024x1024.jpg 1024w, https:\/\/fadeu.urantiacos.cl\/wp-content\/uploads\/2023\/09\/COLEGIO_ARQ_WEB-300x300.jpg 300w, https:\/\/fadeu.urantiacos.cl\/wp-content\/uploads\/2023\/09\/COLEGIO_ARQ_WEB-150x150.jpg 150w, https:\/\/fadeu.urantiacos.cl\/wp-content\/uploads\/2023\/09\/COLEGIO_ARQ_WEB-768x768.jpg 768w, https:\/\/fadeu.urantiacos.cl\/wp-content\/uploads\/2023\/09\/COLEGIO_ARQ_WEB.jpg 1200w\" sizes=\"(max-width: 1024px) 100vw, 1024px\" \/><\/figure>\n","protected":false},"excerpt":{"rendered":"<p>El Colegio de Arquitectos de Chile cumple un nuevo a\u00f1o de vida y lo conmemorar\u00e1 con una serie de actividades gratuitas y totalmente online. El hito se inici\u00f3 el martes 4 de agosto, d\u00eda en que se cumplieron 78 a\u00f1os desde la promulgaci\u00f3n de la Ley 7.211 que cre\u00f3 el Colegio de Arquitectos de Chile en 1942 durante el gobierno del Presidente Carlos Ib\u00e1\u00f1ez del Campo, y dio la partida al Mes de la Arquitectura en Chile.<\/p>\n","protected":false},"author":1,"featured_media":8464,"comment_status":"open","ping_status":"open","sticky":false,"template":"","format":"standard","meta":{"_acf_changed":false,"footnotes":""},"categories":[1],"tags":[],"class_list":["post-8463","post","type-post","status-publish","format-standard","has-post-thumbnail","hentry","category-sin-categorizar"],"acf":[],"yoast_head":"<!-- This site is optimized with the Yoast SEO plugin v27.1.1 - https:\/\/yoast.com\/product\/yoast-seo-wordpress\/ -->\n<title>Colegio de Arquitectos estrenar\u00e1 documentales sobre Carlos Martner en el marco de su aniversario - Facultad de Arquitectura, Dise\u00f1o y Estudios Urbanos<\/title>\n<meta name=\"description\" content=\"El Colegio de Arquitectos de Chile cumple un nuevo a\u00f1o de vida y lo conmemorar\u00e1 con una serie de actividades gratuitas y totalmente online. El hito se inici\u00f3 el martes 4 de agosto, d\u00eda en que se cumplieron 78 a\u00f1os desde la promulgaci\u00f3n de la Ley 7.211 que cre\u00f3 el Colegio de Arquitectos de Chile en 1942 durante el gobierno del Presidente Carlos Ib\u00e1\u00f1ez del Campo, y dio la partida al Mes de la Arquitectura en Chile.\" \/>\n<meta name=\"robots\" content=\"index, follow, max-snippet:-1, max-image-preview:large, max-video-preview:-1\" \/>\n<link rel=\"canonical\" href=\"https:\/\/fadeu.urantiacos.cl\/en\/2020\/08\/12\/colegio-de-arquitectos-estrenara-documentales-sobre-carlos-martner-en-el-marco-de-su-aniversario\/\" \/>\n<meta property=\"og:locale\" content=\"en_US\" \/>\n<meta property=\"og:type\" content=\"article\" \/>\n<meta property=\"og:title\" content=\"Colegio de Arquitectos estrenar\u00e1 documentales sobre Carlos Martner en el marco de su aniversario - Facultad de Arquitectura, Dise\u00f1o y Estudios Urbanos\" \/>\n<meta property=\"og:description\" content=\"El Colegio de Arquitectos de Chile cumple un nuevo a\u00f1o de vida y lo conmemorar\u00e1 con una serie de actividades gratuitas y totalmente online. El hito se inici\u00f3 el martes 4 de agosto, d\u00eda en que se cumplieron 78 a\u00f1os desde la promulgaci\u00f3n de la Ley 7.211 que cre\u00f3 el Colegio de Arquitectos de Chile en 1942 durante el gobierno del Presidente Carlos Ib\u00e1\u00f1ez del Campo, y dio la partida al Mes de la Arquitectura en Chile.\" \/>\n<meta property=\"og:url\" content=\"https:\/\/fadeu.urantiacos.cl\/en\/2020\/08\/12\/colegio-de-arquitectos-estrenara-documentales-sobre-carlos-martner-en-el-marco-de-su-aniversario\/\" \/>\n<meta property=\"og:site_name\" content=\"Facultad de Arquitectura, Dise\u00f1o y Estudios Urbanos\" \/>\n<meta property=\"article:published_time\" content=\"2020-08-12T22:51:00+00:00\" \/>\n<meta property=\"article:modified_time\" content=\"2023-09-10T22:54:21+00:00\" \/>\n<meta property=\"og:image\" content=\"https:\/\/fadeu.urantiacos.cl\/wp-content\/uploads\/2023\/09\/COLEGIO_ARQ.jpg\" \/>\n\t<meta property=\"og:image:width\" content=\"350\" \/>\n\t<meta property=\"og:image:height\" content=\"250\" \/>\n\t<meta property=\"og:image:type\" content=\"image\/jpeg\" \/>\n<meta name=\"author\" content=\"manadmin\" \/>\n<meta name=\"twitter:card\" content=\"summary_large_image\" \/>\n<meta name=\"twitter:label1\" content=\"Written by\" \/>\n\t<meta name=\"twitter:data1\" content=\"manadmin\" \/>\n\t<meta name=\"twitter:label2\" content=\"Est. reading time\" \/>\n\t<meta name=\"twitter:data2\" content=\"2 minutes\" \/>\n<script type=\"application\/ld+json\" class=\"yoast-schema-graph\">{\"@context\":\"https:\/\/schema.org\",\"@graph\":[{\"@type\":\"Article\",\"@id\":\"https:\/\/fadeu.urantiacos.cl\/en\/2020\/08\/12\/colegio-de-arquitectos-estrenara-documentales-sobre-carlos-martner-en-el-marco-de-su-aniversario\/#article\",\"isPartOf\":{\"@id\":\"https:\/\/fadeu.urantiacos.cl\/en\/2020\/08\/12\/colegio-de-arquitectos-estrenara-documentales-sobre-carlos-martner-en-el-marco-de-su-aniversario\/\"},\"author\":{\"name\":\"manadmin\",\"@id\":\"https:\/\/fadeu.urantiacos.cl\/en\/#\/schema\/person\/d203e2e84b1c40275eac77b3061a19a2\"},\"headline\":\"Colegio de Arquitectos estrenar\u00e1 documentales sobre Carlos Martner en el marco de su aniversario\",\"datePublished\":\"2020-08-12T22:51:00+00:00\",\"dateModified\":\"2023-09-10T22:54:21+00:00\",\"mainEntityOfPage\":{\"@id\":\"https:\/\/fadeu.urantiacos.cl\/en\/2020\/08\/12\/colegio-de-arquitectos-estrenara-documentales-sobre-carlos-martner-en-el-marco-de-su-aniversario\/\"},\"wordCount\":369,\"commentCount\":0,\"image\":{\"@id\":\"https:\/\/fadeu.urantiacos.cl\/en\/2020\/08\/12\/colegio-de-arquitectos-estrenara-documentales-sobre-carlos-martner-en-el-marco-de-su-aniversario\/#primaryimage\"},\"thumbnailUrl\":\"https:\/\/fadeu.urantiacos.cl\/wp-content\/uploads\/2023\/09\/COLEGIO_ARQ.jpg\",\"articleSection\":[\"Sin categorizar\"],\"inLanguage\":\"en-US\",\"potentialAction\":[{\"@type\":\"CommentAction\",\"name\":\"Comment\",\"target\":[\"https:\/\/fadeu.urantiacos.cl\/en\/2020\/08\/12\/colegio-de-arquitectos-estrenara-documentales-sobre-carlos-martner-en-el-marco-de-su-aniversario\/#respond\"]}]},{\"@type\":\"WebPage\",\"@id\":\"https:\/\/fadeu.urantiacos.cl\/en\/2020\/08\/12\/colegio-de-arquitectos-estrenara-documentales-sobre-carlos-martner-en-el-marco-de-su-aniversario\/\",\"url\":\"https:\/\/fadeu.urantiacos.cl\/en\/2020\/08\/12\/colegio-de-arquitectos-estrenara-documentales-sobre-carlos-martner-en-el-marco-de-su-aniversario\/\",\"name\":\"Colegio de Arquitectos estrenar\u00e1 documentales sobre Carlos Martner en el marco de su aniversario - Facultad de Arquitectura, Dise\u00f1o y Estudios Urbanos\",\"isPartOf\":{\"@id\":\"https:\/\/fadeu.urantiacos.cl\/en\/#website\"},\"primaryImageOfPage\":{\"@id\":\"https:\/\/fadeu.urantiacos.cl\/en\/2020\/08\/12\/colegio-de-arquitectos-estrenara-documentales-sobre-carlos-martner-en-el-marco-de-su-aniversario\/#primaryimage\"},\"image\":{\"@id\":\"https:\/\/fadeu.urantiacos.cl\/en\/2020\/08\/12\/colegio-de-arquitectos-estrenara-documentales-sobre-carlos-martner-en-el-marco-de-su-aniversario\/#primaryimage\"},\"thumbnailUrl\":\"https:\/\/fadeu.urantiacos.cl\/wp-content\/uploads\/2023\/09\/COLEGIO_ARQ.jpg\",\"datePublished\":\"2020-08-12T22:51:00+00:00\",\"dateModified\":\"2023-09-10T22:54:21+00:00\",\"author\":{\"@id\":\"https:\/\/fadeu.urantiacos.cl\/en\/#\/schema\/person\/d203e2e84b1c40275eac77b3061a19a2\"},\"description\":\"El Colegio de Arquitectos de Chile cumple un nuevo a\u00f1o de vida y lo conmemorar\u00e1 con una serie de actividades gratuitas y totalmente online. El hito se inici\u00f3 el martes 4 de agosto, d\u00eda en que se cumplieron 78 a\u00f1os desde la promulgaci\u00f3n de la Ley 7.211 que cre\u00f3 el Colegio de Arquitectos de Chile en 1942 durante el gobierno del Presidente Carlos Ib\u00e1\u00f1ez del Campo, y dio la partida al Mes de la Arquitectura en Chile.\",\"breadcrumb\":{\"@id\":\"https:\/\/fadeu.urantiacos.cl\/en\/2020\/08\/12\/colegio-de-arquitectos-estrenara-documentales-sobre-carlos-martner-en-el-marco-de-su-aniversario\/#breadcrumb\"},\"inLanguage\":\"en-US\",\"potentialAction\":[{\"@type\":\"ReadAction\",\"target\":[\"https:\/\/fadeu.urantiacos.cl\/en\/2020\/08\/12\/colegio-de-arquitectos-estrenara-documentales-sobre-carlos-martner-en-el-marco-de-su-aniversario\/\"]}]},{\"@type\":\"ImageObject\",\"inLanguage\":\"en-US\",\"@id\":\"https:\/\/fadeu.urantiacos.cl\/en\/2020\/08\/12\/colegio-de-arquitectos-estrenara-documentales-sobre-carlos-martner-en-el-marco-de-su-aniversario\/#primaryimage\",\"url\":\"https:\/\/fadeu.urantiacos.cl\/wp-content\/uploads\/2023\/09\/COLEGIO_ARQ.jpg\",\"contentUrl\":\"https:\/\/fadeu.urantiacos.cl\/wp-content\/uploads\/2023\/09\/COLEGIO_ARQ.jpg\",\"width\":350,\"height\":250},{\"@type\":\"BreadcrumbList\",\"@id\":\"https:\/\/fadeu.urantiacos.cl\/en\/2020\/08\/12\/colegio-de-arquitectos-estrenara-documentales-sobre-carlos-martner-en-el-marco-de-su-aniversario\/#breadcrumb\",\"itemListElement\":[{\"@type\":\"ListItem\",\"position\":1,\"name\":\"Portada\",\"item\":\"https:\/\/fadeu.urantiacos.cl\/en\/\"},{\"@type\":\"ListItem\",\"position\":2,\"name\":\"Colegio de Arquitectos estrenar\u00e1 documentales sobre Carlos Martner en el marco de su aniversario\"}]},{\"@type\":\"WebSite\",\"@id\":\"https:\/\/fadeu.urantiacos.cl\/en\/#website\",\"url\":\"https:\/\/fadeu.urantiacos.cl\/en\/\",\"name\":\"Facultad de Arquitectura, Dise\u00f1o y Estudios Urbanos\",\"description\":\"Campus Lo Contador\",\"potentialAction\":[{\"@type\":\"SearchAction\",\"target\":{\"@type\":\"EntryPoint\",\"urlTemplate\":\"https:\/\/fadeu.urantiacos.cl\/en\/?s={search_term_string}\"},\"query-input\":{\"@type\":\"PropertyValueSpecification\",\"valueRequired\":true,\"valueName\":\"search_term_string\"}}],\"inLanguage\":\"en-US\"},{\"@type\":\"Person\",\"@id\":\"https:\/\/fadeu.urantiacos.cl\/en\/#\/schema\/person\/d203e2e84b1c40275eac77b3061a19a2\",\"name\":\"manadmin\",\"image\":{\"@type\":\"ImageObject\",\"inLanguage\":\"en-US\",\"@id\":\"https:\/\/fadeu.urantiacos.cl\/en\/#\/schema\/person\/image\/\",\"url\":\"https:\/\/secure.gravatar.com\/avatar\/4b1d8e3303b4a9d8968ac578947d8bc80d9aea359f388cdd4aac15cadc0e8447?s=96&d=mm&r=g\",\"contentUrl\":\"https:\/\/secure.gravatar.com\/avatar\/4b1d8e3303b4a9d8968ac578947d8bc80d9aea359f388cdd4aac15cadc0e8447?s=96&d=mm&r=g\",\"caption\":\"manadmin\"},\"sameAs\":[\"https:\/\/fadeu.urantiacos.cl\"]}]}<\/script>\n<!-- \/ Yoast SEO plugin. -->","yoast_head_json":{"title":"Colegio de Arquitectos estrenar\u00e1 documentales sobre Carlos Martner en el marco de su aniversario - Facultad de Arquitectura, Dise\u00f1o y Estudios Urbanos","description":"El Colegio de Arquitectos de Chile cumple un nuevo a\u00f1o de vida y lo conmemorar\u00e1 con una serie de actividades gratuitas y totalmente online. El hito se inici\u00f3 el martes 4 de agosto, d\u00eda en que se cumplieron 78 a\u00f1os desde la promulgaci\u00f3n de la Ley 7.211 que cre\u00f3 el Colegio de Arquitectos de Chile en 1942 durante el gobierno del Presidente Carlos Ib\u00e1\u00f1ez del Campo, y dio la partida al Mes de la Arquitectura en Chile.","robots":{"index":"index","follow":"follow","max-snippet":"max-snippet:-1","max-image-preview":"max-image-preview:large","max-video-preview":"max-video-preview:-1"},"canonical":"https:\/\/fadeu.urantiacos.cl\/en\/2020\/08\/12\/colegio-de-arquitectos-estrenara-documentales-sobre-carlos-martner-en-el-marco-de-su-aniversario\/","og_locale":"en_US","og_type":"article","og_title":"Colegio de Arquitectos estrenar\u00e1 documentales sobre Carlos Martner en el marco de su aniversario - Facultad de Arquitectura, Dise\u00f1o y Estudios Urbanos","og_description":"El Colegio de Arquitectos de Chile cumple un nuevo a\u00f1o de vida y lo conmemorar\u00e1 con una serie de actividades gratuitas y totalmente online. El hito se inici\u00f3 el martes 4 de agosto, d\u00eda en que se cumplieron 78 a\u00f1os desde la promulgaci\u00f3n de la Ley 7.211 que cre\u00f3 el Colegio de Arquitectos de Chile en 1942 durante el gobierno del Presidente Carlos Ib\u00e1\u00f1ez del Campo, y dio la partida al Mes de la Arquitectura en Chile.","og_url":"https:\/\/fadeu.urantiacos.cl\/en\/2020\/08\/12\/colegio-de-arquitectos-estrenara-documentales-sobre-carlos-martner-en-el-marco-de-su-aniversario\/","og_site_name":"Facultad de Arquitectura, Dise\u00f1o y Estudios Urbanos","article_published_time":"2020-08-12T22:51:00+00:00","article_modified_time":"2023-09-10T22:54:21+00:00","og_image":[{"width":350,"height":250,"url":"https:\/\/fadeu.urantiacos.cl\/wp-content\/uploads\/2023\/09\/COLEGIO_ARQ.jpg","type":"image\/jpeg"}],"author":"manadmin","twitter_card":"summary_large_image","twitter_misc":{"Written by":"manadmin","Est. reading time":"2 minutes"},"schema":{"@context":"https:\/\/schema.org","@graph":[{"@type":"Article","@id":"https:\/\/fadeu.urantiacos.cl\/en\/2020\/08\/12\/colegio-de-arquitectos-estrenara-documentales-sobre-carlos-martner-en-el-marco-de-su-aniversario\/#article","isPartOf":{"@id":"https:\/\/fadeu.urantiacos.cl\/en\/2020\/08\/12\/colegio-de-arquitectos-estrenara-documentales-sobre-carlos-martner-en-el-marco-de-su-aniversario\/"},"author":{"name":"manadmin","@id":"https:\/\/fadeu.urantiacos.cl\/en\/#\/schema\/person\/d203e2e84b1c40275eac77b3061a19a2"},"headline":"Colegio de Arquitectos estrenar\u00e1 documentales sobre Carlos Martner en el marco de su aniversario","datePublished":"2020-08-12T22:51:00+00:00","dateModified":"2023-09-10T22:54:21+00:00","mainEntityOfPage":{"@id":"https:\/\/fadeu.urantiacos.cl\/en\/2020\/08\/12\/colegio-de-arquitectos-estrenara-documentales-sobre-carlos-martner-en-el-marco-de-su-aniversario\/"},"wordCount":369,"commentCount":0,"image":{"@id":"https:\/\/fadeu.urantiacos.cl\/en\/2020\/08\/12\/colegio-de-arquitectos-estrenara-documentales-sobre-carlos-martner-en-el-marco-de-su-aniversario\/#primaryimage"},"thumbnailUrl":"https:\/\/fadeu.urantiacos.cl\/wp-content\/uploads\/2023\/09\/COLEGIO_ARQ.jpg","articleSection":["Sin categorizar"],"inLanguage":"en-US","potentialAction":[{"@type":"CommentAction","name":"Comment","target":["https:\/\/fadeu.urantiacos.cl\/en\/2020\/08\/12\/colegio-de-arquitectos-estrenara-documentales-sobre-carlos-martner-en-el-marco-de-su-aniversario\/#respond"]}]},{"@type":"WebPage","@id":"https:\/\/fadeu.urantiacos.cl\/en\/2020\/08\/12\/colegio-de-arquitectos-estrenara-documentales-sobre-carlos-martner-en-el-marco-de-su-aniversario\/","url":"https:\/\/fadeu.urantiacos.cl\/en\/2020\/08\/12\/colegio-de-arquitectos-estrenara-documentales-sobre-carlos-martner-en-el-marco-de-su-aniversario\/","name":"Colegio de Arquitectos estrenar\u00e1 documentales sobre Carlos Martner en el marco de su aniversario - Facultad de Arquitectura, Dise\u00f1o y Estudios Urbanos","isPartOf":{"@id":"https:\/\/fadeu.urantiacos.cl\/en\/#website"},"primaryImageOfPage":{"@id":"https:\/\/fadeu.urantiacos.cl\/en\/2020\/08\/12\/colegio-de-arquitectos-estrenara-documentales-sobre-carlos-martner-en-el-marco-de-su-aniversario\/#primaryimage"},"image":{"@id":"https:\/\/fadeu.urantiacos.cl\/en\/2020\/08\/12\/colegio-de-arquitectos-estrenara-documentales-sobre-carlos-martner-en-el-marco-de-su-aniversario\/#primaryimage"},"thumbnailUrl":"https:\/\/fadeu.urantiacos.cl\/wp-content\/uploads\/2023\/09\/COLEGIO_ARQ.jpg","datePublished":"2020-08-12T22:51:00+00:00","dateModified":"2023-09-10T22:54:21+00:00","author":{"@id":"https:\/\/fadeu.urantiacos.cl\/en\/#\/schema\/person\/d203e2e84b1c40275eac77b3061a19a2"},"description":"El Colegio de Arquitectos de Chile cumple un nuevo a\u00f1o de vida y lo conmemorar\u00e1 con una serie de actividades gratuitas y totalmente online. El hito se inici\u00f3 el martes 4 de agosto, d\u00eda en que se cumplieron 78 a\u00f1os desde la promulgaci\u00f3n de la Ley 7.211 que cre\u00f3 el Colegio de Arquitectos de Chile en 1942 durante el gobierno del Presidente Carlos Ib\u00e1\u00f1ez del Campo, y dio la partida al Mes de la Arquitectura en Chile.","breadcrumb":{"@id":"https:\/\/fadeu.urantiacos.cl\/en\/2020\/08\/12\/colegio-de-arquitectos-estrenara-documentales-sobre-carlos-martner-en-el-marco-de-su-aniversario\/#breadcrumb"},"inLanguage":"en-US","potentialAction":[{"@type":"ReadAction","target":["https:\/\/fadeu.urantiacos.cl\/en\/2020\/08\/12\/colegio-de-arquitectos-estrenara-documentales-sobre-carlos-martner-en-el-marco-de-su-aniversario\/"]}]},{"@type":"ImageObject","inLanguage":"en-US","@id":"https:\/\/fadeu.urantiacos.cl\/en\/2020\/08\/12\/colegio-de-arquitectos-estrenara-documentales-sobre-carlos-martner-en-el-marco-de-su-aniversario\/#primaryimage","url":"https:\/\/fadeu.urantiacos.cl\/wp-content\/uploads\/2023\/09\/COLEGIO_ARQ.jpg","contentUrl":"https:\/\/fadeu.urantiacos.cl\/wp-content\/uploads\/2023\/09\/COLEGIO_ARQ.jpg","width":350,"height":250},{"@type":"BreadcrumbList","@id":"https:\/\/fadeu.urantiacos.cl\/en\/2020\/08\/12\/colegio-de-arquitectos-estrenara-documentales-sobre-carlos-martner-en-el-marco-de-su-aniversario\/#breadcrumb","itemListElement":[{"@type":"ListItem","position":1,"name":"Portada","item":"https:\/\/fadeu.urantiacos.cl\/en\/"},{"@type":"ListItem","position":2,"name":"Colegio de Arquitectos estrenar\u00e1 documentales sobre Carlos Martner en el marco de su aniversario"}]},{"@type":"WebSite","@id":"https:\/\/fadeu.urantiacos.cl\/en\/#website","url":"https:\/\/fadeu.urantiacos.cl\/en\/","name":"Facultad de Arquitectura, Dise\u00f1o y Estudios Urbanos","description":"Campus Lo Contador","potentialAction":[{"@type":"SearchAction","target":{"@type":"EntryPoint","urlTemplate":"https:\/\/fadeu.urantiacos.cl\/en\/?s={search_term_string}"},"query-input":{"@type":"PropertyValueSpecification","valueRequired":true,"valueName":"search_term_string"}}],"inLanguage":"en-US"},{"@type":"Person","@id":"https:\/\/fadeu.urantiacos.cl\/en\/#\/schema\/person\/d203e2e84b1c40275eac77b3061a19a2","name":"manadmin","image":{"@type":"ImageObject","inLanguage":"en-US","@id":"https:\/\/fadeu.urantiacos.cl\/en\/#\/schema\/person\/image\/","url":"https:\/\/secure.gravatar.com\/avatar\/4b1d8e3303b4a9d8968ac578947d8bc80d9aea359f388cdd4aac15cadc0e8447?s=96&d=mm&r=g","contentUrl":"https:\/\/secure.gravatar.com\/avatar\/4b1d8e3303b4a9d8968ac578947d8bc80d9aea359f388cdd4aac15cadc0e8447?s=96&d=mm&r=g","caption":"manadmin"},"sameAs":["https:\/\/fadeu.urantiacos.cl"]}]}},"_links":{"self":[{"href":"https:\/\/fadeu.urantiacos.cl\/en\/wp-json\/wp\/v2\/posts\/8463","targetHints":{"allow":["GET"]}}],"collection":[{"href":"https:\/\/fadeu.urantiacos.cl\/en\/wp-json\/wp\/v2\/posts"}],"about":[{"href":"https:\/\/fadeu.urantiacos.cl\/en\/wp-json\/wp\/v2\/types\/post"}],"author":[{"embeddable":true,"href":"https:\/\/fadeu.urantiacos.cl\/en\/wp-json\/wp\/v2\/users\/1"}],"replies":[{"embeddable":true,"href":"https:\/\/fadeu.urantiacos.cl\/en\/wp-json\/wp\/v2\/comments?post=8463"}],"version-history":[{"count":1,"href":"https:\/\/fadeu.urantiacos.cl\/en\/wp-json\/wp\/v2\/posts\/8463\/revisions"}],"predecessor-version":[{"id":8467,"href":"https:\/\/fadeu.urantiacos.cl\/en\/wp-json\/wp\/v2\/posts\/8463\/revisions\/8467"}],"wp:featuredmedia":[{"embeddable":true,"href":"https:\/\/fadeu.urantiacos.cl\/en\/wp-json\/wp\/v2\/media\/8464"}],"wp:attachment":[{"href":"https:\/\/fadeu.urantiacos.cl\/en\/wp-json\/wp\/v2\/media?parent=8463"}],"wp:term":[{"taxonomy":"category","embeddable":true,"href":"https:\/\/fadeu.urantiacos.cl\/en\/wp-json\/wp\/v2\/categories?post=8463"},{"taxonomy":"post_tag","embeddable":true,"href":"https:\/\/fadeu.urantiacos.cl\/en\/wp-json\/wp\/v2\/tags?post=8463"}],"curies":[{"name":"wp","href":"https:\/\/api.w.org\/{rel}","templated":true}]}}