{"id":8454,"date":"2020-08-13T19:45:00","date_gmt":"2020-08-13T22:45:00","guid":{"rendered":"https:\/\/fadeu.urantiacos.cl\/?p=8454"},"modified":"2023-09-10T19:47:59","modified_gmt":"2023-09-10T22:47:59","slug":"nueve-estudiantes-se-incorporaron-a-los-magisteres-del-instituto-de-estudios-urbanos-y-territoriales","status":"publish","type":"post","link":"https:\/\/fadeu.urantiacos.cl\/en\/2020\/08\/13\/nueve-estudiantes-se-incorporaron-a-los-magisteres-del-instituto-de-estudios-urbanos-y-territoriales\/","title":{"rendered":"Nueve estudiantes se incorporaron a los mag\u00edsteres del Instituto de Estudios Urbanos y Territoriales"},"content":{"rendered":"\n<figure class=\"wp-block-image size-full\"><img decoding=\"async\" width=\"350\" height=\"250\" src=\"https:\/\/fadeu.urantiacos.cl\/wp-content\/uploads\/2023\/09\/ED___IEUT_PUC_IRA05_WEB.jpg\" alt=\"\" class=\"wp-image-8455\" srcset=\"https:\/\/fadeu.urantiacos.cl\/wp-content\/uploads\/2023\/09\/ED___IEUT_PUC_IRA05_WEB.jpg 350w, https:\/\/fadeu.urantiacos.cl\/wp-content\/uploads\/2023\/09\/ED___IEUT_PUC_IRA05_WEB-300x214.jpg 300w\" sizes=\"(max-width: 350px) 100vw, 350px\" \/><\/figure>\n\n\n\n<p>Los nuevos alumnos\/as fueron oficialmente recibidos por el cuerpo docente del Instituto, encabezado por el director Luis Fuentes, en una reuni\u00f3n virtual (v\u00eda Zoom) que reuni\u00f3 a los acad\u00e9micos e investigadores Felipe Link (subdirector), Macarena Ibarra (jefa de postgrado); Magdalena Vicu\u00f1a (jefa del pregrado en Planificaci\u00f3n Urbana); Carolina Rojas; Christian Matus; Mar\u00eda Luisa M\u00e9ndez; Caroline Stamm; Giovanni Vecchio; Ricardo Truffello; y -desde Venezuela- Arturo Almandoz, quienes, junto a la encargada de captaci\u00f3n, Valentina Salgado, y a la coordinadora acad\u00e9mica, Dominique Yoma, dieron la bienvenida oficial a los estudiantes al segundo semestre del Instituto.<\/p>\n\n\n\n<p>El director Fuentes elogi\u00f3 la elecci\u00f3n de los estudiantes de iniciar un nuevo desaf\u00edo acad\u00e9mico y destac\u00f3 la oferta acad\u00e9mica del Instituto. \u201cTenemos muchos programas de diplomado; el t\u00edtulo profesional en planificaci\u00f3n urbana que es in\u00e9dito en Chile, dos mag\u00edsteres con m\u00e1s de 90 estudiantes graduados durante los \u00faltimos a\u00f1os, y m\u00e1s de 1.700 estudiantes chilenos y extranjeros en toda su historia; y somos parte del Doctorado en Arquitectura y Estudios Urbanos de nuestra facultad\u201d, sostuvo.<\/p>\n\n\n\n<p>Fuentes agreg\u00f3, adem\u00e1s, que \u201cnuestro Instituto tiene una larga tradici\u00f3n, como el primer centro interdisciplinario de la Universidad Cat\u00f3lica y a trav\u00e9s de la historia se ha consolidado en base a la interdisciplina, a su compromiso p\u00fablico y a la reflexi\u00f3n y la acci\u00f3n, que forman parte del ADN de esta unidad acad\u00e9mica, que representa fielmente el esp\u00edritu de nuestra universidad, cual es ense\u00f1ar lo que investigamos, lo que sin duda es un sello fundamental\u201d.<\/p>\n\n\n\n<p>Por su parte, el subdirector, Felipe Link, invit\u00f3 a los nuevos estudiantes a \u201cintegrarse a las diferentes instancias de nuestro Instituto, no solo en lo acad\u00e9mico, sino tambi\u00e9n a otros espacios de extensi\u00f3n y actividades, la investigaci\u00f3n, colaboraciones en nuestras revistas o trabajo conjunto con otros centros de investigaci\u00f3n y docencia. Las redes son muy importantes en su proceso de formaci\u00f3n, y la comunidad del Instituto prevalece en el tiempo como un cuerpo importante que genera un esp\u00edritu de grupo, a pesar de esta etapa inicial remota\u201d.<\/p>\n\n\n\n<p><strong>MDU y MHM<\/strong><\/p>\n\n\n\n<p>El Mag\u00edster en Desarrollo Urbano estudia los procesos espaciales, socioculturales, econ\u00f3micos y pol\u00edticos, que configuran la ciudad contempor\u00e1nea en sus diferentes escalas, y para abordar los desaf\u00edos de la planificaci\u00f3n y de la gobernanza vinculados al desarrollo urbano y el territorio.<\/p>\n\n\n\n<p>Persigue la formaci\u00f3n de especialistas con conocimientos actualizados en planificaci\u00f3n y estudios de la ciudad desde un enfoque integral, con una perspectiva \u00e9tica, capaces de identificar cr\u00edticamente los conflictos y oportunidades en escenarios urbanos y abordarlos a trav\u00e9s de planes, programas y proyectos. A su vez, potencia habilidades en investigaci\u00f3n y entrega las herramientas adecuadas para mejorar la calidad de vida del medio urbano, poniendo especial \u00e9nfasis en planificaci\u00f3n urbana, gesti\u00f3n y gobernanza; sustentabilidad; patrimonio y transformaciones sociales; econom\u00eda urbana, desarrollo inmobiliario y movilidad.<\/p>\n\n\n\n<p>Por su parte, el Mag\u00edster en Asentamientos Humanos y Medio Ambiente estudia los procesos de ocupaci\u00f3n y transformaci\u00f3n del territorio en sus diferentes escalas, con \u00e9nfasis en las din\u00e1micas ambientales y sociales, para abordar los desaf\u00edos contempor\u00e1neos de la sustentabilidad.<\/p>\n\n\n\n<p>Busca formar especialistas con conocimientos actualizados para el estudio de los asentamientos humanos desde un enfoque integral y \u00e9tico, capaces de identificar cr\u00edticamente los factores ambientales que inciden en el desarrollo de los territorios y las comunidades que los habitan.&nbsp; A su vez,&nbsp;potencia las habilidades de investigaci\u00f3n y entrega las herramientas necesarias para elaborar y evaluar propuestas de intervenci\u00f3n en distintas escalas, poniendo especial \u00e9nfasis en planificaci\u00f3n, en sustentabilidad urbano-regional; gesti\u00f3n y gobernanza; patrimonio y transformaciones sociales; instrumentos de gesti\u00f3n y evaluaci\u00f3n; econom\u00eda urbana, desarrollo inmobiliario y movilidad.<\/p>\n\n\n\n<p>Si te interesan ambos programas y est\u00e1s interesado\/a en cursar alguno de los dos, puedes visitar esta direcci\u00f3n&nbsp;<a href=\"https:\/\/estudiosurbanos.uc.cl\/programas\/magister\/\">https:\/\/estudiosurbanos.uc.cl\/programas\/magister\/<\/a>&nbsp;o escribir directamente a&nbsp;<a href=\"mailto:magisterieu@uc.cl\">magisterieu@uc.cl<\/a>&nbsp;para solicitar la informaci\u00f3n que requieras y resolver todas tus dudas.<\/p>\n\n\n\n<p>INFORMACI\u00d3N PERIOD\u00cdSTICA<br>JUAN ANDR\u00c9S INZUNZA&nbsp;<\/p>\n","protected":false},"excerpt":{"rendered":"<p>Nueve estudiantes se incorporaron a los programas de postgrado del Instituto de Estudios Urbanos y Territoriales de la Universidad Cat\u00f3lica durante el segundo semestre 2020. De ellos\/as, ocho ingresar\u00e1n al Mag\u00edster en Desarrollo Urbano (dos de ellos por la v\u00eda del pregrado en Planificaci\u00f3n Urbana) y uno al Mag\u00edster en Asentamientos Humanos y Medio Ambiente.<\/p>\n","protected":false},"author":1,"featured_media":8455,"comment_status":"open","ping_status":"open","sticky":false,"template":"","format":"standard","meta":{"_acf_changed":false,"footnotes":""},"categories":[1],"tags":[],"class_list":["post-8454","post","type-post","status-publish","format-standard","has-post-thumbnail","hentry","category-sin-categorizar"],"acf":[],"yoast_head":"<!-- This site is optimized with the Yoast SEO plugin v27.1.1 - https:\/\/yoast.com\/product\/yoast-seo-wordpress\/ -->\n<title>Nueve estudiantes se incorporaron a los mag\u00edsteres del Instituto de Estudios Urbanos y Territoriales - Facultad de Arquitectura, Dise\u00f1o y Estudios Urbanos<\/title>\n<meta name=\"description\" content=\"Nueve estudiantes se incorporaron a los programas de postgrado del Instituto de Estudios Urbanos y Territoriales de la Universidad Cat\u00f3lica durante el segundo semestre 2020. De ellos\/as, ocho ingresar\u00e1n al Mag\u00edster en Desarrollo Urbano (dos de ellos por la v\u00eda del pregrado en Planificaci\u00f3n Urbana) y uno al Mag\u00edster en Asentamientos Humanos y Medio Ambiente.\" \/>\n<meta name=\"robots\" content=\"index, follow, max-snippet:-1, max-image-preview:large, max-video-preview:-1\" \/>\n<link rel=\"canonical\" href=\"https:\/\/fadeu.urantiacos.cl\/en\/2020\/08\/13\/nueve-estudiantes-se-incorporaron-a-los-magisteres-del-instituto-de-estudios-urbanos-y-territoriales\/\" \/>\n<meta property=\"og:locale\" content=\"en_US\" \/>\n<meta property=\"og:type\" content=\"article\" \/>\n<meta property=\"og:title\" content=\"Nueve estudiantes se incorporaron a los mag\u00edsteres del Instituto de Estudios Urbanos y Territoriales - Facultad de Arquitectura, Dise\u00f1o y Estudios Urbanos\" \/>\n<meta property=\"og:description\" content=\"Nueve estudiantes se incorporaron a los programas de postgrado del Instituto de Estudios Urbanos y Territoriales de la Universidad Cat\u00f3lica durante el segundo semestre 2020. De ellos\/as, ocho ingresar\u00e1n al Mag\u00edster en Desarrollo Urbano (dos de ellos por la v\u00eda del pregrado en Planificaci\u00f3n Urbana) y uno al Mag\u00edster en Asentamientos Humanos y Medio Ambiente.\" \/>\n<meta property=\"og:url\" content=\"https:\/\/fadeu.urantiacos.cl\/en\/2020\/08\/13\/nueve-estudiantes-se-incorporaron-a-los-magisteres-del-instituto-de-estudios-urbanos-y-territoriales\/\" \/>\n<meta property=\"og:site_name\" content=\"Facultad de Arquitectura, Dise\u00f1o y Estudios Urbanos\" \/>\n<meta property=\"article:published_time\" content=\"2020-08-13T22:45:00+00:00\" \/>\n<meta property=\"article:modified_time\" content=\"2023-09-10T22:47:59+00:00\" \/>\n<meta property=\"og:image\" content=\"https:\/\/fadeu.urantiacos.cl\/wp-content\/uploads\/2023\/09\/ED___IEUT_PUC_IRA05_WEB.jpg\" \/>\n\t<meta property=\"og:image:width\" content=\"350\" \/>\n\t<meta property=\"og:image:height\" content=\"250\" \/>\n\t<meta property=\"og:image:type\" content=\"image\/jpeg\" \/>\n<meta name=\"author\" content=\"manadmin\" \/>\n<meta name=\"twitter:card\" content=\"summary_large_image\" \/>\n<meta name=\"twitter:label1\" content=\"Written by\" \/>\n\t<meta name=\"twitter:data1\" content=\"manadmin\" \/>\n\t<meta name=\"twitter:label2\" content=\"Est. reading time\" \/>\n\t<meta name=\"twitter:data2\" content=\"4 minutes\" \/>\n<script type=\"application\/ld+json\" class=\"yoast-schema-graph\">{\"@context\":\"https:\/\/schema.org\",\"@graph\":[{\"@type\":\"Article\",\"@id\":\"https:\/\/fadeu.urantiacos.cl\/en\/2020\/08\/13\/nueve-estudiantes-se-incorporaron-a-los-magisteres-del-instituto-de-estudios-urbanos-y-territoriales\/#article\",\"isPartOf\":{\"@id\":\"https:\/\/fadeu.urantiacos.cl\/en\/2020\/08\/13\/nueve-estudiantes-se-incorporaron-a-los-magisteres-del-instituto-de-estudios-urbanos-y-territoriales\/\"},\"author\":{\"name\":\"manadmin\",\"@id\":\"https:\/\/fadeu.urantiacos.cl\/en\/#\/schema\/person\/d203e2e84b1c40275eac77b3061a19a2\"},\"headline\":\"Nueve estudiantes se incorporaron a los mag\u00edsteres del Instituto de Estudios Urbanos y Territoriales\",\"datePublished\":\"2020-08-13T22:45:00+00:00\",\"dateModified\":\"2023-09-10T22:47:59+00:00\",\"mainEntityOfPage\":{\"@id\":\"https:\/\/fadeu.urantiacos.cl\/en\/2020\/08\/13\/nueve-estudiantes-se-incorporaron-a-los-magisteres-del-instituto-de-estudios-urbanos-y-territoriales\/\"},\"wordCount\":727,\"commentCount\":0,\"image\":{\"@id\":\"https:\/\/fadeu.urantiacos.cl\/en\/2020\/08\/13\/nueve-estudiantes-se-incorporaron-a-los-magisteres-del-instituto-de-estudios-urbanos-y-territoriales\/#primaryimage\"},\"thumbnailUrl\":\"https:\/\/fadeu.urantiacos.cl\/wp-content\/uploads\/2023\/09\/ED___IEUT_PUC_IRA05_WEB.jpg\",\"articleSection\":[\"Sin categorizar\"],\"inLanguage\":\"en-US\",\"potentialAction\":[{\"@type\":\"CommentAction\",\"name\":\"Comment\",\"target\":[\"https:\/\/fadeu.urantiacos.cl\/en\/2020\/08\/13\/nueve-estudiantes-se-incorporaron-a-los-magisteres-del-instituto-de-estudios-urbanos-y-territoriales\/#respond\"]}]},{\"@type\":\"WebPage\",\"@id\":\"https:\/\/fadeu.urantiacos.cl\/en\/2020\/08\/13\/nueve-estudiantes-se-incorporaron-a-los-magisteres-del-instituto-de-estudios-urbanos-y-territoriales\/\",\"url\":\"https:\/\/fadeu.urantiacos.cl\/en\/2020\/08\/13\/nueve-estudiantes-se-incorporaron-a-los-magisteres-del-instituto-de-estudios-urbanos-y-territoriales\/\",\"name\":\"Nueve estudiantes se incorporaron a los mag\u00edsteres del Instituto de Estudios Urbanos y Territoriales - Facultad de Arquitectura, Dise\u00f1o y Estudios Urbanos\",\"isPartOf\":{\"@id\":\"https:\/\/fadeu.urantiacos.cl\/en\/#website\"},\"primaryImageOfPage\":{\"@id\":\"https:\/\/fadeu.urantiacos.cl\/en\/2020\/08\/13\/nueve-estudiantes-se-incorporaron-a-los-magisteres-del-instituto-de-estudios-urbanos-y-territoriales\/#primaryimage\"},\"image\":{\"@id\":\"https:\/\/fadeu.urantiacos.cl\/en\/2020\/08\/13\/nueve-estudiantes-se-incorporaron-a-los-magisteres-del-instituto-de-estudios-urbanos-y-territoriales\/#primaryimage\"},\"thumbnailUrl\":\"https:\/\/fadeu.urantiacos.cl\/wp-content\/uploads\/2023\/09\/ED___IEUT_PUC_IRA05_WEB.jpg\",\"datePublished\":\"2020-08-13T22:45:00+00:00\",\"dateModified\":\"2023-09-10T22:47:59+00:00\",\"author\":{\"@id\":\"https:\/\/fadeu.urantiacos.cl\/en\/#\/schema\/person\/d203e2e84b1c40275eac77b3061a19a2\"},\"description\":\"Nueve estudiantes se incorporaron a los programas de postgrado del Instituto de Estudios Urbanos y Territoriales de la Universidad Cat\u00f3lica durante el segundo semestre 2020. De ellos\/as, ocho ingresar\u00e1n al Mag\u00edster en Desarrollo Urbano (dos de ellos por la v\u00eda del pregrado en Planificaci\u00f3n Urbana) y uno al Mag\u00edster en Asentamientos Humanos y Medio Ambiente.\",\"breadcrumb\":{\"@id\":\"https:\/\/fadeu.urantiacos.cl\/en\/2020\/08\/13\/nueve-estudiantes-se-incorporaron-a-los-magisteres-del-instituto-de-estudios-urbanos-y-territoriales\/#breadcrumb\"},\"inLanguage\":\"en-US\",\"potentialAction\":[{\"@type\":\"ReadAction\",\"target\":[\"https:\/\/fadeu.urantiacos.cl\/en\/2020\/08\/13\/nueve-estudiantes-se-incorporaron-a-los-magisteres-del-instituto-de-estudios-urbanos-y-territoriales\/\"]}]},{\"@type\":\"ImageObject\",\"inLanguage\":\"en-US\",\"@id\":\"https:\/\/fadeu.urantiacos.cl\/en\/2020\/08\/13\/nueve-estudiantes-se-incorporaron-a-los-magisteres-del-instituto-de-estudios-urbanos-y-territoriales\/#primaryimage\",\"url\":\"https:\/\/fadeu.urantiacos.cl\/wp-content\/uploads\/2023\/09\/ED___IEUT_PUC_IRA05_WEB.jpg\",\"contentUrl\":\"https:\/\/fadeu.urantiacos.cl\/wp-content\/uploads\/2023\/09\/ED___IEUT_PUC_IRA05_WEB.jpg\",\"width\":350,\"height\":250},{\"@type\":\"BreadcrumbList\",\"@id\":\"https:\/\/fadeu.urantiacos.cl\/en\/2020\/08\/13\/nueve-estudiantes-se-incorporaron-a-los-magisteres-del-instituto-de-estudios-urbanos-y-territoriales\/#breadcrumb\",\"itemListElement\":[{\"@type\":\"ListItem\",\"position\":1,\"name\":\"Portada\",\"item\":\"https:\/\/fadeu.urantiacos.cl\/en\/\"},{\"@type\":\"ListItem\",\"position\":2,\"name\":\"Nueve estudiantes se incorporaron a los mag\u00edsteres del Instituto de Estudios Urbanos y Territoriales\"}]},{\"@type\":\"WebSite\",\"@id\":\"https:\/\/fadeu.urantiacos.cl\/en\/#website\",\"url\":\"https:\/\/fadeu.urantiacos.cl\/en\/\",\"name\":\"Facultad de Arquitectura, Dise\u00f1o y Estudios Urbanos\",\"description\":\"Campus Lo Contador\",\"potentialAction\":[{\"@type\":\"SearchAction\",\"target\":{\"@type\":\"EntryPoint\",\"urlTemplate\":\"https:\/\/fadeu.urantiacos.cl\/en\/?s={search_term_string}\"},\"query-input\":{\"@type\":\"PropertyValueSpecification\",\"valueRequired\":true,\"valueName\":\"search_term_string\"}}],\"inLanguage\":\"en-US\"},{\"@type\":\"Person\",\"@id\":\"https:\/\/fadeu.urantiacos.cl\/en\/#\/schema\/person\/d203e2e84b1c40275eac77b3061a19a2\",\"name\":\"manadmin\",\"image\":{\"@type\":\"ImageObject\",\"inLanguage\":\"en-US\",\"@id\":\"https:\/\/fadeu.urantiacos.cl\/en\/#\/schema\/person\/image\/\",\"url\":\"https:\/\/secure.gravatar.com\/avatar\/4b1d8e3303b4a9d8968ac578947d8bc80d9aea359f388cdd4aac15cadc0e8447?s=96&d=mm&r=g\",\"contentUrl\":\"https:\/\/secure.gravatar.com\/avatar\/4b1d8e3303b4a9d8968ac578947d8bc80d9aea359f388cdd4aac15cadc0e8447?s=96&d=mm&r=g\",\"caption\":\"manadmin\"},\"sameAs\":[\"https:\/\/fadeu.urantiacos.cl\"]}]}<\/script>\n<!-- \/ Yoast SEO plugin. -->","yoast_head_json":{"title":"Nueve estudiantes se incorporaron a los mag\u00edsteres del Instituto de Estudios Urbanos y Territoriales - Facultad de Arquitectura, Dise\u00f1o y Estudios Urbanos","description":"Nueve estudiantes se incorporaron a los programas de postgrado del Instituto de Estudios Urbanos y Territoriales de la Universidad Cat\u00f3lica durante el segundo semestre 2020. De ellos\/as, ocho ingresar\u00e1n al Mag\u00edster en Desarrollo Urbano (dos de ellos por la v\u00eda del pregrado en Planificaci\u00f3n Urbana) y uno al Mag\u00edster en Asentamientos Humanos y Medio Ambiente.","robots":{"index":"index","follow":"follow","max-snippet":"max-snippet:-1","max-image-preview":"max-image-preview:large","max-video-preview":"max-video-preview:-1"},"canonical":"https:\/\/fadeu.urantiacos.cl\/en\/2020\/08\/13\/nueve-estudiantes-se-incorporaron-a-los-magisteres-del-instituto-de-estudios-urbanos-y-territoriales\/","og_locale":"en_US","og_type":"article","og_title":"Nueve estudiantes se incorporaron a los mag\u00edsteres del Instituto de Estudios Urbanos y Territoriales - Facultad de Arquitectura, Dise\u00f1o y Estudios Urbanos","og_description":"Nueve estudiantes se incorporaron a los programas de postgrado del Instituto de Estudios Urbanos y Territoriales de la Universidad Cat\u00f3lica durante el segundo semestre 2020. De ellos\/as, ocho ingresar\u00e1n al Mag\u00edster en Desarrollo Urbano (dos de ellos por la v\u00eda del pregrado en Planificaci\u00f3n Urbana) y uno al Mag\u00edster en Asentamientos Humanos y Medio Ambiente.","og_url":"https:\/\/fadeu.urantiacos.cl\/en\/2020\/08\/13\/nueve-estudiantes-se-incorporaron-a-los-magisteres-del-instituto-de-estudios-urbanos-y-territoriales\/","og_site_name":"Facultad de Arquitectura, Dise\u00f1o y Estudios Urbanos","article_published_time":"2020-08-13T22:45:00+00:00","article_modified_time":"2023-09-10T22:47:59+00:00","og_image":[{"width":350,"height":250,"url":"https:\/\/fadeu.urantiacos.cl\/wp-content\/uploads\/2023\/09\/ED___IEUT_PUC_IRA05_WEB.jpg","type":"image\/jpeg"}],"author":"manadmin","twitter_card":"summary_large_image","twitter_misc":{"Written by":"manadmin","Est. reading time":"4 minutes"},"schema":{"@context":"https:\/\/schema.org","@graph":[{"@type":"Article","@id":"https:\/\/fadeu.urantiacos.cl\/en\/2020\/08\/13\/nueve-estudiantes-se-incorporaron-a-los-magisteres-del-instituto-de-estudios-urbanos-y-territoriales\/#article","isPartOf":{"@id":"https:\/\/fadeu.urantiacos.cl\/en\/2020\/08\/13\/nueve-estudiantes-se-incorporaron-a-los-magisteres-del-instituto-de-estudios-urbanos-y-territoriales\/"},"author":{"name":"manadmin","@id":"https:\/\/fadeu.urantiacos.cl\/en\/#\/schema\/person\/d203e2e84b1c40275eac77b3061a19a2"},"headline":"Nueve estudiantes se incorporaron a los mag\u00edsteres del Instituto de Estudios Urbanos y Territoriales","datePublished":"2020-08-13T22:45:00+00:00","dateModified":"2023-09-10T22:47:59+00:00","mainEntityOfPage":{"@id":"https:\/\/fadeu.urantiacos.cl\/en\/2020\/08\/13\/nueve-estudiantes-se-incorporaron-a-los-magisteres-del-instituto-de-estudios-urbanos-y-territoriales\/"},"wordCount":727,"commentCount":0,"image":{"@id":"https:\/\/fadeu.urantiacos.cl\/en\/2020\/08\/13\/nueve-estudiantes-se-incorporaron-a-los-magisteres-del-instituto-de-estudios-urbanos-y-territoriales\/#primaryimage"},"thumbnailUrl":"https:\/\/fadeu.urantiacos.cl\/wp-content\/uploads\/2023\/09\/ED___IEUT_PUC_IRA05_WEB.jpg","articleSection":["Sin categorizar"],"inLanguage":"en-US","potentialAction":[{"@type":"CommentAction","name":"Comment","target":["https:\/\/fadeu.urantiacos.cl\/en\/2020\/08\/13\/nueve-estudiantes-se-incorporaron-a-los-magisteres-del-instituto-de-estudios-urbanos-y-territoriales\/#respond"]}]},{"@type":"WebPage","@id":"https:\/\/fadeu.urantiacos.cl\/en\/2020\/08\/13\/nueve-estudiantes-se-incorporaron-a-los-magisteres-del-instituto-de-estudios-urbanos-y-territoriales\/","url":"https:\/\/fadeu.urantiacos.cl\/en\/2020\/08\/13\/nueve-estudiantes-se-incorporaron-a-los-magisteres-del-instituto-de-estudios-urbanos-y-territoriales\/","name":"Nueve estudiantes se incorporaron a los mag\u00edsteres del Instituto de Estudios Urbanos y Territoriales - Facultad de Arquitectura, Dise\u00f1o y Estudios Urbanos","isPartOf":{"@id":"https:\/\/fadeu.urantiacos.cl\/en\/#website"},"primaryImageOfPage":{"@id":"https:\/\/fadeu.urantiacos.cl\/en\/2020\/08\/13\/nueve-estudiantes-se-incorporaron-a-los-magisteres-del-instituto-de-estudios-urbanos-y-territoriales\/#primaryimage"},"image":{"@id":"https:\/\/fadeu.urantiacos.cl\/en\/2020\/08\/13\/nueve-estudiantes-se-incorporaron-a-los-magisteres-del-instituto-de-estudios-urbanos-y-territoriales\/#primaryimage"},"thumbnailUrl":"https:\/\/fadeu.urantiacos.cl\/wp-content\/uploads\/2023\/09\/ED___IEUT_PUC_IRA05_WEB.jpg","datePublished":"2020-08-13T22:45:00+00:00","dateModified":"2023-09-10T22:47:59+00:00","author":{"@id":"https:\/\/fadeu.urantiacos.cl\/en\/#\/schema\/person\/d203e2e84b1c40275eac77b3061a19a2"},"description":"Nueve estudiantes se incorporaron a los programas de postgrado del Instituto de Estudios Urbanos y Territoriales de la Universidad Cat\u00f3lica durante el segundo semestre 2020. De ellos\/as, ocho ingresar\u00e1n al Mag\u00edster en Desarrollo Urbano (dos de ellos por la v\u00eda del pregrado en Planificaci\u00f3n Urbana) y uno al Mag\u00edster en Asentamientos Humanos y Medio Ambiente.","breadcrumb":{"@id":"https:\/\/fadeu.urantiacos.cl\/en\/2020\/08\/13\/nueve-estudiantes-se-incorporaron-a-los-magisteres-del-instituto-de-estudios-urbanos-y-territoriales\/#breadcrumb"},"inLanguage":"en-US","potentialAction":[{"@type":"ReadAction","target":["https:\/\/fadeu.urantiacos.cl\/en\/2020\/08\/13\/nueve-estudiantes-se-incorporaron-a-los-magisteres-del-instituto-de-estudios-urbanos-y-territoriales\/"]}]},{"@type":"ImageObject","inLanguage":"en-US","@id":"https:\/\/fadeu.urantiacos.cl\/en\/2020\/08\/13\/nueve-estudiantes-se-incorporaron-a-los-magisteres-del-instituto-de-estudios-urbanos-y-territoriales\/#primaryimage","url":"https:\/\/fadeu.urantiacos.cl\/wp-content\/uploads\/2023\/09\/ED___IEUT_PUC_IRA05_WEB.jpg","contentUrl":"https:\/\/fadeu.urantiacos.cl\/wp-content\/uploads\/2023\/09\/ED___IEUT_PUC_IRA05_WEB.jpg","width":350,"height":250},{"@type":"BreadcrumbList","@id":"https:\/\/fadeu.urantiacos.cl\/en\/2020\/08\/13\/nueve-estudiantes-se-incorporaron-a-los-magisteres-del-instituto-de-estudios-urbanos-y-territoriales\/#breadcrumb","itemListElement":[{"@type":"ListItem","position":1,"name":"Portada","item":"https:\/\/fadeu.urantiacos.cl\/en\/"},{"@type":"ListItem","position":2,"name":"Nueve estudiantes se incorporaron a los mag\u00edsteres del Instituto de Estudios Urbanos y Territoriales"}]},{"@type":"WebSite","@id":"https:\/\/fadeu.urantiacos.cl\/en\/#website","url":"https:\/\/fadeu.urantiacos.cl\/en\/","name":"Facultad de Arquitectura, Dise\u00f1o y Estudios Urbanos","description":"Campus Lo Contador","potentialAction":[{"@type":"SearchAction","target":{"@type":"EntryPoint","urlTemplate":"https:\/\/fadeu.urantiacos.cl\/en\/?s={search_term_string}"},"query-input":{"@type":"PropertyValueSpecification","valueRequired":true,"valueName":"search_term_string"}}],"inLanguage":"en-US"},{"@type":"Person","@id":"https:\/\/fadeu.urantiacos.cl\/en\/#\/schema\/person\/d203e2e84b1c40275eac77b3061a19a2","name":"manadmin","image":{"@type":"ImageObject","inLanguage":"en-US","@id":"https:\/\/fadeu.urantiacos.cl\/en\/#\/schema\/person\/image\/","url":"https:\/\/secure.gravatar.com\/avatar\/4b1d8e3303b4a9d8968ac578947d8bc80d9aea359f388cdd4aac15cadc0e8447?s=96&d=mm&r=g","contentUrl":"https:\/\/secure.gravatar.com\/avatar\/4b1d8e3303b4a9d8968ac578947d8bc80d9aea359f388cdd4aac15cadc0e8447?s=96&d=mm&r=g","caption":"manadmin"},"sameAs":["https:\/\/fadeu.urantiacos.cl"]}]}},"_links":{"self":[{"href":"https:\/\/fadeu.urantiacos.cl\/en\/wp-json\/wp\/v2\/posts\/8454","targetHints":{"allow":["GET"]}}],"collection":[{"href":"https:\/\/fadeu.urantiacos.cl\/en\/wp-json\/wp\/v2\/posts"}],"about":[{"href":"https:\/\/fadeu.urantiacos.cl\/en\/wp-json\/wp\/v2\/types\/post"}],"author":[{"embeddable":true,"href":"https:\/\/fadeu.urantiacos.cl\/en\/wp-json\/wp\/v2\/users\/1"}],"replies":[{"embeddable":true,"href":"https:\/\/fadeu.urantiacos.cl\/en\/wp-json\/wp\/v2\/comments?post=8454"}],"version-history":[{"count":1,"href":"https:\/\/fadeu.urantiacos.cl\/en\/wp-json\/wp\/v2\/posts\/8454\/revisions"}],"predecessor-version":[{"id":8456,"href":"https:\/\/fadeu.urantiacos.cl\/en\/wp-json\/wp\/v2\/posts\/8454\/revisions\/8456"}],"wp:featuredmedia":[{"embeddable":true,"href":"https:\/\/fadeu.urantiacos.cl\/en\/wp-json\/wp\/v2\/media\/8455"}],"wp:attachment":[{"href":"https:\/\/fadeu.urantiacos.cl\/en\/wp-json\/wp\/v2\/media?parent=8454"}],"wp:term":[{"taxonomy":"category","embeddable":true,"href":"https:\/\/fadeu.urantiacos.cl\/en\/wp-json\/wp\/v2\/categories?post=8454"},{"taxonomy":"post_tag","embeddable":true,"href":"https:\/\/fadeu.urantiacos.cl\/en\/wp-json\/wp\/v2\/tags?post=8454"}],"curies":[{"name":"wp","href":"https:\/\/api.w.org\/{rel}","templated":true}]}}