{"id":8448,"date":"2020-08-13T19:40:00","date_gmt":"2020-08-13T22:40:00","guid":{"rendered":"https:\/\/fadeu.urantiacos.cl\/?p=8448"},"modified":"2023-09-10T19:43:01","modified_gmt":"2023-09-10T22:43:01","slug":"sandra-iturriaga-participo-en-el-seminario-internacional-de-la-escola-da-cidade-de-sao-paulo","status":"publish","type":"post","link":"https:\/\/fadeu.urantiacos.cl\/en\/2020\/08\/13\/sandra-iturriaga-participo-en-el-seminario-internacional-de-la-escola-da-cidade-de-sao-paulo\/","title":{"rendered":"Sandra Iturriaga particip\u00f3 en el Seminario Internacional de la Escola da Cidade de Sao Paulo"},"content":{"rendered":"\n<figure class=\"wp-block-image size-full\"><img decoding=\"async\" width=\"350\" height=\"250\" src=\"https:\/\/fadeu.urantiacos.cl\/wp-content\/uploads\/2023\/09\/Iturriaga_Sandra_5770_web.jpg\" alt=\"\" class=\"wp-image-8449\" srcset=\"https:\/\/fadeu.urantiacos.cl\/wp-content\/uploads\/2023\/09\/Iturriaga_Sandra_5770_web.jpg 350w, https:\/\/fadeu.urantiacos.cl\/wp-content\/uploads\/2023\/09\/Iturriaga_Sandra_5770_web-300x214.jpg 300w\" sizes=\"(max-width: 350px) 100vw, 350px\" \/><\/figure>\n\n\n\n<p>En una de las ciudades m\u00e1s afectadas por la pandemia Covid-19 de Brasil, S\u00e3o Paulo, y ante la asfixiante crisis socioambiental que azota al mundo, el seminario profundiz\u00f3 en c\u00f3mo arquitectos y urbanistas pueden posicionarse y actuar por el derecho fundamental a respirar, existir y habitar la Tierra.<\/p>\n\n\n\n<p>En ese contexto fue invitada a conversar Iturriaga, quien destac\u00f3 tres premisas que interesa relevar del oficio del arquitecto en estos tiempos postpandemia: La Arquitectura como un Arte fundamentalmente Colectivo, el rol de la representaci\u00f3n como un acicate para la transformaci\u00f3n de la realidad, y c\u00f3mo la Belleza -un aspecto que puede resultar inocuo en estos tiempos- resulta esencial en esa transformaci\u00f3n.<\/p>\n\n\n\n<p>Bajo estas tres premisas present\u00f3 el proyecto Mapocho 42k: corredor geogr\u00e1fico para la equidad social \u2014que cumple 10 a\u00f1os este 2020\u2014, sus principios como iniciativa desde la academia, sus diferentes instancias, y su desarrollo de manera colectiva. Sobre esto, la arquitecta destaca que \u201csu condici\u00f3n colectiva tiene que ver con congregar voluntades, que por un lado est\u00e1n en el mundo de la academia, pero que tienen que v\u00e9rselas con el mundo pol\u00edtico gubernamental y a la vez con el escenario ciudadano: c\u00f3mo triangular condiciones colectivas que a veces se dirigen a distintos escenarios\u201d.<\/p>\n\n\n\n<p>La profesora destac\u00f3 que los espacios para respirar son uno de los desaf\u00edos &#8220;m\u00e1s importantes que tenemos despu\u00e9s de este periodo post pandemia\u201d como es el caso de la revitalizaci\u00f3n de los R\u00edos urbanos, siendo cada vez m\u00e1s necesario el poder levantar iniciativas que vayan en esa direcci\u00f3n. Para ello Iturriaga sostiene que &#8220;hay que involucrarse, hay que lograr hacer del oficio y de la profesi\u00f3n un permanente involucramiento&#8221;, destacando la posibilidad de buscar las oportunidades que &#8220;beneficien a la comunidad, que promuevan el bien com\u00fan&#8221;.<\/p>\n\n\n\n<p>Ver participaci\u00f3n de Sandra Iturriaga en el siguiente&nbsp;<a href=\"https:\/\/www.youtube.com\/watch?time_continue=290&amp;v=TWO9UV0VXpw&amp;feature=emb_logo\" target=\"_blank\" rel=\"noreferrer noopener\">link<\/a>&nbsp;<br>Visitar p\u00e1gina web de Mapocho 42k en el siguiente&nbsp;<a href=\"https:\/\/www.mapocho42k.cl\/\" target=\"_blank\" rel=\"noreferrer noopener\">link<\/a>&nbsp;<\/p>\n\n\n\n<p>Noticias<br>Contacto:&nbsp;<a href=\"mailto:redesarq@uc.cl\">redesarq@uc.cl<\/a>&nbsp;| +56 2 2354 7747<br>www.arquitectura.uc.cl<\/p>\n","protected":false},"excerpt":{"rendered":"<p>Para su XV versi\u00f3n, titulado \u201cEspacios para respirar\u201d, la profesora ARQ UC fue invitada a debatir junto a Lukas Fuster, en una conversaci\u00f3n moderada por Vinicius Andrade.<\/p>\n","protected":false},"author":1,"featured_media":8449,"comment_status":"open","ping_status":"open","sticky":false,"template":"","format":"standard","meta":{"_acf_changed":false,"footnotes":""},"categories":[1],"tags":[],"class_list":["post-8448","post","type-post","status-publish","format-standard","has-post-thumbnail","hentry","category-sin-categorizar"],"acf":[],"yoast_head":"<!-- This site is optimized with the Yoast SEO plugin v27.1.1 - https:\/\/yoast.com\/product\/yoast-seo-wordpress\/ -->\n<title>Sandra Iturriaga particip\u00f3 en el Seminario Internacional de la Escola da Cidade de Sao Paulo - Facultad de Arquitectura, Dise\u00f1o y Estudios Urbanos<\/title>\n<meta name=\"description\" content=\"Para su XV versi\u00f3n, titulado \u201cEspacios para respirar\u201d, la profesora ARQ UC fue invitada a debatir junto a Lukas Fuster, en una conversaci\u00f3n moderada por Vinicius Andrade.\" \/>\n<meta name=\"robots\" content=\"index, follow, max-snippet:-1, max-image-preview:large, max-video-preview:-1\" \/>\n<link rel=\"canonical\" href=\"https:\/\/fadeu.urantiacos.cl\/en\/2020\/08\/13\/sandra-iturriaga-participo-en-el-seminario-internacional-de-la-escola-da-cidade-de-sao-paulo\/\" \/>\n<meta property=\"og:locale\" content=\"en_US\" \/>\n<meta property=\"og:type\" content=\"article\" \/>\n<meta property=\"og:title\" content=\"Sandra Iturriaga particip\u00f3 en el Seminario Internacional de la Escola da Cidade de Sao Paulo - Facultad de Arquitectura, Dise\u00f1o y Estudios Urbanos\" \/>\n<meta property=\"og:description\" content=\"Para su XV versi\u00f3n, titulado \u201cEspacios para respirar\u201d, la profesora ARQ UC fue invitada a debatir junto a Lukas Fuster, en una conversaci\u00f3n moderada por Vinicius Andrade.\" \/>\n<meta property=\"og:url\" content=\"https:\/\/fadeu.urantiacos.cl\/en\/2020\/08\/13\/sandra-iturriaga-participo-en-el-seminario-internacional-de-la-escola-da-cidade-de-sao-paulo\/\" \/>\n<meta property=\"og:site_name\" content=\"Facultad de Arquitectura, Dise\u00f1o y Estudios Urbanos\" \/>\n<meta property=\"article:published_time\" content=\"2020-08-13T22:40:00+00:00\" \/>\n<meta property=\"article:modified_time\" content=\"2023-09-10T22:43:01+00:00\" \/>\n<meta property=\"og:image\" content=\"https:\/\/fadeu.urantiacos.cl\/wp-content\/uploads\/2023\/09\/Iturriaga_Sandra_5770_web.jpg\" \/>\n\t<meta property=\"og:image:width\" content=\"350\" \/>\n\t<meta property=\"og:image:height\" content=\"250\" \/>\n\t<meta property=\"og:image:type\" content=\"image\/jpeg\" \/>\n<meta name=\"author\" content=\"manadmin\" \/>\n<meta name=\"twitter:card\" content=\"summary_large_image\" \/>\n<meta name=\"twitter:label1\" content=\"Written by\" \/>\n\t<meta name=\"twitter:data1\" content=\"manadmin\" \/>\n\t<meta name=\"twitter:label2\" content=\"Est. reading time\" \/>\n\t<meta name=\"twitter:data2\" content=\"2 minutes\" \/>\n<script type=\"application\/ld+json\" class=\"yoast-schema-graph\">{\"@context\":\"https:\/\/schema.org\",\"@graph\":[{\"@type\":\"Article\",\"@id\":\"https:\/\/fadeu.urantiacos.cl\/en\/2020\/08\/13\/sandra-iturriaga-participo-en-el-seminario-internacional-de-la-escola-da-cidade-de-sao-paulo\/#article\",\"isPartOf\":{\"@id\":\"https:\/\/fadeu.urantiacos.cl\/en\/2020\/08\/13\/sandra-iturriaga-participo-en-el-seminario-internacional-de-la-escola-da-cidade-de-sao-paulo\/\"},\"author\":{\"name\":\"manadmin\",\"@id\":\"https:\/\/fadeu.urantiacos.cl\/en\/#\/schema\/person\/d203e2e84b1c40275eac77b3061a19a2\"},\"headline\":\"Sandra Iturriaga particip\u00f3 en el Seminario Internacional de la Escola da Cidade de Sao Paulo\",\"datePublished\":\"2020-08-13T22:40:00+00:00\",\"dateModified\":\"2023-09-10T22:43:01+00:00\",\"mainEntityOfPage\":{\"@id\":\"https:\/\/fadeu.urantiacos.cl\/en\/2020\/08\/13\/sandra-iturriaga-participo-en-el-seminario-internacional-de-la-escola-da-cidade-de-sao-paulo\/\"},\"wordCount\":360,\"commentCount\":0,\"image\":{\"@id\":\"https:\/\/fadeu.urantiacos.cl\/en\/2020\/08\/13\/sandra-iturriaga-participo-en-el-seminario-internacional-de-la-escola-da-cidade-de-sao-paulo\/#primaryimage\"},\"thumbnailUrl\":\"https:\/\/fadeu.urantiacos.cl\/wp-content\/uploads\/2023\/09\/Iturriaga_Sandra_5770_web.jpg\",\"articleSection\":[\"Sin categorizar\"],\"inLanguage\":\"en-US\",\"potentialAction\":[{\"@type\":\"CommentAction\",\"name\":\"Comment\",\"target\":[\"https:\/\/fadeu.urantiacos.cl\/en\/2020\/08\/13\/sandra-iturriaga-participo-en-el-seminario-internacional-de-la-escola-da-cidade-de-sao-paulo\/#respond\"]}]},{\"@type\":\"WebPage\",\"@id\":\"https:\/\/fadeu.urantiacos.cl\/en\/2020\/08\/13\/sandra-iturriaga-participo-en-el-seminario-internacional-de-la-escola-da-cidade-de-sao-paulo\/\",\"url\":\"https:\/\/fadeu.urantiacos.cl\/en\/2020\/08\/13\/sandra-iturriaga-participo-en-el-seminario-internacional-de-la-escola-da-cidade-de-sao-paulo\/\",\"name\":\"Sandra Iturriaga particip\u00f3 en el Seminario Internacional de la Escola da Cidade de Sao Paulo - Facultad de Arquitectura, Dise\u00f1o y Estudios Urbanos\",\"isPartOf\":{\"@id\":\"https:\/\/fadeu.urantiacos.cl\/en\/#website\"},\"primaryImageOfPage\":{\"@id\":\"https:\/\/fadeu.urantiacos.cl\/en\/2020\/08\/13\/sandra-iturriaga-participo-en-el-seminario-internacional-de-la-escola-da-cidade-de-sao-paulo\/#primaryimage\"},\"image\":{\"@id\":\"https:\/\/fadeu.urantiacos.cl\/en\/2020\/08\/13\/sandra-iturriaga-participo-en-el-seminario-internacional-de-la-escola-da-cidade-de-sao-paulo\/#primaryimage\"},\"thumbnailUrl\":\"https:\/\/fadeu.urantiacos.cl\/wp-content\/uploads\/2023\/09\/Iturriaga_Sandra_5770_web.jpg\",\"datePublished\":\"2020-08-13T22:40:00+00:00\",\"dateModified\":\"2023-09-10T22:43:01+00:00\",\"author\":{\"@id\":\"https:\/\/fadeu.urantiacos.cl\/en\/#\/schema\/person\/d203e2e84b1c40275eac77b3061a19a2\"},\"description\":\"Para su XV versi\u00f3n, titulado \u201cEspacios para respirar\u201d, la profesora ARQ UC fue invitada a debatir junto a Lukas Fuster, en una conversaci\u00f3n moderada por Vinicius Andrade.\",\"breadcrumb\":{\"@id\":\"https:\/\/fadeu.urantiacos.cl\/en\/2020\/08\/13\/sandra-iturriaga-participo-en-el-seminario-internacional-de-la-escola-da-cidade-de-sao-paulo\/#breadcrumb\"},\"inLanguage\":\"en-US\",\"potentialAction\":[{\"@type\":\"ReadAction\",\"target\":[\"https:\/\/fadeu.urantiacos.cl\/en\/2020\/08\/13\/sandra-iturriaga-participo-en-el-seminario-internacional-de-la-escola-da-cidade-de-sao-paulo\/\"]}]},{\"@type\":\"ImageObject\",\"inLanguage\":\"en-US\",\"@id\":\"https:\/\/fadeu.urantiacos.cl\/en\/2020\/08\/13\/sandra-iturriaga-participo-en-el-seminario-internacional-de-la-escola-da-cidade-de-sao-paulo\/#primaryimage\",\"url\":\"https:\/\/fadeu.urantiacos.cl\/wp-content\/uploads\/2023\/09\/Iturriaga_Sandra_5770_web.jpg\",\"contentUrl\":\"https:\/\/fadeu.urantiacos.cl\/wp-content\/uploads\/2023\/09\/Iturriaga_Sandra_5770_web.jpg\",\"width\":350,\"height\":250},{\"@type\":\"BreadcrumbList\",\"@id\":\"https:\/\/fadeu.urantiacos.cl\/en\/2020\/08\/13\/sandra-iturriaga-participo-en-el-seminario-internacional-de-la-escola-da-cidade-de-sao-paulo\/#breadcrumb\",\"itemListElement\":[{\"@type\":\"ListItem\",\"position\":1,\"name\":\"Portada\",\"item\":\"https:\/\/fadeu.urantiacos.cl\/en\/\"},{\"@type\":\"ListItem\",\"position\":2,\"name\":\"Sandra Iturriaga particip\u00f3 en el Seminario Internacional de la Escola da Cidade de Sao Paulo\"}]},{\"@type\":\"WebSite\",\"@id\":\"https:\/\/fadeu.urantiacos.cl\/en\/#website\",\"url\":\"https:\/\/fadeu.urantiacos.cl\/en\/\",\"name\":\"Facultad de Arquitectura, Dise\u00f1o y Estudios Urbanos\",\"description\":\"Campus Lo Contador\",\"potentialAction\":[{\"@type\":\"SearchAction\",\"target\":{\"@type\":\"EntryPoint\",\"urlTemplate\":\"https:\/\/fadeu.urantiacos.cl\/en\/?s={search_term_string}\"},\"query-input\":{\"@type\":\"PropertyValueSpecification\",\"valueRequired\":true,\"valueName\":\"search_term_string\"}}],\"inLanguage\":\"en-US\"},{\"@type\":\"Person\",\"@id\":\"https:\/\/fadeu.urantiacos.cl\/en\/#\/schema\/person\/d203e2e84b1c40275eac77b3061a19a2\",\"name\":\"manadmin\",\"image\":{\"@type\":\"ImageObject\",\"inLanguage\":\"en-US\",\"@id\":\"https:\/\/fadeu.urantiacos.cl\/en\/#\/schema\/person\/image\/\",\"url\":\"https:\/\/secure.gravatar.com\/avatar\/4b1d8e3303b4a9d8968ac578947d8bc80d9aea359f388cdd4aac15cadc0e8447?s=96&d=mm&r=g\",\"contentUrl\":\"https:\/\/secure.gravatar.com\/avatar\/4b1d8e3303b4a9d8968ac578947d8bc80d9aea359f388cdd4aac15cadc0e8447?s=96&d=mm&r=g\",\"caption\":\"manadmin\"},\"sameAs\":[\"https:\/\/fadeu.urantiacos.cl\"]}]}<\/script>\n<!-- \/ Yoast SEO plugin. -->","yoast_head_json":{"title":"Sandra Iturriaga particip\u00f3 en el Seminario Internacional de la Escola da Cidade de Sao Paulo - Facultad de Arquitectura, Dise\u00f1o y Estudios Urbanos","description":"Para su XV versi\u00f3n, titulado \u201cEspacios para respirar\u201d, la profesora ARQ UC fue invitada a debatir junto a Lukas Fuster, en una conversaci\u00f3n moderada por Vinicius Andrade.","robots":{"index":"index","follow":"follow","max-snippet":"max-snippet:-1","max-image-preview":"max-image-preview:large","max-video-preview":"max-video-preview:-1"},"canonical":"https:\/\/fadeu.urantiacos.cl\/en\/2020\/08\/13\/sandra-iturriaga-participo-en-el-seminario-internacional-de-la-escola-da-cidade-de-sao-paulo\/","og_locale":"en_US","og_type":"article","og_title":"Sandra Iturriaga particip\u00f3 en el Seminario Internacional de la Escola da Cidade de Sao Paulo - Facultad de Arquitectura, Dise\u00f1o y Estudios Urbanos","og_description":"Para su XV versi\u00f3n, titulado \u201cEspacios para respirar\u201d, la profesora ARQ UC fue invitada a debatir junto a Lukas Fuster, en una conversaci\u00f3n moderada por Vinicius Andrade.","og_url":"https:\/\/fadeu.urantiacos.cl\/en\/2020\/08\/13\/sandra-iturriaga-participo-en-el-seminario-internacional-de-la-escola-da-cidade-de-sao-paulo\/","og_site_name":"Facultad de Arquitectura, Dise\u00f1o y Estudios Urbanos","article_published_time":"2020-08-13T22:40:00+00:00","article_modified_time":"2023-09-10T22:43:01+00:00","og_image":[{"width":350,"height":250,"url":"https:\/\/fadeu.urantiacos.cl\/wp-content\/uploads\/2023\/09\/Iturriaga_Sandra_5770_web.jpg","type":"image\/jpeg"}],"author":"manadmin","twitter_card":"summary_large_image","twitter_misc":{"Written by":"manadmin","Est. reading time":"2 minutes"},"schema":{"@context":"https:\/\/schema.org","@graph":[{"@type":"Article","@id":"https:\/\/fadeu.urantiacos.cl\/en\/2020\/08\/13\/sandra-iturriaga-participo-en-el-seminario-internacional-de-la-escola-da-cidade-de-sao-paulo\/#article","isPartOf":{"@id":"https:\/\/fadeu.urantiacos.cl\/en\/2020\/08\/13\/sandra-iturriaga-participo-en-el-seminario-internacional-de-la-escola-da-cidade-de-sao-paulo\/"},"author":{"name":"manadmin","@id":"https:\/\/fadeu.urantiacos.cl\/en\/#\/schema\/person\/d203e2e84b1c40275eac77b3061a19a2"},"headline":"Sandra Iturriaga particip\u00f3 en el Seminario Internacional de la Escola da Cidade de Sao Paulo","datePublished":"2020-08-13T22:40:00+00:00","dateModified":"2023-09-10T22:43:01+00:00","mainEntityOfPage":{"@id":"https:\/\/fadeu.urantiacos.cl\/en\/2020\/08\/13\/sandra-iturriaga-participo-en-el-seminario-internacional-de-la-escola-da-cidade-de-sao-paulo\/"},"wordCount":360,"commentCount":0,"image":{"@id":"https:\/\/fadeu.urantiacos.cl\/en\/2020\/08\/13\/sandra-iturriaga-participo-en-el-seminario-internacional-de-la-escola-da-cidade-de-sao-paulo\/#primaryimage"},"thumbnailUrl":"https:\/\/fadeu.urantiacos.cl\/wp-content\/uploads\/2023\/09\/Iturriaga_Sandra_5770_web.jpg","articleSection":["Sin categorizar"],"inLanguage":"en-US","potentialAction":[{"@type":"CommentAction","name":"Comment","target":["https:\/\/fadeu.urantiacos.cl\/en\/2020\/08\/13\/sandra-iturriaga-participo-en-el-seminario-internacional-de-la-escola-da-cidade-de-sao-paulo\/#respond"]}]},{"@type":"WebPage","@id":"https:\/\/fadeu.urantiacos.cl\/en\/2020\/08\/13\/sandra-iturriaga-participo-en-el-seminario-internacional-de-la-escola-da-cidade-de-sao-paulo\/","url":"https:\/\/fadeu.urantiacos.cl\/en\/2020\/08\/13\/sandra-iturriaga-participo-en-el-seminario-internacional-de-la-escola-da-cidade-de-sao-paulo\/","name":"Sandra Iturriaga particip\u00f3 en el Seminario Internacional de la Escola da Cidade de Sao Paulo - Facultad de Arquitectura, Dise\u00f1o y Estudios Urbanos","isPartOf":{"@id":"https:\/\/fadeu.urantiacos.cl\/en\/#website"},"primaryImageOfPage":{"@id":"https:\/\/fadeu.urantiacos.cl\/en\/2020\/08\/13\/sandra-iturriaga-participo-en-el-seminario-internacional-de-la-escola-da-cidade-de-sao-paulo\/#primaryimage"},"image":{"@id":"https:\/\/fadeu.urantiacos.cl\/en\/2020\/08\/13\/sandra-iturriaga-participo-en-el-seminario-internacional-de-la-escola-da-cidade-de-sao-paulo\/#primaryimage"},"thumbnailUrl":"https:\/\/fadeu.urantiacos.cl\/wp-content\/uploads\/2023\/09\/Iturriaga_Sandra_5770_web.jpg","datePublished":"2020-08-13T22:40:00+00:00","dateModified":"2023-09-10T22:43:01+00:00","author":{"@id":"https:\/\/fadeu.urantiacos.cl\/en\/#\/schema\/person\/d203e2e84b1c40275eac77b3061a19a2"},"description":"Para su XV versi\u00f3n, titulado \u201cEspacios para respirar\u201d, la profesora ARQ UC fue invitada a debatir junto a Lukas Fuster, en una conversaci\u00f3n moderada por Vinicius Andrade.","breadcrumb":{"@id":"https:\/\/fadeu.urantiacos.cl\/en\/2020\/08\/13\/sandra-iturriaga-participo-en-el-seminario-internacional-de-la-escola-da-cidade-de-sao-paulo\/#breadcrumb"},"inLanguage":"en-US","potentialAction":[{"@type":"ReadAction","target":["https:\/\/fadeu.urantiacos.cl\/en\/2020\/08\/13\/sandra-iturriaga-participo-en-el-seminario-internacional-de-la-escola-da-cidade-de-sao-paulo\/"]}]},{"@type":"ImageObject","inLanguage":"en-US","@id":"https:\/\/fadeu.urantiacos.cl\/en\/2020\/08\/13\/sandra-iturriaga-participo-en-el-seminario-internacional-de-la-escola-da-cidade-de-sao-paulo\/#primaryimage","url":"https:\/\/fadeu.urantiacos.cl\/wp-content\/uploads\/2023\/09\/Iturriaga_Sandra_5770_web.jpg","contentUrl":"https:\/\/fadeu.urantiacos.cl\/wp-content\/uploads\/2023\/09\/Iturriaga_Sandra_5770_web.jpg","width":350,"height":250},{"@type":"BreadcrumbList","@id":"https:\/\/fadeu.urantiacos.cl\/en\/2020\/08\/13\/sandra-iturriaga-participo-en-el-seminario-internacional-de-la-escola-da-cidade-de-sao-paulo\/#breadcrumb","itemListElement":[{"@type":"ListItem","position":1,"name":"Portada","item":"https:\/\/fadeu.urantiacos.cl\/en\/"},{"@type":"ListItem","position":2,"name":"Sandra Iturriaga particip\u00f3 en el Seminario Internacional de la Escola da Cidade de Sao Paulo"}]},{"@type":"WebSite","@id":"https:\/\/fadeu.urantiacos.cl\/en\/#website","url":"https:\/\/fadeu.urantiacos.cl\/en\/","name":"Facultad de Arquitectura, Dise\u00f1o y Estudios Urbanos","description":"Campus Lo Contador","potentialAction":[{"@type":"SearchAction","target":{"@type":"EntryPoint","urlTemplate":"https:\/\/fadeu.urantiacos.cl\/en\/?s={search_term_string}"},"query-input":{"@type":"PropertyValueSpecification","valueRequired":true,"valueName":"search_term_string"}}],"inLanguage":"en-US"},{"@type":"Person","@id":"https:\/\/fadeu.urantiacos.cl\/en\/#\/schema\/person\/d203e2e84b1c40275eac77b3061a19a2","name":"manadmin","image":{"@type":"ImageObject","inLanguage":"en-US","@id":"https:\/\/fadeu.urantiacos.cl\/en\/#\/schema\/person\/image\/","url":"https:\/\/secure.gravatar.com\/avatar\/4b1d8e3303b4a9d8968ac578947d8bc80d9aea359f388cdd4aac15cadc0e8447?s=96&d=mm&r=g","contentUrl":"https:\/\/secure.gravatar.com\/avatar\/4b1d8e3303b4a9d8968ac578947d8bc80d9aea359f388cdd4aac15cadc0e8447?s=96&d=mm&r=g","caption":"manadmin"},"sameAs":["https:\/\/fadeu.urantiacos.cl"]}]}},"_links":{"self":[{"href":"https:\/\/fadeu.urantiacos.cl\/en\/wp-json\/wp\/v2\/posts\/8448","targetHints":{"allow":["GET"]}}],"collection":[{"href":"https:\/\/fadeu.urantiacos.cl\/en\/wp-json\/wp\/v2\/posts"}],"about":[{"href":"https:\/\/fadeu.urantiacos.cl\/en\/wp-json\/wp\/v2\/types\/post"}],"author":[{"embeddable":true,"href":"https:\/\/fadeu.urantiacos.cl\/en\/wp-json\/wp\/v2\/users\/1"}],"replies":[{"embeddable":true,"href":"https:\/\/fadeu.urantiacos.cl\/en\/wp-json\/wp\/v2\/comments?post=8448"}],"version-history":[{"count":1,"href":"https:\/\/fadeu.urantiacos.cl\/en\/wp-json\/wp\/v2\/posts\/8448\/revisions"}],"predecessor-version":[{"id":8450,"href":"https:\/\/fadeu.urantiacos.cl\/en\/wp-json\/wp\/v2\/posts\/8448\/revisions\/8450"}],"wp:featuredmedia":[{"embeddable":true,"href":"https:\/\/fadeu.urantiacos.cl\/en\/wp-json\/wp\/v2\/media\/8449"}],"wp:attachment":[{"href":"https:\/\/fadeu.urantiacos.cl\/en\/wp-json\/wp\/v2\/media?parent=8448"}],"wp:term":[{"taxonomy":"category","embeddable":true,"href":"https:\/\/fadeu.urantiacos.cl\/en\/wp-json\/wp\/v2\/categories?post=8448"},{"taxonomy":"post_tag","embeddable":true,"href":"https:\/\/fadeu.urantiacos.cl\/en\/wp-json\/wp\/v2\/tags?post=8448"}],"curies":[{"name":"wp","href":"https:\/\/api.w.org\/{rel}","templated":true}]}}