{"id":8435,"date":"2020-08-17T19:31:00","date_gmt":"2020-08-17T22:31:00","guid":{"rendered":"https:\/\/fadeu.urantiacos.cl\/?p=8435"},"modified":"2023-09-10T19:34:05","modified_gmt":"2023-09-10T22:34:05","slug":"en-marcha-blanca-plataforma-que-reune-publicaciones-de-revistas-arq-y-eure","status":"publish","type":"post","link":"https:\/\/fadeu.urantiacos.cl\/en\/2020\/08\/17\/en-marcha-blanca-plataforma-que-reune-publicaciones-de-revistas-arq-y-eure\/","title":{"rendered":"En marcha blanca plataforma que re\u00fane publicaciones de revistas ARQ y EURE"},"content":{"rendered":"\n<figure class=\"wp-block-image size-full\"><img decoding=\"async\" width=\"350\" height=\"250\" src=\"https:\/\/fadeu.urantiacos.cl\/wp-content\/uploads\/2023\/09\/arqeure.png\" alt=\"\" class=\"wp-image-8436\" srcset=\"https:\/\/fadeu.urantiacos.cl\/wp-content\/uploads\/2023\/09\/arqeure.png 350w, https:\/\/fadeu.urantiacos.cl\/wp-content\/uploads\/2023\/09\/arqeure-300x214.png 300w\" sizes=\"(max-width: 350px) 100vw, 350px\" \/><\/figure>\n\n\n\n<p>Archive ARQ EURE es una plataforma que re\u00fane el archivo de publicaciones de revistas ARQ y EURE en un \u00fanico sitio, permitiendo una combinaci\u00f3n entre cruces tem\u00e1ticos y b\u00fasquedas espec\u00edficas.<\/p>\n\n\n\n<p>Archive ARQ EURE surge como una nueva forma de navegar en m\u00e1s de cuatro d\u00e9cadas de archivos de dos de las revistas de mayor renombre a nivel hispanoamericano en las \u00e1reas de arquitectura, urbanismo y estudios urbanos.<\/p>\n\n\n\n<p>Con una novedosa herramienta de b\u00fasqueda, Archive ARQ EURE no s\u00f3lo facilita las b\u00fasquedas por a\u00f1os, temas, escalas, formatos, autores, a\u00f1os o revistas, sino tambi\u00e9n \u201csugiere\u201d art\u00edculos similares a las b\u00fasquedas realizadas, permitiendo realizar cruces inesperados entre contenidos relacionados.<\/p>\n\n\n\n<p>En esta primera etapa \u2013 de marcha blanca \u2013 Archive ARQ EURE ir\u00e1 completando el fondo disponible para los visitantes. Pronto incorporaremos la herramienta que permitir\u00e1 realizar compilaciones de art\u00edculos para que cada uno de ustedes pueda curar su propio archivo.<\/p>\n\n\n\n<p>Visitar plataforma en el siguiente\u00a0<a rel=\"noreferrer noopener\" href=\"https:\/\/archives.cl\/\" target=\"_blank\">link<\/a><\/p>\n\n\n\n<figure class=\"wp-block-image size-large\"><img decoding=\"async\" width=\"529\" height=\"1024\" src=\"https:\/\/fadeu.urantiacos.cl\/wp-content\/uploads\/2023\/09\/unnamed-529x1024.png\" alt=\"\" class=\"wp-image-8437\" srcset=\"https:\/\/fadeu.urantiacos.cl\/wp-content\/uploads\/2023\/09\/unnamed-529x1024.png 529w, https:\/\/fadeu.urantiacos.cl\/wp-content\/uploads\/2023\/09\/unnamed-155x300.png 155w, https:\/\/fadeu.urantiacos.cl\/wp-content\/uploads\/2023\/09\/unnamed.png 620w\" sizes=\"(max-width: 529px) 100vw, 529px\" \/><\/figure>\n\n\n\n<p>Noticias<br>Contacto:&nbsp;<a href=\"mailto:redesarq@uc.cl\">redesarq@uc.cl<\/a>&nbsp;| +56 2 2354 7747<br>www.arquitectura.uc.cl<\/p>\n","protected":false},"excerpt":{"rendered":"<p>Con el nombre Archive ARQ EURE el sitio permite navegar m\u00e1s de cuatro d\u00e9cadas de archivos de estas dos importantes revistas.<\/p>\n","protected":false},"author":1,"featured_media":8436,"comment_status":"open","ping_status":"open","sticky":false,"template":"","format":"standard","meta":{"_acf_changed":false,"footnotes":""},"categories":[1],"tags":[],"class_list":["post-8435","post","type-post","status-publish","format-standard","has-post-thumbnail","hentry","category-sin-categorizar"],"acf":[],"yoast_head":"<!-- This site is optimized with the Yoast SEO plugin v27.1.1 - https:\/\/yoast.com\/product\/yoast-seo-wordpress\/ -->\n<title>En marcha blanca plataforma que re\u00fane publicaciones de revistas ARQ y EURE - Facultad de Arquitectura, Dise\u00f1o y Estudios Urbanos<\/title>\n<meta name=\"description\" content=\"Con el nombre Archive ARQ EURE el sitio permite navegar m\u00e1s de cuatro d\u00e9cadas de archivos de estas dos importantes revistas.\" \/>\n<meta name=\"robots\" content=\"index, follow, max-snippet:-1, max-image-preview:large, max-video-preview:-1\" \/>\n<link rel=\"canonical\" href=\"https:\/\/fadeu.urantiacos.cl\/en\/2020\/08\/17\/en-marcha-blanca-plataforma-que-reune-publicaciones-de-revistas-arq-y-eure\/\" \/>\n<meta property=\"og:locale\" content=\"en_US\" \/>\n<meta property=\"og:type\" content=\"article\" \/>\n<meta property=\"og:title\" content=\"En marcha blanca plataforma que re\u00fane publicaciones de revistas ARQ y EURE - Facultad de Arquitectura, Dise\u00f1o y Estudios Urbanos\" \/>\n<meta property=\"og:description\" content=\"Con el nombre Archive ARQ EURE el sitio permite navegar m\u00e1s de cuatro d\u00e9cadas de archivos de estas dos importantes revistas.\" \/>\n<meta property=\"og:url\" content=\"https:\/\/fadeu.urantiacos.cl\/en\/2020\/08\/17\/en-marcha-blanca-plataforma-que-reune-publicaciones-de-revistas-arq-y-eure\/\" \/>\n<meta property=\"og:site_name\" content=\"Facultad de Arquitectura, Dise\u00f1o y Estudios Urbanos\" \/>\n<meta property=\"article:published_time\" content=\"2020-08-17T22:31:00+00:00\" \/>\n<meta property=\"article:modified_time\" content=\"2023-09-10T22:34:05+00:00\" \/>\n<meta property=\"og:image\" content=\"https:\/\/fadeu.urantiacos.cl\/wp-content\/uploads\/2023\/09\/arqeure.png\" \/>\n\t<meta property=\"og:image:width\" content=\"350\" \/>\n\t<meta property=\"og:image:height\" content=\"250\" \/>\n\t<meta property=\"og:image:type\" content=\"image\/png\" \/>\n<meta name=\"author\" content=\"manadmin\" \/>\n<meta name=\"twitter:card\" content=\"summary_large_image\" \/>\n<meta name=\"twitter:label1\" content=\"Written by\" \/>\n\t<meta name=\"twitter:data1\" content=\"manadmin\" \/>\n\t<meta name=\"twitter:label2\" content=\"Est. reading time\" \/>\n\t<meta name=\"twitter:data2\" content=\"1 minute\" \/>\n<script type=\"application\/ld+json\" class=\"yoast-schema-graph\">{\"@context\":\"https:\/\/schema.org\",\"@graph\":[{\"@type\":\"Article\",\"@id\":\"https:\/\/fadeu.urantiacos.cl\/en\/2020\/08\/17\/en-marcha-blanca-plataforma-que-reune-publicaciones-de-revistas-arq-y-eure\/#article\",\"isPartOf\":{\"@id\":\"https:\/\/fadeu.urantiacos.cl\/en\/2020\/08\/17\/en-marcha-blanca-plataforma-que-reune-publicaciones-de-revistas-arq-y-eure\/\"},\"author\":{\"name\":\"manadmin\",\"@id\":\"https:\/\/fadeu.urantiacos.cl\/en\/#\/schema\/person\/d203e2e84b1c40275eac77b3061a19a2\"},\"headline\":\"En marcha blanca plataforma que re\u00fane publicaciones de revistas ARQ y EURE\",\"datePublished\":\"2020-08-17T22:31:00+00:00\",\"dateModified\":\"2023-09-10T22:34:05+00:00\",\"mainEntityOfPage\":{\"@id\":\"https:\/\/fadeu.urantiacos.cl\/en\/2020\/08\/17\/en-marcha-blanca-plataforma-que-reune-publicaciones-de-revistas-arq-y-eure\/\"},\"wordCount\":190,\"commentCount\":0,\"image\":{\"@id\":\"https:\/\/fadeu.urantiacos.cl\/en\/2020\/08\/17\/en-marcha-blanca-plataforma-que-reune-publicaciones-de-revistas-arq-y-eure\/#primaryimage\"},\"thumbnailUrl\":\"https:\/\/fadeu.urantiacos.cl\/wp-content\/uploads\/2023\/09\/arqeure.png\",\"articleSection\":[\"Sin categorizar\"],\"inLanguage\":\"en-US\",\"potentialAction\":[{\"@type\":\"CommentAction\",\"name\":\"Comment\",\"target\":[\"https:\/\/fadeu.urantiacos.cl\/en\/2020\/08\/17\/en-marcha-blanca-plataforma-que-reune-publicaciones-de-revistas-arq-y-eure\/#respond\"]}]},{\"@type\":\"WebPage\",\"@id\":\"https:\/\/fadeu.urantiacos.cl\/en\/2020\/08\/17\/en-marcha-blanca-plataforma-que-reune-publicaciones-de-revistas-arq-y-eure\/\",\"url\":\"https:\/\/fadeu.urantiacos.cl\/en\/2020\/08\/17\/en-marcha-blanca-plataforma-que-reune-publicaciones-de-revistas-arq-y-eure\/\",\"name\":\"En marcha blanca plataforma que re\u00fane publicaciones de revistas ARQ y EURE - Facultad de Arquitectura, Dise\u00f1o y Estudios Urbanos\",\"isPartOf\":{\"@id\":\"https:\/\/fadeu.urantiacos.cl\/en\/#website\"},\"primaryImageOfPage\":{\"@id\":\"https:\/\/fadeu.urantiacos.cl\/en\/2020\/08\/17\/en-marcha-blanca-plataforma-que-reune-publicaciones-de-revistas-arq-y-eure\/#primaryimage\"},\"image\":{\"@id\":\"https:\/\/fadeu.urantiacos.cl\/en\/2020\/08\/17\/en-marcha-blanca-plataforma-que-reune-publicaciones-de-revistas-arq-y-eure\/#primaryimage\"},\"thumbnailUrl\":\"https:\/\/fadeu.urantiacos.cl\/wp-content\/uploads\/2023\/09\/arqeure.png\",\"datePublished\":\"2020-08-17T22:31:00+00:00\",\"dateModified\":\"2023-09-10T22:34:05+00:00\",\"author\":{\"@id\":\"https:\/\/fadeu.urantiacos.cl\/en\/#\/schema\/person\/d203e2e84b1c40275eac77b3061a19a2\"},\"description\":\"Con el nombre Archive ARQ EURE el sitio permite navegar m\u00e1s de cuatro d\u00e9cadas de archivos de estas dos importantes revistas.\",\"breadcrumb\":{\"@id\":\"https:\/\/fadeu.urantiacos.cl\/en\/2020\/08\/17\/en-marcha-blanca-plataforma-que-reune-publicaciones-de-revistas-arq-y-eure\/#breadcrumb\"},\"inLanguage\":\"en-US\",\"potentialAction\":[{\"@type\":\"ReadAction\",\"target\":[\"https:\/\/fadeu.urantiacos.cl\/en\/2020\/08\/17\/en-marcha-blanca-plataforma-que-reune-publicaciones-de-revistas-arq-y-eure\/\"]}]},{\"@type\":\"ImageObject\",\"inLanguage\":\"en-US\",\"@id\":\"https:\/\/fadeu.urantiacos.cl\/en\/2020\/08\/17\/en-marcha-blanca-plataforma-que-reune-publicaciones-de-revistas-arq-y-eure\/#primaryimage\",\"url\":\"https:\/\/fadeu.urantiacos.cl\/wp-content\/uploads\/2023\/09\/arqeure.png\",\"contentUrl\":\"https:\/\/fadeu.urantiacos.cl\/wp-content\/uploads\/2023\/09\/arqeure.png\",\"width\":350,\"height\":250},{\"@type\":\"BreadcrumbList\",\"@id\":\"https:\/\/fadeu.urantiacos.cl\/en\/2020\/08\/17\/en-marcha-blanca-plataforma-que-reune-publicaciones-de-revistas-arq-y-eure\/#breadcrumb\",\"itemListElement\":[{\"@type\":\"ListItem\",\"position\":1,\"name\":\"Portada\",\"item\":\"https:\/\/fadeu.urantiacos.cl\/en\/\"},{\"@type\":\"ListItem\",\"position\":2,\"name\":\"En marcha blanca plataforma que re\u00fane publicaciones de revistas ARQ y EURE\"}]},{\"@type\":\"WebSite\",\"@id\":\"https:\/\/fadeu.urantiacos.cl\/en\/#website\",\"url\":\"https:\/\/fadeu.urantiacos.cl\/en\/\",\"name\":\"Facultad de Arquitectura, Dise\u00f1o y Estudios Urbanos\",\"description\":\"Campus Lo Contador\",\"potentialAction\":[{\"@type\":\"SearchAction\",\"target\":{\"@type\":\"EntryPoint\",\"urlTemplate\":\"https:\/\/fadeu.urantiacos.cl\/en\/?s={search_term_string}\"},\"query-input\":{\"@type\":\"PropertyValueSpecification\",\"valueRequired\":true,\"valueName\":\"search_term_string\"}}],\"inLanguage\":\"en-US\"},{\"@type\":\"Person\",\"@id\":\"https:\/\/fadeu.urantiacos.cl\/en\/#\/schema\/person\/d203e2e84b1c40275eac77b3061a19a2\",\"name\":\"manadmin\",\"image\":{\"@type\":\"ImageObject\",\"inLanguage\":\"en-US\",\"@id\":\"https:\/\/fadeu.urantiacos.cl\/en\/#\/schema\/person\/image\/\",\"url\":\"https:\/\/secure.gravatar.com\/avatar\/4b1d8e3303b4a9d8968ac578947d8bc80d9aea359f388cdd4aac15cadc0e8447?s=96&d=mm&r=g\",\"contentUrl\":\"https:\/\/secure.gravatar.com\/avatar\/4b1d8e3303b4a9d8968ac578947d8bc80d9aea359f388cdd4aac15cadc0e8447?s=96&d=mm&r=g\",\"caption\":\"manadmin\"},\"sameAs\":[\"https:\/\/fadeu.urantiacos.cl\"]}]}<\/script>\n<!-- \/ Yoast SEO plugin. -->","yoast_head_json":{"title":"En marcha blanca plataforma que re\u00fane publicaciones de revistas ARQ y EURE - Facultad de Arquitectura, Dise\u00f1o y Estudios Urbanos","description":"Con el nombre Archive ARQ EURE el sitio permite navegar m\u00e1s de cuatro d\u00e9cadas de archivos de estas dos importantes revistas.","robots":{"index":"index","follow":"follow","max-snippet":"max-snippet:-1","max-image-preview":"max-image-preview:large","max-video-preview":"max-video-preview:-1"},"canonical":"https:\/\/fadeu.urantiacos.cl\/en\/2020\/08\/17\/en-marcha-blanca-plataforma-que-reune-publicaciones-de-revistas-arq-y-eure\/","og_locale":"en_US","og_type":"article","og_title":"En marcha blanca plataforma que re\u00fane publicaciones de revistas ARQ y EURE - Facultad de Arquitectura, Dise\u00f1o y Estudios Urbanos","og_description":"Con el nombre Archive ARQ EURE el sitio permite navegar m\u00e1s de cuatro d\u00e9cadas de archivos de estas dos importantes revistas.","og_url":"https:\/\/fadeu.urantiacos.cl\/en\/2020\/08\/17\/en-marcha-blanca-plataforma-que-reune-publicaciones-de-revistas-arq-y-eure\/","og_site_name":"Facultad de Arquitectura, Dise\u00f1o y Estudios Urbanos","article_published_time":"2020-08-17T22:31:00+00:00","article_modified_time":"2023-09-10T22:34:05+00:00","og_image":[{"width":350,"height":250,"url":"https:\/\/fadeu.urantiacos.cl\/wp-content\/uploads\/2023\/09\/arqeure.png","type":"image\/png"}],"author":"manadmin","twitter_card":"summary_large_image","twitter_misc":{"Written by":"manadmin","Est. reading time":"1 minute"},"schema":{"@context":"https:\/\/schema.org","@graph":[{"@type":"Article","@id":"https:\/\/fadeu.urantiacos.cl\/en\/2020\/08\/17\/en-marcha-blanca-plataforma-que-reune-publicaciones-de-revistas-arq-y-eure\/#article","isPartOf":{"@id":"https:\/\/fadeu.urantiacos.cl\/en\/2020\/08\/17\/en-marcha-blanca-plataforma-que-reune-publicaciones-de-revistas-arq-y-eure\/"},"author":{"name":"manadmin","@id":"https:\/\/fadeu.urantiacos.cl\/en\/#\/schema\/person\/d203e2e84b1c40275eac77b3061a19a2"},"headline":"En marcha blanca plataforma que re\u00fane publicaciones de revistas ARQ y EURE","datePublished":"2020-08-17T22:31:00+00:00","dateModified":"2023-09-10T22:34:05+00:00","mainEntityOfPage":{"@id":"https:\/\/fadeu.urantiacos.cl\/en\/2020\/08\/17\/en-marcha-blanca-plataforma-que-reune-publicaciones-de-revistas-arq-y-eure\/"},"wordCount":190,"commentCount":0,"image":{"@id":"https:\/\/fadeu.urantiacos.cl\/en\/2020\/08\/17\/en-marcha-blanca-plataforma-que-reune-publicaciones-de-revistas-arq-y-eure\/#primaryimage"},"thumbnailUrl":"https:\/\/fadeu.urantiacos.cl\/wp-content\/uploads\/2023\/09\/arqeure.png","articleSection":["Sin categorizar"],"inLanguage":"en-US","potentialAction":[{"@type":"CommentAction","name":"Comment","target":["https:\/\/fadeu.urantiacos.cl\/en\/2020\/08\/17\/en-marcha-blanca-plataforma-que-reune-publicaciones-de-revistas-arq-y-eure\/#respond"]}]},{"@type":"WebPage","@id":"https:\/\/fadeu.urantiacos.cl\/en\/2020\/08\/17\/en-marcha-blanca-plataforma-que-reune-publicaciones-de-revistas-arq-y-eure\/","url":"https:\/\/fadeu.urantiacos.cl\/en\/2020\/08\/17\/en-marcha-blanca-plataforma-que-reune-publicaciones-de-revistas-arq-y-eure\/","name":"En marcha blanca plataforma que re\u00fane publicaciones de revistas ARQ y EURE - Facultad de Arquitectura, Dise\u00f1o y Estudios Urbanos","isPartOf":{"@id":"https:\/\/fadeu.urantiacos.cl\/en\/#website"},"primaryImageOfPage":{"@id":"https:\/\/fadeu.urantiacos.cl\/en\/2020\/08\/17\/en-marcha-blanca-plataforma-que-reune-publicaciones-de-revistas-arq-y-eure\/#primaryimage"},"image":{"@id":"https:\/\/fadeu.urantiacos.cl\/en\/2020\/08\/17\/en-marcha-blanca-plataforma-que-reune-publicaciones-de-revistas-arq-y-eure\/#primaryimage"},"thumbnailUrl":"https:\/\/fadeu.urantiacos.cl\/wp-content\/uploads\/2023\/09\/arqeure.png","datePublished":"2020-08-17T22:31:00+00:00","dateModified":"2023-09-10T22:34:05+00:00","author":{"@id":"https:\/\/fadeu.urantiacos.cl\/en\/#\/schema\/person\/d203e2e84b1c40275eac77b3061a19a2"},"description":"Con el nombre Archive ARQ EURE el sitio permite navegar m\u00e1s de cuatro d\u00e9cadas de archivos de estas dos importantes revistas.","breadcrumb":{"@id":"https:\/\/fadeu.urantiacos.cl\/en\/2020\/08\/17\/en-marcha-blanca-plataforma-que-reune-publicaciones-de-revistas-arq-y-eure\/#breadcrumb"},"inLanguage":"en-US","potentialAction":[{"@type":"ReadAction","target":["https:\/\/fadeu.urantiacos.cl\/en\/2020\/08\/17\/en-marcha-blanca-plataforma-que-reune-publicaciones-de-revistas-arq-y-eure\/"]}]},{"@type":"ImageObject","inLanguage":"en-US","@id":"https:\/\/fadeu.urantiacos.cl\/en\/2020\/08\/17\/en-marcha-blanca-plataforma-que-reune-publicaciones-de-revistas-arq-y-eure\/#primaryimage","url":"https:\/\/fadeu.urantiacos.cl\/wp-content\/uploads\/2023\/09\/arqeure.png","contentUrl":"https:\/\/fadeu.urantiacos.cl\/wp-content\/uploads\/2023\/09\/arqeure.png","width":350,"height":250},{"@type":"BreadcrumbList","@id":"https:\/\/fadeu.urantiacos.cl\/en\/2020\/08\/17\/en-marcha-blanca-plataforma-que-reune-publicaciones-de-revistas-arq-y-eure\/#breadcrumb","itemListElement":[{"@type":"ListItem","position":1,"name":"Portada","item":"https:\/\/fadeu.urantiacos.cl\/en\/"},{"@type":"ListItem","position":2,"name":"En marcha blanca plataforma que re\u00fane publicaciones de revistas ARQ y EURE"}]},{"@type":"WebSite","@id":"https:\/\/fadeu.urantiacos.cl\/en\/#website","url":"https:\/\/fadeu.urantiacos.cl\/en\/","name":"Facultad de Arquitectura, Dise\u00f1o y Estudios Urbanos","description":"Campus Lo Contador","potentialAction":[{"@type":"SearchAction","target":{"@type":"EntryPoint","urlTemplate":"https:\/\/fadeu.urantiacos.cl\/en\/?s={search_term_string}"},"query-input":{"@type":"PropertyValueSpecification","valueRequired":true,"valueName":"search_term_string"}}],"inLanguage":"en-US"},{"@type":"Person","@id":"https:\/\/fadeu.urantiacos.cl\/en\/#\/schema\/person\/d203e2e84b1c40275eac77b3061a19a2","name":"manadmin","image":{"@type":"ImageObject","inLanguage":"en-US","@id":"https:\/\/fadeu.urantiacos.cl\/en\/#\/schema\/person\/image\/","url":"https:\/\/secure.gravatar.com\/avatar\/4b1d8e3303b4a9d8968ac578947d8bc80d9aea359f388cdd4aac15cadc0e8447?s=96&d=mm&r=g","contentUrl":"https:\/\/secure.gravatar.com\/avatar\/4b1d8e3303b4a9d8968ac578947d8bc80d9aea359f388cdd4aac15cadc0e8447?s=96&d=mm&r=g","caption":"manadmin"},"sameAs":["https:\/\/fadeu.urantiacos.cl"]}]}},"_links":{"self":[{"href":"https:\/\/fadeu.urantiacos.cl\/en\/wp-json\/wp\/v2\/posts\/8435","targetHints":{"allow":["GET"]}}],"collection":[{"href":"https:\/\/fadeu.urantiacos.cl\/en\/wp-json\/wp\/v2\/posts"}],"about":[{"href":"https:\/\/fadeu.urantiacos.cl\/en\/wp-json\/wp\/v2\/types\/post"}],"author":[{"embeddable":true,"href":"https:\/\/fadeu.urantiacos.cl\/en\/wp-json\/wp\/v2\/users\/1"}],"replies":[{"embeddable":true,"href":"https:\/\/fadeu.urantiacos.cl\/en\/wp-json\/wp\/v2\/comments?post=8435"}],"version-history":[{"count":1,"href":"https:\/\/fadeu.urantiacos.cl\/en\/wp-json\/wp\/v2\/posts\/8435\/revisions"}],"predecessor-version":[{"id":8438,"href":"https:\/\/fadeu.urantiacos.cl\/en\/wp-json\/wp\/v2\/posts\/8435\/revisions\/8438"}],"wp:featuredmedia":[{"embeddable":true,"href":"https:\/\/fadeu.urantiacos.cl\/en\/wp-json\/wp\/v2\/media\/8436"}],"wp:attachment":[{"href":"https:\/\/fadeu.urantiacos.cl\/en\/wp-json\/wp\/v2\/media?parent=8435"}],"wp:term":[{"taxonomy":"category","embeddable":true,"href":"https:\/\/fadeu.urantiacos.cl\/en\/wp-json\/wp\/v2\/categories?post=8435"},{"taxonomy":"post_tag","embeddable":true,"href":"https:\/\/fadeu.urantiacos.cl\/en\/wp-json\/wp\/v2\/tags?post=8435"}],"curies":[{"name":"wp","href":"https:\/\/api.w.org\/{rel}","templated":true}]}}