{"id":8432,"date":"2020-08-18T19:29:00","date_gmt":"2020-08-18T22:29:00","guid":{"rendered":"https:\/\/fadeu.urantiacos.cl\/?p=8432"},"modified":"2023-09-10T19:31:26","modified_gmt":"2023-09-10T22:31:26","slug":"academico-martin-tironi-presentara-articulo-en-conferencia","status":"publish","type":"post","link":"https:\/\/fadeu.urantiacos.cl\/en\/2020\/08\/18\/academico-martin-tironi-presentara-articulo-en-conferencia\/","title":{"rendered":"Acad\u00e9mico Mart\u00edn Tironi presentar\u00e1 art\u00edculo en conferencia"},"content":{"rendered":"\n<figure class=\"wp-block-image size-full\"><img decoding=\"async\" width=\"350\" height=\"250\" src=\"https:\/\/fadeu.urantiacos.cl\/wp-content\/uploads\/2023\/09\/MARTINtironi_web.jpg\" alt=\"\" class=\"wp-image-8433\" srcset=\"https:\/\/fadeu.urantiacos.cl\/wp-content\/uploads\/2023\/09\/MARTINtironi_web.jpg 350w, https:\/\/fadeu.urantiacos.cl\/wp-content\/uploads\/2023\/09\/MARTINtironi_web-300x214.jpg 300w\" sizes=\"(max-width: 350px) 100vw, 350px\" \/><\/figure>\n\n\n\n<p>En la presentaci\u00f3n Inhabiting The Algorithm, se aborda los resultados del proyecto interdisciplinario Identidades Algor\u00edtmicas, realizado en colaboraci\u00f3n con el Centre for Interdisciplinary Methodologies de la Universidad de Warkic, UK.<\/p>\n\n\n\n<p>El segundo trabajo se titula, Experimenting with the Social Life of Homes: Sensor Governmentality and Mundane Frictions, desarrollado junto al investigador Mat\u00edas Valderrama. En este art\u00edculo se analiza una experimentaci\u00f3n del Estado chileno que busca, mediante la instalaci\u00f3n de sensores digitales en hogares de diferentes ciudades del pa\u00eds, generar una gran base de datos p\u00fablica sobre el comportamiento ambiental de los hogares en sus condiciones reales y a lo largo de todo su ciclo de vida. Con esta informaci\u00f3n se espera avanzar en una toma de decisi\u00f3n guiada por datos reales y mejorar regulaciones sobre construcci\u00f3n sustentable. Recogiendo contribuciones te\u00f3ricas de los estudios de la gubernamentalidad, el art\u00edculo explora el tipo de \u201cgubernamentalidad algor\u00edtmica\u201d que esta experimentaci\u00f3n digital y a cielo abierto, produce.<\/p>\n","protected":false},"excerpt":{"rendered":"<p>El acad\u00e9mico Mart\u00edn Tironi presentar\u00e1 dos art\u00edculos en la conferencia Anual Locating and Timing Matters: Significance and agency of STS in emerging worlds. Esta conferencia re\u00fane a la comunidad interdisciplinaria abocada a los Science and Technology Studies (STS)<\/p>\n","protected":false},"author":1,"featured_media":8433,"comment_status":"open","ping_status":"open","sticky":false,"template":"","format":"standard","meta":{"_acf_changed":false,"footnotes":""},"categories":[1],"tags":[],"class_list":["post-8432","post","type-post","status-publish","format-standard","has-post-thumbnail","hentry","category-sin-categorizar"],"acf":[],"yoast_head":"<!-- This site is optimized with the Yoast SEO plugin v27.1.1 - https:\/\/yoast.com\/product\/yoast-seo-wordpress\/ -->\n<title>Acad\u00e9mico Mart\u00edn Tironi presentar\u00e1 art\u00edculo en conferencia - Facultad de Arquitectura, Dise\u00f1o y Estudios Urbanos<\/title>\n<meta name=\"description\" content=\"El acad\u00e9mico Mart\u00edn Tironi presentar\u00e1 dos art\u00edculos en la conferencia Anual Locating and Timing Matters: Significance and agency of STS in emerging worlds. Esta conferencia re\u00fane a la comunidad interdisciplinaria abocada a los Science and Technology Studies (STS)\" \/>\n<meta name=\"robots\" content=\"index, follow, max-snippet:-1, max-image-preview:large, max-video-preview:-1\" \/>\n<link rel=\"canonical\" href=\"https:\/\/fadeu.urantiacos.cl\/en\/2020\/08\/18\/academico-martin-tironi-presentara-articulo-en-conferencia\/\" \/>\n<meta property=\"og:locale\" content=\"en_US\" \/>\n<meta property=\"og:type\" content=\"article\" \/>\n<meta property=\"og:title\" content=\"Acad\u00e9mico Mart\u00edn Tironi presentar\u00e1 art\u00edculo en conferencia - Facultad de Arquitectura, Dise\u00f1o y Estudios Urbanos\" \/>\n<meta property=\"og:description\" content=\"El acad\u00e9mico Mart\u00edn Tironi presentar\u00e1 dos art\u00edculos en la conferencia Anual Locating and Timing Matters: Significance and agency of STS in emerging worlds. Esta conferencia re\u00fane a la comunidad interdisciplinaria abocada a los Science and Technology Studies (STS)\" \/>\n<meta property=\"og:url\" content=\"https:\/\/fadeu.urantiacos.cl\/en\/2020\/08\/18\/academico-martin-tironi-presentara-articulo-en-conferencia\/\" \/>\n<meta property=\"og:site_name\" content=\"Facultad de Arquitectura, Dise\u00f1o y Estudios Urbanos\" \/>\n<meta property=\"article:published_time\" content=\"2020-08-18T22:29:00+00:00\" \/>\n<meta property=\"article:modified_time\" content=\"2023-09-10T22:31:26+00:00\" \/>\n<meta property=\"og:image\" content=\"https:\/\/fadeu.urantiacos.cl\/wp-content\/uploads\/2023\/09\/MARTINtironi_web.jpg\" \/>\n\t<meta property=\"og:image:width\" content=\"350\" \/>\n\t<meta property=\"og:image:height\" content=\"250\" \/>\n\t<meta property=\"og:image:type\" content=\"image\/jpeg\" \/>\n<meta name=\"author\" content=\"manadmin\" \/>\n<meta name=\"twitter:card\" content=\"summary_large_image\" \/>\n<meta name=\"twitter:label1\" content=\"Written by\" \/>\n\t<meta name=\"twitter:data1\" content=\"manadmin\" \/>\n\t<meta name=\"twitter:label2\" content=\"Est. reading time\" \/>\n\t<meta name=\"twitter:data2\" content=\"1 minute\" \/>\n<script type=\"application\/ld+json\" class=\"yoast-schema-graph\">{\"@context\":\"https:\/\/schema.org\",\"@graph\":[{\"@type\":\"Article\",\"@id\":\"https:\/\/fadeu.urantiacos.cl\/en\/2020\/08\/18\/academico-martin-tironi-presentara-articulo-en-conferencia\/#article\",\"isPartOf\":{\"@id\":\"https:\/\/fadeu.urantiacos.cl\/en\/2020\/08\/18\/academico-martin-tironi-presentara-articulo-en-conferencia\/\"},\"author\":{\"name\":\"manadmin\",\"@id\":\"https:\/\/fadeu.urantiacos.cl\/en\/#\/schema\/person\/d203e2e84b1c40275eac77b3061a19a2\"},\"headline\":\"Acad\u00e9mico Mart\u00edn Tironi presentar\u00e1 art\u00edculo en conferencia\",\"datePublished\":\"2020-08-18T22:29:00+00:00\",\"dateModified\":\"2023-09-10T22:31:26+00:00\",\"mainEntityOfPage\":{\"@id\":\"https:\/\/fadeu.urantiacos.cl\/en\/2020\/08\/18\/academico-martin-tironi-presentara-articulo-en-conferencia\/\"},\"wordCount\":179,\"commentCount\":0,\"image\":{\"@id\":\"https:\/\/fadeu.urantiacos.cl\/en\/2020\/08\/18\/academico-martin-tironi-presentara-articulo-en-conferencia\/#primaryimage\"},\"thumbnailUrl\":\"https:\/\/fadeu.urantiacos.cl\/wp-content\/uploads\/2023\/09\/MARTINtironi_web.jpg\",\"articleSection\":[\"Sin categorizar\"],\"inLanguage\":\"en-US\",\"potentialAction\":[{\"@type\":\"CommentAction\",\"name\":\"Comment\",\"target\":[\"https:\/\/fadeu.urantiacos.cl\/en\/2020\/08\/18\/academico-martin-tironi-presentara-articulo-en-conferencia\/#respond\"]}]},{\"@type\":\"WebPage\",\"@id\":\"https:\/\/fadeu.urantiacos.cl\/en\/2020\/08\/18\/academico-martin-tironi-presentara-articulo-en-conferencia\/\",\"url\":\"https:\/\/fadeu.urantiacos.cl\/en\/2020\/08\/18\/academico-martin-tironi-presentara-articulo-en-conferencia\/\",\"name\":\"Acad\u00e9mico Mart\u00edn Tironi presentar\u00e1 art\u00edculo en conferencia - Facultad de Arquitectura, Dise\u00f1o y Estudios Urbanos\",\"isPartOf\":{\"@id\":\"https:\/\/fadeu.urantiacos.cl\/en\/#website\"},\"primaryImageOfPage\":{\"@id\":\"https:\/\/fadeu.urantiacos.cl\/en\/2020\/08\/18\/academico-martin-tironi-presentara-articulo-en-conferencia\/#primaryimage\"},\"image\":{\"@id\":\"https:\/\/fadeu.urantiacos.cl\/en\/2020\/08\/18\/academico-martin-tironi-presentara-articulo-en-conferencia\/#primaryimage\"},\"thumbnailUrl\":\"https:\/\/fadeu.urantiacos.cl\/wp-content\/uploads\/2023\/09\/MARTINtironi_web.jpg\",\"datePublished\":\"2020-08-18T22:29:00+00:00\",\"dateModified\":\"2023-09-10T22:31:26+00:00\",\"author\":{\"@id\":\"https:\/\/fadeu.urantiacos.cl\/en\/#\/schema\/person\/d203e2e84b1c40275eac77b3061a19a2\"},\"description\":\"El acad\u00e9mico Mart\u00edn Tironi presentar\u00e1 dos art\u00edculos en la conferencia Anual Locating and Timing Matters: Significance and agency of STS in emerging worlds. Esta conferencia re\u00fane a la comunidad interdisciplinaria abocada a los Science and Technology Studies (STS)\",\"breadcrumb\":{\"@id\":\"https:\/\/fadeu.urantiacos.cl\/en\/2020\/08\/18\/academico-martin-tironi-presentara-articulo-en-conferencia\/#breadcrumb\"},\"inLanguage\":\"en-US\",\"potentialAction\":[{\"@type\":\"ReadAction\",\"target\":[\"https:\/\/fadeu.urantiacos.cl\/en\/2020\/08\/18\/academico-martin-tironi-presentara-articulo-en-conferencia\/\"]}]},{\"@type\":\"ImageObject\",\"inLanguage\":\"en-US\",\"@id\":\"https:\/\/fadeu.urantiacos.cl\/en\/2020\/08\/18\/academico-martin-tironi-presentara-articulo-en-conferencia\/#primaryimage\",\"url\":\"https:\/\/fadeu.urantiacos.cl\/wp-content\/uploads\/2023\/09\/MARTINtironi_web.jpg\",\"contentUrl\":\"https:\/\/fadeu.urantiacos.cl\/wp-content\/uploads\/2023\/09\/MARTINtironi_web.jpg\",\"width\":350,\"height\":250},{\"@type\":\"BreadcrumbList\",\"@id\":\"https:\/\/fadeu.urantiacos.cl\/en\/2020\/08\/18\/academico-martin-tironi-presentara-articulo-en-conferencia\/#breadcrumb\",\"itemListElement\":[{\"@type\":\"ListItem\",\"position\":1,\"name\":\"Portada\",\"item\":\"https:\/\/fadeu.urantiacos.cl\/en\/\"},{\"@type\":\"ListItem\",\"position\":2,\"name\":\"Acad\u00e9mico Mart\u00edn Tironi presentar\u00e1 art\u00edculo en conferencia\"}]},{\"@type\":\"WebSite\",\"@id\":\"https:\/\/fadeu.urantiacos.cl\/en\/#website\",\"url\":\"https:\/\/fadeu.urantiacos.cl\/en\/\",\"name\":\"Facultad de Arquitectura, Dise\u00f1o y Estudios Urbanos\",\"description\":\"Campus Lo Contador\",\"potentialAction\":[{\"@type\":\"SearchAction\",\"target\":{\"@type\":\"EntryPoint\",\"urlTemplate\":\"https:\/\/fadeu.urantiacos.cl\/en\/?s={search_term_string}\"},\"query-input\":{\"@type\":\"PropertyValueSpecification\",\"valueRequired\":true,\"valueName\":\"search_term_string\"}}],\"inLanguage\":\"en-US\"},{\"@type\":\"Person\",\"@id\":\"https:\/\/fadeu.urantiacos.cl\/en\/#\/schema\/person\/d203e2e84b1c40275eac77b3061a19a2\",\"name\":\"manadmin\",\"image\":{\"@type\":\"ImageObject\",\"inLanguage\":\"en-US\",\"@id\":\"https:\/\/fadeu.urantiacos.cl\/en\/#\/schema\/person\/image\/\",\"url\":\"https:\/\/secure.gravatar.com\/avatar\/4b1d8e3303b4a9d8968ac578947d8bc80d9aea359f388cdd4aac15cadc0e8447?s=96&d=mm&r=g\",\"contentUrl\":\"https:\/\/secure.gravatar.com\/avatar\/4b1d8e3303b4a9d8968ac578947d8bc80d9aea359f388cdd4aac15cadc0e8447?s=96&d=mm&r=g\",\"caption\":\"manadmin\"},\"sameAs\":[\"https:\/\/fadeu.urantiacos.cl\"]}]}<\/script>\n<!-- \/ Yoast SEO plugin. -->","yoast_head_json":{"title":"Acad\u00e9mico Mart\u00edn Tironi presentar\u00e1 art\u00edculo en conferencia - Facultad de Arquitectura, Dise\u00f1o y Estudios Urbanos","description":"El acad\u00e9mico Mart\u00edn Tironi presentar\u00e1 dos art\u00edculos en la conferencia Anual Locating and Timing Matters: Significance and agency of STS in emerging worlds. Esta conferencia re\u00fane a la comunidad interdisciplinaria abocada a los Science and Technology Studies (STS)","robots":{"index":"index","follow":"follow","max-snippet":"max-snippet:-1","max-image-preview":"max-image-preview:large","max-video-preview":"max-video-preview:-1"},"canonical":"https:\/\/fadeu.urantiacos.cl\/en\/2020\/08\/18\/academico-martin-tironi-presentara-articulo-en-conferencia\/","og_locale":"en_US","og_type":"article","og_title":"Acad\u00e9mico Mart\u00edn Tironi presentar\u00e1 art\u00edculo en conferencia - Facultad de Arquitectura, Dise\u00f1o y Estudios Urbanos","og_description":"El acad\u00e9mico Mart\u00edn Tironi presentar\u00e1 dos art\u00edculos en la conferencia Anual Locating and Timing Matters: Significance and agency of STS in emerging worlds. Esta conferencia re\u00fane a la comunidad interdisciplinaria abocada a los Science and Technology Studies (STS)","og_url":"https:\/\/fadeu.urantiacos.cl\/en\/2020\/08\/18\/academico-martin-tironi-presentara-articulo-en-conferencia\/","og_site_name":"Facultad de Arquitectura, Dise\u00f1o y Estudios Urbanos","article_published_time":"2020-08-18T22:29:00+00:00","article_modified_time":"2023-09-10T22:31:26+00:00","og_image":[{"width":350,"height":250,"url":"https:\/\/fadeu.urantiacos.cl\/wp-content\/uploads\/2023\/09\/MARTINtironi_web.jpg","type":"image\/jpeg"}],"author":"manadmin","twitter_card":"summary_large_image","twitter_misc":{"Written by":"manadmin","Est. reading time":"1 minute"},"schema":{"@context":"https:\/\/schema.org","@graph":[{"@type":"Article","@id":"https:\/\/fadeu.urantiacos.cl\/en\/2020\/08\/18\/academico-martin-tironi-presentara-articulo-en-conferencia\/#article","isPartOf":{"@id":"https:\/\/fadeu.urantiacos.cl\/en\/2020\/08\/18\/academico-martin-tironi-presentara-articulo-en-conferencia\/"},"author":{"name":"manadmin","@id":"https:\/\/fadeu.urantiacos.cl\/en\/#\/schema\/person\/d203e2e84b1c40275eac77b3061a19a2"},"headline":"Acad\u00e9mico Mart\u00edn Tironi presentar\u00e1 art\u00edculo en conferencia","datePublished":"2020-08-18T22:29:00+00:00","dateModified":"2023-09-10T22:31:26+00:00","mainEntityOfPage":{"@id":"https:\/\/fadeu.urantiacos.cl\/en\/2020\/08\/18\/academico-martin-tironi-presentara-articulo-en-conferencia\/"},"wordCount":179,"commentCount":0,"image":{"@id":"https:\/\/fadeu.urantiacos.cl\/en\/2020\/08\/18\/academico-martin-tironi-presentara-articulo-en-conferencia\/#primaryimage"},"thumbnailUrl":"https:\/\/fadeu.urantiacos.cl\/wp-content\/uploads\/2023\/09\/MARTINtironi_web.jpg","articleSection":["Sin categorizar"],"inLanguage":"en-US","potentialAction":[{"@type":"CommentAction","name":"Comment","target":["https:\/\/fadeu.urantiacos.cl\/en\/2020\/08\/18\/academico-martin-tironi-presentara-articulo-en-conferencia\/#respond"]}]},{"@type":"WebPage","@id":"https:\/\/fadeu.urantiacos.cl\/en\/2020\/08\/18\/academico-martin-tironi-presentara-articulo-en-conferencia\/","url":"https:\/\/fadeu.urantiacos.cl\/en\/2020\/08\/18\/academico-martin-tironi-presentara-articulo-en-conferencia\/","name":"Acad\u00e9mico Mart\u00edn Tironi presentar\u00e1 art\u00edculo en conferencia - Facultad de Arquitectura, Dise\u00f1o y Estudios Urbanos","isPartOf":{"@id":"https:\/\/fadeu.urantiacos.cl\/en\/#website"},"primaryImageOfPage":{"@id":"https:\/\/fadeu.urantiacos.cl\/en\/2020\/08\/18\/academico-martin-tironi-presentara-articulo-en-conferencia\/#primaryimage"},"image":{"@id":"https:\/\/fadeu.urantiacos.cl\/en\/2020\/08\/18\/academico-martin-tironi-presentara-articulo-en-conferencia\/#primaryimage"},"thumbnailUrl":"https:\/\/fadeu.urantiacos.cl\/wp-content\/uploads\/2023\/09\/MARTINtironi_web.jpg","datePublished":"2020-08-18T22:29:00+00:00","dateModified":"2023-09-10T22:31:26+00:00","author":{"@id":"https:\/\/fadeu.urantiacos.cl\/en\/#\/schema\/person\/d203e2e84b1c40275eac77b3061a19a2"},"description":"El acad\u00e9mico Mart\u00edn Tironi presentar\u00e1 dos art\u00edculos en la conferencia Anual Locating and Timing Matters: Significance and agency of STS in emerging worlds. Esta conferencia re\u00fane a la comunidad interdisciplinaria abocada a los Science and Technology Studies (STS)","breadcrumb":{"@id":"https:\/\/fadeu.urantiacos.cl\/en\/2020\/08\/18\/academico-martin-tironi-presentara-articulo-en-conferencia\/#breadcrumb"},"inLanguage":"en-US","potentialAction":[{"@type":"ReadAction","target":["https:\/\/fadeu.urantiacos.cl\/en\/2020\/08\/18\/academico-martin-tironi-presentara-articulo-en-conferencia\/"]}]},{"@type":"ImageObject","inLanguage":"en-US","@id":"https:\/\/fadeu.urantiacos.cl\/en\/2020\/08\/18\/academico-martin-tironi-presentara-articulo-en-conferencia\/#primaryimage","url":"https:\/\/fadeu.urantiacos.cl\/wp-content\/uploads\/2023\/09\/MARTINtironi_web.jpg","contentUrl":"https:\/\/fadeu.urantiacos.cl\/wp-content\/uploads\/2023\/09\/MARTINtironi_web.jpg","width":350,"height":250},{"@type":"BreadcrumbList","@id":"https:\/\/fadeu.urantiacos.cl\/en\/2020\/08\/18\/academico-martin-tironi-presentara-articulo-en-conferencia\/#breadcrumb","itemListElement":[{"@type":"ListItem","position":1,"name":"Portada","item":"https:\/\/fadeu.urantiacos.cl\/en\/"},{"@type":"ListItem","position":2,"name":"Acad\u00e9mico Mart\u00edn Tironi presentar\u00e1 art\u00edculo en conferencia"}]},{"@type":"WebSite","@id":"https:\/\/fadeu.urantiacos.cl\/en\/#website","url":"https:\/\/fadeu.urantiacos.cl\/en\/","name":"Facultad de Arquitectura, Dise\u00f1o y Estudios Urbanos","description":"Campus Lo Contador","potentialAction":[{"@type":"SearchAction","target":{"@type":"EntryPoint","urlTemplate":"https:\/\/fadeu.urantiacos.cl\/en\/?s={search_term_string}"},"query-input":{"@type":"PropertyValueSpecification","valueRequired":true,"valueName":"search_term_string"}}],"inLanguage":"en-US"},{"@type":"Person","@id":"https:\/\/fadeu.urantiacos.cl\/en\/#\/schema\/person\/d203e2e84b1c40275eac77b3061a19a2","name":"manadmin","image":{"@type":"ImageObject","inLanguage":"en-US","@id":"https:\/\/fadeu.urantiacos.cl\/en\/#\/schema\/person\/image\/","url":"https:\/\/secure.gravatar.com\/avatar\/4b1d8e3303b4a9d8968ac578947d8bc80d9aea359f388cdd4aac15cadc0e8447?s=96&d=mm&r=g","contentUrl":"https:\/\/secure.gravatar.com\/avatar\/4b1d8e3303b4a9d8968ac578947d8bc80d9aea359f388cdd4aac15cadc0e8447?s=96&d=mm&r=g","caption":"manadmin"},"sameAs":["https:\/\/fadeu.urantiacos.cl"]}]}},"_links":{"self":[{"href":"https:\/\/fadeu.urantiacos.cl\/en\/wp-json\/wp\/v2\/posts\/8432","targetHints":{"allow":["GET"]}}],"collection":[{"href":"https:\/\/fadeu.urantiacos.cl\/en\/wp-json\/wp\/v2\/posts"}],"about":[{"href":"https:\/\/fadeu.urantiacos.cl\/en\/wp-json\/wp\/v2\/types\/post"}],"author":[{"embeddable":true,"href":"https:\/\/fadeu.urantiacos.cl\/en\/wp-json\/wp\/v2\/users\/1"}],"replies":[{"embeddable":true,"href":"https:\/\/fadeu.urantiacos.cl\/en\/wp-json\/wp\/v2\/comments?post=8432"}],"version-history":[{"count":1,"href":"https:\/\/fadeu.urantiacos.cl\/en\/wp-json\/wp\/v2\/posts\/8432\/revisions"}],"predecessor-version":[{"id":8434,"href":"https:\/\/fadeu.urantiacos.cl\/en\/wp-json\/wp\/v2\/posts\/8432\/revisions\/8434"}],"wp:featuredmedia":[{"embeddable":true,"href":"https:\/\/fadeu.urantiacos.cl\/en\/wp-json\/wp\/v2\/media\/8433"}],"wp:attachment":[{"href":"https:\/\/fadeu.urantiacos.cl\/en\/wp-json\/wp\/v2\/media?parent=8432"}],"wp:term":[{"taxonomy":"category","embeddable":true,"href":"https:\/\/fadeu.urantiacos.cl\/en\/wp-json\/wp\/v2\/categories?post=8432"},{"taxonomy":"post_tag","embeddable":true,"href":"https:\/\/fadeu.urantiacos.cl\/en\/wp-json\/wp\/v2\/tags?post=8432"}],"curies":[{"name":"wp","href":"https:\/\/api.w.org\/{rel}","templated":true}]}}