{"id":8429,"date":"2020-08-18T19:28:00","date_gmt":"2020-08-18T22:28:00","guid":{"rendered":"https:\/\/fadeu.urantiacos.cl\/?p=8429"},"modified":"2023-09-10T19:29:54","modified_gmt":"2023-09-10T22:29:54","slug":"bienvenida-novatos-2o-semestre","status":"publish","type":"post","link":"https:\/\/fadeu.urantiacos.cl\/en\/2020\/08\/18\/bienvenida-novatos-2o-semestre\/","title":{"rendered":"Bienvenida Novatos 2\u00ba Semestre"},"content":{"rendered":"\n<figure class=\"wp-block-image size-full\"><img decoding=\"async\" width=\"350\" height=\"250\" src=\"https:\/\/fadeu.urantiacos.cl\/wp-content\/uploads\/2023\/09\/bienvenidanovatosdno2.jpg\" alt=\"\" class=\"wp-image-8430\" srcset=\"https:\/\/fadeu.urantiacos.cl\/wp-content\/uploads\/2023\/09\/bienvenidanovatosdno2.jpg 350w, https:\/\/fadeu.urantiacos.cl\/wp-content\/uploads\/2023\/09\/bienvenidanovatosdno2-300x214.jpg 300w\" sizes=\"(max-width: 350px) 100vw, 350px\" \/><\/figure>\n\n\n\n<p>Con la participaci\u00f3n del cuerpo de profesores y administrativos que acompa\u00f1ar\u00e1n a los estudiantes durante este primer periodo, adem\u00e1s de la presencia del Decano de la Facultad, Mario Ubilla y el Director de la Escuela, Rodrigo Ram\u00edrez, se dio inicio oficial a este segundo semestre 2020.<\/p>\n\n\n\n<p>En la cita, que en esta oportunidad fue en modalidad online, se entregaron los saludos de las autoridades, quienes enfatizaron la particularidad del periodo que les est\u00e1 tocando vivir en su primera experiencia universitaria. El decano Mario Ubilla destac\u00f3 el rol del dise\u00f1o en contingencias como las que se est\u00e1n viviendo, destacando la capacidad de adaptaci\u00f3n de la disciplina.<\/p>\n\n\n\n<p>Por su parte, Rodrigo Ram\u00edrez, director de Dise\u00f1o UC, sostuvo lo importante de \u201centender que como dise\u00f1adores podemos trabajar en la incertidumbre\u201d Desde ah\u00ed, destac\u00f3 el importante trabajo hecho desde la escuela para dise\u00f1ar nuevas formas de interactuar y entregar los contenidos, procurando mantener su formaci\u00f3n.<\/p>\n","protected":false},"excerpt":{"rendered":"<p>Un nuevo semestre inici\u00f3 y siguiendo con la tradici\u00f3n, el pasado lunes se llev\u00f3 a cabo la bienvenida a los Novatos que se incorporan a la comunidad de Dise\u00f1o UC este segundo semestre 2020.<\/p>\n","protected":false},"author":1,"featured_media":8430,"comment_status":"open","ping_status":"open","sticky":false,"template":"","format":"standard","meta":{"_acf_changed":false,"footnotes":""},"categories":[1],"tags":[],"class_list":["post-8429","post","type-post","status-publish","format-standard","has-post-thumbnail","hentry","category-sin-categorizar"],"acf":[],"yoast_head":"<!-- This site is optimized with the Yoast SEO plugin v27.1.1 - https:\/\/yoast.com\/product\/yoast-seo-wordpress\/ -->\n<title>Bienvenida Novatos 2\u00ba Semestre - Facultad de Arquitectura, Dise\u00f1o y Estudios Urbanos<\/title>\n<meta name=\"description\" content=\"Un nuevo semestre inici\u00f3 y siguiendo con la tradici\u00f3n, el pasado lunes se llev\u00f3 a cabo la bienvenida a los Novatos que se incorporan a la comunidad de Dise\u00f1o UC este segundo semestre 2020.\" \/>\n<meta name=\"robots\" content=\"index, follow, max-snippet:-1, max-image-preview:large, max-video-preview:-1\" \/>\n<link rel=\"canonical\" href=\"https:\/\/fadeu.urantiacos.cl\/en\/2020\/08\/18\/bienvenida-novatos-2o-semestre\/\" \/>\n<meta property=\"og:locale\" content=\"en_US\" \/>\n<meta property=\"og:type\" content=\"article\" \/>\n<meta property=\"og:title\" content=\"Bienvenida Novatos 2\u00ba Semestre - Facultad de Arquitectura, Dise\u00f1o y Estudios Urbanos\" \/>\n<meta property=\"og:description\" content=\"Un nuevo semestre inici\u00f3 y siguiendo con la tradici\u00f3n, el pasado lunes se llev\u00f3 a cabo la bienvenida a los Novatos que se incorporan a la comunidad de Dise\u00f1o UC este segundo semestre 2020.\" \/>\n<meta property=\"og:url\" content=\"https:\/\/fadeu.urantiacos.cl\/en\/2020\/08\/18\/bienvenida-novatos-2o-semestre\/\" \/>\n<meta property=\"og:site_name\" content=\"Facultad de Arquitectura, Dise\u00f1o y Estudios Urbanos\" \/>\n<meta property=\"article:published_time\" content=\"2020-08-18T22:28:00+00:00\" \/>\n<meta property=\"article:modified_time\" content=\"2023-09-10T22:29:54+00:00\" \/>\n<meta property=\"og:image\" content=\"https:\/\/fadeu.urantiacos.cl\/wp-content\/uploads\/2023\/09\/bienvenidanovatosdno2.jpg\" \/>\n\t<meta property=\"og:image:width\" content=\"350\" \/>\n\t<meta property=\"og:image:height\" content=\"250\" \/>\n\t<meta property=\"og:image:type\" content=\"image\/jpeg\" \/>\n<meta name=\"author\" content=\"manadmin\" \/>\n<meta name=\"twitter:card\" content=\"summary_large_image\" \/>\n<meta name=\"twitter:label1\" content=\"Written by\" \/>\n\t<meta name=\"twitter:data1\" content=\"manadmin\" \/>\n\t<meta name=\"twitter:label2\" content=\"Est. reading time\" \/>\n\t<meta name=\"twitter:data2\" content=\"1 minute\" \/>\n<script type=\"application\/ld+json\" class=\"yoast-schema-graph\">{\"@context\":\"https:\/\/schema.org\",\"@graph\":[{\"@type\":\"Article\",\"@id\":\"https:\/\/fadeu.urantiacos.cl\/en\/2020\/08\/18\/bienvenida-novatos-2o-semestre\/#article\",\"isPartOf\":{\"@id\":\"https:\/\/fadeu.urantiacos.cl\/en\/2020\/08\/18\/bienvenida-novatos-2o-semestre\/\"},\"author\":{\"name\":\"manadmin\",\"@id\":\"https:\/\/fadeu.urantiacos.cl\/en\/#\/schema\/person\/d203e2e84b1c40275eac77b3061a19a2\"},\"headline\":\"Bienvenida Novatos 2\u00ba Semestre\",\"datePublished\":\"2020-08-18T22:28:00+00:00\",\"dateModified\":\"2023-09-10T22:29:54+00:00\",\"mainEntityOfPage\":{\"@id\":\"https:\/\/fadeu.urantiacos.cl\/en\/2020\/08\/18\/bienvenida-novatos-2o-semestre\/\"},\"wordCount\":166,\"commentCount\":0,\"image\":{\"@id\":\"https:\/\/fadeu.urantiacos.cl\/en\/2020\/08\/18\/bienvenida-novatos-2o-semestre\/#primaryimage\"},\"thumbnailUrl\":\"https:\/\/fadeu.urantiacos.cl\/wp-content\/uploads\/2023\/09\/bienvenidanovatosdno2.jpg\",\"articleSection\":[\"Sin categorizar\"],\"inLanguage\":\"en-US\",\"potentialAction\":[{\"@type\":\"CommentAction\",\"name\":\"Comment\",\"target\":[\"https:\/\/fadeu.urantiacos.cl\/en\/2020\/08\/18\/bienvenida-novatos-2o-semestre\/#respond\"]}]},{\"@type\":\"WebPage\",\"@id\":\"https:\/\/fadeu.urantiacos.cl\/en\/2020\/08\/18\/bienvenida-novatos-2o-semestre\/\",\"url\":\"https:\/\/fadeu.urantiacos.cl\/en\/2020\/08\/18\/bienvenida-novatos-2o-semestre\/\",\"name\":\"Bienvenida Novatos 2\u00ba Semestre - Facultad de Arquitectura, Dise\u00f1o y Estudios Urbanos\",\"isPartOf\":{\"@id\":\"https:\/\/fadeu.urantiacos.cl\/en\/#website\"},\"primaryImageOfPage\":{\"@id\":\"https:\/\/fadeu.urantiacos.cl\/en\/2020\/08\/18\/bienvenida-novatos-2o-semestre\/#primaryimage\"},\"image\":{\"@id\":\"https:\/\/fadeu.urantiacos.cl\/en\/2020\/08\/18\/bienvenida-novatos-2o-semestre\/#primaryimage\"},\"thumbnailUrl\":\"https:\/\/fadeu.urantiacos.cl\/wp-content\/uploads\/2023\/09\/bienvenidanovatosdno2.jpg\",\"datePublished\":\"2020-08-18T22:28:00+00:00\",\"dateModified\":\"2023-09-10T22:29:54+00:00\",\"author\":{\"@id\":\"https:\/\/fadeu.urantiacos.cl\/en\/#\/schema\/person\/d203e2e84b1c40275eac77b3061a19a2\"},\"description\":\"Un nuevo semestre inici\u00f3 y siguiendo con la tradici\u00f3n, el pasado lunes se llev\u00f3 a cabo la bienvenida a los Novatos que se incorporan a la comunidad de Dise\u00f1o UC este segundo semestre 2020.\",\"breadcrumb\":{\"@id\":\"https:\/\/fadeu.urantiacos.cl\/en\/2020\/08\/18\/bienvenida-novatos-2o-semestre\/#breadcrumb\"},\"inLanguage\":\"en-US\",\"potentialAction\":[{\"@type\":\"ReadAction\",\"target\":[\"https:\/\/fadeu.urantiacos.cl\/en\/2020\/08\/18\/bienvenida-novatos-2o-semestre\/\"]}]},{\"@type\":\"ImageObject\",\"inLanguage\":\"en-US\",\"@id\":\"https:\/\/fadeu.urantiacos.cl\/en\/2020\/08\/18\/bienvenida-novatos-2o-semestre\/#primaryimage\",\"url\":\"https:\/\/fadeu.urantiacos.cl\/wp-content\/uploads\/2023\/09\/bienvenidanovatosdno2.jpg\",\"contentUrl\":\"https:\/\/fadeu.urantiacos.cl\/wp-content\/uploads\/2023\/09\/bienvenidanovatosdno2.jpg\",\"width\":350,\"height\":250},{\"@type\":\"BreadcrumbList\",\"@id\":\"https:\/\/fadeu.urantiacos.cl\/en\/2020\/08\/18\/bienvenida-novatos-2o-semestre\/#breadcrumb\",\"itemListElement\":[{\"@type\":\"ListItem\",\"position\":1,\"name\":\"Portada\",\"item\":\"https:\/\/fadeu.urantiacos.cl\/en\/\"},{\"@type\":\"ListItem\",\"position\":2,\"name\":\"Bienvenida Novatos 2\u00ba Semestre\"}]},{\"@type\":\"WebSite\",\"@id\":\"https:\/\/fadeu.urantiacos.cl\/en\/#website\",\"url\":\"https:\/\/fadeu.urantiacos.cl\/en\/\",\"name\":\"Facultad de Arquitectura, Dise\u00f1o y Estudios Urbanos\",\"description\":\"Campus Lo Contador\",\"potentialAction\":[{\"@type\":\"SearchAction\",\"target\":{\"@type\":\"EntryPoint\",\"urlTemplate\":\"https:\/\/fadeu.urantiacos.cl\/en\/?s={search_term_string}\"},\"query-input\":{\"@type\":\"PropertyValueSpecification\",\"valueRequired\":true,\"valueName\":\"search_term_string\"}}],\"inLanguage\":\"en-US\"},{\"@type\":\"Person\",\"@id\":\"https:\/\/fadeu.urantiacos.cl\/en\/#\/schema\/person\/d203e2e84b1c40275eac77b3061a19a2\",\"name\":\"manadmin\",\"image\":{\"@type\":\"ImageObject\",\"inLanguage\":\"en-US\",\"@id\":\"https:\/\/fadeu.urantiacos.cl\/en\/#\/schema\/person\/image\/\",\"url\":\"https:\/\/secure.gravatar.com\/avatar\/4b1d8e3303b4a9d8968ac578947d8bc80d9aea359f388cdd4aac15cadc0e8447?s=96&d=mm&r=g\",\"contentUrl\":\"https:\/\/secure.gravatar.com\/avatar\/4b1d8e3303b4a9d8968ac578947d8bc80d9aea359f388cdd4aac15cadc0e8447?s=96&d=mm&r=g\",\"caption\":\"manadmin\"},\"sameAs\":[\"https:\/\/fadeu.urantiacos.cl\"]}]}<\/script>\n<!-- \/ Yoast SEO plugin. -->","yoast_head_json":{"title":"Bienvenida Novatos 2\u00ba Semestre - Facultad de Arquitectura, Dise\u00f1o y Estudios Urbanos","description":"Un nuevo semestre inici\u00f3 y siguiendo con la tradici\u00f3n, el pasado lunes se llev\u00f3 a cabo la bienvenida a los Novatos que se incorporan a la comunidad de Dise\u00f1o UC este segundo semestre 2020.","robots":{"index":"index","follow":"follow","max-snippet":"max-snippet:-1","max-image-preview":"max-image-preview:large","max-video-preview":"max-video-preview:-1"},"canonical":"https:\/\/fadeu.urantiacos.cl\/en\/2020\/08\/18\/bienvenida-novatos-2o-semestre\/","og_locale":"en_US","og_type":"article","og_title":"Bienvenida Novatos 2\u00ba Semestre - Facultad de Arquitectura, Dise\u00f1o y Estudios Urbanos","og_description":"Un nuevo semestre inici\u00f3 y siguiendo con la tradici\u00f3n, el pasado lunes se llev\u00f3 a cabo la bienvenida a los Novatos que se incorporan a la comunidad de Dise\u00f1o UC este segundo semestre 2020.","og_url":"https:\/\/fadeu.urantiacos.cl\/en\/2020\/08\/18\/bienvenida-novatos-2o-semestre\/","og_site_name":"Facultad de Arquitectura, Dise\u00f1o y Estudios Urbanos","article_published_time":"2020-08-18T22:28:00+00:00","article_modified_time":"2023-09-10T22:29:54+00:00","og_image":[{"width":350,"height":250,"url":"https:\/\/fadeu.urantiacos.cl\/wp-content\/uploads\/2023\/09\/bienvenidanovatosdno2.jpg","type":"image\/jpeg"}],"author":"manadmin","twitter_card":"summary_large_image","twitter_misc":{"Written by":"manadmin","Est. reading time":"1 minute"},"schema":{"@context":"https:\/\/schema.org","@graph":[{"@type":"Article","@id":"https:\/\/fadeu.urantiacos.cl\/en\/2020\/08\/18\/bienvenida-novatos-2o-semestre\/#article","isPartOf":{"@id":"https:\/\/fadeu.urantiacos.cl\/en\/2020\/08\/18\/bienvenida-novatos-2o-semestre\/"},"author":{"name":"manadmin","@id":"https:\/\/fadeu.urantiacos.cl\/en\/#\/schema\/person\/d203e2e84b1c40275eac77b3061a19a2"},"headline":"Bienvenida Novatos 2\u00ba Semestre","datePublished":"2020-08-18T22:28:00+00:00","dateModified":"2023-09-10T22:29:54+00:00","mainEntityOfPage":{"@id":"https:\/\/fadeu.urantiacos.cl\/en\/2020\/08\/18\/bienvenida-novatos-2o-semestre\/"},"wordCount":166,"commentCount":0,"image":{"@id":"https:\/\/fadeu.urantiacos.cl\/en\/2020\/08\/18\/bienvenida-novatos-2o-semestre\/#primaryimage"},"thumbnailUrl":"https:\/\/fadeu.urantiacos.cl\/wp-content\/uploads\/2023\/09\/bienvenidanovatosdno2.jpg","articleSection":["Sin categorizar"],"inLanguage":"en-US","potentialAction":[{"@type":"CommentAction","name":"Comment","target":["https:\/\/fadeu.urantiacos.cl\/en\/2020\/08\/18\/bienvenida-novatos-2o-semestre\/#respond"]}]},{"@type":"WebPage","@id":"https:\/\/fadeu.urantiacos.cl\/en\/2020\/08\/18\/bienvenida-novatos-2o-semestre\/","url":"https:\/\/fadeu.urantiacos.cl\/en\/2020\/08\/18\/bienvenida-novatos-2o-semestre\/","name":"Bienvenida Novatos 2\u00ba Semestre - Facultad de Arquitectura, Dise\u00f1o y Estudios Urbanos","isPartOf":{"@id":"https:\/\/fadeu.urantiacos.cl\/en\/#website"},"primaryImageOfPage":{"@id":"https:\/\/fadeu.urantiacos.cl\/en\/2020\/08\/18\/bienvenida-novatos-2o-semestre\/#primaryimage"},"image":{"@id":"https:\/\/fadeu.urantiacos.cl\/en\/2020\/08\/18\/bienvenida-novatos-2o-semestre\/#primaryimage"},"thumbnailUrl":"https:\/\/fadeu.urantiacos.cl\/wp-content\/uploads\/2023\/09\/bienvenidanovatosdno2.jpg","datePublished":"2020-08-18T22:28:00+00:00","dateModified":"2023-09-10T22:29:54+00:00","author":{"@id":"https:\/\/fadeu.urantiacos.cl\/en\/#\/schema\/person\/d203e2e84b1c40275eac77b3061a19a2"},"description":"Un nuevo semestre inici\u00f3 y siguiendo con la tradici\u00f3n, el pasado lunes se llev\u00f3 a cabo la bienvenida a los Novatos que se incorporan a la comunidad de Dise\u00f1o UC este segundo semestre 2020.","breadcrumb":{"@id":"https:\/\/fadeu.urantiacos.cl\/en\/2020\/08\/18\/bienvenida-novatos-2o-semestre\/#breadcrumb"},"inLanguage":"en-US","potentialAction":[{"@type":"ReadAction","target":["https:\/\/fadeu.urantiacos.cl\/en\/2020\/08\/18\/bienvenida-novatos-2o-semestre\/"]}]},{"@type":"ImageObject","inLanguage":"en-US","@id":"https:\/\/fadeu.urantiacos.cl\/en\/2020\/08\/18\/bienvenida-novatos-2o-semestre\/#primaryimage","url":"https:\/\/fadeu.urantiacos.cl\/wp-content\/uploads\/2023\/09\/bienvenidanovatosdno2.jpg","contentUrl":"https:\/\/fadeu.urantiacos.cl\/wp-content\/uploads\/2023\/09\/bienvenidanovatosdno2.jpg","width":350,"height":250},{"@type":"BreadcrumbList","@id":"https:\/\/fadeu.urantiacos.cl\/en\/2020\/08\/18\/bienvenida-novatos-2o-semestre\/#breadcrumb","itemListElement":[{"@type":"ListItem","position":1,"name":"Portada","item":"https:\/\/fadeu.urantiacos.cl\/en\/"},{"@type":"ListItem","position":2,"name":"Bienvenida Novatos 2\u00ba Semestre"}]},{"@type":"WebSite","@id":"https:\/\/fadeu.urantiacos.cl\/en\/#website","url":"https:\/\/fadeu.urantiacos.cl\/en\/","name":"Facultad de Arquitectura, Dise\u00f1o y Estudios Urbanos","description":"Campus Lo Contador","potentialAction":[{"@type":"SearchAction","target":{"@type":"EntryPoint","urlTemplate":"https:\/\/fadeu.urantiacos.cl\/en\/?s={search_term_string}"},"query-input":{"@type":"PropertyValueSpecification","valueRequired":true,"valueName":"search_term_string"}}],"inLanguage":"en-US"},{"@type":"Person","@id":"https:\/\/fadeu.urantiacos.cl\/en\/#\/schema\/person\/d203e2e84b1c40275eac77b3061a19a2","name":"manadmin","image":{"@type":"ImageObject","inLanguage":"en-US","@id":"https:\/\/fadeu.urantiacos.cl\/en\/#\/schema\/person\/image\/","url":"https:\/\/secure.gravatar.com\/avatar\/4b1d8e3303b4a9d8968ac578947d8bc80d9aea359f388cdd4aac15cadc0e8447?s=96&d=mm&r=g","contentUrl":"https:\/\/secure.gravatar.com\/avatar\/4b1d8e3303b4a9d8968ac578947d8bc80d9aea359f388cdd4aac15cadc0e8447?s=96&d=mm&r=g","caption":"manadmin"},"sameAs":["https:\/\/fadeu.urantiacos.cl"]}]}},"_links":{"self":[{"href":"https:\/\/fadeu.urantiacos.cl\/en\/wp-json\/wp\/v2\/posts\/8429","targetHints":{"allow":["GET"]}}],"collection":[{"href":"https:\/\/fadeu.urantiacos.cl\/en\/wp-json\/wp\/v2\/posts"}],"about":[{"href":"https:\/\/fadeu.urantiacos.cl\/en\/wp-json\/wp\/v2\/types\/post"}],"author":[{"embeddable":true,"href":"https:\/\/fadeu.urantiacos.cl\/en\/wp-json\/wp\/v2\/users\/1"}],"replies":[{"embeddable":true,"href":"https:\/\/fadeu.urantiacos.cl\/en\/wp-json\/wp\/v2\/comments?post=8429"}],"version-history":[{"count":1,"href":"https:\/\/fadeu.urantiacos.cl\/en\/wp-json\/wp\/v2\/posts\/8429\/revisions"}],"predecessor-version":[{"id":8431,"href":"https:\/\/fadeu.urantiacos.cl\/en\/wp-json\/wp\/v2\/posts\/8429\/revisions\/8431"}],"wp:featuredmedia":[{"embeddable":true,"href":"https:\/\/fadeu.urantiacos.cl\/en\/wp-json\/wp\/v2\/media\/8430"}],"wp:attachment":[{"href":"https:\/\/fadeu.urantiacos.cl\/en\/wp-json\/wp\/v2\/media?parent=8429"}],"wp:term":[{"taxonomy":"category","embeddable":true,"href":"https:\/\/fadeu.urantiacos.cl\/en\/wp-json\/wp\/v2\/categories?post=8429"},{"taxonomy":"post_tag","embeddable":true,"href":"https:\/\/fadeu.urantiacos.cl\/en\/wp-json\/wp\/v2\/tags?post=8429"}],"curies":[{"name":"wp","href":"https:\/\/api.w.org\/{rel}","templated":true}]}}