{"id":8426,"date":"2020-08-18T19:26:00","date_gmt":"2020-08-18T22:26:00","guid":{"rendered":"https:\/\/fadeu.urantiacos.cl\/?p=8426"},"modified":"2023-09-10T19:28:14","modified_gmt":"2023-09-10T22:28:14","slug":"texto-pedro-alvarez-y-alejandra-neira","status":"publish","type":"post","link":"https:\/\/fadeu.urantiacos.cl\/en\/2020\/08\/18\/texto-pedro-alvarez-y-alejandra-neira\/","title":{"rendered":"Texto Pedro \u00c1lvarez y Alejandra Neira"},"content":{"rendered":"\n<figure class=\"wp-block-image size-full\"><img decoding=\"async\" width=\"350\" height=\"250\" src=\"https:\/\/fadeu.urantiacos.cl\/wp-content\/uploads\/2023\/09\/alvarez_neira_web.png\" alt=\"\" class=\"wp-image-8427\" srcset=\"https:\/\/fadeu.urantiacos.cl\/wp-content\/uploads\/2023\/09\/alvarez_neira_web.png 350w, https:\/\/fadeu.urantiacos.cl\/wp-content\/uploads\/2023\/09\/alvarez_neira_web-300x214.png 300w\" sizes=\"(max-width: 350px) 100vw, 350px\" \/><\/figure>\n\n\n\n<p>En el texto, \u00c1lvarez y Neira retoman las definiciones sobre modernidad y posmodernidad para caracterizar aquella nueva producci\u00f3n gr\u00e1fica chilena que surge a mediados de los 80, desde donde abordan aspectos como el contexto pol\u00edtico y sociocultural del per\u00edodo estudiado que coincide con la reapertura democr\u00e1tica en Chile. En ese contexto, se analiza la emergencia de las tecnolog\u00edas digitales, las cuales supusieron un cambio de hondo calado en las pr\u00e1cticas profesionales del dise\u00f1o gr\u00e1fico, y la presencia de otros actores, nuevos espacios y nuevos c\u00f3digos visuales en un per\u00edodo que en Chile estuvo signado por una profunda reestructuraci\u00f3n pol\u00edtica, institucional y cultural.<\/p>\n\n\n\n<p>Dise\u00f1o latinoamericano: diez miradas a una historia en construcci\u00f3n&nbsp;re\u00fane ensayos escritos por autores de diferentes instituciones universitarias para abordar la historiograf\u00eda del dise\u00f1o desde M\u00e9xico, Venezuela, Colombia, Chile, Brasil y Argentina.<\/p>\n\n\n\n<p>Una publicaci\u00f3n de la Editorial Utadeo, sello editorial de la Universidad de Bogot\u00e1 Jorge Tadeo Lozano, en colaboraci\u00f3n con el Polit\u00e9cnico Grancolombiano y la Universidad Santo Tom\u00e1s.<\/p>\n\n\n\n<p>INFORMACI\u00d3N PERIOD\u00cdSTICA<br>ESCUELA DE DISE\u00d1O UC<\/p>\n","protected":false},"excerpt":{"rendered":"<p>Pedro \u00c1lvarez y Alejandra Neira, participaron del reci\u00e9n publicado libro Dise\u00f1o latinoamericano: diez miradas a una historia en construcci\u00f3n a trav\u00e9s del texto Formas imposibles: expresi\u00f3n y tecnolog\u00eda del dise\u00f1o gr\u00e1fico posmoderno en Chile (1985-2000), desde donde proponen un an\u00e1lisis de los discursos y pr\u00e1cticas surgidos entre los a\u00f1os 1985 y 2000, a prop\u00f3sito de una producci\u00f3n gr\u00e1fica disruptiva respecto de sus antecedentes.<\/p>\n","protected":false},"author":1,"featured_media":8427,"comment_status":"open","ping_status":"open","sticky":false,"template":"","format":"standard","meta":{"_acf_changed":false,"footnotes":""},"categories":[1],"tags":[],"class_list":["post-8426","post","type-post","status-publish","format-standard","has-post-thumbnail","hentry","category-sin-categorizar"],"acf":[],"yoast_head":"<!-- This site is optimized with the Yoast SEO plugin v27.1.1 - https:\/\/yoast.com\/product\/yoast-seo-wordpress\/ -->\n<title>Texto Pedro \u00c1lvarez y Alejandra Neira - Facultad de Arquitectura, Dise\u00f1o y Estudios Urbanos<\/title>\n<meta name=\"description\" content=\"Pedro \u00c1lvarez y Alejandra Neira, participaron del reci\u00e9n publicado libro Dise\u00f1o latinoamericano: diez miradas a una historia en construcci\u00f3n a trav\u00e9s del texto Formas imposibles: expresi\u00f3n y tecnolog\u00eda del dise\u00f1o gr\u00e1fico posmoderno en Chile (1985-2000), desde donde proponen un an\u00e1lisis de los discursos y pr\u00e1cticas surgidos entre los a\u00f1os 1985 y 2000, a prop\u00f3sito de una producci\u00f3n gr\u00e1fica disruptiva respecto de sus antecedentes.\" \/>\n<meta name=\"robots\" content=\"index, follow, max-snippet:-1, max-image-preview:large, max-video-preview:-1\" \/>\n<link rel=\"canonical\" href=\"https:\/\/fadeu.urantiacos.cl\/en\/2020\/08\/18\/texto-pedro-alvarez-y-alejandra-neira\/\" \/>\n<meta property=\"og:locale\" content=\"en_US\" \/>\n<meta property=\"og:type\" content=\"article\" \/>\n<meta property=\"og:title\" content=\"Texto Pedro \u00c1lvarez y Alejandra Neira - Facultad de Arquitectura, Dise\u00f1o y Estudios Urbanos\" \/>\n<meta property=\"og:description\" content=\"Pedro \u00c1lvarez y Alejandra Neira, participaron del reci\u00e9n publicado libro Dise\u00f1o latinoamericano: diez miradas a una historia en construcci\u00f3n a trav\u00e9s del texto Formas imposibles: expresi\u00f3n y tecnolog\u00eda del dise\u00f1o gr\u00e1fico posmoderno en Chile (1985-2000), desde donde proponen un an\u00e1lisis de los discursos y pr\u00e1cticas surgidos entre los a\u00f1os 1985 y 2000, a prop\u00f3sito de una producci\u00f3n gr\u00e1fica disruptiva respecto de sus antecedentes.\" \/>\n<meta property=\"og:url\" content=\"https:\/\/fadeu.urantiacos.cl\/en\/2020\/08\/18\/texto-pedro-alvarez-y-alejandra-neira\/\" \/>\n<meta property=\"og:site_name\" content=\"Facultad de Arquitectura, Dise\u00f1o y Estudios Urbanos\" \/>\n<meta property=\"article:published_time\" content=\"2020-08-18T22:26:00+00:00\" \/>\n<meta property=\"article:modified_time\" content=\"2023-09-10T22:28:14+00:00\" \/>\n<meta property=\"og:image\" content=\"https:\/\/fadeu.urantiacos.cl\/wp-content\/uploads\/2023\/09\/alvarez_neira_web.png\" \/>\n\t<meta property=\"og:image:width\" content=\"350\" \/>\n\t<meta property=\"og:image:height\" content=\"250\" \/>\n\t<meta property=\"og:image:type\" content=\"image\/png\" \/>\n<meta name=\"author\" content=\"manadmin\" \/>\n<meta name=\"twitter:card\" content=\"summary_large_image\" \/>\n<meta name=\"twitter:label1\" content=\"Written by\" \/>\n\t<meta name=\"twitter:data1\" content=\"manadmin\" \/>\n\t<meta name=\"twitter:label2\" content=\"Est. reading time\" \/>\n\t<meta name=\"twitter:data2\" content=\"1 minute\" \/>\n<script type=\"application\/ld+json\" class=\"yoast-schema-graph\">{\"@context\":\"https:\/\/schema.org\",\"@graph\":[{\"@type\":\"Article\",\"@id\":\"https:\/\/fadeu.urantiacos.cl\/en\/2020\/08\/18\/texto-pedro-alvarez-y-alejandra-neira\/#article\",\"isPartOf\":{\"@id\":\"https:\/\/fadeu.urantiacos.cl\/en\/2020\/08\/18\/texto-pedro-alvarez-y-alejandra-neira\/\"},\"author\":{\"name\":\"manadmin\",\"@id\":\"https:\/\/fadeu.urantiacos.cl\/en\/#\/schema\/person\/d203e2e84b1c40275eac77b3061a19a2\"},\"headline\":\"Texto Pedro \u00c1lvarez y Alejandra Neira\",\"datePublished\":\"2020-08-18T22:26:00+00:00\",\"dateModified\":\"2023-09-10T22:28:14+00:00\",\"mainEntityOfPage\":{\"@id\":\"https:\/\/fadeu.urantiacos.cl\/en\/2020\/08\/18\/texto-pedro-alvarez-y-alejandra-neira\/\"},\"wordCount\":198,\"commentCount\":0,\"image\":{\"@id\":\"https:\/\/fadeu.urantiacos.cl\/en\/2020\/08\/18\/texto-pedro-alvarez-y-alejandra-neira\/#primaryimage\"},\"thumbnailUrl\":\"https:\/\/fadeu.urantiacos.cl\/wp-content\/uploads\/2023\/09\/alvarez_neira_web.png\",\"articleSection\":[\"Sin categorizar\"],\"inLanguage\":\"en-US\",\"potentialAction\":[{\"@type\":\"CommentAction\",\"name\":\"Comment\",\"target\":[\"https:\/\/fadeu.urantiacos.cl\/en\/2020\/08\/18\/texto-pedro-alvarez-y-alejandra-neira\/#respond\"]}]},{\"@type\":\"WebPage\",\"@id\":\"https:\/\/fadeu.urantiacos.cl\/en\/2020\/08\/18\/texto-pedro-alvarez-y-alejandra-neira\/\",\"url\":\"https:\/\/fadeu.urantiacos.cl\/en\/2020\/08\/18\/texto-pedro-alvarez-y-alejandra-neira\/\",\"name\":\"Texto Pedro \u00c1lvarez y Alejandra Neira - Facultad de Arquitectura, Dise\u00f1o y Estudios Urbanos\",\"isPartOf\":{\"@id\":\"https:\/\/fadeu.urantiacos.cl\/en\/#website\"},\"primaryImageOfPage\":{\"@id\":\"https:\/\/fadeu.urantiacos.cl\/en\/2020\/08\/18\/texto-pedro-alvarez-y-alejandra-neira\/#primaryimage\"},\"image\":{\"@id\":\"https:\/\/fadeu.urantiacos.cl\/en\/2020\/08\/18\/texto-pedro-alvarez-y-alejandra-neira\/#primaryimage\"},\"thumbnailUrl\":\"https:\/\/fadeu.urantiacos.cl\/wp-content\/uploads\/2023\/09\/alvarez_neira_web.png\",\"datePublished\":\"2020-08-18T22:26:00+00:00\",\"dateModified\":\"2023-09-10T22:28:14+00:00\",\"author\":{\"@id\":\"https:\/\/fadeu.urantiacos.cl\/en\/#\/schema\/person\/d203e2e84b1c40275eac77b3061a19a2\"},\"description\":\"Pedro \u00c1lvarez y Alejandra Neira, participaron del reci\u00e9n publicado libro Dise\u00f1o latinoamericano: diez miradas a una historia en construcci\u00f3n a trav\u00e9s del texto Formas imposibles: expresi\u00f3n y tecnolog\u00eda del dise\u00f1o gr\u00e1fico posmoderno en Chile (1985-2000), desde donde proponen un an\u00e1lisis de los discursos y pr\u00e1cticas surgidos entre los a\u00f1os 1985 y 2000, a prop\u00f3sito de una producci\u00f3n gr\u00e1fica disruptiva respecto de sus antecedentes.\",\"breadcrumb\":{\"@id\":\"https:\/\/fadeu.urantiacos.cl\/en\/2020\/08\/18\/texto-pedro-alvarez-y-alejandra-neira\/#breadcrumb\"},\"inLanguage\":\"en-US\",\"potentialAction\":[{\"@type\":\"ReadAction\",\"target\":[\"https:\/\/fadeu.urantiacos.cl\/en\/2020\/08\/18\/texto-pedro-alvarez-y-alejandra-neira\/\"]}]},{\"@type\":\"ImageObject\",\"inLanguage\":\"en-US\",\"@id\":\"https:\/\/fadeu.urantiacos.cl\/en\/2020\/08\/18\/texto-pedro-alvarez-y-alejandra-neira\/#primaryimage\",\"url\":\"https:\/\/fadeu.urantiacos.cl\/wp-content\/uploads\/2023\/09\/alvarez_neira_web.png\",\"contentUrl\":\"https:\/\/fadeu.urantiacos.cl\/wp-content\/uploads\/2023\/09\/alvarez_neira_web.png\",\"width\":350,\"height\":250},{\"@type\":\"BreadcrumbList\",\"@id\":\"https:\/\/fadeu.urantiacos.cl\/en\/2020\/08\/18\/texto-pedro-alvarez-y-alejandra-neira\/#breadcrumb\",\"itemListElement\":[{\"@type\":\"ListItem\",\"position\":1,\"name\":\"Portada\",\"item\":\"https:\/\/fadeu.urantiacos.cl\/en\/\"},{\"@type\":\"ListItem\",\"position\":2,\"name\":\"Texto Pedro \u00c1lvarez y Alejandra Neira\"}]},{\"@type\":\"WebSite\",\"@id\":\"https:\/\/fadeu.urantiacos.cl\/en\/#website\",\"url\":\"https:\/\/fadeu.urantiacos.cl\/en\/\",\"name\":\"Facultad de Arquitectura, Dise\u00f1o y Estudios Urbanos\",\"description\":\"Campus Lo Contador\",\"potentialAction\":[{\"@type\":\"SearchAction\",\"target\":{\"@type\":\"EntryPoint\",\"urlTemplate\":\"https:\/\/fadeu.urantiacos.cl\/en\/?s={search_term_string}\"},\"query-input\":{\"@type\":\"PropertyValueSpecification\",\"valueRequired\":true,\"valueName\":\"search_term_string\"}}],\"inLanguage\":\"en-US\"},{\"@type\":\"Person\",\"@id\":\"https:\/\/fadeu.urantiacos.cl\/en\/#\/schema\/person\/d203e2e84b1c40275eac77b3061a19a2\",\"name\":\"manadmin\",\"image\":{\"@type\":\"ImageObject\",\"inLanguage\":\"en-US\",\"@id\":\"https:\/\/fadeu.urantiacos.cl\/en\/#\/schema\/person\/image\/\",\"url\":\"https:\/\/secure.gravatar.com\/avatar\/4b1d8e3303b4a9d8968ac578947d8bc80d9aea359f388cdd4aac15cadc0e8447?s=96&d=mm&r=g\",\"contentUrl\":\"https:\/\/secure.gravatar.com\/avatar\/4b1d8e3303b4a9d8968ac578947d8bc80d9aea359f388cdd4aac15cadc0e8447?s=96&d=mm&r=g\",\"caption\":\"manadmin\"},\"sameAs\":[\"https:\/\/fadeu.urantiacos.cl\"]}]}<\/script>\n<!-- \/ Yoast SEO plugin. -->","yoast_head_json":{"title":"Texto Pedro \u00c1lvarez y Alejandra Neira - Facultad de Arquitectura, Dise\u00f1o y Estudios Urbanos","description":"Pedro \u00c1lvarez y Alejandra Neira, participaron del reci\u00e9n publicado libro Dise\u00f1o latinoamericano: diez miradas a una historia en construcci\u00f3n a trav\u00e9s del texto Formas imposibles: expresi\u00f3n y tecnolog\u00eda del dise\u00f1o gr\u00e1fico posmoderno en Chile (1985-2000), desde donde proponen un an\u00e1lisis de los discursos y pr\u00e1cticas surgidos entre los a\u00f1os 1985 y 2000, a prop\u00f3sito de una producci\u00f3n gr\u00e1fica disruptiva respecto de sus antecedentes.","robots":{"index":"index","follow":"follow","max-snippet":"max-snippet:-1","max-image-preview":"max-image-preview:large","max-video-preview":"max-video-preview:-1"},"canonical":"https:\/\/fadeu.urantiacos.cl\/en\/2020\/08\/18\/texto-pedro-alvarez-y-alejandra-neira\/","og_locale":"en_US","og_type":"article","og_title":"Texto Pedro \u00c1lvarez y Alejandra Neira - Facultad de Arquitectura, Dise\u00f1o y Estudios Urbanos","og_description":"Pedro \u00c1lvarez y Alejandra Neira, participaron del reci\u00e9n publicado libro Dise\u00f1o latinoamericano: diez miradas a una historia en construcci\u00f3n a trav\u00e9s del texto Formas imposibles: expresi\u00f3n y tecnolog\u00eda del dise\u00f1o gr\u00e1fico posmoderno en Chile (1985-2000), desde donde proponen un an\u00e1lisis de los discursos y pr\u00e1cticas surgidos entre los a\u00f1os 1985 y 2000, a prop\u00f3sito de una producci\u00f3n gr\u00e1fica disruptiva respecto de sus antecedentes.","og_url":"https:\/\/fadeu.urantiacos.cl\/en\/2020\/08\/18\/texto-pedro-alvarez-y-alejandra-neira\/","og_site_name":"Facultad de Arquitectura, Dise\u00f1o y Estudios Urbanos","article_published_time":"2020-08-18T22:26:00+00:00","article_modified_time":"2023-09-10T22:28:14+00:00","og_image":[{"width":350,"height":250,"url":"https:\/\/fadeu.urantiacos.cl\/wp-content\/uploads\/2023\/09\/alvarez_neira_web.png","type":"image\/png"}],"author":"manadmin","twitter_card":"summary_large_image","twitter_misc":{"Written by":"manadmin","Est. reading time":"1 minute"},"schema":{"@context":"https:\/\/schema.org","@graph":[{"@type":"Article","@id":"https:\/\/fadeu.urantiacos.cl\/en\/2020\/08\/18\/texto-pedro-alvarez-y-alejandra-neira\/#article","isPartOf":{"@id":"https:\/\/fadeu.urantiacos.cl\/en\/2020\/08\/18\/texto-pedro-alvarez-y-alejandra-neira\/"},"author":{"name":"manadmin","@id":"https:\/\/fadeu.urantiacos.cl\/en\/#\/schema\/person\/d203e2e84b1c40275eac77b3061a19a2"},"headline":"Texto Pedro \u00c1lvarez y Alejandra Neira","datePublished":"2020-08-18T22:26:00+00:00","dateModified":"2023-09-10T22:28:14+00:00","mainEntityOfPage":{"@id":"https:\/\/fadeu.urantiacos.cl\/en\/2020\/08\/18\/texto-pedro-alvarez-y-alejandra-neira\/"},"wordCount":198,"commentCount":0,"image":{"@id":"https:\/\/fadeu.urantiacos.cl\/en\/2020\/08\/18\/texto-pedro-alvarez-y-alejandra-neira\/#primaryimage"},"thumbnailUrl":"https:\/\/fadeu.urantiacos.cl\/wp-content\/uploads\/2023\/09\/alvarez_neira_web.png","articleSection":["Sin categorizar"],"inLanguage":"en-US","potentialAction":[{"@type":"CommentAction","name":"Comment","target":["https:\/\/fadeu.urantiacos.cl\/en\/2020\/08\/18\/texto-pedro-alvarez-y-alejandra-neira\/#respond"]}]},{"@type":"WebPage","@id":"https:\/\/fadeu.urantiacos.cl\/en\/2020\/08\/18\/texto-pedro-alvarez-y-alejandra-neira\/","url":"https:\/\/fadeu.urantiacos.cl\/en\/2020\/08\/18\/texto-pedro-alvarez-y-alejandra-neira\/","name":"Texto Pedro \u00c1lvarez y Alejandra Neira - Facultad de Arquitectura, Dise\u00f1o y Estudios Urbanos","isPartOf":{"@id":"https:\/\/fadeu.urantiacos.cl\/en\/#website"},"primaryImageOfPage":{"@id":"https:\/\/fadeu.urantiacos.cl\/en\/2020\/08\/18\/texto-pedro-alvarez-y-alejandra-neira\/#primaryimage"},"image":{"@id":"https:\/\/fadeu.urantiacos.cl\/en\/2020\/08\/18\/texto-pedro-alvarez-y-alejandra-neira\/#primaryimage"},"thumbnailUrl":"https:\/\/fadeu.urantiacos.cl\/wp-content\/uploads\/2023\/09\/alvarez_neira_web.png","datePublished":"2020-08-18T22:26:00+00:00","dateModified":"2023-09-10T22:28:14+00:00","author":{"@id":"https:\/\/fadeu.urantiacos.cl\/en\/#\/schema\/person\/d203e2e84b1c40275eac77b3061a19a2"},"description":"Pedro \u00c1lvarez y Alejandra Neira, participaron del reci\u00e9n publicado libro Dise\u00f1o latinoamericano: diez miradas a una historia en construcci\u00f3n a trav\u00e9s del texto Formas imposibles: expresi\u00f3n y tecnolog\u00eda del dise\u00f1o gr\u00e1fico posmoderno en Chile (1985-2000), desde donde proponen un an\u00e1lisis de los discursos y pr\u00e1cticas surgidos entre los a\u00f1os 1985 y 2000, a prop\u00f3sito de una producci\u00f3n gr\u00e1fica disruptiva respecto de sus antecedentes.","breadcrumb":{"@id":"https:\/\/fadeu.urantiacos.cl\/en\/2020\/08\/18\/texto-pedro-alvarez-y-alejandra-neira\/#breadcrumb"},"inLanguage":"en-US","potentialAction":[{"@type":"ReadAction","target":["https:\/\/fadeu.urantiacos.cl\/en\/2020\/08\/18\/texto-pedro-alvarez-y-alejandra-neira\/"]}]},{"@type":"ImageObject","inLanguage":"en-US","@id":"https:\/\/fadeu.urantiacos.cl\/en\/2020\/08\/18\/texto-pedro-alvarez-y-alejandra-neira\/#primaryimage","url":"https:\/\/fadeu.urantiacos.cl\/wp-content\/uploads\/2023\/09\/alvarez_neira_web.png","contentUrl":"https:\/\/fadeu.urantiacos.cl\/wp-content\/uploads\/2023\/09\/alvarez_neira_web.png","width":350,"height":250},{"@type":"BreadcrumbList","@id":"https:\/\/fadeu.urantiacos.cl\/en\/2020\/08\/18\/texto-pedro-alvarez-y-alejandra-neira\/#breadcrumb","itemListElement":[{"@type":"ListItem","position":1,"name":"Portada","item":"https:\/\/fadeu.urantiacos.cl\/en\/"},{"@type":"ListItem","position":2,"name":"Texto Pedro \u00c1lvarez y Alejandra Neira"}]},{"@type":"WebSite","@id":"https:\/\/fadeu.urantiacos.cl\/en\/#website","url":"https:\/\/fadeu.urantiacos.cl\/en\/","name":"Facultad de Arquitectura, Dise\u00f1o y Estudios Urbanos","description":"Campus Lo Contador","potentialAction":[{"@type":"SearchAction","target":{"@type":"EntryPoint","urlTemplate":"https:\/\/fadeu.urantiacos.cl\/en\/?s={search_term_string}"},"query-input":{"@type":"PropertyValueSpecification","valueRequired":true,"valueName":"search_term_string"}}],"inLanguage":"en-US"},{"@type":"Person","@id":"https:\/\/fadeu.urantiacos.cl\/en\/#\/schema\/person\/d203e2e84b1c40275eac77b3061a19a2","name":"manadmin","image":{"@type":"ImageObject","inLanguage":"en-US","@id":"https:\/\/fadeu.urantiacos.cl\/en\/#\/schema\/person\/image\/","url":"https:\/\/secure.gravatar.com\/avatar\/4b1d8e3303b4a9d8968ac578947d8bc80d9aea359f388cdd4aac15cadc0e8447?s=96&d=mm&r=g","contentUrl":"https:\/\/secure.gravatar.com\/avatar\/4b1d8e3303b4a9d8968ac578947d8bc80d9aea359f388cdd4aac15cadc0e8447?s=96&d=mm&r=g","caption":"manadmin"},"sameAs":["https:\/\/fadeu.urantiacos.cl"]}]}},"_links":{"self":[{"href":"https:\/\/fadeu.urantiacos.cl\/en\/wp-json\/wp\/v2\/posts\/8426","targetHints":{"allow":["GET"]}}],"collection":[{"href":"https:\/\/fadeu.urantiacos.cl\/en\/wp-json\/wp\/v2\/posts"}],"about":[{"href":"https:\/\/fadeu.urantiacos.cl\/en\/wp-json\/wp\/v2\/types\/post"}],"author":[{"embeddable":true,"href":"https:\/\/fadeu.urantiacos.cl\/en\/wp-json\/wp\/v2\/users\/1"}],"replies":[{"embeddable":true,"href":"https:\/\/fadeu.urantiacos.cl\/en\/wp-json\/wp\/v2\/comments?post=8426"}],"version-history":[{"count":1,"href":"https:\/\/fadeu.urantiacos.cl\/en\/wp-json\/wp\/v2\/posts\/8426\/revisions"}],"predecessor-version":[{"id":8428,"href":"https:\/\/fadeu.urantiacos.cl\/en\/wp-json\/wp\/v2\/posts\/8426\/revisions\/8428"}],"wp:featuredmedia":[{"embeddable":true,"href":"https:\/\/fadeu.urantiacos.cl\/en\/wp-json\/wp\/v2\/media\/8427"}],"wp:attachment":[{"href":"https:\/\/fadeu.urantiacos.cl\/en\/wp-json\/wp\/v2\/media?parent=8426"}],"wp:term":[{"taxonomy":"category","embeddable":true,"href":"https:\/\/fadeu.urantiacos.cl\/en\/wp-json\/wp\/v2\/categories?post=8426"},{"taxonomy":"post_tag","embeddable":true,"href":"https:\/\/fadeu.urantiacos.cl\/en\/wp-json\/wp\/v2\/tags?post=8426"}],"curies":[{"name":"wp","href":"https:\/\/api.w.org\/{rel}","templated":true}]}}