{"id":8404,"date":"2020-08-24T18:55:00","date_gmt":"2020-08-24T21:55:00","guid":{"rendered":"https:\/\/fadeu.urantiacos.cl\/?p=8404"},"modified":"2023-09-10T18:58:01","modified_gmt":"2023-09-10T21:58:01","slug":"profesores-arq-uc-son-invitados-a-presentar-en-ciclo-artifica-tu-casa-de-la-uc","status":"publish","type":"post","link":"https:\/\/fadeu.urantiacos.cl\/en\/2020\/08\/24\/profesores-arq-uc-son-invitados-a-presentar-en-ciclo-artifica-tu-casa-de-la-uc\/","title":{"rendered":"Profesores ARQ UC son invitados a presentar en ciclo Artifica tu Casa de la UC"},"content":{"rendered":"\n<figure class=\"wp-block-image size-full\"><img decoding=\"async\" width=\"350\" height=\"250\" src=\"https:\/\/fadeu.urantiacos.cl\/wp-content\/uploads\/2023\/09\/perezygrey_web.png\" alt=\"\" class=\"wp-image-8405\" srcset=\"https:\/\/fadeu.urantiacos.cl\/wp-content\/uploads\/2023\/09\/perezygrey_web.png 350w, https:\/\/fadeu.urantiacos.cl\/wp-content\/uploads\/2023\/09\/perezygrey_web-300x214.png 300w\" sizes=\"(max-width: 350px) 100vw, 350px\" \/><\/figure>\n\n\n\n<p>Bajo el lema \u201cArtifica tu casa con la experiencia de las artes\u201d, las charlas virtuales abordaron el cine, la literatura, la m\u00fasica, las artes visuales y la arquitectura, entre otras expresiones art\u00edsticas, y se desarrollaron los mi\u00e9rcoles de junio, julio y agosto, inaugurando el 10 de junio. Los profesores Fernando P\u00e9rez y Sebasti\u00e1n Gray presentaron el 29 de julio y el 19 de agosto respectivamente.<br><br>Todas las ponencias duraron 30 minutos, fueron difundidas en vivo por redes sociales con transmisi\u00f3n en simult\u00e1neo en Lengua de Se\u00f1as Chilena.<\/p>\n\n\n\n<p>\u201cArtifica\u201d es una iniciativa organizada por la Direcci\u00f3n de Artes y Cultura de la UC.<\/p>\n\n\n\n<p>Sobre las charlas de los profesores ARQ UC_<\/p>\n\n\n\n<p>Fernando P\u00e9rez | Artifica UC | 29 de julio, 2020<\/p>\n\n\n\n<p>La exposici\u00f3n de Fernando P\u00e9rez \u2014director del Museo Bellas Artes y profesor ARQ UC\u2014, se titul\u00f3 \u201cDistancia y materia: qu\u00e9 hacemos cuando hacemos arquitectura\u201d, y trat\u00f3 el tema del movimiento y las distancias, de las escalas y la materia de la arquitectura; ejemplificando con obras de arte, de arquitectura, el trabajo de fil\u00f3sofos y ejemplos de la historia.<\/p>\n\n\n\n<p>Para el profesor, la contingencia y el encierro nos han permitido concientizar el uso del espacio: \u201cAhora hemos percibido qu\u00e9 significan para nosotros las distancias, qu\u00e9 significan los movimientos, cuanto apreciamos poder movernos\u201d.<\/p>\n\n\n\n<p>P\u00e9rez define la arquitectura como un \u201carte colectivo\u201d, destacando que \u201ca diferencia de lo que ocurre con determinadas experiencias art\u00edsticas que exigen una voluntad consciente de atender, mirar o tocar; que nos piden dirigirnos a un lugar preciso para participar de ellas, tenemos con la arquitectura una relaci\u00f3n diaria y casi inevitable\u201d.<\/p>\n\n\n\n<p>Para el profesor, la arquitectura \u201cnos rodea y nos sale al encuentro, a tal punto, que suele desaparecer de nuestra atenci\u00f3n. La ignoramos, en el doble sentido de no percibirla ni estar necesariamente conscientes de su experiencia\u201d.<\/p>\n\n\n\n<p>+ Aqu\u00ed revisa la c<a href=\"https:\/\/www.facebook.com\/watch\/live\/?v=4171098182931357&amp;ref=external\" target=\"_blank\" rel=\"noreferrer noopener\">harla de Fernando P\u00e9rez&nbsp;<\/a><\/p>\n\n\n\n<p>Sebasti\u00e1n Gray | Artifica UC | 19 de agosto, 2020<br><br>En el caso de Sebasti\u00e1n Gray, su charla se titul\u00f3 \u201cEl destino de las ciudades: una breve reflexi\u00f3n sobre la historia urbana y su evoluci\u00f3n futura\u201d. En esta ocasi\u00f3n, el profesor ARQ UC reflexion\u00f3 en torno a las plantas urbanas, lo que permitir\u00eda deducir los or\u00edgenes de las ciudades y su transformaci\u00f3n en el tiempo. Para el acad\u00e9mico, estas plantas son \u201cjeroglifos\u201d que revelan superposiciones de sucesos hist\u00f3ricos, al tiempo que establecen las constantes de la memoria colectiva de una sociedad.<\/p>\n\n\n\n<p>Durante la charla, Gray habl\u00f3 sobre la historia de las ciudades, sus or\u00edgenes, as\u00ed como las percepciones del habitante de la ciudad, la experiencia urbana, diferenciando las ciudades org\u00e1nicas de las planificadas.<\/p>\n\n\n\n<p>Gray hizo hincapi\u00e9 en el crecimiento de las ciudades, sosteniendo que \u201clas ciudades no pueden tener l\u00edmites. Es imposible limitar el crecimiento en un escenario en que la poblaci\u00f3n sigue creciendo\u201d. Esto, para el arquitecto, es por una raz\u00f3n particular: \u201cSi nosotros le ponemos l\u00edmites a la ciudad, esta se vuelve inaccesible para la mayor\u00eda, se vuelve cara\u201d.<\/p>\n\n\n\n<p>A prop\u00f3sito de esto y en el contexto actual, el profesor sostuvo que la pandemia ha hecho visible que \u201clas ciudades pueden ser infinitamente extensas\u201d. Para \u00e9l, lo importante no es poner un l\u00edmite, sino \u201crecuperar algo que perdimos en los \u00faltimos 150 a\u00f1os: la capacidad de peque\u00f1os territorios o barrios de satisfacer sus necesidades fundamentales para la vida colectiva\u201d.<\/p>\n\n\n\n<p>+ Aqu\u00ed revisa la&nbsp;<a href=\"https:\/\/www.facebook.com\/watch\/live\/?v=775193153290872&amp;ref=external\" target=\"_blank\" rel=\"noreferrer noopener\">charla de Sebasti\u00e1n Grey<\/a><\/p>\n\n\n\n<p>Revisa todas las charlas del ciclo Artifica tu Casa en el siguiente link&nbsp;<a href=\"https:\/\/artificatucasa.uc.cl\/\">https:\/\/artificatucasa.uc.cl\/<\/a><a href=\"https:\/\/artificatucasa.uc.cl\/\"><\/a><\/p>\n\n\n\n<p>Noticias<br>Contacto:&nbsp;<a href=\"mailto:redesarq@uc.cl\">redesarq@uc.cl<\/a>&nbsp;| +56 2 2354 7747<br>www.arquitectura.uc.cl<\/p>\n","protected":false},"excerpt":{"rendered":"<p>Con doce charlas, el ciclo \u201cArtifica tu Casa\u201d mostr\u00f3 la experiencia art\u00edstica a trav\u00e9s de destacados artistas y acad\u00e9micos nacionales, listado que incluy\u00f3 a los profesores ARQ UC Fernando P\u00e9rez y Sebasti\u00e1n Gray.<\/p>\n","protected":false},"author":1,"featured_media":8405,"comment_status":"open","ping_status":"open","sticky":false,"template":"","format":"standard","meta":{"_acf_changed":false,"footnotes":""},"categories":[1],"tags":[],"class_list":["post-8404","post","type-post","status-publish","format-standard","has-post-thumbnail","hentry","category-sin-categorizar"],"acf":[],"yoast_head":"<!-- This site is optimized with the Yoast SEO plugin v27.1.1 - https:\/\/yoast.com\/product\/yoast-seo-wordpress\/ -->\n<title>Profesores ARQ UC son invitados a presentar en ciclo Artifica tu Casa de la UC - Facultad de Arquitectura, Dise\u00f1o y Estudios Urbanos<\/title>\n<meta name=\"description\" content=\"Con doce charlas, el ciclo \u201cArtifica tu Casa\u201d mostr\u00f3 la experiencia art\u00edstica a trav\u00e9s de destacados artistas y acad\u00e9micos nacionales, listado que incluy\u00f3 a los profesores ARQ UC Fernando P\u00e9rez y Sebasti\u00e1n Gray.\" \/>\n<meta name=\"robots\" content=\"index, follow, max-snippet:-1, max-image-preview:large, max-video-preview:-1\" \/>\n<link rel=\"canonical\" href=\"https:\/\/fadeu.urantiacos.cl\/en\/2020\/08\/24\/profesores-arq-uc-son-invitados-a-presentar-en-ciclo-artifica-tu-casa-de-la-uc\/\" \/>\n<meta property=\"og:locale\" content=\"en_US\" \/>\n<meta property=\"og:type\" content=\"article\" \/>\n<meta property=\"og:title\" content=\"Profesores ARQ UC son invitados a presentar en ciclo Artifica tu Casa de la UC - Facultad de Arquitectura, Dise\u00f1o y Estudios Urbanos\" \/>\n<meta property=\"og:description\" content=\"Con doce charlas, el ciclo \u201cArtifica tu Casa\u201d mostr\u00f3 la experiencia art\u00edstica a trav\u00e9s de destacados artistas y acad\u00e9micos nacionales, listado que incluy\u00f3 a los profesores ARQ UC Fernando P\u00e9rez y Sebasti\u00e1n Gray.\" \/>\n<meta property=\"og:url\" content=\"https:\/\/fadeu.urantiacos.cl\/en\/2020\/08\/24\/profesores-arq-uc-son-invitados-a-presentar-en-ciclo-artifica-tu-casa-de-la-uc\/\" \/>\n<meta property=\"og:site_name\" content=\"Facultad de Arquitectura, Dise\u00f1o y Estudios Urbanos\" \/>\n<meta property=\"article:published_time\" content=\"2020-08-24T21:55:00+00:00\" \/>\n<meta property=\"article:modified_time\" content=\"2023-09-10T21:58:01+00:00\" \/>\n<meta property=\"og:image\" content=\"https:\/\/fadeu.urantiacos.cl\/wp-content\/uploads\/2023\/09\/perezygrey_web.png\" \/>\n\t<meta property=\"og:image:width\" content=\"350\" \/>\n\t<meta property=\"og:image:height\" content=\"250\" \/>\n\t<meta property=\"og:image:type\" content=\"image\/png\" \/>\n<meta name=\"author\" content=\"manadmin\" \/>\n<meta name=\"twitter:card\" content=\"summary_large_image\" \/>\n<meta name=\"twitter:label1\" content=\"Written by\" \/>\n\t<meta name=\"twitter:data1\" content=\"manadmin\" \/>\n\t<meta name=\"twitter:label2\" content=\"Est. reading time\" \/>\n\t<meta name=\"twitter:data2\" content=\"3 minutes\" \/>\n<script type=\"application\/ld+json\" class=\"yoast-schema-graph\">{\"@context\":\"https:\/\/schema.org\",\"@graph\":[{\"@type\":\"Article\",\"@id\":\"https:\/\/fadeu.urantiacos.cl\/en\/2020\/08\/24\/profesores-arq-uc-son-invitados-a-presentar-en-ciclo-artifica-tu-casa-de-la-uc\/#article\",\"isPartOf\":{\"@id\":\"https:\/\/fadeu.urantiacos.cl\/en\/2020\/08\/24\/profesores-arq-uc-son-invitados-a-presentar-en-ciclo-artifica-tu-casa-de-la-uc\/\"},\"author\":{\"name\":\"manadmin\",\"@id\":\"https:\/\/fadeu.urantiacos.cl\/en\/#\/schema\/person\/d203e2e84b1c40275eac77b3061a19a2\"},\"headline\":\"Profesores ARQ UC son invitados a presentar en ciclo Artifica tu Casa de la UC\",\"datePublished\":\"2020-08-24T21:55:00+00:00\",\"dateModified\":\"2023-09-10T21:58:01+00:00\",\"mainEntityOfPage\":{\"@id\":\"https:\/\/fadeu.urantiacos.cl\/en\/2020\/08\/24\/profesores-arq-uc-son-invitados-a-presentar-en-ciclo-artifica-tu-casa-de-la-uc\/\"},\"wordCount\":627,\"commentCount\":0,\"image\":{\"@id\":\"https:\/\/fadeu.urantiacos.cl\/en\/2020\/08\/24\/profesores-arq-uc-son-invitados-a-presentar-en-ciclo-artifica-tu-casa-de-la-uc\/#primaryimage\"},\"thumbnailUrl\":\"https:\/\/fadeu.urantiacos.cl\/wp-content\/uploads\/2023\/09\/perezygrey_web.png\",\"articleSection\":[\"Sin categorizar\"],\"inLanguage\":\"en-US\",\"potentialAction\":[{\"@type\":\"CommentAction\",\"name\":\"Comment\",\"target\":[\"https:\/\/fadeu.urantiacos.cl\/en\/2020\/08\/24\/profesores-arq-uc-son-invitados-a-presentar-en-ciclo-artifica-tu-casa-de-la-uc\/#respond\"]}]},{\"@type\":\"WebPage\",\"@id\":\"https:\/\/fadeu.urantiacos.cl\/en\/2020\/08\/24\/profesores-arq-uc-son-invitados-a-presentar-en-ciclo-artifica-tu-casa-de-la-uc\/\",\"url\":\"https:\/\/fadeu.urantiacos.cl\/en\/2020\/08\/24\/profesores-arq-uc-son-invitados-a-presentar-en-ciclo-artifica-tu-casa-de-la-uc\/\",\"name\":\"Profesores ARQ UC son invitados a presentar en ciclo Artifica tu Casa de la UC - Facultad de Arquitectura, Dise\u00f1o y Estudios Urbanos\",\"isPartOf\":{\"@id\":\"https:\/\/fadeu.urantiacos.cl\/en\/#website\"},\"primaryImageOfPage\":{\"@id\":\"https:\/\/fadeu.urantiacos.cl\/en\/2020\/08\/24\/profesores-arq-uc-son-invitados-a-presentar-en-ciclo-artifica-tu-casa-de-la-uc\/#primaryimage\"},\"image\":{\"@id\":\"https:\/\/fadeu.urantiacos.cl\/en\/2020\/08\/24\/profesores-arq-uc-son-invitados-a-presentar-en-ciclo-artifica-tu-casa-de-la-uc\/#primaryimage\"},\"thumbnailUrl\":\"https:\/\/fadeu.urantiacos.cl\/wp-content\/uploads\/2023\/09\/perezygrey_web.png\",\"datePublished\":\"2020-08-24T21:55:00+00:00\",\"dateModified\":\"2023-09-10T21:58:01+00:00\",\"author\":{\"@id\":\"https:\/\/fadeu.urantiacos.cl\/en\/#\/schema\/person\/d203e2e84b1c40275eac77b3061a19a2\"},\"description\":\"Con doce charlas, el ciclo \u201cArtifica tu Casa\u201d mostr\u00f3 la experiencia art\u00edstica a trav\u00e9s de destacados artistas y acad\u00e9micos nacionales, listado que incluy\u00f3 a los profesores ARQ UC Fernando P\u00e9rez y Sebasti\u00e1n Gray.\",\"breadcrumb\":{\"@id\":\"https:\/\/fadeu.urantiacos.cl\/en\/2020\/08\/24\/profesores-arq-uc-son-invitados-a-presentar-en-ciclo-artifica-tu-casa-de-la-uc\/#breadcrumb\"},\"inLanguage\":\"en-US\",\"potentialAction\":[{\"@type\":\"ReadAction\",\"target\":[\"https:\/\/fadeu.urantiacos.cl\/en\/2020\/08\/24\/profesores-arq-uc-son-invitados-a-presentar-en-ciclo-artifica-tu-casa-de-la-uc\/\"]}]},{\"@type\":\"ImageObject\",\"inLanguage\":\"en-US\",\"@id\":\"https:\/\/fadeu.urantiacos.cl\/en\/2020\/08\/24\/profesores-arq-uc-son-invitados-a-presentar-en-ciclo-artifica-tu-casa-de-la-uc\/#primaryimage\",\"url\":\"https:\/\/fadeu.urantiacos.cl\/wp-content\/uploads\/2023\/09\/perezygrey_web.png\",\"contentUrl\":\"https:\/\/fadeu.urantiacos.cl\/wp-content\/uploads\/2023\/09\/perezygrey_web.png\",\"width\":350,\"height\":250},{\"@type\":\"BreadcrumbList\",\"@id\":\"https:\/\/fadeu.urantiacos.cl\/en\/2020\/08\/24\/profesores-arq-uc-son-invitados-a-presentar-en-ciclo-artifica-tu-casa-de-la-uc\/#breadcrumb\",\"itemListElement\":[{\"@type\":\"ListItem\",\"position\":1,\"name\":\"Portada\",\"item\":\"https:\/\/fadeu.urantiacos.cl\/en\/\"},{\"@type\":\"ListItem\",\"position\":2,\"name\":\"Profesores ARQ UC son invitados a presentar en ciclo Artifica tu Casa de la UC\"}]},{\"@type\":\"WebSite\",\"@id\":\"https:\/\/fadeu.urantiacos.cl\/en\/#website\",\"url\":\"https:\/\/fadeu.urantiacos.cl\/en\/\",\"name\":\"Facultad de Arquitectura, Dise\u00f1o y Estudios Urbanos\",\"description\":\"Campus Lo Contador\",\"potentialAction\":[{\"@type\":\"SearchAction\",\"target\":{\"@type\":\"EntryPoint\",\"urlTemplate\":\"https:\/\/fadeu.urantiacos.cl\/en\/?s={search_term_string}\"},\"query-input\":{\"@type\":\"PropertyValueSpecification\",\"valueRequired\":true,\"valueName\":\"search_term_string\"}}],\"inLanguage\":\"en-US\"},{\"@type\":\"Person\",\"@id\":\"https:\/\/fadeu.urantiacos.cl\/en\/#\/schema\/person\/d203e2e84b1c40275eac77b3061a19a2\",\"name\":\"manadmin\",\"image\":{\"@type\":\"ImageObject\",\"inLanguage\":\"en-US\",\"@id\":\"https:\/\/fadeu.urantiacos.cl\/en\/#\/schema\/person\/image\/\",\"url\":\"https:\/\/secure.gravatar.com\/avatar\/4b1d8e3303b4a9d8968ac578947d8bc80d9aea359f388cdd4aac15cadc0e8447?s=96&d=mm&r=g\",\"contentUrl\":\"https:\/\/secure.gravatar.com\/avatar\/4b1d8e3303b4a9d8968ac578947d8bc80d9aea359f388cdd4aac15cadc0e8447?s=96&d=mm&r=g\",\"caption\":\"manadmin\"},\"sameAs\":[\"https:\/\/fadeu.urantiacos.cl\"]}]}<\/script>\n<!-- \/ Yoast SEO plugin. -->","yoast_head_json":{"title":"Profesores ARQ UC son invitados a presentar en ciclo Artifica tu Casa de la UC - Facultad de Arquitectura, Dise\u00f1o y Estudios Urbanos","description":"Con doce charlas, el ciclo \u201cArtifica tu Casa\u201d mostr\u00f3 la experiencia art\u00edstica a trav\u00e9s de destacados artistas y acad\u00e9micos nacionales, listado que incluy\u00f3 a los profesores ARQ UC Fernando P\u00e9rez y Sebasti\u00e1n Gray.","robots":{"index":"index","follow":"follow","max-snippet":"max-snippet:-1","max-image-preview":"max-image-preview:large","max-video-preview":"max-video-preview:-1"},"canonical":"https:\/\/fadeu.urantiacos.cl\/en\/2020\/08\/24\/profesores-arq-uc-son-invitados-a-presentar-en-ciclo-artifica-tu-casa-de-la-uc\/","og_locale":"en_US","og_type":"article","og_title":"Profesores ARQ UC son invitados a presentar en ciclo Artifica tu Casa de la UC - Facultad de Arquitectura, Dise\u00f1o y Estudios Urbanos","og_description":"Con doce charlas, el ciclo \u201cArtifica tu Casa\u201d mostr\u00f3 la experiencia art\u00edstica a trav\u00e9s de destacados artistas y acad\u00e9micos nacionales, listado que incluy\u00f3 a los profesores ARQ UC Fernando P\u00e9rez y Sebasti\u00e1n Gray.","og_url":"https:\/\/fadeu.urantiacos.cl\/en\/2020\/08\/24\/profesores-arq-uc-son-invitados-a-presentar-en-ciclo-artifica-tu-casa-de-la-uc\/","og_site_name":"Facultad de Arquitectura, Dise\u00f1o y Estudios Urbanos","article_published_time":"2020-08-24T21:55:00+00:00","article_modified_time":"2023-09-10T21:58:01+00:00","og_image":[{"width":350,"height":250,"url":"https:\/\/fadeu.urantiacos.cl\/wp-content\/uploads\/2023\/09\/perezygrey_web.png","type":"image\/png"}],"author":"manadmin","twitter_card":"summary_large_image","twitter_misc":{"Written by":"manadmin","Est. reading time":"3 minutes"},"schema":{"@context":"https:\/\/schema.org","@graph":[{"@type":"Article","@id":"https:\/\/fadeu.urantiacos.cl\/en\/2020\/08\/24\/profesores-arq-uc-son-invitados-a-presentar-en-ciclo-artifica-tu-casa-de-la-uc\/#article","isPartOf":{"@id":"https:\/\/fadeu.urantiacos.cl\/en\/2020\/08\/24\/profesores-arq-uc-son-invitados-a-presentar-en-ciclo-artifica-tu-casa-de-la-uc\/"},"author":{"name":"manadmin","@id":"https:\/\/fadeu.urantiacos.cl\/en\/#\/schema\/person\/d203e2e84b1c40275eac77b3061a19a2"},"headline":"Profesores ARQ UC son invitados a presentar en ciclo Artifica tu Casa de la UC","datePublished":"2020-08-24T21:55:00+00:00","dateModified":"2023-09-10T21:58:01+00:00","mainEntityOfPage":{"@id":"https:\/\/fadeu.urantiacos.cl\/en\/2020\/08\/24\/profesores-arq-uc-son-invitados-a-presentar-en-ciclo-artifica-tu-casa-de-la-uc\/"},"wordCount":627,"commentCount":0,"image":{"@id":"https:\/\/fadeu.urantiacos.cl\/en\/2020\/08\/24\/profesores-arq-uc-son-invitados-a-presentar-en-ciclo-artifica-tu-casa-de-la-uc\/#primaryimage"},"thumbnailUrl":"https:\/\/fadeu.urantiacos.cl\/wp-content\/uploads\/2023\/09\/perezygrey_web.png","articleSection":["Sin categorizar"],"inLanguage":"en-US","potentialAction":[{"@type":"CommentAction","name":"Comment","target":["https:\/\/fadeu.urantiacos.cl\/en\/2020\/08\/24\/profesores-arq-uc-son-invitados-a-presentar-en-ciclo-artifica-tu-casa-de-la-uc\/#respond"]}]},{"@type":"WebPage","@id":"https:\/\/fadeu.urantiacos.cl\/en\/2020\/08\/24\/profesores-arq-uc-son-invitados-a-presentar-en-ciclo-artifica-tu-casa-de-la-uc\/","url":"https:\/\/fadeu.urantiacos.cl\/en\/2020\/08\/24\/profesores-arq-uc-son-invitados-a-presentar-en-ciclo-artifica-tu-casa-de-la-uc\/","name":"Profesores ARQ UC son invitados a presentar en ciclo Artifica tu Casa de la UC - Facultad de Arquitectura, Dise\u00f1o y Estudios Urbanos","isPartOf":{"@id":"https:\/\/fadeu.urantiacos.cl\/en\/#website"},"primaryImageOfPage":{"@id":"https:\/\/fadeu.urantiacos.cl\/en\/2020\/08\/24\/profesores-arq-uc-son-invitados-a-presentar-en-ciclo-artifica-tu-casa-de-la-uc\/#primaryimage"},"image":{"@id":"https:\/\/fadeu.urantiacos.cl\/en\/2020\/08\/24\/profesores-arq-uc-son-invitados-a-presentar-en-ciclo-artifica-tu-casa-de-la-uc\/#primaryimage"},"thumbnailUrl":"https:\/\/fadeu.urantiacos.cl\/wp-content\/uploads\/2023\/09\/perezygrey_web.png","datePublished":"2020-08-24T21:55:00+00:00","dateModified":"2023-09-10T21:58:01+00:00","author":{"@id":"https:\/\/fadeu.urantiacos.cl\/en\/#\/schema\/person\/d203e2e84b1c40275eac77b3061a19a2"},"description":"Con doce charlas, el ciclo \u201cArtifica tu Casa\u201d mostr\u00f3 la experiencia art\u00edstica a trav\u00e9s de destacados artistas y acad\u00e9micos nacionales, listado que incluy\u00f3 a los profesores ARQ UC Fernando P\u00e9rez y Sebasti\u00e1n Gray.","breadcrumb":{"@id":"https:\/\/fadeu.urantiacos.cl\/en\/2020\/08\/24\/profesores-arq-uc-son-invitados-a-presentar-en-ciclo-artifica-tu-casa-de-la-uc\/#breadcrumb"},"inLanguage":"en-US","potentialAction":[{"@type":"ReadAction","target":["https:\/\/fadeu.urantiacos.cl\/en\/2020\/08\/24\/profesores-arq-uc-son-invitados-a-presentar-en-ciclo-artifica-tu-casa-de-la-uc\/"]}]},{"@type":"ImageObject","inLanguage":"en-US","@id":"https:\/\/fadeu.urantiacos.cl\/en\/2020\/08\/24\/profesores-arq-uc-son-invitados-a-presentar-en-ciclo-artifica-tu-casa-de-la-uc\/#primaryimage","url":"https:\/\/fadeu.urantiacos.cl\/wp-content\/uploads\/2023\/09\/perezygrey_web.png","contentUrl":"https:\/\/fadeu.urantiacos.cl\/wp-content\/uploads\/2023\/09\/perezygrey_web.png","width":350,"height":250},{"@type":"BreadcrumbList","@id":"https:\/\/fadeu.urantiacos.cl\/en\/2020\/08\/24\/profesores-arq-uc-son-invitados-a-presentar-en-ciclo-artifica-tu-casa-de-la-uc\/#breadcrumb","itemListElement":[{"@type":"ListItem","position":1,"name":"Portada","item":"https:\/\/fadeu.urantiacos.cl\/en\/"},{"@type":"ListItem","position":2,"name":"Profesores ARQ UC son invitados a presentar en ciclo Artifica tu Casa de la UC"}]},{"@type":"WebSite","@id":"https:\/\/fadeu.urantiacos.cl\/en\/#website","url":"https:\/\/fadeu.urantiacos.cl\/en\/","name":"Facultad de Arquitectura, Dise\u00f1o y Estudios Urbanos","description":"Campus Lo Contador","potentialAction":[{"@type":"SearchAction","target":{"@type":"EntryPoint","urlTemplate":"https:\/\/fadeu.urantiacos.cl\/en\/?s={search_term_string}"},"query-input":{"@type":"PropertyValueSpecification","valueRequired":true,"valueName":"search_term_string"}}],"inLanguage":"en-US"},{"@type":"Person","@id":"https:\/\/fadeu.urantiacos.cl\/en\/#\/schema\/person\/d203e2e84b1c40275eac77b3061a19a2","name":"manadmin","image":{"@type":"ImageObject","inLanguage":"en-US","@id":"https:\/\/fadeu.urantiacos.cl\/en\/#\/schema\/person\/image\/","url":"https:\/\/secure.gravatar.com\/avatar\/4b1d8e3303b4a9d8968ac578947d8bc80d9aea359f388cdd4aac15cadc0e8447?s=96&d=mm&r=g","contentUrl":"https:\/\/secure.gravatar.com\/avatar\/4b1d8e3303b4a9d8968ac578947d8bc80d9aea359f388cdd4aac15cadc0e8447?s=96&d=mm&r=g","caption":"manadmin"},"sameAs":["https:\/\/fadeu.urantiacos.cl"]}]}},"_links":{"self":[{"href":"https:\/\/fadeu.urantiacos.cl\/en\/wp-json\/wp\/v2\/posts\/8404","targetHints":{"allow":["GET"]}}],"collection":[{"href":"https:\/\/fadeu.urantiacos.cl\/en\/wp-json\/wp\/v2\/posts"}],"about":[{"href":"https:\/\/fadeu.urantiacos.cl\/en\/wp-json\/wp\/v2\/types\/post"}],"author":[{"embeddable":true,"href":"https:\/\/fadeu.urantiacos.cl\/en\/wp-json\/wp\/v2\/users\/1"}],"replies":[{"embeddable":true,"href":"https:\/\/fadeu.urantiacos.cl\/en\/wp-json\/wp\/v2\/comments?post=8404"}],"version-history":[{"count":1,"href":"https:\/\/fadeu.urantiacos.cl\/en\/wp-json\/wp\/v2\/posts\/8404\/revisions"}],"predecessor-version":[{"id":8406,"href":"https:\/\/fadeu.urantiacos.cl\/en\/wp-json\/wp\/v2\/posts\/8404\/revisions\/8406"}],"wp:featuredmedia":[{"embeddable":true,"href":"https:\/\/fadeu.urantiacos.cl\/en\/wp-json\/wp\/v2\/media\/8405"}],"wp:attachment":[{"href":"https:\/\/fadeu.urantiacos.cl\/en\/wp-json\/wp\/v2\/media?parent=8404"}],"wp:term":[{"taxonomy":"category","embeddable":true,"href":"https:\/\/fadeu.urantiacos.cl\/en\/wp-json\/wp\/v2\/categories?post=8404"},{"taxonomy":"post_tag","embeddable":true,"href":"https:\/\/fadeu.urantiacos.cl\/en\/wp-json\/wp\/v2\/tags?post=8404"}],"curies":[{"name":"wp","href":"https:\/\/api.w.org\/{rel}","templated":true}]}}