{"id":8396,"date":"2020-08-23T18:40:00","date_gmt":"2020-08-23T21:40:00","guid":{"rendered":"https:\/\/fadeu.urantiacos.cl\/?p=8396"},"modified":"2023-10-23T13:24:56","modified_gmt":"2023-10-23T16:24:56","slug":"ediciones-arq-confirma-autores-para-la-membresia-arq-2020","status":"publish","type":"post","link":"https:\/\/fadeu.urantiacos.cl\/en\/2020\/08\/23\/ediciones-arq-confirma-autores-para-la-membresia-arq-2020\/","title":{"rendered":"Ediciones ARQ confirma autores para la Membres\u00eda ARQ 2020"},"content":{"rendered":"\n<figure class=\"wp-block-image size-full\"><img decoding=\"async\" width=\"350\" height=\"250\" src=\"https:\/\/fadeu.urantiacos.cl\/wp-content\/uploads\/2023\/09\/unnamed_1_web.jpg\" alt=\"\" class=\"wp-image-8398\" srcset=\"https:\/\/fadeu.urantiacos.cl\/wp-content\/uploads\/2023\/09\/unnamed_1_web.jpg 350w, https:\/\/fadeu.urantiacos.cl\/wp-content\/uploads\/2023\/09\/unnamed_1_web-300x214.jpg 300w\" sizes=\"(max-width: 350px) 100vw, 350px\" \/><\/figure>\n\n\n\n<p>Junto a las 3 revistas a publicarse este a\u00f1o (con el n\u00famero 104 ya disponible en la tienda virtual), la editorial confirma los 4 autores que se sumar\u00e1n al reconocido listado de la serie ARQDocs: Ines Weizman, Mario Carpo, Mark Cousins y Teodoro Fern\u00e1ndez.<\/p>\n\n\n\n<p>Asimismo, la editorial confirma que se publicar\u00e1 el tercer volumen de la serie Arquitectura en el Chile del S. XX por Fernando P\u00e9rez Oyarzun, se reeditar\u00e1 en un volumen \u00fanico el libro Arquitect\u00f3nica de Jos\u00e9 Ricardo Morales, y se estrenar\u00e1 una nueva serie, titulada stereograf\u00eda: una monograf\u00eda a dos bandas que en su edici\u00f3n inaugural tendr\u00e1 como eje central una de las colaboraciones entre Elia Zenghelis y Martino Tattara.<\/p>\n\n\n\n<p>Sobre los nuevos autores de los ARQDocs_<\/p>\n\n\n\n<p>Ines Weizman<br>Ines Weizman Estudi\u00f3 arquitectura en la Bauhaus-Universit\u00e4t Weimar, en la Escuela de Arquitectura de Belleville en Par\u00eds, la Sorbona, la Universidad de Cambridge y la Architectural Association de Londres, donde complet\u00f3 su doctorado. Weizman es profesora de teor\u00eda de la arquitectura, directora del Instituto Bauhaus de Historia y Teor\u00eda de la Arquitectura y la Planificaci\u00f3n, y directora del Centro de Arquitectura Documental de la Bauhaus-Universit\u00e4t en Weimar.<\/p>\n\n\n\n<figure class=\"wp-block-image size-large\"><img decoding=\"async\" width=\"1024\" height=\"642\" src=\"https:\/\/fadeu.urantiacos.cl\/wp-content\/uploads\/2023\/09\/Membresia_Weizman-1024x642.jpg\" alt=\"\" class=\"wp-image-8399\" srcset=\"https:\/\/fadeu.urantiacos.cl\/wp-content\/uploads\/2023\/09\/Membresia_Weizman-1024x642.jpg 1024w, https:\/\/fadeu.urantiacos.cl\/wp-content\/uploads\/2023\/09\/Membresia_Weizman-300x188.jpg 300w, https:\/\/fadeu.urantiacos.cl\/wp-content\/uploads\/2023\/09\/Membresia_Weizman-768x481.jpg 768w, https:\/\/fadeu.urantiacos.cl\/wp-content\/uploads\/2023\/09\/Membresia_Weizman-1536x962.jpg 1536w, https:\/\/fadeu.urantiacos.cl\/wp-content\/uploads\/2023\/09\/Membresia_Weizman.jpg 1600w\" sizes=\"(max-width: 1024px) 100vw, 1024px\" \/><\/figure>\n\n\n\n<p>Mark Cousins<br>Mark Cousins es un cr\u00edtico cultural y te\u00f3rico de arquitectura brit\u00e1nico. Estudi\u00f3 Historia del Arte en Merton College, Oxford y fue estudiante de investigaci\u00f3n en el Instituto Warburg. Desde 1993 es Director de Estudios Generales y Jefe del Programa de Posgrado en Historias y Teor\u00edas de la Architectural Association. Tambi\u00e9n es profesor invitado de arquitectura en la Universidad de Columbia y la Universidad del Sureste, Nanjing.<\/p>\n\n\n\n<figure class=\"wp-block-image size-large\"><img decoding=\"async\" width=\"1024\" height=\"642\" src=\"https:\/\/fadeu.urantiacos.cl\/wp-content\/uploads\/2023\/09\/Membresia_Cousins-1024x642.jpg\" alt=\"\" class=\"wp-image-8400\" srcset=\"https:\/\/fadeu.urantiacos.cl\/wp-content\/uploads\/2023\/09\/Membresia_Cousins-1024x642.jpg 1024w, https:\/\/fadeu.urantiacos.cl\/wp-content\/uploads\/2023\/09\/Membresia_Cousins-300x188.jpg 300w, https:\/\/fadeu.urantiacos.cl\/wp-content\/uploads\/2023\/09\/Membresia_Cousins-768x481.jpg 768w, https:\/\/fadeu.urantiacos.cl\/wp-content\/uploads\/2023\/09\/Membresia_Cousins-1536x962.jpg 1536w, https:\/\/fadeu.urantiacos.cl\/wp-content\/uploads\/2023\/09\/Membresia_Cousins.jpg 1600w\" sizes=\"(max-width: 1024px) 100vw, 1024px\" \/><\/figure>\n\n\n\n<p>Mario Carpo<br>Mario Carpo es historiador de arquitectura y tecnolog\u00edas. Dr. Arch University of Florence; PhD European University Institute. Ha sido docente en la Universit\u00e9 de Gen\u00e8ve, School of Architecture of Saint-Etienne, School of Architecture of Paris-La Villette; Georgia Institute of Technology (2009-2012); Vincent Scully Visiting Professor of Architectural History, en Yale School of Architecture (2010-2014); Reyner Banham Professor of Architectural History and Theory en Bartlett, UCL (2014-) y director del centro de estudios del Canadian Centre for Architecture [CCA], Montr\u00e9al (2002-2005).<\/p>\n\n\n\n<figure class=\"wp-block-image size-large\"><img decoding=\"async\" width=\"1024\" height=\"642\" src=\"https:\/\/fadeu.urantiacos.cl\/wp-content\/uploads\/2023\/09\/Membresia_Carpo-1024x642.jpg\" alt=\"\" class=\"wp-image-8401\" srcset=\"https:\/\/fadeu.urantiacos.cl\/wp-content\/uploads\/2023\/09\/Membresia_Carpo-1024x642.jpg 1024w, https:\/\/fadeu.urantiacos.cl\/wp-content\/uploads\/2023\/09\/Membresia_Carpo-300x188.jpg 300w, https:\/\/fadeu.urantiacos.cl\/wp-content\/uploads\/2023\/09\/Membresia_Carpo-768x481.jpg 768w, https:\/\/fadeu.urantiacos.cl\/wp-content\/uploads\/2023\/09\/Membresia_Carpo-1536x962.jpg 1536w, https:\/\/fadeu.urantiacos.cl\/wp-content\/uploads\/2023\/09\/Membresia_Carpo.jpg 1600w\" sizes=\"(max-width: 1024px) 100vw, 1024px\" \/><\/figure>\n\n\n\n<p>Teodoro Fern\u00e1ndez<br>Arquitecto de la Pontificia Universidad Cat\u00f3lica de Chile y Premio Nacional de Arquitectura de Chile 2014. Es fundador de Teodoro Fern\u00e1ndez Arquitectos, oficina que ha realizado proyectos como el edificio del Ministerio de Obras P\u00fablicas de La Serena, el parque Bicentenario de Vitacura, la remodelaci\u00f3n del parque Quinta Normal, o el estadio Fiscal de Talca, entre otros. En paralelo a su pr\u00e1ctica profesional, Teodoro Fern\u00e1ndez es profesor titular adjunto en la Escuela de Arquitectura de la Pontificia Universidad Cat\u00f3lica de Chile.<\/p>\n\n\n\n<figure class=\"wp-block-image size-large\"><img decoding=\"async\" width=\"1024\" height=\"642\" src=\"https:\/\/fadeu.urantiacos.cl\/wp-content\/uploads\/2023\/09\/Membresia_Fernandez-1024x642.jpg\" alt=\"\" class=\"wp-image-8402\" srcset=\"https:\/\/fadeu.urantiacos.cl\/wp-content\/uploads\/2023\/09\/Membresia_Fernandez-1024x642.jpg 1024w, https:\/\/fadeu.urantiacos.cl\/wp-content\/uploads\/2023\/09\/Membresia_Fernandez-300x188.jpg 300w, https:\/\/fadeu.urantiacos.cl\/wp-content\/uploads\/2023\/09\/Membresia_Fernandez-768x481.jpg 768w, https:\/\/fadeu.urantiacos.cl\/wp-content\/uploads\/2023\/09\/Membresia_Fernandez-1536x962.jpg 1536w, https:\/\/fadeu.urantiacos.cl\/wp-content\/uploads\/2023\/09\/Membresia_Fernandez.jpg 1600w\" sizes=\"(max-width: 1024px) 100vw, 1024px\" \/><\/figure>\n\n\n\n<p>M\u00e1s informaci\u00f3n sobre la Membres\u00eda ARQ 2020 en el siguiente\u00a0link<br>Revisa el cat\u00e1logo de publicaciones de Ediciones ARQ en el siguiente\u00a0link<\/p>\n\n\n\n<p>Noticias<br>Contacto:&nbsp;<a href=\"mailto:redesarq@uc.cl\">redesarq@uc.cl<\/a>&nbsp;| +56 2 2354 7747<br>www.arquitectura.uc.cl<\/p>\n","protected":false},"excerpt":{"rendered":"<p>Ines Weizman, Mario Carpo, Mark Cousins y Teodoro Fern\u00e1ndez, son los nombres que incluye la parrilla de publicaciones de destacados acad\u00e9micos y profesionales que impulsa la editorial.<\/p>\n","protected":false},"author":1,"featured_media":8398,"comment_status":"open","ping_status":"open","sticky":false,"template":"","format":"standard","meta":{"_acf_changed":false,"footnotes":""},"categories":[1],"tags":[],"class_list":["post-8396","post","type-post","status-publish","format-standard","has-post-thumbnail","hentry","category-sin-categorizar"],"acf":[],"yoast_head":"<!-- This site is optimized with the Yoast SEO plugin v27.1.1 - https:\/\/yoast.com\/product\/yoast-seo-wordpress\/ -->\n<title>Ediciones ARQ confirma autores para la Membres\u00eda ARQ 2020 - Facultad de Arquitectura, Dise\u00f1o y Estudios Urbanos<\/title>\n<meta name=\"description\" content=\"Ines Weizman, Mario Carpo, Mark Cousins y Teodoro Fern\u00e1ndez, son los nombres que incluye la parrilla de publicaciones de destacados acad\u00e9micos y profesionales que impulsa la editorial.\" \/>\n<meta name=\"robots\" content=\"index, follow, max-snippet:-1, max-image-preview:large, max-video-preview:-1\" \/>\n<link rel=\"canonical\" href=\"https:\/\/fadeu.urantiacos.cl\/en\/2020\/08\/23\/ediciones-arq-confirma-autores-para-la-membresia-arq-2020\/\" \/>\n<meta property=\"og:locale\" content=\"en_US\" \/>\n<meta property=\"og:type\" content=\"article\" \/>\n<meta property=\"og:title\" content=\"Ediciones ARQ confirma autores para la Membres\u00eda ARQ 2020 - Facultad de Arquitectura, Dise\u00f1o y Estudios Urbanos\" \/>\n<meta property=\"og:description\" content=\"Ines Weizman, Mario Carpo, Mark Cousins y Teodoro Fern\u00e1ndez, son los nombres que incluye la parrilla de publicaciones de destacados acad\u00e9micos y profesionales que impulsa la editorial.\" \/>\n<meta property=\"og:url\" content=\"https:\/\/fadeu.urantiacos.cl\/en\/2020\/08\/23\/ediciones-arq-confirma-autores-para-la-membresia-arq-2020\/\" \/>\n<meta property=\"og:site_name\" content=\"Facultad de Arquitectura, Dise\u00f1o y Estudios Urbanos\" \/>\n<meta property=\"article:published_time\" content=\"2020-08-23T21:40:00+00:00\" \/>\n<meta property=\"article:modified_time\" content=\"2023-10-23T16:24:56+00:00\" \/>\n<meta property=\"og:image\" content=\"https:\/\/fadeu.urantiacos.cl\/wp-content\/uploads\/2023\/09\/unnamed_1_web.jpg\" \/>\n\t<meta property=\"og:image:width\" content=\"350\" \/>\n\t<meta property=\"og:image:height\" content=\"250\" \/>\n\t<meta property=\"og:image:type\" content=\"image\/jpeg\" \/>\n<meta name=\"author\" content=\"manadmin\" \/>\n<meta name=\"twitter:card\" content=\"summary_large_image\" \/>\n<meta name=\"twitter:label1\" content=\"Written by\" \/>\n\t<meta name=\"twitter:data1\" content=\"manadmin\" \/>\n\t<meta name=\"twitter:label2\" content=\"Est. reading time\" \/>\n\t<meta name=\"twitter:data2\" content=\"4 minutes\" \/>\n<script type=\"application\/ld+json\" class=\"yoast-schema-graph\">{\"@context\":\"https:\/\/schema.org\",\"@graph\":[{\"@type\":\"Article\",\"@id\":\"https:\/\/fadeu.urantiacos.cl\/en\/2020\/08\/23\/ediciones-arq-confirma-autores-para-la-membresia-arq-2020\/#article\",\"isPartOf\":{\"@id\":\"https:\/\/fadeu.urantiacos.cl\/en\/2020\/08\/23\/ediciones-arq-confirma-autores-para-la-membresia-arq-2020\/\"},\"author\":{\"name\":\"manadmin\",\"@id\":\"https:\/\/fadeu.urantiacos.cl\/en\/#\/schema\/person\/d203e2e84b1c40275eac77b3061a19a2\"},\"headline\":\"Ediciones ARQ confirma autores para la Membres\u00eda ARQ 2020\",\"datePublished\":\"2020-08-23T21:40:00+00:00\",\"dateModified\":\"2023-10-23T16:24:56+00:00\",\"mainEntityOfPage\":{\"@id\":\"https:\/\/fadeu.urantiacos.cl\/en\/2020\/08\/23\/ediciones-arq-confirma-autores-para-la-membresia-arq-2020\/\"},\"wordCount\":489,\"commentCount\":0,\"image\":{\"@id\":\"https:\/\/fadeu.urantiacos.cl\/en\/2020\/08\/23\/ediciones-arq-confirma-autores-para-la-membresia-arq-2020\/#primaryimage\"},\"thumbnailUrl\":\"https:\/\/fadeu.urantiacos.cl\/wp-content\/uploads\/2023\/09\/unnamed_1_web.jpg\",\"articleSection\":[\"Sin categorizar\"],\"inLanguage\":\"en-US\",\"potentialAction\":[{\"@type\":\"CommentAction\",\"name\":\"Comment\",\"target\":[\"https:\/\/fadeu.urantiacos.cl\/en\/2020\/08\/23\/ediciones-arq-confirma-autores-para-la-membresia-arq-2020\/#respond\"]}]},{\"@type\":\"WebPage\",\"@id\":\"https:\/\/fadeu.urantiacos.cl\/en\/2020\/08\/23\/ediciones-arq-confirma-autores-para-la-membresia-arq-2020\/\",\"url\":\"https:\/\/fadeu.urantiacos.cl\/en\/2020\/08\/23\/ediciones-arq-confirma-autores-para-la-membresia-arq-2020\/\",\"name\":\"Ediciones ARQ confirma autores para la Membres\u00eda ARQ 2020 - Facultad de Arquitectura, Dise\u00f1o y Estudios Urbanos\",\"isPartOf\":{\"@id\":\"https:\/\/fadeu.urantiacos.cl\/en\/#website\"},\"primaryImageOfPage\":{\"@id\":\"https:\/\/fadeu.urantiacos.cl\/en\/2020\/08\/23\/ediciones-arq-confirma-autores-para-la-membresia-arq-2020\/#primaryimage\"},\"image\":{\"@id\":\"https:\/\/fadeu.urantiacos.cl\/en\/2020\/08\/23\/ediciones-arq-confirma-autores-para-la-membresia-arq-2020\/#primaryimage\"},\"thumbnailUrl\":\"https:\/\/fadeu.urantiacos.cl\/wp-content\/uploads\/2023\/09\/unnamed_1_web.jpg\",\"datePublished\":\"2020-08-23T21:40:00+00:00\",\"dateModified\":\"2023-10-23T16:24:56+00:00\",\"author\":{\"@id\":\"https:\/\/fadeu.urantiacos.cl\/en\/#\/schema\/person\/d203e2e84b1c40275eac77b3061a19a2\"},\"description\":\"Ines Weizman, Mario Carpo, Mark Cousins y Teodoro Fern\u00e1ndez, son los nombres que incluye la parrilla de publicaciones de destacados acad\u00e9micos y profesionales que impulsa la editorial.\",\"breadcrumb\":{\"@id\":\"https:\/\/fadeu.urantiacos.cl\/en\/2020\/08\/23\/ediciones-arq-confirma-autores-para-la-membresia-arq-2020\/#breadcrumb\"},\"inLanguage\":\"en-US\",\"potentialAction\":[{\"@type\":\"ReadAction\",\"target\":[\"https:\/\/fadeu.urantiacos.cl\/en\/2020\/08\/23\/ediciones-arq-confirma-autores-para-la-membresia-arq-2020\/\"]}]},{\"@type\":\"ImageObject\",\"inLanguage\":\"en-US\",\"@id\":\"https:\/\/fadeu.urantiacos.cl\/en\/2020\/08\/23\/ediciones-arq-confirma-autores-para-la-membresia-arq-2020\/#primaryimage\",\"url\":\"https:\/\/fadeu.urantiacos.cl\/wp-content\/uploads\/2023\/09\/unnamed_1_web.jpg\",\"contentUrl\":\"https:\/\/fadeu.urantiacos.cl\/wp-content\/uploads\/2023\/09\/unnamed_1_web.jpg\",\"width\":350,\"height\":250},{\"@type\":\"BreadcrumbList\",\"@id\":\"https:\/\/fadeu.urantiacos.cl\/en\/2020\/08\/23\/ediciones-arq-confirma-autores-para-la-membresia-arq-2020\/#breadcrumb\",\"itemListElement\":[{\"@type\":\"ListItem\",\"position\":1,\"name\":\"Portada\",\"item\":\"https:\/\/fadeu.urantiacos.cl\/en\/\"},{\"@type\":\"ListItem\",\"position\":2,\"name\":\"Ediciones ARQ confirma autores para la Membres\u00eda ARQ 2020\"}]},{\"@type\":\"WebSite\",\"@id\":\"https:\/\/fadeu.urantiacos.cl\/en\/#website\",\"url\":\"https:\/\/fadeu.urantiacos.cl\/en\/\",\"name\":\"Facultad de Arquitectura, Dise\u00f1o y Estudios Urbanos\",\"description\":\"Campus Lo Contador\",\"potentialAction\":[{\"@type\":\"SearchAction\",\"target\":{\"@type\":\"EntryPoint\",\"urlTemplate\":\"https:\/\/fadeu.urantiacos.cl\/en\/?s={search_term_string}\"},\"query-input\":{\"@type\":\"PropertyValueSpecification\",\"valueRequired\":true,\"valueName\":\"search_term_string\"}}],\"inLanguage\":\"en-US\"},{\"@type\":\"Person\",\"@id\":\"https:\/\/fadeu.urantiacos.cl\/en\/#\/schema\/person\/d203e2e84b1c40275eac77b3061a19a2\",\"name\":\"manadmin\",\"image\":{\"@type\":\"ImageObject\",\"inLanguage\":\"en-US\",\"@id\":\"https:\/\/fadeu.urantiacos.cl\/en\/#\/schema\/person\/image\/\",\"url\":\"https:\/\/secure.gravatar.com\/avatar\/4b1d8e3303b4a9d8968ac578947d8bc80d9aea359f388cdd4aac15cadc0e8447?s=96&d=mm&r=g\",\"contentUrl\":\"https:\/\/secure.gravatar.com\/avatar\/4b1d8e3303b4a9d8968ac578947d8bc80d9aea359f388cdd4aac15cadc0e8447?s=96&d=mm&r=g\",\"caption\":\"manadmin\"},\"sameAs\":[\"https:\/\/fadeu.urantiacos.cl\"]}]}<\/script>\n<!-- \/ Yoast SEO plugin. -->","yoast_head_json":{"title":"Ediciones ARQ confirma autores para la Membres\u00eda ARQ 2020 - Facultad de Arquitectura, Dise\u00f1o y Estudios Urbanos","description":"Ines Weizman, Mario Carpo, Mark Cousins y Teodoro Fern\u00e1ndez, son los nombres que incluye la parrilla de publicaciones de destacados acad\u00e9micos y profesionales que impulsa la editorial.","robots":{"index":"index","follow":"follow","max-snippet":"max-snippet:-1","max-image-preview":"max-image-preview:large","max-video-preview":"max-video-preview:-1"},"canonical":"https:\/\/fadeu.urantiacos.cl\/en\/2020\/08\/23\/ediciones-arq-confirma-autores-para-la-membresia-arq-2020\/","og_locale":"en_US","og_type":"article","og_title":"Ediciones ARQ confirma autores para la Membres\u00eda ARQ 2020 - Facultad de Arquitectura, Dise\u00f1o y Estudios Urbanos","og_description":"Ines Weizman, Mario Carpo, Mark Cousins y Teodoro Fern\u00e1ndez, son los nombres que incluye la parrilla de publicaciones de destacados acad\u00e9micos y profesionales que impulsa la editorial.","og_url":"https:\/\/fadeu.urantiacos.cl\/en\/2020\/08\/23\/ediciones-arq-confirma-autores-para-la-membresia-arq-2020\/","og_site_name":"Facultad de Arquitectura, Dise\u00f1o y Estudios Urbanos","article_published_time":"2020-08-23T21:40:00+00:00","article_modified_time":"2023-10-23T16:24:56+00:00","og_image":[{"width":350,"height":250,"url":"https:\/\/fadeu.urantiacos.cl\/wp-content\/uploads\/2023\/09\/unnamed_1_web.jpg","type":"image\/jpeg"}],"author":"manadmin","twitter_card":"summary_large_image","twitter_misc":{"Written by":"manadmin","Est. reading time":"4 minutes"},"schema":{"@context":"https:\/\/schema.org","@graph":[{"@type":"Article","@id":"https:\/\/fadeu.urantiacos.cl\/en\/2020\/08\/23\/ediciones-arq-confirma-autores-para-la-membresia-arq-2020\/#article","isPartOf":{"@id":"https:\/\/fadeu.urantiacos.cl\/en\/2020\/08\/23\/ediciones-arq-confirma-autores-para-la-membresia-arq-2020\/"},"author":{"name":"manadmin","@id":"https:\/\/fadeu.urantiacos.cl\/en\/#\/schema\/person\/d203e2e84b1c40275eac77b3061a19a2"},"headline":"Ediciones ARQ confirma autores para la Membres\u00eda ARQ 2020","datePublished":"2020-08-23T21:40:00+00:00","dateModified":"2023-10-23T16:24:56+00:00","mainEntityOfPage":{"@id":"https:\/\/fadeu.urantiacos.cl\/en\/2020\/08\/23\/ediciones-arq-confirma-autores-para-la-membresia-arq-2020\/"},"wordCount":489,"commentCount":0,"image":{"@id":"https:\/\/fadeu.urantiacos.cl\/en\/2020\/08\/23\/ediciones-arq-confirma-autores-para-la-membresia-arq-2020\/#primaryimage"},"thumbnailUrl":"https:\/\/fadeu.urantiacos.cl\/wp-content\/uploads\/2023\/09\/unnamed_1_web.jpg","articleSection":["Sin categorizar"],"inLanguage":"en-US","potentialAction":[{"@type":"CommentAction","name":"Comment","target":["https:\/\/fadeu.urantiacos.cl\/en\/2020\/08\/23\/ediciones-arq-confirma-autores-para-la-membresia-arq-2020\/#respond"]}]},{"@type":"WebPage","@id":"https:\/\/fadeu.urantiacos.cl\/en\/2020\/08\/23\/ediciones-arq-confirma-autores-para-la-membresia-arq-2020\/","url":"https:\/\/fadeu.urantiacos.cl\/en\/2020\/08\/23\/ediciones-arq-confirma-autores-para-la-membresia-arq-2020\/","name":"Ediciones ARQ confirma autores para la Membres\u00eda ARQ 2020 - Facultad de Arquitectura, Dise\u00f1o y Estudios Urbanos","isPartOf":{"@id":"https:\/\/fadeu.urantiacos.cl\/en\/#website"},"primaryImageOfPage":{"@id":"https:\/\/fadeu.urantiacos.cl\/en\/2020\/08\/23\/ediciones-arq-confirma-autores-para-la-membresia-arq-2020\/#primaryimage"},"image":{"@id":"https:\/\/fadeu.urantiacos.cl\/en\/2020\/08\/23\/ediciones-arq-confirma-autores-para-la-membresia-arq-2020\/#primaryimage"},"thumbnailUrl":"https:\/\/fadeu.urantiacos.cl\/wp-content\/uploads\/2023\/09\/unnamed_1_web.jpg","datePublished":"2020-08-23T21:40:00+00:00","dateModified":"2023-10-23T16:24:56+00:00","author":{"@id":"https:\/\/fadeu.urantiacos.cl\/en\/#\/schema\/person\/d203e2e84b1c40275eac77b3061a19a2"},"description":"Ines Weizman, Mario Carpo, Mark Cousins y Teodoro Fern\u00e1ndez, son los nombres que incluye la parrilla de publicaciones de destacados acad\u00e9micos y profesionales que impulsa la editorial.","breadcrumb":{"@id":"https:\/\/fadeu.urantiacos.cl\/en\/2020\/08\/23\/ediciones-arq-confirma-autores-para-la-membresia-arq-2020\/#breadcrumb"},"inLanguage":"en-US","potentialAction":[{"@type":"ReadAction","target":["https:\/\/fadeu.urantiacos.cl\/en\/2020\/08\/23\/ediciones-arq-confirma-autores-para-la-membresia-arq-2020\/"]}]},{"@type":"ImageObject","inLanguage":"en-US","@id":"https:\/\/fadeu.urantiacos.cl\/en\/2020\/08\/23\/ediciones-arq-confirma-autores-para-la-membresia-arq-2020\/#primaryimage","url":"https:\/\/fadeu.urantiacos.cl\/wp-content\/uploads\/2023\/09\/unnamed_1_web.jpg","contentUrl":"https:\/\/fadeu.urantiacos.cl\/wp-content\/uploads\/2023\/09\/unnamed_1_web.jpg","width":350,"height":250},{"@type":"BreadcrumbList","@id":"https:\/\/fadeu.urantiacos.cl\/en\/2020\/08\/23\/ediciones-arq-confirma-autores-para-la-membresia-arq-2020\/#breadcrumb","itemListElement":[{"@type":"ListItem","position":1,"name":"Portada","item":"https:\/\/fadeu.urantiacos.cl\/en\/"},{"@type":"ListItem","position":2,"name":"Ediciones ARQ confirma autores para la Membres\u00eda ARQ 2020"}]},{"@type":"WebSite","@id":"https:\/\/fadeu.urantiacos.cl\/en\/#website","url":"https:\/\/fadeu.urantiacos.cl\/en\/","name":"Facultad de Arquitectura, Dise\u00f1o y Estudios Urbanos","description":"Campus Lo Contador","potentialAction":[{"@type":"SearchAction","target":{"@type":"EntryPoint","urlTemplate":"https:\/\/fadeu.urantiacos.cl\/en\/?s={search_term_string}"},"query-input":{"@type":"PropertyValueSpecification","valueRequired":true,"valueName":"search_term_string"}}],"inLanguage":"en-US"},{"@type":"Person","@id":"https:\/\/fadeu.urantiacos.cl\/en\/#\/schema\/person\/d203e2e84b1c40275eac77b3061a19a2","name":"manadmin","image":{"@type":"ImageObject","inLanguage":"en-US","@id":"https:\/\/fadeu.urantiacos.cl\/en\/#\/schema\/person\/image\/","url":"https:\/\/secure.gravatar.com\/avatar\/4b1d8e3303b4a9d8968ac578947d8bc80d9aea359f388cdd4aac15cadc0e8447?s=96&d=mm&r=g","contentUrl":"https:\/\/secure.gravatar.com\/avatar\/4b1d8e3303b4a9d8968ac578947d8bc80d9aea359f388cdd4aac15cadc0e8447?s=96&d=mm&r=g","caption":"manadmin"},"sameAs":["https:\/\/fadeu.urantiacos.cl"]}]}},"_links":{"self":[{"href":"https:\/\/fadeu.urantiacos.cl\/en\/wp-json\/wp\/v2\/posts\/8396","targetHints":{"allow":["GET"]}}],"collection":[{"href":"https:\/\/fadeu.urantiacos.cl\/en\/wp-json\/wp\/v2\/posts"}],"about":[{"href":"https:\/\/fadeu.urantiacos.cl\/en\/wp-json\/wp\/v2\/types\/post"}],"author":[{"embeddable":true,"href":"https:\/\/fadeu.urantiacos.cl\/en\/wp-json\/wp\/v2\/users\/1"}],"replies":[{"embeddable":true,"href":"https:\/\/fadeu.urantiacos.cl\/en\/wp-json\/wp\/v2\/comments?post=8396"}],"version-history":[{"count":2,"href":"https:\/\/fadeu.urantiacos.cl\/en\/wp-json\/wp\/v2\/posts\/8396\/revisions"}],"predecessor-version":[{"id":17420,"href":"https:\/\/fadeu.urantiacos.cl\/en\/wp-json\/wp\/v2\/posts\/8396\/revisions\/17420"}],"wp:featuredmedia":[{"embeddable":true,"href":"https:\/\/fadeu.urantiacos.cl\/en\/wp-json\/wp\/v2\/media\/8398"}],"wp:attachment":[{"href":"https:\/\/fadeu.urantiacos.cl\/en\/wp-json\/wp\/v2\/media?parent=8396"}],"wp:term":[{"taxonomy":"category","embeddable":true,"href":"https:\/\/fadeu.urantiacos.cl\/en\/wp-json\/wp\/v2\/categories?post=8396"},{"taxonomy":"post_tag","embeddable":true,"href":"https:\/\/fadeu.urantiacos.cl\/en\/wp-json\/wp\/v2\/tags?post=8396"}],"curies":[{"name":"wp","href":"https:\/\/api.w.org\/{rel}","templated":true}]}}