{"id":8379,"date":"2020-08-26T18:28:00","date_gmt":"2020-08-26T21:28:00","guid":{"rendered":"https:\/\/fadeu.urantiacos.cl\/?p=8379"},"modified":"2023-09-10T18:29:51","modified_gmt":"2023-09-10T21:29:51","slug":"hugo-mondragon-habla-sobre-resultados-del-workshop-non-fictional-cities-en-radio-duna","status":"publish","type":"post","link":"https:\/\/fadeu.urantiacos.cl\/en\/2020\/08\/26\/hugo-mondragon-habla-sobre-resultados-del-workshop-non-fictional-cities-en-radio-duna\/","title":{"rendered":"Hugo Mondrag\u00f3n habla sobre resultados del workshop \u201cNon fictional cities\u201d en Radio Duna"},"content":{"rendered":"\n<figure class=\"wp-block-image size-full\"><img decoding=\"async\" width=\"350\" height=\"220\" src=\"https:\/\/fadeu.urantiacos.cl\/wp-content\/uploads\/2023\/09\/1-1_WEB.png\" alt=\"\" class=\"wp-image-8380\" srcset=\"https:\/\/fadeu.urantiacos.cl\/wp-content\/uploads\/2023\/09\/1-1_WEB.png 350w, https:\/\/fadeu.urantiacos.cl\/wp-content\/uploads\/2023\/09\/1-1_WEB-300x189.png 300w\" sizes=\"(max-width: 350px) 100vw, 350px\" \/><\/figure>\n\n\n\n<p>El evento \u201cNon-Fictional Cities: Postcovid Imaginary\u201d \u2014en el que participaron 10 universidades del mundo\u2014, fue realizado entre los d\u00edas 13 y 27 de julio de 2020, y coordinado por La Universidad de Los Andes de Colombia. Sobre los resultados de este workshop entrevist\u00f3 Rodrigo Guendelmann a los arquitectos Manola Ogalde y Hugo Mondrag\u00f3n, quienes comentaron \u201cArqueolog\u00eda del futuro inmediato\u201d, el proyecto en el cual fueron profesores. El equipo estuvo compuesto por 14 estudiantes de nuestra escuela quienes fueron invitados a imaginar utop\u00edas urbanas a partir de la distop\u00eda que ha generado el Covid-19.<\/p>\n\n\n\n<p>En el programa, Mondrag\u00f3n sostuvo que pensaron en un futuro no tan lejano, explicando que \u201cantes la utop\u00eda era utop\u00eda. Era pensar algo que nunca iba a ser. Nosotros estamos cada vez m\u00e1s conscientes de que esa utop\u00eda la podemos llevar a la realidad\u201d. Sobre esto mismo, el acad\u00e9mico agreg\u00f3 que hoy en d\u00eda \u201cvivimos en la utop\u00eda que imaginaron nuestros antepasados hace 100 o 150 a\u00f1os. Bueno, utop\u00eda o distop\u00eda\u201d.<\/p>\n\n\n\n<p>Sobre la l\u00ednea del proyecto, el profesor explic\u00f3 que buscaba \u201crefrendar una idea de que la relaci\u00f3n entre pensamiento ut\u00f3pico y ciudad es muy pr\u00f3xima. Casi todos los que la han imaginado una utopia, lo han hecho con o contra una ciudad\u201d. A trav\u00e9s de un recorrido hist\u00f3rico por las utop\u00edas acompa\u00f1adas de una idea de ciudad \u2014y pensando que estas se pueden llevar a cabo \u2014, establecieron una serie de reglas para que los estudiantes pudieran experimentar. As\u00ed, el grupo de estudiantes ARQ UC trabaj\u00f3 con ciudades chilenas como caso de estudio, para reflexionar sobre el futuro que puede derivar del contexto que estamos viviendo.<\/p>\n\n\n\n<p>Escuchar programa completo en el siguiente&nbsp;<a href=\"https:\/\/www.duna.cl\/programa\/santiago-adicto\/2020\/08\/25\/proyecto-arqueologia-del-futuro-inmediato-casi-todos-los-que-la-han-imaginado-una-utopia-lo-han-hecho-con-o-contra-una-ciudad\/\" target=\"_blank\" rel=\"noreferrer noopener\">link<\/a>&nbsp;<br>Ver algunos resultados del workshop en el siguiente&nbsp;<a href=\"https:\/\/www.instagram.com\/p\/CDmAfymjsbv\/\" target=\"_blank\" rel=\"noreferrer noopener\">link<\/a>&nbsp;<\/p>\n\n\n\n<p>Noticias<br>Contacto:&nbsp;<a href=\"mailto:redesarq@uc.cl\">redesarq@uc.cl<\/a>&nbsp;| +56 2 2354 7747<br>www.arquitectura.uc.cl<\/p>\n","protected":false},"excerpt":{"rendered":"<p>El profesor ARQ UC fue entrevistado junto a la arquitecta UC Manola Ogalde en el programa Santiago Adicto, a ra\u00edz del workshop en el que particip\u00f3 nuestra escuela bajo el alero del Mag\u00edster en Proyecto Urbano UC (MPUR UC).<\/p>\n","protected":false},"author":1,"featured_media":8380,"comment_status":"open","ping_status":"open","sticky":false,"template":"","format":"standard","meta":{"_acf_changed":false,"footnotes":""},"categories":[1],"tags":[],"class_list":["post-8379","post","type-post","status-publish","format-standard","has-post-thumbnail","hentry","category-sin-categorizar"],"acf":[],"yoast_head":"<!-- This site is optimized with the Yoast SEO plugin v27.1.1 - https:\/\/yoast.com\/product\/yoast-seo-wordpress\/ -->\n<title>Hugo Mondrag\u00f3n habla sobre resultados del workshop \u201cNon fictional cities\u201d en Radio Duna - Facultad de Arquitectura, Dise\u00f1o y Estudios Urbanos<\/title>\n<meta name=\"description\" content=\"El profesor ARQ UC fue entrevistado junto a la arquitecta UC Manola Ogalde en el programa Santiago Adicto, a ra\u00edz del workshop en el que particip\u00f3 nuestra escuela bajo el alero del Mag\u00edster en Proyecto Urbano UC (MPUR UC).\" \/>\n<meta name=\"robots\" content=\"index, follow, max-snippet:-1, max-image-preview:large, max-video-preview:-1\" \/>\n<link rel=\"canonical\" href=\"https:\/\/fadeu.urantiacos.cl\/en\/2020\/08\/26\/hugo-mondragon-habla-sobre-resultados-del-workshop-non-fictional-cities-en-radio-duna\/\" \/>\n<meta property=\"og:locale\" content=\"en_US\" \/>\n<meta property=\"og:type\" content=\"article\" \/>\n<meta property=\"og:title\" content=\"Hugo Mondrag\u00f3n habla sobre resultados del workshop \u201cNon fictional cities\u201d en Radio Duna - Facultad de Arquitectura, Dise\u00f1o y Estudios Urbanos\" \/>\n<meta property=\"og:description\" content=\"El profesor ARQ UC fue entrevistado junto a la arquitecta UC Manola Ogalde en el programa Santiago Adicto, a ra\u00edz del workshop en el que particip\u00f3 nuestra escuela bajo el alero del Mag\u00edster en Proyecto Urbano UC (MPUR UC).\" \/>\n<meta property=\"og:url\" content=\"https:\/\/fadeu.urantiacos.cl\/en\/2020\/08\/26\/hugo-mondragon-habla-sobre-resultados-del-workshop-non-fictional-cities-en-radio-duna\/\" \/>\n<meta property=\"og:site_name\" content=\"Facultad de Arquitectura, Dise\u00f1o y Estudios Urbanos\" \/>\n<meta property=\"article:published_time\" content=\"2020-08-26T21:28:00+00:00\" \/>\n<meta property=\"article:modified_time\" content=\"2023-09-10T21:29:51+00:00\" \/>\n<meta property=\"og:image\" content=\"https:\/\/fadeu.urantiacos.cl\/wp-content\/uploads\/2023\/09\/1-1_WEB.png\" \/>\n\t<meta property=\"og:image:width\" content=\"350\" \/>\n\t<meta property=\"og:image:height\" content=\"220\" \/>\n\t<meta property=\"og:image:type\" content=\"image\/png\" \/>\n<meta name=\"author\" content=\"manadmin\" \/>\n<meta name=\"twitter:card\" content=\"summary_large_image\" \/>\n<meta name=\"twitter:label1\" content=\"Written by\" \/>\n\t<meta name=\"twitter:data1\" content=\"manadmin\" \/>\n\t<meta name=\"twitter:label2\" content=\"Est. reading time\" \/>\n\t<meta name=\"twitter:data2\" content=\"2 minutes\" \/>\n<script type=\"application\/ld+json\" class=\"yoast-schema-graph\">{\"@context\":\"https:\/\/schema.org\",\"@graph\":[{\"@type\":\"Article\",\"@id\":\"https:\/\/fadeu.urantiacos.cl\/en\/2020\/08\/26\/hugo-mondragon-habla-sobre-resultados-del-workshop-non-fictional-cities-en-radio-duna\/#article\",\"isPartOf\":{\"@id\":\"https:\/\/fadeu.urantiacos.cl\/en\/2020\/08\/26\/hugo-mondragon-habla-sobre-resultados-del-workshop-non-fictional-cities-en-radio-duna\/\"},\"author\":{\"name\":\"manadmin\",\"@id\":\"https:\/\/fadeu.urantiacos.cl\/en\/#\/schema\/person\/d203e2e84b1c40275eac77b3061a19a2\"},\"headline\":\"Hugo Mondrag\u00f3n habla sobre resultados del workshop \u201cNon fictional cities\u201d en Radio Duna\",\"datePublished\":\"2020-08-26T21:28:00+00:00\",\"dateModified\":\"2023-09-10T21:29:51+00:00\",\"mainEntityOfPage\":{\"@id\":\"https:\/\/fadeu.urantiacos.cl\/en\/2020\/08\/26\/hugo-mondragon-habla-sobre-resultados-del-workshop-non-fictional-cities-en-radio-duna\/\"},\"wordCount\":330,\"commentCount\":0,\"image\":{\"@id\":\"https:\/\/fadeu.urantiacos.cl\/en\/2020\/08\/26\/hugo-mondragon-habla-sobre-resultados-del-workshop-non-fictional-cities-en-radio-duna\/#primaryimage\"},\"thumbnailUrl\":\"https:\/\/fadeu.urantiacos.cl\/wp-content\/uploads\/2023\/09\/1-1_WEB.png\",\"articleSection\":[\"Sin categorizar\"],\"inLanguage\":\"en-US\",\"potentialAction\":[{\"@type\":\"CommentAction\",\"name\":\"Comment\",\"target\":[\"https:\/\/fadeu.urantiacos.cl\/en\/2020\/08\/26\/hugo-mondragon-habla-sobre-resultados-del-workshop-non-fictional-cities-en-radio-duna\/#respond\"]}]},{\"@type\":\"WebPage\",\"@id\":\"https:\/\/fadeu.urantiacos.cl\/en\/2020\/08\/26\/hugo-mondragon-habla-sobre-resultados-del-workshop-non-fictional-cities-en-radio-duna\/\",\"url\":\"https:\/\/fadeu.urantiacos.cl\/en\/2020\/08\/26\/hugo-mondragon-habla-sobre-resultados-del-workshop-non-fictional-cities-en-radio-duna\/\",\"name\":\"Hugo Mondrag\u00f3n habla sobre resultados del workshop \u201cNon fictional cities\u201d en Radio Duna - Facultad de Arquitectura, Dise\u00f1o y Estudios Urbanos\",\"isPartOf\":{\"@id\":\"https:\/\/fadeu.urantiacos.cl\/en\/#website\"},\"primaryImageOfPage\":{\"@id\":\"https:\/\/fadeu.urantiacos.cl\/en\/2020\/08\/26\/hugo-mondragon-habla-sobre-resultados-del-workshop-non-fictional-cities-en-radio-duna\/#primaryimage\"},\"image\":{\"@id\":\"https:\/\/fadeu.urantiacos.cl\/en\/2020\/08\/26\/hugo-mondragon-habla-sobre-resultados-del-workshop-non-fictional-cities-en-radio-duna\/#primaryimage\"},\"thumbnailUrl\":\"https:\/\/fadeu.urantiacos.cl\/wp-content\/uploads\/2023\/09\/1-1_WEB.png\",\"datePublished\":\"2020-08-26T21:28:00+00:00\",\"dateModified\":\"2023-09-10T21:29:51+00:00\",\"author\":{\"@id\":\"https:\/\/fadeu.urantiacos.cl\/en\/#\/schema\/person\/d203e2e84b1c40275eac77b3061a19a2\"},\"description\":\"El profesor ARQ UC fue entrevistado junto a la arquitecta UC Manola Ogalde en el programa Santiago Adicto, a ra\u00edz del workshop en el que particip\u00f3 nuestra escuela bajo el alero del Mag\u00edster en Proyecto Urbano UC (MPUR UC).\",\"breadcrumb\":{\"@id\":\"https:\/\/fadeu.urantiacos.cl\/en\/2020\/08\/26\/hugo-mondragon-habla-sobre-resultados-del-workshop-non-fictional-cities-en-radio-duna\/#breadcrumb\"},\"inLanguage\":\"en-US\",\"potentialAction\":[{\"@type\":\"ReadAction\",\"target\":[\"https:\/\/fadeu.urantiacos.cl\/en\/2020\/08\/26\/hugo-mondragon-habla-sobre-resultados-del-workshop-non-fictional-cities-en-radio-duna\/\"]}]},{\"@type\":\"ImageObject\",\"inLanguage\":\"en-US\",\"@id\":\"https:\/\/fadeu.urantiacos.cl\/en\/2020\/08\/26\/hugo-mondragon-habla-sobre-resultados-del-workshop-non-fictional-cities-en-radio-duna\/#primaryimage\",\"url\":\"https:\/\/fadeu.urantiacos.cl\/wp-content\/uploads\/2023\/09\/1-1_WEB.png\",\"contentUrl\":\"https:\/\/fadeu.urantiacos.cl\/wp-content\/uploads\/2023\/09\/1-1_WEB.png\",\"width\":350,\"height\":220},{\"@type\":\"BreadcrumbList\",\"@id\":\"https:\/\/fadeu.urantiacos.cl\/en\/2020\/08\/26\/hugo-mondragon-habla-sobre-resultados-del-workshop-non-fictional-cities-en-radio-duna\/#breadcrumb\",\"itemListElement\":[{\"@type\":\"ListItem\",\"position\":1,\"name\":\"Portada\",\"item\":\"https:\/\/fadeu.urantiacos.cl\/en\/\"},{\"@type\":\"ListItem\",\"position\":2,\"name\":\"Hugo Mondrag\u00f3n habla sobre resultados del workshop \u201cNon fictional cities\u201d en Radio Duna\"}]},{\"@type\":\"WebSite\",\"@id\":\"https:\/\/fadeu.urantiacos.cl\/en\/#website\",\"url\":\"https:\/\/fadeu.urantiacos.cl\/en\/\",\"name\":\"Facultad de Arquitectura, Dise\u00f1o y Estudios Urbanos\",\"description\":\"Campus Lo Contador\",\"potentialAction\":[{\"@type\":\"SearchAction\",\"target\":{\"@type\":\"EntryPoint\",\"urlTemplate\":\"https:\/\/fadeu.urantiacos.cl\/en\/?s={search_term_string}\"},\"query-input\":{\"@type\":\"PropertyValueSpecification\",\"valueRequired\":true,\"valueName\":\"search_term_string\"}}],\"inLanguage\":\"en-US\"},{\"@type\":\"Person\",\"@id\":\"https:\/\/fadeu.urantiacos.cl\/en\/#\/schema\/person\/d203e2e84b1c40275eac77b3061a19a2\",\"name\":\"manadmin\",\"image\":{\"@type\":\"ImageObject\",\"inLanguage\":\"en-US\",\"@id\":\"https:\/\/fadeu.urantiacos.cl\/en\/#\/schema\/person\/image\/\",\"url\":\"https:\/\/secure.gravatar.com\/avatar\/4b1d8e3303b4a9d8968ac578947d8bc80d9aea359f388cdd4aac15cadc0e8447?s=96&d=mm&r=g\",\"contentUrl\":\"https:\/\/secure.gravatar.com\/avatar\/4b1d8e3303b4a9d8968ac578947d8bc80d9aea359f388cdd4aac15cadc0e8447?s=96&d=mm&r=g\",\"caption\":\"manadmin\"},\"sameAs\":[\"https:\/\/fadeu.urantiacos.cl\"]}]}<\/script>\n<!-- \/ Yoast SEO plugin. -->","yoast_head_json":{"title":"Hugo Mondrag\u00f3n habla sobre resultados del workshop \u201cNon fictional cities\u201d en Radio Duna - Facultad de Arquitectura, Dise\u00f1o y Estudios Urbanos","description":"El profesor ARQ UC fue entrevistado junto a la arquitecta UC Manola Ogalde en el programa Santiago Adicto, a ra\u00edz del workshop en el que particip\u00f3 nuestra escuela bajo el alero del Mag\u00edster en Proyecto Urbano UC (MPUR UC).","robots":{"index":"index","follow":"follow","max-snippet":"max-snippet:-1","max-image-preview":"max-image-preview:large","max-video-preview":"max-video-preview:-1"},"canonical":"https:\/\/fadeu.urantiacos.cl\/en\/2020\/08\/26\/hugo-mondragon-habla-sobre-resultados-del-workshop-non-fictional-cities-en-radio-duna\/","og_locale":"en_US","og_type":"article","og_title":"Hugo Mondrag\u00f3n habla sobre resultados del workshop \u201cNon fictional cities\u201d en Radio Duna - Facultad de Arquitectura, Dise\u00f1o y Estudios Urbanos","og_description":"El profesor ARQ UC fue entrevistado junto a la arquitecta UC Manola Ogalde en el programa Santiago Adicto, a ra\u00edz del workshop en el que particip\u00f3 nuestra escuela bajo el alero del Mag\u00edster en Proyecto Urbano UC (MPUR UC).","og_url":"https:\/\/fadeu.urantiacos.cl\/en\/2020\/08\/26\/hugo-mondragon-habla-sobre-resultados-del-workshop-non-fictional-cities-en-radio-duna\/","og_site_name":"Facultad de Arquitectura, Dise\u00f1o y Estudios Urbanos","article_published_time":"2020-08-26T21:28:00+00:00","article_modified_time":"2023-09-10T21:29:51+00:00","og_image":[{"width":350,"height":220,"url":"https:\/\/fadeu.urantiacos.cl\/wp-content\/uploads\/2023\/09\/1-1_WEB.png","type":"image\/png"}],"author":"manadmin","twitter_card":"summary_large_image","twitter_misc":{"Written by":"manadmin","Est. reading time":"2 minutes"},"schema":{"@context":"https:\/\/schema.org","@graph":[{"@type":"Article","@id":"https:\/\/fadeu.urantiacos.cl\/en\/2020\/08\/26\/hugo-mondragon-habla-sobre-resultados-del-workshop-non-fictional-cities-en-radio-duna\/#article","isPartOf":{"@id":"https:\/\/fadeu.urantiacos.cl\/en\/2020\/08\/26\/hugo-mondragon-habla-sobre-resultados-del-workshop-non-fictional-cities-en-radio-duna\/"},"author":{"name":"manadmin","@id":"https:\/\/fadeu.urantiacos.cl\/en\/#\/schema\/person\/d203e2e84b1c40275eac77b3061a19a2"},"headline":"Hugo Mondrag\u00f3n habla sobre resultados del workshop \u201cNon fictional cities\u201d en Radio Duna","datePublished":"2020-08-26T21:28:00+00:00","dateModified":"2023-09-10T21:29:51+00:00","mainEntityOfPage":{"@id":"https:\/\/fadeu.urantiacos.cl\/en\/2020\/08\/26\/hugo-mondragon-habla-sobre-resultados-del-workshop-non-fictional-cities-en-radio-duna\/"},"wordCount":330,"commentCount":0,"image":{"@id":"https:\/\/fadeu.urantiacos.cl\/en\/2020\/08\/26\/hugo-mondragon-habla-sobre-resultados-del-workshop-non-fictional-cities-en-radio-duna\/#primaryimage"},"thumbnailUrl":"https:\/\/fadeu.urantiacos.cl\/wp-content\/uploads\/2023\/09\/1-1_WEB.png","articleSection":["Sin categorizar"],"inLanguage":"en-US","potentialAction":[{"@type":"CommentAction","name":"Comment","target":["https:\/\/fadeu.urantiacos.cl\/en\/2020\/08\/26\/hugo-mondragon-habla-sobre-resultados-del-workshop-non-fictional-cities-en-radio-duna\/#respond"]}]},{"@type":"WebPage","@id":"https:\/\/fadeu.urantiacos.cl\/en\/2020\/08\/26\/hugo-mondragon-habla-sobre-resultados-del-workshop-non-fictional-cities-en-radio-duna\/","url":"https:\/\/fadeu.urantiacos.cl\/en\/2020\/08\/26\/hugo-mondragon-habla-sobre-resultados-del-workshop-non-fictional-cities-en-radio-duna\/","name":"Hugo Mondrag\u00f3n habla sobre resultados del workshop \u201cNon fictional cities\u201d en Radio Duna - Facultad de Arquitectura, Dise\u00f1o y Estudios Urbanos","isPartOf":{"@id":"https:\/\/fadeu.urantiacos.cl\/en\/#website"},"primaryImageOfPage":{"@id":"https:\/\/fadeu.urantiacos.cl\/en\/2020\/08\/26\/hugo-mondragon-habla-sobre-resultados-del-workshop-non-fictional-cities-en-radio-duna\/#primaryimage"},"image":{"@id":"https:\/\/fadeu.urantiacos.cl\/en\/2020\/08\/26\/hugo-mondragon-habla-sobre-resultados-del-workshop-non-fictional-cities-en-radio-duna\/#primaryimage"},"thumbnailUrl":"https:\/\/fadeu.urantiacos.cl\/wp-content\/uploads\/2023\/09\/1-1_WEB.png","datePublished":"2020-08-26T21:28:00+00:00","dateModified":"2023-09-10T21:29:51+00:00","author":{"@id":"https:\/\/fadeu.urantiacos.cl\/en\/#\/schema\/person\/d203e2e84b1c40275eac77b3061a19a2"},"description":"El profesor ARQ UC fue entrevistado junto a la arquitecta UC Manola Ogalde en el programa Santiago Adicto, a ra\u00edz del workshop en el que particip\u00f3 nuestra escuela bajo el alero del Mag\u00edster en Proyecto Urbano UC (MPUR UC).","breadcrumb":{"@id":"https:\/\/fadeu.urantiacos.cl\/en\/2020\/08\/26\/hugo-mondragon-habla-sobre-resultados-del-workshop-non-fictional-cities-en-radio-duna\/#breadcrumb"},"inLanguage":"en-US","potentialAction":[{"@type":"ReadAction","target":["https:\/\/fadeu.urantiacos.cl\/en\/2020\/08\/26\/hugo-mondragon-habla-sobre-resultados-del-workshop-non-fictional-cities-en-radio-duna\/"]}]},{"@type":"ImageObject","inLanguage":"en-US","@id":"https:\/\/fadeu.urantiacos.cl\/en\/2020\/08\/26\/hugo-mondragon-habla-sobre-resultados-del-workshop-non-fictional-cities-en-radio-duna\/#primaryimage","url":"https:\/\/fadeu.urantiacos.cl\/wp-content\/uploads\/2023\/09\/1-1_WEB.png","contentUrl":"https:\/\/fadeu.urantiacos.cl\/wp-content\/uploads\/2023\/09\/1-1_WEB.png","width":350,"height":220},{"@type":"BreadcrumbList","@id":"https:\/\/fadeu.urantiacos.cl\/en\/2020\/08\/26\/hugo-mondragon-habla-sobre-resultados-del-workshop-non-fictional-cities-en-radio-duna\/#breadcrumb","itemListElement":[{"@type":"ListItem","position":1,"name":"Portada","item":"https:\/\/fadeu.urantiacos.cl\/en\/"},{"@type":"ListItem","position":2,"name":"Hugo Mondrag\u00f3n habla sobre resultados del workshop \u201cNon fictional cities\u201d en Radio Duna"}]},{"@type":"WebSite","@id":"https:\/\/fadeu.urantiacos.cl\/en\/#website","url":"https:\/\/fadeu.urantiacos.cl\/en\/","name":"Facultad de Arquitectura, Dise\u00f1o y Estudios Urbanos","description":"Campus Lo Contador","potentialAction":[{"@type":"SearchAction","target":{"@type":"EntryPoint","urlTemplate":"https:\/\/fadeu.urantiacos.cl\/en\/?s={search_term_string}"},"query-input":{"@type":"PropertyValueSpecification","valueRequired":true,"valueName":"search_term_string"}}],"inLanguage":"en-US"},{"@type":"Person","@id":"https:\/\/fadeu.urantiacos.cl\/en\/#\/schema\/person\/d203e2e84b1c40275eac77b3061a19a2","name":"manadmin","image":{"@type":"ImageObject","inLanguage":"en-US","@id":"https:\/\/fadeu.urantiacos.cl\/en\/#\/schema\/person\/image\/","url":"https:\/\/secure.gravatar.com\/avatar\/4b1d8e3303b4a9d8968ac578947d8bc80d9aea359f388cdd4aac15cadc0e8447?s=96&d=mm&r=g","contentUrl":"https:\/\/secure.gravatar.com\/avatar\/4b1d8e3303b4a9d8968ac578947d8bc80d9aea359f388cdd4aac15cadc0e8447?s=96&d=mm&r=g","caption":"manadmin"},"sameAs":["https:\/\/fadeu.urantiacos.cl"]}]}},"_links":{"self":[{"href":"https:\/\/fadeu.urantiacos.cl\/en\/wp-json\/wp\/v2\/posts\/8379","targetHints":{"allow":["GET"]}}],"collection":[{"href":"https:\/\/fadeu.urantiacos.cl\/en\/wp-json\/wp\/v2\/posts"}],"about":[{"href":"https:\/\/fadeu.urantiacos.cl\/en\/wp-json\/wp\/v2\/types\/post"}],"author":[{"embeddable":true,"href":"https:\/\/fadeu.urantiacos.cl\/en\/wp-json\/wp\/v2\/users\/1"}],"replies":[{"embeddable":true,"href":"https:\/\/fadeu.urantiacos.cl\/en\/wp-json\/wp\/v2\/comments?post=8379"}],"version-history":[{"count":1,"href":"https:\/\/fadeu.urantiacos.cl\/en\/wp-json\/wp\/v2\/posts\/8379\/revisions"}],"predecessor-version":[{"id":8381,"href":"https:\/\/fadeu.urantiacos.cl\/en\/wp-json\/wp\/v2\/posts\/8379\/revisions\/8381"}],"wp:featuredmedia":[{"embeddable":true,"href":"https:\/\/fadeu.urantiacos.cl\/en\/wp-json\/wp\/v2\/media\/8380"}],"wp:attachment":[{"href":"https:\/\/fadeu.urantiacos.cl\/en\/wp-json\/wp\/v2\/media?parent=8379"}],"wp:term":[{"taxonomy":"category","embeddable":true,"href":"https:\/\/fadeu.urantiacos.cl\/en\/wp-json\/wp\/v2\/categories?post=8379"},{"taxonomy":"post_tag","embeddable":true,"href":"https:\/\/fadeu.urantiacos.cl\/en\/wp-json\/wp\/v2\/tags?post=8379"}],"curies":[{"name":"wp","href":"https:\/\/api.w.org\/{rel}","templated":true}]}}