{"id":8372,"date":"2020-08-28T18:18:00","date_gmt":"2020-08-28T21:18:00","guid":{"rendered":"https:\/\/fadeu.urantiacos.cl\/?p=8372"},"modified":"2023-09-10T18:26:18","modified_gmt":"2023-09-10T21:26:18","slug":"mas-de-400-personas-participaron-de-la-serie-covid-19-preguntas-y-respuestas-desde-la-ciudad-organizada-por-el-ieut","status":"publish","type":"post","link":"https:\/\/fadeu.urantiacos.cl\/en\/2020\/08\/28\/mas-de-400-personas-participaron-de-la-serie-covid-19-preguntas-y-respuestas-desde-la-ciudad-organizada-por-el-ieut\/","title":{"rendered":"M\u00e1s de 400 personas participaron de la Serie \u201cCOVID-19: Preguntas y respuestas desde la ciudad\u201d, organizada por el IEUT"},"content":{"rendered":"\n<figure class=\"wp-block-image size-full\"><img decoding=\"async\" width=\"350\" height=\"250\" src=\"https:\/\/fadeu.urantiacos.cl\/wp-content\/uploads\/2023\/09\/afiche_general_1_web.jpg\" alt=\"\" class=\"wp-image-8373\" srcset=\"https:\/\/fadeu.urantiacos.cl\/wp-content\/uploads\/2023\/09\/afiche_general_1_web.jpg 350w, https:\/\/fadeu.urantiacos.cl\/wp-content\/uploads\/2023\/09\/afiche_general_1_web-300x214.jpg 300w\" sizes=\"(max-width: 350px) 100vw, 350px\" \/><\/figure>\n\n\n\n<p>La iniciativa busc\u00f3 generar di\u00e1logo y motivar la discusi\u00f3n sobre diversas materias urbanas, territoriales y sociales, especialmente tensionadas con la crisis sanitaria, para generar consensos y contribuir al debate p\u00fablico respecto de las urgencias que evidencian las ciudades en medio de la pandemia por COVID-19.<\/p>\n\n\n\n<p>Las tem\u00e1ticas fueron variadas, y se analizaron mediante duplas de acad\u00e9micos y acad\u00e9micas del Instituto, quienes abordaron la contingencia desde sus \u00e1reas de docencia e investigaci\u00f3n, d\u00e1ndose, adem\u00e1s, el tiempo para responder diversas consultas del p\u00fablico asistente que contribuyeron a enriquecer la discusi\u00f3n y el di\u00e1logo.<\/p>\n\n\n\n<p>Los seis temas abordados fueron:<\/p>\n\n\n\n<ul class=\"wp-block-list\">\n<li>Gobernanza Metropolitana para la ciudad post pandemia (profesores Arturo Orellana y Claudio Orrego).<\/li>\n\n\n\n<li>Oportunidades y nuevos paradigmas para la movilidad urbana (profesores Carolina Rojas y Giovanni Vecchio).<\/li>\n\n\n\n<li>Desaf\u00edos para la densificaci\u00f3n residencial en nuestras ciudades (profesores Magdalena Vicu\u00f1a y Felipe Link).<\/li>\n\n\n\n<li>Efectos sociales de la crisis sanitaria (profesores Mar\u00eda Luisa M\u00e9ndez y Christi\u00e1n Matus).<\/li>\n\n\n\n<li>Nuevas perspectivas para la institucionalidad ambiental y el ordenamiento territorial (profesores Kay Bergamini y Francisco Sabatini).<\/li>\n\n\n\n<li>Higiene y urbanismo: lecciones del pasado para la ciudad futura (profesores Macarena Ibarra y Arturo Almandoz).<\/li>\n<\/ul>\n\n\n\n<p>Desde el \u00e1rea de Postgrado del IEUT se inform\u00f3 que durante septiembre se informar\u00e1n las fechas de una segunda serie de conversatorios que abordar\u00e1n distintas tem\u00e1ticas durante el segundo semestre, recogiendo siempre la investigaci\u00f3n generada y vincul\u00e1ndola con la contingencia y las pol\u00edticas p\u00fablicas en materia urbana y territorial.<\/p>\n\n\n\n<p>Si quieres revisar cada uno de los conversatorios, puedes visitar el canal de YouTube del IEUT en el siguiente link:&nbsp;<a href=\"https:\/\/www.youtube.com\/channel\/UCeZzl01wEABnldblxC0EjwA\/videos\">https:\/\/www.youtube.com\/channel\/UCeZzl01wEABnldblxC0EjwA\/videos<\/a><a href=\"https:\/\/www.youtube.com\/channel\/UCeZzl01wEABnldblxC0EjwA\/videos\"><\/a><\/p>\n\n\n\n<p>INFORMACI\u00d3N PERIOD\u00cdSTICA<br>JUAN ANDR\u00c9S INZUNZA<\/p>\n\n\n\n<figure class=\"wp-block-image size-large\"><img decoding=\"async\" width=\"768\" height=\"1024\" src=\"https:\/\/fadeu.urantiacos.cl\/wp-content\/uploads\/2023\/09\/afiche_general_1-768x1024.jpg\" alt=\"\" class=\"wp-image-8374\" srcset=\"https:\/\/fadeu.urantiacos.cl\/wp-content\/uploads\/2023\/09\/afiche_general_1-768x1024.jpg 768w, https:\/\/fadeu.urantiacos.cl\/wp-content\/uploads\/2023\/09\/afiche_general_1-225x300.jpg 225w, https:\/\/fadeu.urantiacos.cl\/wp-content\/uploads\/2023\/09\/afiche_general_1-1152x1536.jpg 1152w, https:\/\/fadeu.urantiacos.cl\/wp-content\/uploads\/2023\/09\/afiche_general_1-1536x2048.jpg 1536w, https:\/\/fadeu.urantiacos.cl\/wp-content\/uploads\/2023\/09\/afiche_general_1-scaled.jpg 900w\" sizes=\"(max-width: 768px) 100vw, 768px\" \/><\/figure>\n","protected":false},"excerpt":{"rendered":"<p>M\u00e1s de 400 personas asistieron de manera remota a los seis conversatorios de la serie \u201cCOVID-19: Preguntas y respuestas desde la ciudad\u201d, organizada por el Mag\u00edster en Desarrollo Urbano y el Mag\u00edster en Asentamientos Humanos y Medio Ambiente del Instituto de Estudios Urbanos y Territoriales (IEUT) de la Universidad Cat\u00f3lica.<\/p>\n","protected":false},"author":1,"featured_media":8373,"comment_status":"open","ping_status":"open","sticky":false,"template":"","format":"standard","meta":{"_acf_changed":false,"footnotes":""},"categories":[1],"tags":[],"class_list":["post-8372","post","type-post","status-publish","format-standard","has-post-thumbnail","hentry","category-sin-categorizar"],"acf":[],"yoast_head":"<!-- This site is optimized with the Yoast SEO plugin v27.1.1 - https:\/\/yoast.com\/product\/yoast-seo-wordpress\/ -->\n<title>M\u00e1s de 400 personas participaron de la Serie \u201cCOVID-19: Preguntas y respuestas desde la ciudad\u201d, organizada por el IEUT - Facultad de Arquitectura, Dise\u00f1o y Estudios Urbanos<\/title>\n<meta name=\"description\" content=\"M\u00e1s de 400 personas asistieron de manera remota a los seis conversatorios de la serie \u201cCOVID-19: Preguntas y respuestas desde la ciudad\u201d, organizada por el Mag\u00edster en Desarrollo Urbano y el Mag\u00edster en Asentamientos Humanos y Medio Ambiente del Instituto de Estudios Urbanos y Territoriales (IEUT) de la Universidad Cat\u00f3lica.\" \/>\n<meta name=\"robots\" content=\"index, follow, max-snippet:-1, max-image-preview:large, max-video-preview:-1\" \/>\n<link rel=\"canonical\" href=\"https:\/\/fadeu.urantiacos.cl\/en\/2020\/08\/28\/mas-de-400-personas-participaron-de-la-serie-covid-19-preguntas-y-respuestas-desde-la-ciudad-organizada-por-el-ieut\/\" \/>\n<meta property=\"og:locale\" content=\"en_US\" \/>\n<meta property=\"og:type\" content=\"article\" \/>\n<meta property=\"og:title\" content=\"M\u00e1s de 400 personas participaron de la Serie \u201cCOVID-19: Preguntas y respuestas desde la ciudad\u201d, organizada por el IEUT - Facultad de Arquitectura, Dise\u00f1o y Estudios Urbanos\" \/>\n<meta property=\"og:description\" content=\"M\u00e1s de 400 personas asistieron de manera remota a los seis conversatorios de la serie \u201cCOVID-19: Preguntas y respuestas desde la ciudad\u201d, organizada por el Mag\u00edster en Desarrollo Urbano y el Mag\u00edster en Asentamientos Humanos y Medio Ambiente del Instituto de Estudios Urbanos y Territoriales (IEUT) de la Universidad Cat\u00f3lica.\" \/>\n<meta property=\"og:url\" content=\"https:\/\/fadeu.urantiacos.cl\/en\/2020\/08\/28\/mas-de-400-personas-participaron-de-la-serie-covid-19-preguntas-y-respuestas-desde-la-ciudad-organizada-por-el-ieut\/\" \/>\n<meta property=\"og:site_name\" content=\"Facultad de Arquitectura, Dise\u00f1o y Estudios Urbanos\" \/>\n<meta property=\"article:published_time\" content=\"2020-08-28T21:18:00+00:00\" \/>\n<meta property=\"article:modified_time\" content=\"2023-09-10T21:26:18+00:00\" \/>\n<meta property=\"og:image\" content=\"https:\/\/fadeu.urantiacos.cl\/wp-content\/uploads\/2023\/09\/afiche_general_1_web.jpg\" \/>\n\t<meta property=\"og:image:width\" content=\"350\" \/>\n\t<meta property=\"og:image:height\" content=\"250\" \/>\n\t<meta property=\"og:image:type\" content=\"image\/jpeg\" \/>\n<meta name=\"author\" content=\"manadmin\" \/>\n<meta name=\"twitter:card\" content=\"summary_large_image\" \/>\n<meta name=\"twitter:label1\" content=\"Written by\" \/>\n\t<meta name=\"twitter:data1\" content=\"manadmin\" \/>\n\t<meta name=\"twitter:label2\" content=\"Est. reading time\" \/>\n\t<meta name=\"twitter:data2\" content=\"1 minute\" \/>\n<script type=\"application\/ld+json\" class=\"yoast-schema-graph\">{\"@context\":\"https:\/\/schema.org\",\"@graph\":[{\"@type\":\"Article\",\"@id\":\"https:\/\/fadeu.urantiacos.cl\/en\/2020\/08\/28\/mas-de-400-personas-participaron-de-la-serie-covid-19-preguntas-y-respuestas-desde-la-ciudad-organizada-por-el-ieut\/#article\",\"isPartOf\":{\"@id\":\"https:\/\/fadeu.urantiacos.cl\/en\/2020\/08\/28\/mas-de-400-personas-participaron-de-la-serie-covid-19-preguntas-y-respuestas-desde-la-ciudad-organizada-por-el-ieut\/\"},\"author\":{\"name\":\"manadmin\",\"@id\":\"https:\/\/fadeu.urantiacos.cl\/en\/#\/schema\/person\/d203e2e84b1c40275eac77b3061a19a2\"},\"headline\":\"M\u00e1s de 400 personas participaron de la Serie \u201cCOVID-19: Preguntas y respuestas desde la ciudad\u201d, organizada por el IEUT\",\"datePublished\":\"2020-08-28T21:18:00+00:00\",\"dateModified\":\"2023-09-10T21:26:18+00:00\",\"mainEntityOfPage\":{\"@id\":\"https:\/\/fadeu.urantiacos.cl\/en\/2020\/08\/28\/mas-de-400-personas-participaron-de-la-serie-covid-19-preguntas-y-respuestas-desde-la-ciudad-organizada-por-el-ieut\/\"},\"wordCount\":312,\"commentCount\":0,\"image\":{\"@id\":\"https:\/\/fadeu.urantiacos.cl\/en\/2020\/08\/28\/mas-de-400-personas-participaron-de-la-serie-covid-19-preguntas-y-respuestas-desde-la-ciudad-organizada-por-el-ieut\/#primaryimage\"},\"thumbnailUrl\":\"https:\/\/fadeu.urantiacos.cl\/wp-content\/uploads\/2023\/09\/afiche_general_1_web.jpg\",\"articleSection\":[\"Sin categorizar\"],\"inLanguage\":\"en-US\",\"potentialAction\":[{\"@type\":\"CommentAction\",\"name\":\"Comment\",\"target\":[\"https:\/\/fadeu.urantiacos.cl\/en\/2020\/08\/28\/mas-de-400-personas-participaron-de-la-serie-covid-19-preguntas-y-respuestas-desde-la-ciudad-organizada-por-el-ieut\/#respond\"]}]},{\"@type\":\"WebPage\",\"@id\":\"https:\/\/fadeu.urantiacos.cl\/en\/2020\/08\/28\/mas-de-400-personas-participaron-de-la-serie-covid-19-preguntas-y-respuestas-desde-la-ciudad-organizada-por-el-ieut\/\",\"url\":\"https:\/\/fadeu.urantiacos.cl\/en\/2020\/08\/28\/mas-de-400-personas-participaron-de-la-serie-covid-19-preguntas-y-respuestas-desde-la-ciudad-organizada-por-el-ieut\/\",\"name\":\"M\u00e1s de 400 personas participaron de la Serie \u201cCOVID-19: Preguntas y respuestas desde la ciudad\u201d, organizada por el IEUT - Facultad de Arquitectura, Dise\u00f1o y Estudios Urbanos\",\"isPartOf\":{\"@id\":\"https:\/\/fadeu.urantiacos.cl\/en\/#website\"},\"primaryImageOfPage\":{\"@id\":\"https:\/\/fadeu.urantiacos.cl\/en\/2020\/08\/28\/mas-de-400-personas-participaron-de-la-serie-covid-19-preguntas-y-respuestas-desde-la-ciudad-organizada-por-el-ieut\/#primaryimage\"},\"image\":{\"@id\":\"https:\/\/fadeu.urantiacos.cl\/en\/2020\/08\/28\/mas-de-400-personas-participaron-de-la-serie-covid-19-preguntas-y-respuestas-desde-la-ciudad-organizada-por-el-ieut\/#primaryimage\"},\"thumbnailUrl\":\"https:\/\/fadeu.urantiacos.cl\/wp-content\/uploads\/2023\/09\/afiche_general_1_web.jpg\",\"datePublished\":\"2020-08-28T21:18:00+00:00\",\"dateModified\":\"2023-09-10T21:26:18+00:00\",\"author\":{\"@id\":\"https:\/\/fadeu.urantiacos.cl\/en\/#\/schema\/person\/d203e2e84b1c40275eac77b3061a19a2\"},\"description\":\"M\u00e1s de 400 personas asistieron de manera remota a los seis conversatorios de la serie \u201cCOVID-19: Preguntas y respuestas desde la ciudad\u201d, organizada por el Mag\u00edster en Desarrollo Urbano y el Mag\u00edster en Asentamientos Humanos y Medio Ambiente del Instituto de Estudios Urbanos y Territoriales (IEUT) de la Universidad Cat\u00f3lica.\",\"breadcrumb\":{\"@id\":\"https:\/\/fadeu.urantiacos.cl\/en\/2020\/08\/28\/mas-de-400-personas-participaron-de-la-serie-covid-19-preguntas-y-respuestas-desde-la-ciudad-organizada-por-el-ieut\/#breadcrumb\"},\"inLanguage\":\"en-US\",\"potentialAction\":[{\"@type\":\"ReadAction\",\"target\":[\"https:\/\/fadeu.urantiacos.cl\/en\/2020\/08\/28\/mas-de-400-personas-participaron-de-la-serie-covid-19-preguntas-y-respuestas-desde-la-ciudad-organizada-por-el-ieut\/\"]}]},{\"@type\":\"ImageObject\",\"inLanguage\":\"en-US\",\"@id\":\"https:\/\/fadeu.urantiacos.cl\/en\/2020\/08\/28\/mas-de-400-personas-participaron-de-la-serie-covid-19-preguntas-y-respuestas-desde-la-ciudad-organizada-por-el-ieut\/#primaryimage\",\"url\":\"https:\/\/fadeu.urantiacos.cl\/wp-content\/uploads\/2023\/09\/afiche_general_1_web.jpg\",\"contentUrl\":\"https:\/\/fadeu.urantiacos.cl\/wp-content\/uploads\/2023\/09\/afiche_general_1_web.jpg\",\"width\":350,\"height\":250},{\"@type\":\"BreadcrumbList\",\"@id\":\"https:\/\/fadeu.urantiacos.cl\/en\/2020\/08\/28\/mas-de-400-personas-participaron-de-la-serie-covid-19-preguntas-y-respuestas-desde-la-ciudad-organizada-por-el-ieut\/#breadcrumb\",\"itemListElement\":[{\"@type\":\"ListItem\",\"position\":1,\"name\":\"Portada\",\"item\":\"https:\/\/fadeu.urantiacos.cl\/en\/\"},{\"@type\":\"ListItem\",\"position\":2,\"name\":\"M\u00e1s de 400 personas participaron de la Serie \u201cCOVID-19: Preguntas y respuestas desde la ciudad\u201d, organizada por el IEUT\"}]},{\"@type\":\"WebSite\",\"@id\":\"https:\/\/fadeu.urantiacos.cl\/en\/#website\",\"url\":\"https:\/\/fadeu.urantiacos.cl\/en\/\",\"name\":\"Facultad de Arquitectura, Dise\u00f1o y Estudios Urbanos\",\"description\":\"Campus Lo Contador\",\"potentialAction\":[{\"@type\":\"SearchAction\",\"target\":{\"@type\":\"EntryPoint\",\"urlTemplate\":\"https:\/\/fadeu.urantiacos.cl\/en\/?s={search_term_string}\"},\"query-input\":{\"@type\":\"PropertyValueSpecification\",\"valueRequired\":true,\"valueName\":\"search_term_string\"}}],\"inLanguage\":\"en-US\"},{\"@type\":\"Person\",\"@id\":\"https:\/\/fadeu.urantiacos.cl\/en\/#\/schema\/person\/d203e2e84b1c40275eac77b3061a19a2\",\"name\":\"manadmin\",\"image\":{\"@type\":\"ImageObject\",\"inLanguage\":\"en-US\",\"@id\":\"https:\/\/fadeu.urantiacos.cl\/en\/#\/schema\/person\/image\/\",\"url\":\"https:\/\/secure.gravatar.com\/avatar\/4b1d8e3303b4a9d8968ac578947d8bc80d9aea359f388cdd4aac15cadc0e8447?s=96&d=mm&r=g\",\"contentUrl\":\"https:\/\/secure.gravatar.com\/avatar\/4b1d8e3303b4a9d8968ac578947d8bc80d9aea359f388cdd4aac15cadc0e8447?s=96&d=mm&r=g\",\"caption\":\"manadmin\"},\"sameAs\":[\"https:\/\/fadeu.urantiacos.cl\"]}]}<\/script>\n<!-- \/ Yoast SEO plugin. -->","yoast_head_json":{"title":"M\u00e1s de 400 personas participaron de la Serie \u201cCOVID-19: Preguntas y respuestas desde la ciudad\u201d, organizada por el IEUT - Facultad de Arquitectura, Dise\u00f1o y Estudios Urbanos","description":"M\u00e1s de 400 personas asistieron de manera remota a los seis conversatorios de la serie \u201cCOVID-19: Preguntas y respuestas desde la ciudad\u201d, organizada por el Mag\u00edster en Desarrollo Urbano y el Mag\u00edster en Asentamientos Humanos y Medio Ambiente del Instituto de Estudios Urbanos y Territoriales (IEUT) de la Universidad Cat\u00f3lica.","robots":{"index":"index","follow":"follow","max-snippet":"max-snippet:-1","max-image-preview":"max-image-preview:large","max-video-preview":"max-video-preview:-1"},"canonical":"https:\/\/fadeu.urantiacos.cl\/en\/2020\/08\/28\/mas-de-400-personas-participaron-de-la-serie-covid-19-preguntas-y-respuestas-desde-la-ciudad-organizada-por-el-ieut\/","og_locale":"en_US","og_type":"article","og_title":"M\u00e1s de 400 personas participaron de la Serie \u201cCOVID-19: Preguntas y respuestas desde la ciudad\u201d, organizada por el IEUT - Facultad de Arquitectura, Dise\u00f1o y Estudios Urbanos","og_description":"M\u00e1s de 400 personas asistieron de manera remota a los seis conversatorios de la serie \u201cCOVID-19: Preguntas y respuestas desde la ciudad\u201d, organizada por el Mag\u00edster en Desarrollo Urbano y el Mag\u00edster en Asentamientos Humanos y Medio Ambiente del Instituto de Estudios Urbanos y Territoriales (IEUT) de la Universidad Cat\u00f3lica.","og_url":"https:\/\/fadeu.urantiacos.cl\/en\/2020\/08\/28\/mas-de-400-personas-participaron-de-la-serie-covid-19-preguntas-y-respuestas-desde-la-ciudad-organizada-por-el-ieut\/","og_site_name":"Facultad de Arquitectura, Dise\u00f1o y Estudios Urbanos","article_published_time":"2020-08-28T21:18:00+00:00","article_modified_time":"2023-09-10T21:26:18+00:00","og_image":[{"width":350,"height":250,"url":"https:\/\/fadeu.urantiacos.cl\/wp-content\/uploads\/2023\/09\/afiche_general_1_web.jpg","type":"image\/jpeg"}],"author":"manadmin","twitter_card":"summary_large_image","twitter_misc":{"Written by":"manadmin","Est. reading time":"1 minute"},"schema":{"@context":"https:\/\/schema.org","@graph":[{"@type":"Article","@id":"https:\/\/fadeu.urantiacos.cl\/en\/2020\/08\/28\/mas-de-400-personas-participaron-de-la-serie-covid-19-preguntas-y-respuestas-desde-la-ciudad-organizada-por-el-ieut\/#article","isPartOf":{"@id":"https:\/\/fadeu.urantiacos.cl\/en\/2020\/08\/28\/mas-de-400-personas-participaron-de-la-serie-covid-19-preguntas-y-respuestas-desde-la-ciudad-organizada-por-el-ieut\/"},"author":{"name":"manadmin","@id":"https:\/\/fadeu.urantiacos.cl\/en\/#\/schema\/person\/d203e2e84b1c40275eac77b3061a19a2"},"headline":"M\u00e1s de 400 personas participaron de la Serie \u201cCOVID-19: Preguntas y respuestas desde la ciudad\u201d, organizada por el IEUT","datePublished":"2020-08-28T21:18:00+00:00","dateModified":"2023-09-10T21:26:18+00:00","mainEntityOfPage":{"@id":"https:\/\/fadeu.urantiacos.cl\/en\/2020\/08\/28\/mas-de-400-personas-participaron-de-la-serie-covid-19-preguntas-y-respuestas-desde-la-ciudad-organizada-por-el-ieut\/"},"wordCount":312,"commentCount":0,"image":{"@id":"https:\/\/fadeu.urantiacos.cl\/en\/2020\/08\/28\/mas-de-400-personas-participaron-de-la-serie-covid-19-preguntas-y-respuestas-desde-la-ciudad-organizada-por-el-ieut\/#primaryimage"},"thumbnailUrl":"https:\/\/fadeu.urantiacos.cl\/wp-content\/uploads\/2023\/09\/afiche_general_1_web.jpg","articleSection":["Sin categorizar"],"inLanguage":"en-US","potentialAction":[{"@type":"CommentAction","name":"Comment","target":["https:\/\/fadeu.urantiacos.cl\/en\/2020\/08\/28\/mas-de-400-personas-participaron-de-la-serie-covid-19-preguntas-y-respuestas-desde-la-ciudad-organizada-por-el-ieut\/#respond"]}]},{"@type":"WebPage","@id":"https:\/\/fadeu.urantiacos.cl\/en\/2020\/08\/28\/mas-de-400-personas-participaron-de-la-serie-covid-19-preguntas-y-respuestas-desde-la-ciudad-organizada-por-el-ieut\/","url":"https:\/\/fadeu.urantiacos.cl\/en\/2020\/08\/28\/mas-de-400-personas-participaron-de-la-serie-covid-19-preguntas-y-respuestas-desde-la-ciudad-organizada-por-el-ieut\/","name":"M\u00e1s de 400 personas participaron de la Serie \u201cCOVID-19: Preguntas y respuestas desde la ciudad\u201d, organizada por el IEUT - Facultad de Arquitectura, Dise\u00f1o y Estudios Urbanos","isPartOf":{"@id":"https:\/\/fadeu.urantiacos.cl\/en\/#website"},"primaryImageOfPage":{"@id":"https:\/\/fadeu.urantiacos.cl\/en\/2020\/08\/28\/mas-de-400-personas-participaron-de-la-serie-covid-19-preguntas-y-respuestas-desde-la-ciudad-organizada-por-el-ieut\/#primaryimage"},"image":{"@id":"https:\/\/fadeu.urantiacos.cl\/en\/2020\/08\/28\/mas-de-400-personas-participaron-de-la-serie-covid-19-preguntas-y-respuestas-desde-la-ciudad-organizada-por-el-ieut\/#primaryimage"},"thumbnailUrl":"https:\/\/fadeu.urantiacos.cl\/wp-content\/uploads\/2023\/09\/afiche_general_1_web.jpg","datePublished":"2020-08-28T21:18:00+00:00","dateModified":"2023-09-10T21:26:18+00:00","author":{"@id":"https:\/\/fadeu.urantiacos.cl\/en\/#\/schema\/person\/d203e2e84b1c40275eac77b3061a19a2"},"description":"M\u00e1s de 400 personas asistieron de manera remota a los seis conversatorios de la serie \u201cCOVID-19: Preguntas y respuestas desde la ciudad\u201d, organizada por el Mag\u00edster en Desarrollo Urbano y el Mag\u00edster en Asentamientos Humanos y Medio Ambiente del Instituto de Estudios Urbanos y Territoriales (IEUT) de la Universidad Cat\u00f3lica.","breadcrumb":{"@id":"https:\/\/fadeu.urantiacos.cl\/en\/2020\/08\/28\/mas-de-400-personas-participaron-de-la-serie-covid-19-preguntas-y-respuestas-desde-la-ciudad-organizada-por-el-ieut\/#breadcrumb"},"inLanguage":"en-US","potentialAction":[{"@type":"ReadAction","target":["https:\/\/fadeu.urantiacos.cl\/en\/2020\/08\/28\/mas-de-400-personas-participaron-de-la-serie-covid-19-preguntas-y-respuestas-desde-la-ciudad-organizada-por-el-ieut\/"]}]},{"@type":"ImageObject","inLanguage":"en-US","@id":"https:\/\/fadeu.urantiacos.cl\/en\/2020\/08\/28\/mas-de-400-personas-participaron-de-la-serie-covid-19-preguntas-y-respuestas-desde-la-ciudad-organizada-por-el-ieut\/#primaryimage","url":"https:\/\/fadeu.urantiacos.cl\/wp-content\/uploads\/2023\/09\/afiche_general_1_web.jpg","contentUrl":"https:\/\/fadeu.urantiacos.cl\/wp-content\/uploads\/2023\/09\/afiche_general_1_web.jpg","width":350,"height":250},{"@type":"BreadcrumbList","@id":"https:\/\/fadeu.urantiacos.cl\/en\/2020\/08\/28\/mas-de-400-personas-participaron-de-la-serie-covid-19-preguntas-y-respuestas-desde-la-ciudad-organizada-por-el-ieut\/#breadcrumb","itemListElement":[{"@type":"ListItem","position":1,"name":"Portada","item":"https:\/\/fadeu.urantiacos.cl\/en\/"},{"@type":"ListItem","position":2,"name":"M\u00e1s de 400 personas participaron de la Serie \u201cCOVID-19: Preguntas y respuestas desde la ciudad\u201d, organizada por el IEUT"}]},{"@type":"WebSite","@id":"https:\/\/fadeu.urantiacos.cl\/en\/#website","url":"https:\/\/fadeu.urantiacos.cl\/en\/","name":"Facultad de Arquitectura, Dise\u00f1o y Estudios Urbanos","description":"Campus Lo Contador","potentialAction":[{"@type":"SearchAction","target":{"@type":"EntryPoint","urlTemplate":"https:\/\/fadeu.urantiacos.cl\/en\/?s={search_term_string}"},"query-input":{"@type":"PropertyValueSpecification","valueRequired":true,"valueName":"search_term_string"}}],"inLanguage":"en-US"},{"@type":"Person","@id":"https:\/\/fadeu.urantiacos.cl\/en\/#\/schema\/person\/d203e2e84b1c40275eac77b3061a19a2","name":"manadmin","image":{"@type":"ImageObject","inLanguage":"en-US","@id":"https:\/\/fadeu.urantiacos.cl\/en\/#\/schema\/person\/image\/","url":"https:\/\/secure.gravatar.com\/avatar\/4b1d8e3303b4a9d8968ac578947d8bc80d9aea359f388cdd4aac15cadc0e8447?s=96&d=mm&r=g","contentUrl":"https:\/\/secure.gravatar.com\/avatar\/4b1d8e3303b4a9d8968ac578947d8bc80d9aea359f388cdd4aac15cadc0e8447?s=96&d=mm&r=g","caption":"manadmin"},"sameAs":["https:\/\/fadeu.urantiacos.cl"]}]}},"_links":{"self":[{"href":"https:\/\/fadeu.urantiacos.cl\/en\/wp-json\/wp\/v2\/posts\/8372","targetHints":{"allow":["GET"]}}],"collection":[{"href":"https:\/\/fadeu.urantiacos.cl\/en\/wp-json\/wp\/v2\/posts"}],"about":[{"href":"https:\/\/fadeu.urantiacos.cl\/en\/wp-json\/wp\/v2\/types\/post"}],"author":[{"embeddable":true,"href":"https:\/\/fadeu.urantiacos.cl\/en\/wp-json\/wp\/v2\/users\/1"}],"replies":[{"embeddable":true,"href":"https:\/\/fadeu.urantiacos.cl\/en\/wp-json\/wp\/v2\/comments?post=8372"}],"version-history":[{"count":1,"href":"https:\/\/fadeu.urantiacos.cl\/en\/wp-json\/wp\/v2\/posts\/8372\/revisions"}],"predecessor-version":[{"id":8375,"href":"https:\/\/fadeu.urantiacos.cl\/en\/wp-json\/wp\/v2\/posts\/8372\/revisions\/8375"}],"wp:featuredmedia":[{"embeddable":true,"href":"https:\/\/fadeu.urantiacos.cl\/en\/wp-json\/wp\/v2\/media\/8373"}],"wp:attachment":[{"href":"https:\/\/fadeu.urantiacos.cl\/en\/wp-json\/wp\/v2\/media?parent=8372"}],"wp:term":[{"taxonomy":"category","embeddable":true,"href":"https:\/\/fadeu.urantiacos.cl\/en\/wp-json\/wp\/v2\/categories?post=8372"},{"taxonomy":"post_tag","embeddable":true,"href":"https:\/\/fadeu.urantiacos.cl\/en\/wp-json\/wp\/v2\/tags?post=8372"}],"curies":[{"name":"wp","href":"https:\/\/api.w.org\/{rel}","templated":true}]}}