{"id":8366,"date":"2020-08-31T18:14:00","date_gmt":"2020-08-31T21:14:00","guid":{"rendered":"https:\/\/fadeu.urantiacos.cl\/?p=8366"},"modified":"2023-09-10T18:16:49","modified_gmt":"2023-09-10T21:16:49","slug":"marq-uc-es-no16-a-nivel-mundial-en-ranking-bam-2020","status":"publish","type":"post","link":"https:\/\/fadeu.urantiacos.cl\/en\/2020\/08\/31\/marq-uc-es-no16-a-nivel-mundial-en-ranking-bam-2020\/","title":{"rendered":"MARQ UC es n\u00ba16 a nivel mundial en ranking BAM 2020"},"content":{"rendered":"\n<figure class=\"wp-block-image size-full\"><img decoding=\"async\" width=\"350\" height=\"250\" src=\"https:\/\/fadeu.urantiacos.cl\/wp-content\/uploads\/2023\/09\/marquc_ranking_web.jpg\" alt=\"\" class=\"wp-image-8367\" srcset=\"https:\/\/fadeu.urantiacos.cl\/wp-content\/uploads\/2023\/09\/marquc_ranking_web.jpg 350w, https:\/\/fadeu.urantiacos.cl\/wp-content\/uploads\/2023\/09\/marquc_ranking_web-300x214.jpg 300w\" sizes=\"(max-width: 350px) 100vw, 350px\" \/><\/figure>\n\n\n\n<p>La plataforma de investigaci\u00f3n Best Architecture Masters (BAM) seleccion\u00f3 los programas de mag\u00edster de 29 universidades del mundo para formar parte de la edici\u00f3n 2020 del Ranking BAM. El comit\u00e9 de expertos estuvo formado por 19 profesores de algunas de las universidades mejor calificadas. Este enfoque permiti\u00f3 realizar un estudio comparativo internacional, que refleja los mejores programas de maestr\u00eda en arquitectura de casi todo el mundo.<\/p>\n\n\n\n<p>Los 29 programas de mag\u00edster fueron comparados y evaluados a trav\u00e9s de la Metodolog\u00eda BAM, formada por indicadores universales de evaluaci\u00f3n del desempe\u00f1o educativo, y validados tambi\u00e9n por el mismo comit\u00e9 de expertos.<\/p>\n\n\n\n<p>Este resultado es el reflejo de la constante actualizaci\u00f3n y perfeccionamiento de un programa con una tradici\u00f3n de m\u00e1s de 25 a\u00f1os como el Mag\u00edster en Arquitectura MARQ UC, que cuenta con un cuerpo docente reconocido a nivel internacional y que convoca anualmente a figuras destacadas mundialmente.<\/p>\n\n\n\n<p>* BAM Ranking tiene como objetivo ayudar a arquitectos y estudiantes a conocer los mejores programas de mag\u00edster internacionales disponibles en el mundo.<\/p>\n\n\n\n<p>M\u00e1s informaci\u00f3n sobre el ranking BAM en el siguiente&nbsp;<a href=\"http:\/\/www.bestarchitecturemasters.com\/ranking-2020\/\" target=\"_blank\" rel=\"noreferrer noopener\">link<\/a>&nbsp;<\/p>\n\n\n\n<p>M\u00e1s informaci\u00f3n sobre los postgrados de la Escuela de Arquitectura UC en el siguiente&nbsp;<a href=\"http:\/\/www.magisterarq.cl\/\" target=\"_blank\" rel=\"noreferrer noopener\">link<\/a>&nbsp;<\/p>\n\n\n\n<p>Noticias<br>Contacto:&nbsp;<a href=\"mailto:redesarq@uc.cl\">redesarq@uc.cl<\/a>&nbsp;| +56 2 2354 7747<br>www.arquitectura.uc.cl<\/p>\n","protected":false},"excerpt":{"rendered":"<p>El Mag\u00edster en Arquitectura UC (MARQ UC) qued\u00f3 en ese puesto luego de una selecci\u00f3n de programas en base a los indicadores QS de 2020.<\/p>\n","protected":false},"author":1,"featured_media":8367,"comment_status":"open","ping_status":"open","sticky":false,"template":"","format":"standard","meta":{"_acf_changed":false,"footnotes":""},"categories":[1],"tags":[],"class_list":["post-8366","post","type-post","status-publish","format-standard","has-post-thumbnail","hentry","category-sin-categorizar"],"acf":[],"yoast_head":"<!-- This site is optimized with the Yoast SEO plugin v27.1.1 - https:\/\/yoast.com\/product\/yoast-seo-wordpress\/ -->\n<title>MARQ UC es n\u00ba16 a nivel mundial en ranking BAM 2020 - Facultad de Arquitectura, Dise\u00f1o y Estudios Urbanos<\/title>\n<meta name=\"description\" content=\"El Mag\u00edster en Arquitectura UC (MARQ UC) qued\u00f3 en ese puesto luego de una selecci\u00f3n de programas en base a los indicadores QS de 2020.\" \/>\n<meta name=\"robots\" content=\"index, follow, max-snippet:-1, max-image-preview:large, max-video-preview:-1\" \/>\n<link rel=\"canonical\" href=\"https:\/\/fadeu.urantiacos.cl\/en\/2020\/08\/31\/marq-uc-es-no16-a-nivel-mundial-en-ranking-bam-2020\/\" \/>\n<meta property=\"og:locale\" content=\"en_US\" \/>\n<meta property=\"og:type\" content=\"article\" \/>\n<meta property=\"og:title\" content=\"MARQ UC es n\u00ba16 a nivel mundial en ranking BAM 2020 - Facultad de Arquitectura, Dise\u00f1o y Estudios Urbanos\" \/>\n<meta property=\"og:description\" content=\"El Mag\u00edster en Arquitectura UC (MARQ UC) qued\u00f3 en ese puesto luego de una selecci\u00f3n de programas en base a los indicadores QS de 2020.\" \/>\n<meta property=\"og:url\" content=\"https:\/\/fadeu.urantiacos.cl\/en\/2020\/08\/31\/marq-uc-es-no16-a-nivel-mundial-en-ranking-bam-2020\/\" \/>\n<meta property=\"og:site_name\" content=\"Facultad de Arquitectura, Dise\u00f1o y Estudios Urbanos\" \/>\n<meta property=\"article:published_time\" content=\"2020-08-31T21:14:00+00:00\" \/>\n<meta property=\"article:modified_time\" content=\"2023-09-10T21:16:49+00:00\" \/>\n<meta property=\"og:image\" content=\"https:\/\/fadeu.urantiacos.cl\/wp-content\/uploads\/2023\/09\/marquc_ranking_web.jpg\" \/>\n\t<meta property=\"og:image:width\" content=\"350\" \/>\n\t<meta property=\"og:image:height\" content=\"250\" \/>\n\t<meta property=\"og:image:type\" content=\"image\/jpeg\" \/>\n<meta name=\"author\" content=\"manadmin\" \/>\n<meta name=\"twitter:card\" content=\"summary_large_image\" \/>\n<meta name=\"twitter:label1\" content=\"Written by\" \/>\n\t<meta name=\"twitter:data1\" content=\"manadmin\" \/>\n\t<meta name=\"twitter:label2\" content=\"Est. reading time\" \/>\n\t<meta name=\"twitter:data2\" content=\"1 minute\" \/>\n<script type=\"application\/ld+json\" class=\"yoast-schema-graph\">{\"@context\":\"https:\/\/schema.org\",\"@graph\":[{\"@type\":\"Article\",\"@id\":\"https:\/\/fadeu.urantiacos.cl\/en\/2020\/08\/31\/marq-uc-es-no16-a-nivel-mundial-en-ranking-bam-2020\/#article\",\"isPartOf\":{\"@id\":\"https:\/\/fadeu.urantiacos.cl\/en\/2020\/08\/31\/marq-uc-es-no16-a-nivel-mundial-en-ranking-bam-2020\/\"},\"author\":{\"name\":\"manadmin\",\"@id\":\"https:\/\/fadeu.urantiacos.cl\/en\/#\/schema\/person\/d203e2e84b1c40275eac77b3061a19a2\"},\"headline\":\"MARQ UC es n\u00ba16 a nivel mundial en ranking BAM 2020\",\"datePublished\":\"2020-08-31T21:14:00+00:00\",\"dateModified\":\"2023-09-10T21:16:49+00:00\",\"mainEntityOfPage\":{\"@id\":\"https:\/\/fadeu.urantiacos.cl\/en\/2020\/08\/31\/marq-uc-es-no16-a-nivel-mundial-en-ranking-bam-2020\/\"},\"wordCount\":232,\"commentCount\":0,\"image\":{\"@id\":\"https:\/\/fadeu.urantiacos.cl\/en\/2020\/08\/31\/marq-uc-es-no16-a-nivel-mundial-en-ranking-bam-2020\/#primaryimage\"},\"thumbnailUrl\":\"https:\/\/fadeu.urantiacos.cl\/wp-content\/uploads\/2023\/09\/marquc_ranking_web.jpg\",\"articleSection\":[\"Sin categorizar\"],\"inLanguage\":\"en-US\",\"potentialAction\":[{\"@type\":\"CommentAction\",\"name\":\"Comment\",\"target\":[\"https:\/\/fadeu.urantiacos.cl\/en\/2020\/08\/31\/marq-uc-es-no16-a-nivel-mundial-en-ranking-bam-2020\/#respond\"]}]},{\"@type\":\"WebPage\",\"@id\":\"https:\/\/fadeu.urantiacos.cl\/en\/2020\/08\/31\/marq-uc-es-no16-a-nivel-mundial-en-ranking-bam-2020\/\",\"url\":\"https:\/\/fadeu.urantiacos.cl\/en\/2020\/08\/31\/marq-uc-es-no16-a-nivel-mundial-en-ranking-bam-2020\/\",\"name\":\"MARQ UC es n\u00ba16 a nivel mundial en ranking BAM 2020 - Facultad de Arquitectura, Dise\u00f1o y Estudios Urbanos\",\"isPartOf\":{\"@id\":\"https:\/\/fadeu.urantiacos.cl\/en\/#website\"},\"primaryImageOfPage\":{\"@id\":\"https:\/\/fadeu.urantiacos.cl\/en\/2020\/08\/31\/marq-uc-es-no16-a-nivel-mundial-en-ranking-bam-2020\/#primaryimage\"},\"image\":{\"@id\":\"https:\/\/fadeu.urantiacos.cl\/en\/2020\/08\/31\/marq-uc-es-no16-a-nivel-mundial-en-ranking-bam-2020\/#primaryimage\"},\"thumbnailUrl\":\"https:\/\/fadeu.urantiacos.cl\/wp-content\/uploads\/2023\/09\/marquc_ranking_web.jpg\",\"datePublished\":\"2020-08-31T21:14:00+00:00\",\"dateModified\":\"2023-09-10T21:16:49+00:00\",\"author\":{\"@id\":\"https:\/\/fadeu.urantiacos.cl\/en\/#\/schema\/person\/d203e2e84b1c40275eac77b3061a19a2\"},\"description\":\"El Mag\u00edster en Arquitectura UC (MARQ UC) qued\u00f3 en ese puesto luego de una selecci\u00f3n de programas en base a los indicadores QS de 2020.\",\"breadcrumb\":{\"@id\":\"https:\/\/fadeu.urantiacos.cl\/en\/2020\/08\/31\/marq-uc-es-no16-a-nivel-mundial-en-ranking-bam-2020\/#breadcrumb\"},\"inLanguage\":\"en-US\",\"potentialAction\":[{\"@type\":\"ReadAction\",\"target\":[\"https:\/\/fadeu.urantiacos.cl\/en\/2020\/08\/31\/marq-uc-es-no16-a-nivel-mundial-en-ranking-bam-2020\/\"]}]},{\"@type\":\"ImageObject\",\"inLanguage\":\"en-US\",\"@id\":\"https:\/\/fadeu.urantiacos.cl\/en\/2020\/08\/31\/marq-uc-es-no16-a-nivel-mundial-en-ranking-bam-2020\/#primaryimage\",\"url\":\"https:\/\/fadeu.urantiacos.cl\/wp-content\/uploads\/2023\/09\/marquc_ranking_web.jpg\",\"contentUrl\":\"https:\/\/fadeu.urantiacos.cl\/wp-content\/uploads\/2023\/09\/marquc_ranking_web.jpg\",\"width\":350,\"height\":250},{\"@type\":\"BreadcrumbList\",\"@id\":\"https:\/\/fadeu.urantiacos.cl\/en\/2020\/08\/31\/marq-uc-es-no16-a-nivel-mundial-en-ranking-bam-2020\/#breadcrumb\",\"itemListElement\":[{\"@type\":\"ListItem\",\"position\":1,\"name\":\"Portada\",\"item\":\"https:\/\/fadeu.urantiacos.cl\/en\/\"},{\"@type\":\"ListItem\",\"position\":2,\"name\":\"MARQ UC es n\u00ba16 a nivel mundial en ranking BAM 2020\"}]},{\"@type\":\"WebSite\",\"@id\":\"https:\/\/fadeu.urantiacos.cl\/en\/#website\",\"url\":\"https:\/\/fadeu.urantiacos.cl\/en\/\",\"name\":\"Facultad de Arquitectura, Dise\u00f1o y Estudios Urbanos\",\"description\":\"Campus Lo Contador\",\"potentialAction\":[{\"@type\":\"SearchAction\",\"target\":{\"@type\":\"EntryPoint\",\"urlTemplate\":\"https:\/\/fadeu.urantiacos.cl\/en\/?s={search_term_string}\"},\"query-input\":{\"@type\":\"PropertyValueSpecification\",\"valueRequired\":true,\"valueName\":\"search_term_string\"}}],\"inLanguage\":\"en-US\"},{\"@type\":\"Person\",\"@id\":\"https:\/\/fadeu.urantiacos.cl\/en\/#\/schema\/person\/d203e2e84b1c40275eac77b3061a19a2\",\"name\":\"manadmin\",\"image\":{\"@type\":\"ImageObject\",\"inLanguage\":\"en-US\",\"@id\":\"https:\/\/fadeu.urantiacos.cl\/en\/#\/schema\/person\/image\/\",\"url\":\"https:\/\/secure.gravatar.com\/avatar\/4b1d8e3303b4a9d8968ac578947d8bc80d9aea359f388cdd4aac15cadc0e8447?s=96&d=mm&r=g\",\"contentUrl\":\"https:\/\/secure.gravatar.com\/avatar\/4b1d8e3303b4a9d8968ac578947d8bc80d9aea359f388cdd4aac15cadc0e8447?s=96&d=mm&r=g\",\"caption\":\"manadmin\"},\"sameAs\":[\"https:\/\/fadeu.urantiacos.cl\"]}]}<\/script>\n<!-- \/ Yoast SEO plugin. -->","yoast_head_json":{"title":"MARQ UC es n\u00ba16 a nivel mundial en ranking BAM 2020 - Facultad de Arquitectura, Dise\u00f1o y Estudios Urbanos","description":"El Mag\u00edster en Arquitectura UC (MARQ UC) qued\u00f3 en ese puesto luego de una selecci\u00f3n de programas en base a los indicadores QS de 2020.","robots":{"index":"index","follow":"follow","max-snippet":"max-snippet:-1","max-image-preview":"max-image-preview:large","max-video-preview":"max-video-preview:-1"},"canonical":"https:\/\/fadeu.urantiacos.cl\/en\/2020\/08\/31\/marq-uc-es-no16-a-nivel-mundial-en-ranking-bam-2020\/","og_locale":"en_US","og_type":"article","og_title":"MARQ UC es n\u00ba16 a nivel mundial en ranking BAM 2020 - Facultad de Arquitectura, Dise\u00f1o y Estudios Urbanos","og_description":"El Mag\u00edster en Arquitectura UC (MARQ UC) qued\u00f3 en ese puesto luego de una selecci\u00f3n de programas en base a los indicadores QS de 2020.","og_url":"https:\/\/fadeu.urantiacos.cl\/en\/2020\/08\/31\/marq-uc-es-no16-a-nivel-mundial-en-ranking-bam-2020\/","og_site_name":"Facultad de Arquitectura, Dise\u00f1o y Estudios Urbanos","article_published_time":"2020-08-31T21:14:00+00:00","article_modified_time":"2023-09-10T21:16:49+00:00","og_image":[{"width":350,"height":250,"url":"https:\/\/fadeu.urantiacos.cl\/wp-content\/uploads\/2023\/09\/marquc_ranking_web.jpg","type":"image\/jpeg"}],"author":"manadmin","twitter_card":"summary_large_image","twitter_misc":{"Written by":"manadmin","Est. reading time":"1 minute"},"schema":{"@context":"https:\/\/schema.org","@graph":[{"@type":"Article","@id":"https:\/\/fadeu.urantiacos.cl\/en\/2020\/08\/31\/marq-uc-es-no16-a-nivel-mundial-en-ranking-bam-2020\/#article","isPartOf":{"@id":"https:\/\/fadeu.urantiacos.cl\/en\/2020\/08\/31\/marq-uc-es-no16-a-nivel-mundial-en-ranking-bam-2020\/"},"author":{"name":"manadmin","@id":"https:\/\/fadeu.urantiacos.cl\/en\/#\/schema\/person\/d203e2e84b1c40275eac77b3061a19a2"},"headline":"MARQ UC es n\u00ba16 a nivel mundial en ranking BAM 2020","datePublished":"2020-08-31T21:14:00+00:00","dateModified":"2023-09-10T21:16:49+00:00","mainEntityOfPage":{"@id":"https:\/\/fadeu.urantiacos.cl\/en\/2020\/08\/31\/marq-uc-es-no16-a-nivel-mundial-en-ranking-bam-2020\/"},"wordCount":232,"commentCount":0,"image":{"@id":"https:\/\/fadeu.urantiacos.cl\/en\/2020\/08\/31\/marq-uc-es-no16-a-nivel-mundial-en-ranking-bam-2020\/#primaryimage"},"thumbnailUrl":"https:\/\/fadeu.urantiacos.cl\/wp-content\/uploads\/2023\/09\/marquc_ranking_web.jpg","articleSection":["Sin categorizar"],"inLanguage":"en-US","potentialAction":[{"@type":"CommentAction","name":"Comment","target":["https:\/\/fadeu.urantiacos.cl\/en\/2020\/08\/31\/marq-uc-es-no16-a-nivel-mundial-en-ranking-bam-2020\/#respond"]}]},{"@type":"WebPage","@id":"https:\/\/fadeu.urantiacos.cl\/en\/2020\/08\/31\/marq-uc-es-no16-a-nivel-mundial-en-ranking-bam-2020\/","url":"https:\/\/fadeu.urantiacos.cl\/en\/2020\/08\/31\/marq-uc-es-no16-a-nivel-mundial-en-ranking-bam-2020\/","name":"MARQ UC es n\u00ba16 a nivel mundial en ranking BAM 2020 - Facultad de Arquitectura, Dise\u00f1o y Estudios Urbanos","isPartOf":{"@id":"https:\/\/fadeu.urantiacos.cl\/en\/#website"},"primaryImageOfPage":{"@id":"https:\/\/fadeu.urantiacos.cl\/en\/2020\/08\/31\/marq-uc-es-no16-a-nivel-mundial-en-ranking-bam-2020\/#primaryimage"},"image":{"@id":"https:\/\/fadeu.urantiacos.cl\/en\/2020\/08\/31\/marq-uc-es-no16-a-nivel-mundial-en-ranking-bam-2020\/#primaryimage"},"thumbnailUrl":"https:\/\/fadeu.urantiacos.cl\/wp-content\/uploads\/2023\/09\/marquc_ranking_web.jpg","datePublished":"2020-08-31T21:14:00+00:00","dateModified":"2023-09-10T21:16:49+00:00","author":{"@id":"https:\/\/fadeu.urantiacos.cl\/en\/#\/schema\/person\/d203e2e84b1c40275eac77b3061a19a2"},"description":"El Mag\u00edster en Arquitectura UC (MARQ UC) qued\u00f3 en ese puesto luego de una selecci\u00f3n de programas en base a los indicadores QS de 2020.","breadcrumb":{"@id":"https:\/\/fadeu.urantiacos.cl\/en\/2020\/08\/31\/marq-uc-es-no16-a-nivel-mundial-en-ranking-bam-2020\/#breadcrumb"},"inLanguage":"en-US","potentialAction":[{"@type":"ReadAction","target":["https:\/\/fadeu.urantiacos.cl\/en\/2020\/08\/31\/marq-uc-es-no16-a-nivel-mundial-en-ranking-bam-2020\/"]}]},{"@type":"ImageObject","inLanguage":"en-US","@id":"https:\/\/fadeu.urantiacos.cl\/en\/2020\/08\/31\/marq-uc-es-no16-a-nivel-mundial-en-ranking-bam-2020\/#primaryimage","url":"https:\/\/fadeu.urantiacos.cl\/wp-content\/uploads\/2023\/09\/marquc_ranking_web.jpg","contentUrl":"https:\/\/fadeu.urantiacos.cl\/wp-content\/uploads\/2023\/09\/marquc_ranking_web.jpg","width":350,"height":250},{"@type":"BreadcrumbList","@id":"https:\/\/fadeu.urantiacos.cl\/en\/2020\/08\/31\/marq-uc-es-no16-a-nivel-mundial-en-ranking-bam-2020\/#breadcrumb","itemListElement":[{"@type":"ListItem","position":1,"name":"Portada","item":"https:\/\/fadeu.urantiacos.cl\/en\/"},{"@type":"ListItem","position":2,"name":"MARQ UC es n\u00ba16 a nivel mundial en ranking BAM 2020"}]},{"@type":"WebSite","@id":"https:\/\/fadeu.urantiacos.cl\/en\/#website","url":"https:\/\/fadeu.urantiacos.cl\/en\/","name":"Facultad de Arquitectura, Dise\u00f1o y Estudios Urbanos","description":"Campus Lo Contador","potentialAction":[{"@type":"SearchAction","target":{"@type":"EntryPoint","urlTemplate":"https:\/\/fadeu.urantiacos.cl\/en\/?s={search_term_string}"},"query-input":{"@type":"PropertyValueSpecification","valueRequired":true,"valueName":"search_term_string"}}],"inLanguage":"en-US"},{"@type":"Person","@id":"https:\/\/fadeu.urantiacos.cl\/en\/#\/schema\/person\/d203e2e84b1c40275eac77b3061a19a2","name":"manadmin","image":{"@type":"ImageObject","inLanguage":"en-US","@id":"https:\/\/fadeu.urantiacos.cl\/en\/#\/schema\/person\/image\/","url":"https:\/\/secure.gravatar.com\/avatar\/4b1d8e3303b4a9d8968ac578947d8bc80d9aea359f388cdd4aac15cadc0e8447?s=96&d=mm&r=g","contentUrl":"https:\/\/secure.gravatar.com\/avatar\/4b1d8e3303b4a9d8968ac578947d8bc80d9aea359f388cdd4aac15cadc0e8447?s=96&d=mm&r=g","caption":"manadmin"},"sameAs":["https:\/\/fadeu.urantiacos.cl"]}]}},"_links":{"self":[{"href":"https:\/\/fadeu.urantiacos.cl\/en\/wp-json\/wp\/v2\/posts\/8366","targetHints":{"allow":["GET"]}}],"collection":[{"href":"https:\/\/fadeu.urantiacos.cl\/en\/wp-json\/wp\/v2\/posts"}],"about":[{"href":"https:\/\/fadeu.urantiacos.cl\/en\/wp-json\/wp\/v2\/types\/post"}],"author":[{"embeddable":true,"href":"https:\/\/fadeu.urantiacos.cl\/en\/wp-json\/wp\/v2\/users\/1"}],"replies":[{"embeddable":true,"href":"https:\/\/fadeu.urantiacos.cl\/en\/wp-json\/wp\/v2\/comments?post=8366"}],"version-history":[{"count":1,"href":"https:\/\/fadeu.urantiacos.cl\/en\/wp-json\/wp\/v2\/posts\/8366\/revisions"}],"predecessor-version":[{"id":8368,"href":"https:\/\/fadeu.urantiacos.cl\/en\/wp-json\/wp\/v2\/posts\/8366\/revisions\/8368"}],"wp:featuredmedia":[{"embeddable":true,"href":"https:\/\/fadeu.urantiacos.cl\/en\/wp-json\/wp\/v2\/media\/8367"}],"wp:attachment":[{"href":"https:\/\/fadeu.urantiacos.cl\/en\/wp-json\/wp\/v2\/media?parent=8366"}],"wp:term":[{"taxonomy":"category","embeddable":true,"href":"https:\/\/fadeu.urantiacos.cl\/en\/wp-json\/wp\/v2\/categories?post=8366"},{"taxonomy":"post_tag","embeddable":true,"href":"https:\/\/fadeu.urantiacos.cl\/en\/wp-json\/wp\/v2\/tags?post=8366"}],"curies":[{"name":"wp","href":"https:\/\/api.w.org\/{rel}","templated":true}]}}