{"id":8360,"date":"2020-08-31T18:11:00","date_gmt":"2020-08-31T21:11:00","guid":{"rendered":"https:\/\/fadeu.urantiacos.cl\/?p=8360"},"modified":"2023-09-10T18:12:53","modified_gmt":"2023-09-10T21:12:53","slug":"alejandro-aravena-expuso-en-conversatorio-sobre-vivienda-y-ciudad-en-el-senado","status":"publish","type":"post","link":"https:\/\/fadeu.urantiacos.cl\/en\/2020\/08\/31\/alejandro-aravena-expuso-en-conversatorio-sobre-vivienda-y-ciudad-en-el-senado\/","title":{"rendered":"Alejandro Aravena expuso en conversatorio sobre vivienda y ciudad en el Senado"},"content":{"rendered":"\n<figure class=\"wp-block-image size-full\"><img decoding=\"async\" width=\"350\" height=\"250\" src=\"https:\/\/fadeu.urantiacos.cl\/wp-content\/uploads\/2023\/09\/alejandro_aravena_web.jpg\" alt=\"\" class=\"wp-image-8361\" srcset=\"https:\/\/fadeu.urantiacos.cl\/wp-content\/uploads\/2023\/09\/alejandro_aravena_web.jpg 350w, https:\/\/fadeu.urantiacos.cl\/wp-content\/uploads\/2023\/09\/alejandro_aravena_web-300x214.jpg 300w\" sizes=\"(max-width: 350px) 100vw, 350px\" \/><\/figure>\n\n\n\n<p>En su exposici\u00f3n, titulada \u201cVivienda \u00bfR\u00e1pido&nbsp;&nbsp;o&nbsp;&nbsp;y bien?\u201d, Aravena habl\u00f3 sobre la triple brecha en materia de vivienda \u2014tama\u00f1o, cantidad y tiempo\u2014, las estrategias de dise\u00f1o, entre otros temas. El arquitecto sostuvo que una de las v\u00edas para canalizar la reactivaci\u00f3n econ\u00f3mica ser\u00eda la vivienda, pero que habr\u00eda que darle un enfoque distinto para no empeorar el problema. Sobre esto, explic\u00f3: \u201cEl supuesto sobre que no cambiar nada y hacerlo igual, es hacerlo m\u00e1s r\u00e1pido, en verdad es un supuesto equivocado. Hacerlo igual que hasta ahora es lento, de hecho eso explica el d\u00e9ficit que tenemos en vivienda\u201d.<\/p>\n\n\n\n<p>El profesor destac\u00f3 tambi\u00e9n la importancia tanto de la calidad como de la cantidad, definiendo cantidad como la cantidad de unidades, el tama\u00f1o de la vivienda y la cantidad de tiempo que demora una familia en acceder a la propiedad. La calidad, por otro lado, la describi\u00f3 desde la integraci\u00f3n, la valorizaci\u00f3n para que se vea vista como una inversi\u00f3n, e identidad y sentido de pertenencia.<\/p>\n\n\n\n<p>Ver&nbsp;conversatorio completo en el siguiente&nbsp;<a href=\"https:\/\/vimeo.com\/451362998\" target=\"_blank\" rel=\"noreferrer noopener\">link<\/a><\/p>\n\n\n\n<p>Noticias<br>Contacto:&nbsp;<a href=\"mailto:redesarq@uc.cl\">redesarq@uc.cl<\/a>&nbsp;| +56 2 2354 7747<br>www.arquitectura.uc.cl&nbsp;<\/p>\n","protected":false},"excerpt":{"rendered":"<p>El pasado viernes 21 de agosto, el profesor ARQ UC particip\u00f3 en un conversatorio para la Comisi\u00f3n de Vivienda y Urbanismo del Senado, moderado por Nicol\u00e1s Starck, donde habl\u00f3 sobre las realidades y desaf\u00edos que plantea la vivienda para el pa\u00eds. Participaron tambi\u00e9n del conversatorio Sabine Kurze de la Bausparkasse Schw\u00e4bisch-Hall (Caja Social de Ahorro Alemana) y el arquitecto Luis Felipe Vera, especialista de la divisi\u00f3n de Vivienda y Desarrollo Urbano del BID.<\/p>\n","protected":false},"author":1,"featured_media":8361,"comment_status":"open","ping_status":"open","sticky":false,"template":"","format":"standard","meta":{"_acf_changed":false,"footnotes":""},"categories":[1],"tags":[],"class_list":["post-8360","post","type-post","status-publish","format-standard","has-post-thumbnail","hentry","category-sin-categorizar"],"acf":[],"yoast_head":"<!-- This site is optimized with the Yoast SEO plugin v27.1.1 - https:\/\/yoast.com\/product\/yoast-seo-wordpress\/ -->\n<title>Alejandro Aravena expuso en conversatorio sobre vivienda y ciudad en el Senado - Facultad de Arquitectura, Dise\u00f1o y Estudios Urbanos<\/title>\n<meta name=\"description\" content=\"El pasado viernes 21 de agosto, el profesor ARQ UC particip\u00f3 en un conversatorio para la Comisi\u00f3n de Vivienda y Urbanismo del Senado, moderado por Nicol\u00e1s Starck, donde habl\u00f3 sobre las realidades y desaf\u00edos que plantea la vivienda para el pa\u00eds. Participaron tambi\u00e9n del conversatorio Sabine Kurze de la Bausparkasse Schw\u00e4bisch-Hall (Caja Social de Ahorro Alemana) y el arquitecto Luis Felipe Vera, especialista de la divisi\u00f3n de Vivienda y Desarrollo Urbano del BID.\" \/>\n<meta name=\"robots\" content=\"index, follow, max-snippet:-1, max-image-preview:large, max-video-preview:-1\" \/>\n<link rel=\"canonical\" href=\"https:\/\/fadeu.urantiacos.cl\/en\/2020\/08\/31\/alejandro-aravena-expuso-en-conversatorio-sobre-vivienda-y-ciudad-en-el-senado\/\" \/>\n<meta property=\"og:locale\" content=\"en_US\" \/>\n<meta property=\"og:type\" content=\"article\" \/>\n<meta property=\"og:title\" content=\"Alejandro Aravena expuso en conversatorio sobre vivienda y ciudad en el Senado - Facultad de Arquitectura, Dise\u00f1o y Estudios Urbanos\" \/>\n<meta property=\"og:description\" content=\"El pasado viernes 21 de agosto, el profesor ARQ UC particip\u00f3 en un conversatorio para la Comisi\u00f3n de Vivienda y Urbanismo del Senado, moderado por Nicol\u00e1s Starck, donde habl\u00f3 sobre las realidades y desaf\u00edos que plantea la vivienda para el pa\u00eds. Participaron tambi\u00e9n del conversatorio Sabine Kurze de la Bausparkasse Schw\u00e4bisch-Hall (Caja Social de Ahorro Alemana) y el arquitecto Luis Felipe Vera, especialista de la divisi\u00f3n de Vivienda y Desarrollo Urbano del BID.\" \/>\n<meta property=\"og:url\" content=\"https:\/\/fadeu.urantiacos.cl\/en\/2020\/08\/31\/alejandro-aravena-expuso-en-conversatorio-sobre-vivienda-y-ciudad-en-el-senado\/\" \/>\n<meta property=\"og:site_name\" content=\"Facultad de Arquitectura, Dise\u00f1o y Estudios Urbanos\" \/>\n<meta property=\"article:published_time\" content=\"2020-08-31T21:11:00+00:00\" \/>\n<meta property=\"article:modified_time\" content=\"2023-09-10T21:12:53+00:00\" \/>\n<meta property=\"og:image\" content=\"https:\/\/fadeu.urantiacos.cl\/wp-content\/uploads\/2023\/09\/alejandro_aravena_web.jpg\" \/>\n\t<meta property=\"og:image:width\" content=\"350\" \/>\n\t<meta property=\"og:image:height\" content=\"250\" \/>\n\t<meta property=\"og:image:type\" content=\"image\/jpeg\" \/>\n<meta name=\"author\" content=\"manadmin\" \/>\n<meta name=\"twitter:card\" content=\"summary_large_image\" \/>\n<meta name=\"twitter:label1\" content=\"Written by\" \/>\n\t<meta name=\"twitter:data1\" content=\"manadmin\" \/>\n\t<meta name=\"twitter:label2\" content=\"Est. reading time\" \/>\n\t<meta name=\"twitter:data2\" content=\"1 minute\" \/>\n<script type=\"application\/ld+json\" class=\"yoast-schema-graph\">{\"@context\":\"https:\/\/schema.org\",\"@graph\":[{\"@type\":\"Article\",\"@id\":\"https:\/\/fadeu.urantiacos.cl\/en\/2020\/08\/31\/alejandro-aravena-expuso-en-conversatorio-sobre-vivienda-y-ciudad-en-el-senado\/#article\",\"isPartOf\":{\"@id\":\"https:\/\/fadeu.urantiacos.cl\/en\/2020\/08\/31\/alejandro-aravena-expuso-en-conversatorio-sobre-vivienda-y-ciudad-en-el-senado\/\"},\"author\":{\"name\":\"manadmin\",\"@id\":\"https:\/\/fadeu.urantiacos.cl\/en\/#\/schema\/person\/d203e2e84b1c40275eac77b3061a19a2\"},\"headline\":\"Alejandro Aravena expuso en conversatorio sobre vivienda y ciudad en el Senado\",\"datePublished\":\"2020-08-31T21:11:00+00:00\",\"dateModified\":\"2023-09-10T21:12:53+00:00\",\"mainEntityOfPage\":{\"@id\":\"https:\/\/fadeu.urantiacos.cl\/en\/2020\/08\/31\/alejandro-aravena-expuso-en-conversatorio-sobre-vivienda-y-ciudad-en-el-senado\/\"},\"wordCount\":218,\"commentCount\":0,\"image\":{\"@id\":\"https:\/\/fadeu.urantiacos.cl\/en\/2020\/08\/31\/alejandro-aravena-expuso-en-conversatorio-sobre-vivienda-y-ciudad-en-el-senado\/#primaryimage\"},\"thumbnailUrl\":\"https:\/\/fadeu.urantiacos.cl\/wp-content\/uploads\/2023\/09\/alejandro_aravena_web.jpg\",\"articleSection\":[\"Sin categorizar\"],\"inLanguage\":\"en-US\",\"potentialAction\":[{\"@type\":\"CommentAction\",\"name\":\"Comment\",\"target\":[\"https:\/\/fadeu.urantiacos.cl\/en\/2020\/08\/31\/alejandro-aravena-expuso-en-conversatorio-sobre-vivienda-y-ciudad-en-el-senado\/#respond\"]}]},{\"@type\":\"WebPage\",\"@id\":\"https:\/\/fadeu.urantiacos.cl\/en\/2020\/08\/31\/alejandro-aravena-expuso-en-conversatorio-sobre-vivienda-y-ciudad-en-el-senado\/\",\"url\":\"https:\/\/fadeu.urantiacos.cl\/en\/2020\/08\/31\/alejandro-aravena-expuso-en-conversatorio-sobre-vivienda-y-ciudad-en-el-senado\/\",\"name\":\"Alejandro Aravena expuso en conversatorio sobre vivienda y ciudad en el Senado - Facultad de Arquitectura, Dise\u00f1o y Estudios Urbanos\",\"isPartOf\":{\"@id\":\"https:\/\/fadeu.urantiacos.cl\/en\/#website\"},\"primaryImageOfPage\":{\"@id\":\"https:\/\/fadeu.urantiacos.cl\/en\/2020\/08\/31\/alejandro-aravena-expuso-en-conversatorio-sobre-vivienda-y-ciudad-en-el-senado\/#primaryimage\"},\"image\":{\"@id\":\"https:\/\/fadeu.urantiacos.cl\/en\/2020\/08\/31\/alejandro-aravena-expuso-en-conversatorio-sobre-vivienda-y-ciudad-en-el-senado\/#primaryimage\"},\"thumbnailUrl\":\"https:\/\/fadeu.urantiacos.cl\/wp-content\/uploads\/2023\/09\/alejandro_aravena_web.jpg\",\"datePublished\":\"2020-08-31T21:11:00+00:00\",\"dateModified\":\"2023-09-10T21:12:53+00:00\",\"author\":{\"@id\":\"https:\/\/fadeu.urantiacos.cl\/en\/#\/schema\/person\/d203e2e84b1c40275eac77b3061a19a2\"},\"description\":\"El pasado viernes 21 de agosto, el profesor ARQ UC particip\u00f3 en un conversatorio para la Comisi\u00f3n de Vivienda y Urbanismo del Senado, moderado por Nicol\u00e1s Starck, donde habl\u00f3 sobre las realidades y desaf\u00edos que plantea la vivienda para el pa\u00eds. Participaron tambi\u00e9n del conversatorio Sabine Kurze de la Bausparkasse Schw\u00e4bisch-Hall (Caja Social de Ahorro Alemana) y el arquitecto Luis Felipe Vera, especialista de la divisi\u00f3n de Vivienda y Desarrollo Urbano del BID.\",\"breadcrumb\":{\"@id\":\"https:\/\/fadeu.urantiacos.cl\/en\/2020\/08\/31\/alejandro-aravena-expuso-en-conversatorio-sobre-vivienda-y-ciudad-en-el-senado\/#breadcrumb\"},\"inLanguage\":\"en-US\",\"potentialAction\":[{\"@type\":\"ReadAction\",\"target\":[\"https:\/\/fadeu.urantiacos.cl\/en\/2020\/08\/31\/alejandro-aravena-expuso-en-conversatorio-sobre-vivienda-y-ciudad-en-el-senado\/\"]}]},{\"@type\":\"ImageObject\",\"inLanguage\":\"en-US\",\"@id\":\"https:\/\/fadeu.urantiacos.cl\/en\/2020\/08\/31\/alejandro-aravena-expuso-en-conversatorio-sobre-vivienda-y-ciudad-en-el-senado\/#primaryimage\",\"url\":\"https:\/\/fadeu.urantiacos.cl\/wp-content\/uploads\/2023\/09\/alejandro_aravena_web.jpg\",\"contentUrl\":\"https:\/\/fadeu.urantiacos.cl\/wp-content\/uploads\/2023\/09\/alejandro_aravena_web.jpg\",\"width\":350,\"height\":250},{\"@type\":\"BreadcrumbList\",\"@id\":\"https:\/\/fadeu.urantiacos.cl\/en\/2020\/08\/31\/alejandro-aravena-expuso-en-conversatorio-sobre-vivienda-y-ciudad-en-el-senado\/#breadcrumb\",\"itemListElement\":[{\"@type\":\"ListItem\",\"position\":1,\"name\":\"Portada\",\"item\":\"https:\/\/fadeu.urantiacos.cl\/en\/\"},{\"@type\":\"ListItem\",\"position\":2,\"name\":\"Alejandro Aravena expuso en conversatorio sobre vivienda y ciudad en el Senado\"}]},{\"@type\":\"WebSite\",\"@id\":\"https:\/\/fadeu.urantiacos.cl\/en\/#website\",\"url\":\"https:\/\/fadeu.urantiacos.cl\/en\/\",\"name\":\"Facultad de Arquitectura, Dise\u00f1o y Estudios Urbanos\",\"description\":\"Campus Lo Contador\",\"potentialAction\":[{\"@type\":\"SearchAction\",\"target\":{\"@type\":\"EntryPoint\",\"urlTemplate\":\"https:\/\/fadeu.urantiacos.cl\/en\/?s={search_term_string}\"},\"query-input\":{\"@type\":\"PropertyValueSpecification\",\"valueRequired\":true,\"valueName\":\"search_term_string\"}}],\"inLanguage\":\"en-US\"},{\"@type\":\"Person\",\"@id\":\"https:\/\/fadeu.urantiacos.cl\/en\/#\/schema\/person\/d203e2e84b1c40275eac77b3061a19a2\",\"name\":\"manadmin\",\"image\":{\"@type\":\"ImageObject\",\"inLanguage\":\"en-US\",\"@id\":\"https:\/\/fadeu.urantiacos.cl\/en\/#\/schema\/person\/image\/\",\"url\":\"https:\/\/secure.gravatar.com\/avatar\/4b1d8e3303b4a9d8968ac578947d8bc80d9aea359f388cdd4aac15cadc0e8447?s=96&d=mm&r=g\",\"contentUrl\":\"https:\/\/secure.gravatar.com\/avatar\/4b1d8e3303b4a9d8968ac578947d8bc80d9aea359f388cdd4aac15cadc0e8447?s=96&d=mm&r=g\",\"caption\":\"manadmin\"},\"sameAs\":[\"https:\/\/fadeu.urantiacos.cl\"]}]}<\/script>\n<!-- \/ Yoast SEO plugin. -->","yoast_head_json":{"title":"Alejandro Aravena expuso en conversatorio sobre vivienda y ciudad en el Senado - Facultad de Arquitectura, Dise\u00f1o y Estudios Urbanos","description":"El pasado viernes 21 de agosto, el profesor ARQ UC particip\u00f3 en un conversatorio para la Comisi\u00f3n de Vivienda y Urbanismo del Senado, moderado por Nicol\u00e1s Starck, donde habl\u00f3 sobre las realidades y desaf\u00edos que plantea la vivienda para el pa\u00eds. Participaron tambi\u00e9n del conversatorio Sabine Kurze de la Bausparkasse Schw\u00e4bisch-Hall (Caja Social de Ahorro Alemana) y el arquitecto Luis Felipe Vera, especialista de la divisi\u00f3n de Vivienda y Desarrollo Urbano del BID.","robots":{"index":"index","follow":"follow","max-snippet":"max-snippet:-1","max-image-preview":"max-image-preview:large","max-video-preview":"max-video-preview:-1"},"canonical":"https:\/\/fadeu.urantiacos.cl\/en\/2020\/08\/31\/alejandro-aravena-expuso-en-conversatorio-sobre-vivienda-y-ciudad-en-el-senado\/","og_locale":"en_US","og_type":"article","og_title":"Alejandro Aravena expuso en conversatorio sobre vivienda y ciudad en el Senado - Facultad de Arquitectura, Dise\u00f1o y Estudios Urbanos","og_description":"El pasado viernes 21 de agosto, el profesor ARQ UC particip\u00f3 en un conversatorio para la Comisi\u00f3n de Vivienda y Urbanismo del Senado, moderado por Nicol\u00e1s Starck, donde habl\u00f3 sobre las realidades y desaf\u00edos que plantea la vivienda para el pa\u00eds. Participaron tambi\u00e9n del conversatorio Sabine Kurze de la Bausparkasse Schw\u00e4bisch-Hall (Caja Social de Ahorro Alemana) y el arquitecto Luis Felipe Vera, especialista de la divisi\u00f3n de Vivienda y Desarrollo Urbano del BID.","og_url":"https:\/\/fadeu.urantiacos.cl\/en\/2020\/08\/31\/alejandro-aravena-expuso-en-conversatorio-sobre-vivienda-y-ciudad-en-el-senado\/","og_site_name":"Facultad de Arquitectura, Dise\u00f1o y Estudios Urbanos","article_published_time":"2020-08-31T21:11:00+00:00","article_modified_time":"2023-09-10T21:12:53+00:00","og_image":[{"width":350,"height":250,"url":"https:\/\/fadeu.urantiacos.cl\/wp-content\/uploads\/2023\/09\/alejandro_aravena_web.jpg","type":"image\/jpeg"}],"author":"manadmin","twitter_card":"summary_large_image","twitter_misc":{"Written by":"manadmin","Est. reading time":"1 minute"},"schema":{"@context":"https:\/\/schema.org","@graph":[{"@type":"Article","@id":"https:\/\/fadeu.urantiacos.cl\/en\/2020\/08\/31\/alejandro-aravena-expuso-en-conversatorio-sobre-vivienda-y-ciudad-en-el-senado\/#article","isPartOf":{"@id":"https:\/\/fadeu.urantiacos.cl\/en\/2020\/08\/31\/alejandro-aravena-expuso-en-conversatorio-sobre-vivienda-y-ciudad-en-el-senado\/"},"author":{"name":"manadmin","@id":"https:\/\/fadeu.urantiacos.cl\/en\/#\/schema\/person\/d203e2e84b1c40275eac77b3061a19a2"},"headline":"Alejandro Aravena expuso en conversatorio sobre vivienda y ciudad en el Senado","datePublished":"2020-08-31T21:11:00+00:00","dateModified":"2023-09-10T21:12:53+00:00","mainEntityOfPage":{"@id":"https:\/\/fadeu.urantiacos.cl\/en\/2020\/08\/31\/alejandro-aravena-expuso-en-conversatorio-sobre-vivienda-y-ciudad-en-el-senado\/"},"wordCount":218,"commentCount":0,"image":{"@id":"https:\/\/fadeu.urantiacos.cl\/en\/2020\/08\/31\/alejandro-aravena-expuso-en-conversatorio-sobre-vivienda-y-ciudad-en-el-senado\/#primaryimage"},"thumbnailUrl":"https:\/\/fadeu.urantiacos.cl\/wp-content\/uploads\/2023\/09\/alejandro_aravena_web.jpg","articleSection":["Sin categorizar"],"inLanguage":"en-US","potentialAction":[{"@type":"CommentAction","name":"Comment","target":["https:\/\/fadeu.urantiacos.cl\/en\/2020\/08\/31\/alejandro-aravena-expuso-en-conversatorio-sobre-vivienda-y-ciudad-en-el-senado\/#respond"]}]},{"@type":"WebPage","@id":"https:\/\/fadeu.urantiacos.cl\/en\/2020\/08\/31\/alejandro-aravena-expuso-en-conversatorio-sobre-vivienda-y-ciudad-en-el-senado\/","url":"https:\/\/fadeu.urantiacos.cl\/en\/2020\/08\/31\/alejandro-aravena-expuso-en-conversatorio-sobre-vivienda-y-ciudad-en-el-senado\/","name":"Alejandro Aravena expuso en conversatorio sobre vivienda y ciudad en el Senado - Facultad de Arquitectura, Dise\u00f1o y Estudios Urbanos","isPartOf":{"@id":"https:\/\/fadeu.urantiacos.cl\/en\/#website"},"primaryImageOfPage":{"@id":"https:\/\/fadeu.urantiacos.cl\/en\/2020\/08\/31\/alejandro-aravena-expuso-en-conversatorio-sobre-vivienda-y-ciudad-en-el-senado\/#primaryimage"},"image":{"@id":"https:\/\/fadeu.urantiacos.cl\/en\/2020\/08\/31\/alejandro-aravena-expuso-en-conversatorio-sobre-vivienda-y-ciudad-en-el-senado\/#primaryimage"},"thumbnailUrl":"https:\/\/fadeu.urantiacos.cl\/wp-content\/uploads\/2023\/09\/alejandro_aravena_web.jpg","datePublished":"2020-08-31T21:11:00+00:00","dateModified":"2023-09-10T21:12:53+00:00","author":{"@id":"https:\/\/fadeu.urantiacos.cl\/en\/#\/schema\/person\/d203e2e84b1c40275eac77b3061a19a2"},"description":"El pasado viernes 21 de agosto, el profesor ARQ UC particip\u00f3 en un conversatorio para la Comisi\u00f3n de Vivienda y Urbanismo del Senado, moderado por Nicol\u00e1s Starck, donde habl\u00f3 sobre las realidades y desaf\u00edos que plantea la vivienda para el pa\u00eds. Participaron tambi\u00e9n del conversatorio Sabine Kurze de la Bausparkasse Schw\u00e4bisch-Hall (Caja Social de Ahorro Alemana) y el arquitecto Luis Felipe Vera, especialista de la divisi\u00f3n de Vivienda y Desarrollo Urbano del BID.","breadcrumb":{"@id":"https:\/\/fadeu.urantiacos.cl\/en\/2020\/08\/31\/alejandro-aravena-expuso-en-conversatorio-sobre-vivienda-y-ciudad-en-el-senado\/#breadcrumb"},"inLanguage":"en-US","potentialAction":[{"@type":"ReadAction","target":["https:\/\/fadeu.urantiacos.cl\/en\/2020\/08\/31\/alejandro-aravena-expuso-en-conversatorio-sobre-vivienda-y-ciudad-en-el-senado\/"]}]},{"@type":"ImageObject","inLanguage":"en-US","@id":"https:\/\/fadeu.urantiacos.cl\/en\/2020\/08\/31\/alejandro-aravena-expuso-en-conversatorio-sobre-vivienda-y-ciudad-en-el-senado\/#primaryimage","url":"https:\/\/fadeu.urantiacos.cl\/wp-content\/uploads\/2023\/09\/alejandro_aravena_web.jpg","contentUrl":"https:\/\/fadeu.urantiacos.cl\/wp-content\/uploads\/2023\/09\/alejandro_aravena_web.jpg","width":350,"height":250},{"@type":"BreadcrumbList","@id":"https:\/\/fadeu.urantiacos.cl\/en\/2020\/08\/31\/alejandro-aravena-expuso-en-conversatorio-sobre-vivienda-y-ciudad-en-el-senado\/#breadcrumb","itemListElement":[{"@type":"ListItem","position":1,"name":"Portada","item":"https:\/\/fadeu.urantiacos.cl\/en\/"},{"@type":"ListItem","position":2,"name":"Alejandro Aravena expuso en conversatorio sobre vivienda y ciudad en el Senado"}]},{"@type":"WebSite","@id":"https:\/\/fadeu.urantiacos.cl\/en\/#website","url":"https:\/\/fadeu.urantiacos.cl\/en\/","name":"Facultad de Arquitectura, Dise\u00f1o y Estudios Urbanos","description":"Campus Lo Contador","potentialAction":[{"@type":"SearchAction","target":{"@type":"EntryPoint","urlTemplate":"https:\/\/fadeu.urantiacos.cl\/en\/?s={search_term_string}"},"query-input":{"@type":"PropertyValueSpecification","valueRequired":true,"valueName":"search_term_string"}}],"inLanguage":"en-US"},{"@type":"Person","@id":"https:\/\/fadeu.urantiacos.cl\/en\/#\/schema\/person\/d203e2e84b1c40275eac77b3061a19a2","name":"manadmin","image":{"@type":"ImageObject","inLanguage":"en-US","@id":"https:\/\/fadeu.urantiacos.cl\/en\/#\/schema\/person\/image\/","url":"https:\/\/secure.gravatar.com\/avatar\/4b1d8e3303b4a9d8968ac578947d8bc80d9aea359f388cdd4aac15cadc0e8447?s=96&d=mm&r=g","contentUrl":"https:\/\/secure.gravatar.com\/avatar\/4b1d8e3303b4a9d8968ac578947d8bc80d9aea359f388cdd4aac15cadc0e8447?s=96&d=mm&r=g","caption":"manadmin"},"sameAs":["https:\/\/fadeu.urantiacos.cl"]}]}},"_links":{"self":[{"href":"https:\/\/fadeu.urantiacos.cl\/en\/wp-json\/wp\/v2\/posts\/8360","targetHints":{"allow":["GET"]}}],"collection":[{"href":"https:\/\/fadeu.urantiacos.cl\/en\/wp-json\/wp\/v2\/posts"}],"about":[{"href":"https:\/\/fadeu.urantiacos.cl\/en\/wp-json\/wp\/v2\/types\/post"}],"author":[{"embeddable":true,"href":"https:\/\/fadeu.urantiacos.cl\/en\/wp-json\/wp\/v2\/users\/1"}],"replies":[{"embeddable":true,"href":"https:\/\/fadeu.urantiacos.cl\/en\/wp-json\/wp\/v2\/comments?post=8360"}],"version-history":[{"count":1,"href":"https:\/\/fadeu.urantiacos.cl\/en\/wp-json\/wp\/v2\/posts\/8360\/revisions"}],"predecessor-version":[{"id":8362,"href":"https:\/\/fadeu.urantiacos.cl\/en\/wp-json\/wp\/v2\/posts\/8360\/revisions\/8362"}],"wp:featuredmedia":[{"embeddable":true,"href":"https:\/\/fadeu.urantiacos.cl\/en\/wp-json\/wp\/v2\/media\/8361"}],"wp:attachment":[{"href":"https:\/\/fadeu.urantiacos.cl\/en\/wp-json\/wp\/v2\/media?parent=8360"}],"wp:term":[{"taxonomy":"category","embeddable":true,"href":"https:\/\/fadeu.urantiacos.cl\/en\/wp-json\/wp\/v2\/categories?post=8360"},{"taxonomy":"post_tag","embeddable":true,"href":"https:\/\/fadeu.urantiacos.cl\/en\/wp-json\/wp\/v2\/tags?post=8360"}],"curies":[{"name":"wp","href":"https:\/\/api.w.org\/{rel}","templated":true}]}}