{"id":8353,"date":"2020-08-31T18:04:00","date_gmt":"2020-08-31T21:04:00","guid":{"rendered":"https:\/\/fadeu.urantiacos.cl\/?p=8353"},"modified":"2023-09-10T18:09:10","modified_gmt":"2023-09-10T21:09:10","slug":"richard-ford-en-estados-unidos-perdimos-gran-parte-del-sentido-de-comunidad","status":"publish","type":"post","link":"https:\/\/fadeu.urantiacos.cl\/en\/2020\/08\/31\/richard-ford-en-estados-unidos-perdimos-gran-parte-del-sentido-de-comunidad\/","title":{"rendered":"RICHARD FORD \u201cEn Estados Unidos perdimos gran parte del sentido de comunidad\u201d"},"content":{"rendered":"\n<figure class=\"wp-block-image size-full\"><img decoding=\"async\" width=\"350\" height=\"220\" src=\"https:\/\/fadeu.urantiacos.cl\/wp-content\/uploads\/2023\/09\/ford_web.jpg\" alt=\"\" class=\"wp-image-8354\" srcset=\"https:\/\/fadeu.urantiacos.cl\/wp-content\/uploads\/2023\/09\/ford_web.jpg 350w, https:\/\/fadeu.urantiacos.cl\/wp-content\/uploads\/2023\/09\/ford_web-300x189.jpg 300w\" sizes=\"(max-width: 350px) 100vw, 350px\" \/><\/figure>\n\n\n\n<p>La Tercera entrevista\u00a0al novelista estadounidense Richard Ford\u00a0sobre los bordes pol\u00edticos de la crisis sanitaria y la p\u00e9rdida de liderazgo de EE.UU. Se menciona su visita al pa\u00eds en 2009, invitado al ciclo La Ciudad y las Palabras de la UC.<\/p>\n\n\n\n<h6 class=\"wp-block-heading\">+ Revisa nota completa\u00a0<a rel=\"noreferrer noopener\" href=\"https:\/\/www.latercera.com\/la-tercera-domingo\/noticia\/richard-ford-en-estados-unidos-perdimos-gran-parte-del-sentido-de-comunidad\/RE5WIMMHCJCKDFAP7A4MGU27CE\/\" target=\"_blank\">aqu\u00ed<\/a>.<\/h6>\n\n\n\n<figure class=\"wp-block-image size-large\"><img decoding=\"async\" width=\"800\" height=\"1024\" src=\"https:\/\/fadeu.urantiacos.cl\/wp-content\/uploads\/2023\/09\/1390600_1281777-800x1024.jpg\" alt=\"\" class=\"wp-image-8355\" srcset=\"https:\/\/fadeu.urantiacos.cl\/wp-content\/uploads\/2023\/09\/1390600_1281777-800x1024.jpg 800w, https:\/\/fadeu.urantiacos.cl\/wp-content\/uploads\/2023\/09\/1390600_1281777-234x300.jpg 234w, https:\/\/fadeu.urantiacos.cl\/wp-content\/uploads\/2023\/09\/1390600_1281777-768x984.jpg 768w, https:\/\/fadeu.urantiacos.cl\/wp-content\/uploads\/2023\/09\/1390600_1281777-1199x1536.jpg 1199w, https:\/\/fadeu.urantiacos.cl\/wp-content\/uploads\/2023\/09\/1390600_1281777-1599x2048.jpg 1599w, https:\/\/fadeu.urantiacos.cl\/wp-content\/uploads\/2023\/09\/1390600_1281777-scaled.jpg 937w\" sizes=\"(max-width: 800px) 100vw, 800px\" \/><\/figure>\n","protected":false},"excerpt":{"rendered":"<p>La Tercera entrevista\u00a0al novelista estadounidense Richard Ford\u00a0sobre los bordes pol\u00edticos de la crisis sanitaria y la p\u00e9rdida de liderazgo de EE.UU. Se menciona su visita al pa\u00eds en 2009, invitado al ciclo La Ciudad y las Palabras de la UC. + Revisa nota completa\u00a0aqu\u00ed.<\/p>\n","protected":false},"author":1,"featured_media":8354,"comment_status":"open","ping_status":"open","sticky":false,"template":"","format":"standard","meta":{"_acf_changed":false,"footnotes":""},"categories":[1],"tags":[],"class_list":["post-8353","post","type-post","status-publish","format-standard","has-post-thumbnail","hentry","category-sin-categorizar"],"acf":[],"yoast_head":"<!-- This site is optimized with the Yoast SEO plugin v27.1.1 - https:\/\/yoast.com\/product\/yoast-seo-wordpress\/ -->\n<title>RICHARD FORD \u201cEn Estados Unidos perdimos gran parte del sentido de comunidad\u201d - Facultad de Arquitectura, Dise\u00f1o y Estudios Urbanos<\/title>\n<meta name=\"description\" content=\"La Tercera entrevista\u00a0al novelista estadounidense Richard Ford\u00a0sobre los bordes pol\u00edticos de la crisis sanitaria y la p\u00e9rdida de liderazgo de EE.UU. Se\" \/>\n<meta name=\"robots\" content=\"index, follow, max-snippet:-1, max-image-preview:large, max-video-preview:-1\" \/>\n<link rel=\"canonical\" href=\"https:\/\/fadeu.urantiacos.cl\/en\/2020\/08\/31\/richard-ford-en-estados-unidos-perdimos-gran-parte-del-sentido-de-comunidad\/\" \/>\n<meta property=\"og:locale\" content=\"en_US\" \/>\n<meta property=\"og:type\" content=\"article\" \/>\n<meta property=\"og:title\" content=\"RICHARD FORD \u201cEn Estados Unidos perdimos gran parte del sentido de comunidad\u201d - Facultad de Arquitectura, Dise\u00f1o y Estudios Urbanos\" \/>\n<meta property=\"og:description\" content=\"La Tercera entrevista\u00a0al novelista estadounidense Richard Ford\u00a0sobre los bordes pol\u00edticos de la crisis sanitaria y la p\u00e9rdida de liderazgo de EE.UU. Se\" \/>\n<meta property=\"og:url\" content=\"https:\/\/fadeu.urantiacos.cl\/en\/2020\/08\/31\/richard-ford-en-estados-unidos-perdimos-gran-parte-del-sentido-de-comunidad\/\" \/>\n<meta property=\"og:site_name\" content=\"Facultad de Arquitectura, Dise\u00f1o y Estudios Urbanos\" \/>\n<meta property=\"article:published_time\" content=\"2020-08-31T21:04:00+00:00\" \/>\n<meta property=\"article:modified_time\" content=\"2023-09-10T21:09:10+00:00\" \/>\n<meta property=\"og:image\" content=\"https:\/\/fadeu.urantiacos.cl\/wp-content\/uploads\/2023\/09\/ford_web.jpg\" \/>\n\t<meta property=\"og:image:width\" content=\"350\" \/>\n\t<meta property=\"og:image:height\" content=\"220\" \/>\n\t<meta property=\"og:image:type\" content=\"image\/jpeg\" \/>\n<meta name=\"author\" content=\"manadmin\" \/>\n<meta name=\"twitter:card\" content=\"summary_large_image\" \/>\n<meta name=\"twitter:label1\" content=\"Written by\" \/>\n\t<meta name=\"twitter:data1\" content=\"manadmin\" \/>\n<script type=\"application\/ld+json\" class=\"yoast-schema-graph\">{\"@context\":\"https:\/\/schema.org\",\"@graph\":[{\"@type\":\"Article\",\"@id\":\"https:\/\/fadeu.urantiacos.cl\/en\/2020\/08\/31\/richard-ford-en-estados-unidos-perdimos-gran-parte-del-sentido-de-comunidad\/#article\",\"isPartOf\":{\"@id\":\"https:\/\/fadeu.urantiacos.cl\/en\/2020\/08\/31\/richard-ford-en-estados-unidos-perdimos-gran-parte-del-sentido-de-comunidad\/\"},\"author\":{\"name\":\"manadmin\",\"@id\":\"https:\/\/fadeu.urantiacos.cl\/en\/#\/schema\/person\/d203e2e84b1c40275eac77b3061a19a2\"},\"headline\":\"RICHARD FORD \u201cEn Estados Unidos perdimos gran parte del sentido de comunidad\u201d\",\"datePublished\":\"2020-08-31T21:04:00+00:00\",\"dateModified\":\"2023-09-10T21:09:10+00:00\",\"mainEntityOfPage\":{\"@id\":\"https:\/\/fadeu.urantiacos.cl\/en\/2020\/08\/31\/richard-ford-en-estados-unidos-perdimos-gran-parte-del-sentido-de-comunidad\/\"},\"wordCount\":61,\"commentCount\":0,\"image\":{\"@id\":\"https:\/\/fadeu.urantiacos.cl\/en\/2020\/08\/31\/richard-ford-en-estados-unidos-perdimos-gran-parte-del-sentido-de-comunidad\/#primaryimage\"},\"thumbnailUrl\":\"https:\/\/fadeu.urantiacos.cl\/wp-content\/uploads\/2023\/09\/ford_web.jpg\",\"articleSection\":[\"Sin categorizar\"],\"inLanguage\":\"en-US\",\"potentialAction\":[{\"@type\":\"CommentAction\",\"name\":\"Comment\",\"target\":[\"https:\/\/fadeu.urantiacos.cl\/en\/2020\/08\/31\/richard-ford-en-estados-unidos-perdimos-gran-parte-del-sentido-de-comunidad\/#respond\"]}]},{\"@type\":\"WebPage\",\"@id\":\"https:\/\/fadeu.urantiacos.cl\/en\/2020\/08\/31\/richard-ford-en-estados-unidos-perdimos-gran-parte-del-sentido-de-comunidad\/\",\"url\":\"https:\/\/fadeu.urantiacos.cl\/en\/2020\/08\/31\/richard-ford-en-estados-unidos-perdimos-gran-parte-del-sentido-de-comunidad\/\",\"name\":\"RICHARD FORD \u201cEn Estados Unidos perdimos gran parte del sentido de comunidad\u201d - Facultad de Arquitectura, Dise\u00f1o y Estudios Urbanos\",\"isPartOf\":{\"@id\":\"https:\/\/fadeu.urantiacos.cl\/en\/#website\"},\"primaryImageOfPage\":{\"@id\":\"https:\/\/fadeu.urantiacos.cl\/en\/2020\/08\/31\/richard-ford-en-estados-unidos-perdimos-gran-parte-del-sentido-de-comunidad\/#primaryimage\"},\"image\":{\"@id\":\"https:\/\/fadeu.urantiacos.cl\/en\/2020\/08\/31\/richard-ford-en-estados-unidos-perdimos-gran-parte-del-sentido-de-comunidad\/#primaryimage\"},\"thumbnailUrl\":\"https:\/\/fadeu.urantiacos.cl\/wp-content\/uploads\/2023\/09\/ford_web.jpg\",\"datePublished\":\"2020-08-31T21:04:00+00:00\",\"dateModified\":\"2023-09-10T21:09:10+00:00\",\"author\":{\"@id\":\"https:\/\/fadeu.urantiacos.cl\/en\/#\/schema\/person\/d203e2e84b1c40275eac77b3061a19a2\"},\"description\":\"La Tercera entrevista\u00a0al novelista estadounidense Richard Ford\u00a0sobre los bordes pol\u00edticos de la crisis sanitaria y la p\u00e9rdida de liderazgo de EE.UU. Se\",\"breadcrumb\":{\"@id\":\"https:\/\/fadeu.urantiacos.cl\/en\/2020\/08\/31\/richard-ford-en-estados-unidos-perdimos-gran-parte-del-sentido-de-comunidad\/#breadcrumb\"},\"inLanguage\":\"en-US\",\"potentialAction\":[{\"@type\":\"ReadAction\",\"target\":[\"https:\/\/fadeu.urantiacos.cl\/en\/2020\/08\/31\/richard-ford-en-estados-unidos-perdimos-gran-parte-del-sentido-de-comunidad\/\"]}]},{\"@type\":\"ImageObject\",\"inLanguage\":\"en-US\",\"@id\":\"https:\/\/fadeu.urantiacos.cl\/en\/2020\/08\/31\/richard-ford-en-estados-unidos-perdimos-gran-parte-del-sentido-de-comunidad\/#primaryimage\",\"url\":\"https:\/\/fadeu.urantiacos.cl\/wp-content\/uploads\/2023\/09\/ford_web.jpg\",\"contentUrl\":\"https:\/\/fadeu.urantiacos.cl\/wp-content\/uploads\/2023\/09\/ford_web.jpg\",\"width\":350,\"height\":220},{\"@type\":\"BreadcrumbList\",\"@id\":\"https:\/\/fadeu.urantiacos.cl\/en\/2020\/08\/31\/richard-ford-en-estados-unidos-perdimos-gran-parte-del-sentido-de-comunidad\/#breadcrumb\",\"itemListElement\":[{\"@type\":\"ListItem\",\"position\":1,\"name\":\"Portada\",\"item\":\"https:\/\/fadeu.urantiacos.cl\/en\/\"},{\"@type\":\"ListItem\",\"position\":2,\"name\":\"RICHARD FORD \u201cEn Estados Unidos perdimos gran parte del sentido de comunidad\u201d\"}]},{\"@type\":\"WebSite\",\"@id\":\"https:\/\/fadeu.urantiacos.cl\/en\/#website\",\"url\":\"https:\/\/fadeu.urantiacos.cl\/en\/\",\"name\":\"Facultad de Arquitectura, Dise\u00f1o y Estudios Urbanos\",\"description\":\"Campus Lo Contador\",\"potentialAction\":[{\"@type\":\"SearchAction\",\"target\":{\"@type\":\"EntryPoint\",\"urlTemplate\":\"https:\/\/fadeu.urantiacos.cl\/en\/?s={search_term_string}\"},\"query-input\":{\"@type\":\"PropertyValueSpecification\",\"valueRequired\":true,\"valueName\":\"search_term_string\"}}],\"inLanguage\":\"en-US\"},{\"@type\":\"Person\",\"@id\":\"https:\/\/fadeu.urantiacos.cl\/en\/#\/schema\/person\/d203e2e84b1c40275eac77b3061a19a2\",\"name\":\"manadmin\",\"image\":{\"@type\":\"ImageObject\",\"inLanguage\":\"en-US\",\"@id\":\"https:\/\/fadeu.urantiacos.cl\/en\/#\/schema\/person\/image\/\",\"url\":\"https:\/\/secure.gravatar.com\/avatar\/4b1d8e3303b4a9d8968ac578947d8bc80d9aea359f388cdd4aac15cadc0e8447?s=96&d=mm&r=g\",\"contentUrl\":\"https:\/\/secure.gravatar.com\/avatar\/4b1d8e3303b4a9d8968ac578947d8bc80d9aea359f388cdd4aac15cadc0e8447?s=96&d=mm&r=g\",\"caption\":\"manadmin\"},\"sameAs\":[\"https:\/\/fadeu.urantiacos.cl\"]}]}<\/script>\n<!-- \/ Yoast SEO plugin. -->","yoast_head_json":{"title":"RICHARD FORD \u201cEn Estados Unidos perdimos gran parte del sentido de comunidad\u201d - Facultad de Arquitectura, Dise\u00f1o y Estudios Urbanos","description":"La Tercera entrevista\u00a0al novelista estadounidense Richard Ford\u00a0sobre los bordes pol\u00edticos de la crisis sanitaria y la p\u00e9rdida de liderazgo de EE.UU. Se","robots":{"index":"index","follow":"follow","max-snippet":"max-snippet:-1","max-image-preview":"max-image-preview:large","max-video-preview":"max-video-preview:-1"},"canonical":"https:\/\/fadeu.urantiacos.cl\/en\/2020\/08\/31\/richard-ford-en-estados-unidos-perdimos-gran-parte-del-sentido-de-comunidad\/","og_locale":"en_US","og_type":"article","og_title":"RICHARD FORD \u201cEn Estados Unidos perdimos gran parte del sentido de comunidad\u201d - Facultad de Arquitectura, Dise\u00f1o y Estudios Urbanos","og_description":"La Tercera entrevista\u00a0al novelista estadounidense Richard Ford\u00a0sobre los bordes pol\u00edticos de la crisis sanitaria y la p\u00e9rdida de liderazgo de EE.UU. Se","og_url":"https:\/\/fadeu.urantiacos.cl\/en\/2020\/08\/31\/richard-ford-en-estados-unidos-perdimos-gran-parte-del-sentido-de-comunidad\/","og_site_name":"Facultad de Arquitectura, Dise\u00f1o y Estudios Urbanos","article_published_time":"2020-08-31T21:04:00+00:00","article_modified_time":"2023-09-10T21:09:10+00:00","og_image":[{"width":350,"height":220,"url":"https:\/\/fadeu.urantiacos.cl\/wp-content\/uploads\/2023\/09\/ford_web.jpg","type":"image\/jpeg"}],"author":"manadmin","twitter_card":"summary_large_image","twitter_misc":{"Written by":"manadmin"},"schema":{"@context":"https:\/\/schema.org","@graph":[{"@type":"Article","@id":"https:\/\/fadeu.urantiacos.cl\/en\/2020\/08\/31\/richard-ford-en-estados-unidos-perdimos-gran-parte-del-sentido-de-comunidad\/#article","isPartOf":{"@id":"https:\/\/fadeu.urantiacos.cl\/en\/2020\/08\/31\/richard-ford-en-estados-unidos-perdimos-gran-parte-del-sentido-de-comunidad\/"},"author":{"name":"manadmin","@id":"https:\/\/fadeu.urantiacos.cl\/en\/#\/schema\/person\/d203e2e84b1c40275eac77b3061a19a2"},"headline":"RICHARD FORD \u201cEn Estados Unidos perdimos gran parte del sentido de comunidad\u201d","datePublished":"2020-08-31T21:04:00+00:00","dateModified":"2023-09-10T21:09:10+00:00","mainEntityOfPage":{"@id":"https:\/\/fadeu.urantiacos.cl\/en\/2020\/08\/31\/richard-ford-en-estados-unidos-perdimos-gran-parte-del-sentido-de-comunidad\/"},"wordCount":61,"commentCount":0,"image":{"@id":"https:\/\/fadeu.urantiacos.cl\/en\/2020\/08\/31\/richard-ford-en-estados-unidos-perdimos-gran-parte-del-sentido-de-comunidad\/#primaryimage"},"thumbnailUrl":"https:\/\/fadeu.urantiacos.cl\/wp-content\/uploads\/2023\/09\/ford_web.jpg","articleSection":["Sin categorizar"],"inLanguage":"en-US","potentialAction":[{"@type":"CommentAction","name":"Comment","target":["https:\/\/fadeu.urantiacos.cl\/en\/2020\/08\/31\/richard-ford-en-estados-unidos-perdimos-gran-parte-del-sentido-de-comunidad\/#respond"]}]},{"@type":"WebPage","@id":"https:\/\/fadeu.urantiacos.cl\/en\/2020\/08\/31\/richard-ford-en-estados-unidos-perdimos-gran-parte-del-sentido-de-comunidad\/","url":"https:\/\/fadeu.urantiacos.cl\/en\/2020\/08\/31\/richard-ford-en-estados-unidos-perdimos-gran-parte-del-sentido-de-comunidad\/","name":"RICHARD FORD \u201cEn Estados Unidos perdimos gran parte del sentido de comunidad\u201d - Facultad de Arquitectura, Dise\u00f1o y Estudios Urbanos","isPartOf":{"@id":"https:\/\/fadeu.urantiacos.cl\/en\/#website"},"primaryImageOfPage":{"@id":"https:\/\/fadeu.urantiacos.cl\/en\/2020\/08\/31\/richard-ford-en-estados-unidos-perdimos-gran-parte-del-sentido-de-comunidad\/#primaryimage"},"image":{"@id":"https:\/\/fadeu.urantiacos.cl\/en\/2020\/08\/31\/richard-ford-en-estados-unidos-perdimos-gran-parte-del-sentido-de-comunidad\/#primaryimage"},"thumbnailUrl":"https:\/\/fadeu.urantiacos.cl\/wp-content\/uploads\/2023\/09\/ford_web.jpg","datePublished":"2020-08-31T21:04:00+00:00","dateModified":"2023-09-10T21:09:10+00:00","author":{"@id":"https:\/\/fadeu.urantiacos.cl\/en\/#\/schema\/person\/d203e2e84b1c40275eac77b3061a19a2"},"description":"La Tercera entrevista\u00a0al novelista estadounidense Richard Ford\u00a0sobre los bordes pol\u00edticos de la crisis sanitaria y la p\u00e9rdida de liderazgo de EE.UU. Se","breadcrumb":{"@id":"https:\/\/fadeu.urantiacos.cl\/en\/2020\/08\/31\/richard-ford-en-estados-unidos-perdimos-gran-parte-del-sentido-de-comunidad\/#breadcrumb"},"inLanguage":"en-US","potentialAction":[{"@type":"ReadAction","target":["https:\/\/fadeu.urantiacos.cl\/en\/2020\/08\/31\/richard-ford-en-estados-unidos-perdimos-gran-parte-del-sentido-de-comunidad\/"]}]},{"@type":"ImageObject","inLanguage":"en-US","@id":"https:\/\/fadeu.urantiacos.cl\/en\/2020\/08\/31\/richard-ford-en-estados-unidos-perdimos-gran-parte-del-sentido-de-comunidad\/#primaryimage","url":"https:\/\/fadeu.urantiacos.cl\/wp-content\/uploads\/2023\/09\/ford_web.jpg","contentUrl":"https:\/\/fadeu.urantiacos.cl\/wp-content\/uploads\/2023\/09\/ford_web.jpg","width":350,"height":220},{"@type":"BreadcrumbList","@id":"https:\/\/fadeu.urantiacos.cl\/en\/2020\/08\/31\/richard-ford-en-estados-unidos-perdimos-gran-parte-del-sentido-de-comunidad\/#breadcrumb","itemListElement":[{"@type":"ListItem","position":1,"name":"Portada","item":"https:\/\/fadeu.urantiacos.cl\/en\/"},{"@type":"ListItem","position":2,"name":"RICHARD FORD \u201cEn Estados Unidos perdimos gran parte del sentido de comunidad\u201d"}]},{"@type":"WebSite","@id":"https:\/\/fadeu.urantiacos.cl\/en\/#website","url":"https:\/\/fadeu.urantiacos.cl\/en\/","name":"Facultad de Arquitectura, Dise\u00f1o y Estudios Urbanos","description":"Campus Lo Contador","potentialAction":[{"@type":"SearchAction","target":{"@type":"EntryPoint","urlTemplate":"https:\/\/fadeu.urantiacos.cl\/en\/?s={search_term_string}"},"query-input":{"@type":"PropertyValueSpecification","valueRequired":true,"valueName":"search_term_string"}}],"inLanguage":"en-US"},{"@type":"Person","@id":"https:\/\/fadeu.urantiacos.cl\/en\/#\/schema\/person\/d203e2e84b1c40275eac77b3061a19a2","name":"manadmin","image":{"@type":"ImageObject","inLanguage":"en-US","@id":"https:\/\/fadeu.urantiacos.cl\/en\/#\/schema\/person\/image\/","url":"https:\/\/secure.gravatar.com\/avatar\/4b1d8e3303b4a9d8968ac578947d8bc80d9aea359f388cdd4aac15cadc0e8447?s=96&d=mm&r=g","contentUrl":"https:\/\/secure.gravatar.com\/avatar\/4b1d8e3303b4a9d8968ac578947d8bc80d9aea359f388cdd4aac15cadc0e8447?s=96&d=mm&r=g","caption":"manadmin"},"sameAs":["https:\/\/fadeu.urantiacos.cl"]}]}},"_links":{"self":[{"href":"https:\/\/fadeu.urantiacos.cl\/en\/wp-json\/wp\/v2\/posts\/8353","targetHints":{"allow":["GET"]}}],"collection":[{"href":"https:\/\/fadeu.urantiacos.cl\/en\/wp-json\/wp\/v2\/posts"}],"about":[{"href":"https:\/\/fadeu.urantiacos.cl\/en\/wp-json\/wp\/v2\/types\/post"}],"author":[{"embeddable":true,"href":"https:\/\/fadeu.urantiacos.cl\/en\/wp-json\/wp\/v2\/users\/1"}],"replies":[{"embeddable":true,"href":"https:\/\/fadeu.urantiacos.cl\/en\/wp-json\/wp\/v2\/comments?post=8353"}],"version-history":[{"count":1,"href":"https:\/\/fadeu.urantiacos.cl\/en\/wp-json\/wp\/v2\/posts\/8353\/revisions"}],"predecessor-version":[{"id":8356,"href":"https:\/\/fadeu.urantiacos.cl\/en\/wp-json\/wp\/v2\/posts\/8353\/revisions\/8356"}],"wp:featuredmedia":[{"embeddable":true,"href":"https:\/\/fadeu.urantiacos.cl\/en\/wp-json\/wp\/v2\/media\/8354"}],"wp:attachment":[{"href":"https:\/\/fadeu.urantiacos.cl\/en\/wp-json\/wp\/v2\/media?parent=8353"}],"wp:term":[{"taxonomy":"category","embeddable":true,"href":"https:\/\/fadeu.urantiacos.cl\/en\/wp-json\/wp\/v2\/categories?post=8353"},{"taxonomy":"post_tag","embeddable":true,"href":"https:\/\/fadeu.urantiacos.cl\/en\/wp-json\/wp\/v2\/tags?post=8353"}],"curies":[{"name":"wp","href":"https:\/\/api.w.org\/{rel}","templated":true}]}}