{"id":8346,"date":"2020-08-31T17:56:00","date_gmt":"2020-08-31T20:56:00","guid":{"rendered":"https:\/\/fadeu.urantiacos.cl\/?p=8346"},"modified":"2023-09-10T17:58:26","modified_gmt":"2023-09-10T20:58:26","slug":"autoridades-fadeu-y-centro-del-patrimonio-cultural-uc-dan-inicio-al-ciclo-mujeres-y-arquitectura-moderna","status":"publish","type":"post","link":"https:\/\/fadeu.urantiacos.cl\/en\/2020\/08\/31\/autoridades-fadeu-y-centro-del-patrimonio-cultural-uc-dan-inicio-al-ciclo-mujeres-y-arquitectura-moderna\/","title":{"rendered":"Autoridades FADEU y Centro del Patrimonio Cultural UC dan inicio al \u201cCiclo Mujeres y Arquitectura Moderna\u201d"},"content":{"rendered":"\n<figure class=\"wp-block-image size-full\"><img decoding=\"async\" width=\"350\" height=\"220\" src=\"https:\/\/fadeu.urantiacos.cl\/wp-content\/uploads\/2023\/09\/seminario_mujeres_youtube.jpg\" alt=\"\" class=\"wp-image-8347\" srcset=\"https:\/\/fadeu.urantiacos.cl\/wp-content\/uploads\/2023\/09\/seminario_mujeres_youtube.jpg 350w, https:\/\/fadeu.urantiacos.cl\/wp-content\/uploads\/2023\/09\/seminario_mujeres_youtube-300x189.jpg 300w\" sizes=\"(max-width: 350px) 100vw, 350px\" \/><\/figure>\n\n\n\n<p>En la instancia participaron, en su inauguraci\u00f3n, el Decano FADEU, Mario Ubilla; el director de la escuela de Arquitectura, Luis Eduardo Bresciani; el director del Centro del Patrimonio Cultural UC, Umberto Bonomo; los profesores Hugo Mondrag\u00f3n, Macarena Cort\u00e9s y Horacio Torrent, y la arquitecta Andrea Rojas.<\/p>\n\n\n\n<p>El Decano Ubilla agradeci\u00f3 la invitaci\u00f3n y elogi\u00f3 la organizaci\u00f3n del evento, advirtiendo que la reivindicaci\u00f3n de la mujer es tarea pendiente y que debe servir como antecedente para no cometer errores en el futuro. \u201cNo repitamos de los errores del pasado. No invisibilicemos el trabajo de la mujer, ni en la arquitectura, ni en ninguna disciplina que tenga que ver con nuestro campo de acci\u00f3n. No seamos una generaci\u00f3n de la cual se diga, en d\u00e9cadas futuras, que estuvo llena de mujeres que aportaron significativamente a la arquitectura, desde la profesi\u00f3n, desde la docencia o la investigaci\u00f3n, pero que fueron injustamente invisibilizadas\u201d, dijo.<\/p>\n\n\n\n<p>El director Bresciani destac\u00f3 el evento como \u201cun valioso aporte al debate sobre los derechos de la mujer y los temas de g\u00e9nero, en una discusi\u00f3n mayor que va m\u00e1s all\u00e1 de la arquitectura, un debate que a mi juicio parte del contexto en el cual debatimos los cambios que hoy se est\u00e1n produciendo, por lo tanto, reconstruir la historia invisibilizada es totalmente adecuado, porque reconstruir la historia es construir realidades, y desde ese punto de vista el ciclo es de toda justicia\u201d.<\/p>\n\n\n\n<p>El \u201cCiclo de Mujeres y Arquitectura Moderna\u201d aborda un campo que en los \u00faltimos a\u00f1os ha cobrado una relevancia inusitada y ha despertado un inter\u00e9s generalizado: la contribuci\u00f3n que un grupo de mujeres, actuando desde distintos \u00e1mbitos, hizo a la arquitectura moderna para que \u00e9sta fuera lo que fue; un fen\u00f3meno revolucionario y transformador que afect\u00f3 la vida de una multitud de mujeres y hombres modernos.<\/p>\n\n\n\n<p>El seminario busca contribuir a la verdad hist\u00f3rica, proponer una explicaci\u00f3n m\u00e1s acabada del fen\u00f3meno arquitect\u00f3nico, pero sobre todo se trata de traer al primer plano de la discusi\u00f3n una serie de actuaciones que no recibieron en su momento un juicio cr\u00edtico por parte de sus pares, ni han ocupado en la historiograf\u00eda una posici\u00f3n n\u00edtida ni clara, debido a que quienes construyeron la narrativa oficial de lo ocurrido tendieron a pasarlas por alto, por mala intenci\u00f3n o por descuido.<\/p>\n\n\n\n<p>Las exposiciones del primer ciclo denominado \u201cMujeres, turismo, medicina y Arquitectura Moderna\u201d, estuvieron a cargo de la profesora de la escuela de Arquitectura y Directora de Extensi\u00f3n y Comunicaciones, Macarena Cort\u00e9s (Una casa de temporada, Eileen Gray en Cap-Martin), y la arquitecta Andrea Rojas (Complicidad en arquitectura, Aino Aalto en el Sanatorio de Paimio).<\/p>\n\n\n\n<p>Las siguientes fechas (ciclos) y sus tem\u00e1ticas se desarrollar\u00e1n conforme el siguiente calendario:<\/p>\n\n\n\n<p><strong>3 de septiembre de 2020<\/strong><\/p>\n\n\n\n<p><strong>SESI\u00d3N 2: LAS MUJERES Y EL CANON DE LA ARQUITECTURA MODERNA<\/strong><\/p>\n\n\n\n<p>\u00bfALGO M\u00c1S QUE CUENTOS?<br>Im\u00e1genes historiogr\u00e1ficas modernas en Mar\u00eda Luisa Scalvini y Mar\u00eda Grazia Sandri<br>Rodrigo Cort\u00e9s<\/p>\n\n\n\n<p>DEL ESTILO AL DISCURSO<br>Sarah Goldhagen y la re-conceptualizaci\u00f3n de la Arquitectura Moderna<br>Hugo Mondrag\u00f3n<\/p>\n\n\n\n<p><strong>10 de septiembre de 2020<\/strong><\/p>\n\n\n\n<p><strong>SESI\u00d3N 3: MUJERES Y REVISTAS<\/strong><\/p>\n\n\n\n<p>MUJERES, REVISTAS Y DIFUSI\u00d3N DE LO MODERNO<br>Anita Puig&nbsp;<\/p>\n\n\n\n<p>MONTSERRAT PALMER Y LA VOLUNTAD DE PODER<br>El proyecto editorial de la revista ARQ<br>B\u00e1rbara Rozas<\/p>\n\n\n\n<p><strong>24 de septiembre de 2020<\/strong><\/p>\n\n\n\n<p><strong>SESI\u00d3N 4: MUJERES PROYECTISTAS<\/strong><\/p>\n\n\n\n<p>GLENDA KAPSTEIN<br>Hacia una modernidad regionalista<br>Claudio Galeno<\/p>\n\n\n\n<p>LILLY REICH<br>Barcelona 1929<br>David Caralt<\/p>\n\n\n\n<p><strong>1 de octubre de 2020<\/strong><\/p>\n\n\n\n<p><strong>SESI\u00d3N 5: MUJERES, MUEBLES MODERNOS Y FOTOGRAF\u00cdA<\/strong><\/p>\n\n\n\n<p>CLARA PORSET<br>El dise\u00f1o de mobiliario moderno<br>Ver\u00f3nica Esparza<\/p>\n\n\n\n<p>FOT\u00d3GRAFASM\u00e1s all\u00e1 de lo convencional. Exploraciones sobre ciudad y arquitectura<br>Andr\u00e9s T\u00e9llez<\/p>\n\n\n\n<p><strong>8 de octubre de 2020<\/strong><\/p>\n\n\n\n<p><strong>SESION 6: LAS MUJERES Y LA HISTORIOGRAF\u00cdA DE LA ARQUITECTURA<\/strong><\/p>\n\n\n\n<p>LAS MUJERES Y LA HISTORIOGRAF\u00cdA DE LA ARQUITECTURA<br>G\u00e9nero, m\u00e9todo y proyecto<br>Horacio Torrent&nbsp; &nbsp; &nbsp; &nbsp; &nbsp; &nbsp;<\/p>\n\n\n\n<p>LAS MUJERES DE MI VIDA<br>&nbsp;Ruth Verde Zein<\/p>\n","protected":false},"excerpt":{"rendered":"<p>El pasado jueves 27 de agosto se realiz\u00f3 el primer cap\u00edtulo del ciclo \u201cMujeres y Arquitectura Moderna, organizado, entre otros actores, por el Centro del Patrimonio Cultural UC, DOCOMOMO Chile, la escuela de Arquitectura y la Facultad de Arquitectura, Dise\u00f1o y Estudios Urbanos de la misma casa de estudios superiores.<\/p>\n","protected":false},"author":1,"featured_media":8347,"comment_status":"open","ping_status":"open","sticky":false,"template":"","format":"standard","meta":{"_acf_changed":false,"footnotes":""},"categories":[1],"tags":[],"class_list":["post-8346","post","type-post","status-publish","format-standard","has-post-thumbnail","hentry","category-sin-categorizar"],"acf":[],"yoast_head":"<!-- This site is optimized with the Yoast SEO plugin v27.1.1 - https:\/\/yoast.com\/product\/yoast-seo-wordpress\/ -->\n<title>Autoridades FADEU y Centro del Patrimonio Cultural UC dan inicio al \u201cCiclo Mujeres y Arquitectura Moderna\u201d - Facultad de Arquitectura, Dise\u00f1o y Estudios Urbanos<\/title>\n<meta name=\"description\" content=\"El pasado jueves 27 de agosto se realiz\u00f3 el primer cap\u00edtulo del ciclo \u201cMujeres y Arquitectura Moderna, organizado, entre otros actores, por el Centro del Patrimonio Cultural UC, DOCOMOMO Chile, la escuela de Arquitectura y la Facultad de Arquitectura, Dise\u00f1o y Estudios Urbanos de la misma casa de estudios superiores.\" \/>\n<meta name=\"robots\" content=\"index, follow, max-snippet:-1, max-image-preview:large, max-video-preview:-1\" \/>\n<link rel=\"canonical\" href=\"https:\/\/fadeu.urantiacos.cl\/en\/2020\/08\/31\/autoridades-fadeu-y-centro-del-patrimonio-cultural-uc-dan-inicio-al-ciclo-mujeres-y-arquitectura-moderna\/\" \/>\n<meta property=\"og:locale\" content=\"en_US\" \/>\n<meta property=\"og:type\" content=\"article\" \/>\n<meta property=\"og:title\" content=\"Autoridades FADEU y Centro del Patrimonio Cultural UC dan inicio al \u201cCiclo Mujeres y Arquitectura Moderna\u201d - Facultad de Arquitectura, Dise\u00f1o y Estudios Urbanos\" \/>\n<meta property=\"og:description\" content=\"El pasado jueves 27 de agosto se realiz\u00f3 el primer cap\u00edtulo del ciclo \u201cMujeres y Arquitectura Moderna, organizado, entre otros actores, por el Centro del Patrimonio Cultural UC, DOCOMOMO Chile, la escuela de Arquitectura y la Facultad de Arquitectura, Dise\u00f1o y Estudios Urbanos de la misma casa de estudios superiores.\" \/>\n<meta property=\"og:url\" content=\"https:\/\/fadeu.urantiacos.cl\/en\/2020\/08\/31\/autoridades-fadeu-y-centro-del-patrimonio-cultural-uc-dan-inicio-al-ciclo-mujeres-y-arquitectura-moderna\/\" \/>\n<meta property=\"og:site_name\" content=\"Facultad de Arquitectura, Dise\u00f1o y Estudios Urbanos\" \/>\n<meta property=\"article:published_time\" content=\"2020-08-31T20:56:00+00:00\" \/>\n<meta property=\"article:modified_time\" content=\"2023-09-10T20:58:26+00:00\" \/>\n<meta property=\"og:image\" content=\"https:\/\/fadeu.urantiacos.cl\/wp-content\/uploads\/2023\/09\/seminario_mujeres_youtube.jpg\" \/>\n\t<meta property=\"og:image:width\" content=\"350\" \/>\n\t<meta property=\"og:image:height\" content=\"220\" \/>\n\t<meta property=\"og:image:type\" content=\"image\/jpeg\" \/>\n<meta name=\"author\" content=\"manadmin\" \/>\n<meta name=\"twitter:card\" content=\"summary_large_image\" \/>\n<meta name=\"twitter:label1\" content=\"Written by\" \/>\n\t<meta name=\"twitter:data1\" content=\"manadmin\" \/>\n\t<meta name=\"twitter:label2\" content=\"Est. reading time\" \/>\n\t<meta name=\"twitter:data2\" content=\"3 minutes\" \/>\n<script type=\"application\/ld+json\" class=\"yoast-schema-graph\">{\"@context\":\"https:\/\/schema.org\",\"@graph\":[{\"@type\":\"Article\",\"@id\":\"https:\/\/fadeu.urantiacos.cl\/en\/2020\/08\/31\/autoridades-fadeu-y-centro-del-patrimonio-cultural-uc-dan-inicio-al-ciclo-mujeres-y-arquitectura-moderna\/#article\",\"isPartOf\":{\"@id\":\"https:\/\/fadeu.urantiacos.cl\/en\/2020\/08\/31\/autoridades-fadeu-y-centro-del-patrimonio-cultural-uc-dan-inicio-al-ciclo-mujeres-y-arquitectura-moderna\/\"},\"author\":{\"name\":\"manadmin\",\"@id\":\"https:\/\/fadeu.urantiacos.cl\/en\/#\/schema\/person\/d203e2e84b1c40275eac77b3061a19a2\"},\"headline\":\"Autoridades FADEU y Centro del Patrimonio Cultural UC dan inicio al \u201cCiclo Mujeres y Arquitectura Moderna\u201d\",\"datePublished\":\"2020-08-31T20:56:00+00:00\",\"dateModified\":\"2023-09-10T20:58:26+00:00\",\"mainEntityOfPage\":{\"@id\":\"https:\/\/fadeu.urantiacos.cl\/en\/2020\/08\/31\/autoridades-fadeu-y-centro-del-patrimonio-cultural-uc-dan-inicio-al-ciclo-mujeres-y-arquitectura-moderna\/\"},\"wordCount\":675,\"commentCount\":0,\"image\":{\"@id\":\"https:\/\/fadeu.urantiacos.cl\/en\/2020\/08\/31\/autoridades-fadeu-y-centro-del-patrimonio-cultural-uc-dan-inicio-al-ciclo-mujeres-y-arquitectura-moderna\/#primaryimage\"},\"thumbnailUrl\":\"https:\/\/fadeu.urantiacos.cl\/wp-content\/uploads\/2023\/09\/seminario_mujeres_youtube.jpg\",\"articleSection\":[\"Sin categorizar\"],\"inLanguage\":\"en-US\",\"potentialAction\":[{\"@type\":\"CommentAction\",\"name\":\"Comment\",\"target\":[\"https:\/\/fadeu.urantiacos.cl\/en\/2020\/08\/31\/autoridades-fadeu-y-centro-del-patrimonio-cultural-uc-dan-inicio-al-ciclo-mujeres-y-arquitectura-moderna\/#respond\"]}]},{\"@type\":\"WebPage\",\"@id\":\"https:\/\/fadeu.urantiacos.cl\/en\/2020\/08\/31\/autoridades-fadeu-y-centro-del-patrimonio-cultural-uc-dan-inicio-al-ciclo-mujeres-y-arquitectura-moderna\/\",\"url\":\"https:\/\/fadeu.urantiacos.cl\/en\/2020\/08\/31\/autoridades-fadeu-y-centro-del-patrimonio-cultural-uc-dan-inicio-al-ciclo-mujeres-y-arquitectura-moderna\/\",\"name\":\"Autoridades FADEU y Centro del Patrimonio Cultural UC dan inicio al \u201cCiclo Mujeres y Arquitectura Moderna\u201d - Facultad de Arquitectura, Dise\u00f1o y Estudios Urbanos\",\"isPartOf\":{\"@id\":\"https:\/\/fadeu.urantiacos.cl\/en\/#website\"},\"primaryImageOfPage\":{\"@id\":\"https:\/\/fadeu.urantiacos.cl\/en\/2020\/08\/31\/autoridades-fadeu-y-centro-del-patrimonio-cultural-uc-dan-inicio-al-ciclo-mujeres-y-arquitectura-moderna\/#primaryimage\"},\"image\":{\"@id\":\"https:\/\/fadeu.urantiacos.cl\/en\/2020\/08\/31\/autoridades-fadeu-y-centro-del-patrimonio-cultural-uc-dan-inicio-al-ciclo-mujeres-y-arquitectura-moderna\/#primaryimage\"},\"thumbnailUrl\":\"https:\/\/fadeu.urantiacos.cl\/wp-content\/uploads\/2023\/09\/seminario_mujeres_youtube.jpg\",\"datePublished\":\"2020-08-31T20:56:00+00:00\",\"dateModified\":\"2023-09-10T20:58:26+00:00\",\"author\":{\"@id\":\"https:\/\/fadeu.urantiacos.cl\/en\/#\/schema\/person\/d203e2e84b1c40275eac77b3061a19a2\"},\"description\":\"El pasado jueves 27 de agosto se realiz\u00f3 el primer cap\u00edtulo del ciclo \u201cMujeres y Arquitectura Moderna, organizado, entre otros actores, por el Centro del Patrimonio Cultural UC, DOCOMOMO Chile, la escuela de Arquitectura y la Facultad de Arquitectura, Dise\u00f1o y Estudios Urbanos de la misma casa de estudios superiores.\",\"breadcrumb\":{\"@id\":\"https:\/\/fadeu.urantiacos.cl\/en\/2020\/08\/31\/autoridades-fadeu-y-centro-del-patrimonio-cultural-uc-dan-inicio-al-ciclo-mujeres-y-arquitectura-moderna\/#breadcrumb\"},\"inLanguage\":\"en-US\",\"potentialAction\":[{\"@type\":\"ReadAction\",\"target\":[\"https:\/\/fadeu.urantiacos.cl\/en\/2020\/08\/31\/autoridades-fadeu-y-centro-del-patrimonio-cultural-uc-dan-inicio-al-ciclo-mujeres-y-arquitectura-moderna\/\"]}]},{\"@type\":\"ImageObject\",\"inLanguage\":\"en-US\",\"@id\":\"https:\/\/fadeu.urantiacos.cl\/en\/2020\/08\/31\/autoridades-fadeu-y-centro-del-patrimonio-cultural-uc-dan-inicio-al-ciclo-mujeres-y-arquitectura-moderna\/#primaryimage\",\"url\":\"https:\/\/fadeu.urantiacos.cl\/wp-content\/uploads\/2023\/09\/seminario_mujeres_youtube.jpg\",\"contentUrl\":\"https:\/\/fadeu.urantiacos.cl\/wp-content\/uploads\/2023\/09\/seminario_mujeres_youtube.jpg\",\"width\":350,\"height\":220},{\"@type\":\"BreadcrumbList\",\"@id\":\"https:\/\/fadeu.urantiacos.cl\/en\/2020\/08\/31\/autoridades-fadeu-y-centro-del-patrimonio-cultural-uc-dan-inicio-al-ciclo-mujeres-y-arquitectura-moderna\/#breadcrumb\",\"itemListElement\":[{\"@type\":\"ListItem\",\"position\":1,\"name\":\"Portada\",\"item\":\"https:\/\/fadeu.urantiacos.cl\/en\/\"},{\"@type\":\"ListItem\",\"position\":2,\"name\":\"Autoridades FADEU y Centro del Patrimonio Cultural UC dan inicio al \u201cCiclo Mujeres y Arquitectura Moderna\u201d\"}]},{\"@type\":\"WebSite\",\"@id\":\"https:\/\/fadeu.urantiacos.cl\/en\/#website\",\"url\":\"https:\/\/fadeu.urantiacos.cl\/en\/\",\"name\":\"Facultad de Arquitectura, Dise\u00f1o y Estudios Urbanos\",\"description\":\"Campus Lo Contador\",\"potentialAction\":[{\"@type\":\"SearchAction\",\"target\":{\"@type\":\"EntryPoint\",\"urlTemplate\":\"https:\/\/fadeu.urantiacos.cl\/en\/?s={search_term_string}\"},\"query-input\":{\"@type\":\"PropertyValueSpecification\",\"valueRequired\":true,\"valueName\":\"search_term_string\"}}],\"inLanguage\":\"en-US\"},{\"@type\":\"Person\",\"@id\":\"https:\/\/fadeu.urantiacos.cl\/en\/#\/schema\/person\/d203e2e84b1c40275eac77b3061a19a2\",\"name\":\"manadmin\",\"image\":{\"@type\":\"ImageObject\",\"inLanguage\":\"en-US\",\"@id\":\"https:\/\/fadeu.urantiacos.cl\/en\/#\/schema\/person\/image\/\",\"url\":\"https:\/\/secure.gravatar.com\/avatar\/4b1d8e3303b4a9d8968ac578947d8bc80d9aea359f388cdd4aac15cadc0e8447?s=96&d=mm&r=g\",\"contentUrl\":\"https:\/\/secure.gravatar.com\/avatar\/4b1d8e3303b4a9d8968ac578947d8bc80d9aea359f388cdd4aac15cadc0e8447?s=96&d=mm&r=g\",\"caption\":\"manadmin\"},\"sameAs\":[\"https:\/\/fadeu.urantiacos.cl\"]}]}<\/script>\n<!-- \/ Yoast SEO plugin. -->","yoast_head_json":{"title":"Autoridades FADEU y Centro del Patrimonio Cultural UC dan inicio al \u201cCiclo Mujeres y Arquitectura Moderna\u201d - Facultad de Arquitectura, Dise\u00f1o y Estudios Urbanos","description":"El pasado jueves 27 de agosto se realiz\u00f3 el primer cap\u00edtulo del ciclo \u201cMujeres y Arquitectura Moderna, organizado, entre otros actores, por el Centro del Patrimonio Cultural UC, DOCOMOMO Chile, la escuela de Arquitectura y la Facultad de Arquitectura, Dise\u00f1o y Estudios Urbanos de la misma casa de estudios superiores.","robots":{"index":"index","follow":"follow","max-snippet":"max-snippet:-1","max-image-preview":"max-image-preview:large","max-video-preview":"max-video-preview:-1"},"canonical":"https:\/\/fadeu.urantiacos.cl\/en\/2020\/08\/31\/autoridades-fadeu-y-centro-del-patrimonio-cultural-uc-dan-inicio-al-ciclo-mujeres-y-arquitectura-moderna\/","og_locale":"en_US","og_type":"article","og_title":"Autoridades FADEU y Centro del Patrimonio Cultural UC dan inicio al \u201cCiclo Mujeres y Arquitectura Moderna\u201d - Facultad de Arquitectura, Dise\u00f1o y Estudios Urbanos","og_description":"El pasado jueves 27 de agosto se realiz\u00f3 el primer cap\u00edtulo del ciclo \u201cMujeres y Arquitectura Moderna, organizado, entre otros actores, por el Centro del Patrimonio Cultural UC, DOCOMOMO Chile, la escuela de Arquitectura y la Facultad de Arquitectura, Dise\u00f1o y Estudios Urbanos de la misma casa de estudios superiores.","og_url":"https:\/\/fadeu.urantiacos.cl\/en\/2020\/08\/31\/autoridades-fadeu-y-centro-del-patrimonio-cultural-uc-dan-inicio-al-ciclo-mujeres-y-arquitectura-moderna\/","og_site_name":"Facultad de Arquitectura, Dise\u00f1o y Estudios Urbanos","article_published_time":"2020-08-31T20:56:00+00:00","article_modified_time":"2023-09-10T20:58:26+00:00","og_image":[{"width":350,"height":220,"url":"https:\/\/fadeu.urantiacos.cl\/wp-content\/uploads\/2023\/09\/seminario_mujeres_youtube.jpg","type":"image\/jpeg"}],"author":"manadmin","twitter_card":"summary_large_image","twitter_misc":{"Written by":"manadmin","Est. reading time":"3 minutes"},"schema":{"@context":"https:\/\/schema.org","@graph":[{"@type":"Article","@id":"https:\/\/fadeu.urantiacos.cl\/en\/2020\/08\/31\/autoridades-fadeu-y-centro-del-patrimonio-cultural-uc-dan-inicio-al-ciclo-mujeres-y-arquitectura-moderna\/#article","isPartOf":{"@id":"https:\/\/fadeu.urantiacos.cl\/en\/2020\/08\/31\/autoridades-fadeu-y-centro-del-patrimonio-cultural-uc-dan-inicio-al-ciclo-mujeres-y-arquitectura-moderna\/"},"author":{"name":"manadmin","@id":"https:\/\/fadeu.urantiacos.cl\/en\/#\/schema\/person\/d203e2e84b1c40275eac77b3061a19a2"},"headline":"Autoridades FADEU y Centro del Patrimonio Cultural UC dan inicio al \u201cCiclo Mujeres y Arquitectura Moderna\u201d","datePublished":"2020-08-31T20:56:00+00:00","dateModified":"2023-09-10T20:58:26+00:00","mainEntityOfPage":{"@id":"https:\/\/fadeu.urantiacos.cl\/en\/2020\/08\/31\/autoridades-fadeu-y-centro-del-patrimonio-cultural-uc-dan-inicio-al-ciclo-mujeres-y-arquitectura-moderna\/"},"wordCount":675,"commentCount":0,"image":{"@id":"https:\/\/fadeu.urantiacos.cl\/en\/2020\/08\/31\/autoridades-fadeu-y-centro-del-patrimonio-cultural-uc-dan-inicio-al-ciclo-mujeres-y-arquitectura-moderna\/#primaryimage"},"thumbnailUrl":"https:\/\/fadeu.urantiacos.cl\/wp-content\/uploads\/2023\/09\/seminario_mujeres_youtube.jpg","articleSection":["Sin categorizar"],"inLanguage":"en-US","potentialAction":[{"@type":"CommentAction","name":"Comment","target":["https:\/\/fadeu.urantiacos.cl\/en\/2020\/08\/31\/autoridades-fadeu-y-centro-del-patrimonio-cultural-uc-dan-inicio-al-ciclo-mujeres-y-arquitectura-moderna\/#respond"]}]},{"@type":"WebPage","@id":"https:\/\/fadeu.urantiacos.cl\/en\/2020\/08\/31\/autoridades-fadeu-y-centro-del-patrimonio-cultural-uc-dan-inicio-al-ciclo-mujeres-y-arquitectura-moderna\/","url":"https:\/\/fadeu.urantiacos.cl\/en\/2020\/08\/31\/autoridades-fadeu-y-centro-del-patrimonio-cultural-uc-dan-inicio-al-ciclo-mujeres-y-arquitectura-moderna\/","name":"Autoridades FADEU y Centro del Patrimonio Cultural UC dan inicio al \u201cCiclo Mujeres y Arquitectura Moderna\u201d - Facultad de Arquitectura, Dise\u00f1o y Estudios Urbanos","isPartOf":{"@id":"https:\/\/fadeu.urantiacos.cl\/en\/#website"},"primaryImageOfPage":{"@id":"https:\/\/fadeu.urantiacos.cl\/en\/2020\/08\/31\/autoridades-fadeu-y-centro-del-patrimonio-cultural-uc-dan-inicio-al-ciclo-mujeres-y-arquitectura-moderna\/#primaryimage"},"image":{"@id":"https:\/\/fadeu.urantiacos.cl\/en\/2020\/08\/31\/autoridades-fadeu-y-centro-del-patrimonio-cultural-uc-dan-inicio-al-ciclo-mujeres-y-arquitectura-moderna\/#primaryimage"},"thumbnailUrl":"https:\/\/fadeu.urantiacos.cl\/wp-content\/uploads\/2023\/09\/seminario_mujeres_youtube.jpg","datePublished":"2020-08-31T20:56:00+00:00","dateModified":"2023-09-10T20:58:26+00:00","author":{"@id":"https:\/\/fadeu.urantiacos.cl\/en\/#\/schema\/person\/d203e2e84b1c40275eac77b3061a19a2"},"description":"El pasado jueves 27 de agosto se realiz\u00f3 el primer cap\u00edtulo del ciclo \u201cMujeres y Arquitectura Moderna, organizado, entre otros actores, por el Centro del Patrimonio Cultural UC, DOCOMOMO Chile, la escuela de Arquitectura y la Facultad de Arquitectura, Dise\u00f1o y Estudios Urbanos de la misma casa de estudios superiores.","breadcrumb":{"@id":"https:\/\/fadeu.urantiacos.cl\/en\/2020\/08\/31\/autoridades-fadeu-y-centro-del-patrimonio-cultural-uc-dan-inicio-al-ciclo-mujeres-y-arquitectura-moderna\/#breadcrumb"},"inLanguage":"en-US","potentialAction":[{"@type":"ReadAction","target":["https:\/\/fadeu.urantiacos.cl\/en\/2020\/08\/31\/autoridades-fadeu-y-centro-del-patrimonio-cultural-uc-dan-inicio-al-ciclo-mujeres-y-arquitectura-moderna\/"]}]},{"@type":"ImageObject","inLanguage":"en-US","@id":"https:\/\/fadeu.urantiacos.cl\/en\/2020\/08\/31\/autoridades-fadeu-y-centro-del-patrimonio-cultural-uc-dan-inicio-al-ciclo-mujeres-y-arquitectura-moderna\/#primaryimage","url":"https:\/\/fadeu.urantiacos.cl\/wp-content\/uploads\/2023\/09\/seminario_mujeres_youtube.jpg","contentUrl":"https:\/\/fadeu.urantiacos.cl\/wp-content\/uploads\/2023\/09\/seminario_mujeres_youtube.jpg","width":350,"height":220},{"@type":"BreadcrumbList","@id":"https:\/\/fadeu.urantiacos.cl\/en\/2020\/08\/31\/autoridades-fadeu-y-centro-del-patrimonio-cultural-uc-dan-inicio-al-ciclo-mujeres-y-arquitectura-moderna\/#breadcrumb","itemListElement":[{"@type":"ListItem","position":1,"name":"Portada","item":"https:\/\/fadeu.urantiacos.cl\/en\/"},{"@type":"ListItem","position":2,"name":"Autoridades FADEU y Centro del Patrimonio Cultural UC dan inicio al \u201cCiclo Mujeres y Arquitectura Moderna\u201d"}]},{"@type":"WebSite","@id":"https:\/\/fadeu.urantiacos.cl\/en\/#website","url":"https:\/\/fadeu.urantiacos.cl\/en\/","name":"Facultad de Arquitectura, Dise\u00f1o y Estudios Urbanos","description":"Campus Lo Contador","potentialAction":[{"@type":"SearchAction","target":{"@type":"EntryPoint","urlTemplate":"https:\/\/fadeu.urantiacos.cl\/en\/?s={search_term_string}"},"query-input":{"@type":"PropertyValueSpecification","valueRequired":true,"valueName":"search_term_string"}}],"inLanguage":"en-US"},{"@type":"Person","@id":"https:\/\/fadeu.urantiacos.cl\/en\/#\/schema\/person\/d203e2e84b1c40275eac77b3061a19a2","name":"manadmin","image":{"@type":"ImageObject","inLanguage":"en-US","@id":"https:\/\/fadeu.urantiacos.cl\/en\/#\/schema\/person\/image\/","url":"https:\/\/secure.gravatar.com\/avatar\/4b1d8e3303b4a9d8968ac578947d8bc80d9aea359f388cdd4aac15cadc0e8447?s=96&d=mm&r=g","contentUrl":"https:\/\/secure.gravatar.com\/avatar\/4b1d8e3303b4a9d8968ac578947d8bc80d9aea359f388cdd4aac15cadc0e8447?s=96&d=mm&r=g","caption":"manadmin"},"sameAs":["https:\/\/fadeu.urantiacos.cl"]}]}},"_links":{"self":[{"href":"https:\/\/fadeu.urantiacos.cl\/en\/wp-json\/wp\/v2\/posts\/8346","targetHints":{"allow":["GET"]}}],"collection":[{"href":"https:\/\/fadeu.urantiacos.cl\/en\/wp-json\/wp\/v2\/posts"}],"about":[{"href":"https:\/\/fadeu.urantiacos.cl\/en\/wp-json\/wp\/v2\/types\/post"}],"author":[{"embeddable":true,"href":"https:\/\/fadeu.urantiacos.cl\/en\/wp-json\/wp\/v2\/users\/1"}],"replies":[{"embeddable":true,"href":"https:\/\/fadeu.urantiacos.cl\/en\/wp-json\/wp\/v2\/comments?post=8346"}],"version-history":[{"count":1,"href":"https:\/\/fadeu.urantiacos.cl\/en\/wp-json\/wp\/v2\/posts\/8346\/revisions"}],"predecessor-version":[{"id":8348,"href":"https:\/\/fadeu.urantiacos.cl\/en\/wp-json\/wp\/v2\/posts\/8346\/revisions\/8348"}],"wp:featuredmedia":[{"embeddable":true,"href":"https:\/\/fadeu.urantiacos.cl\/en\/wp-json\/wp\/v2\/media\/8347"}],"wp:attachment":[{"href":"https:\/\/fadeu.urantiacos.cl\/en\/wp-json\/wp\/v2\/media?parent=8346"}],"wp:term":[{"taxonomy":"category","embeddable":true,"href":"https:\/\/fadeu.urantiacos.cl\/en\/wp-json\/wp\/v2\/categories?post=8346"},{"taxonomy":"post_tag","embeddable":true,"href":"https:\/\/fadeu.urantiacos.cl\/en\/wp-json\/wp\/v2\/tags?post=8346"}],"curies":[{"name":"wp","href":"https:\/\/api.w.org\/{rel}","templated":true}]}}