{"id":8343,"date":"2020-09-01T17:55:00","date_gmt":"2020-09-01T20:55:00","guid":{"rendered":"https:\/\/fadeu.urantiacos.cl\/?p=8343"},"modified":"2023-09-10T17:56:53","modified_gmt":"2023-09-10T20:56:53","slug":"profesores-fadeu-recibieron-reconocimiento-uc-por-sus-anos-de-trayectoria-academica","status":"publish","type":"post","link":"https:\/\/fadeu.urantiacos.cl\/en\/2020\/09\/01\/profesores-fadeu-recibieron-reconocimiento-uc-por-sus-anos-de-trayectoria-academica\/","title":{"rendered":"Profesores FADEU recibieron reconocimiento UC por sus a\u00f1os de trayectoria acad\u00e9mica"},"content":{"rendered":"\n<figure class=\"wp-block-image size-full\"><img decoding=\"async\" width=\"350\" height=\"250\" src=\"https:\/\/fadeu.urantiacos.cl\/wp-content\/uploads\/2023\/09\/NOTICIA_DEL_DIA_DEL_ACADEMICO.png\" alt=\"\" class=\"wp-image-8344\" srcset=\"https:\/\/fadeu.urantiacos.cl\/wp-content\/uploads\/2023\/09\/NOTICIA_DEL_DIA_DEL_ACADEMICO.png 350w, https:\/\/fadeu.urantiacos.cl\/wp-content\/uploads\/2023\/09\/NOTICIA_DEL_DIA_DEL_ACADEMICO-300x214.png 300w\" sizes=\"(max-width: 350px) 100vw, 350px\" \/><\/figure>\n\n\n\n<p>En la ceremonia, llevada a cabo de forma remota, la Facultad de Arquitectura, Dise\u00f1o y Estudios Urbanos, obtuvo el reconocimientos de los siguientes profesores:<\/p>\n\n\n\n<ol class=\"wp-block-list\">\n<li>Enrique del Rio, de la escuela de Arquitectura (25 a\u00f1os).<\/li>\n\n\n\n<li>Pablo Hermansen, de la escuela de Dise\u00f1o (25 a\u00f1os).<\/li>\n\n\n\n<li>Mar\u00eda Soledad Hoces, de la escuela de Dise\u00f1o (25 a\u00f1os).<\/li>\n\n\n\n<li>Javier del R\u00edo, de la escuela de Arquitectura (35 a\u00f1os).<\/li>\n\n\n\n<li>Orlando Vigougoux, de la escuela de Arquitectura (40 a\u00f1os).<\/li>\n\n\n\n<li>Pedro Bannen, del Instituto de Estudios Urbanos y Territoriales (40 a\u00f1os).<\/li>\n<\/ol>\n\n\n\n<p>El Decano Mario Ubilla felicit\u00f3 a los profesores y destac\u00f3 en ellos \u201csu alto compromiso con la docencia, la investigaci\u00f3n y la permanente b\u00fasqueda de perfeccionamiento disciplinar, tambi\u00e9n con la formaci\u00f3n de profesionales en base a los valores que promueve la universidad, procurando formar personas con un alto sentido del compromiso p\u00fablico\u201d.<\/p>\n\n\n\n<p>\u201cHacer una vida en torno a la docencia, a la formaci\u00f3n, a la investigaci\u00f3n y a entregar lo mejor de s\u00ed para el resto, formando profesionales es, una decisi\u00f3n de vida que debe ser siempre reconocida\u201d. Y agreg\u00f3, de manera testimonial, \u201cdebo destacar mi propia experiencia como alumno de los profesores a Pedro Bannen, Orilando Vigoroux y Javier del R\u00edo, con quienes tuve el privilegio de estudiar y asistir a sus estimulantes clases\u201d.<\/p>\n\n\n\n<p><strong>Trayectoria<\/strong><\/p>\n\n\n\n<p><strong>Enrique del R\u00edo<\/strong>&nbsp;es Arquitecto UC (1986), y profesor Adjunto de la Escuela de Arquitectura de la Pontificia Universidad Cat\u00f3lica de Chile desde 1988 a la fecha. Director del \u00e1rea de talleres de arquitectura y miembro del Consejo de la Facultad de Arquitectura, Dise\u00f1o y Estudios Urbanos de la misma universidad. Miembro de la oficina profesional Baixas y Del R\u00edo Arquitectos, donde es coautor de obras como por ejemplo: Museo Interactivo Mirador (MIM), Conjunto Habitacional Puertas de la Reina, Edificio PROLAM, Edificio MBA-UC, Edificio de la Facultad de Educaci\u00f3n UC, etc.<\/p>\n\n\n\n<p><strong>Ignacio Hermansen<\/strong>&nbsp;es Dise\u00f1ador de la Pontificia Universidad Cat\u00f3lica de Chile, y Doctor en Arquitectura y Estudios Urbanos de la misma casa de estudios. Actualmente es parte del equipo que dicta el Taller de Dise\u00f1o de Interacci\u00f3n. En el \u00e1mbito de la investigaci\u00f3n, trabaja el rol de la fotograf\u00eda en la investigaci\u00f3n cualitativa, adem\u00e1s de las l\u00edneas de indagaci\u00f3n sobre Cosmopol\u00edtica, Investigaci\u00f3n y Dise\u00f1o, y Colectivos Sociales en Entornos Digitalmente Aumentados.<\/p>\n\n\n\n<p>Profesionalmente, como socio y director creativo de Frankenstudio, dise\u00f1a y produce instalaciones interactivas y sistemas digitales multimedia.<\/p>\n\n\n\n<p><strong>Soledad Hoces<\/strong>&nbsp;es Dise\u00f1adora&nbsp;de la Pontificia Universidad Cat\u00f3lica de Chile y Mag\u00edster en Estudios Latinoamericanos&nbsp;&nbsp;de la&nbsp;Universidad de Chile. Ejerce docencia en las \u00e1reas de Artesan\u00eda, Dise\u00f1o de Indumentaria, Dise\u00f1o Textil, Patrimonio Intangible, y Patrimonio Tangible.<\/p>\n\n\n\n<p><strong>Javier del R\u00edo<\/strong>&nbsp;es Arquitecto UC (1981), con estudios de postgrado en programa Conservaci\u00f3n de Energ\u00eda de la Architectural Association-School of Architecture en Londres, entre 1983 y 1985.<\/p>\n\n\n\n<p>Se desempe\u00f1a como docente desde 1985&nbsp; en diversas escuelas de Arquitectura y Dise\u00f1o de Santiago, tanto en pregrado como en magister. En 2002 crea el Diplomado en Arquitectura Sustentable UC. Ha participado en diversos congresos y seminarios de sustentabilidad en el pa\u00eds y el extranjero.<\/p>\n\n\n\n<p><strong>Orlando Vigouroux<\/strong>&nbsp;es Arquitecto Universidad Cat\u00f3lica de Chile 1977, Magister en Ciudad y Territorio, 2010, Universidad Diego Portales, y tiene estudios de Doctorado en la Universidad T\u00e9cnica Superior de Madrid, Espa\u00f1a.<\/p>\n\n\n\n<p>Ha sido profesor principalmente del \u00e1rea de Tecnolog\u00eda (Edificaci\u00f3n y Estructuras), Talleres de Proyecto y cursos de Vivienda; abordando estos temas principalmente en asignaturas te\u00f3ricas y en Talleres de Arquitectura o en Titulaci\u00f3n.<\/p>\n\n\n\n<p><strong>Pedro Bannen<\/strong>&nbsp;es Arquitecto y Mag\u00edster en Desarrollo Urbano de la Pontificia Universidad Cat\u00f3lica de Chile, y Doctor en Ingenier\u00eda Civil y Arquitectura (Urban\u00edstica y Ordenamiento Territorial), por la Universidad de Granada, Espa\u00f1a.<\/p>\n\n\n\n<p>Su trabajo acad\u00e9mico se ha focalizado en la docencia de talleres y la investigaci\u00f3n, teniendo como preocupaci\u00f3n central el tema de la ciudad y, en particular, el caso de Santiago, asumiendo su estudio desde la relaci\u00f3n del cuerpo edificado y la forma de habitarla. Se ha dedicado al estudio de aquellos aspectos que configuran la competitividad de las ciudades a partir de la calidad de vida que ofrecen a sus habitantes.<\/p>\n\n\n\n<p>INFORMACI\u00d3N PERIOD\u00cdSTICA<br>JUAN ANDR\u00c9S INZUNZA<\/p>\n","protected":false},"excerpt":{"rendered":"<p>La Universidad Cat\u00f3lica celebr\u00f3 formalmente el D\u00eda del Acad\u00e9mico el pasado viernes 28 de agosto, relevando la labor de profesores y profesoras de sus distintas facultades, quienes cumplieron 25, 30, 35, 40, 45 y 50 a\u00f1os trabajo ininterrumpido en sus respectivas unidades acad\u00e9micas.<\/p>\n","protected":false},"author":1,"featured_media":8344,"comment_status":"open","ping_status":"open","sticky":false,"template":"","format":"standard","meta":{"_acf_changed":false,"footnotes":""},"categories":[1],"tags":[],"class_list":["post-8343","post","type-post","status-publish","format-standard","has-post-thumbnail","hentry","category-sin-categorizar"],"acf":[],"yoast_head":"<!-- This site is optimized with the Yoast SEO plugin v27.1.1 - https:\/\/yoast.com\/product\/yoast-seo-wordpress\/ -->\n<title>Profesores FADEU recibieron reconocimiento UC por sus a\u00f1os de trayectoria acad\u00e9mica - Facultad de Arquitectura, Dise\u00f1o y Estudios Urbanos<\/title>\n<meta name=\"description\" content=\"La Universidad Cat\u00f3lica celebr\u00f3 formalmente el D\u00eda del Acad\u00e9mico el pasado viernes 28 de agosto, relevando la labor de profesores y profesoras de sus distintas facultades, quienes cumplieron 25, 30, 35, 40, 45 y 50 a\u00f1os trabajo ininterrumpido en sus respectivas unidades acad\u00e9micas.\" \/>\n<meta name=\"robots\" content=\"index, follow, max-snippet:-1, max-image-preview:large, max-video-preview:-1\" \/>\n<link rel=\"canonical\" href=\"https:\/\/fadeu.urantiacos.cl\/en\/2020\/09\/01\/profesores-fadeu-recibieron-reconocimiento-uc-por-sus-anos-de-trayectoria-academica\/\" \/>\n<meta property=\"og:locale\" content=\"en_US\" \/>\n<meta property=\"og:type\" content=\"article\" \/>\n<meta property=\"og:title\" content=\"Profesores FADEU recibieron reconocimiento UC por sus a\u00f1os de trayectoria acad\u00e9mica - Facultad de Arquitectura, Dise\u00f1o y Estudios Urbanos\" \/>\n<meta property=\"og:description\" content=\"La Universidad Cat\u00f3lica celebr\u00f3 formalmente el D\u00eda del Acad\u00e9mico el pasado viernes 28 de agosto, relevando la labor de profesores y profesoras de sus distintas facultades, quienes cumplieron 25, 30, 35, 40, 45 y 50 a\u00f1os trabajo ininterrumpido en sus respectivas unidades acad\u00e9micas.\" \/>\n<meta property=\"og:url\" content=\"https:\/\/fadeu.urantiacos.cl\/en\/2020\/09\/01\/profesores-fadeu-recibieron-reconocimiento-uc-por-sus-anos-de-trayectoria-academica\/\" \/>\n<meta property=\"og:site_name\" content=\"Facultad de Arquitectura, Dise\u00f1o y Estudios Urbanos\" \/>\n<meta property=\"article:published_time\" content=\"2020-09-01T20:55:00+00:00\" \/>\n<meta property=\"article:modified_time\" content=\"2023-09-10T20:56:53+00:00\" \/>\n<meta property=\"og:image\" content=\"https:\/\/fadeu.urantiacos.cl\/wp-content\/uploads\/2023\/09\/NOTICIA_DEL_DIA_DEL_ACADEMICO.png\" \/>\n\t<meta property=\"og:image:width\" content=\"350\" \/>\n\t<meta property=\"og:image:height\" content=\"250\" \/>\n\t<meta property=\"og:image:type\" content=\"image\/png\" \/>\n<meta name=\"author\" content=\"manadmin\" \/>\n<meta name=\"twitter:card\" content=\"summary_large_image\" \/>\n<meta name=\"twitter:label1\" content=\"Written by\" \/>\n\t<meta name=\"twitter:data1\" content=\"manadmin\" \/>\n\t<meta name=\"twitter:label2\" content=\"Est. reading time\" \/>\n\t<meta name=\"twitter:data2\" content=\"4 minutes\" \/>\n<script type=\"application\/ld+json\" class=\"yoast-schema-graph\">{\"@context\":\"https:\/\/schema.org\",\"@graph\":[{\"@type\":\"Article\",\"@id\":\"https:\/\/fadeu.urantiacos.cl\/en\/2020\/09\/01\/profesores-fadeu-recibieron-reconocimiento-uc-por-sus-anos-de-trayectoria-academica\/#article\",\"isPartOf\":{\"@id\":\"https:\/\/fadeu.urantiacos.cl\/en\/2020\/09\/01\/profesores-fadeu-recibieron-reconocimiento-uc-por-sus-anos-de-trayectoria-academica\/\"},\"author\":{\"name\":\"manadmin\",\"@id\":\"https:\/\/fadeu.urantiacos.cl\/en\/#\/schema\/person\/d203e2e84b1c40275eac77b3061a19a2\"},\"headline\":\"Profesores FADEU recibieron reconocimiento UC por sus a\u00f1os de trayectoria acad\u00e9mica\",\"datePublished\":\"2020-09-01T20:55:00+00:00\",\"dateModified\":\"2023-09-10T20:56:53+00:00\",\"mainEntityOfPage\":{\"@id\":\"https:\/\/fadeu.urantiacos.cl\/en\/2020\/09\/01\/profesores-fadeu-recibieron-reconocimiento-uc-por-sus-anos-de-trayectoria-academica\/\"},\"wordCount\":750,\"commentCount\":0,\"image\":{\"@id\":\"https:\/\/fadeu.urantiacos.cl\/en\/2020\/09\/01\/profesores-fadeu-recibieron-reconocimiento-uc-por-sus-anos-de-trayectoria-academica\/#primaryimage\"},\"thumbnailUrl\":\"https:\/\/fadeu.urantiacos.cl\/wp-content\/uploads\/2023\/09\/NOTICIA_DEL_DIA_DEL_ACADEMICO.png\",\"articleSection\":[\"Sin categorizar\"],\"inLanguage\":\"en-US\",\"potentialAction\":[{\"@type\":\"CommentAction\",\"name\":\"Comment\",\"target\":[\"https:\/\/fadeu.urantiacos.cl\/en\/2020\/09\/01\/profesores-fadeu-recibieron-reconocimiento-uc-por-sus-anos-de-trayectoria-academica\/#respond\"]}]},{\"@type\":\"WebPage\",\"@id\":\"https:\/\/fadeu.urantiacos.cl\/en\/2020\/09\/01\/profesores-fadeu-recibieron-reconocimiento-uc-por-sus-anos-de-trayectoria-academica\/\",\"url\":\"https:\/\/fadeu.urantiacos.cl\/en\/2020\/09\/01\/profesores-fadeu-recibieron-reconocimiento-uc-por-sus-anos-de-trayectoria-academica\/\",\"name\":\"Profesores FADEU recibieron reconocimiento UC por sus a\u00f1os de trayectoria acad\u00e9mica - Facultad de Arquitectura, Dise\u00f1o y Estudios Urbanos\",\"isPartOf\":{\"@id\":\"https:\/\/fadeu.urantiacos.cl\/en\/#website\"},\"primaryImageOfPage\":{\"@id\":\"https:\/\/fadeu.urantiacos.cl\/en\/2020\/09\/01\/profesores-fadeu-recibieron-reconocimiento-uc-por-sus-anos-de-trayectoria-academica\/#primaryimage\"},\"image\":{\"@id\":\"https:\/\/fadeu.urantiacos.cl\/en\/2020\/09\/01\/profesores-fadeu-recibieron-reconocimiento-uc-por-sus-anos-de-trayectoria-academica\/#primaryimage\"},\"thumbnailUrl\":\"https:\/\/fadeu.urantiacos.cl\/wp-content\/uploads\/2023\/09\/NOTICIA_DEL_DIA_DEL_ACADEMICO.png\",\"datePublished\":\"2020-09-01T20:55:00+00:00\",\"dateModified\":\"2023-09-10T20:56:53+00:00\",\"author\":{\"@id\":\"https:\/\/fadeu.urantiacos.cl\/en\/#\/schema\/person\/d203e2e84b1c40275eac77b3061a19a2\"},\"description\":\"La Universidad Cat\u00f3lica celebr\u00f3 formalmente el D\u00eda del Acad\u00e9mico el pasado viernes 28 de agosto, relevando la labor de profesores y profesoras de sus distintas facultades, quienes cumplieron 25, 30, 35, 40, 45 y 50 a\u00f1os trabajo ininterrumpido en sus respectivas unidades acad\u00e9micas.\",\"breadcrumb\":{\"@id\":\"https:\/\/fadeu.urantiacos.cl\/en\/2020\/09\/01\/profesores-fadeu-recibieron-reconocimiento-uc-por-sus-anos-de-trayectoria-academica\/#breadcrumb\"},\"inLanguage\":\"en-US\",\"potentialAction\":[{\"@type\":\"ReadAction\",\"target\":[\"https:\/\/fadeu.urantiacos.cl\/en\/2020\/09\/01\/profesores-fadeu-recibieron-reconocimiento-uc-por-sus-anos-de-trayectoria-academica\/\"]}]},{\"@type\":\"ImageObject\",\"inLanguage\":\"en-US\",\"@id\":\"https:\/\/fadeu.urantiacos.cl\/en\/2020\/09\/01\/profesores-fadeu-recibieron-reconocimiento-uc-por-sus-anos-de-trayectoria-academica\/#primaryimage\",\"url\":\"https:\/\/fadeu.urantiacos.cl\/wp-content\/uploads\/2023\/09\/NOTICIA_DEL_DIA_DEL_ACADEMICO.png\",\"contentUrl\":\"https:\/\/fadeu.urantiacos.cl\/wp-content\/uploads\/2023\/09\/NOTICIA_DEL_DIA_DEL_ACADEMICO.png\",\"width\":350,\"height\":250},{\"@type\":\"BreadcrumbList\",\"@id\":\"https:\/\/fadeu.urantiacos.cl\/en\/2020\/09\/01\/profesores-fadeu-recibieron-reconocimiento-uc-por-sus-anos-de-trayectoria-academica\/#breadcrumb\",\"itemListElement\":[{\"@type\":\"ListItem\",\"position\":1,\"name\":\"Portada\",\"item\":\"https:\/\/fadeu.urantiacos.cl\/en\/\"},{\"@type\":\"ListItem\",\"position\":2,\"name\":\"Profesores FADEU recibieron reconocimiento UC por sus a\u00f1os de trayectoria acad\u00e9mica\"}]},{\"@type\":\"WebSite\",\"@id\":\"https:\/\/fadeu.urantiacos.cl\/en\/#website\",\"url\":\"https:\/\/fadeu.urantiacos.cl\/en\/\",\"name\":\"Facultad de Arquitectura, Dise\u00f1o y Estudios Urbanos\",\"description\":\"Campus Lo Contador\",\"potentialAction\":[{\"@type\":\"SearchAction\",\"target\":{\"@type\":\"EntryPoint\",\"urlTemplate\":\"https:\/\/fadeu.urantiacos.cl\/en\/?s={search_term_string}\"},\"query-input\":{\"@type\":\"PropertyValueSpecification\",\"valueRequired\":true,\"valueName\":\"search_term_string\"}}],\"inLanguage\":\"en-US\"},{\"@type\":\"Person\",\"@id\":\"https:\/\/fadeu.urantiacos.cl\/en\/#\/schema\/person\/d203e2e84b1c40275eac77b3061a19a2\",\"name\":\"manadmin\",\"image\":{\"@type\":\"ImageObject\",\"inLanguage\":\"en-US\",\"@id\":\"https:\/\/fadeu.urantiacos.cl\/en\/#\/schema\/person\/image\/\",\"url\":\"https:\/\/secure.gravatar.com\/avatar\/4b1d8e3303b4a9d8968ac578947d8bc80d9aea359f388cdd4aac15cadc0e8447?s=96&d=mm&r=g\",\"contentUrl\":\"https:\/\/secure.gravatar.com\/avatar\/4b1d8e3303b4a9d8968ac578947d8bc80d9aea359f388cdd4aac15cadc0e8447?s=96&d=mm&r=g\",\"caption\":\"manadmin\"},\"sameAs\":[\"https:\/\/fadeu.urantiacos.cl\"]}]}<\/script>\n<!-- \/ Yoast SEO plugin. -->","yoast_head_json":{"title":"Profesores FADEU recibieron reconocimiento UC por sus a\u00f1os de trayectoria acad\u00e9mica - Facultad de Arquitectura, Dise\u00f1o y Estudios Urbanos","description":"La Universidad Cat\u00f3lica celebr\u00f3 formalmente el D\u00eda del Acad\u00e9mico el pasado viernes 28 de agosto, relevando la labor de profesores y profesoras de sus distintas facultades, quienes cumplieron 25, 30, 35, 40, 45 y 50 a\u00f1os trabajo ininterrumpido en sus respectivas unidades acad\u00e9micas.","robots":{"index":"index","follow":"follow","max-snippet":"max-snippet:-1","max-image-preview":"max-image-preview:large","max-video-preview":"max-video-preview:-1"},"canonical":"https:\/\/fadeu.urantiacos.cl\/en\/2020\/09\/01\/profesores-fadeu-recibieron-reconocimiento-uc-por-sus-anos-de-trayectoria-academica\/","og_locale":"en_US","og_type":"article","og_title":"Profesores FADEU recibieron reconocimiento UC por sus a\u00f1os de trayectoria acad\u00e9mica - Facultad de Arquitectura, Dise\u00f1o y Estudios Urbanos","og_description":"La Universidad Cat\u00f3lica celebr\u00f3 formalmente el D\u00eda del Acad\u00e9mico el pasado viernes 28 de agosto, relevando la labor de profesores y profesoras de sus distintas facultades, quienes cumplieron 25, 30, 35, 40, 45 y 50 a\u00f1os trabajo ininterrumpido en sus respectivas unidades acad\u00e9micas.","og_url":"https:\/\/fadeu.urantiacos.cl\/en\/2020\/09\/01\/profesores-fadeu-recibieron-reconocimiento-uc-por-sus-anos-de-trayectoria-academica\/","og_site_name":"Facultad de Arquitectura, Dise\u00f1o y Estudios Urbanos","article_published_time":"2020-09-01T20:55:00+00:00","article_modified_time":"2023-09-10T20:56:53+00:00","og_image":[{"width":350,"height":250,"url":"https:\/\/fadeu.urantiacos.cl\/wp-content\/uploads\/2023\/09\/NOTICIA_DEL_DIA_DEL_ACADEMICO.png","type":"image\/png"}],"author":"manadmin","twitter_card":"summary_large_image","twitter_misc":{"Written by":"manadmin","Est. reading time":"4 minutes"},"schema":{"@context":"https:\/\/schema.org","@graph":[{"@type":"Article","@id":"https:\/\/fadeu.urantiacos.cl\/en\/2020\/09\/01\/profesores-fadeu-recibieron-reconocimiento-uc-por-sus-anos-de-trayectoria-academica\/#article","isPartOf":{"@id":"https:\/\/fadeu.urantiacos.cl\/en\/2020\/09\/01\/profesores-fadeu-recibieron-reconocimiento-uc-por-sus-anos-de-trayectoria-academica\/"},"author":{"name":"manadmin","@id":"https:\/\/fadeu.urantiacos.cl\/en\/#\/schema\/person\/d203e2e84b1c40275eac77b3061a19a2"},"headline":"Profesores FADEU recibieron reconocimiento UC por sus a\u00f1os de trayectoria acad\u00e9mica","datePublished":"2020-09-01T20:55:00+00:00","dateModified":"2023-09-10T20:56:53+00:00","mainEntityOfPage":{"@id":"https:\/\/fadeu.urantiacos.cl\/en\/2020\/09\/01\/profesores-fadeu-recibieron-reconocimiento-uc-por-sus-anos-de-trayectoria-academica\/"},"wordCount":750,"commentCount":0,"image":{"@id":"https:\/\/fadeu.urantiacos.cl\/en\/2020\/09\/01\/profesores-fadeu-recibieron-reconocimiento-uc-por-sus-anos-de-trayectoria-academica\/#primaryimage"},"thumbnailUrl":"https:\/\/fadeu.urantiacos.cl\/wp-content\/uploads\/2023\/09\/NOTICIA_DEL_DIA_DEL_ACADEMICO.png","articleSection":["Sin categorizar"],"inLanguage":"en-US","potentialAction":[{"@type":"CommentAction","name":"Comment","target":["https:\/\/fadeu.urantiacos.cl\/en\/2020\/09\/01\/profesores-fadeu-recibieron-reconocimiento-uc-por-sus-anos-de-trayectoria-academica\/#respond"]}]},{"@type":"WebPage","@id":"https:\/\/fadeu.urantiacos.cl\/en\/2020\/09\/01\/profesores-fadeu-recibieron-reconocimiento-uc-por-sus-anos-de-trayectoria-academica\/","url":"https:\/\/fadeu.urantiacos.cl\/en\/2020\/09\/01\/profesores-fadeu-recibieron-reconocimiento-uc-por-sus-anos-de-trayectoria-academica\/","name":"Profesores FADEU recibieron reconocimiento UC por sus a\u00f1os de trayectoria acad\u00e9mica - Facultad de Arquitectura, Dise\u00f1o y Estudios Urbanos","isPartOf":{"@id":"https:\/\/fadeu.urantiacos.cl\/en\/#website"},"primaryImageOfPage":{"@id":"https:\/\/fadeu.urantiacos.cl\/en\/2020\/09\/01\/profesores-fadeu-recibieron-reconocimiento-uc-por-sus-anos-de-trayectoria-academica\/#primaryimage"},"image":{"@id":"https:\/\/fadeu.urantiacos.cl\/en\/2020\/09\/01\/profesores-fadeu-recibieron-reconocimiento-uc-por-sus-anos-de-trayectoria-academica\/#primaryimage"},"thumbnailUrl":"https:\/\/fadeu.urantiacos.cl\/wp-content\/uploads\/2023\/09\/NOTICIA_DEL_DIA_DEL_ACADEMICO.png","datePublished":"2020-09-01T20:55:00+00:00","dateModified":"2023-09-10T20:56:53+00:00","author":{"@id":"https:\/\/fadeu.urantiacos.cl\/en\/#\/schema\/person\/d203e2e84b1c40275eac77b3061a19a2"},"description":"La Universidad Cat\u00f3lica celebr\u00f3 formalmente el D\u00eda del Acad\u00e9mico el pasado viernes 28 de agosto, relevando la labor de profesores y profesoras de sus distintas facultades, quienes cumplieron 25, 30, 35, 40, 45 y 50 a\u00f1os trabajo ininterrumpido en sus respectivas unidades acad\u00e9micas.","breadcrumb":{"@id":"https:\/\/fadeu.urantiacos.cl\/en\/2020\/09\/01\/profesores-fadeu-recibieron-reconocimiento-uc-por-sus-anos-de-trayectoria-academica\/#breadcrumb"},"inLanguage":"en-US","potentialAction":[{"@type":"ReadAction","target":["https:\/\/fadeu.urantiacos.cl\/en\/2020\/09\/01\/profesores-fadeu-recibieron-reconocimiento-uc-por-sus-anos-de-trayectoria-academica\/"]}]},{"@type":"ImageObject","inLanguage":"en-US","@id":"https:\/\/fadeu.urantiacos.cl\/en\/2020\/09\/01\/profesores-fadeu-recibieron-reconocimiento-uc-por-sus-anos-de-trayectoria-academica\/#primaryimage","url":"https:\/\/fadeu.urantiacos.cl\/wp-content\/uploads\/2023\/09\/NOTICIA_DEL_DIA_DEL_ACADEMICO.png","contentUrl":"https:\/\/fadeu.urantiacos.cl\/wp-content\/uploads\/2023\/09\/NOTICIA_DEL_DIA_DEL_ACADEMICO.png","width":350,"height":250},{"@type":"BreadcrumbList","@id":"https:\/\/fadeu.urantiacos.cl\/en\/2020\/09\/01\/profesores-fadeu-recibieron-reconocimiento-uc-por-sus-anos-de-trayectoria-academica\/#breadcrumb","itemListElement":[{"@type":"ListItem","position":1,"name":"Portada","item":"https:\/\/fadeu.urantiacos.cl\/en\/"},{"@type":"ListItem","position":2,"name":"Profesores FADEU recibieron reconocimiento UC por sus a\u00f1os de trayectoria acad\u00e9mica"}]},{"@type":"WebSite","@id":"https:\/\/fadeu.urantiacos.cl\/en\/#website","url":"https:\/\/fadeu.urantiacos.cl\/en\/","name":"Facultad de Arquitectura, Dise\u00f1o y Estudios Urbanos","description":"Campus Lo Contador","potentialAction":[{"@type":"SearchAction","target":{"@type":"EntryPoint","urlTemplate":"https:\/\/fadeu.urantiacos.cl\/en\/?s={search_term_string}"},"query-input":{"@type":"PropertyValueSpecification","valueRequired":true,"valueName":"search_term_string"}}],"inLanguage":"en-US"},{"@type":"Person","@id":"https:\/\/fadeu.urantiacos.cl\/en\/#\/schema\/person\/d203e2e84b1c40275eac77b3061a19a2","name":"manadmin","image":{"@type":"ImageObject","inLanguage":"en-US","@id":"https:\/\/fadeu.urantiacos.cl\/en\/#\/schema\/person\/image\/","url":"https:\/\/secure.gravatar.com\/avatar\/4b1d8e3303b4a9d8968ac578947d8bc80d9aea359f388cdd4aac15cadc0e8447?s=96&d=mm&r=g","contentUrl":"https:\/\/secure.gravatar.com\/avatar\/4b1d8e3303b4a9d8968ac578947d8bc80d9aea359f388cdd4aac15cadc0e8447?s=96&d=mm&r=g","caption":"manadmin"},"sameAs":["https:\/\/fadeu.urantiacos.cl"]}]}},"_links":{"self":[{"href":"https:\/\/fadeu.urantiacos.cl\/en\/wp-json\/wp\/v2\/posts\/8343","targetHints":{"allow":["GET"]}}],"collection":[{"href":"https:\/\/fadeu.urantiacos.cl\/en\/wp-json\/wp\/v2\/posts"}],"about":[{"href":"https:\/\/fadeu.urantiacos.cl\/en\/wp-json\/wp\/v2\/types\/post"}],"author":[{"embeddable":true,"href":"https:\/\/fadeu.urantiacos.cl\/en\/wp-json\/wp\/v2\/users\/1"}],"replies":[{"embeddable":true,"href":"https:\/\/fadeu.urantiacos.cl\/en\/wp-json\/wp\/v2\/comments?post=8343"}],"version-history":[{"count":1,"href":"https:\/\/fadeu.urantiacos.cl\/en\/wp-json\/wp\/v2\/posts\/8343\/revisions"}],"predecessor-version":[{"id":8345,"href":"https:\/\/fadeu.urantiacos.cl\/en\/wp-json\/wp\/v2\/posts\/8343\/revisions\/8345"}],"wp:featuredmedia":[{"embeddable":true,"href":"https:\/\/fadeu.urantiacos.cl\/en\/wp-json\/wp\/v2\/media\/8344"}],"wp:attachment":[{"href":"https:\/\/fadeu.urantiacos.cl\/en\/wp-json\/wp\/v2\/media?parent=8343"}],"wp:term":[{"taxonomy":"category","embeddable":true,"href":"https:\/\/fadeu.urantiacos.cl\/en\/wp-json\/wp\/v2\/categories?post=8343"},{"taxonomy":"post_tag","embeddable":true,"href":"https:\/\/fadeu.urantiacos.cl\/en\/wp-json\/wp\/v2\/tags?post=8343"}],"curies":[{"name":"wp","href":"https:\/\/api.w.org\/{rel}","templated":true}]}}