{"id":8337,"date":"2020-09-08T17:51:00","date_gmt":"2020-09-08T20:51:00","guid":{"rendered":"https:\/\/fadeu.urantiacos.cl\/?p=8337"},"modified":"2023-10-23T08:40:08","modified_gmt":"2023-10-23T11:40:08","slug":"columna-de-opinion-movilidad-compartir-en-la-ciudad","status":"publish","type":"post","link":"https:\/\/fadeu.urantiacos.cl\/en\/2020\/09\/08\/columna-de-opinion-movilidad-compartir-en-la-ciudad\/","title":{"rendered":"Columna de opini\u00f3n: Movilidad, compartir en la ciudad"},"content":{"rendered":"\n<figure class=\"wp-block-image size-full\"><img decoding=\"async\" width=\"350\" height=\"250\" src=\"https:\/\/fadeu.urantiacos.cl\/wp-content\/uploads\/2023\/09\/Foto_Movilidad_compartir_en_la_ciudad_web.jpg\" alt=\"\" class=\"wp-image-8338\" srcset=\"https:\/\/fadeu.urantiacos.cl\/wp-content\/uploads\/2023\/09\/Foto_Movilidad_compartir_en_la_ciudad_web.jpg 350w, https:\/\/fadeu.urantiacos.cl\/wp-content\/uploads\/2023\/09\/Foto_Movilidad_compartir_en_la_ciudad_web-300x214.jpg 300w\" sizes=\"(max-width: 350px) 100vw, 350px\" \/><\/figure>\n\n\n\n<h6 class=\"wp-block-heading\">+ Lee la columna completa aqu\u00ed.<\/h6>\n\n\n\n<h4 class=\"wp-block-heading\">En la ciudad gran parte de nuestros desplazamientos busca la efectividad. Es decir, llegar de un punto a otro en el menor tiempo posible, tolerando incluso malas condiciones de infraestructura y de confort durante el viaje.<\/h4>\n\n\n\n<p>Cumplir con el prop\u00f3sito, \u201cllegar a la hora\u201d, parece ser a veces el \u00fanico atributo importante en la movilidad y algunos ans\u00edan volver a la \u201cnormalidad\u201d de sus desplazamientos. Sin embargo,&nbsp;para muchas personas moverse por la ciudad est\u00e1 al borde de lo inhumano, y por lo mismo el alza del transporte p\u00fablico en el Metro de Santiago fue la mecha que encendi\u00f3 una crisis social en la cual estamos inmersos.&nbsp;<\/p>\n\n\n\n<p>\u201cNo son 30 pesos son 30 a\u00f1os\u201d es una consigna que nos invita a&nbsp;cuestionarnos cu\u00e1l es el tipo de sociedad y ciudad que estamos construyendo y, por cierto, la movilidad es un aspecto fundamental que se ha visto muy desafiada en tiempos de pandemia. En este sentido me gustar\u00eda compartir algunas ideas respecto a qu\u00e9 condiciones o atributos del uso del espacio y el bienestar emergen desde el compartir en sociedad en lugares urbanizados, incluyendo las restricciones al desplazamiento. Estos atributos que, por supuesto no son lo \u00fanicos,&nbsp; a mi juicio son los m\u00ednimos valorables durante las crisis sanitaria y social que nos afectan y deben empujarnos a pensar en cu\u00e1les son las caracter\u00edsticas y atributos para reorganizar nuestras ciudades hacia una movilidad m\u00e1s digna, m\u00e1s sustentable y m\u00e1s humana.&nbsp;<\/p>\n\n\n\n<p><strong>El espacio<\/strong><\/p>\n\n\n\n<p>De acuerdo a la pir\u00e1mide de la movilidad, los modos m\u00e1s sustentables son la caminata y la bicicleta, seguidos del transporte p\u00fablico, pero parad\u00f3jicamente son los modos con menos espacio en la ciudad, a ratos, incluso, pareciera que estorban. Proyectos para ensanchar veredas, hacer ciclov\u00edas o corredores de transporte p\u00fablico se transforman en actos de rebeld\u00eda y son acusados de \u201cposiciones ideologizadas\u201d en el debate de las pol\u00edticas p\u00fablicas de planificaci\u00f3n urbana, cuando es evidente que esta infraestructura planificada puede mejorar la habitabilidad de movimientos de las personas que requieren m\u00e1s espacio para cumplir con el distanciamiento.<\/p>\n\n\n\n<p>Ahora que, para algunos, el encierro es parte de nuestra rutina, valoramos m\u00e1s el espacio para nuestra movilidad&nbsp;al trabajo, estudios, compras, ocio, y tambi\u00e9n el cuidado de nuestros familiares en tiempos dif\u00edciles. Ese espacio, metros de cautela y seguridad,&nbsp; nos permitir\u00e1, a medida que vamos retornando a nuestras actividades, a caminar seguros, subirnos a la bicicleta (que aument\u00f3 sus ventas) y usar, por qu\u00e9 no, un transporte p\u00fablico sin hacinamiento e higienizado. En definitiva estos modos no pueden ser alternativos, sino centrales en los planes e intervenciones de transporte, por tanto los que debemos priorizar como sociedad para adaptarnos a esta y futuras crisis.<\/p>\n\n\n\n<p><strong>El bienestar<\/strong><\/p>\n\n\n\n<p>El confinamiento, aislamiento, el peligro de contagio, el teletrabajo, entre otros fen\u00f3menos, han generado presiones enormes en nuestro equilibrio psicol\u00f3gico. Una de las formas que te ofrece la ciudad para sobrellevar el estr\u00e9s es el arbolado en calles y el acceso a las \u00e1reas verdes como parques urbanos, reconocidos por sus servicios de recreaci\u00f3n&nbsp; y reducci\u00f3n del estr\u00e9s, por medio de beneficios f\u00edsicos, sociales y psicol\u00f3gicos.&nbsp;Lamentablemente, no todas las personas pueden disfrutar de una calle arbolada y de llegar caminando a compartir y convivir con un espacio abierto, verde y de calidad en 10 minutos. Persisten las brechas en dotaci\u00f3n, infraestructura y acceso a subsanar en nuestras ciudades y que agravan la salud en grupos m\u00e1s vulnerables en sus desplazamientos como ni\u00f1os, personas mayores y de movilidad reducida.<\/p>\n\n\n\n<p>Sin duda durante la pandemia se han evidenciado a\u00fan m\u00e1s las desigualdades estructurales en nuestras ciudades y que a\u00fan no tenemos la infraesctructura de transporte suficiente para superar las brechas, no hay duda que los problemas son m\u00faltiples y los desaf\u00edos enormes. Solo pongo sobre la mesa algunas ideas que dan luces y motivan la voluntad a proponer soluciones para compartir el espacio y mejorar el bienestar en los lugares cotidianos donde buscaremos un respiro, una contemplaci\u00f3n y en donde porsupuesto seguiremos haciendo nuestras actividades diarias, seguramente con ajustes de horario que eviten las aglomeraciones, permitiendo movemos como personas conscientes del autocuidado.&nbsp;Es importante entender y en especial durante esta pandemia que el espacio p\u00fablico no puede ser propiedad imperativa de los autos por priorizar desplazamientos aparentemente m\u00e1s r\u00e1pidos. Cederles el espacio sin oposici\u00f3n alguna ha normalizado que ni\u00f1as y ni\u00f1os ya no puedan jugar en las calles y ha normalizado la p\u00e9rdida de \u00e1rboles por estacionamientos y que acceder a espacios verdes de calidad para un momento de pausa, solo sea posible desplaz\u00e1ndose largas distancias por la virtud de algunas comunas.&nbsp; \u00bfSer\u00e1 que a partir de la pandemia llegue el momento definitivo de volver a compartir en las calles y en espacios abiertos?<\/p>\n\n\n\n<p>Columna de opini\u00f3n por Carolina Rojas, profesora del Instituto de Estudios Urbanos y Territoriales de la Pontificia Universidad Cat\u00f3lica de Chile e investigadora CEDEUS<\/p>\n","protected":false},"excerpt":{"rendered":"<p>Sustentable.uc.cl destaca la columna de opini\u00f3n de la acad\u00e9mica del Instituto de Estudios Urbanos, Carolina Rojas &#8220;Movilidad, compartir en la ciudad&#8221;.<\/p>\n","protected":false},"author":1,"featured_media":8338,"comment_status":"open","ping_status":"open","sticky":false,"template":"","format":"standard","meta":{"_acf_changed":false,"footnotes":""},"categories":[1],"tags":[],"class_list":["post-8337","post","type-post","status-publish","format-standard","has-post-thumbnail","hentry","category-sin-categorizar"],"acf":[],"yoast_head":"<!-- This site is optimized with the Yoast SEO plugin v27.1.1 - https:\/\/yoast.com\/product\/yoast-seo-wordpress\/ -->\n<title>Columna de opini\u00f3n: Movilidad, compartir en la ciudad - Facultad de Arquitectura, Dise\u00f1o y Estudios Urbanos<\/title>\n<meta name=\"description\" content=\"Sustentable.uc.cl destaca la columna de opini\u00f3n de la acad\u00e9mica del Instituto de Estudios Urbanos, Carolina Rojas &quot;Movilidad, compartir en la ciudad&quot;.\" \/>\n<meta name=\"robots\" content=\"index, follow, max-snippet:-1, max-image-preview:large, max-video-preview:-1\" \/>\n<link rel=\"canonical\" href=\"https:\/\/fadeu.urantiacos.cl\/en\/2020\/09\/08\/columna-de-opinion-movilidad-compartir-en-la-ciudad\/\" \/>\n<meta property=\"og:locale\" content=\"en_US\" \/>\n<meta property=\"og:type\" content=\"article\" \/>\n<meta property=\"og:title\" content=\"Columna de opini\u00f3n: Movilidad, compartir en la ciudad - Facultad de Arquitectura, Dise\u00f1o y Estudios Urbanos\" \/>\n<meta property=\"og:description\" content=\"Sustentable.uc.cl destaca la columna de opini\u00f3n de la acad\u00e9mica del Instituto de Estudios Urbanos, Carolina Rojas &quot;Movilidad, compartir en la ciudad&quot;.\" \/>\n<meta property=\"og:url\" content=\"https:\/\/fadeu.urantiacos.cl\/en\/2020\/09\/08\/columna-de-opinion-movilidad-compartir-en-la-ciudad\/\" \/>\n<meta property=\"og:site_name\" content=\"Facultad de Arquitectura, Dise\u00f1o y Estudios Urbanos\" \/>\n<meta property=\"article:published_time\" content=\"2020-09-08T20:51:00+00:00\" \/>\n<meta property=\"article:modified_time\" content=\"2023-10-23T11:40:08+00:00\" \/>\n<meta property=\"og:image\" content=\"https:\/\/fadeu.urantiacos.cl\/wp-content\/uploads\/2023\/09\/Foto_Movilidad_compartir_en_la_ciudad_web.jpg\" \/>\n\t<meta property=\"og:image:width\" content=\"350\" \/>\n\t<meta property=\"og:image:height\" content=\"250\" \/>\n\t<meta property=\"og:image:type\" content=\"image\/jpeg\" \/>\n<meta name=\"author\" content=\"manadmin\" \/>\n<meta name=\"twitter:card\" content=\"summary_large_image\" \/>\n<meta name=\"twitter:label1\" content=\"Written by\" \/>\n\t<meta name=\"twitter:data1\" content=\"manadmin\" \/>\n\t<meta name=\"twitter:label2\" content=\"Est. reading time\" \/>\n\t<meta name=\"twitter:data2\" content=\"5 minutes\" \/>\n<script type=\"application\/ld+json\" class=\"yoast-schema-graph\">{\"@context\":\"https:\/\/schema.org\",\"@graph\":[{\"@type\":\"Article\",\"@id\":\"https:\/\/fadeu.urantiacos.cl\/en\/2020\/09\/08\/columna-de-opinion-movilidad-compartir-en-la-ciudad\/#article\",\"isPartOf\":{\"@id\":\"https:\/\/fadeu.urantiacos.cl\/en\/2020\/09\/08\/columna-de-opinion-movilidad-compartir-en-la-ciudad\/\"},\"author\":{\"name\":\"manadmin\",\"@id\":\"https:\/\/fadeu.urantiacos.cl\/en\/#\/schema\/person\/d203e2e84b1c40275eac77b3061a19a2\"},\"headline\":\"Columna de opini\u00f3n: Movilidad, compartir en la ciudad\",\"datePublished\":\"2020-09-08T20:51:00+00:00\",\"dateModified\":\"2023-10-23T11:40:08+00:00\",\"mainEntityOfPage\":{\"@id\":\"https:\/\/fadeu.urantiacos.cl\/en\/2020\/09\/08\/columna-de-opinion-movilidad-compartir-en-la-ciudad\/\"},\"wordCount\":877,\"commentCount\":0,\"image\":{\"@id\":\"https:\/\/fadeu.urantiacos.cl\/en\/2020\/09\/08\/columna-de-opinion-movilidad-compartir-en-la-ciudad\/#primaryimage\"},\"thumbnailUrl\":\"https:\/\/fadeu.urantiacos.cl\/wp-content\/uploads\/2023\/09\/Foto_Movilidad_compartir_en_la_ciudad_web.jpg\",\"articleSection\":[\"Sin categorizar\"],\"inLanguage\":\"en-US\",\"potentialAction\":[{\"@type\":\"CommentAction\",\"name\":\"Comment\",\"target\":[\"https:\/\/fadeu.urantiacos.cl\/en\/2020\/09\/08\/columna-de-opinion-movilidad-compartir-en-la-ciudad\/#respond\"]}]},{\"@type\":\"WebPage\",\"@id\":\"https:\/\/fadeu.urantiacos.cl\/en\/2020\/09\/08\/columna-de-opinion-movilidad-compartir-en-la-ciudad\/\",\"url\":\"https:\/\/fadeu.urantiacos.cl\/en\/2020\/09\/08\/columna-de-opinion-movilidad-compartir-en-la-ciudad\/\",\"name\":\"Columna de opini\u00f3n: Movilidad, compartir en la ciudad - Facultad de Arquitectura, Dise\u00f1o y Estudios Urbanos\",\"isPartOf\":{\"@id\":\"https:\/\/fadeu.urantiacos.cl\/en\/#website\"},\"primaryImageOfPage\":{\"@id\":\"https:\/\/fadeu.urantiacos.cl\/en\/2020\/09\/08\/columna-de-opinion-movilidad-compartir-en-la-ciudad\/#primaryimage\"},\"image\":{\"@id\":\"https:\/\/fadeu.urantiacos.cl\/en\/2020\/09\/08\/columna-de-opinion-movilidad-compartir-en-la-ciudad\/#primaryimage\"},\"thumbnailUrl\":\"https:\/\/fadeu.urantiacos.cl\/wp-content\/uploads\/2023\/09\/Foto_Movilidad_compartir_en_la_ciudad_web.jpg\",\"datePublished\":\"2020-09-08T20:51:00+00:00\",\"dateModified\":\"2023-10-23T11:40:08+00:00\",\"author\":{\"@id\":\"https:\/\/fadeu.urantiacos.cl\/en\/#\/schema\/person\/d203e2e84b1c40275eac77b3061a19a2\"},\"description\":\"Sustentable.uc.cl destaca la columna de opini\u00f3n de la acad\u00e9mica del Instituto de Estudios Urbanos, Carolina Rojas \\\"Movilidad, compartir en la ciudad\\\".\",\"breadcrumb\":{\"@id\":\"https:\/\/fadeu.urantiacos.cl\/en\/2020\/09\/08\/columna-de-opinion-movilidad-compartir-en-la-ciudad\/#breadcrumb\"},\"inLanguage\":\"en-US\",\"potentialAction\":[{\"@type\":\"ReadAction\",\"target\":[\"https:\/\/fadeu.urantiacos.cl\/en\/2020\/09\/08\/columna-de-opinion-movilidad-compartir-en-la-ciudad\/\"]}]},{\"@type\":\"ImageObject\",\"inLanguage\":\"en-US\",\"@id\":\"https:\/\/fadeu.urantiacos.cl\/en\/2020\/09\/08\/columna-de-opinion-movilidad-compartir-en-la-ciudad\/#primaryimage\",\"url\":\"https:\/\/fadeu.urantiacos.cl\/wp-content\/uploads\/2023\/09\/Foto_Movilidad_compartir_en_la_ciudad_web.jpg\",\"contentUrl\":\"https:\/\/fadeu.urantiacos.cl\/wp-content\/uploads\/2023\/09\/Foto_Movilidad_compartir_en_la_ciudad_web.jpg\",\"width\":350,\"height\":250},{\"@type\":\"BreadcrumbList\",\"@id\":\"https:\/\/fadeu.urantiacos.cl\/en\/2020\/09\/08\/columna-de-opinion-movilidad-compartir-en-la-ciudad\/#breadcrumb\",\"itemListElement\":[{\"@type\":\"ListItem\",\"position\":1,\"name\":\"Portada\",\"item\":\"https:\/\/fadeu.urantiacos.cl\/en\/\"},{\"@type\":\"ListItem\",\"position\":2,\"name\":\"Columna de opini\u00f3n: Movilidad, compartir en la ciudad\"}]},{\"@type\":\"WebSite\",\"@id\":\"https:\/\/fadeu.urantiacos.cl\/en\/#website\",\"url\":\"https:\/\/fadeu.urantiacos.cl\/en\/\",\"name\":\"Facultad de Arquitectura, Dise\u00f1o y Estudios Urbanos\",\"description\":\"Campus Lo Contador\",\"potentialAction\":[{\"@type\":\"SearchAction\",\"target\":{\"@type\":\"EntryPoint\",\"urlTemplate\":\"https:\/\/fadeu.urantiacos.cl\/en\/?s={search_term_string}\"},\"query-input\":{\"@type\":\"PropertyValueSpecification\",\"valueRequired\":true,\"valueName\":\"search_term_string\"}}],\"inLanguage\":\"en-US\"},{\"@type\":\"Person\",\"@id\":\"https:\/\/fadeu.urantiacos.cl\/en\/#\/schema\/person\/d203e2e84b1c40275eac77b3061a19a2\",\"name\":\"manadmin\",\"image\":{\"@type\":\"ImageObject\",\"inLanguage\":\"en-US\",\"@id\":\"https:\/\/fadeu.urantiacos.cl\/en\/#\/schema\/person\/image\/\",\"url\":\"https:\/\/secure.gravatar.com\/avatar\/4b1d8e3303b4a9d8968ac578947d8bc80d9aea359f388cdd4aac15cadc0e8447?s=96&d=mm&r=g\",\"contentUrl\":\"https:\/\/secure.gravatar.com\/avatar\/4b1d8e3303b4a9d8968ac578947d8bc80d9aea359f388cdd4aac15cadc0e8447?s=96&d=mm&r=g\",\"caption\":\"manadmin\"},\"sameAs\":[\"https:\/\/fadeu.urantiacos.cl\"]}]}<\/script>\n<!-- \/ Yoast SEO plugin. -->","yoast_head_json":{"title":"Columna de opini\u00f3n: Movilidad, compartir en la ciudad - Facultad de Arquitectura, Dise\u00f1o y Estudios Urbanos","description":"Sustentable.uc.cl destaca la columna de opini\u00f3n de la acad\u00e9mica del Instituto de Estudios Urbanos, Carolina Rojas \"Movilidad, compartir en la ciudad\".","robots":{"index":"index","follow":"follow","max-snippet":"max-snippet:-1","max-image-preview":"max-image-preview:large","max-video-preview":"max-video-preview:-1"},"canonical":"https:\/\/fadeu.urantiacos.cl\/en\/2020\/09\/08\/columna-de-opinion-movilidad-compartir-en-la-ciudad\/","og_locale":"en_US","og_type":"article","og_title":"Columna de opini\u00f3n: Movilidad, compartir en la ciudad - Facultad de Arquitectura, Dise\u00f1o y Estudios Urbanos","og_description":"Sustentable.uc.cl destaca la columna de opini\u00f3n de la acad\u00e9mica del Instituto de Estudios Urbanos, Carolina Rojas \"Movilidad, compartir en la ciudad\".","og_url":"https:\/\/fadeu.urantiacos.cl\/en\/2020\/09\/08\/columna-de-opinion-movilidad-compartir-en-la-ciudad\/","og_site_name":"Facultad de Arquitectura, Dise\u00f1o y Estudios Urbanos","article_published_time":"2020-09-08T20:51:00+00:00","article_modified_time":"2023-10-23T11:40:08+00:00","og_image":[{"width":350,"height":250,"url":"https:\/\/fadeu.urantiacos.cl\/wp-content\/uploads\/2023\/09\/Foto_Movilidad_compartir_en_la_ciudad_web.jpg","type":"image\/jpeg"}],"author":"manadmin","twitter_card":"summary_large_image","twitter_misc":{"Written by":"manadmin","Est. reading time":"5 minutes"},"schema":{"@context":"https:\/\/schema.org","@graph":[{"@type":"Article","@id":"https:\/\/fadeu.urantiacos.cl\/en\/2020\/09\/08\/columna-de-opinion-movilidad-compartir-en-la-ciudad\/#article","isPartOf":{"@id":"https:\/\/fadeu.urantiacos.cl\/en\/2020\/09\/08\/columna-de-opinion-movilidad-compartir-en-la-ciudad\/"},"author":{"name":"manadmin","@id":"https:\/\/fadeu.urantiacos.cl\/en\/#\/schema\/person\/d203e2e84b1c40275eac77b3061a19a2"},"headline":"Columna de opini\u00f3n: Movilidad, compartir en la ciudad","datePublished":"2020-09-08T20:51:00+00:00","dateModified":"2023-10-23T11:40:08+00:00","mainEntityOfPage":{"@id":"https:\/\/fadeu.urantiacos.cl\/en\/2020\/09\/08\/columna-de-opinion-movilidad-compartir-en-la-ciudad\/"},"wordCount":877,"commentCount":0,"image":{"@id":"https:\/\/fadeu.urantiacos.cl\/en\/2020\/09\/08\/columna-de-opinion-movilidad-compartir-en-la-ciudad\/#primaryimage"},"thumbnailUrl":"https:\/\/fadeu.urantiacos.cl\/wp-content\/uploads\/2023\/09\/Foto_Movilidad_compartir_en_la_ciudad_web.jpg","articleSection":["Sin categorizar"],"inLanguage":"en-US","potentialAction":[{"@type":"CommentAction","name":"Comment","target":["https:\/\/fadeu.urantiacos.cl\/en\/2020\/09\/08\/columna-de-opinion-movilidad-compartir-en-la-ciudad\/#respond"]}]},{"@type":"WebPage","@id":"https:\/\/fadeu.urantiacos.cl\/en\/2020\/09\/08\/columna-de-opinion-movilidad-compartir-en-la-ciudad\/","url":"https:\/\/fadeu.urantiacos.cl\/en\/2020\/09\/08\/columna-de-opinion-movilidad-compartir-en-la-ciudad\/","name":"Columna de opini\u00f3n: Movilidad, compartir en la ciudad - Facultad de Arquitectura, Dise\u00f1o y Estudios Urbanos","isPartOf":{"@id":"https:\/\/fadeu.urantiacos.cl\/en\/#website"},"primaryImageOfPage":{"@id":"https:\/\/fadeu.urantiacos.cl\/en\/2020\/09\/08\/columna-de-opinion-movilidad-compartir-en-la-ciudad\/#primaryimage"},"image":{"@id":"https:\/\/fadeu.urantiacos.cl\/en\/2020\/09\/08\/columna-de-opinion-movilidad-compartir-en-la-ciudad\/#primaryimage"},"thumbnailUrl":"https:\/\/fadeu.urantiacos.cl\/wp-content\/uploads\/2023\/09\/Foto_Movilidad_compartir_en_la_ciudad_web.jpg","datePublished":"2020-09-08T20:51:00+00:00","dateModified":"2023-10-23T11:40:08+00:00","author":{"@id":"https:\/\/fadeu.urantiacos.cl\/en\/#\/schema\/person\/d203e2e84b1c40275eac77b3061a19a2"},"description":"Sustentable.uc.cl destaca la columna de opini\u00f3n de la acad\u00e9mica del Instituto de Estudios Urbanos, Carolina Rojas \"Movilidad, compartir en la ciudad\".","breadcrumb":{"@id":"https:\/\/fadeu.urantiacos.cl\/en\/2020\/09\/08\/columna-de-opinion-movilidad-compartir-en-la-ciudad\/#breadcrumb"},"inLanguage":"en-US","potentialAction":[{"@type":"ReadAction","target":["https:\/\/fadeu.urantiacos.cl\/en\/2020\/09\/08\/columna-de-opinion-movilidad-compartir-en-la-ciudad\/"]}]},{"@type":"ImageObject","inLanguage":"en-US","@id":"https:\/\/fadeu.urantiacos.cl\/en\/2020\/09\/08\/columna-de-opinion-movilidad-compartir-en-la-ciudad\/#primaryimage","url":"https:\/\/fadeu.urantiacos.cl\/wp-content\/uploads\/2023\/09\/Foto_Movilidad_compartir_en_la_ciudad_web.jpg","contentUrl":"https:\/\/fadeu.urantiacos.cl\/wp-content\/uploads\/2023\/09\/Foto_Movilidad_compartir_en_la_ciudad_web.jpg","width":350,"height":250},{"@type":"BreadcrumbList","@id":"https:\/\/fadeu.urantiacos.cl\/en\/2020\/09\/08\/columna-de-opinion-movilidad-compartir-en-la-ciudad\/#breadcrumb","itemListElement":[{"@type":"ListItem","position":1,"name":"Portada","item":"https:\/\/fadeu.urantiacos.cl\/en\/"},{"@type":"ListItem","position":2,"name":"Columna de opini\u00f3n: Movilidad, compartir en la ciudad"}]},{"@type":"WebSite","@id":"https:\/\/fadeu.urantiacos.cl\/en\/#website","url":"https:\/\/fadeu.urantiacos.cl\/en\/","name":"Facultad de Arquitectura, Dise\u00f1o y Estudios Urbanos","description":"Campus Lo Contador","potentialAction":[{"@type":"SearchAction","target":{"@type":"EntryPoint","urlTemplate":"https:\/\/fadeu.urantiacos.cl\/en\/?s={search_term_string}"},"query-input":{"@type":"PropertyValueSpecification","valueRequired":true,"valueName":"search_term_string"}}],"inLanguage":"en-US"},{"@type":"Person","@id":"https:\/\/fadeu.urantiacos.cl\/en\/#\/schema\/person\/d203e2e84b1c40275eac77b3061a19a2","name":"manadmin","image":{"@type":"ImageObject","inLanguage":"en-US","@id":"https:\/\/fadeu.urantiacos.cl\/en\/#\/schema\/person\/image\/","url":"https:\/\/secure.gravatar.com\/avatar\/4b1d8e3303b4a9d8968ac578947d8bc80d9aea359f388cdd4aac15cadc0e8447?s=96&d=mm&r=g","contentUrl":"https:\/\/secure.gravatar.com\/avatar\/4b1d8e3303b4a9d8968ac578947d8bc80d9aea359f388cdd4aac15cadc0e8447?s=96&d=mm&r=g","caption":"manadmin"},"sameAs":["https:\/\/fadeu.urantiacos.cl"]}]}},"_links":{"self":[{"href":"https:\/\/fadeu.urantiacos.cl\/en\/wp-json\/wp\/v2\/posts\/8337","targetHints":{"allow":["GET"]}}],"collection":[{"href":"https:\/\/fadeu.urantiacos.cl\/en\/wp-json\/wp\/v2\/posts"}],"about":[{"href":"https:\/\/fadeu.urantiacos.cl\/en\/wp-json\/wp\/v2\/types\/post"}],"author":[{"embeddable":true,"href":"https:\/\/fadeu.urantiacos.cl\/en\/wp-json\/wp\/v2\/users\/1"}],"replies":[{"embeddable":true,"href":"https:\/\/fadeu.urantiacos.cl\/en\/wp-json\/wp\/v2\/comments?post=8337"}],"version-history":[{"count":2,"href":"https:\/\/fadeu.urantiacos.cl\/en\/wp-json\/wp\/v2\/posts\/8337\/revisions"}],"predecessor-version":[{"id":17293,"href":"https:\/\/fadeu.urantiacos.cl\/en\/wp-json\/wp\/v2\/posts\/8337\/revisions\/17293"}],"wp:featuredmedia":[{"embeddable":true,"href":"https:\/\/fadeu.urantiacos.cl\/en\/wp-json\/wp\/v2\/media\/8338"}],"wp:attachment":[{"href":"https:\/\/fadeu.urantiacos.cl\/en\/wp-json\/wp\/v2\/media?parent=8337"}],"wp:term":[{"taxonomy":"category","embeddable":true,"href":"https:\/\/fadeu.urantiacos.cl\/en\/wp-json\/wp\/v2\/categories?post=8337"},{"taxonomy":"post_tag","embeddable":true,"href":"https:\/\/fadeu.urantiacos.cl\/en\/wp-json\/wp\/v2\/tags?post=8337"}],"curies":[{"name":"wp","href":"https:\/\/api.w.org\/{rel}","templated":true}]}}