{"id":8316,"date":"2020-09-10T17:26:00","date_gmt":"2020-09-10T20:26:00","guid":{"rendered":"https:\/\/fadeu.urantiacos.cl\/?p=8316"},"modified":"2023-09-10T17:38:26","modified_gmt":"2023-09-10T20:38:26","slug":"taller-de-investigacion-participa-en-workshop-waum-2020","status":"publish","type":"post","link":"https:\/\/fadeu.urantiacos.cl\/en\/2020\/09\/10\/taller-de-investigacion-participa-en-workshop-waum-2020\/","title":{"rendered":"Taller de investigaci\u00f3n participa en Workshop WAUM 2020"},"content":{"rendered":"\n<figure class=\"wp-block-image size-full\"><img decoding=\"async\" width=\"350\" height=\"250\" src=\"https:\/\/fadeu.urantiacos.cl\/wp-content\/uploads\/2023\/09\/FOTOMONTAJE_2_web.jpg\" alt=\"\" class=\"wp-image-8317\" srcset=\"https:\/\/fadeu.urantiacos.cl\/wp-content\/uploads\/2023\/09\/FOTOMONTAJE_2_web.jpg 350w, https:\/\/fadeu.urantiacos.cl\/wp-content\/uploads\/2023\/09\/FOTOMONTAJE_2_web-300x214.jpg 300w\" sizes=\"(max-width: 350px) 100vw, 350px\" \/><\/figure>\n\n\n\n<p>Tomando en cuenta la pandemia, el WAUM 2020 reflexion\u00f3 sobre posibles escenarios que permitieran \u201creparar la ciudad\u201d actual. A partir de tres visiones de ciudad \u2014la ciudad saludable, la ciudad distribuida, la ciudad de las delicias\u2014, los participantes del workshop propusieron artefactos, sistemas y estructuras, funcionando como prototipos reparadores de la ciudad, aplicables a distintas situaciones.<\/p>\n\n\n\n<p>La instancia, realizada entre los d\u00edas 24 de agosto y 07 de septiembre, fue organizada por la Universidad Mayor, cont\u00f3 con la participaci\u00f3n de la Escuela Superior de Barcelona, Georgia TECH, la Universidad de Buenos Aires, y la Escuela de Arquitectura de la Pontificia Universidad Cat\u00f3lica de Chile.<\/p>\n\n\n\n<p>Macarena Cort\u00e9s y Francisca Evans, equipo docente del taller &#8220;Arquitectura hospitalaria: transformaci\u00f3n, flexibilidad y enfermedades&#8221;, representaron a la escuela formando equipo con Ricardo Atanacio y Maximiliano Aldunate (UMayor). As\u00ed, trabajaron \u2014en la l\u00ednea del taller\u2014 el tema \u201cciudad saludable\u201d, tomando como punto de partida el estudio y an\u00e1lisis de diversos casos arquitect\u00f3nicos de las vanguardias y neovanguardias de los a\u00f1os 60 y 70. Los estudiantes, a su vez, fueron divididos en 6 grupos, entre los que particip\u00f3 tambi\u00e9n como docente Emilio Mar\u00edn, profesor en UC y en la instituci\u00f3n organizadora.<\/p>\n\n\n\n<p>Equipo docente_<br>Macarena Cort\u00e9s<br>Francisca Evans<\/p>\n\n\n\n<p>Estudiantes_<br>Hern\u00e1n Carvajal<br>Mar\u00eda In\u00e9s Correa<br>Mar\u00eda Paz Eyzaguirre<br>Sof\u00eda Ivanovic<br>Daniela Larroulet<br>Aynoa Mettifogo<br>Oscar Miranda<br>Stefano Pesenti<br>Victoria Salas<br>Isidora Silva<\/p>\n\n\n\n<p>M\u00e1s informaci\u00f3n sobre el workshop en el siguiente&nbsp;<a href=\"https:\/\/waum2020.cargo.site\/\" target=\"_blank\" rel=\"noreferrer noopener\">link<\/a>&nbsp;<\/p>\n\n\n\n<figure class=\"wp-block-image size-large\"><img decoding=\"async\" width=\"1024\" height=\"410\" src=\"https:\/\/fadeu.urantiacos.cl\/wp-content\/uploads\/2023\/09\/FOTOMONTAJE_2-1024x410.jpg\" alt=\"\" class=\"wp-image-8318\" srcset=\"https:\/\/fadeu.urantiacos.cl\/wp-content\/uploads\/2023\/09\/FOTOMONTAJE_2-1024x410.jpg 1024w, https:\/\/fadeu.urantiacos.cl\/wp-content\/uploads\/2023\/09\/FOTOMONTAJE_2-300x120.jpg 300w, https:\/\/fadeu.urantiacos.cl\/wp-content\/uploads\/2023\/09\/FOTOMONTAJE_2-768x307.jpg 768w, https:\/\/fadeu.urantiacos.cl\/wp-content\/uploads\/2023\/09\/FOTOMONTAJE_2-1536x614.jpg 1536w, https:\/\/fadeu.urantiacos.cl\/wp-content\/uploads\/2023\/09\/FOTOMONTAJE_2.jpg 1575w\" sizes=\"(max-width: 1024px) 100vw, 1024px\" \/><\/figure>\n\n\n\n<figure class=\"wp-block-image size-large\"><img decoding=\"async\" width=\"1024\" height=\"410\" src=\"https:\/\/fadeu.urantiacos.cl\/wp-content\/uploads\/2023\/09\/FOTOMOTAJE_1-1024x410.jpg\" alt=\"\" class=\"wp-image-8319\" srcset=\"https:\/\/fadeu.urantiacos.cl\/wp-content\/uploads\/2023\/09\/FOTOMOTAJE_1-1024x410.jpg 1024w, https:\/\/fadeu.urantiacos.cl\/wp-content\/uploads\/2023\/09\/FOTOMOTAJE_1-300x120.jpg 300w, https:\/\/fadeu.urantiacos.cl\/wp-content\/uploads\/2023\/09\/FOTOMOTAJE_1-768x307.jpg 768w, https:\/\/fadeu.urantiacos.cl\/wp-content\/uploads\/2023\/09\/FOTOMOTAJE_1-1536x614.jpg 1536w, https:\/\/fadeu.urantiacos.cl\/wp-content\/uploads\/2023\/09\/FOTOMOTAJE_1.jpg 1575w\" sizes=\"(max-width: 1024px) 100vw, 1024px\" \/><\/figure>\n\n\n\n<figure class=\"wp-block-image size-large\"><img decoding=\"async\" width=\"1024\" height=\"410\" src=\"https:\/\/fadeu.urantiacos.cl\/wp-content\/uploads\/2023\/09\/Fotomontaje1G1-1024x410.jpg\" alt=\"\" class=\"wp-image-8320\" srcset=\"https:\/\/fadeu.urantiacos.cl\/wp-content\/uploads\/2023\/09\/Fotomontaje1G1-1024x410.jpg 1024w, https:\/\/fadeu.urantiacos.cl\/wp-content\/uploads\/2023\/09\/Fotomontaje1G1-300x120.jpg 300w, https:\/\/fadeu.urantiacos.cl\/wp-content\/uploads\/2023\/09\/Fotomontaje1G1-768x307.jpg 768w, https:\/\/fadeu.urantiacos.cl\/wp-content\/uploads\/2023\/09\/Fotomontaje1G1-1536x614.jpg 1536w, https:\/\/fadeu.urantiacos.cl\/wp-content\/uploads\/2023\/09\/Fotomontaje1G1.jpg 1575w\" sizes=\"(max-width: 1024px) 100vw, 1024px\" \/><\/figure>\n\n\n\n<figure class=\"wp-block-image size-large\"><img decoding=\"async\" width=\"1024\" height=\"410\" src=\"https:\/\/fadeu.urantiacos.cl\/wp-content\/uploads\/2023\/09\/Fotomontaje2G2-1024x410.jpg\" alt=\"\" class=\"wp-image-8321\" srcset=\"https:\/\/fadeu.urantiacos.cl\/wp-content\/uploads\/2023\/09\/Fotomontaje2G2-1024x410.jpg 1024w, https:\/\/fadeu.urantiacos.cl\/wp-content\/uploads\/2023\/09\/Fotomontaje2G2-300x120.jpg 300w, https:\/\/fadeu.urantiacos.cl\/wp-content\/uploads\/2023\/09\/Fotomontaje2G2-768x307.jpg 768w, https:\/\/fadeu.urantiacos.cl\/wp-content\/uploads\/2023\/09\/Fotomontaje2G2-1536x614.jpg 1536w, https:\/\/fadeu.urantiacos.cl\/wp-content\/uploads\/2023\/09\/Fotomontaje2G2.jpg 1575w\" sizes=\"(max-width: 1024px) 100vw, 1024px\" \/><\/figure>\n\n\n\n<figure class=\"wp-block-image size-large\"><img decoding=\"async\" width=\"1024\" height=\"410\" src=\"https:\/\/fadeu.urantiacos.cl\/wp-content\/uploads\/2023\/09\/fotomontaje_total_g4-1024x410.jpg\" alt=\"\" class=\"wp-image-8322\" srcset=\"https:\/\/fadeu.urantiacos.cl\/wp-content\/uploads\/2023\/09\/fotomontaje_total_g4-1024x410.jpg 1024w, https:\/\/fadeu.urantiacos.cl\/wp-content\/uploads\/2023\/09\/fotomontaje_total_g4-300x120.jpg 300w, https:\/\/fadeu.urantiacos.cl\/wp-content\/uploads\/2023\/09\/fotomontaje_total_g4-768x307.jpg 768w, https:\/\/fadeu.urantiacos.cl\/wp-content\/uploads\/2023\/09\/fotomontaje_total_g4-1536x614.jpg 1536w, https:\/\/fadeu.urantiacos.cl\/wp-content\/uploads\/2023\/09\/fotomontaje_total_g4.jpg 1575w\" sizes=\"(max-width: 1024px) 100vw, 1024px\" \/><\/figure>\n\n\n\n<figure class=\"wp-block-image size-large\"><img decoding=\"async\" width=\"1024\" height=\"406\" src=\"https:\/\/fadeu.urantiacos.cl\/wp-content\/uploads\/2023\/09\/Captura_de_pantalla_2020-09-10_14.58.54-1024x406.png\" alt=\"\" class=\"wp-image-8323\" srcset=\"https:\/\/fadeu.urantiacos.cl\/wp-content\/uploads\/2023\/09\/Captura_de_pantalla_2020-09-10_14.58.54-1024x406.png 1024w, https:\/\/fadeu.urantiacos.cl\/wp-content\/uploads\/2023\/09\/Captura_de_pantalla_2020-09-10_14.58.54-300x119.png 300w, https:\/\/fadeu.urantiacos.cl\/wp-content\/uploads\/2023\/09\/Captura_de_pantalla_2020-09-10_14.58.54-768x304.png 768w, https:\/\/fadeu.urantiacos.cl\/wp-content\/uploads\/2023\/09\/Captura_de_pantalla_2020-09-10_14.58.54.png 1497w\" sizes=\"(max-width: 1024px) 100vw, 1024px\" \/><\/figure>\n\n\n\n<p>Im\u00e1genes Grupo 2, guiado por Macarena Cort\u00e9s, Francisca Evans, Ricardo Atanacio y Maximiliano Aldunate. Extra\u00eddas de&nbsp;<a href=\"https:\/\/www.behance.net\/grupo2waum\">https:\/\/www.behance.net\/grupo2waum<\/a><\/p>\n\n\n\n<p>Noticias<br>Contacto:&nbsp;<a href=\"mailto:redesarq@uc.cl\">redesarq@uc.cl<\/a>&nbsp;| +56 2 2354 7747<br>www.arquitectura.uc.cl<\/p>\n","protected":false},"excerpt":{"rendered":"<p>El equipo del Taller de Investigaci\u00f3n dirigido por la profesora ARQ UC Macarena Cort\u00e9s fue parte de la XI versi\u00f3n del workshop internacional de la Escuela de Arquitectura de la Universidad Mayor, titulado \u201cArtefactos urbanos: reparando la ciudad\u201d (WAUM 2020), dirigido por Elizabeth Wagemann. La instancia tambi\u00e9n cont\u00f3 con la participaci\u00f3n del profesor ARQ UC Hugo Mondrag\u00f3n como jurado del cierre.<\/p>\n","protected":false},"author":1,"featured_media":8317,"comment_status":"open","ping_status":"open","sticky":false,"template":"","format":"standard","meta":{"_acf_changed":false,"footnotes":""},"categories":[1],"tags":[],"class_list":["post-8316","post","type-post","status-publish","format-standard","has-post-thumbnail","hentry","category-sin-categorizar"],"acf":[],"yoast_head":"<!-- This site is optimized with the Yoast SEO plugin v27.1.1 - https:\/\/yoast.com\/product\/yoast-seo-wordpress\/ -->\n<title>Taller de investigaci\u00f3n participa en Workshop WAUM 2020 - Facultad de Arquitectura, Dise\u00f1o y Estudios Urbanos<\/title>\n<meta name=\"description\" content=\"El equipo del Taller de Investigaci\u00f3n dirigido por la profesora ARQ UC Macarena Cort\u00e9s fue parte de la XI versi\u00f3n del workshop internacional de la Escuela de Arquitectura de la Universidad Mayor, titulado \u201cArtefactos urbanos: reparando la ciudad\u201d (WAUM 2020), dirigido por Elizabeth Wagemann. La instancia tambi\u00e9n cont\u00f3 con la participaci\u00f3n del profesor ARQ UC Hugo Mondrag\u00f3n como jurado del cierre.\" \/>\n<meta name=\"robots\" content=\"index, follow, max-snippet:-1, max-image-preview:large, max-video-preview:-1\" \/>\n<link rel=\"canonical\" href=\"https:\/\/fadeu.urantiacos.cl\/en\/2020\/09\/10\/taller-de-investigacion-participa-en-workshop-waum-2020\/\" \/>\n<meta property=\"og:locale\" content=\"en_US\" \/>\n<meta property=\"og:type\" content=\"article\" \/>\n<meta property=\"og:title\" content=\"Taller de investigaci\u00f3n participa en Workshop WAUM 2020 - Facultad de Arquitectura, Dise\u00f1o y Estudios Urbanos\" \/>\n<meta property=\"og:description\" content=\"El equipo del Taller de Investigaci\u00f3n dirigido por la profesora ARQ UC Macarena Cort\u00e9s fue parte de la XI versi\u00f3n del workshop internacional de la Escuela de Arquitectura de la Universidad Mayor, titulado \u201cArtefactos urbanos: reparando la ciudad\u201d (WAUM 2020), dirigido por Elizabeth Wagemann. La instancia tambi\u00e9n cont\u00f3 con la participaci\u00f3n del profesor ARQ UC Hugo Mondrag\u00f3n como jurado del cierre.\" \/>\n<meta property=\"og:url\" content=\"https:\/\/fadeu.urantiacos.cl\/en\/2020\/09\/10\/taller-de-investigacion-participa-en-workshop-waum-2020\/\" \/>\n<meta property=\"og:site_name\" content=\"Facultad de Arquitectura, Dise\u00f1o y Estudios Urbanos\" \/>\n<meta property=\"article:published_time\" content=\"2020-09-10T20:26:00+00:00\" \/>\n<meta property=\"article:modified_time\" content=\"2023-09-10T20:38:26+00:00\" \/>\n<meta property=\"og:image\" content=\"https:\/\/fadeu.urantiacos.cl\/wp-content\/uploads\/2023\/09\/FOTOMONTAJE_2_web.jpg\" \/>\n\t<meta property=\"og:image:width\" content=\"350\" \/>\n\t<meta property=\"og:image:height\" content=\"250\" \/>\n\t<meta property=\"og:image:type\" content=\"image\/jpeg\" \/>\n<meta name=\"author\" content=\"manadmin\" \/>\n<meta name=\"twitter:card\" content=\"summary_large_image\" \/>\n<meta name=\"twitter:label1\" content=\"Written by\" \/>\n\t<meta name=\"twitter:data1\" content=\"manadmin\" \/>\n\t<meta name=\"twitter:label2\" content=\"Est. reading time\" \/>\n\t<meta name=\"twitter:data2\" content=\"1 minute\" \/>\n<script type=\"application\/ld+json\" class=\"yoast-schema-graph\">{\"@context\":\"https:\/\/schema.org\",\"@graph\":[{\"@type\":\"Article\",\"@id\":\"https:\/\/fadeu.urantiacos.cl\/en\/2020\/09\/10\/taller-de-investigacion-participa-en-workshop-waum-2020\/#article\",\"isPartOf\":{\"@id\":\"https:\/\/fadeu.urantiacos.cl\/en\/2020\/09\/10\/taller-de-investigacion-participa-en-workshop-waum-2020\/\"},\"author\":{\"name\":\"manadmin\",\"@id\":\"https:\/\/fadeu.urantiacos.cl\/en\/#\/schema\/person\/d203e2e84b1c40275eac77b3061a19a2\"},\"headline\":\"Taller de investigaci\u00f3n participa en Workshop WAUM 2020\",\"datePublished\":\"2020-09-10T20:26:00+00:00\",\"dateModified\":\"2023-09-10T20:38:26+00:00\",\"mainEntityOfPage\":{\"@id\":\"https:\/\/fadeu.urantiacos.cl\/en\/2020\/09\/10\/taller-de-investigacion-participa-en-workshop-waum-2020\/\"},\"wordCount\":281,\"commentCount\":0,\"image\":{\"@id\":\"https:\/\/fadeu.urantiacos.cl\/en\/2020\/09\/10\/taller-de-investigacion-participa-en-workshop-waum-2020\/#primaryimage\"},\"thumbnailUrl\":\"https:\/\/fadeu.urantiacos.cl\/wp-content\/uploads\/2023\/09\/FOTOMONTAJE_2_web.jpg\",\"articleSection\":[\"Sin categorizar\"],\"inLanguage\":\"en-US\",\"potentialAction\":[{\"@type\":\"CommentAction\",\"name\":\"Comment\",\"target\":[\"https:\/\/fadeu.urantiacos.cl\/en\/2020\/09\/10\/taller-de-investigacion-participa-en-workshop-waum-2020\/#respond\"]}]},{\"@type\":\"WebPage\",\"@id\":\"https:\/\/fadeu.urantiacos.cl\/en\/2020\/09\/10\/taller-de-investigacion-participa-en-workshop-waum-2020\/\",\"url\":\"https:\/\/fadeu.urantiacos.cl\/en\/2020\/09\/10\/taller-de-investigacion-participa-en-workshop-waum-2020\/\",\"name\":\"Taller de investigaci\u00f3n participa en Workshop WAUM 2020 - Facultad de Arquitectura, Dise\u00f1o y Estudios Urbanos\",\"isPartOf\":{\"@id\":\"https:\/\/fadeu.urantiacos.cl\/en\/#website\"},\"primaryImageOfPage\":{\"@id\":\"https:\/\/fadeu.urantiacos.cl\/en\/2020\/09\/10\/taller-de-investigacion-participa-en-workshop-waum-2020\/#primaryimage\"},\"image\":{\"@id\":\"https:\/\/fadeu.urantiacos.cl\/en\/2020\/09\/10\/taller-de-investigacion-participa-en-workshop-waum-2020\/#primaryimage\"},\"thumbnailUrl\":\"https:\/\/fadeu.urantiacos.cl\/wp-content\/uploads\/2023\/09\/FOTOMONTAJE_2_web.jpg\",\"datePublished\":\"2020-09-10T20:26:00+00:00\",\"dateModified\":\"2023-09-10T20:38:26+00:00\",\"author\":{\"@id\":\"https:\/\/fadeu.urantiacos.cl\/en\/#\/schema\/person\/d203e2e84b1c40275eac77b3061a19a2\"},\"description\":\"El equipo del Taller de Investigaci\u00f3n dirigido por la profesora ARQ UC Macarena Cort\u00e9s fue parte de la XI versi\u00f3n del workshop internacional de la Escuela de Arquitectura de la Universidad Mayor, titulado \u201cArtefactos urbanos: reparando la ciudad\u201d (WAUM 2020), dirigido por Elizabeth Wagemann. La instancia tambi\u00e9n cont\u00f3 con la participaci\u00f3n del profesor ARQ UC Hugo Mondrag\u00f3n como jurado del cierre.\",\"breadcrumb\":{\"@id\":\"https:\/\/fadeu.urantiacos.cl\/en\/2020\/09\/10\/taller-de-investigacion-participa-en-workshop-waum-2020\/#breadcrumb\"},\"inLanguage\":\"en-US\",\"potentialAction\":[{\"@type\":\"ReadAction\",\"target\":[\"https:\/\/fadeu.urantiacos.cl\/en\/2020\/09\/10\/taller-de-investigacion-participa-en-workshop-waum-2020\/\"]}]},{\"@type\":\"ImageObject\",\"inLanguage\":\"en-US\",\"@id\":\"https:\/\/fadeu.urantiacos.cl\/en\/2020\/09\/10\/taller-de-investigacion-participa-en-workshop-waum-2020\/#primaryimage\",\"url\":\"https:\/\/fadeu.urantiacos.cl\/wp-content\/uploads\/2023\/09\/FOTOMONTAJE_2_web.jpg\",\"contentUrl\":\"https:\/\/fadeu.urantiacos.cl\/wp-content\/uploads\/2023\/09\/FOTOMONTAJE_2_web.jpg\",\"width\":350,\"height\":250},{\"@type\":\"BreadcrumbList\",\"@id\":\"https:\/\/fadeu.urantiacos.cl\/en\/2020\/09\/10\/taller-de-investigacion-participa-en-workshop-waum-2020\/#breadcrumb\",\"itemListElement\":[{\"@type\":\"ListItem\",\"position\":1,\"name\":\"Portada\",\"item\":\"https:\/\/fadeu.urantiacos.cl\/en\/\"},{\"@type\":\"ListItem\",\"position\":2,\"name\":\"Taller de investigaci\u00f3n participa en Workshop WAUM 2020\"}]},{\"@type\":\"WebSite\",\"@id\":\"https:\/\/fadeu.urantiacos.cl\/en\/#website\",\"url\":\"https:\/\/fadeu.urantiacos.cl\/en\/\",\"name\":\"Facultad de Arquitectura, Dise\u00f1o y Estudios Urbanos\",\"description\":\"Campus Lo Contador\",\"potentialAction\":[{\"@type\":\"SearchAction\",\"target\":{\"@type\":\"EntryPoint\",\"urlTemplate\":\"https:\/\/fadeu.urantiacos.cl\/en\/?s={search_term_string}\"},\"query-input\":{\"@type\":\"PropertyValueSpecification\",\"valueRequired\":true,\"valueName\":\"search_term_string\"}}],\"inLanguage\":\"en-US\"},{\"@type\":\"Person\",\"@id\":\"https:\/\/fadeu.urantiacos.cl\/en\/#\/schema\/person\/d203e2e84b1c40275eac77b3061a19a2\",\"name\":\"manadmin\",\"image\":{\"@type\":\"ImageObject\",\"inLanguage\":\"en-US\",\"@id\":\"https:\/\/fadeu.urantiacos.cl\/en\/#\/schema\/person\/image\/\",\"url\":\"https:\/\/secure.gravatar.com\/avatar\/4b1d8e3303b4a9d8968ac578947d8bc80d9aea359f388cdd4aac15cadc0e8447?s=96&d=mm&r=g\",\"contentUrl\":\"https:\/\/secure.gravatar.com\/avatar\/4b1d8e3303b4a9d8968ac578947d8bc80d9aea359f388cdd4aac15cadc0e8447?s=96&d=mm&r=g\",\"caption\":\"manadmin\"},\"sameAs\":[\"https:\/\/fadeu.urantiacos.cl\"]}]}<\/script>\n<!-- \/ Yoast SEO plugin. -->","yoast_head_json":{"title":"Taller de investigaci\u00f3n participa en Workshop WAUM 2020 - Facultad de Arquitectura, Dise\u00f1o y Estudios Urbanos","description":"El equipo del Taller de Investigaci\u00f3n dirigido por la profesora ARQ UC Macarena Cort\u00e9s fue parte de la XI versi\u00f3n del workshop internacional de la Escuela de Arquitectura de la Universidad Mayor, titulado \u201cArtefactos urbanos: reparando la ciudad\u201d (WAUM 2020), dirigido por Elizabeth Wagemann. La instancia tambi\u00e9n cont\u00f3 con la participaci\u00f3n del profesor ARQ UC Hugo Mondrag\u00f3n como jurado del cierre.","robots":{"index":"index","follow":"follow","max-snippet":"max-snippet:-1","max-image-preview":"max-image-preview:large","max-video-preview":"max-video-preview:-1"},"canonical":"https:\/\/fadeu.urantiacos.cl\/en\/2020\/09\/10\/taller-de-investigacion-participa-en-workshop-waum-2020\/","og_locale":"en_US","og_type":"article","og_title":"Taller de investigaci\u00f3n participa en Workshop WAUM 2020 - Facultad de Arquitectura, Dise\u00f1o y Estudios Urbanos","og_description":"El equipo del Taller de Investigaci\u00f3n dirigido por la profesora ARQ UC Macarena Cort\u00e9s fue parte de la XI versi\u00f3n del workshop internacional de la Escuela de Arquitectura de la Universidad Mayor, titulado \u201cArtefactos urbanos: reparando la ciudad\u201d (WAUM 2020), dirigido por Elizabeth Wagemann. La instancia tambi\u00e9n cont\u00f3 con la participaci\u00f3n del profesor ARQ UC Hugo Mondrag\u00f3n como jurado del cierre.","og_url":"https:\/\/fadeu.urantiacos.cl\/en\/2020\/09\/10\/taller-de-investigacion-participa-en-workshop-waum-2020\/","og_site_name":"Facultad de Arquitectura, Dise\u00f1o y Estudios Urbanos","article_published_time":"2020-09-10T20:26:00+00:00","article_modified_time":"2023-09-10T20:38:26+00:00","og_image":[{"width":350,"height":250,"url":"https:\/\/fadeu.urantiacos.cl\/wp-content\/uploads\/2023\/09\/FOTOMONTAJE_2_web.jpg","type":"image\/jpeg"}],"author":"manadmin","twitter_card":"summary_large_image","twitter_misc":{"Written by":"manadmin","Est. reading time":"1 minute"},"schema":{"@context":"https:\/\/schema.org","@graph":[{"@type":"Article","@id":"https:\/\/fadeu.urantiacos.cl\/en\/2020\/09\/10\/taller-de-investigacion-participa-en-workshop-waum-2020\/#article","isPartOf":{"@id":"https:\/\/fadeu.urantiacos.cl\/en\/2020\/09\/10\/taller-de-investigacion-participa-en-workshop-waum-2020\/"},"author":{"name":"manadmin","@id":"https:\/\/fadeu.urantiacos.cl\/en\/#\/schema\/person\/d203e2e84b1c40275eac77b3061a19a2"},"headline":"Taller de investigaci\u00f3n participa en Workshop WAUM 2020","datePublished":"2020-09-10T20:26:00+00:00","dateModified":"2023-09-10T20:38:26+00:00","mainEntityOfPage":{"@id":"https:\/\/fadeu.urantiacos.cl\/en\/2020\/09\/10\/taller-de-investigacion-participa-en-workshop-waum-2020\/"},"wordCount":281,"commentCount":0,"image":{"@id":"https:\/\/fadeu.urantiacos.cl\/en\/2020\/09\/10\/taller-de-investigacion-participa-en-workshop-waum-2020\/#primaryimage"},"thumbnailUrl":"https:\/\/fadeu.urantiacos.cl\/wp-content\/uploads\/2023\/09\/FOTOMONTAJE_2_web.jpg","articleSection":["Sin categorizar"],"inLanguage":"en-US","potentialAction":[{"@type":"CommentAction","name":"Comment","target":["https:\/\/fadeu.urantiacos.cl\/en\/2020\/09\/10\/taller-de-investigacion-participa-en-workshop-waum-2020\/#respond"]}]},{"@type":"WebPage","@id":"https:\/\/fadeu.urantiacos.cl\/en\/2020\/09\/10\/taller-de-investigacion-participa-en-workshop-waum-2020\/","url":"https:\/\/fadeu.urantiacos.cl\/en\/2020\/09\/10\/taller-de-investigacion-participa-en-workshop-waum-2020\/","name":"Taller de investigaci\u00f3n participa en Workshop WAUM 2020 - Facultad de Arquitectura, Dise\u00f1o y Estudios Urbanos","isPartOf":{"@id":"https:\/\/fadeu.urantiacos.cl\/en\/#website"},"primaryImageOfPage":{"@id":"https:\/\/fadeu.urantiacos.cl\/en\/2020\/09\/10\/taller-de-investigacion-participa-en-workshop-waum-2020\/#primaryimage"},"image":{"@id":"https:\/\/fadeu.urantiacos.cl\/en\/2020\/09\/10\/taller-de-investigacion-participa-en-workshop-waum-2020\/#primaryimage"},"thumbnailUrl":"https:\/\/fadeu.urantiacos.cl\/wp-content\/uploads\/2023\/09\/FOTOMONTAJE_2_web.jpg","datePublished":"2020-09-10T20:26:00+00:00","dateModified":"2023-09-10T20:38:26+00:00","author":{"@id":"https:\/\/fadeu.urantiacos.cl\/en\/#\/schema\/person\/d203e2e84b1c40275eac77b3061a19a2"},"description":"El equipo del Taller de Investigaci\u00f3n dirigido por la profesora ARQ UC Macarena Cort\u00e9s fue parte de la XI versi\u00f3n del workshop internacional de la Escuela de Arquitectura de la Universidad Mayor, titulado \u201cArtefactos urbanos: reparando la ciudad\u201d (WAUM 2020), dirigido por Elizabeth Wagemann. La instancia tambi\u00e9n cont\u00f3 con la participaci\u00f3n del profesor ARQ UC Hugo Mondrag\u00f3n como jurado del cierre.","breadcrumb":{"@id":"https:\/\/fadeu.urantiacos.cl\/en\/2020\/09\/10\/taller-de-investigacion-participa-en-workshop-waum-2020\/#breadcrumb"},"inLanguage":"en-US","potentialAction":[{"@type":"ReadAction","target":["https:\/\/fadeu.urantiacos.cl\/en\/2020\/09\/10\/taller-de-investigacion-participa-en-workshop-waum-2020\/"]}]},{"@type":"ImageObject","inLanguage":"en-US","@id":"https:\/\/fadeu.urantiacos.cl\/en\/2020\/09\/10\/taller-de-investigacion-participa-en-workshop-waum-2020\/#primaryimage","url":"https:\/\/fadeu.urantiacos.cl\/wp-content\/uploads\/2023\/09\/FOTOMONTAJE_2_web.jpg","contentUrl":"https:\/\/fadeu.urantiacos.cl\/wp-content\/uploads\/2023\/09\/FOTOMONTAJE_2_web.jpg","width":350,"height":250},{"@type":"BreadcrumbList","@id":"https:\/\/fadeu.urantiacos.cl\/en\/2020\/09\/10\/taller-de-investigacion-participa-en-workshop-waum-2020\/#breadcrumb","itemListElement":[{"@type":"ListItem","position":1,"name":"Portada","item":"https:\/\/fadeu.urantiacos.cl\/en\/"},{"@type":"ListItem","position":2,"name":"Taller de investigaci\u00f3n participa en Workshop WAUM 2020"}]},{"@type":"WebSite","@id":"https:\/\/fadeu.urantiacos.cl\/en\/#website","url":"https:\/\/fadeu.urantiacos.cl\/en\/","name":"Facultad de Arquitectura, Dise\u00f1o y Estudios Urbanos","description":"Campus Lo Contador","potentialAction":[{"@type":"SearchAction","target":{"@type":"EntryPoint","urlTemplate":"https:\/\/fadeu.urantiacos.cl\/en\/?s={search_term_string}"},"query-input":{"@type":"PropertyValueSpecification","valueRequired":true,"valueName":"search_term_string"}}],"inLanguage":"en-US"},{"@type":"Person","@id":"https:\/\/fadeu.urantiacos.cl\/en\/#\/schema\/person\/d203e2e84b1c40275eac77b3061a19a2","name":"manadmin","image":{"@type":"ImageObject","inLanguage":"en-US","@id":"https:\/\/fadeu.urantiacos.cl\/en\/#\/schema\/person\/image\/","url":"https:\/\/secure.gravatar.com\/avatar\/4b1d8e3303b4a9d8968ac578947d8bc80d9aea359f388cdd4aac15cadc0e8447?s=96&d=mm&r=g","contentUrl":"https:\/\/secure.gravatar.com\/avatar\/4b1d8e3303b4a9d8968ac578947d8bc80d9aea359f388cdd4aac15cadc0e8447?s=96&d=mm&r=g","caption":"manadmin"},"sameAs":["https:\/\/fadeu.urantiacos.cl"]}]}},"_links":{"self":[{"href":"https:\/\/fadeu.urantiacos.cl\/en\/wp-json\/wp\/v2\/posts\/8316","targetHints":{"allow":["GET"]}}],"collection":[{"href":"https:\/\/fadeu.urantiacos.cl\/en\/wp-json\/wp\/v2\/posts"}],"about":[{"href":"https:\/\/fadeu.urantiacos.cl\/en\/wp-json\/wp\/v2\/types\/post"}],"author":[{"embeddable":true,"href":"https:\/\/fadeu.urantiacos.cl\/en\/wp-json\/wp\/v2\/users\/1"}],"replies":[{"embeddable":true,"href":"https:\/\/fadeu.urantiacos.cl\/en\/wp-json\/wp\/v2\/comments?post=8316"}],"version-history":[{"count":1,"href":"https:\/\/fadeu.urantiacos.cl\/en\/wp-json\/wp\/v2\/posts\/8316\/revisions"}],"predecessor-version":[{"id":8324,"href":"https:\/\/fadeu.urantiacos.cl\/en\/wp-json\/wp\/v2\/posts\/8316\/revisions\/8324"}],"wp:featuredmedia":[{"embeddable":true,"href":"https:\/\/fadeu.urantiacos.cl\/en\/wp-json\/wp\/v2\/media\/8317"}],"wp:attachment":[{"href":"https:\/\/fadeu.urantiacos.cl\/en\/wp-json\/wp\/v2\/media?parent=8316"}],"wp:term":[{"taxonomy":"category","embeddable":true,"href":"https:\/\/fadeu.urantiacos.cl\/en\/wp-json\/wp\/v2\/categories?post=8316"},{"taxonomy":"post_tag","embeddable":true,"href":"https:\/\/fadeu.urantiacos.cl\/en\/wp-json\/wp\/v2\/tags?post=8316"}],"curies":[{"name":"wp","href":"https:\/\/api.w.org\/{rel}","templated":true}]}}