{"id":8309,"date":"2020-09-11T17:22:00","date_gmt":"2020-09-11T20:22:00","guid":{"rendered":"https:\/\/fadeu.urantiacos.cl\/?p=8309"},"modified":"2023-09-10T17:24:42","modified_gmt":"2023-09-10T20:24:42","slug":"paola-alfaro-dalencon-abrio-festival-de-arte-y-clima-con-charla-magistral-sobre-resiliencia","status":"publish","type":"post","link":"https:\/\/fadeu.urantiacos.cl\/en\/2020\/09\/11\/paola-alfaro-dalencon-abrio-festival-de-arte-y-clima-con-charla-magistral-sobre-resiliencia\/","title":{"rendered":"Paola Alfaro d\u2019Alen\u00e7on abri\u00f3 festival de &#8220;arte y clima&#8221; con charla magistral sobre resiliencia"},"content":{"rendered":"\n<figure class=\"wp-block-image size-full\"><img decoding=\"async\" width=\"350\" height=\"250\" src=\"https:\/\/fadeu.urantiacos.cl\/wp-content\/uploads\/2023\/09\/paola_alfaro_web.jpg\" alt=\"\" class=\"wp-image-8310\" srcset=\"https:\/\/fadeu.urantiacos.cl\/wp-content\/uploads\/2023\/09\/paola_alfaro_web.jpg 350w, https:\/\/fadeu.urantiacos.cl\/wp-content\/uploads\/2023\/09\/paola_alfaro_web-300x214.jpg 300w\" sizes=\"(max-width: 350px) 100vw, 350px\" \/><\/figure>\n\n\n\n<p>De esta forma, habl\u00f3 sobre c\u00f3mo los &#8220;comunes&#8221; pueden promover nuevas respuestas para un desarrollo resiliente y sostenible: \u00bfqu\u00e9 rol tenemos como arquitectos y urbanistas en cuanto al cambio clim\u00e1tico?, \u00bfqu\u00e9 par\u00e1metros debemos tomar en cuenta?, \u00bfc\u00f3mo posponer el tiempo para hacer de la sostenibilidad un objetivo para la sociedad en su conjunto?, fueron algunas de las preguntas que trat\u00f3 de responder la acad\u00e9mica.<\/p>\n\n\n\n<p>El festival \u2014en alem\u00e1n \u201cKunst Und Klima\u201d\u2014, se realiza en la ciudad de Postdam, y es una plataforma que invita a artistas, activistas y entusiastas a compartir arte, desarrollar proyectos, actuar de forma sostenible y recopilar ideas. Se ofrecen diversos formatos como performances, charlas y talleres, entre otros. La iniciativa abre un espacio y un marco de conversaci\u00f3n para abordar art\u00edstica y reflexivamente el tema del \u201cclima\u201d, con el objetivo de darle forma de manera participativa y conjunta a un modelo de cambio sostenible.<\/p>\n\n\n\n<p>Esta conferencia, realizada el jueves 10 de septiembre en la carpa del festival, fue una de las actividades complementarias del curso optativo \u201cCambio clim\u00e1tico y entorno construido: desaf\u00edos para el desarrollo de procesos y dise\u00f1os sustentable\u201d de la profesora Paola Alfaro d\u2019Alen\u00e7on en la Escuela de Arquitectura UC.<\/p>\n\n\n\n<p>M\u00e1s informaci\u00f3n en el siguiente&nbsp;<a href=\"http:\/\/kunstundklima.org\/\" target=\"_blank\" rel=\"noreferrer noopener\">link<\/a>&nbsp;<\/p>\n\n\n\n<figure class=\"wp-block-image size-large\"><img decoding=\"async\" width=\"1024\" height=\"768\" src=\"https:\/\/fadeu.urantiacos.cl\/wp-content\/uploads\/2023\/09\/WhatsApp_Image_2020-09-10_at_15.29.44-1024x768.jpeg\" alt=\"\" class=\"wp-image-8311\" srcset=\"https:\/\/fadeu.urantiacos.cl\/wp-content\/uploads\/2023\/09\/WhatsApp_Image_2020-09-10_at_15.29.44-1024x768.jpeg 1024w, https:\/\/fadeu.urantiacos.cl\/wp-content\/uploads\/2023\/09\/WhatsApp_Image_2020-09-10_at_15.29.44-300x225.jpeg 300w, https:\/\/fadeu.urantiacos.cl\/wp-content\/uploads\/2023\/09\/WhatsApp_Image_2020-09-10_at_15.29.44-768x576.jpeg 768w, https:\/\/fadeu.urantiacos.cl\/wp-content\/uploads\/2023\/09\/WhatsApp_Image_2020-09-10_at_15.29.44-1536x1153.jpeg 1536w, https:\/\/fadeu.urantiacos.cl\/wp-content\/uploads\/2023\/09\/WhatsApp_Image_2020-09-10_at_15.29.44.jpeg 1599w\" sizes=\"(max-width: 1024px) 100vw, 1024px\" \/><\/figure>\n\n\n\n<p>Festival de Arte y Clima &#8220;Kunst Und Klima&#8221;. Cortes\u00eda Paola Alfaro d\u2019Alen\u00e7on<\/p>\n\n\n\n<p>Noticias<br>Contacto:&nbsp;<a href=\"mailto:redesarq@uc.cl\">redesarq@uc.cl<\/a>&nbsp;| +56 2 2354 7747<br>www.arquitectura.uc.cl<\/p>\n","protected":false},"excerpt":{"rendered":"<p>La profesora ARQ UC fue invitada a realizar la apertura del Festival de Arte y Clima: Kunst Und Klima, realizado en Potsdam, Alemania, con la conferencia titulada \u201cCommons &#8211; Climate &#8211; Resilience\u201d.<\/p>\n","protected":false},"author":1,"featured_media":8310,"comment_status":"open","ping_status":"open","sticky":false,"template":"","format":"standard","meta":{"_acf_changed":false,"footnotes":""},"categories":[1],"tags":[],"class_list":["post-8309","post","type-post","status-publish","format-standard","has-post-thumbnail","hentry","category-sin-categorizar"],"acf":[],"yoast_head":"<!-- This site is optimized with the Yoast SEO plugin v27.1.1 - https:\/\/yoast.com\/product\/yoast-seo-wordpress\/ -->\n<title>Paola Alfaro d\u2019Alen\u00e7on abri\u00f3 festival de &quot;arte y clima&quot; con charla magistral sobre resiliencia - Facultad de Arquitectura, Dise\u00f1o y Estudios Urbanos<\/title>\n<meta name=\"description\" content=\"La profesora ARQ UC fue invitada a realizar la apertura del Festival de Arte y Clima: Kunst Und Klima, realizado en Potsdam, Alemania, con la conferencia titulada \u201cCommons - Climate - Resilience\u201d.\" \/>\n<meta name=\"robots\" content=\"index, follow, max-snippet:-1, max-image-preview:large, max-video-preview:-1\" \/>\n<link rel=\"canonical\" href=\"https:\/\/fadeu.urantiacos.cl\/en\/2020\/09\/11\/paola-alfaro-dalencon-abrio-festival-de-arte-y-clima-con-charla-magistral-sobre-resiliencia\/\" \/>\n<meta property=\"og:locale\" content=\"en_US\" \/>\n<meta property=\"og:type\" content=\"article\" \/>\n<meta property=\"og:title\" content=\"Paola Alfaro d\u2019Alen\u00e7on abri\u00f3 festival de &quot;arte y clima&quot; con charla magistral sobre resiliencia - Facultad de Arquitectura, Dise\u00f1o y Estudios Urbanos\" \/>\n<meta property=\"og:description\" content=\"La profesora ARQ UC fue invitada a realizar la apertura del Festival de Arte y Clima: Kunst Und Klima, realizado en Potsdam, Alemania, con la conferencia titulada \u201cCommons - Climate - Resilience\u201d.\" \/>\n<meta property=\"og:url\" content=\"https:\/\/fadeu.urantiacos.cl\/en\/2020\/09\/11\/paola-alfaro-dalencon-abrio-festival-de-arte-y-clima-con-charla-magistral-sobre-resiliencia\/\" \/>\n<meta property=\"og:site_name\" content=\"Facultad de Arquitectura, Dise\u00f1o y Estudios Urbanos\" \/>\n<meta property=\"article:published_time\" content=\"2020-09-11T20:22:00+00:00\" \/>\n<meta property=\"article:modified_time\" content=\"2023-09-10T20:24:42+00:00\" \/>\n<meta property=\"og:image\" content=\"https:\/\/fadeu.urantiacos.cl\/wp-content\/uploads\/2023\/09\/paola_alfaro_web.jpg\" \/>\n\t<meta property=\"og:image:width\" content=\"350\" \/>\n\t<meta property=\"og:image:height\" content=\"250\" \/>\n\t<meta property=\"og:image:type\" content=\"image\/jpeg\" \/>\n<meta name=\"author\" content=\"manadmin\" \/>\n<meta name=\"twitter:card\" content=\"summary_large_image\" \/>\n<meta name=\"twitter:label1\" content=\"Written by\" \/>\n\t<meta name=\"twitter:data1\" content=\"manadmin\" \/>\n\t<meta name=\"twitter:label2\" content=\"Est. reading time\" \/>\n\t<meta name=\"twitter:data2\" content=\"1 minute\" \/>\n<script type=\"application\/ld+json\" class=\"yoast-schema-graph\">{\"@context\":\"https:\/\/schema.org\",\"@graph\":[{\"@type\":\"Article\",\"@id\":\"https:\/\/fadeu.urantiacos.cl\/en\/2020\/09\/11\/paola-alfaro-dalencon-abrio-festival-de-arte-y-clima-con-charla-magistral-sobre-resiliencia\/#article\",\"isPartOf\":{\"@id\":\"https:\/\/fadeu.urantiacos.cl\/en\/2020\/09\/11\/paola-alfaro-dalencon-abrio-festival-de-arte-y-clima-con-charla-magistral-sobre-resiliencia\/\"},\"author\":{\"name\":\"manadmin\",\"@id\":\"https:\/\/fadeu.urantiacos.cl\/en\/#\/schema\/person\/d203e2e84b1c40275eac77b3061a19a2\"},\"headline\":\"Paola Alfaro d\u2019Alen\u00e7on abri\u00f3 festival de &#8220;arte y clima&#8221; con charla magistral sobre resiliencia\",\"datePublished\":\"2020-09-11T20:22:00+00:00\",\"dateModified\":\"2023-09-10T20:24:42+00:00\",\"mainEntityOfPage\":{\"@id\":\"https:\/\/fadeu.urantiacos.cl\/en\/2020\/09\/11\/paola-alfaro-dalencon-abrio-festival-de-arte-y-clima-con-charla-magistral-sobre-resiliencia\/\"},\"wordCount\":259,\"commentCount\":0,\"image\":{\"@id\":\"https:\/\/fadeu.urantiacos.cl\/en\/2020\/09\/11\/paola-alfaro-dalencon-abrio-festival-de-arte-y-clima-con-charla-magistral-sobre-resiliencia\/#primaryimage\"},\"thumbnailUrl\":\"https:\/\/fadeu.urantiacos.cl\/wp-content\/uploads\/2023\/09\/paola_alfaro_web.jpg\",\"articleSection\":[\"Sin categorizar\"],\"inLanguage\":\"en-US\",\"potentialAction\":[{\"@type\":\"CommentAction\",\"name\":\"Comment\",\"target\":[\"https:\/\/fadeu.urantiacos.cl\/en\/2020\/09\/11\/paola-alfaro-dalencon-abrio-festival-de-arte-y-clima-con-charla-magistral-sobre-resiliencia\/#respond\"]}]},{\"@type\":\"WebPage\",\"@id\":\"https:\/\/fadeu.urantiacos.cl\/en\/2020\/09\/11\/paola-alfaro-dalencon-abrio-festival-de-arte-y-clima-con-charla-magistral-sobre-resiliencia\/\",\"url\":\"https:\/\/fadeu.urantiacos.cl\/en\/2020\/09\/11\/paola-alfaro-dalencon-abrio-festival-de-arte-y-clima-con-charla-magistral-sobre-resiliencia\/\",\"name\":\"Paola Alfaro d\u2019Alen\u00e7on abri\u00f3 festival de \\\"arte y clima\\\" con charla magistral sobre resiliencia - Facultad de Arquitectura, Dise\u00f1o y Estudios Urbanos\",\"isPartOf\":{\"@id\":\"https:\/\/fadeu.urantiacos.cl\/en\/#website\"},\"primaryImageOfPage\":{\"@id\":\"https:\/\/fadeu.urantiacos.cl\/en\/2020\/09\/11\/paola-alfaro-dalencon-abrio-festival-de-arte-y-clima-con-charla-magistral-sobre-resiliencia\/#primaryimage\"},\"image\":{\"@id\":\"https:\/\/fadeu.urantiacos.cl\/en\/2020\/09\/11\/paola-alfaro-dalencon-abrio-festival-de-arte-y-clima-con-charla-magistral-sobre-resiliencia\/#primaryimage\"},\"thumbnailUrl\":\"https:\/\/fadeu.urantiacos.cl\/wp-content\/uploads\/2023\/09\/paola_alfaro_web.jpg\",\"datePublished\":\"2020-09-11T20:22:00+00:00\",\"dateModified\":\"2023-09-10T20:24:42+00:00\",\"author\":{\"@id\":\"https:\/\/fadeu.urantiacos.cl\/en\/#\/schema\/person\/d203e2e84b1c40275eac77b3061a19a2\"},\"description\":\"La profesora ARQ UC fue invitada a realizar la apertura del Festival de Arte y Clima: Kunst Und Klima, realizado en Potsdam, Alemania, con la conferencia titulada \u201cCommons - Climate - Resilience\u201d.\",\"breadcrumb\":{\"@id\":\"https:\/\/fadeu.urantiacos.cl\/en\/2020\/09\/11\/paola-alfaro-dalencon-abrio-festival-de-arte-y-clima-con-charla-magistral-sobre-resiliencia\/#breadcrumb\"},\"inLanguage\":\"en-US\",\"potentialAction\":[{\"@type\":\"ReadAction\",\"target\":[\"https:\/\/fadeu.urantiacos.cl\/en\/2020\/09\/11\/paola-alfaro-dalencon-abrio-festival-de-arte-y-clima-con-charla-magistral-sobre-resiliencia\/\"]}]},{\"@type\":\"ImageObject\",\"inLanguage\":\"en-US\",\"@id\":\"https:\/\/fadeu.urantiacos.cl\/en\/2020\/09\/11\/paola-alfaro-dalencon-abrio-festival-de-arte-y-clima-con-charla-magistral-sobre-resiliencia\/#primaryimage\",\"url\":\"https:\/\/fadeu.urantiacos.cl\/wp-content\/uploads\/2023\/09\/paola_alfaro_web.jpg\",\"contentUrl\":\"https:\/\/fadeu.urantiacos.cl\/wp-content\/uploads\/2023\/09\/paola_alfaro_web.jpg\",\"width\":350,\"height\":250},{\"@type\":\"BreadcrumbList\",\"@id\":\"https:\/\/fadeu.urantiacos.cl\/en\/2020\/09\/11\/paola-alfaro-dalencon-abrio-festival-de-arte-y-clima-con-charla-magistral-sobre-resiliencia\/#breadcrumb\",\"itemListElement\":[{\"@type\":\"ListItem\",\"position\":1,\"name\":\"Portada\",\"item\":\"https:\/\/fadeu.urantiacos.cl\/en\/\"},{\"@type\":\"ListItem\",\"position\":2,\"name\":\"Paola Alfaro d\u2019Alen\u00e7on abri\u00f3 festival de &#8220;arte y clima&#8221; con charla magistral sobre resiliencia\"}]},{\"@type\":\"WebSite\",\"@id\":\"https:\/\/fadeu.urantiacos.cl\/en\/#website\",\"url\":\"https:\/\/fadeu.urantiacos.cl\/en\/\",\"name\":\"Facultad de Arquitectura, Dise\u00f1o y Estudios Urbanos\",\"description\":\"Campus Lo Contador\",\"potentialAction\":[{\"@type\":\"SearchAction\",\"target\":{\"@type\":\"EntryPoint\",\"urlTemplate\":\"https:\/\/fadeu.urantiacos.cl\/en\/?s={search_term_string}\"},\"query-input\":{\"@type\":\"PropertyValueSpecification\",\"valueRequired\":true,\"valueName\":\"search_term_string\"}}],\"inLanguage\":\"en-US\"},{\"@type\":\"Person\",\"@id\":\"https:\/\/fadeu.urantiacos.cl\/en\/#\/schema\/person\/d203e2e84b1c40275eac77b3061a19a2\",\"name\":\"manadmin\",\"image\":{\"@type\":\"ImageObject\",\"inLanguage\":\"en-US\",\"@id\":\"https:\/\/fadeu.urantiacos.cl\/en\/#\/schema\/person\/image\/\",\"url\":\"https:\/\/secure.gravatar.com\/avatar\/4b1d8e3303b4a9d8968ac578947d8bc80d9aea359f388cdd4aac15cadc0e8447?s=96&d=mm&r=g\",\"contentUrl\":\"https:\/\/secure.gravatar.com\/avatar\/4b1d8e3303b4a9d8968ac578947d8bc80d9aea359f388cdd4aac15cadc0e8447?s=96&d=mm&r=g\",\"caption\":\"manadmin\"},\"sameAs\":[\"https:\/\/fadeu.urantiacos.cl\"]}]}<\/script>\n<!-- \/ Yoast SEO plugin. -->","yoast_head_json":{"title":"Paola Alfaro d\u2019Alen\u00e7on abri\u00f3 festival de \"arte y clima\" con charla magistral sobre resiliencia - Facultad de Arquitectura, Dise\u00f1o y Estudios Urbanos","description":"La profesora ARQ UC fue invitada a realizar la apertura del Festival de Arte y Clima: Kunst Und Klima, realizado en Potsdam, Alemania, con la conferencia titulada \u201cCommons - Climate - Resilience\u201d.","robots":{"index":"index","follow":"follow","max-snippet":"max-snippet:-1","max-image-preview":"max-image-preview:large","max-video-preview":"max-video-preview:-1"},"canonical":"https:\/\/fadeu.urantiacos.cl\/en\/2020\/09\/11\/paola-alfaro-dalencon-abrio-festival-de-arte-y-clima-con-charla-magistral-sobre-resiliencia\/","og_locale":"en_US","og_type":"article","og_title":"Paola Alfaro d\u2019Alen\u00e7on abri\u00f3 festival de \"arte y clima\" con charla magistral sobre resiliencia - Facultad de Arquitectura, Dise\u00f1o y Estudios Urbanos","og_description":"La profesora ARQ UC fue invitada a realizar la apertura del Festival de Arte y Clima: Kunst Und Klima, realizado en Potsdam, Alemania, con la conferencia titulada \u201cCommons - Climate - Resilience\u201d.","og_url":"https:\/\/fadeu.urantiacos.cl\/en\/2020\/09\/11\/paola-alfaro-dalencon-abrio-festival-de-arte-y-clima-con-charla-magistral-sobre-resiliencia\/","og_site_name":"Facultad de Arquitectura, Dise\u00f1o y Estudios Urbanos","article_published_time":"2020-09-11T20:22:00+00:00","article_modified_time":"2023-09-10T20:24:42+00:00","og_image":[{"width":350,"height":250,"url":"https:\/\/fadeu.urantiacos.cl\/wp-content\/uploads\/2023\/09\/paola_alfaro_web.jpg","type":"image\/jpeg"}],"author":"manadmin","twitter_card":"summary_large_image","twitter_misc":{"Written by":"manadmin","Est. reading time":"1 minute"},"schema":{"@context":"https:\/\/schema.org","@graph":[{"@type":"Article","@id":"https:\/\/fadeu.urantiacos.cl\/en\/2020\/09\/11\/paola-alfaro-dalencon-abrio-festival-de-arte-y-clima-con-charla-magistral-sobre-resiliencia\/#article","isPartOf":{"@id":"https:\/\/fadeu.urantiacos.cl\/en\/2020\/09\/11\/paola-alfaro-dalencon-abrio-festival-de-arte-y-clima-con-charla-magistral-sobre-resiliencia\/"},"author":{"name":"manadmin","@id":"https:\/\/fadeu.urantiacos.cl\/en\/#\/schema\/person\/d203e2e84b1c40275eac77b3061a19a2"},"headline":"Paola Alfaro d\u2019Alen\u00e7on abri\u00f3 festival de &#8220;arte y clima&#8221; con charla magistral sobre resiliencia","datePublished":"2020-09-11T20:22:00+00:00","dateModified":"2023-09-10T20:24:42+00:00","mainEntityOfPage":{"@id":"https:\/\/fadeu.urantiacos.cl\/en\/2020\/09\/11\/paola-alfaro-dalencon-abrio-festival-de-arte-y-clima-con-charla-magistral-sobre-resiliencia\/"},"wordCount":259,"commentCount":0,"image":{"@id":"https:\/\/fadeu.urantiacos.cl\/en\/2020\/09\/11\/paola-alfaro-dalencon-abrio-festival-de-arte-y-clima-con-charla-magistral-sobre-resiliencia\/#primaryimage"},"thumbnailUrl":"https:\/\/fadeu.urantiacos.cl\/wp-content\/uploads\/2023\/09\/paola_alfaro_web.jpg","articleSection":["Sin categorizar"],"inLanguage":"en-US","potentialAction":[{"@type":"CommentAction","name":"Comment","target":["https:\/\/fadeu.urantiacos.cl\/en\/2020\/09\/11\/paola-alfaro-dalencon-abrio-festival-de-arte-y-clima-con-charla-magistral-sobre-resiliencia\/#respond"]}]},{"@type":"WebPage","@id":"https:\/\/fadeu.urantiacos.cl\/en\/2020\/09\/11\/paola-alfaro-dalencon-abrio-festival-de-arte-y-clima-con-charla-magistral-sobre-resiliencia\/","url":"https:\/\/fadeu.urantiacos.cl\/en\/2020\/09\/11\/paola-alfaro-dalencon-abrio-festival-de-arte-y-clima-con-charla-magistral-sobre-resiliencia\/","name":"Paola Alfaro d\u2019Alen\u00e7on abri\u00f3 festival de \"arte y clima\" con charla magistral sobre resiliencia - Facultad de Arquitectura, Dise\u00f1o y Estudios Urbanos","isPartOf":{"@id":"https:\/\/fadeu.urantiacos.cl\/en\/#website"},"primaryImageOfPage":{"@id":"https:\/\/fadeu.urantiacos.cl\/en\/2020\/09\/11\/paola-alfaro-dalencon-abrio-festival-de-arte-y-clima-con-charla-magistral-sobre-resiliencia\/#primaryimage"},"image":{"@id":"https:\/\/fadeu.urantiacos.cl\/en\/2020\/09\/11\/paola-alfaro-dalencon-abrio-festival-de-arte-y-clima-con-charla-magistral-sobre-resiliencia\/#primaryimage"},"thumbnailUrl":"https:\/\/fadeu.urantiacos.cl\/wp-content\/uploads\/2023\/09\/paola_alfaro_web.jpg","datePublished":"2020-09-11T20:22:00+00:00","dateModified":"2023-09-10T20:24:42+00:00","author":{"@id":"https:\/\/fadeu.urantiacos.cl\/en\/#\/schema\/person\/d203e2e84b1c40275eac77b3061a19a2"},"description":"La profesora ARQ UC fue invitada a realizar la apertura del Festival de Arte y Clima: Kunst Und Klima, realizado en Potsdam, Alemania, con la conferencia titulada \u201cCommons - Climate - Resilience\u201d.","breadcrumb":{"@id":"https:\/\/fadeu.urantiacos.cl\/en\/2020\/09\/11\/paola-alfaro-dalencon-abrio-festival-de-arte-y-clima-con-charla-magistral-sobre-resiliencia\/#breadcrumb"},"inLanguage":"en-US","potentialAction":[{"@type":"ReadAction","target":["https:\/\/fadeu.urantiacos.cl\/en\/2020\/09\/11\/paola-alfaro-dalencon-abrio-festival-de-arte-y-clima-con-charla-magistral-sobre-resiliencia\/"]}]},{"@type":"ImageObject","inLanguage":"en-US","@id":"https:\/\/fadeu.urantiacos.cl\/en\/2020\/09\/11\/paola-alfaro-dalencon-abrio-festival-de-arte-y-clima-con-charla-magistral-sobre-resiliencia\/#primaryimage","url":"https:\/\/fadeu.urantiacos.cl\/wp-content\/uploads\/2023\/09\/paola_alfaro_web.jpg","contentUrl":"https:\/\/fadeu.urantiacos.cl\/wp-content\/uploads\/2023\/09\/paola_alfaro_web.jpg","width":350,"height":250},{"@type":"BreadcrumbList","@id":"https:\/\/fadeu.urantiacos.cl\/en\/2020\/09\/11\/paola-alfaro-dalencon-abrio-festival-de-arte-y-clima-con-charla-magistral-sobre-resiliencia\/#breadcrumb","itemListElement":[{"@type":"ListItem","position":1,"name":"Portada","item":"https:\/\/fadeu.urantiacos.cl\/en\/"},{"@type":"ListItem","position":2,"name":"Paola Alfaro d\u2019Alen\u00e7on abri\u00f3 festival de &#8220;arte y clima&#8221; con charla magistral sobre resiliencia"}]},{"@type":"WebSite","@id":"https:\/\/fadeu.urantiacos.cl\/en\/#website","url":"https:\/\/fadeu.urantiacos.cl\/en\/","name":"Facultad de Arquitectura, Dise\u00f1o y Estudios Urbanos","description":"Campus Lo Contador","potentialAction":[{"@type":"SearchAction","target":{"@type":"EntryPoint","urlTemplate":"https:\/\/fadeu.urantiacos.cl\/en\/?s={search_term_string}"},"query-input":{"@type":"PropertyValueSpecification","valueRequired":true,"valueName":"search_term_string"}}],"inLanguage":"en-US"},{"@type":"Person","@id":"https:\/\/fadeu.urantiacos.cl\/en\/#\/schema\/person\/d203e2e84b1c40275eac77b3061a19a2","name":"manadmin","image":{"@type":"ImageObject","inLanguage":"en-US","@id":"https:\/\/fadeu.urantiacos.cl\/en\/#\/schema\/person\/image\/","url":"https:\/\/secure.gravatar.com\/avatar\/4b1d8e3303b4a9d8968ac578947d8bc80d9aea359f388cdd4aac15cadc0e8447?s=96&d=mm&r=g","contentUrl":"https:\/\/secure.gravatar.com\/avatar\/4b1d8e3303b4a9d8968ac578947d8bc80d9aea359f388cdd4aac15cadc0e8447?s=96&d=mm&r=g","caption":"manadmin"},"sameAs":["https:\/\/fadeu.urantiacos.cl"]}]}},"_links":{"self":[{"href":"https:\/\/fadeu.urantiacos.cl\/en\/wp-json\/wp\/v2\/posts\/8309","targetHints":{"allow":["GET"]}}],"collection":[{"href":"https:\/\/fadeu.urantiacos.cl\/en\/wp-json\/wp\/v2\/posts"}],"about":[{"href":"https:\/\/fadeu.urantiacos.cl\/en\/wp-json\/wp\/v2\/types\/post"}],"author":[{"embeddable":true,"href":"https:\/\/fadeu.urantiacos.cl\/en\/wp-json\/wp\/v2\/users\/1"}],"replies":[{"embeddable":true,"href":"https:\/\/fadeu.urantiacos.cl\/en\/wp-json\/wp\/v2\/comments?post=8309"}],"version-history":[{"count":1,"href":"https:\/\/fadeu.urantiacos.cl\/en\/wp-json\/wp\/v2\/posts\/8309\/revisions"}],"predecessor-version":[{"id":8312,"href":"https:\/\/fadeu.urantiacos.cl\/en\/wp-json\/wp\/v2\/posts\/8309\/revisions\/8312"}],"wp:featuredmedia":[{"embeddable":true,"href":"https:\/\/fadeu.urantiacos.cl\/en\/wp-json\/wp\/v2\/media\/8310"}],"wp:attachment":[{"href":"https:\/\/fadeu.urantiacos.cl\/en\/wp-json\/wp\/v2\/media?parent=8309"}],"wp:term":[{"taxonomy":"category","embeddable":true,"href":"https:\/\/fadeu.urantiacos.cl\/en\/wp-json\/wp\/v2\/categories?post=8309"},{"taxonomy":"post_tag","embeddable":true,"href":"https:\/\/fadeu.urantiacos.cl\/en\/wp-json\/wp\/v2\/tags?post=8309"}],"curies":[{"name":"wp","href":"https:\/\/api.w.org\/{rel}","templated":true}]}}