{"id":8306,"date":"2020-09-11T17:20:00","date_gmt":"2020-09-11T20:20:00","guid":{"rendered":"https:\/\/fadeu.urantiacos.cl\/?p=8306"},"modified":"2023-10-23T08:41:08","modified_gmt":"2023-10-23T11:41:08","slug":"proyecto-indice-de-innovacion-publica","status":"publish","type":"post","link":"https:\/\/fadeu.urantiacos.cl\/en\/2020\/09\/11\/proyecto-indice-de-innovacion-publica\/","title":{"rendered":"Proyecto: \u00cdndice de Innovaci\u00f3n P\u00fablica"},"content":{"rendered":"\n<figure class=\"wp-block-image size-full\"><img decoding=\"async\" width=\"350\" height=\"250\" src=\"https:\/\/fadeu.urantiacos.cl\/wp-content\/uploads\/2023\/09\/INDICE_bernardita_figueroa_web.jpg\" alt=\"\" class=\"wp-image-8307\" srcset=\"https:\/\/fadeu.urantiacos.cl\/wp-content\/uploads\/2023\/09\/INDICE_bernardita_figueroa_web.jpg 350w, https:\/\/fadeu.urantiacos.cl\/wp-content\/uploads\/2023\/09\/INDICE_bernardita_figueroa_web-300x214.jpg 300w\" sizes=\"(max-width: 350px) 100vw, 350px\" \/><\/figure>\n\n\n\n<p>\u201cEste indicador viene a potenciar la innovaci\u00f3n p\u00fablica como un motor relevante para fortalecer la democracia y hacer que los servicios p\u00fablicos sean capaces de responder a una sociedad compleja y llena de desaf\u00edos. La invitaci\u00f3n a participar como mentora desde el Dise\u00f1o habla de la relevancia que tiene el Dise\u00f1o en la construcci\u00f3n del un Estado flexible y capaz de responder a las necesidades de las personas\u201d, explica&nbsp;Bernardita Figueroa.<\/p>\n\n\n\n<p>Surgido a partir de la necesidad de medir la capacidad de innovar por parte de los organismos p\u00fablicos y continuar avanzando hacia un Estado m\u00e1s eficiente y en sinton\u00eda con las necesidades de las personas, es que se desarrolla este proyecto que buscar\u00e1 determinar la condici\u00f3n actual de cerca de 90 instituciones que dependen del Gobierno Central \u2014, en t\u00e9rminos de innovaci\u00f3n, con el objetivo de incentivar las buenas pr\u00e1cticas en esta materia.<\/p>\n\n\n\n<p>INFORMACI\u00d3N PERIOD\u00cdSTICA<br>ESCUELA DE DISE\u00d1O UC<\/p>\n","protected":false},"excerpt":{"rendered":"<p>La docente Bernardita Figueroa fue invitada a participar del equipo de mentores expertos que colaborar\u00e1n con las entidades que participen del \u00cdndice de Innovaci\u00f3n P\u00fablica, proyecto liderado por el Laboratorio de Gobierno, en conjunto con el BID.<\/p>\n","protected":false},"author":1,"featured_media":8307,"comment_status":"open","ping_status":"open","sticky":false,"template":"","format":"standard","meta":{"_acf_changed":false,"footnotes":""},"categories":[1],"tags":[],"class_list":["post-8306","post","type-post","status-publish","format-standard","has-post-thumbnail","hentry","category-sin-categorizar"],"acf":[],"yoast_head":"<!-- This site is optimized with the Yoast SEO plugin v27.1.1 - https:\/\/yoast.com\/product\/yoast-seo-wordpress\/ -->\n<title>Proyecto: \u00cdndice de Innovaci\u00f3n P\u00fablica - Facultad de Arquitectura, Dise\u00f1o y Estudios Urbanos<\/title>\n<meta name=\"description\" content=\"La docente Bernardita Figueroa fue invitada a participar del equipo de mentores expertos que colaborar\u00e1n con las entidades que participen del \u00cdndice de Innovaci\u00f3n P\u00fablica, proyecto liderado por el Laboratorio de Gobierno, en conjunto con el BID.\" \/>\n<meta name=\"robots\" content=\"index, follow, max-snippet:-1, max-image-preview:large, max-video-preview:-1\" \/>\n<link rel=\"canonical\" href=\"https:\/\/fadeu.urantiacos.cl\/en\/2020\/09\/11\/proyecto-indice-de-innovacion-publica\/\" \/>\n<meta property=\"og:locale\" content=\"en_US\" \/>\n<meta property=\"og:type\" content=\"article\" \/>\n<meta property=\"og:title\" content=\"Proyecto: \u00cdndice de Innovaci\u00f3n P\u00fablica - Facultad de Arquitectura, Dise\u00f1o y Estudios Urbanos\" \/>\n<meta property=\"og:description\" content=\"La docente Bernardita Figueroa fue invitada a participar del equipo de mentores expertos que colaborar\u00e1n con las entidades que participen del \u00cdndice de Innovaci\u00f3n P\u00fablica, proyecto liderado por el Laboratorio de Gobierno, en conjunto con el BID.\" \/>\n<meta property=\"og:url\" content=\"https:\/\/fadeu.urantiacos.cl\/en\/2020\/09\/11\/proyecto-indice-de-innovacion-publica\/\" \/>\n<meta property=\"og:site_name\" content=\"Facultad de Arquitectura, Dise\u00f1o y Estudios Urbanos\" \/>\n<meta property=\"article:published_time\" content=\"2020-09-11T20:20:00+00:00\" \/>\n<meta property=\"article:modified_time\" content=\"2023-10-23T11:41:08+00:00\" \/>\n<meta property=\"og:image\" content=\"https:\/\/fadeu.urantiacos.cl\/wp-content\/uploads\/2023\/09\/INDICE_bernardita_figueroa_web.jpg\" \/>\n\t<meta property=\"og:image:width\" content=\"350\" \/>\n\t<meta property=\"og:image:height\" content=\"250\" \/>\n\t<meta property=\"og:image:type\" content=\"image\/jpeg\" \/>\n<meta name=\"author\" content=\"manadmin\" \/>\n<meta name=\"twitter:card\" content=\"summary_large_image\" \/>\n<meta name=\"twitter:label1\" content=\"Written by\" \/>\n\t<meta name=\"twitter:data1\" content=\"manadmin\" \/>\n\t<meta name=\"twitter:label2\" content=\"Est. reading time\" \/>\n\t<meta name=\"twitter:data2\" content=\"2 minutes\" \/>\n<script type=\"application\/ld+json\" class=\"yoast-schema-graph\">{\"@context\":\"https:\/\/schema.org\",\"@graph\":[{\"@type\":\"Article\",\"@id\":\"https:\/\/fadeu.urantiacos.cl\/en\/2020\/09\/11\/proyecto-indice-de-innovacion-publica\/#article\",\"isPartOf\":{\"@id\":\"https:\/\/fadeu.urantiacos.cl\/en\/2020\/09\/11\/proyecto-indice-de-innovacion-publica\/\"},\"author\":{\"name\":\"manadmin\",\"@id\":\"https:\/\/fadeu.urantiacos.cl\/en\/#\/schema\/person\/d203e2e84b1c40275eac77b3061a19a2\"},\"headline\":\"Proyecto: \u00cdndice de Innovaci\u00f3n P\u00fablica\",\"datePublished\":\"2020-09-11T20:20:00+00:00\",\"dateModified\":\"2023-10-23T11:41:08+00:00\",\"mainEntityOfPage\":{\"@id\":\"https:\/\/fadeu.urantiacos.cl\/en\/2020\/09\/11\/proyecto-indice-de-innovacion-publica\/\"},\"wordCount\":173,\"commentCount\":0,\"image\":{\"@id\":\"https:\/\/fadeu.urantiacos.cl\/en\/2020\/09\/11\/proyecto-indice-de-innovacion-publica\/#primaryimage\"},\"thumbnailUrl\":\"https:\/\/fadeu.urantiacos.cl\/wp-content\/uploads\/2023\/09\/INDICE_bernardita_figueroa_web.jpg\",\"articleSection\":[\"Sin categorizar\"],\"inLanguage\":\"en-US\",\"potentialAction\":[{\"@type\":\"CommentAction\",\"name\":\"Comment\",\"target\":[\"https:\/\/fadeu.urantiacos.cl\/en\/2020\/09\/11\/proyecto-indice-de-innovacion-publica\/#respond\"]}]},{\"@type\":\"WebPage\",\"@id\":\"https:\/\/fadeu.urantiacos.cl\/en\/2020\/09\/11\/proyecto-indice-de-innovacion-publica\/\",\"url\":\"https:\/\/fadeu.urantiacos.cl\/en\/2020\/09\/11\/proyecto-indice-de-innovacion-publica\/\",\"name\":\"Proyecto: \u00cdndice de Innovaci\u00f3n P\u00fablica - Facultad de Arquitectura, Dise\u00f1o y Estudios Urbanos\",\"isPartOf\":{\"@id\":\"https:\/\/fadeu.urantiacos.cl\/en\/#website\"},\"primaryImageOfPage\":{\"@id\":\"https:\/\/fadeu.urantiacos.cl\/en\/2020\/09\/11\/proyecto-indice-de-innovacion-publica\/#primaryimage\"},\"image\":{\"@id\":\"https:\/\/fadeu.urantiacos.cl\/en\/2020\/09\/11\/proyecto-indice-de-innovacion-publica\/#primaryimage\"},\"thumbnailUrl\":\"https:\/\/fadeu.urantiacos.cl\/wp-content\/uploads\/2023\/09\/INDICE_bernardita_figueroa_web.jpg\",\"datePublished\":\"2020-09-11T20:20:00+00:00\",\"dateModified\":\"2023-10-23T11:41:08+00:00\",\"author\":{\"@id\":\"https:\/\/fadeu.urantiacos.cl\/en\/#\/schema\/person\/d203e2e84b1c40275eac77b3061a19a2\"},\"description\":\"La docente Bernardita Figueroa fue invitada a participar del equipo de mentores expertos que colaborar\u00e1n con las entidades que participen del \u00cdndice de Innovaci\u00f3n P\u00fablica, proyecto liderado por el Laboratorio de Gobierno, en conjunto con el BID.\",\"breadcrumb\":{\"@id\":\"https:\/\/fadeu.urantiacos.cl\/en\/2020\/09\/11\/proyecto-indice-de-innovacion-publica\/#breadcrumb\"},\"inLanguage\":\"en-US\",\"potentialAction\":[{\"@type\":\"ReadAction\",\"target\":[\"https:\/\/fadeu.urantiacos.cl\/en\/2020\/09\/11\/proyecto-indice-de-innovacion-publica\/\"]}]},{\"@type\":\"ImageObject\",\"inLanguage\":\"en-US\",\"@id\":\"https:\/\/fadeu.urantiacos.cl\/en\/2020\/09\/11\/proyecto-indice-de-innovacion-publica\/#primaryimage\",\"url\":\"https:\/\/fadeu.urantiacos.cl\/wp-content\/uploads\/2023\/09\/INDICE_bernardita_figueroa_web.jpg\",\"contentUrl\":\"https:\/\/fadeu.urantiacos.cl\/wp-content\/uploads\/2023\/09\/INDICE_bernardita_figueroa_web.jpg\",\"width\":350,\"height\":250},{\"@type\":\"BreadcrumbList\",\"@id\":\"https:\/\/fadeu.urantiacos.cl\/en\/2020\/09\/11\/proyecto-indice-de-innovacion-publica\/#breadcrumb\",\"itemListElement\":[{\"@type\":\"ListItem\",\"position\":1,\"name\":\"Portada\",\"item\":\"https:\/\/fadeu.urantiacos.cl\/en\/\"},{\"@type\":\"ListItem\",\"position\":2,\"name\":\"Proyecto: \u00cdndice de Innovaci\u00f3n P\u00fablica\"}]},{\"@type\":\"WebSite\",\"@id\":\"https:\/\/fadeu.urantiacos.cl\/en\/#website\",\"url\":\"https:\/\/fadeu.urantiacos.cl\/en\/\",\"name\":\"Facultad de Arquitectura, Dise\u00f1o y Estudios Urbanos\",\"description\":\"Campus Lo Contador\",\"potentialAction\":[{\"@type\":\"SearchAction\",\"target\":{\"@type\":\"EntryPoint\",\"urlTemplate\":\"https:\/\/fadeu.urantiacos.cl\/en\/?s={search_term_string}\"},\"query-input\":{\"@type\":\"PropertyValueSpecification\",\"valueRequired\":true,\"valueName\":\"search_term_string\"}}],\"inLanguage\":\"en-US\"},{\"@type\":\"Person\",\"@id\":\"https:\/\/fadeu.urantiacos.cl\/en\/#\/schema\/person\/d203e2e84b1c40275eac77b3061a19a2\",\"name\":\"manadmin\",\"image\":{\"@type\":\"ImageObject\",\"inLanguage\":\"en-US\",\"@id\":\"https:\/\/fadeu.urantiacos.cl\/en\/#\/schema\/person\/image\/\",\"url\":\"https:\/\/secure.gravatar.com\/avatar\/4b1d8e3303b4a9d8968ac578947d8bc80d9aea359f388cdd4aac15cadc0e8447?s=96&d=mm&r=g\",\"contentUrl\":\"https:\/\/secure.gravatar.com\/avatar\/4b1d8e3303b4a9d8968ac578947d8bc80d9aea359f388cdd4aac15cadc0e8447?s=96&d=mm&r=g\",\"caption\":\"manadmin\"},\"sameAs\":[\"https:\/\/fadeu.urantiacos.cl\"]}]}<\/script>\n<!-- \/ Yoast SEO plugin. -->","yoast_head_json":{"title":"Proyecto: \u00cdndice de Innovaci\u00f3n P\u00fablica - Facultad de Arquitectura, Dise\u00f1o y Estudios Urbanos","description":"La docente Bernardita Figueroa fue invitada a participar del equipo de mentores expertos que colaborar\u00e1n con las entidades que participen del \u00cdndice de Innovaci\u00f3n P\u00fablica, proyecto liderado por el Laboratorio de Gobierno, en conjunto con el BID.","robots":{"index":"index","follow":"follow","max-snippet":"max-snippet:-1","max-image-preview":"max-image-preview:large","max-video-preview":"max-video-preview:-1"},"canonical":"https:\/\/fadeu.urantiacos.cl\/en\/2020\/09\/11\/proyecto-indice-de-innovacion-publica\/","og_locale":"en_US","og_type":"article","og_title":"Proyecto: \u00cdndice de Innovaci\u00f3n P\u00fablica - Facultad de Arquitectura, Dise\u00f1o y Estudios Urbanos","og_description":"La docente Bernardita Figueroa fue invitada a participar del equipo de mentores expertos que colaborar\u00e1n con las entidades que participen del \u00cdndice de Innovaci\u00f3n P\u00fablica, proyecto liderado por el Laboratorio de Gobierno, en conjunto con el BID.","og_url":"https:\/\/fadeu.urantiacos.cl\/en\/2020\/09\/11\/proyecto-indice-de-innovacion-publica\/","og_site_name":"Facultad de Arquitectura, Dise\u00f1o y Estudios Urbanos","article_published_time":"2020-09-11T20:20:00+00:00","article_modified_time":"2023-10-23T11:41:08+00:00","og_image":[{"width":350,"height":250,"url":"https:\/\/fadeu.urantiacos.cl\/wp-content\/uploads\/2023\/09\/INDICE_bernardita_figueroa_web.jpg","type":"image\/jpeg"}],"author":"manadmin","twitter_card":"summary_large_image","twitter_misc":{"Written by":"manadmin","Est. reading time":"2 minutes"},"schema":{"@context":"https:\/\/schema.org","@graph":[{"@type":"Article","@id":"https:\/\/fadeu.urantiacos.cl\/en\/2020\/09\/11\/proyecto-indice-de-innovacion-publica\/#article","isPartOf":{"@id":"https:\/\/fadeu.urantiacos.cl\/en\/2020\/09\/11\/proyecto-indice-de-innovacion-publica\/"},"author":{"name":"manadmin","@id":"https:\/\/fadeu.urantiacos.cl\/en\/#\/schema\/person\/d203e2e84b1c40275eac77b3061a19a2"},"headline":"Proyecto: \u00cdndice de Innovaci\u00f3n P\u00fablica","datePublished":"2020-09-11T20:20:00+00:00","dateModified":"2023-10-23T11:41:08+00:00","mainEntityOfPage":{"@id":"https:\/\/fadeu.urantiacos.cl\/en\/2020\/09\/11\/proyecto-indice-de-innovacion-publica\/"},"wordCount":173,"commentCount":0,"image":{"@id":"https:\/\/fadeu.urantiacos.cl\/en\/2020\/09\/11\/proyecto-indice-de-innovacion-publica\/#primaryimage"},"thumbnailUrl":"https:\/\/fadeu.urantiacos.cl\/wp-content\/uploads\/2023\/09\/INDICE_bernardita_figueroa_web.jpg","articleSection":["Sin categorizar"],"inLanguage":"en-US","potentialAction":[{"@type":"CommentAction","name":"Comment","target":["https:\/\/fadeu.urantiacos.cl\/en\/2020\/09\/11\/proyecto-indice-de-innovacion-publica\/#respond"]}]},{"@type":"WebPage","@id":"https:\/\/fadeu.urantiacos.cl\/en\/2020\/09\/11\/proyecto-indice-de-innovacion-publica\/","url":"https:\/\/fadeu.urantiacos.cl\/en\/2020\/09\/11\/proyecto-indice-de-innovacion-publica\/","name":"Proyecto: \u00cdndice de Innovaci\u00f3n P\u00fablica - Facultad de Arquitectura, Dise\u00f1o y Estudios Urbanos","isPartOf":{"@id":"https:\/\/fadeu.urantiacos.cl\/en\/#website"},"primaryImageOfPage":{"@id":"https:\/\/fadeu.urantiacos.cl\/en\/2020\/09\/11\/proyecto-indice-de-innovacion-publica\/#primaryimage"},"image":{"@id":"https:\/\/fadeu.urantiacos.cl\/en\/2020\/09\/11\/proyecto-indice-de-innovacion-publica\/#primaryimage"},"thumbnailUrl":"https:\/\/fadeu.urantiacos.cl\/wp-content\/uploads\/2023\/09\/INDICE_bernardita_figueroa_web.jpg","datePublished":"2020-09-11T20:20:00+00:00","dateModified":"2023-10-23T11:41:08+00:00","author":{"@id":"https:\/\/fadeu.urantiacos.cl\/en\/#\/schema\/person\/d203e2e84b1c40275eac77b3061a19a2"},"description":"La docente Bernardita Figueroa fue invitada a participar del equipo de mentores expertos que colaborar\u00e1n con las entidades que participen del \u00cdndice de Innovaci\u00f3n P\u00fablica, proyecto liderado por el Laboratorio de Gobierno, en conjunto con el BID.","breadcrumb":{"@id":"https:\/\/fadeu.urantiacos.cl\/en\/2020\/09\/11\/proyecto-indice-de-innovacion-publica\/#breadcrumb"},"inLanguage":"en-US","potentialAction":[{"@type":"ReadAction","target":["https:\/\/fadeu.urantiacos.cl\/en\/2020\/09\/11\/proyecto-indice-de-innovacion-publica\/"]}]},{"@type":"ImageObject","inLanguage":"en-US","@id":"https:\/\/fadeu.urantiacos.cl\/en\/2020\/09\/11\/proyecto-indice-de-innovacion-publica\/#primaryimage","url":"https:\/\/fadeu.urantiacos.cl\/wp-content\/uploads\/2023\/09\/INDICE_bernardita_figueroa_web.jpg","contentUrl":"https:\/\/fadeu.urantiacos.cl\/wp-content\/uploads\/2023\/09\/INDICE_bernardita_figueroa_web.jpg","width":350,"height":250},{"@type":"BreadcrumbList","@id":"https:\/\/fadeu.urantiacos.cl\/en\/2020\/09\/11\/proyecto-indice-de-innovacion-publica\/#breadcrumb","itemListElement":[{"@type":"ListItem","position":1,"name":"Portada","item":"https:\/\/fadeu.urantiacos.cl\/en\/"},{"@type":"ListItem","position":2,"name":"Proyecto: \u00cdndice de Innovaci\u00f3n P\u00fablica"}]},{"@type":"WebSite","@id":"https:\/\/fadeu.urantiacos.cl\/en\/#website","url":"https:\/\/fadeu.urantiacos.cl\/en\/","name":"Facultad de Arquitectura, Dise\u00f1o y Estudios Urbanos","description":"Campus Lo Contador","potentialAction":[{"@type":"SearchAction","target":{"@type":"EntryPoint","urlTemplate":"https:\/\/fadeu.urantiacos.cl\/en\/?s={search_term_string}"},"query-input":{"@type":"PropertyValueSpecification","valueRequired":true,"valueName":"search_term_string"}}],"inLanguage":"en-US"},{"@type":"Person","@id":"https:\/\/fadeu.urantiacos.cl\/en\/#\/schema\/person\/d203e2e84b1c40275eac77b3061a19a2","name":"manadmin","image":{"@type":"ImageObject","inLanguage":"en-US","@id":"https:\/\/fadeu.urantiacos.cl\/en\/#\/schema\/person\/image\/","url":"https:\/\/secure.gravatar.com\/avatar\/4b1d8e3303b4a9d8968ac578947d8bc80d9aea359f388cdd4aac15cadc0e8447?s=96&d=mm&r=g","contentUrl":"https:\/\/secure.gravatar.com\/avatar\/4b1d8e3303b4a9d8968ac578947d8bc80d9aea359f388cdd4aac15cadc0e8447?s=96&d=mm&r=g","caption":"manadmin"},"sameAs":["https:\/\/fadeu.urantiacos.cl"]}]}},"_links":{"self":[{"href":"https:\/\/fadeu.urantiacos.cl\/en\/wp-json\/wp\/v2\/posts\/8306","targetHints":{"allow":["GET"]}}],"collection":[{"href":"https:\/\/fadeu.urantiacos.cl\/en\/wp-json\/wp\/v2\/posts"}],"about":[{"href":"https:\/\/fadeu.urantiacos.cl\/en\/wp-json\/wp\/v2\/types\/post"}],"author":[{"embeddable":true,"href":"https:\/\/fadeu.urantiacos.cl\/en\/wp-json\/wp\/v2\/users\/1"}],"replies":[{"embeddable":true,"href":"https:\/\/fadeu.urantiacos.cl\/en\/wp-json\/wp\/v2\/comments?post=8306"}],"version-history":[{"count":2,"href":"https:\/\/fadeu.urantiacos.cl\/en\/wp-json\/wp\/v2\/posts\/8306\/revisions"}],"predecessor-version":[{"id":17294,"href":"https:\/\/fadeu.urantiacos.cl\/en\/wp-json\/wp\/v2\/posts\/8306\/revisions\/17294"}],"wp:featuredmedia":[{"embeddable":true,"href":"https:\/\/fadeu.urantiacos.cl\/en\/wp-json\/wp\/v2\/media\/8307"}],"wp:attachment":[{"href":"https:\/\/fadeu.urantiacos.cl\/en\/wp-json\/wp\/v2\/media?parent=8306"}],"wp:term":[{"taxonomy":"category","embeddable":true,"href":"https:\/\/fadeu.urantiacos.cl\/en\/wp-json\/wp\/v2\/categories?post=8306"},{"taxonomy":"post_tag","embeddable":true,"href":"https:\/\/fadeu.urantiacos.cl\/en\/wp-json\/wp\/v2\/tags?post=8306"}],"curies":[{"name":"wp","href":"https:\/\/api.w.org\/{rel}","templated":true}]}}