{"id":8291,"date":"2020-09-11T17:13:00","date_gmt":"2020-09-11T20:13:00","guid":{"rendered":"https:\/\/fadeu.urantiacos.cl\/?p=8291"},"modified":"2023-09-10T17:14:52","modified_gmt":"2023-09-10T20:14:52","slug":"francisco-diaz-dicta-charla-en-la-universidad-san-sebastian","status":"publish","type":"post","link":"https:\/\/fadeu.urantiacos.cl\/en\/2020\/09\/11\/francisco-diaz-dicta-charla-en-la-universidad-san-sebastian\/","title":{"rendered":"Francisco D\u00edaz dicta charla en la Universidad San Sebasti\u00e1n"},"content":{"rendered":"\n<figure class=\"wp-block-image size-full\"><img decoding=\"async\" width=\"350\" height=\"250\" src=\"https:\/\/fadeu.urantiacos.cl\/wp-content\/uploads\/2023\/09\/unnamed_1.jpg\" alt=\"\" class=\"wp-image-8293\" srcset=\"https:\/\/fadeu.urantiacos.cl\/wp-content\/uploads\/2023\/09\/unnamed_1.jpg 350w, https:\/\/fadeu.urantiacos.cl\/wp-content\/uploads\/2023\/09\/unnamed_1-300x214.jpg 300w\" sizes=\"(max-width: 350px) 100vw, 350px\" \/><\/figure>\n\n\n\n<p>La charla, titulada \u201c\u00bfEstamos seguros de lo que sabemos?\u201d, tuvo como eje el libro publicado por D\u00edaz bajo el t\u00edtulo Patolog\u00edas contempor\u00e1neas: Ensayos de arquitectura tras la crisis de 2008 (Santiago: Uqbar Editores; 2019; Barcelona: dpr barcelona, 2020). De esta manera, la presentaci\u00f3n abord\u00f3 la idea \u2014o posibilidad\u2014 de entender la arquitectura como un campo de conocimientos cuyos l\u00edmites pueden ser expandidos, pero tambi\u00e9n cuyos discursos hegem\u00f3nicos pueden ponerse en duda.<\/p>\n\n\n\n<p>Como indica Francisco D\u00edaz en sus agradecimientos, el libro tiene como base la reformulaci\u00f3n que realiz\u00f3 al curso ARQ UC &#8220;Problemas de la Arquitectura Contempor\u00e1nea&#8221; y, en esa l\u00ednea, el profesor ARQ UC agradece a la escuela, al Mag\u00edster en Arquitectura UC y &#8220;a todos los estudiantes que han participado de ese curso, pues los debates y discusiones con ellos ciertamente han impactado en las ideas plasmadas aqu\u00ed&#8221;.<\/p>\n\n\n\n<p>Sobre el libro<br>A partir de una serie de psicopatolog\u00edas (entendidas como lentes a trav\u00e9s de las cuales observar un fen\u00f3meno), Patolog\u00edas contempor\u00e1neas: Ensayos de arquitectura tras la crisis de 2008 es un intento de analizar cr\u00edticamente diversas facetas de la arquitectura actual eludiendo sus cerrojos ret\u00f3ricos. Al definir un estado hipot\u00e9tico en que la arquitectura se tiende en el div\u00e1n \u2013como si estuviera aquejada por ciertas perturbaciones psicol\u00f3gicas\u2013 no se busca hacer el diagn\u00f3stico de una disciplina enferma, sino m\u00e1s bien forzar condiciones m\u00f3rbidas en las que sea posible apreciar aquellas anomal\u00edas o problemas invisibles en su estado de normalidad.<\/p>\n\n\n\n<p>Ver ficha de la edici\u00f3n en dpr barcelona en el siguiente&nbsp;<a href=\"http:\/\/www.dpr-barcelona.com\/index.php?\/projects\/patologias\/\" target=\"_blank\" rel=\"noreferrer noopener\">link<\/a><br>Ver ficha de la edici\u00f3n en Uqbar editores en el siguiente&nbsp;<a href=\"https:\/\/www.uqbareditores.cl\/patologias-contemporaneas-pvp\" target=\"_blank\" rel=\"noreferrer noopener\">link<\/a>&nbsp;<a href=\"https:\/\/www.uqbareditores.cl\/patologias-contemporaneas-pvp\"><\/a><\/p>\n\n\n\n<p>Noticias<br>Contacto:&nbsp;<a href=\"mailto:redesarq@uc.cl\">redesarq@uc.cl<\/a>&nbsp;| +56 2 2354 7747<br>www.arquitectura.uc.cl<\/p>\n","protected":false},"excerpt":{"rendered":"<p>En el marco del ciclo de charlas Cultura Arquitect\u00f3nica Primavera 2020, la Escuela de Arquitectura de la Universidad San Sebasti\u00e1n, sede Santiago, invit\u00f3 al profesor ARQ UC a exponer su libro sobre &#8220;patolog\u00edas contempor\u00e1neas&#8221;.<\/p>\n","protected":false},"author":1,"featured_media":8293,"comment_status":"open","ping_status":"open","sticky":false,"template":"","format":"standard","meta":{"_acf_changed":false,"footnotes":""},"categories":[1],"tags":[],"class_list":["post-8291","post","type-post","status-publish","format-standard","has-post-thumbnail","hentry","category-sin-categorizar"],"acf":[],"yoast_head":"<!-- This site is optimized with the Yoast SEO plugin v27.1.1 - https:\/\/yoast.com\/product\/yoast-seo-wordpress\/ -->\n<title>Francisco D\u00edaz dicta charla en la Universidad San Sebasti\u00e1n - Facultad de Arquitectura, Dise\u00f1o y Estudios Urbanos<\/title>\n<meta name=\"description\" content=\"En el marco del ciclo de charlas Cultura Arquitect\u00f3nica Primavera 2020, la Escuela de Arquitectura de la Universidad San Sebasti\u00e1n, sede Santiago, invit\u00f3 al profesor ARQ UC a exponer su libro sobre &quot;patolog\u00edas contempor\u00e1neas&quot;.\" \/>\n<meta name=\"robots\" content=\"index, follow, max-snippet:-1, max-image-preview:large, max-video-preview:-1\" \/>\n<link rel=\"canonical\" href=\"https:\/\/fadeu.urantiacos.cl\/en\/2020\/09\/11\/francisco-diaz-dicta-charla-en-la-universidad-san-sebastian\/\" \/>\n<meta property=\"og:locale\" content=\"en_US\" \/>\n<meta property=\"og:type\" content=\"article\" \/>\n<meta property=\"og:title\" content=\"Francisco D\u00edaz dicta charla en la Universidad San Sebasti\u00e1n - Facultad de Arquitectura, Dise\u00f1o y Estudios Urbanos\" \/>\n<meta property=\"og:description\" content=\"En el marco del ciclo de charlas Cultura Arquitect\u00f3nica Primavera 2020, la Escuela de Arquitectura de la Universidad San Sebasti\u00e1n, sede Santiago, invit\u00f3 al profesor ARQ UC a exponer su libro sobre &quot;patolog\u00edas contempor\u00e1neas&quot;.\" \/>\n<meta property=\"og:url\" content=\"https:\/\/fadeu.urantiacos.cl\/en\/2020\/09\/11\/francisco-diaz-dicta-charla-en-la-universidad-san-sebastian\/\" \/>\n<meta property=\"og:site_name\" content=\"Facultad de Arquitectura, Dise\u00f1o y Estudios Urbanos\" \/>\n<meta property=\"article:published_time\" content=\"2020-09-11T20:13:00+00:00\" \/>\n<meta property=\"article:modified_time\" content=\"2023-09-10T20:14:52+00:00\" \/>\n<meta property=\"og:image\" content=\"https:\/\/fadeu.urantiacos.cl\/wp-content\/uploads\/2023\/09\/unnamed_1.jpg\" \/>\n\t<meta property=\"og:image:width\" content=\"350\" \/>\n\t<meta property=\"og:image:height\" content=\"250\" \/>\n\t<meta property=\"og:image:type\" content=\"image\/jpeg\" \/>\n<meta name=\"author\" content=\"manadmin\" \/>\n<meta name=\"twitter:card\" content=\"summary_large_image\" \/>\n<meta name=\"twitter:label1\" content=\"Written by\" \/>\n\t<meta name=\"twitter:data1\" content=\"manadmin\" \/>\n\t<meta name=\"twitter:label2\" content=\"Est. reading time\" \/>\n\t<meta name=\"twitter:data2\" content=\"2 minutes\" \/>\n<script type=\"application\/ld+json\" class=\"yoast-schema-graph\">{\"@context\":\"https:\/\/schema.org\",\"@graph\":[{\"@type\":\"Article\",\"@id\":\"https:\/\/fadeu.urantiacos.cl\/en\/2020\/09\/11\/francisco-diaz-dicta-charla-en-la-universidad-san-sebastian\/#article\",\"isPartOf\":{\"@id\":\"https:\/\/fadeu.urantiacos.cl\/en\/2020\/09\/11\/francisco-diaz-dicta-charla-en-la-universidad-san-sebastian\/\"},\"author\":{\"name\":\"manadmin\",\"@id\":\"https:\/\/fadeu.urantiacos.cl\/en\/#\/schema\/person\/d203e2e84b1c40275eac77b3061a19a2\"},\"headline\":\"Francisco D\u00edaz dicta charla en la Universidad San Sebasti\u00e1n\",\"datePublished\":\"2020-09-11T20:13:00+00:00\",\"dateModified\":\"2023-09-10T20:14:52+00:00\",\"mainEntityOfPage\":{\"@id\":\"https:\/\/fadeu.urantiacos.cl\/en\/2020\/09\/11\/francisco-diaz-dicta-charla-en-la-universidad-san-sebastian\/\"},\"wordCount\":312,\"commentCount\":0,\"image\":{\"@id\":\"https:\/\/fadeu.urantiacos.cl\/en\/2020\/09\/11\/francisco-diaz-dicta-charla-en-la-universidad-san-sebastian\/#primaryimage\"},\"thumbnailUrl\":\"https:\/\/fadeu.urantiacos.cl\/wp-content\/uploads\/2023\/09\/unnamed_1.jpg\",\"articleSection\":[\"Sin categorizar\"],\"inLanguage\":\"en-US\",\"potentialAction\":[{\"@type\":\"CommentAction\",\"name\":\"Comment\",\"target\":[\"https:\/\/fadeu.urantiacos.cl\/en\/2020\/09\/11\/francisco-diaz-dicta-charla-en-la-universidad-san-sebastian\/#respond\"]}]},{\"@type\":\"WebPage\",\"@id\":\"https:\/\/fadeu.urantiacos.cl\/en\/2020\/09\/11\/francisco-diaz-dicta-charla-en-la-universidad-san-sebastian\/\",\"url\":\"https:\/\/fadeu.urantiacos.cl\/en\/2020\/09\/11\/francisco-diaz-dicta-charla-en-la-universidad-san-sebastian\/\",\"name\":\"Francisco D\u00edaz dicta charla en la Universidad San Sebasti\u00e1n - Facultad de Arquitectura, Dise\u00f1o y Estudios Urbanos\",\"isPartOf\":{\"@id\":\"https:\/\/fadeu.urantiacos.cl\/en\/#website\"},\"primaryImageOfPage\":{\"@id\":\"https:\/\/fadeu.urantiacos.cl\/en\/2020\/09\/11\/francisco-diaz-dicta-charla-en-la-universidad-san-sebastian\/#primaryimage\"},\"image\":{\"@id\":\"https:\/\/fadeu.urantiacos.cl\/en\/2020\/09\/11\/francisco-diaz-dicta-charla-en-la-universidad-san-sebastian\/#primaryimage\"},\"thumbnailUrl\":\"https:\/\/fadeu.urantiacos.cl\/wp-content\/uploads\/2023\/09\/unnamed_1.jpg\",\"datePublished\":\"2020-09-11T20:13:00+00:00\",\"dateModified\":\"2023-09-10T20:14:52+00:00\",\"author\":{\"@id\":\"https:\/\/fadeu.urantiacos.cl\/en\/#\/schema\/person\/d203e2e84b1c40275eac77b3061a19a2\"},\"description\":\"En el marco del ciclo de charlas Cultura Arquitect\u00f3nica Primavera 2020, la Escuela de Arquitectura de la Universidad San Sebasti\u00e1n, sede Santiago, invit\u00f3 al profesor ARQ UC a exponer su libro sobre \\\"patolog\u00edas contempor\u00e1neas\\\".\",\"breadcrumb\":{\"@id\":\"https:\/\/fadeu.urantiacos.cl\/en\/2020\/09\/11\/francisco-diaz-dicta-charla-en-la-universidad-san-sebastian\/#breadcrumb\"},\"inLanguage\":\"en-US\",\"potentialAction\":[{\"@type\":\"ReadAction\",\"target\":[\"https:\/\/fadeu.urantiacos.cl\/en\/2020\/09\/11\/francisco-diaz-dicta-charla-en-la-universidad-san-sebastian\/\"]}]},{\"@type\":\"ImageObject\",\"inLanguage\":\"en-US\",\"@id\":\"https:\/\/fadeu.urantiacos.cl\/en\/2020\/09\/11\/francisco-diaz-dicta-charla-en-la-universidad-san-sebastian\/#primaryimage\",\"url\":\"https:\/\/fadeu.urantiacos.cl\/wp-content\/uploads\/2023\/09\/unnamed_1.jpg\",\"contentUrl\":\"https:\/\/fadeu.urantiacos.cl\/wp-content\/uploads\/2023\/09\/unnamed_1.jpg\",\"width\":350,\"height\":250},{\"@type\":\"BreadcrumbList\",\"@id\":\"https:\/\/fadeu.urantiacos.cl\/en\/2020\/09\/11\/francisco-diaz-dicta-charla-en-la-universidad-san-sebastian\/#breadcrumb\",\"itemListElement\":[{\"@type\":\"ListItem\",\"position\":1,\"name\":\"Portada\",\"item\":\"https:\/\/fadeu.urantiacos.cl\/en\/\"},{\"@type\":\"ListItem\",\"position\":2,\"name\":\"Francisco D\u00edaz dicta charla en la Universidad San Sebasti\u00e1n\"}]},{\"@type\":\"WebSite\",\"@id\":\"https:\/\/fadeu.urantiacos.cl\/en\/#website\",\"url\":\"https:\/\/fadeu.urantiacos.cl\/en\/\",\"name\":\"Facultad de Arquitectura, Dise\u00f1o y Estudios Urbanos\",\"description\":\"Campus Lo Contador\",\"potentialAction\":[{\"@type\":\"SearchAction\",\"target\":{\"@type\":\"EntryPoint\",\"urlTemplate\":\"https:\/\/fadeu.urantiacos.cl\/en\/?s={search_term_string}\"},\"query-input\":{\"@type\":\"PropertyValueSpecification\",\"valueRequired\":true,\"valueName\":\"search_term_string\"}}],\"inLanguage\":\"en-US\"},{\"@type\":\"Person\",\"@id\":\"https:\/\/fadeu.urantiacos.cl\/en\/#\/schema\/person\/d203e2e84b1c40275eac77b3061a19a2\",\"name\":\"manadmin\",\"image\":{\"@type\":\"ImageObject\",\"inLanguage\":\"en-US\",\"@id\":\"https:\/\/fadeu.urantiacos.cl\/en\/#\/schema\/person\/image\/\",\"url\":\"https:\/\/secure.gravatar.com\/avatar\/4b1d8e3303b4a9d8968ac578947d8bc80d9aea359f388cdd4aac15cadc0e8447?s=96&d=mm&r=g\",\"contentUrl\":\"https:\/\/secure.gravatar.com\/avatar\/4b1d8e3303b4a9d8968ac578947d8bc80d9aea359f388cdd4aac15cadc0e8447?s=96&d=mm&r=g\",\"caption\":\"manadmin\"},\"sameAs\":[\"https:\/\/fadeu.urantiacos.cl\"]}]}<\/script>\n<!-- \/ Yoast SEO plugin. -->","yoast_head_json":{"title":"Francisco D\u00edaz dicta charla en la Universidad San Sebasti\u00e1n - Facultad de Arquitectura, Dise\u00f1o y Estudios Urbanos","description":"En el marco del ciclo de charlas Cultura Arquitect\u00f3nica Primavera 2020, la Escuela de Arquitectura de la Universidad San Sebasti\u00e1n, sede Santiago, invit\u00f3 al profesor ARQ UC a exponer su libro sobre \"patolog\u00edas contempor\u00e1neas\".","robots":{"index":"index","follow":"follow","max-snippet":"max-snippet:-1","max-image-preview":"max-image-preview:large","max-video-preview":"max-video-preview:-1"},"canonical":"https:\/\/fadeu.urantiacos.cl\/en\/2020\/09\/11\/francisco-diaz-dicta-charla-en-la-universidad-san-sebastian\/","og_locale":"en_US","og_type":"article","og_title":"Francisco D\u00edaz dicta charla en la Universidad San Sebasti\u00e1n - Facultad de Arquitectura, Dise\u00f1o y Estudios Urbanos","og_description":"En el marco del ciclo de charlas Cultura Arquitect\u00f3nica Primavera 2020, la Escuela de Arquitectura de la Universidad San Sebasti\u00e1n, sede Santiago, invit\u00f3 al profesor ARQ UC a exponer su libro sobre \"patolog\u00edas contempor\u00e1neas\".","og_url":"https:\/\/fadeu.urantiacos.cl\/en\/2020\/09\/11\/francisco-diaz-dicta-charla-en-la-universidad-san-sebastian\/","og_site_name":"Facultad de Arquitectura, Dise\u00f1o y Estudios Urbanos","article_published_time":"2020-09-11T20:13:00+00:00","article_modified_time":"2023-09-10T20:14:52+00:00","og_image":[{"width":350,"height":250,"url":"https:\/\/fadeu.urantiacos.cl\/wp-content\/uploads\/2023\/09\/unnamed_1.jpg","type":"image\/jpeg"}],"author":"manadmin","twitter_card":"summary_large_image","twitter_misc":{"Written by":"manadmin","Est. reading time":"2 minutes"},"schema":{"@context":"https:\/\/schema.org","@graph":[{"@type":"Article","@id":"https:\/\/fadeu.urantiacos.cl\/en\/2020\/09\/11\/francisco-diaz-dicta-charla-en-la-universidad-san-sebastian\/#article","isPartOf":{"@id":"https:\/\/fadeu.urantiacos.cl\/en\/2020\/09\/11\/francisco-diaz-dicta-charla-en-la-universidad-san-sebastian\/"},"author":{"name":"manadmin","@id":"https:\/\/fadeu.urantiacos.cl\/en\/#\/schema\/person\/d203e2e84b1c40275eac77b3061a19a2"},"headline":"Francisco D\u00edaz dicta charla en la Universidad San Sebasti\u00e1n","datePublished":"2020-09-11T20:13:00+00:00","dateModified":"2023-09-10T20:14:52+00:00","mainEntityOfPage":{"@id":"https:\/\/fadeu.urantiacos.cl\/en\/2020\/09\/11\/francisco-diaz-dicta-charla-en-la-universidad-san-sebastian\/"},"wordCount":312,"commentCount":0,"image":{"@id":"https:\/\/fadeu.urantiacos.cl\/en\/2020\/09\/11\/francisco-diaz-dicta-charla-en-la-universidad-san-sebastian\/#primaryimage"},"thumbnailUrl":"https:\/\/fadeu.urantiacos.cl\/wp-content\/uploads\/2023\/09\/unnamed_1.jpg","articleSection":["Sin categorizar"],"inLanguage":"en-US","potentialAction":[{"@type":"CommentAction","name":"Comment","target":["https:\/\/fadeu.urantiacos.cl\/en\/2020\/09\/11\/francisco-diaz-dicta-charla-en-la-universidad-san-sebastian\/#respond"]}]},{"@type":"WebPage","@id":"https:\/\/fadeu.urantiacos.cl\/en\/2020\/09\/11\/francisco-diaz-dicta-charla-en-la-universidad-san-sebastian\/","url":"https:\/\/fadeu.urantiacos.cl\/en\/2020\/09\/11\/francisco-diaz-dicta-charla-en-la-universidad-san-sebastian\/","name":"Francisco D\u00edaz dicta charla en la Universidad San Sebasti\u00e1n - Facultad de Arquitectura, Dise\u00f1o y Estudios Urbanos","isPartOf":{"@id":"https:\/\/fadeu.urantiacos.cl\/en\/#website"},"primaryImageOfPage":{"@id":"https:\/\/fadeu.urantiacos.cl\/en\/2020\/09\/11\/francisco-diaz-dicta-charla-en-la-universidad-san-sebastian\/#primaryimage"},"image":{"@id":"https:\/\/fadeu.urantiacos.cl\/en\/2020\/09\/11\/francisco-diaz-dicta-charla-en-la-universidad-san-sebastian\/#primaryimage"},"thumbnailUrl":"https:\/\/fadeu.urantiacos.cl\/wp-content\/uploads\/2023\/09\/unnamed_1.jpg","datePublished":"2020-09-11T20:13:00+00:00","dateModified":"2023-09-10T20:14:52+00:00","author":{"@id":"https:\/\/fadeu.urantiacos.cl\/en\/#\/schema\/person\/d203e2e84b1c40275eac77b3061a19a2"},"description":"En el marco del ciclo de charlas Cultura Arquitect\u00f3nica Primavera 2020, la Escuela de Arquitectura de la Universidad San Sebasti\u00e1n, sede Santiago, invit\u00f3 al profesor ARQ UC a exponer su libro sobre \"patolog\u00edas contempor\u00e1neas\".","breadcrumb":{"@id":"https:\/\/fadeu.urantiacos.cl\/en\/2020\/09\/11\/francisco-diaz-dicta-charla-en-la-universidad-san-sebastian\/#breadcrumb"},"inLanguage":"en-US","potentialAction":[{"@type":"ReadAction","target":["https:\/\/fadeu.urantiacos.cl\/en\/2020\/09\/11\/francisco-diaz-dicta-charla-en-la-universidad-san-sebastian\/"]}]},{"@type":"ImageObject","inLanguage":"en-US","@id":"https:\/\/fadeu.urantiacos.cl\/en\/2020\/09\/11\/francisco-diaz-dicta-charla-en-la-universidad-san-sebastian\/#primaryimage","url":"https:\/\/fadeu.urantiacos.cl\/wp-content\/uploads\/2023\/09\/unnamed_1.jpg","contentUrl":"https:\/\/fadeu.urantiacos.cl\/wp-content\/uploads\/2023\/09\/unnamed_1.jpg","width":350,"height":250},{"@type":"BreadcrumbList","@id":"https:\/\/fadeu.urantiacos.cl\/en\/2020\/09\/11\/francisco-diaz-dicta-charla-en-la-universidad-san-sebastian\/#breadcrumb","itemListElement":[{"@type":"ListItem","position":1,"name":"Portada","item":"https:\/\/fadeu.urantiacos.cl\/en\/"},{"@type":"ListItem","position":2,"name":"Francisco D\u00edaz dicta charla en la Universidad San Sebasti\u00e1n"}]},{"@type":"WebSite","@id":"https:\/\/fadeu.urantiacos.cl\/en\/#website","url":"https:\/\/fadeu.urantiacos.cl\/en\/","name":"Facultad de Arquitectura, Dise\u00f1o y Estudios Urbanos","description":"Campus Lo Contador","potentialAction":[{"@type":"SearchAction","target":{"@type":"EntryPoint","urlTemplate":"https:\/\/fadeu.urantiacos.cl\/en\/?s={search_term_string}"},"query-input":{"@type":"PropertyValueSpecification","valueRequired":true,"valueName":"search_term_string"}}],"inLanguage":"en-US"},{"@type":"Person","@id":"https:\/\/fadeu.urantiacos.cl\/en\/#\/schema\/person\/d203e2e84b1c40275eac77b3061a19a2","name":"manadmin","image":{"@type":"ImageObject","inLanguage":"en-US","@id":"https:\/\/fadeu.urantiacos.cl\/en\/#\/schema\/person\/image\/","url":"https:\/\/secure.gravatar.com\/avatar\/4b1d8e3303b4a9d8968ac578947d8bc80d9aea359f388cdd4aac15cadc0e8447?s=96&d=mm&r=g","contentUrl":"https:\/\/secure.gravatar.com\/avatar\/4b1d8e3303b4a9d8968ac578947d8bc80d9aea359f388cdd4aac15cadc0e8447?s=96&d=mm&r=g","caption":"manadmin"},"sameAs":["https:\/\/fadeu.urantiacos.cl"]}]}},"_links":{"self":[{"href":"https:\/\/fadeu.urantiacos.cl\/en\/wp-json\/wp\/v2\/posts\/8291","targetHints":{"allow":["GET"]}}],"collection":[{"href":"https:\/\/fadeu.urantiacos.cl\/en\/wp-json\/wp\/v2\/posts"}],"about":[{"href":"https:\/\/fadeu.urantiacos.cl\/en\/wp-json\/wp\/v2\/types\/post"}],"author":[{"embeddable":true,"href":"https:\/\/fadeu.urantiacos.cl\/en\/wp-json\/wp\/v2\/users\/1"}],"replies":[{"embeddable":true,"href":"https:\/\/fadeu.urantiacos.cl\/en\/wp-json\/wp\/v2\/comments?post=8291"}],"version-history":[{"count":1,"href":"https:\/\/fadeu.urantiacos.cl\/en\/wp-json\/wp\/v2\/posts\/8291\/revisions"}],"predecessor-version":[{"id":8294,"href":"https:\/\/fadeu.urantiacos.cl\/en\/wp-json\/wp\/v2\/posts\/8291\/revisions\/8294"}],"wp:featuredmedia":[{"embeddable":true,"href":"https:\/\/fadeu.urantiacos.cl\/en\/wp-json\/wp\/v2\/media\/8293"}],"wp:attachment":[{"href":"https:\/\/fadeu.urantiacos.cl\/en\/wp-json\/wp\/v2\/media?parent=8291"}],"wp:term":[{"taxonomy":"category","embeddable":true,"href":"https:\/\/fadeu.urantiacos.cl\/en\/wp-json\/wp\/v2\/categories?post=8291"},{"taxonomy":"post_tag","embeddable":true,"href":"https:\/\/fadeu.urantiacos.cl\/en\/wp-json\/wp\/v2\/tags?post=8291"}],"curies":[{"name":"wp","href":"https:\/\/api.w.org\/{rel}","templated":true}]}}