{"id":8288,"date":"2020-09-13T17:11:00","date_gmt":"2020-09-13T20:11:00","guid":{"rendered":"https:\/\/fadeu.urantiacos.cl\/?p=8288"},"modified":"2023-09-10T17:13:14","modified_gmt":"2023-09-10T20:13:14","slug":"luis-eduardo-bresciani-expuso-en-conversatorio-sobre-vivienda-y-ciudad-en-el-senado","status":"publish","type":"post","link":"https:\/\/fadeu.urantiacos.cl\/en\/2020\/09\/13\/luis-eduardo-bresciani-expuso-en-conversatorio-sobre-vivienda-y-ciudad-en-el-senado\/","title":{"rendered":"Luis Eduardo Bresciani expuso en conversatorio sobre vivienda y ciudad en el Senado"},"content":{"rendered":"\n<figure class=\"wp-block-image size-full\"><img decoding=\"async\" width=\"350\" height=\"250\" src=\"https:\/\/fadeu.urantiacos.cl\/wp-content\/uploads\/2023\/09\/luis_eduardo_bresciani_web-1.jpg\" alt=\"\" class=\"wp-image-8289\" srcset=\"https:\/\/fadeu.urantiacos.cl\/wp-content\/uploads\/2023\/09\/luis_eduardo_bresciani_web-1.jpg 350w, https:\/\/fadeu.urantiacos.cl\/wp-content\/uploads\/2023\/09\/luis_eduardo_bresciani_web-1-300x214.jpg 300w\" sizes=\"(max-width: 350px) 100vw, 350px\" \/><\/figure>\n\n\n\n<p>En su presentaci\u00f3n, Luis Eduardo Bresciani abog\u00f3 por la urgencia de un cambio de enfoque en las pol\u00edticas de vivienda y ciudad, enfrentadas a la actual crisis de acceso a la vivienda y de acceso a la calidad urbana para m\u00e1s de cerca de un tercio de los chilenos. En esta l\u00ednea, plante\u00f3 que se requer\u00eda superar la pol\u00edticas centralista de subsidios individuales de mercado, para pasar a una pol\u00edtica agresiva de proyectos urbanos en diversas escalas. Para lograrlo, expuso, habr\u00eda que superar el lastre del centralismo, la dependencia del mercado de suelo, la fragmentaci\u00f3n de instrumentos p\u00fablicos y la desigual distribuci\u00f3n de recursos entre municipios, garantizando, mediante proyectos, 3 pilares: acceso al suelo; acceso a la integraci\u00f3n social y equidad urbana; y acceso a la participaci\u00f3n ciudadana y local.<\/p>\n\n\n\n<p>En base a esto, propuso tambi\u00e9n 12 instrumentos para lograrlo, abarcando desde la regulaci\u00f3n de obligaciones de diversidad de viviendas en los planes reguladores, hasta instrumentos de regeneraci\u00f3n de barrios, construcci\u00f3n de proyectos p\u00fablicos con arriendo protegido y la creaci\u00f3n de servicios regionales de desarrollo urbano (o agencias) con amplias capacidades de crear sociedades mixtas para proyectos con municipios, empresas privadas, fundaciones y comunidades organizadas,&nbsp;entre otros.<\/p>\n\n\n\n<p>Ver conversatorio completo en el siguiente&nbsp;<a href=\"https:\/\/tv.senado.cl\/tvsenado\/programas\/evento\/especiales\/conversatorio-vivienda-social-en-chile-posibles\/2020-09-04\/073534.html\" target=\"_blank\" rel=\"noreferrer noopener\">link<\/a><\/p>\n\n\n\n<p>Noticias<br>Contacto:&nbsp;<a href=\"mailto:redesarq@uc.cl\">redesarq@uc.cl<\/a>&nbsp;| +56 2 2354 7747<br>www.arquitectura.uc.cl<\/p>\n","protected":false},"excerpt":{"rendered":"<p>El director ARQ UC particip\u00f3 en el tercer foro sobre los Desaf\u00edos de la Vivienda, organizado por la Comisi\u00f3n de Vivienda y Urbanismo del Senado y realizado el viernes 4 de septiembre. Participaron tambi\u00e9n el presidente de la comisi\u00f3n, el senador David Sandoval; el presidente de la C\u00e1mara Chilena de la Construcci\u00f3n (CChC), Patricio Donoso; y el presidente de la asociaci\u00f3n de Cooperativas de Vivienda (COVIP), Ram\u00f3n Santelices.<\/p>\n","protected":false},"author":1,"featured_media":8289,"comment_status":"open","ping_status":"open","sticky":false,"template":"","format":"standard","meta":{"_acf_changed":false,"footnotes":""},"categories":[1],"tags":[],"class_list":["post-8288","post","type-post","status-publish","format-standard","has-post-thumbnail","hentry","category-sin-categorizar"],"acf":[],"yoast_head":"<!-- This site is optimized with the Yoast SEO plugin v27.1.1 - https:\/\/yoast.com\/product\/yoast-seo-wordpress\/ -->\n<title>Luis Eduardo Bresciani expuso en conversatorio sobre vivienda y ciudad en el Senado - Facultad de Arquitectura, Dise\u00f1o y Estudios Urbanos<\/title>\n<meta name=\"description\" content=\"El director ARQ UC particip\u00f3 en el tercer foro sobre los Desaf\u00edos de la Vivienda, organizado por la Comisi\u00f3n de Vivienda y Urbanismo del Senado y realizado el viernes 4 de septiembre. Participaron tambi\u00e9n el presidente de la comisi\u00f3n, el senador David Sandoval; el presidente de la C\u00e1mara Chilena de la Construcci\u00f3n (CChC), Patricio Donoso; y el presidente de la asociaci\u00f3n de Cooperativas de Vivienda (COVIP), Ram\u00f3n Santelices.\" \/>\n<meta name=\"robots\" content=\"index, follow, max-snippet:-1, max-image-preview:large, max-video-preview:-1\" \/>\n<link rel=\"canonical\" href=\"https:\/\/fadeu.urantiacos.cl\/en\/2020\/09\/13\/luis-eduardo-bresciani-expuso-en-conversatorio-sobre-vivienda-y-ciudad-en-el-senado\/\" \/>\n<meta property=\"og:locale\" content=\"en_US\" \/>\n<meta property=\"og:type\" content=\"article\" \/>\n<meta property=\"og:title\" content=\"Luis Eduardo Bresciani expuso en conversatorio sobre vivienda y ciudad en el Senado - Facultad de Arquitectura, Dise\u00f1o y Estudios Urbanos\" \/>\n<meta property=\"og:description\" content=\"El director ARQ UC particip\u00f3 en el tercer foro sobre los Desaf\u00edos de la Vivienda, organizado por la Comisi\u00f3n de Vivienda y Urbanismo del Senado y realizado el viernes 4 de septiembre. Participaron tambi\u00e9n el presidente de la comisi\u00f3n, el senador David Sandoval; el presidente de la C\u00e1mara Chilena de la Construcci\u00f3n (CChC), Patricio Donoso; y el presidente de la asociaci\u00f3n de Cooperativas de Vivienda (COVIP), Ram\u00f3n Santelices.\" \/>\n<meta property=\"og:url\" content=\"https:\/\/fadeu.urantiacos.cl\/en\/2020\/09\/13\/luis-eduardo-bresciani-expuso-en-conversatorio-sobre-vivienda-y-ciudad-en-el-senado\/\" \/>\n<meta property=\"og:site_name\" content=\"Facultad de Arquitectura, Dise\u00f1o y Estudios Urbanos\" \/>\n<meta property=\"article:published_time\" content=\"2020-09-13T20:11:00+00:00\" \/>\n<meta property=\"article:modified_time\" content=\"2023-09-10T20:13:14+00:00\" \/>\n<meta property=\"og:image\" content=\"https:\/\/fadeu.urantiacos.cl\/wp-content\/uploads\/2023\/09\/luis_eduardo_bresciani_web-1.jpg\" \/>\n\t<meta property=\"og:image:width\" content=\"350\" \/>\n\t<meta property=\"og:image:height\" content=\"250\" \/>\n\t<meta property=\"og:image:type\" content=\"image\/jpeg\" \/>\n<meta name=\"author\" content=\"manadmin\" \/>\n<meta name=\"twitter:card\" content=\"summary_large_image\" \/>\n<meta name=\"twitter:label1\" content=\"Written by\" \/>\n\t<meta name=\"twitter:data1\" content=\"manadmin\" \/>\n\t<meta name=\"twitter:label2\" content=\"Est. reading time\" \/>\n\t<meta name=\"twitter:data2\" content=\"1 minute\" \/>\n<script type=\"application\/ld+json\" class=\"yoast-schema-graph\">{\"@context\":\"https:\/\/schema.org\",\"@graph\":[{\"@type\":\"Article\",\"@id\":\"https:\/\/fadeu.urantiacos.cl\/en\/2020\/09\/13\/luis-eduardo-bresciani-expuso-en-conversatorio-sobre-vivienda-y-ciudad-en-el-senado\/#article\",\"isPartOf\":{\"@id\":\"https:\/\/fadeu.urantiacos.cl\/en\/2020\/09\/13\/luis-eduardo-bresciani-expuso-en-conversatorio-sobre-vivienda-y-ciudad-en-el-senado\/\"},\"author\":{\"name\":\"manadmin\",\"@id\":\"https:\/\/fadeu.urantiacos.cl\/en\/#\/schema\/person\/d203e2e84b1c40275eac77b3061a19a2\"},\"headline\":\"Luis Eduardo Bresciani expuso en conversatorio sobre vivienda y ciudad en el Senado\",\"datePublished\":\"2020-09-13T20:11:00+00:00\",\"dateModified\":\"2023-09-10T20:13:14+00:00\",\"mainEntityOfPage\":{\"@id\":\"https:\/\/fadeu.urantiacos.cl\/en\/2020\/09\/13\/luis-eduardo-bresciani-expuso-en-conversatorio-sobre-vivienda-y-ciudad-en-el-senado\/\"},\"wordCount\":246,\"commentCount\":0,\"image\":{\"@id\":\"https:\/\/fadeu.urantiacos.cl\/en\/2020\/09\/13\/luis-eduardo-bresciani-expuso-en-conversatorio-sobre-vivienda-y-ciudad-en-el-senado\/#primaryimage\"},\"thumbnailUrl\":\"https:\/\/fadeu.urantiacos.cl\/wp-content\/uploads\/2023\/09\/luis_eduardo_bresciani_web-1.jpg\",\"articleSection\":[\"Sin categorizar\"],\"inLanguage\":\"en-US\",\"potentialAction\":[{\"@type\":\"CommentAction\",\"name\":\"Comment\",\"target\":[\"https:\/\/fadeu.urantiacos.cl\/en\/2020\/09\/13\/luis-eduardo-bresciani-expuso-en-conversatorio-sobre-vivienda-y-ciudad-en-el-senado\/#respond\"]}]},{\"@type\":\"WebPage\",\"@id\":\"https:\/\/fadeu.urantiacos.cl\/en\/2020\/09\/13\/luis-eduardo-bresciani-expuso-en-conversatorio-sobre-vivienda-y-ciudad-en-el-senado\/\",\"url\":\"https:\/\/fadeu.urantiacos.cl\/en\/2020\/09\/13\/luis-eduardo-bresciani-expuso-en-conversatorio-sobre-vivienda-y-ciudad-en-el-senado\/\",\"name\":\"Luis Eduardo Bresciani expuso en conversatorio sobre vivienda y ciudad en el Senado - Facultad de Arquitectura, Dise\u00f1o y Estudios Urbanos\",\"isPartOf\":{\"@id\":\"https:\/\/fadeu.urantiacos.cl\/en\/#website\"},\"primaryImageOfPage\":{\"@id\":\"https:\/\/fadeu.urantiacos.cl\/en\/2020\/09\/13\/luis-eduardo-bresciani-expuso-en-conversatorio-sobre-vivienda-y-ciudad-en-el-senado\/#primaryimage\"},\"image\":{\"@id\":\"https:\/\/fadeu.urantiacos.cl\/en\/2020\/09\/13\/luis-eduardo-bresciani-expuso-en-conversatorio-sobre-vivienda-y-ciudad-en-el-senado\/#primaryimage\"},\"thumbnailUrl\":\"https:\/\/fadeu.urantiacos.cl\/wp-content\/uploads\/2023\/09\/luis_eduardo_bresciani_web-1.jpg\",\"datePublished\":\"2020-09-13T20:11:00+00:00\",\"dateModified\":\"2023-09-10T20:13:14+00:00\",\"author\":{\"@id\":\"https:\/\/fadeu.urantiacos.cl\/en\/#\/schema\/person\/d203e2e84b1c40275eac77b3061a19a2\"},\"description\":\"El director ARQ UC particip\u00f3 en el tercer foro sobre los Desaf\u00edos de la Vivienda, organizado por la Comisi\u00f3n de Vivienda y Urbanismo del Senado y realizado el viernes 4 de septiembre. Participaron tambi\u00e9n el presidente de la comisi\u00f3n, el senador David Sandoval; el presidente de la C\u00e1mara Chilena de la Construcci\u00f3n (CChC), Patricio Donoso; y el presidente de la asociaci\u00f3n de Cooperativas de Vivienda (COVIP), Ram\u00f3n Santelices.\",\"breadcrumb\":{\"@id\":\"https:\/\/fadeu.urantiacos.cl\/en\/2020\/09\/13\/luis-eduardo-bresciani-expuso-en-conversatorio-sobre-vivienda-y-ciudad-en-el-senado\/#breadcrumb\"},\"inLanguage\":\"en-US\",\"potentialAction\":[{\"@type\":\"ReadAction\",\"target\":[\"https:\/\/fadeu.urantiacos.cl\/en\/2020\/09\/13\/luis-eduardo-bresciani-expuso-en-conversatorio-sobre-vivienda-y-ciudad-en-el-senado\/\"]}]},{\"@type\":\"ImageObject\",\"inLanguage\":\"en-US\",\"@id\":\"https:\/\/fadeu.urantiacos.cl\/en\/2020\/09\/13\/luis-eduardo-bresciani-expuso-en-conversatorio-sobre-vivienda-y-ciudad-en-el-senado\/#primaryimage\",\"url\":\"https:\/\/fadeu.urantiacos.cl\/wp-content\/uploads\/2023\/09\/luis_eduardo_bresciani_web-1.jpg\",\"contentUrl\":\"https:\/\/fadeu.urantiacos.cl\/wp-content\/uploads\/2023\/09\/luis_eduardo_bresciani_web-1.jpg\",\"width\":350,\"height\":250},{\"@type\":\"BreadcrumbList\",\"@id\":\"https:\/\/fadeu.urantiacos.cl\/en\/2020\/09\/13\/luis-eduardo-bresciani-expuso-en-conversatorio-sobre-vivienda-y-ciudad-en-el-senado\/#breadcrumb\",\"itemListElement\":[{\"@type\":\"ListItem\",\"position\":1,\"name\":\"Portada\",\"item\":\"https:\/\/fadeu.urantiacos.cl\/en\/\"},{\"@type\":\"ListItem\",\"position\":2,\"name\":\"Luis Eduardo Bresciani expuso en conversatorio sobre vivienda y ciudad en el Senado\"}]},{\"@type\":\"WebSite\",\"@id\":\"https:\/\/fadeu.urantiacos.cl\/en\/#website\",\"url\":\"https:\/\/fadeu.urantiacos.cl\/en\/\",\"name\":\"Facultad de Arquitectura, Dise\u00f1o y Estudios Urbanos\",\"description\":\"Campus Lo Contador\",\"potentialAction\":[{\"@type\":\"SearchAction\",\"target\":{\"@type\":\"EntryPoint\",\"urlTemplate\":\"https:\/\/fadeu.urantiacos.cl\/en\/?s={search_term_string}\"},\"query-input\":{\"@type\":\"PropertyValueSpecification\",\"valueRequired\":true,\"valueName\":\"search_term_string\"}}],\"inLanguage\":\"en-US\"},{\"@type\":\"Person\",\"@id\":\"https:\/\/fadeu.urantiacos.cl\/en\/#\/schema\/person\/d203e2e84b1c40275eac77b3061a19a2\",\"name\":\"manadmin\",\"image\":{\"@type\":\"ImageObject\",\"inLanguage\":\"en-US\",\"@id\":\"https:\/\/fadeu.urantiacos.cl\/en\/#\/schema\/person\/image\/\",\"url\":\"https:\/\/secure.gravatar.com\/avatar\/4b1d8e3303b4a9d8968ac578947d8bc80d9aea359f388cdd4aac15cadc0e8447?s=96&d=mm&r=g\",\"contentUrl\":\"https:\/\/secure.gravatar.com\/avatar\/4b1d8e3303b4a9d8968ac578947d8bc80d9aea359f388cdd4aac15cadc0e8447?s=96&d=mm&r=g\",\"caption\":\"manadmin\"},\"sameAs\":[\"https:\/\/fadeu.urantiacos.cl\"]}]}<\/script>\n<!-- \/ Yoast SEO plugin. -->","yoast_head_json":{"title":"Luis Eduardo Bresciani expuso en conversatorio sobre vivienda y ciudad en el Senado - Facultad de Arquitectura, Dise\u00f1o y Estudios Urbanos","description":"El director ARQ UC particip\u00f3 en el tercer foro sobre los Desaf\u00edos de la Vivienda, organizado por la Comisi\u00f3n de Vivienda y Urbanismo del Senado y realizado el viernes 4 de septiembre. Participaron tambi\u00e9n el presidente de la comisi\u00f3n, el senador David Sandoval; el presidente de la C\u00e1mara Chilena de la Construcci\u00f3n (CChC), Patricio Donoso; y el presidente de la asociaci\u00f3n de Cooperativas de Vivienda (COVIP), Ram\u00f3n Santelices.","robots":{"index":"index","follow":"follow","max-snippet":"max-snippet:-1","max-image-preview":"max-image-preview:large","max-video-preview":"max-video-preview:-1"},"canonical":"https:\/\/fadeu.urantiacos.cl\/en\/2020\/09\/13\/luis-eduardo-bresciani-expuso-en-conversatorio-sobre-vivienda-y-ciudad-en-el-senado\/","og_locale":"en_US","og_type":"article","og_title":"Luis Eduardo Bresciani expuso en conversatorio sobre vivienda y ciudad en el Senado - Facultad de Arquitectura, Dise\u00f1o y Estudios Urbanos","og_description":"El director ARQ UC particip\u00f3 en el tercer foro sobre los Desaf\u00edos de la Vivienda, organizado por la Comisi\u00f3n de Vivienda y Urbanismo del Senado y realizado el viernes 4 de septiembre. Participaron tambi\u00e9n el presidente de la comisi\u00f3n, el senador David Sandoval; el presidente de la C\u00e1mara Chilena de la Construcci\u00f3n (CChC), Patricio Donoso; y el presidente de la asociaci\u00f3n de Cooperativas de Vivienda (COVIP), Ram\u00f3n Santelices.","og_url":"https:\/\/fadeu.urantiacos.cl\/en\/2020\/09\/13\/luis-eduardo-bresciani-expuso-en-conversatorio-sobre-vivienda-y-ciudad-en-el-senado\/","og_site_name":"Facultad de Arquitectura, Dise\u00f1o y Estudios Urbanos","article_published_time":"2020-09-13T20:11:00+00:00","article_modified_time":"2023-09-10T20:13:14+00:00","og_image":[{"width":350,"height":250,"url":"https:\/\/fadeu.urantiacos.cl\/wp-content\/uploads\/2023\/09\/luis_eduardo_bresciani_web-1.jpg","type":"image\/jpeg"}],"author":"manadmin","twitter_card":"summary_large_image","twitter_misc":{"Written by":"manadmin","Est. reading time":"1 minute"},"schema":{"@context":"https:\/\/schema.org","@graph":[{"@type":"Article","@id":"https:\/\/fadeu.urantiacos.cl\/en\/2020\/09\/13\/luis-eduardo-bresciani-expuso-en-conversatorio-sobre-vivienda-y-ciudad-en-el-senado\/#article","isPartOf":{"@id":"https:\/\/fadeu.urantiacos.cl\/en\/2020\/09\/13\/luis-eduardo-bresciani-expuso-en-conversatorio-sobre-vivienda-y-ciudad-en-el-senado\/"},"author":{"name":"manadmin","@id":"https:\/\/fadeu.urantiacos.cl\/en\/#\/schema\/person\/d203e2e84b1c40275eac77b3061a19a2"},"headline":"Luis Eduardo Bresciani expuso en conversatorio sobre vivienda y ciudad en el Senado","datePublished":"2020-09-13T20:11:00+00:00","dateModified":"2023-09-10T20:13:14+00:00","mainEntityOfPage":{"@id":"https:\/\/fadeu.urantiacos.cl\/en\/2020\/09\/13\/luis-eduardo-bresciani-expuso-en-conversatorio-sobre-vivienda-y-ciudad-en-el-senado\/"},"wordCount":246,"commentCount":0,"image":{"@id":"https:\/\/fadeu.urantiacos.cl\/en\/2020\/09\/13\/luis-eduardo-bresciani-expuso-en-conversatorio-sobre-vivienda-y-ciudad-en-el-senado\/#primaryimage"},"thumbnailUrl":"https:\/\/fadeu.urantiacos.cl\/wp-content\/uploads\/2023\/09\/luis_eduardo_bresciani_web-1.jpg","articleSection":["Sin categorizar"],"inLanguage":"en-US","potentialAction":[{"@type":"CommentAction","name":"Comment","target":["https:\/\/fadeu.urantiacos.cl\/en\/2020\/09\/13\/luis-eduardo-bresciani-expuso-en-conversatorio-sobre-vivienda-y-ciudad-en-el-senado\/#respond"]}]},{"@type":"WebPage","@id":"https:\/\/fadeu.urantiacos.cl\/en\/2020\/09\/13\/luis-eduardo-bresciani-expuso-en-conversatorio-sobre-vivienda-y-ciudad-en-el-senado\/","url":"https:\/\/fadeu.urantiacos.cl\/en\/2020\/09\/13\/luis-eduardo-bresciani-expuso-en-conversatorio-sobre-vivienda-y-ciudad-en-el-senado\/","name":"Luis Eduardo Bresciani expuso en conversatorio sobre vivienda y ciudad en el Senado - Facultad de Arquitectura, Dise\u00f1o y Estudios Urbanos","isPartOf":{"@id":"https:\/\/fadeu.urantiacos.cl\/en\/#website"},"primaryImageOfPage":{"@id":"https:\/\/fadeu.urantiacos.cl\/en\/2020\/09\/13\/luis-eduardo-bresciani-expuso-en-conversatorio-sobre-vivienda-y-ciudad-en-el-senado\/#primaryimage"},"image":{"@id":"https:\/\/fadeu.urantiacos.cl\/en\/2020\/09\/13\/luis-eduardo-bresciani-expuso-en-conversatorio-sobre-vivienda-y-ciudad-en-el-senado\/#primaryimage"},"thumbnailUrl":"https:\/\/fadeu.urantiacos.cl\/wp-content\/uploads\/2023\/09\/luis_eduardo_bresciani_web-1.jpg","datePublished":"2020-09-13T20:11:00+00:00","dateModified":"2023-09-10T20:13:14+00:00","author":{"@id":"https:\/\/fadeu.urantiacos.cl\/en\/#\/schema\/person\/d203e2e84b1c40275eac77b3061a19a2"},"description":"El director ARQ UC particip\u00f3 en el tercer foro sobre los Desaf\u00edos de la Vivienda, organizado por la Comisi\u00f3n de Vivienda y Urbanismo del Senado y realizado el viernes 4 de septiembre. Participaron tambi\u00e9n el presidente de la comisi\u00f3n, el senador David Sandoval; el presidente de la C\u00e1mara Chilena de la Construcci\u00f3n (CChC), Patricio Donoso; y el presidente de la asociaci\u00f3n de Cooperativas de Vivienda (COVIP), Ram\u00f3n Santelices.","breadcrumb":{"@id":"https:\/\/fadeu.urantiacos.cl\/en\/2020\/09\/13\/luis-eduardo-bresciani-expuso-en-conversatorio-sobre-vivienda-y-ciudad-en-el-senado\/#breadcrumb"},"inLanguage":"en-US","potentialAction":[{"@type":"ReadAction","target":["https:\/\/fadeu.urantiacos.cl\/en\/2020\/09\/13\/luis-eduardo-bresciani-expuso-en-conversatorio-sobre-vivienda-y-ciudad-en-el-senado\/"]}]},{"@type":"ImageObject","inLanguage":"en-US","@id":"https:\/\/fadeu.urantiacos.cl\/en\/2020\/09\/13\/luis-eduardo-bresciani-expuso-en-conversatorio-sobre-vivienda-y-ciudad-en-el-senado\/#primaryimage","url":"https:\/\/fadeu.urantiacos.cl\/wp-content\/uploads\/2023\/09\/luis_eduardo_bresciani_web-1.jpg","contentUrl":"https:\/\/fadeu.urantiacos.cl\/wp-content\/uploads\/2023\/09\/luis_eduardo_bresciani_web-1.jpg","width":350,"height":250},{"@type":"BreadcrumbList","@id":"https:\/\/fadeu.urantiacos.cl\/en\/2020\/09\/13\/luis-eduardo-bresciani-expuso-en-conversatorio-sobre-vivienda-y-ciudad-en-el-senado\/#breadcrumb","itemListElement":[{"@type":"ListItem","position":1,"name":"Portada","item":"https:\/\/fadeu.urantiacos.cl\/en\/"},{"@type":"ListItem","position":2,"name":"Luis Eduardo Bresciani expuso en conversatorio sobre vivienda y ciudad en el Senado"}]},{"@type":"WebSite","@id":"https:\/\/fadeu.urantiacos.cl\/en\/#website","url":"https:\/\/fadeu.urantiacos.cl\/en\/","name":"Facultad de Arquitectura, Dise\u00f1o y Estudios Urbanos","description":"Campus Lo Contador","potentialAction":[{"@type":"SearchAction","target":{"@type":"EntryPoint","urlTemplate":"https:\/\/fadeu.urantiacos.cl\/en\/?s={search_term_string}"},"query-input":{"@type":"PropertyValueSpecification","valueRequired":true,"valueName":"search_term_string"}}],"inLanguage":"en-US"},{"@type":"Person","@id":"https:\/\/fadeu.urantiacos.cl\/en\/#\/schema\/person\/d203e2e84b1c40275eac77b3061a19a2","name":"manadmin","image":{"@type":"ImageObject","inLanguage":"en-US","@id":"https:\/\/fadeu.urantiacos.cl\/en\/#\/schema\/person\/image\/","url":"https:\/\/secure.gravatar.com\/avatar\/4b1d8e3303b4a9d8968ac578947d8bc80d9aea359f388cdd4aac15cadc0e8447?s=96&d=mm&r=g","contentUrl":"https:\/\/secure.gravatar.com\/avatar\/4b1d8e3303b4a9d8968ac578947d8bc80d9aea359f388cdd4aac15cadc0e8447?s=96&d=mm&r=g","caption":"manadmin"},"sameAs":["https:\/\/fadeu.urantiacos.cl"]}]}},"_links":{"self":[{"href":"https:\/\/fadeu.urantiacos.cl\/en\/wp-json\/wp\/v2\/posts\/8288","targetHints":{"allow":["GET"]}}],"collection":[{"href":"https:\/\/fadeu.urantiacos.cl\/en\/wp-json\/wp\/v2\/posts"}],"about":[{"href":"https:\/\/fadeu.urantiacos.cl\/en\/wp-json\/wp\/v2\/types\/post"}],"author":[{"embeddable":true,"href":"https:\/\/fadeu.urantiacos.cl\/en\/wp-json\/wp\/v2\/users\/1"}],"replies":[{"embeddable":true,"href":"https:\/\/fadeu.urantiacos.cl\/en\/wp-json\/wp\/v2\/comments?post=8288"}],"version-history":[{"count":1,"href":"https:\/\/fadeu.urantiacos.cl\/en\/wp-json\/wp\/v2\/posts\/8288\/revisions"}],"predecessor-version":[{"id":8290,"href":"https:\/\/fadeu.urantiacos.cl\/en\/wp-json\/wp\/v2\/posts\/8288\/revisions\/8290"}],"wp:featuredmedia":[{"embeddable":true,"href":"https:\/\/fadeu.urantiacos.cl\/en\/wp-json\/wp\/v2\/media\/8289"}],"wp:attachment":[{"href":"https:\/\/fadeu.urantiacos.cl\/en\/wp-json\/wp\/v2\/media?parent=8288"}],"wp:term":[{"taxonomy":"category","embeddable":true,"href":"https:\/\/fadeu.urantiacos.cl\/en\/wp-json\/wp\/v2\/categories?post=8288"},{"taxonomy":"post_tag","embeddable":true,"href":"https:\/\/fadeu.urantiacos.cl\/en\/wp-json\/wp\/v2\/tags?post=8288"}],"curies":[{"name":"wp","href":"https:\/\/api.w.org\/{rel}","templated":true}]}}