{"id":8279,"date":"2020-09-13T17:04:00","date_gmt":"2020-09-13T20:04:00","guid":{"rendered":"https:\/\/fadeu.urantiacos.cl\/?p=8279"},"modified":"2023-10-23T13:36:46","modified_gmt":"2023-10-23T16:36:46","slug":"avanzan-las-obras-del-parque-urbano-isla-cautin-disenado-por-el-profesor-arq-uc-osvaldo-moreno","status":"publish","type":"post","link":"https:\/\/fadeu.urantiacos.cl\/en\/2020\/09\/13\/avanzan-las-obras-del-parque-urbano-isla-cautin-disenado-por-el-profesor-arq-uc-osvaldo-moreno\/","title":{"rendered":"Avanzan las obras del Parque Urbano Isla Caut\u00edn, dise\u00f1ado por el profesor ARQ UC Osvaldo Moreno"},"content":{"rendered":"\n<figure class=\"wp-block-image size-full\"><img decoding=\"async\" width=\"350\" height=\"250\" src=\"https:\/\/fadeu.urantiacos.cl\/wp-content\/uploads\/2023\/09\/3-Plano_Vegetacion_web.jpg\" alt=\"\" class=\"wp-image-8280\" srcset=\"https:\/\/fadeu.urantiacos.cl\/wp-content\/uploads\/2023\/09\/3-Plano_Vegetacion_web.jpg 350w, https:\/\/fadeu.urantiacos.cl\/wp-content\/uploads\/2023\/09\/3-Plano_Vegetacion_web-300x214.jpg 300w\" sizes=\"(max-width: 350px) 100vw, 350px\" \/><\/figure>\n\n\n\n<p>El Parque Isla Caut\u00edn de Temuco tiene ya un 50% de avance y la apertura de su primera etapa se estima para febrero de 2021, mientras que el parque en su totalidad quedar\u00e1 abierto al p\u00fablico en agosto de 2021. A prop\u00f3sito del proyecto, Sergio Merino, director del Serviu Araucan\u00eda, afirm\u00f3 en Pro Araucan\u00eda que \u00e9sta \u201ces una obra que le devuelve la oportunidad a las familias de recuperar este espacio, por mucho tiempo olvidado&#8221;. Para \u00e9l, el parque y su propuesta le permiten a la comunidad reencontrarse con el r\u00edo.<\/p>\n\n\n\n<p>Sobre el proyecto<\/p>\n\n\n\n<p><br>El Parque Urbano Isla Caut\u00edn es una de las iniciativas del Plan Chile \u00c1rea Verde del Ministerio de Vivienda y Urbanismo, propuesta que tiene como finalidad mejorar la calidad de vida de los habitantes a trav\u00e9s de la construcci\u00f3n y mejoramiento de los espacios p\u00fablicos y \u00e1reas verdes, en este caso, de un \u00e1rea emblem\u00e1tica de la regi\u00f3n de la Araucan\u00eda.<\/p>\n\n\n\n<p>El proyecto comprende 27 hect\u00e1reas de superficie en el sector sur del centro urbano de la comuna de Temuco, bordeando el r\u00edo Caut\u00edn, un importante corredor ecol\u00f3gico de la comuna y la regi\u00f3n. Su dise\u00f1o contempla la articulaci\u00f3n de sistemas integrados de equipamientos, infraestructuras, programas y h\u00e1bitats, organizados en torno a una gran pradera central de libre uso que ofrece la panor\u00e1mica del paisaje y la geograf\u00eda circundante. Los programas dan cuenta de un espacio p\u00fablico de car\u00e1cter multicultural y sustentable, y de un lugar de encuentro para los diversos actores, etnias y grupos sociales de la ciudad y la regi\u00f3n.<\/p>\n\n\n\n<p>En esa l\u00ednea, la propuesta concibe el parque como un articulador entre la ecolog\u00eda y la memoria hist\u00f3rica del lugar. Osvaldo Moreno da un ejemplo de estas capas en Lof Scapes, cuando detalla la ocupaci\u00f3n del lugar por parte del Ej\u00e9rcito, generando en un determinado momento hist\u00f3rico un hecho traum\u00e1tico asociado a la ejecuci\u00f3n de personas, en el lugar que hoy se conoce como pol\u00edgono de tiro&#8221;. Ese pol\u00edgono ten\u00eda una huella aproximada de cien por veinte metros y, como se\u00f1ala Moreno, &#8220;permanece hasta hoy como una huella dentro del vac\u00edo; una cicatriz en el paisaje caracterizada por la presencia de tierra apisonada y herb\u00e1ceas estacionales sutilmente distintas a las otras que se encuentran en el lugar\u201d.<\/p>\n\n\n\n<p>Proyecto Parque Urbano Isla Caut\u00edn en los medios<br>El proyecto ha sido destacado en diversos medios, haciendo \u00e9nfasis en la propuesta o su estado de avance:<br>&#8211; Ver nota de Pro Araucan\u00eda en el siguiente\u00a0<a href=\"http:\/\/www.proaraucania.com\/parque-isla-cautin-de-temuco-muestra-un-50-de-avance-y-abriria-primera-etapa-en-febrero-de-2021\/\" target=\"_blank\" rel=\"noreferrer noopener\">link<\/a><br>&#8211; Ver nota de Radio Nativa en el siguiente\u00a0<a href=\"https:\/\/www.radionativa.cl\/en-febrero-del-2021-abrira-la-primera-etapa-del-parque-urbano-isla-cautin\/\" target=\"_blank\" rel=\"noreferrer noopener\">link<\/a><br><\/p>\n\n\n\n<figure class=\"wp-block-image size-full\"><img decoding=\"async\" width=\"879\" height=\"698\" src=\"https:\/\/fadeu.urantiacos.cl\/wp-content\/uploads\/2023\/09\/3-Plano_Vegetacion.jpg\" alt=\"\" class=\"wp-image-8281\" srcset=\"https:\/\/fadeu.urantiacos.cl\/wp-content\/uploads\/2023\/09\/3-Plano_Vegetacion.jpg 879w, https:\/\/fadeu.urantiacos.cl\/wp-content\/uploads\/2023\/09\/3-Plano_Vegetacion-300x238.jpg 300w, https:\/\/fadeu.urantiacos.cl\/wp-content\/uploads\/2023\/09\/3-Plano_Vegetacion-768x610.jpg 768w\" sizes=\"(max-width: 879px) 100vw, 879px\" \/><\/figure>\n\n\n\n<p>Plano vegetaci\u00f3n proyecto Parque Urbano Isla Caut\u00edn. Cortes\u00eda de Osvaldo Moreno<\/p>\n\n\n\n<figure class=\"wp-block-image size-full\"><img decoding=\"async\" width=\"879\" height=\"698\" src=\"https:\/\/fadeu.urantiacos.cl\/wp-content\/uploads\/2023\/09\/2-Plano_Inundabilidad.jpg\" alt=\"\" class=\"wp-image-8282\" srcset=\"https:\/\/fadeu.urantiacos.cl\/wp-content\/uploads\/2023\/09\/2-Plano_Inundabilidad.jpg 879w, https:\/\/fadeu.urantiacos.cl\/wp-content\/uploads\/2023\/09\/2-Plano_Inundabilidad-300x238.jpg 300w, https:\/\/fadeu.urantiacos.cl\/wp-content\/uploads\/2023\/09\/2-Plano_Inundabilidad-768x610.jpg 768w\" sizes=\"(max-width: 879px) 100vw, 879px\" \/><\/figure>\n\n\n\n<p>Plano inundabilidad proyecto Parque Urbano Isla Caut\u00edn. Cortes\u00eda de Osvaldo Moreno<\/p>\n\n\n\n<figure class=\"wp-block-image size-full\"><img decoding=\"async\" width=\"960\" height=\"450\" src=\"https:\/\/fadeu.urantiacos.cl\/wp-content\/uploads\/2023\/09\/4-Pradera_Central.jpg\" alt=\"\" class=\"wp-image-8283\" srcset=\"https:\/\/fadeu.urantiacos.cl\/wp-content\/uploads\/2023\/09\/4-Pradera_Central.jpg 960w, https:\/\/fadeu.urantiacos.cl\/wp-content\/uploads\/2023\/09\/4-Pradera_Central-300x141.jpg 300w, https:\/\/fadeu.urantiacos.cl\/wp-content\/uploads\/2023\/09\/4-Pradera_Central-768x360.jpg 768w\" sizes=\"(max-width: 960px) 100vw, 960px\" \/><\/figure>\n\n\n\n<p>Pradera central proyecto Parque Urbano Isla Caut\u00edn. Cortes\u00eda de Osvaldo Moreno<\/p>\n\n\n\n<figure class=\"wp-block-image size-full\"><img decoding=\"async\" width=\"926\" height=\"521\" src=\"https:\/\/fadeu.urantiacos.cl\/wp-content\/uploads\/2023\/09\/6-Zona_Inundable.jpg\" alt=\"\" class=\"wp-image-8284\" srcset=\"https:\/\/fadeu.urantiacos.cl\/wp-content\/uploads\/2023\/09\/6-Zona_Inundable.jpg 926w, https:\/\/fadeu.urantiacos.cl\/wp-content\/uploads\/2023\/09\/6-Zona_Inundable-300x169.jpg 300w, https:\/\/fadeu.urantiacos.cl\/wp-content\/uploads\/2023\/09\/6-Zona_Inundable-768x432.jpg 768w\" sizes=\"(max-width: 926px) 100vw, 926px\" \/><\/figure>\n\n\n\n<p>Zona inundable proyecto Parque Urbano Isla Caut\u00edn. Cortes\u00eda de Osvaldo Moreno<\/p>\n\n\n\n<figure class=\"wp-block-image size-full\"><img decoding=\"async\" width=\"917\" height=\"419\" src=\"https:\/\/fadeu.urantiacos.cl\/wp-content\/uploads\/2023\/09\/9-Memorial.jpg\" alt=\"\" class=\"wp-image-8285\" srcset=\"https:\/\/fadeu.urantiacos.cl\/wp-content\/uploads\/2023\/09\/9-Memorial.jpg 917w, https:\/\/fadeu.urantiacos.cl\/wp-content\/uploads\/2023\/09\/9-Memorial-300x137.jpg 300w, https:\/\/fadeu.urantiacos.cl\/wp-content\/uploads\/2023\/09\/9-Memorial-768x351.jpg 768w\" sizes=\"(max-width: 917px) 100vw, 917px\" \/><\/figure>\n\n\n\n<p>Memorial proyecto Parque Urbano Isla Caut\u00edn. Cortes\u00eda de Osvaldo Moreno<\/p>\n\n\n\n<figure class=\"wp-block-image size-full\"><img decoding=\"async\" width=\"947\" height=\"451\" src=\"https:\/\/fadeu.urantiacos.cl\/wp-content\/uploads\/2023\/09\/8-Plaza_del_Encuentro.jpg\" alt=\"\" class=\"wp-image-8286\" srcset=\"https:\/\/fadeu.urantiacos.cl\/wp-content\/uploads\/2023\/09\/8-Plaza_del_Encuentro.jpg 947w, https:\/\/fadeu.urantiacos.cl\/wp-content\/uploads\/2023\/09\/8-Plaza_del_Encuentro-300x143.jpg 300w, https:\/\/fadeu.urantiacos.cl\/wp-content\/uploads\/2023\/09\/8-Plaza_del_Encuentro-768x366.jpg 768w\" sizes=\"(max-width: 947px) 100vw, 947px\" \/><\/figure>\n\n\n\n<p>Plaza del Encuentro&nbsp;proyecto Parque Urbano Isla Caut\u00edn. Cortes\u00eda de Osvaldo Moreno<\/p>\n\n\n\n<p>Noticias<br>Contacto:&nbsp;<a href=\"mailto:redesarq@uc.cl\">redesarq@uc.cl<\/a>&nbsp;| +56 2 2354 7747<br>www.arquitectura.uc.cl<\/p>\n","protected":false},"excerpt":{"rendered":"<p>Proyectado como un h\u00e1bitat sustentable y un espacio multicultural, el parque tendr\u00e1 27 hect\u00e1reas, siendo uno de los m\u00e1s grandes del pa\u00eds en su tipo. La propuesta, ganadora del concurso del SERVIU Araucan\u00eda, fue presentada por el arquitecto Osvaldo Moreno Flores junto a la oficina Mart\u00ednez &#038; Asociados en 2015.<\/p>\n","protected":false},"author":1,"featured_media":8280,"comment_status":"open","ping_status":"open","sticky":false,"template":"","format":"standard","meta":{"_acf_changed":false,"footnotes":""},"categories":[1],"tags":[],"class_list":["post-8279","post","type-post","status-publish","format-standard","has-post-thumbnail","hentry","category-sin-categorizar"],"acf":[],"yoast_head":"<!-- This site is optimized with the Yoast SEO plugin v27.1.1 - https:\/\/yoast.com\/product\/yoast-seo-wordpress\/ -->\n<title>Avanzan las obras del Parque Urbano Isla Caut\u00edn, dise\u00f1ado por el profesor ARQ UC Osvaldo Moreno - Facultad de Arquitectura, Dise\u00f1o y Estudios Urbanos<\/title>\n<meta name=\"description\" content=\"Proyectado como un h\u00e1bitat sustentable y un espacio multicultural, el parque tendr\u00e1 27 hect\u00e1reas, siendo uno de los m\u00e1s grandes del pa\u00eds en su tipo. La propuesta, ganadora del concurso del SERVIU Araucan\u00eda, fue presentada por el arquitecto Osvaldo Moreno Flores junto a la oficina Mart\u00ednez &amp; Asociados en 2015.\" \/>\n<meta name=\"robots\" content=\"index, follow, max-snippet:-1, max-image-preview:large, max-video-preview:-1\" \/>\n<link rel=\"canonical\" href=\"https:\/\/fadeu.urantiacos.cl\/en\/2020\/09\/13\/avanzan-las-obras-del-parque-urbano-isla-cautin-disenado-por-el-profesor-arq-uc-osvaldo-moreno\/\" \/>\n<meta property=\"og:locale\" content=\"en_US\" \/>\n<meta property=\"og:type\" content=\"article\" \/>\n<meta property=\"og:title\" content=\"Avanzan las obras del Parque Urbano Isla Caut\u00edn, dise\u00f1ado por el profesor ARQ UC Osvaldo Moreno - Facultad de Arquitectura, Dise\u00f1o y Estudios Urbanos\" \/>\n<meta property=\"og:description\" content=\"Proyectado como un h\u00e1bitat sustentable y un espacio multicultural, el parque tendr\u00e1 27 hect\u00e1reas, siendo uno de los m\u00e1s grandes del pa\u00eds en su tipo. La propuesta, ganadora del concurso del SERVIU Araucan\u00eda, fue presentada por el arquitecto Osvaldo Moreno Flores junto a la oficina Mart\u00ednez &amp; Asociados en 2015.\" \/>\n<meta property=\"og:url\" content=\"https:\/\/fadeu.urantiacos.cl\/en\/2020\/09\/13\/avanzan-las-obras-del-parque-urbano-isla-cautin-disenado-por-el-profesor-arq-uc-osvaldo-moreno\/\" \/>\n<meta property=\"og:site_name\" content=\"Facultad de Arquitectura, Dise\u00f1o y Estudios Urbanos\" \/>\n<meta property=\"article:published_time\" content=\"2020-09-13T20:04:00+00:00\" \/>\n<meta property=\"article:modified_time\" content=\"2023-10-23T16:36:46+00:00\" \/>\n<meta property=\"og:image\" content=\"https:\/\/fadeu.urantiacos.cl\/wp-content\/uploads\/2023\/09\/3-Plano_Vegetacion_web.jpg\" \/>\n\t<meta property=\"og:image:width\" content=\"350\" \/>\n\t<meta property=\"og:image:height\" content=\"250\" \/>\n\t<meta property=\"og:image:type\" content=\"image\/jpeg\" \/>\n<meta name=\"author\" content=\"manadmin\" \/>\n<meta name=\"twitter:card\" content=\"summary_large_image\" \/>\n<meta name=\"twitter:label1\" content=\"Written by\" \/>\n\t<meta name=\"twitter:data1\" content=\"manadmin\" \/>\n\t<meta name=\"twitter:label2\" content=\"Est. reading time\" \/>\n\t<meta name=\"twitter:data2\" content=\"4 minutes\" \/>\n<script type=\"application\/ld+json\" class=\"yoast-schema-graph\">{\"@context\":\"https:\/\/schema.org\",\"@graph\":[{\"@type\":\"Article\",\"@id\":\"https:\/\/fadeu.urantiacos.cl\/en\/2020\/09\/13\/avanzan-las-obras-del-parque-urbano-isla-cautin-disenado-por-el-profesor-arq-uc-osvaldo-moreno\/#article\",\"isPartOf\":{\"@id\":\"https:\/\/fadeu.urantiacos.cl\/en\/2020\/09\/13\/avanzan-las-obras-del-parque-urbano-isla-cautin-disenado-por-el-profesor-arq-uc-osvaldo-moreno\/\"},\"author\":{\"name\":\"manadmin\",\"@id\":\"https:\/\/fadeu.urantiacos.cl\/en\/#\/schema\/person\/d203e2e84b1c40275eac77b3061a19a2\"},\"headline\":\"Avanzan las obras del Parque Urbano Isla Caut\u00edn, dise\u00f1ado por el profesor ARQ UC Osvaldo Moreno\",\"datePublished\":\"2020-09-13T20:04:00+00:00\",\"dateModified\":\"2023-10-23T16:36:46+00:00\",\"mainEntityOfPage\":{\"@id\":\"https:\/\/fadeu.urantiacos.cl\/en\/2020\/09\/13\/avanzan-las-obras-del-parque-urbano-isla-cautin-disenado-por-el-profesor-arq-uc-osvaldo-moreno\/\"},\"wordCount\":564,\"commentCount\":0,\"image\":{\"@id\":\"https:\/\/fadeu.urantiacos.cl\/en\/2020\/09\/13\/avanzan-las-obras-del-parque-urbano-isla-cautin-disenado-por-el-profesor-arq-uc-osvaldo-moreno\/#primaryimage\"},\"thumbnailUrl\":\"https:\/\/fadeu.urantiacos.cl\/wp-content\/uploads\/2023\/09\/3-Plano_Vegetacion_web.jpg\",\"articleSection\":[\"Sin categorizar\"],\"inLanguage\":\"en-US\",\"potentialAction\":[{\"@type\":\"CommentAction\",\"name\":\"Comment\",\"target\":[\"https:\/\/fadeu.urantiacos.cl\/en\/2020\/09\/13\/avanzan-las-obras-del-parque-urbano-isla-cautin-disenado-por-el-profesor-arq-uc-osvaldo-moreno\/#respond\"]}]},{\"@type\":\"WebPage\",\"@id\":\"https:\/\/fadeu.urantiacos.cl\/en\/2020\/09\/13\/avanzan-las-obras-del-parque-urbano-isla-cautin-disenado-por-el-profesor-arq-uc-osvaldo-moreno\/\",\"url\":\"https:\/\/fadeu.urantiacos.cl\/en\/2020\/09\/13\/avanzan-las-obras-del-parque-urbano-isla-cautin-disenado-por-el-profesor-arq-uc-osvaldo-moreno\/\",\"name\":\"Avanzan las obras del Parque Urbano Isla Caut\u00edn, dise\u00f1ado por el profesor ARQ UC Osvaldo Moreno - Facultad de Arquitectura, Dise\u00f1o y Estudios Urbanos\",\"isPartOf\":{\"@id\":\"https:\/\/fadeu.urantiacos.cl\/en\/#website\"},\"primaryImageOfPage\":{\"@id\":\"https:\/\/fadeu.urantiacos.cl\/en\/2020\/09\/13\/avanzan-las-obras-del-parque-urbano-isla-cautin-disenado-por-el-profesor-arq-uc-osvaldo-moreno\/#primaryimage\"},\"image\":{\"@id\":\"https:\/\/fadeu.urantiacos.cl\/en\/2020\/09\/13\/avanzan-las-obras-del-parque-urbano-isla-cautin-disenado-por-el-profesor-arq-uc-osvaldo-moreno\/#primaryimage\"},\"thumbnailUrl\":\"https:\/\/fadeu.urantiacos.cl\/wp-content\/uploads\/2023\/09\/3-Plano_Vegetacion_web.jpg\",\"datePublished\":\"2020-09-13T20:04:00+00:00\",\"dateModified\":\"2023-10-23T16:36:46+00:00\",\"author\":{\"@id\":\"https:\/\/fadeu.urantiacos.cl\/en\/#\/schema\/person\/d203e2e84b1c40275eac77b3061a19a2\"},\"description\":\"Proyectado como un h\u00e1bitat sustentable y un espacio multicultural, el parque tendr\u00e1 27 hect\u00e1reas, siendo uno de los m\u00e1s grandes del pa\u00eds en su tipo. La propuesta, ganadora del concurso del SERVIU Araucan\u00eda, fue presentada por el arquitecto Osvaldo Moreno Flores junto a la oficina Mart\u00ednez & Asociados en 2015.\",\"breadcrumb\":{\"@id\":\"https:\/\/fadeu.urantiacos.cl\/en\/2020\/09\/13\/avanzan-las-obras-del-parque-urbano-isla-cautin-disenado-por-el-profesor-arq-uc-osvaldo-moreno\/#breadcrumb\"},\"inLanguage\":\"en-US\",\"potentialAction\":[{\"@type\":\"ReadAction\",\"target\":[\"https:\/\/fadeu.urantiacos.cl\/en\/2020\/09\/13\/avanzan-las-obras-del-parque-urbano-isla-cautin-disenado-por-el-profesor-arq-uc-osvaldo-moreno\/\"]}]},{\"@type\":\"ImageObject\",\"inLanguage\":\"en-US\",\"@id\":\"https:\/\/fadeu.urantiacos.cl\/en\/2020\/09\/13\/avanzan-las-obras-del-parque-urbano-isla-cautin-disenado-por-el-profesor-arq-uc-osvaldo-moreno\/#primaryimage\",\"url\":\"https:\/\/fadeu.urantiacos.cl\/wp-content\/uploads\/2023\/09\/3-Plano_Vegetacion_web.jpg\",\"contentUrl\":\"https:\/\/fadeu.urantiacos.cl\/wp-content\/uploads\/2023\/09\/3-Plano_Vegetacion_web.jpg\",\"width\":350,\"height\":250},{\"@type\":\"BreadcrumbList\",\"@id\":\"https:\/\/fadeu.urantiacos.cl\/en\/2020\/09\/13\/avanzan-las-obras-del-parque-urbano-isla-cautin-disenado-por-el-profesor-arq-uc-osvaldo-moreno\/#breadcrumb\",\"itemListElement\":[{\"@type\":\"ListItem\",\"position\":1,\"name\":\"Portada\",\"item\":\"https:\/\/fadeu.urantiacos.cl\/en\/\"},{\"@type\":\"ListItem\",\"position\":2,\"name\":\"Avanzan las obras del Parque Urbano Isla Caut\u00edn, dise\u00f1ado por el profesor ARQ UC Osvaldo Moreno\"}]},{\"@type\":\"WebSite\",\"@id\":\"https:\/\/fadeu.urantiacos.cl\/en\/#website\",\"url\":\"https:\/\/fadeu.urantiacos.cl\/en\/\",\"name\":\"Facultad de Arquitectura, Dise\u00f1o y Estudios Urbanos\",\"description\":\"Campus Lo Contador\",\"potentialAction\":[{\"@type\":\"SearchAction\",\"target\":{\"@type\":\"EntryPoint\",\"urlTemplate\":\"https:\/\/fadeu.urantiacos.cl\/en\/?s={search_term_string}\"},\"query-input\":{\"@type\":\"PropertyValueSpecification\",\"valueRequired\":true,\"valueName\":\"search_term_string\"}}],\"inLanguage\":\"en-US\"},{\"@type\":\"Person\",\"@id\":\"https:\/\/fadeu.urantiacos.cl\/en\/#\/schema\/person\/d203e2e84b1c40275eac77b3061a19a2\",\"name\":\"manadmin\",\"image\":{\"@type\":\"ImageObject\",\"inLanguage\":\"en-US\",\"@id\":\"https:\/\/fadeu.urantiacos.cl\/en\/#\/schema\/person\/image\/\",\"url\":\"https:\/\/secure.gravatar.com\/avatar\/4b1d8e3303b4a9d8968ac578947d8bc80d9aea359f388cdd4aac15cadc0e8447?s=96&d=mm&r=g\",\"contentUrl\":\"https:\/\/secure.gravatar.com\/avatar\/4b1d8e3303b4a9d8968ac578947d8bc80d9aea359f388cdd4aac15cadc0e8447?s=96&d=mm&r=g\",\"caption\":\"manadmin\"},\"sameAs\":[\"https:\/\/fadeu.urantiacos.cl\"]}]}<\/script>\n<!-- \/ Yoast SEO plugin. -->","yoast_head_json":{"title":"Avanzan las obras del Parque Urbano Isla Caut\u00edn, dise\u00f1ado por el profesor ARQ UC Osvaldo Moreno - Facultad de Arquitectura, Dise\u00f1o y Estudios Urbanos","description":"Proyectado como un h\u00e1bitat sustentable y un espacio multicultural, el parque tendr\u00e1 27 hect\u00e1reas, siendo uno de los m\u00e1s grandes del pa\u00eds en su tipo. La propuesta, ganadora del concurso del SERVIU Araucan\u00eda, fue presentada por el arquitecto Osvaldo Moreno Flores junto a la oficina Mart\u00ednez & Asociados en 2015.","robots":{"index":"index","follow":"follow","max-snippet":"max-snippet:-1","max-image-preview":"max-image-preview:large","max-video-preview":"max-video-preview:-1"},"canonical":"https:\/\/fadeu.urantiacos.cl\/en\/2020\/09\/13\/avanzan-las-obras-del-parque-urbano-isla-cautin-disenado-por-el-profesor-arq-uc-osvaldo-moreno\/","og_locale":"en_US","og_type":"article","og_title":"Avanzan las obras del Parque Urbano Isla Caut\u00edn, dise\u00f1ado por el profesor ARQ UC Osvaldo Moreno - Facultad de Arquitectura, Dise\u00f1o y Estudios Urbanos","og_description":"Proyectado como un h\u00e1bitat sustentable y un espacio multicultural, el parque tendr\u00e1 27 hect\u00e1reas, siendo uno de los m\u00e1s grandes del pa\u00eds en su tipo. La propuesta, ganadora del concurso del SERVIU Araucan\u00eda, fue presentada por el arquitecto Osvaldo Moreno Flores junto a la oficina Mart\u00ednez & Asociados en 2015.","og_url":"https:\/\/fadeu.urantiacos.cl\/en\/2020\/09\/13\/avanzan-las-obras-del-parque-urbano-isla-cautin-disenado-por-el-profesor-arq-uc-osvaldo-moreno\/","og_site_name":"Facultad de Arquitectura, Dise\u00f1o y Estudios Urbanos","article_published_time":"2020-09-13T20:04:00+00:00","article_modified_time":"2023-10-23T16:36:46+00:00","og_image":[{"width":350,"height":250,"url":"https:\/\/fadeu.urantiacos.cl\/wp-content\/uploads\/2023\/09\/3-Plano_Vegetacion_web.jpg","type":"image\/jpeg"}],"author":"manadmin","twitter_card":"summary_large_image","twitter_misc":{"Written by":"manadmin","Est. reading time":"4 minutes"},"schema":{"@context":"https:\/\/schema.org","@graph":[{"@type":"Article","@id":"https:\/\/fadeu.urantiacos.cl\/en\/2020\/09\/13\/avanzan-las-obras-del-parque-urbano-isla-cautin-disenado-por-el-profesor-arq-uc-osvaldo-moreno\/#article","isPartOf":{"@id":"https:\/\/fadeu.urantiacos.cl\/en\/2020\/09\/13\/avanzan-las-obras-del-parque-urbano-isla-cautin-disenado-por-el-profesor-arq-uc-osvaldo-moreno\/"},"author":{"name":"manadmin","@id":"https:\/\/fadeu.urantiacos.cl\/en\/#\/schema\/person\/d203e2e84b1c40275eac77b3061a19a2"},"headline":"Avanzan las obras del Parque Urbano Isla Caut\u00edn, dise\u00f1ado por el profesor ARQ UC Osvaldo Moreno","datePublished":"2020-09-13T20:04:00+00:00","dateModified":"2023-10-23T16:36:46+00:00","mainEntityOfPage":{"@id":"https:\/\/fadeu.urantiacos.cl\/en\/2020\/09\/13\/avanzan-las-obras-del-parque-urbano-isla-cautin-disenado-por-el-profesor-arq-uc-osvaldo-moreno\/"},"wordCount":564,"commentCount":0,"image":{"@id":"https:\/\/fadeu.urantiacos.cl\/en\/2020\/09\/13\/avanzan-las-obras-del-parque-urbano-isla-cautin-disenado-por-el-profesor-arq-uc-osvaldo-moreno\/#primaryimage"},"thumbnailUrl":"https:\/\/fadeu.urantiacos.cl\/wp-content\/uploads\/2023\/09\/3-Plano_Vegetacion_web.jpg","articleSection":["Sin categorizar"],"inLanguage":"en-US","potentialAction":[{"@type":"CommentAction","name":"Comment","target":["https:\/\/fadeu.urantiacos.cl\/en\/2020\/09\/13\/avanzan-las-obras-del-parque-urbano-isla-cautin-disenado-por-el-profesor-arq-uc-osvaldo-moreno\/#respond"]}]},{"@type":"WebPage","@id":"https:\/\/fadeu.urantiacos.cl\/en\/2020\/09\/13\/avanzan-las-obras-del-parque-urbano-isla-cautin-disenado-por-el-profesor-arq-uc-osvaldo-moreno\/","url":"https:\/\/fadeu.urantiacos.cl\/en\/2020\/09\/13\/avanzan-las-obras-del-parque-urbano-isla-cautin-disenado-por-el-profesor-arq-uc-osvaldo-moreno\/","name":"Avanzan las obras del Parque Urbano Isla Caut\u00edn, dise\u00f1ado por el profesor ARQ UC Osvaldo Moreno - Facultad de Arquitectura, Dise\u00f1o y Estudios Urbanos","isPartOf":{"@id":"https:\/\/fadeu.urantiacos.cl\/en\/#website"},"primaryImageOfPage":{"@id":"https:\/\/fadeu.urantiacos.cl\/en\/2020\/09\/13\/avanzan-las-obras-del-parque-urbano-isla-cautin-disenado-por-el-profesor-arq-uc-osvaldo-moreno\/#primaryimage"},"image":{"@id":"https:\/\/fadeu.urantiacos.cl\/en\/2020\/09\/13\/avanzan-las-obras-del-parque-urbano-isla-cautin-disenado-por-el-profesor-arq-uc-osvaldo-moreno\/#primaryimage"},"thumbnailUrl":"https:\/\/fadeu.urantiacos.cl\/wp-content\/uploads\/2023\/09\/3-Plano_Vegetacion_web.jpg","datePublished":"2020-09-13T20:04:00+00:00","dateModified":"2023-10-23T16:36:46+00:00","author":{"@id":"https:\/\/fadeu.urantiacos.cl\/en\/#\/schema\/person\/d203e2e84b1c40275eac77b3061a19a2"},"description":"Proyectado como un h\u00e1bitat sustentable y un espacio multicultural, el parque tendr\u00e1 27 hect\u00e1reas, siendo uno de los m\u00e1s grandes del pa\u00eds en su tipo. La propuesta, ganadora del concurso del SERVIU Araucan\u00eda, fue presentada por el arquitecto Osvaldo Moreno Flores junto a la oficina Mart\u00ednez & Asociados en 2015.","breadcrumb":{"@id":"https:\/\/fadeu.urantiacos.cl\/en\/2020\/09\/13\/avanzan-las-obras-del-parque-urbano-isla-cautin-disenado-por-el-profesor-arq-uc-osvaldo-moreno\/#breadcrumb"},"inLanguage":"en-US","potentialAction":[{"@type":"ReadAction","target":["https:\/\/fadeu.urantiacos.cl\/en\/2020\/09\/13\/avanzan-las-obras-del-parque-urbano-isla-cautin-disenado-por-el-profesor-arq-uc-osvaldo-moreno\/"]}]},{"@type":"ImageObject","inLanguage":"en-US","@id":"https:\/\/fadeu.urantiacos.cl\/en\/2020\/09\/13\/avanzan-las-obras-del-parque-urbano-isla-cautin-disenado-por-el-profesor-arq-uc-osvaldo-moreno\/#primaryimage","url":"https:\/\/fadeu.urantiacos.cl\/wp-content\/uploads\/2023\/09\/3-Plano_Vegetacion_web.jpg","contentUrl":"https:\/\/fadeu.urantiacos.cl\/wp-content\/uploads\/2023\/09\/3-Plano_Vegetacion_web.jpg","width":350,"height":250},{"@type":"BreadcrumbList","@id":"https:\/\/fadeu.urantiacos.cl\/en\/2020\/09\/13\/avanzan-las-obras-del-parque-urbano-isla-cautin-disenado-por-el-profesor-arq-uc-osvaldo-moreno\/#breadcrumb","itemListElement":[{"@type":"ListItem","position":1,"name":"Portada","item":"https:\/\/fadeu.urantiacos.cl\/en\/"},{"@type":"ListItem","position":2,"name":"Avanzan las obras del Parque Urbano Isla Caut\u00edn, dise\u00f1ado por el profesor ARQ UC Osvaldo Moreno"}]},{"@type":"WebSite","@id":"https:\/\/fadeu.urantiacos.cl\/en\/#website","url":"https:\/\/fadeu.urantiacos.cl\/en\/","name":"Facultad de Arquitectura, Dise\u00f1o y Estudios Urbanos","description":"Campus Lo Contador","potentialAction":[{"@type":"SearchAction","target":{"@type":"EntryPoint","urlTemplate":"https:\/\/fadeu.urantiacos.cl\/en\/?s={search_term_string}"},"query-input":{"@type":"PropertyValueSpecification","valueRequired":true,"valueName":"search_term_string"}}],"inLanguage":"en-US"},{"@type":"Person","@id":"https:\/\/fadeu.urantiacos.cl\/en\/#\/schema\/person\/d203e2e84b1c40275eac77b3061a19a2","name":"manadmin","image":{"@type":"ImageObject","inLanguage":"en-US","@id":"https:\/\/fadeu.urantiacos.cl\/en\/#\/schema\/person\/image\/","url":"https:\/\/secure.gravatar.com\/avatar\/4b1d8e3303b4a9d8968ac578947d8bc80d9aea359f388cdd4aac15cadc0e8447?s=96&d=mm&r=g","contentUrl":"https:\/\/secure.gravatar.com\/avatar\/4b1d8e3303b4a9d8968ac578947d8bc80d9aea359f388cdd4aac15cadc0e8447?s=96&d=mm&r=g","caption":"manadmin"},"sameAs":["https:\/\/fadeu.urantiacos.cl"]}]}},"_links":{"self":[{"href":"https:\/\/fadeu.urantiacos.cl\/en\/wp-json\/wp\/v2\/posts\/8279","targetHints":{"allow":["GET"]}}],"collection":[{"href":"https:\/\/fadeu.urantiacos.cl\/en\/wp-json\/wp\/v2\/posts"}],"about":[{"href":"https:\/\/fadeu.urantiacos.cl\/en\/wp-json\/wp\/v2\/types\/post"}],"author":[{"embeddable":true,"href":"https:\/\/fadeu.urantiacos.cl\/en\/wp-json\/wp\/v2\/users\/1"}],"replies":[{"embeddable":true,"href":"https:\/\/fadeu.urantiacos.cl\/en\/wp-json\/wp\/v2\/comments?post=8279"}],"version-history":[{"count":2,"href":"https:\/\/fadeu.urantiacos.cl\/en\/wp-json\/wp\/v2\/posts\/8279\/revisions"}],"predecessor-version":[{"id":17427,"href":"https:\/\/fadeu.urantiacos.cl\/en\/wp-json\/wp\/v2\/posts\/8279\/revisions\/17427"}],"wp:featuredmedia":[{"embeddable":true,"href":"https:\/\/fadeu.urantiacos.cl\/en\/wp-json\/wp\/v2\/media\/8280"}],"wp:attachment":[{"href":"https:\/\/fadeu.urantiacos.cl\/en\/wp-json\/wp\/v2\/media?parent=8279"}],"wp:term":[{"taxonomy":"category","embeddable":true,"href":"https:\/\/fadeu.urantiacos.cl\/en\/wp-json\/wp\/v2\/categories?post=8279"},{"taxonomy":"post_tag","embeddable":true,"href":"https:\/\/fadeu.urantiacos.cl\/en\/wp-json\/wp\/v2\/tags?post=8279"}],"curies":[{"name":"wp","href":"https:\/\/api.w.org\/{rel}","templated":true}]}}