{"id":8271,"date":"2020-09-13T17:00:00","date_gmt":"2020-09-13T20:00:00","guid":{"rendered":"https:\/\/fadeu.urantiacos.cl\/?p=8271"},"modified":"2023-09-10T17:04:51","modified_gmt":"2023-09-10T20:04:51","slug":"estudiantes-arq-uc-reciben-mencion-honrosa-en-corma","status":"publish","type":"post","link":"https:\/\/fadeu.urantiacos.cl\/en\/2020\/09\/13\/estudiantes-arq-uc-reciben-mencion-honrosa-en-corma\/","title":{"rendered":"Estudiantes ARQ UC reciben menci\u00f3n honrosa en CORMA"},"content":{"rendered":"\n<figure class=\"wp-block-image size-full\"><img decoding=\"async\" width=\"350\" height=\"250\" src=\"https:\/\/fadeu.urantiacos.cl\/wp-content\/uploads\/2023\/09\/Imagen-General_web.jpg\" alt=\"\" class=\"wp-image-8272\" srcset=\"https:\/\/fadeu.urantiacos.cl\/wp-content\/uploads\/2023\/09\/Imagen-General_web.jpg 350w, https:\/\/fadeu.urantiacos.cl\/wp-content\/uploads\/2023\/09\/Imagen-General_web-300x214.jpg 300w\" sizes=\"(max-width: 350px) 100vw, 350px\" \/><\/figure>\n\n\n\n<p>El concurso de arquitectura se enmarca dentro de la Semana de la Madera 2020 de Madera21, una asociaci\u00f3n de Corma compuesta por diferentes actores. Este a\u00f1o, el evento se celebr\u00f3 en formato digital entre los d\u00edas 02 y 05 de septiembre, momento en el cual un jurado de expertos \u2014nacionales e internacionales\u2014, seleccion\u00f3 a los ganadores de los diferentes concursos.<\/p>\n\n\n\n<p>Sobre el proyecto, el equipo desarrollador sostiene que \u00e9ste \u201cenfatiza la dualidad inherente de las escuelas t\u00e9cnicas donde la ense\u00f1anza sistem\u00e1tica te\u00f3rica dialoga directamente con la creatividad del hacer pr\u00e1ctico, sus conexiones con la naturaleza y sus materias primas\u201d. Siguiendo esa misma l\u00f3gica dual, la propuesta genera un contraste entre el orden ortogonal de los edificios con el car\u00e1cter org\u00e1nico del entorno.<\/p>\n\n\n\n<p>En esta d\u00e9cima quinta versi\u00f3n del concurso, el jurado estuvo compuesto por: Tom\u00e1s Villal\u00f3n (tambi\u00e9n director de esta edici\u00f3n del concurso); el arquitecto argentino Nicol\u00e1s Campod\u00f3nico; el arquitecto espa\u00f1ol Josep Ferrando; Macarena Rabat (WMR Arquitectos); Domingo Arancibia; Felipe Grallert; Constanza Hagemann (Panorama Arquitectos); Felipe Victorero (en representaci\u00f3n de CORMA); el arquitecto UC Mat\u00edas Zegers; el arquitecto y MARQ UC Felipe Grallert; y las profesoras ARQ UC Macarena Burdiles y Sandra Iturriaga.<\/p>\n\n\n\n<p>Estudiantes_<br>Victoria Arancibia<br>Maitakki G\u00f3mez<br>Serena Sandoval<br>Florencia Villal\u00f3n<\/p>\n\n\n\n<p>Profesores gu\u00eda_<br>Mario Carre\u00f1o<br>Juan Ignacio Baixas<\/p>\n\n\n\n<p>Ver proyecto en el siguiente&nbsp;<a href=\"https:\/\/www.madera21.cl\/project-view\/con-fluencia\/\" target=\"_blank\" rel=\"noreferrer noopener\">link<\/a><br>Ver ganadores en el siguiente&nbsp;<a href=\"https:\/\/www.madera21.cl\/anuncian-los-ganadores-de-los-concursos-de-la-semana-de-la-madera-2020\/\" target=\"_blank\" rel=\"noreferrer noopener\">link<\/a>&nbsp;<\/p>\n\n\n\n<figure class=\"wp-block-image size-full\"><img decoding=\"async\" width=\"1024\" height=\"683\" src=\"https:\/\/fadeu.urantiacos.cl\/wp-content\/uploads\/2023\/09\/Imagen-General.jpg\" alt=\"\" class=\"wp-image-8273\" srcset=\"https:\/\/fadeu.urantiacos.cl\/wp-content\/uploads\/2023\/09\/Imagen-General.jpg 1024w, https:\/\/fadeu.urantiacos.cl\/wp-content\/uploads\/2023\/09\/Imagen-General-300x200.jpg 300w, https:\/\/fadeu.urantiacos.cl\/wp-content\/uploads\/2023\/09\/Imagen-General-768x512.jpg 768w\" sizes=\"(max-width: 1024px) 100vw, 1024px\" \/><\/figure>\n\n\n\n<figure class=\"wp-block-image size-full\"><img decoding=\"async\" width=\"1024\" height=\"683\" src=\"https:\/\/fadeu.urantiacos.cl\/wp-content\/uploads\/2023\/09\/Bote-1.jpg\" alt=\"\" class=\"wp-image-8274\" srcset=\"https:\/\/fadeu.urantiacos.cl\/wp-content\/uploads\/2023\/09\/Bote-1.jpg 1024w, https:\/\/fadeu.urantiacos.cl\/wp-content\/uploads\/2023\/09\/Bote-1-300x200.jpg 300w, https:\/\/fadeu.urantiacos.cl\/wp-content\/uploads\/2023\/09\/Bote-1-768x512.jpg 768w\" sizes=\"(max-width: 1024px) 100vw, 1024px\" \/><\/figure>\n\n\n\n<figure class=\"wp-block-image size-full\"><img decoding=\"async\" width=\"1024\" height=\"683\" src=\"https:\/\/fadeu.urantiacos.cl\/wp-content\/uploads\/2023\/09\/Patio-Naval-1.jpg\" alt=\"\" class=\"wp-image-8275\" srcset=\"https:\/\/fadeu.urantiacos.cl\/wp-content\/uploads\/2023\/09\/Patio-Naval-1.jpg 1024w, https:\/\/fadeu.urantiacos.cl\/wp-content\/uploads\/2023\/09\/Patio-Naval-1-300x200.jpg 300w, https:\/\/fadeu.urantiacos.cl\/wp-content\/uploads\/2023\/09\/Patio-Naval-1-768x512.jpg 768w\" sizes=\"(max-width: 1024px) 100vw, 1024px\" \/><\/figure>\n\n\n\n<figure class=\"wp-block-image size-full\"><img decoding=\"async\" width=\"1024\" height=\"683\" src=\"https:\/\/fadeu.urantiacos.cl\/wp-content\/uploads\/2023\/09\/Entrada-3.jpg\" alt=\"\" class=\"wp-image-8276\" srcset=\"https:\/\/fadeu.urantiacos.cl\/wp-content\/uploads\/2023\/09\/Entrada-3.jpg 1024w, https:\/\/fadeu.urantiacos.cl\/wp-content\/uploads\/2023\/09\/Entrada-3-300x200.jpg 300w, https:\/\/fadeu.urantiacos.cl\/wp-content\/uploads\/2023\/09\/Entrada-3-768x512.jpg 768w\" sizes=\"(max-width: 1024px) 100vw, 1024px\" \/><\/figure>\n\n\n\n<figure class=\"wp-block-image size-full\"><img decoding=\"async\" width=\"1024\" height=\"683\" src=\"https:\/\/fadeu.urantiacos.cl\/wp-content\/uploads\/2023\/09\/Biblioteca-2.jpg\" alt=\"\" class=\"wp-image-8277\" srcset=\"https:\/\/fadeu.urantiacos.cl\/wp-content\/uploads\/2023\/09\/Biblioteca-2.jpg 1024w, https:\/\/fadeu.urantiacos.cl\/wp-content\/uploads\/2023\/09\/Biblioteca-2-300x200.jpg 300w, https:\/\/fadeu.urantiacos.cl\/wp-content\/uploads\/2023\/09\/Biblioteca-2-768x512.jpg 768w\" sizes=\"(max-width: 1024px) 100vw, 1024px\" \/><\/figure>\n\n\n\n<p>Im\u00e1genes proyecto &#8220;Con-fluencia&#8221; extra\u00eddas de&nbsp;<a href=\"https:\/\/www.madera21.cl\/project-view\/con-fluencia\/\">https:\/\/www.madera21.cl\/project-view\/con-fluencia\/<\/a><\/p>\n\n\n\n<p>Noticias<br>Contacto:&nbsp;<a href=\"mailto:redesarq@uc.cl\">redesarq@uc.cl<\/a>&nbsp;| +56 2 2354 7747<br>www.arquitectura.uc.cl<\/p>\n","protected":false},"excerpt":{"rendered":"<p>El equipo, conformado por cuatro alumnos de cuarto a\u00f1o, recibi\u00f3 la menci\u00f3n en el concurso de arquitectura de Madera21 con el proyecto &#8220;Con-fluencia&#8221;, un liceo t\u00e9cnico astillero emplazado en la confluencia de tres de los r\u00edos que dan forma a Valdivia; el Calle-Calle, el Valdivia y el Cau-Cau.<\/p>\n","protected":false},"author":1,"featured_media":8272,"comment_status":"open","ping_status":"open","sticky":false,"template":"","format":"standard","meta":{"_acf_changed":false,"footnotes":""},"categories":[1],"tags":[],"class_list":["post-8271","post","type-post","status-publish","format-standard","has-post-thumbnail","hentry","category-sin-categorizar"],"acf":[],"yoast_head":"<!-- This site is optimized with the Yoast SEO plugin v27.1.1 - https:\/\/yoast.com\/product\/yoast-seo-wordpress\/ -->\n<title>Estudiantes ARQ UC reciben menci\u00f3n honrosa en CORMA - Facultad de Arquitectura, Dise\u00f1o y Estudios Urbanos<\/title>\n<meta name=\"description\" content=\"El equipo, conformado por cuatro alumnos de cuarto a\u00f1o, recibi\u00f3 la menci\u00f3n en el concurso de arquitectura de Madera21 con el proyecto &quot;Con-fluencia&quot;, un liceo t\u00e9cnico astillero emplazado en la confluencia de tres de los r\u00edos que dan forma a Valdivia; el Calle-Calle, el Valdivia y el Cau-Cau.\" \/>\n<meta name=\"robots\" content=\"index, follow, max-snippet:-1, max-image-preview:large, max-video-preview:-1\" \/>\n<link rel=\"canonical\" href=\"https:\/\/fadeu.urantiacos.cl\/en\/2020\/09\/13\/estudiantes-arq-uc-reciben-mencion-honrosa-en-corma\/\" \/>\n<meta property=\"og:locale\" content=\"en_US\" \/>\n<meta property=\"og:type\" content=\"article\" \/>\n<meta property=\"og:title\" content=\"Estudiantes ARQ UC reciben menci\u00f3n honrosa en CORMA - Facultad de Arquitectura, Dise\u00f1o y Estudios Urbanos\" \/>\n<meta property=\"og:description\" content=\"El equipo, conformado por cuatro alumnos de cuarto a\u00f1o, recibi\u00f3 la menci\u00f3n en el concurso de arquitectura de Madera21 con el proyecto &quot;Con-fluencia&quot;, un liceo t\u00e9cnico astillero emplazado en la confluencia de tres de los r\u00edos que dan forma a Valdivia; el Calle-Calle, el Valdivia y el Cau-Cau.\" \/>\n<meta property=\"og:url\" content=\"https:\/\/fadeu.urantiacos.cl\/en\/2020\/09\/13\/estudiantes-arq-uc-reciben-mencion-honrosa-en-corma\/\" \/>\n<meta property=\"og:site_name\" content=\"Facultad de Arquitectura, Dise\u00f1o y Estudios Urbanos\" \/>\n<meta property=\"article:published_time\" content=\"2020-09-13T20:00:00+00:00\" \/>\n<meta property=\"article:modified_time\" content=\"2023-09-10T20:04:51+00:00\" \/>\n<meta property=\"og:image\" content=\"https:\/\/fadeu.urantiacos.cl\/wp-content\/uploads\/2023\/09\/Imagen-General_web.jpg\" \/>\n\t<meta property=\"og:image:width\" content=\"350\" \/>\n\t<meta property=\"og:image:height\" content=\"250\" \/>\n\t<meta property=\"og:image:type\" content=\"image\/jpeg\" \/>\n<meta name=\"author\" content=\"manadmin\" \/>\n<meta name=\"twitter:card\" content=\"summary_large_image\" \/>\n<meta name=\"twitter:label1\" content=\"Written by\" \/>\n\t<meta name=\"twitter:data1\" content=\"manadmin\" \/>\n\t<meta name=\"twitter:label2\" content=\"Est. reading time\" \/>\n\t<meta name=\"twitter:data2\" content=\"1 minute\" \/>\n<script type=\"application\/ld+json\" class=\"yoast-schema-graph\">{\"@context\":\"https:\/\/schema.org\",\"@graph\":[{\"@type\":\"Article\",\"@id\":\"https:\/\/fadeu.urantiacos.cl\/en\/2020\/09\/13\/estudiantes-arq-uc-reciben-mencion-honrosa-en-corma\/#article\",\"isPartOf\":{\"@id\":\"https:\/\/fadeu.urantiacos.cl\/en\/2020\/09\/13\/estudiantes-arq-uc-reciben-mencion-honrosa-en-corma\/\"},\"author\":{\"name\":\"manadmin\",\"@id\":\"https:\/\/fadeu.urantiacos.cl\/en\/#\/schema\/person\/d203e2e84b1c40275eac77b3061a19a2\"},\"headline\":\"Estudiantes ARQ UC reciben menci\u00f3n honrosa en CORMA\",\"datePublished\":\"2020-09-13T20:00:00+00:00\",\"dateModified\":\"2023-09-10T20:04:51+00:00\",\"mainEntityOfPage\":{\"@id\":\"https:\/\/fadeu.urantiacos.cl\/en\/2020\/09\/13\/estudiantes-arq-uc-reciben-mencion-honrosa-en-corma\/\"},\"wordCount\":276,\"commentCount\":0,\"image\":{\"@id\":\"https:\/\/fadeu.urantiacos.cl\/en\/2020\/09\/13\/estudiantes-arq-uc-reciben-mencion-honrosa-en-corma\/#primaryimage\"},\"thumbnailUrl\":\"https:\/\/fadeu.urantiacos.cl\/wp-content\/uploads\/2023\/09\/Imagen-General_web.jpg\",\"articleSection\":[\"Sin categorizar\"],\"inLanguage\":\"en-US\",\"potentialAction\":[{\"@type\":\"CommentAction\",\"name\":\"Comment\",\"target\":[\"https:\/\/fadeu.urantiacos.cl\/en\/2020\/09\/13\/estudiantes-arq-uc-reciben-mencion-honrosa-en-corma\/#respond\"]}]},{\"@type\":\"WebPage\",\"@id\":\"https:\/\/fadeu.urantiacos.cl\/en\/2020\/09\/13\/estudiantes-arq-uc-reciben-mencion-honrosa-en-corma\/\",\"url\":\"https:\/\/fadeu.urantiacos.cl\/en\/2020\/09\/13\/estudiantes-arq-uc-reciben-mencion-honrosa-en-corma\/\",\"name\":\"Estudiantes ARQ UC reciben menci\u00f3n honrosa en CORMA - Facultad de Arquitectura, Dise\u00f1o y Estudios Urbanos\",\"isPartOf\":{\"@id\":\"https:\/\/fadeu.urantiacos.cl\/en\/#website\"},\"primaryImageOfPage\":{\"@id\":\"https:\/\/fadeu.urantiacos.cl\/en\/2020\/09\/13\/estudiantes-arq-uc-reciben-mencion-honrosa-en-corma\/#primaryimage\"},\"image\":{\"@id\":\"https:\/\/fadeu.urantiacos.cl\/en\/2020\/09\/13\/estudiantes-arq-uc-reciben-mencion-honrosa-en-corma\/#primaryimage\"},\"thumbnailUrl\":\"https:\/\/fadeu.urantiacos.cl\/wp-content\/uploads\/2023\/09\/Imagen-General_web.jpg\",\"datePublished\":\"2020-09-13T20:00:00+00:00\",\"dateModified\":\"2023-09-10T20:04:51+00:00\",\"author\":{\"@id\":\"https:\/\/fadeu.urantiacos.cl\/en\/#\/schema\/person\/d203e2e84b1c40275eac77b3061a19a2\"},\"description\":\"El equipo, conformado por cuatro alumnos de cuarto a\u00f1o, recibi\u00f3 la menci\u00f3n en el concurso de arquitectura de Madera21 con el proyecto \\\"Con-fluencia\\\", un liceo t\u00e9cnico astillero emplazado en la confluencia de tres de los r\u00edos que dan forma a Valdivia; el Calle-Calle, el Valdivia y el Cau-Cau.\",\"breadcrumb\":{\"@id\":\"https:\/\/fadeu.urantiacos.cl\/en\/2020\/09\/13\/estudiantes-arq-uc-reciben-mencion-honrosa-en-corma\/#breadcrumb\"},\"inLanguage\":\"en-US\",\"potentialAction\":[{\"@type\":\"ReadAction\",\"target\":[\"https:\/\/fadeu.urantiacos.cl\/en\/2020\/09\/13\/estudiantes-arq-uc-reciben-mencion-honrosa-en-corma\/\"]}]},{\"@type\":\"ImageObject\",\"inLanguage\":\"en-US\",\"@id\":\"https:\/\/fadeu.urantiacos.cl\/en\/2020\/09\/13\/estudiantes-arq-uc-reciben-mencion-honrosa-en-corma\/#primaryimage\",\"url\":\"https:\/\/fadeu.urantiacos.cl\/wp-content\/uploads\/2023\/09\/Imagen-General_web.jpg\",\"contentUrl\":\"https:\/\/fadeu.urantiacos.cl\/wp-content\/uploads\/2023\/09\/Imagen-General_web.jpg\",\"width\":350,\"height\":250},{\"@type\":\"BreadcrumbList\",\"@id\":\"https:\/\/fadeu.urantiacos.cl\/en\/2020\/09\/13\/estudiantes-arq-uc-reciben-mencion-honrosa-en-corma\/#breadcrumb\",\"itemListElement\":[{\"@type\":\"ListItem\",\"position\":1,\"name\":\"Portada\",\"item\":\"https:\/\/fadeu.urantiacos.cl\/en\/\"},{\"@type\":\"ListItem\",\"position\":2,\"name\":\"Estudiantes ARQ UC reciben menci\u00f3n honrosa en CORMA\"}]},{\"@type\":\"WebSite\",\"@id\":\"https:\/\/fadeu.urantiacos.cl\/en\/#website\",\"url\":\"https:\/\/fadeu.urantiacos.cl\/en\/\",\"name\":\"Facultad de Arquitectura, Dise\u00f1o y Estudios Urbanos\",\"description\":\"Campus Lo Contador\",\"potentialAction\":[{\"@type\":\"SearchAction\",\"target\":{\"@type\":\"EntryPoint\",\"urlTemplate\":\"https:\/\/fadeu.urantiacos.cl\/en\/?s={search_term_string}\"},\"query-input\":{\"@type\":\"PropertyValueSpecification\",\"valueRequired\":true,\"valueName\":\"search_term_string\"}}],\"inLanguage\":\"en-US\"},{\"@type\":\"Person\",\"@id\":\"https:\/\/fadeu.urantiacos.cl\/en\/#\/schema\/person\/d203e2e84b1c40275eac77b3061a19a2\",\"name\":\"manadmin\",\"image\":{\"@type\":\"ImageObject\",\"inLanguage\":\"en-US\",\"@id\":\"https:\/\/fadeu.urantiacos.cl\/en\/#\/schema\/person\/image\/\",\"url\":\"https:\/\/secure.gravatar.com\/avatar\/4b1d8e3303b4a9d8968ac578947d8bc80d9aea359f388cdd4aac15cadc0e8447?s=96&d=mm&r=g\",\"contentUrl\":\"https:\/\/secure.gravatar.com\/avatar\/4b1d8e3303b4a9d8968ac578947d8bc80d9aea359f388cdd4aac15cadc0e8447?s=96&d=mm&r=g\",\"caption\":\"manadmin\"},\"sameAs\":[\"https:\/\/fadeu.urantiacos.cl\"]}]}<\/script>\n<!-- \/ Yoast SEO plugin. -->","yoast_head_json":{"title":"Estudiantes ARQ UC reciben menci\u00f3n honrosa en CORMA - Facultad de Arquitectura, Dise\u00f1o y Estudios Urbanos","description":"El equipo, conformado por cuatro alumnos de cuarto a\u00f1o, recibi\u00f3 la menci\u00f3n en el concurso de arquitectura de Madera21 con el proyecto \"Con-fluencia\", un liceo t\u00e9cnico astillero emplazado en la confluencia de tres de los r\u00edos que dan forma a Valdivia; el Calle-Calle, el Valdivia y el Cau-Cau.","robots":{"index":"index","follow":"follow","max-snippet":"max-snippet:-1","max-image-preview":"max-image-preview:large","max-video-preview":"max-video-preview:-1"},"canonical":"https:\/\/fadeu.urantiacos.cl\/en\/2020\/09\/13\/estudiantes-arq-uc-reciben-mencion-honrosa-en-corma\/","og_locale":"en_US","og_type":"article","og_title":"Estudiantes ARQ UC reciben menci\u00f3n honrosa en CORMA - Facultad de Arquitectura, Dise\u00f1o y Estudios Urbanos","og_description":"El equipo, conformado por cuatro alumnos de cuarto a\u00f1o, recibi\u00f3 la menci\u00f3n en el concurso de arquitectura de Madera21 con el proyecto \"Con-fluencia\", un liceo t\u00e9cnico astillero emplazado en la confluencia de tres de los r\u00edos que dan forma a Valdivia; el Calle-Calle, el Valdivia y el Cau-Cau.","og_url":"https:\/\/fadeu.urantiacos.cl\/en\/2020\/09\/13\/estudiantes-arq-uc-reciben-mencion-honrosa-en-corma\/","og_site_name":"Facultad de Arquitectura, Dise\u00f1o y Estudios Urbanos","article_published_time":"2020-09-13T20:00:00+00:00","article_modified_time":"2023-09-10T20:04:51+00:00","og_image":[{"width":350,"height":250,"url":"https:\/\/fadeu.urantiacos.cl\/wp-content\/uploads\/2023\/09\/Imagen-General_web.jpg","type":"image\/jpeg"}],"author":"manadmin","twitter_card":"summary_large_image","twitter_misc":{"Written by":"manadmin","Est. reading time":"1 minute"},"schema":{"@context":"https:\/\/schema.org","@graph":[{"@type":"Article","@id":"https:\/\/fadeu.urantiacos.cl\/en\/2020\/09\/13\/estudiantes-arq-uc-reciben-mencion-honrosa-en-corma\/#article","isPartOf":{"@id":"https:\/\/fadeu.urantiacos.cl\/en\/2020\/09\/13\/estudiantes-arq-uc-reciben-mencion-honrosa-en-corma\/"},"author":{"name":"manadmin","@id":"https:\/\/fadeu.urantiacos.cl\/en\/#\/schema\/person\/d203e2e84b1c40275eac77b3061a19a2"},"headline":"Estudiantes ARQ UC reciben menci\u00f3n honrosa en CORMA","datePublished":"2020-09-13T20:00:00+00:00","dateModified":"2023-09-10T20:04:51+00:00","mainEntityOfPage":{"@id":"https:\/\/fadeu.urantiacos.cl\/en\/2020\/09\/13\/estudiantes-arq-uc-reciben-mencion-honrosa-en-corma\/"},"wordCount":276,"commentCount":0,"image":{"@id":"https:\/\/fadeu.urantiacos.cl\/en\/2020\/09\/13\/estudiantes-arq-uc-reciben-mencion-honrosa-en-corma\/#primaryimage"},"thumbnailUrl":"https:\/\/fadeu.urantiacos.cl\/wp-content\/uploads\/2023\/09\/Imagen-General_web.jpg","articleSection":["Sin categorizar"],"inLanguage":"en-US","potentialAction":[{"@type":"CommentAction","name":"Comment","target":["https:\/\/fadeu.urantiacos.cl\/en\/2020\/09\/13\/estudiantes-arq-uc-reciben-mencion-honrosa-en-corma\/#respond"]}]},{"@type":"WebPage","@id":"https:\/\/fadeu.urantiacos.cl\/en\/2020\/09\/13\/estudiantes-arq-uc-reciben-mencion-honrosa-en-corma\/","url":"https:\/\/fadeu.urantiacos.cl\/en\/2020\/09\/13\/estudiantes-arq-uc-reciben-mencion-honrosa-en-corma\/","name":"Estudiantes ARQ UC reciben menci\u00f3n honrosa en CORMA - Facultad de Arquitectura, Dise\u00f1o y Estudios Urbanos","isPartOf":{"@id":"https:\/\/fadeu.urantiacos.cl\/en\/#website"},"primaryImageOfPage":{"@id":"https:\/\/fadeu.urantiacos.cl\/en\/2020\/09\/13\/estudiantes-arq-uc-reciben-mencion-honrosa-en-corma\/#primaryimage"},"image":{"@id":"https:\/\/fadeu.urantiacos.cl\/en\/2020\/09\/13\/estudiantes-arq-uc-reciben-mencion-honrosa-en-corma\/#primaryimage"},"thumbnailUrl":"https:\/\/fadeu.urantiacos.cl\/wp-content\/uploads\/2023\/09\/Imagen-General_web.jpg","datePublished":"2020-09-13T20:00:00+00:00","dateModified":"2023-09-10T20:04:51+00:00","author":{"@id":"https:\/\/fadeu.urantiacos.cl\/en\/#\/schema\/person\/d203e2e84b1c40275eac77b3061a19a2"},"description":"El equipo, conformado por cuatro alumnos de cuarto a\u00f1o, recibi\u00f3 la menci\u00f3n en el concurso de arquitectura de Madera21 con el proyecto \"Con-fluencia\", un liceo t\u00e9cnico astillero emplazado en la confluencia de tres de los r\u00edos que dan forma a Valdivia; el Calle-Calle, el Valdivia y el Cau-Cau.","breadcrumb":{"@id":"https:\/\/fadeu.urantiacos.cl\/en\/2020\/09\/13\/estudiantes-arq-uc-reciben-mencion-honrosa-en-corma\/#breadcrumb"},"inLanguage":"en-US","potentialAction":[{"@type":"ReadAction","target":["https:\/\/fadeu.urantiacos.cl\/en\/2020\/09\/13\/estudiantes-arq-uc-reciben-mencion-honrosa-en-corma\/"]}]},{"@type":"ImageObject","inLanguage":"en-US","@id":"https:\/\/fadeu.urantiacos.cl\/en\/2020\/09\/13\/estudiantes-arq-uc-reciben-mencion-honrosa-en-corma\/#primaryimage","url":"https:\/\/fadeu.urantiacos.cl\/wp-content\/uploads\/2023\/09\/Imagen-General_web.jpg","contentUrl":"https:\/\/fadeu.urantiacos.cl\/wp-content\/uploads\/2023\/09\/Imagen-General_web.jpg","width":350,"height":250},{"@type":"BreadcrumbList","@id":"https:\/\/fadeu.urantiacos.cl\/en\/2020\/09\/13\/estudiantes-arq-uc-reciben-mencion-honrosa-en-corma\/#breadcrumb","itemListElement":[{"@type":"ListItem","position":1,"name":"Portada","item":"https:\/\/fadeu.urantiacos.cl\/en\/"},{"@type":"ListItem","position":2,"name":"Estudiantes ARQ UC reciben menci\u00f3n honrosa en CORMA"}]},{"@type":"WebSite","@id":"https:\/\/fadeu.urantiacos.cl\/en\/#website","url":"https:\/\/fadeu.urantiacos.cl\/en\/","name":"Facultad de Arquitectura, Dise\u00f1o y Estudios Urbanos","description":"Campus Lo Contador","potentialAction":[{"@type":"SearchAction","target":{"@type":"EntryPoint","urlTemplate":"https:\/\/fadeu.urantiacos.cl\/en\/?s={search_term_string}"},"query-input":{"@type":"PropertyValueSpecification","valueRequired":true,"valueName":"search_term_string"}}],"inLanguage":"en-US"},{"@type":"Person","@id":"https:\/\/fadeu.urantiacos.cl\/en\/#\/schema\/person\/d203e2e84b1c40275eac77b3061a19a2","name":"manadmin","image":{"@type":"ImageObject","inLanguage":"en-US","@id":"https:\/\/fadeu.urantiacos.cl\/en\/#\/schema\/person\/image\/","url":"https:\/\/secure.gravatar.com\/avatar\/4b1d8e3303b4a9d8968ac578947d8bc80d9aea359f388cdd4aac15cadc0e8447?s=96&d=mm&r=g","contentUrl":"https:\/\/secure.gravatar.com\/avatar\/4b1d8e3303b4a9d8968ac578947d8bc80d9aea359f388cdd4aac15cadc0e8447?s=96&d=mm&r=g","caption":"manadmin"},"sameAs":["https:\/\/fadeu.urantiacos.cl"]}]}},"_links":{"self":[{"href":"https:\/\/fadeu.urantiacos.cl\/en\/wp-json\/wp\/v2\/posts\/8271","targetHints":{"allow":["GET"]}}],"collection":[{"href":"https:\/\/fadeu.urantiacos.cl\/en\/wp-json\/wp\/v2\/posts"}],"about":[{"href":"https:\/\/fadeu.urantiacos.cl\/en\/wp-json\/wp\/v2\/types\/post"}],"author":[{"embeddable":true,"href":"https:\/\/fadeu.urantiacos.cl\/en\/wp-json\/wp\/v2\/users\/1"}],"replies":[{"embeddable":true,"href":"https:\/\/fadeu.urantiacos.cl\/en\/wp-json\/wp\/v2\/comments?post=8271"}],"version-history":[{"count":1,"href":"https:\/\/fadeu.urantiacos.cl\/en\/wp-json\/wp\/v2\/posts\/8271\/revisions"}],"predecessor-version":[{"id":8278,"href":"https:\/\/fadeu.urantiacos.cl\/en\/wp-json\/wp\/v2\/posts\/8271\/revisions\/8278"}],"wp:featuredmedia":[{"embeddable":true,"href":"https:\/\/fadeu.urantiacos.cl\/en\/wp-json\/wp\/v2\/media\/8272"}],"wp:attachment":[{"href":"https:\/\/fadeu.urantiacos.cl\/en\/wp-json\/wp\/v2\/media?parent=8271"}],"wp:term":[{"taxonomy":"category","embeddable":true,"href":"https:\/\/fadeu.urantiacos.cl\/en\/wp-json\/wp\/v2\/categories?post=8271"},{"taxonomy":"post_tag","embeddable":true,"href":"https:\/\/fadeu.urantiacos.cl\/en\/wp-json\/wp\/v2\/tags?post=8271"}],"curies":[{"name":"wp","href":"https:\/\/api.w.org\/{rel}","templated":true}]}}