{"id":8263,"date":"2020-09-14T16:55:00","date_gmt":"2020-09-14T19:55:00","guid":{"rendered":"https:\/\/fadeu.urantiacos.cl\/?p=8263"},"modified":"2023-09-10T16:58:03","modified_gmt":"2023-09-10T19:58:03","slug":"proyecto-fondef-disena-instrumento-para-analizar-dano-estructural-post-emergencia-sismica","status":"publish","type":"post","link":"https:\/\/fadeu.urantiacos.cl\/en\/2020\/09\/14\/proyecto-fondef-disena-instrumento-para-analizar-dano-estructural-post-emergencia-sismica\/","title":{"rendered":"Proyecto FONDEF dise\u00f1a instrumento para analizar da\u00f1o estructural post emergencia s\u00edsmica"},"content":{"rendered":"\n<figure class=\"wp-block-image size-full\"><img decoding=\"async\" width=\"350\" height=\"250\" src=\"https:\/\/fadeu.urantiacos.cl\/wp-content\/uploads\/2023\/09\/O_Vigouroux_copia_web.png\" alt=\"\" class=\"wp-image-8264\" srcset=\"https:\/\/fadeu.urantiacos.cl\/wp-content\/uploads\/2023\/09\/O_Vigouroux_copia_web.png 350w, https:\/\/fadeu.urantiacos.cl\/wp-content\/uploads\/2023\/09\/O_Vigouroux_copia_web-300x214.png 300w\" sizes=\"(max-width: 350px) 100vw, 350px\" \/><\/figure>\n\n\n\n<p>Se trata de un Instrumento de diagn\u00f3stico digital asistido, basado en el reconocimiento visual guiado por parte de los voluntarios (no expertos), para la valoraci\u00f3n, registro e interpretaci\u00f3n de la situaci\u00f3n de las construcciones durante el catastro de da\u00f1o estructural r\u00e1pido post-sismo.<\/p>\n\n\n\n<p>El instrumento dise\u00f1ado por los profesores de la Facultad busca levantar informaci\u00f3n de manera eficiente, r\u00e1pida y precisa, con el fin de establecer los riesgos de una vivienda durante el periodo de alerta temprana, permitiendo a los estamentos pertinentes planificar en base a datos estrat\u00e9gicos post sismo y entrenar a voluntarios para futuros siniestros.<\/p>\n\n\n\n<p>&nbsp;\u201cLos voluntarios que se despliegan por el territorio despu\u00e9s de un terremoto, colaboran llenando fichas evaluando da\u00f1o estructural. Nunca los expertos son suficientes para abarcar grandes extensiones, por lo tanto, de ah\u00ed nace la necesidad de encuestar en l\u00ednea y digitalmente las viviendas siniestradas y entregarle cierto grado de informaci\u00f3n al encuestador por la v\u00eda de un sistema de preguntas y respuestas que traer\u00e1 el software, y con ello disminuir la cantidad de encuestas a las que se somete a las personas damnificadas\u201d, explica el profesor Vigouroux.<\/p>\n\n\n\n<p>Asimismo, el acad\u00e9mico agrega que \u201ceste instrumento no reemplaza a los expertos, pero s\u00ed permite hacer un balance del estado de las viviendas, a modo establecer si la vivienda est\u00e1 en buenas o malas condiciones, as\u00ed como entregar la prioridad para el despliegue de expertos en terreno\u201d.<\/p>\n\n\n\n<p>En el proyecto participan, adem\u00e1s, los profesores e investigadores Alejandro Dur\u00e1n, Patricio Bertholet, Felipe Encinas, Camilo Meneses, Beatriz Mella, Daniel Ruddoff, Carlos Aguirre y Rodrigo Olivares.<\/p>\n\n\n\n<p><strong>Origen y funcionamiento<\/strong><\/p>\n\n\n\n<p>Durante la emergencia tras el sismo del a\u00f1o 2010, el profesor Vigouroux se encarg\u00f3 de la capacitaci\u00f3n de voluntarios, estudiantes de arquitectura, construcci\u00f3n, ingenier\u00eda y carreras afines, detectando la dificultad en el levantamiento y procesamiento de la informaci\u00f3n, y, en consecuencia, de la toma de desiciones oportuna por parte de las autoridades.&nbsp;<\/p>\n\n\n\n<p>El proyecto nace de una extrapolaci\u00f3n did\u00e1ctica de las din\u00e1micas proped\u00e9uticas de la medicina, donde el voluntario ser\u00e1 consultado sobre \u201cs\u00edntomas\u201d y \u201cse\u00f1ales\u201d en una vivienda, que son verificables visualmente sin necesariamente conocer las causas o consecuencias en la edificaci\u00f3n. De esta manera, el usuario solo deber\u00e1 realizar una revisi\u00f3n de las zonas de una vivienda siniestrada, siendo guiado en el proceso para asegurar una revisi\u00f3n completa de los posibles da\u00f1os enunciados por el sistema, y ante su aparici\u00f3n, el dispositivo realizar\u00e1 una evaluaci\u00f3n automatizada de la gravedad de los da\u00f1os, indicando con un margen amplio de seguridad, cuando la vivienda est\u00e9 en condiciones de ser habitada. Simplificando el proceso de levantamiento de informaci\u00f3n por fichas de catastro, y entregando a su vez herramientas profesionales a los voluntarios.<\/p>\n\n\n\n<p>SEISMO cuenta con un desarrollo inicial financiado por el fondo Acelerador UC del Centro de Innovaci\u00f3n Anacleto Angelini de la Pontificia Universidad Cat\u00f3lica, donde se estudiaron tres sistemas constructivos (alba\u00f1iler\u00eda Simple y Confinada), adem\u00e1s del dise\u00f1o de una interfaz remota por medio de la App para Android y IOS.&nbsp; El actual proyecto FONDEF busca ampliar el rango de acci\u00f3n del prototipo, agregando nuevos sistemas constructivos, como son el caso del Hormig\u00f3n Armado, Quincha, Adobe y Alba\u00f1iler\u00eda Confinada + Tabiquer\u00eda; adem\u00e1s de planificar el uso adecuado de la informaci\u00f3n levantada, tanto para la preparaci\u00f3n de un eventual sismo, como la acci\u00f3n concreta ante una cat\u00e1strofe.&nbsp;<\/p>\n\n\n\n<p>La investigaci\u00f3n actual cuenta, adem\u00e1s, con el apoyo de diversas entidades p\u00fablicas y privadas, como es el caso de ONEMI, MINVU, Intendencia Metropolitana, Movidos por Chile, Asociaci\u00f3n de Aseguradores y el Colegio de Constructores de Chile.<\/p>\n\n\n\n<p>A la fecha, la investigaci\u00f3n se encuentra en fase de ejecuci\u00f3n y se espera tener su modelo final para octubre del 2021.<\/p>\n\n\n\n<figure class=\"wp-block-image size-large\"><img decoding=\"async\" width=\"1024\" height=\"465\" src=\"https:\/\/fadeu.urantiacos.cl\/wp-content\/uploads\/2023\/09\/Seismo-1024x465.png\" alt=\"\" class=\"wp-image-8265\" srcset=\"https:\/\/fadeu.urantiacos.cl\/wp-content\/uploads\/2023\/09\/Seismo-1024x465.png 1024w, https:\/\/fadeu.urantiacos.cl\/wp-content\/uploads\/2023\/09\/Seismo-300x136.png 300w, https:\/\/fadeu.urantiacos.cl\/wp-content\/uploads\/2023\/09\/Seismo-768x349.png 768w, https:\/\/fadeu.urantiacos.cl\/wp-content\/uploads\/2023\/09\/Seismo.png 1250w\" sizes=\"(max-width: 1024px) 100vw, 1024px\" \/><\/figure>\n\n\n\n<p>INFORMACI\u00d3N PERIOD\u00cdSTICA\u00a0<br>JUAN ANDR\u00c9S INZUNZA<\/p>\n","protected":false},"excerpt":{"rendered":"<p>\u201cSEISMO: Instrumento de diagn\u00f3stico digital para el catastro asistido de da\u00f1os estructurales durante post emergencia s\u00edsmica\u201d. Este es el nombre del novedoso sistema que se encuentra en etapa de dise\u00f1o por parte del equipo liderado por el profesor de la escuela de Arquitectura, Orlando Vigouroux, en el marco del proyecto FONDEF IDeA I+D.<\/p>\n","protected":false},"author":1,"featured_media":8264,"comment_status":"open","ping_status":"open","sticky":false,"template":"","format":"standard","meta":{"_acf_changed":false,"footnotes":""},"categories":[1],"tags":[],"class_list":["post-8263","post","type-post","status-publish","format-standard","has-post-thumbnail","hentry","category-sin-categorizar"],"acf":[],"yoast_head":"<!-- This site is optimized with the Yoast SEO plugin v27.1.1 - https:\/\/yoast.com\/product\/yoast-seo-wordpress\/ -->\n<title>Proyecto FONDEF dise\u00f1a instrumento para analizar da\u00f1o estructural post emergencia s\u00edsmica - Facultad de Arquitectura, Dise\u00f1o y Estudios Urbanos<\/title>\n<meta name=\"description\" content=\"\u201cSEISMO: Instrumento de diagn\u00f3stico digital para el catastro asistido de da\u00f1os estructurales durante post emergencia s\u00edsmica\u201d. Este es el nombre del novedoso sistema que se encuentra en etapa de dise\u00f1o por parte del equipo liderado por el profesor de la escuela de Arquitectura, Orlando Vigouroux, en el marco del proyecto FONDEF IDeA I+D.\" \/>\n<meta name=\"robots\" content=\"index, follow, max-snippet:-1, max-image-preview:large, max-video-preview:-1\" \/>\n<link rel=\"canonical\" href=\"https:\/\/fadeu.urantiacos.cl\/en\/2020\/09\/14\/proyecto-fondef-disena-instrumento-para-analizar-dano-estructural-post-emergencia-sismica\/\" \/>\n<meta property=\"og:locale\" content=\"en_US\" \/>\n<meta property=\"og:type\" content=\"article\" \/>\n<meta property=\"og:title\" content=\"Proyecto FONDEF dise\u00f1a instrumento para analizar da\u00f1o estructural post emergencia s\u00edsmica - Facultad de Arquitectura, Dise\u00f1o y Estudios Urbanos\" \/>\n<meta property=\"og:description\" content=\"\u201cSEISMO: Instrumento de diagn\u00f3stico digital para el catastro asistido de da\u00f1os estructurales durante post emergencia s\u00edsmica\u201d. Este es el nombre del novedoso sistema que se encuentra en etapa de dise\u00f1o por parte del equipo liderado por el profesor de la escuela de Arquitectura, Orlando Vigouroux, en el marco del proyecto FONDEF IDeA I+D.\" \/>\n<meta property=\"og:url\" content=\"https:\/\/fadeu.urantiacos.cl\/en\/2020\/09\/14\/proyecto-fondef-disena-instrumento-para-analizar-dano-estructural-post-emergencia-sismica\/\" \/>\n<meta property=\"og:site_name\" content=\"Facultad de Arquitectura, Dise\u00f1o y Estudios Urbanos\" \/>\n<meta property=\"article:published_time\" content=\"2020-09-14T19:55:00+00:00\" \/>\n<meta property=\"article:modified_time\" content=\"2023-09-10T19:58:03+00:00\" \/>\n<meta property=\"og:image\" content=\"https:\/\/fadeu.urantiacos.cl\/wp-content\/uploads\/2023\/09\/O_Vigouroux_copia_web.png\" \/>\n\t<meta property=\"og:image:width\" content=\"350\" \/>\n\t<meta property=\"og:image:height\" content=\"250\" \/>\n\t<meta property=\"og:image:type\" content=\"image\/png\" \/>\n<meta name=\"author\" content=\"manadmin\" \/>\n<meta name=\"twitter:card\" content=\"summary_large_image\" \/>\n<meta name=\"twitter:label1\" content=\"Written by\" \/>\n\t<meta name=\"twitter:data1\" content=\"manadmin\" \/>\n\t<meta name=\"twitter:label2\" content=\"Est. reading time\" \/>\n\t<meta name=\"twitter:data2\" content=\"3 minutes\" \/>\n<script type=\"application\/ld+json\" class=\"yoast-schema-graph\">{\"@context\":\"https:\/\/schema.org\",\"@graph\":[{\"@type\":\"Article\",\"@id\":\"https:\/\/fadeu.urantiacos.cl\/en\/2020\/09\/14\/proyecto-fondef-disena-instrumento-para-analizar-dano-estructural-post-emergencia-sismica\/#article\",\"isPartOf\":{\"@id\":\"https:\/\/fadeu.urantiacos.cl\/en\/2020\/09\/14\/proyecto-fondef-disena-instrumento-para-analizar-dano-estructural-post-emergencia-sismica\/\"},\"author\":{\"name\":\"manadmin\",\"@id\":\"https:\/\/fadeu.urantiacos.cl\/en\/#\/schema\/person\/d203e2e84b1c40275eac77b3061a19a2\"},\"headline\":\"Proyecto FONDEF dise\u00f1a instrumento para analizar da\u00f1o estructural post emergencia s\u00edsmica\",\"datePublished\":\"2020-09-14T19:55:00+00:00\",\"dateModified\":\"2023-09-10T19:58:03+00:00\",\"mainEntityOfPage\":{\"@id\":\"https:\/\/fadeu.urantiacos.cl\/en\/2020\/09\/14\/proyecto-fondef-disena-instrumento-para-analizar-dano-estructural-post-emergencia-sismica\/\"},\"wordCount\":683,\"commentCount\":0,\"image\":{\"@id\":\"https:\/\/fadeu.urantiacos.cl\/en\/2020\/09\/14\/proyecto-fondef-disena-instrumento-para-analizar-dano-estructural-post-emergencia-sismica\/#primaryimage\"},\"thumbnailUrl\":\"https:\/\/fadeu.urantiacos.cl\/wp-content\/uploads\/2023\/09\/O_Vigouroux_copia_web.png\",\"articleSection\":[\"Sin categorizar\"],\"inLanguage\":\"en-US\",\"potentialAction\":[{\"@type\":\"CommentAction\",\"name\":\"Comment\",\"target\":[\"https:\/\/fadeu.urantiacos.cl\/en\/2020\/09\/14\/proyecto-fondef-disena-instrumento-para-analizar-dano-estructural-post-emergencia-sismica\/#respond\"]}]},{\"@type\":\"WebPage\",\"@id\":\"https:\/\/fadeu.urantiacos.cl\/en\/2020\/09\/14\/proyecto-fondef-disena-instrumento-para-analizar-dano-estructural-post-emergencia-sismica\/\",\"url\":\"https:\/\/fadeu.urantiacos.cl\/en\/2020\/09\/14\/proyecto-fondef-disena-instrumento-para-analizar-dano-estructural-post-emergencia-sismica\/\",\"name\":\"Proyecto FONDEF dise\u00f1a instrumento para analizar da\u00f1o estructural post emergencia s\u00edsmica - Facultad de Arquitectura, Dise\u00f1o y Estudios Urbanos\",\"isPartOf\":{\"@id\":\"https:\/\/fadeu.urantiacos.cl\/en\/#website\"},\"primaryImageOfPage\":{\"@id\":\"https:\/\/fadeu.urantiacos.cl\/en\/2020\/09\/14\/proyecto-fondef-disena-instrumento-para-analizar-dano-estructural-post-emergencia-sismica\/#primaryimage\"},\"image\":{\"@id\":\"https:\/\/fadeu.urantiacos.cl\/en\/2020\/09\/14\/proyecto-fondef-disena-instrumento-para-analizar-dano-estructural-post-emergencia-sismica\/#primaryimage\"},\"thumbnailUrl\":\"https:\/\/fadeu.urantiacos.cl\/wp-content\/uploads\/2023\/09\/O_Vigouroux_copia_web.png\",\"datePublished\":\"2020-09-14T19:55:00+00:00\",\"dateModified\":\"2023-09-10T19:58:03+00:00\",\"author\":{\"@id\":\"https:\/\/fadeu.urantiacos.cl\/en\/#\/schema\/person\/d203e2e84b1c40275eac77b3061a19a2\"},\"description\":\"\u201cSEISMO: Instrumento de diagn\u00f3stico digital para el catastro asistido de da\u00f1os estructurales durante post emergencia s\u00edsmica\u201d. Este es el nombre del novedoso sistema que se encuentra en etapa de dise\u00f1o por parte del equipo liderado por el profesor de la escuela de Arquitectura, Orlando Vigouroux, en el marco del proyecto FONDEF IDeA I+D.\",\"breadcrumb\":{\"@id\":\"https:\/\/fadeu.urantiacos.cl\/en\/2020\/09\/14\/proyecto-fondef-disena-instrumento-para-analizar-dano-estructural-post-emergencia-sismica\/#breadcrumb\"},\"inLanguage\":\"en-US\",\"potentialAction\":[{\"@type\":\"ReadAction\",\"target\":[\"https:\/\/fadeu.urantiacos.cl\/en\/2020\/09\/14\/proyecto-fondef-disena-instrumento-para-analizar-dano-estructural-post-emergencia-sismica\/\"]}]},{\"@type\":\"ImageObject\",\"inLanguage\":\"en-US\",\"@id\":\"https:\/\/fadeu.urantiacos.cl\/en\/2020\/09\/14\/proyecto-fondef-disena-instrumento-para-analizar-dano-estructural-post-emergencia-sismica\/#primaryimage\",\"url\":\"https:\/\/fadeu.urantiacos.cl\/wp-content\/uploads\/2023\/09\/O_Vigouroux_copia_web.png\",\"contentUrl\":\"https:\/\/fadeu.urantiacos.cl\/wp-content\/uploads\/2023\/09\/O_Vigouroux_copia_web.png\",\"width\":350,\"height\":250},{\"@type\":\"BreadcrumbList\",\"@id\":\"https:\/\/fadeu.urantiacos.cl\/en\/2020\/09\/14\/proyecto-fondef-disena-instrumento-para-analizar-dano-estructural-post-emergencia-sismica\/#breadcrumb\",\"itemListElement\":[{\"@type\":\"ListItem\",\"position\":1,\"name\":\"Portada\",\"item\":\"https:\/\/fadeu.urantiacos.cl\/en\/\"},{\"@type\":\"ListItem\",\"position\":2,\"name\":\"Proyecto FONDEF dise\u00f1a instrumento para analizar da\u00f1o estructural post emergencia s\u00edsmica\"}]},{\"@type\":\"WebSite\",\"@id\":\"https:\/\/fadeu.urantiacos.cl\/en\/#website\",\"url\":\"https:\/\/fadeu.urantiacos.cl\/en\/\",\"name\":\"Facultad de Arquitectura, Dise\u00f1o y Estudios Urbanos\",\"description\":\"Campus Lo Contador\",\"potentialAction\":[{\"@type\":\"SearchAction\",\"target\":{\"@type\":\"EntryPoint\",\"urlTemplate\":\"https:\/\/fadeu.urantiacos.cl\/en\/?s={search_term_string}\"},\"query-input\":{\"@type\":\"PropertyValueSpecification\",\"valueRequired\":true,\"valueName\":\"search_term_string\"}}],\"inLanguage\":\"en-US\"},{\"@type\":\"Person\",\"@id\":\"https:\/\/fadeu.urantiacos.cl\/en\/#\/schema\/person\/d203e2e84b1c40275eac77b3061a19a2\",\"name\":\"manadmin\",\"image\":{\"@type\":\"ImageObject\",\"inLanguage\":\"en-US\",\"@id\":\"https:\/\/fadeu.urantiacos.cl\/en\/#\/schema\/person\/image\/\",\"url\":\"https:\/\/secure.gravatar.com\/avatar\/4b1d8e3303b4a9d8968ac578947d8bc80d9aea359f388cdd4aac15cadc0e8447?s=96&d=mm&r=g\",\"contentUrl\":\"https:\/\/secure.gravatar.com\/avatar\/4b1d8e3303b4a9d8968ac578947d8bc80d9aea359f388cdd4aac15cadc0e8447?s=96&d=mm&r=g\",\"caption\":\"manadmin\"},\"sameAs\":[\"https:\/\/fadeu.urantiacos.cl\"]}]}<\/script>\n<!-- \/ Yoast SEO plugin. -->","yoast_head_json":{"title":"Proyecto FONDEF dise\u00f1a instrumento para analizar da\u00f1o estructural post emergencia s\u00edsmica - Facultad de Arquitectura, Dise\u00f1o y Estudios Urbanos","description":"\u201cSEISMO: Instrumento de diagn\u00f3stico digital para el catastro asistido de da\u00f1os estructurales durante post emergencia s\u00edsmica\u201d. Este es el nombre del novedoso sistema que se encuentra en etapa de dise\u00f1o por parte del equipo liderado por el profesor de la escuela de Arquitectura, Orlando Vigouroux, en el marco del proyecto FONDEF IDeA I+D.","robots":{"index":"index","follow":"follow","max-snippet":"max-snippet:-1","max-image-preview":"max-image-preview:large","max-video-preview":"max-video-preview:-1"},"canonical":"https:\/\/fadeu.urantiacos.cl\/en\/2020\/09\/14\/proyecto-fondef-disena-instrumento-para-analizar-dano-estructural-post-emergencia-sismica\/","og_locale":"en_US","og_type":"article","og_title":"Proyecto FONDEF dise\u00f1a instrumento para analizar da\u00f1o estructural post emergencia s\u00edsmica - Facultad de Arquitectura, Dise\u00f1o y Estudios Urbanos","og_description":"\u201cSEISMO: Instrumento de diagn\u00f3stico digital para el catastro asistido de da\u00f1os estructurales durante post emergencia s\u00edsmica\u201d. Este es el nombre del novedoso sistema que se encuentra en etapa de dise\u00f1o por parte del equipo liderado por el profesor de la escuela de Arquitectura, Orlando Vigouroux, en el marco del proyecto FONDEF IDeA I+D.","og_url":"https:\/\/fadeu.urantiacos.cl\/en\/2020\/09\/14\/proyecto-fondef-disena-instrumento-para-analizar-dano-estructural-post-emergencia-sismica\/","og_site_name":"Facultad de Arquitectura, Dise\u00f1o y Estudios Urbanos","article_published_time":"2020-09-14T19:55:00+00:00","article_modified_time":"2023-09-10T19:58:03+00:00","og_image":[{"width":350,"height":250,"url":"https:\/\/fadeu.urantiacos.cl\/wp-content\/uploads\/2023\/09\/O_Vigouroux_copia_web.png","type":"image\/png"}],"author":"manadmin","twitter_card":"summary_large_image","twitter_misc":{"Written by":"manadmin","Est. reading time":"3 minutes"},"schema":{"@context":"https:\/\/schema.org","@graph":[{"@type":"Article","@id":"https:\/\/fadeu.urantiacos.cl\/en\/2020\/09\/14\/proyecto-fondef-disena-instrumento-para-analizar-dano-estructural-post-emergencia-sismica\/#article","isPartOf":{"@id":"https:\/\/fadeu.urantiacos.cl\/en\/2020\/09\/14\/proyecto-fondef-disena-instrumento-para-analizar-dano-estructural-post-emergencia-sismica\/"},"author":{"name":"manadmin","@id":"https:\/\/fadeu.urantiacos.cl\/en\/#\/schema\/person\/d203e2e84b1c40275eac77b3061a19a2"},"headline":"Proyecto FONDEF dise\u00f1a instrumento para analizar da\u00f1o estructural post emergencia s\u00edsmica","datePublished":"2020-09-14T19:55:00+00:00","dateModified":"2023-09-10T19:58:03+00:00","mainEntityOfPage":{"@id":"https:\/\/fadeu.urantiacos.cl\/en\/2020\/09\/14\/proyecto-fondef-disena-instrumento-para-analizar-dano-estructural-post-emergencia-sismica\/"},"wordCount":683,"commentCount":0,"image":{"@id":"https:\/\/fadeu.urantiacos.cl\/en\/2020\/09\/14\/proyecto-fondef-disena-instrumento-para-analizar-dano-estructural-post-emergencia-sismica\/#primaryimage"},"thumbnailUrl":"https:\/\/fadeu.urantiacos.cl\/wp-content\/uploads\/2023\/09\/O_Vigouroux_copia_web.png","articleSection":["Sin categorizar"],"inLanguage":"en-US","potentialAction":[{"@type":"CommentAction","name":"Comment","target":["https:\/\/fadeu.urantiacos.cl\/en\/2020\/09\/14\/proyecto-fondef-disena-instrumento-para-analizar-dano-estructural-post-emergencia-sismica\/#respond"]}]},{"@type":"WebPage","@id":"https:\/\/fadeu.urantiacos.cl\/en\/2020\/09\/14\/proyecto-fondef-disena-instrumento-para-analizar-dano-estructural-post-emergencia-sismica\/","url":"https:\/\/fadeu.urantiacos.cl\/en\/2020\/09\/14\/proyecto-fondef-disena-instrumento-para-analizar-dano-estructural-post-emergencia-sismica\/","name":"Proyecto FONDEF dise\u00f1a instrumento para analizar da\u00f1o estructural post emergencia s\u00edsmica - Facultad de Arquitectura, Dise\u00f1o y Estudios Urbanos","isPartOf":{"@id":"https:\/\/fadeu.urantiacos.cl\/en\/#website"},"primaryImageOfPage":{"@id":"https:\/\/fadeu.urantiacos.cl\/en\/2020\/09\/14\/proyecto-fondef-disena-instrumento-para-analizar-dano-estructural-post-emergencia-sismica\/#primaryimage"},"image":{"@id":"https:\/\/fadeu.urantiacos.cl\/en\/2020\/09\/14\/proyecto-fondef-disena-instrumento-para-analizar-dano-estructural-post-emergencia-sismica\/#primaryimage"},"thumbnailUrl":"https:\/\/fadeu.urantiacos.cl\/wp-content\/uploads\/2023\/09\/O_Vigouroux_copia_web.png","datePublished":"2020-09-14T19:55:00+00:00","dateModified":"2023-09-10T19:58:03+00:00","author":{"@id":"https:\/\/fadeu.urantiacos.cl\/en\/#\/schema\/person\/d203e2e84b1c40275eac77b3061a19a2"},"description":"\u201cSEISMO: Instrumento de diagn\u00f3stico digital para el catastro asistido de da\u00f1os estructurales durante post emergencia s\u00edsmica\u201d. Este es el nombre del novedoso sistema que se encuentra en etapa de dise\u00f1o por parte del equipo liderado por el profesor de la escuela de Arquitectura, Orlando Vigouroux, en el marco del proyecto FONDEF IDeA I+D.","breadcrumb":{"@id":"https:\/\/fadeu.urantiacos.cl\/en\/2020\/09\/14\/proyecto-fondef-disena-instrumento-para-analizar-dano-estructural-post-emergencia-sismica\/#breadcrumb"},"inLanguage":"en-US","potentialAction":[{"@type":"ReadAction","target":["https:\/\/fadeu.urantiacos.cl\/en\/2020\/09\/14\/proyecto-fondef-disena-instrumento-para-analizar-dano-estructural-post-emergencia-sismica\/"]}]},{"@type":"ImageObject","inLanguage":"en-US","@id":"https:\/\/fadeu.urantiacos.cl\/en\/2020\/09\/14\/proyecto-fondef-disena-instrumento-para-analizar-dano-estructural-post-emergencia-sismica\/#primaryimage","url":"https:\/\/fadeu.urantiacos.cl\/wp-content\/uploads\/2023\/09\/O_Vigouroux_copia_web.png","contentUrl":"https:\/\/fadeu.urantiacos.cl\/wp-content\/uploads\/2023\/09\/O_Vigouroux_copia_web.png","width":350,"height":250},{"@type":"BreadcrumbList","@id":"https:\/\/fadeu.urantiacos.cl\/en\/2020\/09\/14\/proyecto-fondef-disena-instrumento-para-analizar-dano-estructural-post-emergencia-sismica\/#breadcrumb","itemListElement":[{"@type":"ListItem","position":1,"name":"Portada","item":"https:\/\/fadeu.urantiacos.cl\/en\/"},{"@type":"ListItem","position":2,"name":"Proyecto FONDEF dise\u00f1a instrumento para analizar da\u00f1o estructural post emergencia s\u00edsmica"}]},{"@type":"WebSite","@id":"https:\/\/fadeu.urantiacos.cl\/en\/#website","url":"https:\/\/fadeu.urantiacos.cl\/en\/","name":"Facultad de Arquitectura, Dise\u00f1o y Estudios Urbanos","description":"Campus Lo Contador","potentialAction":[{"@type":"SearchAction","target":{"@type":"EntryPoint","urlTemplate":"https:\/\/fadeu.urantiacos.cl\/en\/?s={search_term_string}"},"query-input":{"@type":"PropertyValueSpecification","valueRequired":true,"valueName":"search_term_string"}}],"inLanguage":"en-US"},{"@type":"Person","@id":"https:\/\/fadeu.urantiacos.cl\/en\/#\/schema\/person\/d203e2e84b1c40275eac77b3061a19a2","name":"manadmin","image":{"@type":"ImageObject","inLanguage":"en-US","@id":"https:\/\/fadeu.urantiacos.cl\/en\/#\/schema\/person\/image\/","url":"https:\/\/secure.gravatar.com\/avatar\/4b1d8e3303b4a9d8968ac578947d8bc80d9aea359f388cdd4aac15cadc0e8447?s=96&d=mm&r=g","contentUrl":"https:\/\/secure.gravatar.com\/avatar\/4b1d8e3303b4a9d8968ac578947d8bc80d9aea359f388cdd4aac15cadc0e8447?s=96&d=mm&r=g","caption":"manadmin"},"sameAs":["https:\/\/fadeu.urantiacos.cl"]}]}},"_links":{"self":[{"href":"https:\/\/fadeu.urantiacos.cl\/en\/wp-json\/wp\/v2\/posts\/8263","targetHints":{"allow":["GET"]}}],"collection":[{"href":"https:\/\/fadeu.urantiacos.cl\/en\/wp-json\/wp\/v2\/posts"}],"about":[{"href":"https:\/\/fadeu.urantiacos.cl\/en\/wp-json\/wp\/v2\/types\/post"}],"author":[{"embeddable":true,"href":"https:\/\/fadeu.urantiacos.cl\/en\/wp-json\/wp\/v2\/users\/1"}],"replies":[{"embeddable":true,"href":"https:\/\/fadeu.urantiacos.cl\/en\/wp-json\/wp\/v2\/comments?post=8263"}],"version-history":[{"count":1,"href":"https:\/\/fadeu.urantiacos.cl\/en\/wp-json\/wp\/v2\/posts\/8263\/revisions"}],"predecessor-version":[{"id":8266,"href":"https:\/\/fadeu.urantiacos.cl\/en\/wp-json\/wp\/v2\/posts\/8263\/revisions\/8266"}],"wp:featuredmedia":[{"embeddable":true,"href":"https:\/\/fadeu.urantiacos.cl\/en\/wp-json\/wp\/v2\/media\/8264"}],"wp:attachment":[{"href":"https:\/\/fadeu.urantiacos.cl\/en\/wp-json\/wp\/v2\/media?parent=8263"}],"wp:term":[{"taxonomy":"category","embeddable":true,"href":"https:\/\/fadeu.urantiacos.cl\/en\/wp-json\/wp\/v2\/categories?post=8263"},{"taxonomy":"post_tag","embeddable":true,"href":"https:\/\/fadeu.urantiacos.cl\/en\/wp-json\/wp\/v2\/tags?post=8263"}],"curies":[{"name":"wp","href":"https:\/\/api.w.org\/{rel}","templated":true}]}}