{"id":8256,"date":"2020-09-15T16:50:00","date_gmt":"2020-09-15T19:50:00","guid":{"rendered":"https:\/\/fadeu.urantiacos.cl\/?p=8256"},"modified":"2023-09-10T16:52:12","modified_gmt":"2023-09-10T19:52:12","slug":"charla-practicas-y-saberes-que-deshacen-y-hacen-diseno","status":"publish","type":"post","link":"https:\/\/fadeu.urantiacos.cl\/en\/2020\/09\/15\/charla-practicas-y-saberes-que-deshacen-y-hacen-diseno\/","title":{"rendered":"Charla &#8220;Pr\u00e1cticas y saberes que deshacen y hacen dise\u00f1o&#8221;"},"content":{"rendered":"\n<figure class=\"wp-block-image size-full\"><img decoding=\"async\" width=\"350\" height=\"250\" src=\"https:\/\/fadeu.urantiacos.cl\/wp-content\/uploads\/2023\/09\/charla_hacer_y_desahacer.png\" alt=\"\" class=\"wp-image-8257\" srcset=\"https:\/\/fadeu.urantiacos.cl\/wp-content\/uploads\/2023\/09\/charla_hacer_y_desahacer.png 350w, https:\/\/fadeu.urantiacos.cl\/wp-content\/uploads\/2023\/09\/charla_hacer_y_desahacer-300x214.png 300w\" sizes=\"(max-width: 350px) 100vw, 350px\" \/><\/figure>\n\n\n\n<p>Moderada por la docente UC&nbsp;Paola Moreno, en la instancia se busc\u00f3 problematizar supuestos y valores sobre los que se funda el Dise\u00f1o en la actualidad. Todo, con el objeto de abrir el debate a los diferentes enfoques disciplinares que surgen a partir de una mirada descolonial del dise\u00f1o.<\/p>\n\n\n\n<p>Eliana S\u00e1nchez-Aldana&nbsp;desde el textil apunta con su ponencia: \u201cDesbaratar, remendar y peinar: gestos textiles para (des)hacer el\/los dise\u00f1os\u201c, a mirar desde las deconstrucci\u00f3n y la descomposici\u00f3n para volver a pensar en la realidad para intervenirla. Una mirada que seg\u00fan la docente no se acostumbra en Dise\u00f1o \u201cpues permanentemente estamos centrados en el crear\u201d, acota.<\/p>\n\n\n\n<p>\u201cHist\u00f3ricamente se privilegian l\u00f3gicas de conocimiento racionalista. Pensar con la cabeza, ver para entender el mundo y de manera objetiva. Pero qu\u00e9 pasa si reconocemos que podemos sentir y tener emociones, que podemos entender el mundo a trav\u00e9s de lo que probamos, sentimos y tocamos, integrando el saber como una forma de pensamiento, como una manera de producir conocimiento\u201d&nbsp;se pregunta S\u00e1nchez -Aldana, apuntando a entregar valor a aquellos dise\u00f1os invisibilizados, no contados.<\/p>\n\n\n\n<p>Un cuestionamiento al presente de la disciplina centrada en la resoluci\u00f3n de problemas. A las l\u00f3gicas monol\u00edticas impuestas, que poco atienden realidades locales y la manera de hacer del dise\u00f1o en escenarios diversos, sensibles, sustentables, regionales.<\/p>\n\n\n\n<p>Mart\u00edn Tironi por su parte reflexiona sobre la contribuci\u00f3n del dise\u00f1o a la descolonizaci\u00f3n de esa relaci\u00f3n instrumental y extractivista con el entorno, repensando el ideal de dise\u00f1o centrado en el usuario.<\/p>\n\n\n\n<p>\u201cMoverse desde dise\u00f1o orientado al usuario a un dise\u00f1o orientado al planeta no es una invitaci\u00f3n a buscar soluciones cerradas ni a olvidarse de los problemas humanos. Por el contrario, es una invitaci\u00f3n abierta a explorar los problemas donde humanos y no humanos est\u00e1n envueltos, generar especulaciones de&nbsp;dise\u00f1o no antropoc\u00e9ntrico&nbsp;que permitan lidiar con la complejidad de nuestro ecosistema, donde las fuerzas no humanas \u2013 como han mostrado \u2013 son actores de suyo propio\u201d, explica Tironi, contextualizando el periodo pand\u00e9mico como una oportunidad para visibilizar la necesidad de un dise\u00f1o m\u00e1s sensible y responsables con las entidades&nbsp;\u201cm\u00e1s-que-humanos (plantas, bacterias, tecnolog\u00edas, virus, animales, etc)\u201d, puntualiza.<\/p>\n\n\n\n<p>Para Tironi, \u201cno existe un futuro \u00fanico, neutral y compartido para todos, sino m\u00e1s bien hay que comprenderlo como el resultado de un conjunto de materialidades, pr\u00e1cticas e imaginarios siempre contingentes y en permanente disputa. Es aqu\u00ed donde el dise\u00f1o debe cumplir ese rol canalizador y vehiculizador de nuevas posibilidades\u201d.<\/p>\n\n\n\n<p>INFORMACI\u00d3N PERIOD\u00cdSTICA<br>ESCUELA DE DISE\u00d1O UC<\/p>\n\n\n\n<p>+ Revisa la charla&nbsp;<a href=\"https:\/\/www.facebook.com\/watch\/live\/?v=677599899766299&amp;ref=watch_permalink\" target=\"_blank\" rel=\"noreferrer noopener\">AQU\u00ed<\/a>.<\/p>\n","protected":false},"excerpt":{"rendered":"<p>El docente de Dise\u00f1o UC Mart\u00edn Tironi y Eliana S\u00e1nchez-Aldana, profesora asistente en la Facultad de Arquitectura y Dise\u00f1o de la Universidad de Los Andes, Colombia, participaron de la Charla Pr\u00e1cticas y saberes que deshacen y hacen dise\u00f1o.<\/p>\n","protected":false},"author":1,"featured_media":8257,"comment_status":"open","ping_status":"open","sticky":false,"template":"","format":"standard","meta":{"_acf_changed":false,"footnotes":""},"categories":[1],"tags":[],"class_list":["post-8256","post","type-post","status-publish","format-standard","has-post-thumbnail","hentry","category-sin-categorizar"],"acf":[],"yoast_head":"<!-- This site is optimized with the Yoast SEO plugin v27.1.1 - https:\/\/yoast.com\/product\/yoast-seo-wordpress\/ -->\n<title>Charla &quot;Pr\u00e1cticas y saberes que deshacen y hacen dise\u00f1o&quot; - Facultad de Arquitectura, Dise\u00f1o y Estudios Urbanos<\/title>\n<meta name=\"description\" content=\"El docente de Dise\u00f1o UC Mart\u00edn Tironi y Eliana S\u00e1nchez-Aldana, profesora asistente en la Facultad de Arquitectura y Dise\u00f1o de la Universidad de Los Andes, Colombia, participaron de la Charla Pr\u00e1cticas y saberes que deshacen y hacen dise\u00f1o.\" \/>\n<meta name=\"robots\" content=\"index, follow, max-snippet:-1, max-image-preview:large, max-video-preview:-1\" \/>\n<link rel=\"canonical\" href=\"https:\/\/fadeu.urantiacos.cl\/en\/2020\/09\/15\/charla-practicas-y-saberes-que-deshacen-y-hacen-diseno\/\" \/>\n<meta property=\"og:locale\" content=\"en_US\" \/>\n<meta property=\"og:type\" content=\"article\" \/>\n<meta property=\"og:title\" content=\"Charla &quot;Pr\u00e1cticas y saberes que deshacen y hacen dise\u00f1o&quot; - Facultad de Arquitectura, Dise\u00f1o y Estudios Urbanos\" \/>\n<meta property=\"og:description\" content=\"El docente de Dise\u00f1o UC Mart\u00edn Tironi y Eliana S\u00e1nchez-Aldana, profesora asistente en la Facultad de Arquitectura y Dise\u00f1o de la Universidad de Los Andes, Colombia, participaron de la Charla Pr\u00e1cticas y saberes que deshacen y hacen dise\u00f1o.\" \/>\n<meta property=\"og:url\" content=\"https:\/\/fadeu.urantiacos.cl\/en\/2020\/09\/15\/charla-practicas-y-saberes-que-deshacen-y-hacen-diseno\/\" \/>\n<meta property=\"og:site_name\" content=\"Facultad de Arquitectura, Dise\u00f1o y Estudios Urbanos\" \/>\n<meta property=\"article:published_time\" content=\"2020-09-15T19:50:00+00:00\" \/>\n<meta property=\"article:modified_time\" content=\"2023-09-10T19:52:12+00:00\" \/>\n<meta property=\"og:image\" content=\"https:\/\/fadeu.urantiacos.cl\/wp-content\/uploads\/2023\/09\/charla_hacer_y_desahacer.png\" \/>\n\t<meta property=\"og:image:width\" content=\"350\" \/>\n\t<meta property=\"og:image:height\" content=\"250\" \/>\n\t<meta property=\"og:image:type\" content=\"image\/png\" \/>\n<meta name=\"author\" content=\"manadmin\" \/>\n<meta name=\"twitter:card\" content=\"summary_large_image\" \/>\n<meta name=\"twitter:label1\" content=\"Written by\" \/>\n\t<meta name=\"twitter:data1\" content=\"manadmin\" \/>\n\t<meta name=\"twitter:label2\" content=\"Est. reading time\" \/>\n\t<meta name=\"twitter:data2\" content=\"2 minutes\" \/>\n<script type=\"application\/ld+json\" class=\"yoast-schema-graph\">{\"@context\":\"https:\/\/schema.org\",\"@graph\":[{\"@type\":\"Article\",\"@id\":\"https:\/\/fadeu.urantiacos.cl\/en\/2020\/09\/15\/charla-practicas-y-saberes-que-deshacen-y-hacen-diseno\/#article\",\"isPartOf\":{\"@id\":\"https:\/\/fadeu.urantiacos.cl\/en\/2020\/09\/15\/charla-practicas-y-saberes-que-deshacen-y-hacen-diseno\/\"},\"author\":{\"name\":\"manadmin\",\"@id\":\"https:\/\/fadeu.urantiacos.cl\/en\/#\/schema\/person\/d203e2e84b1c40275eac77b3061a19a2\"},\"headline\":\"Charla &#8220;Pr\u00e1cticas y saberes que deshacen y hacen dise\u00f1o&#8221;\",\"datePublished\":\"2020-09-15T19:50:00+00:00\",\"dateModified\":\"2023-09-10T19:52:12+00:00\",\"mainEntityOfPage\":{\"@id\":\"https:\/\/fadeu.urantiacos.cl\/en\/2020\/09\/15\/charla-practicas-y-saberes-que-deshacen-y-hacen-diseno\/\"},\"wordCount\":469,\"commentCount\":0,\"image\":{\"@id\":\"https:\/\/fadeu.urantiacos.cl\/en\/2020\/09\/15\/charla-practicas-y-saberes-que-deshacen-y-hacen-diseno\/#primaryimage\"},\"thumbnailUrl\":\"https:\/\/fadeu.urantiacos.cl\/wp-content\/uploads\/2023\/09\/charla_hacer_y_desahacer.png\",\"articleSection\":[\"Sin categorizar\"],\"inLanguage\":\"en-US\",\"potentialAction\":[{\"@type\":\"CommentAction\",\"name\":\"Comment\",\"target\":[\"https:\/\/fadeu.urantiacos.cl\/en\/2020\/09\/15\/charla-practicas-y-saberes-que-deshacen-y-hacen-diseno\/#respond\"]}]},{\"@type\":\"WebPage\",\"@id\":\"https:\/\/fadeu.urantiacos.cl\/en\/2020\/09\/15\/charla-practicas-y-saberes-que-deshacen-y-hacen-diseno\/\",\"url\":\"https:\/\/fadeu.urantiacos.cl\/en\/2020\/09\/15\/charla-practicas-y-saberes-que-deshacen-y-hacen-diseno\/\",\"name\":\"Charla \\\"Pr\u00e1cticas y saberes que deshacen y hacen dise\u00f1o\\\" - Facultad de Arquitectura, Dise\u00f1o y Estudios Urbanos\",\"isPartOf\":{\"@id\":\"https:\/\/fadeu.urantiacos.cl\/en\/#website\"},\"primaryImageOfPage\":{\"@id\":\"https:\/\/fadeu.urantiacos.cl\/en\/2020\/09\/15\/charla-practicas-y-saberes-que-deshacen-y-hacen-diseno\/#primaryimage\"},\"image\":{\"@id\":\"https:\/\/fadeu.urantiacos.cl\/en\/2020\/09\/15\/charla-practicas-y-saberes-que-deshacen-y-hacen-diseno\/#primaryimage\"},\"thumbnailUrl\":\"https:\/\/fadeu.urantiacos.cl\/wp-content\/uploads\/2023\/09\/charla_hacer_y_desahacer.png\",\"datePublished\":\"2020-09-15T19:50:00+00:00\",\"dateModified\":\"2023-09-10T19:52:12+00:00\",\"author\":{\"@id\":\"https:\/\/fadeu.urantiacos.cl\/en\/#\/schema\/person\/d203e2e84b1c40275eac77b3061a19a2\"},\"description\":\"El docente de Dise\u00f1o UC Mart\u00edn Tironi y Eliana S\u00e1nchez-Aldana, profesora asistente en la Facultad de Arquitectura y Dise\u00f1o de la Universidad de Los Andes, Colombia, participaron de la Charla Pr\u00e1cticas y saberes que deshacen y hacen dise\u00f1o.\",\"breadcrumb\":{\"@id\":\"https:\/\/fadeu.urantiacos.cl\/en\/2020\/09\/15\/charla-practicas-y-saberes-que-deshacen-y-hacen-diseno\/#breadcrumb\"},\"inLanguage\":\"en-US\",\"potentialAction\":[{\"@type\":\"ReadAction\",\"target\":[\"https:\/\/fadeu.urantiacos.cl\/en\/2020\/09\/15\/charla-practicas-y-saberes-que-deshacen-y-hacen-diseno\/\"]}]},{\"@type\":\"ImageObject\",\"inLanguage\":\"en-US\",\"@id\":\"https:\/\/fadeu.urantiacos.cl\/en\/2020\/09\/15\/charla-practicas-y-saberes-que-deshacen-y-hacen-diseno\/#primaryimage\",\"url\":\"https:\/\/fadeu.urantiacos.cl\/wp-content\/uploads\/2023\/09\/charla_hacer_y_desahacer.png\",\"contentUrl\":\"https:\/\/fadeu.urantiacos.cl\/wp-content\/uploads\/2023\/09\/charla_hacer_y_desahacer.png\",\"width\":350,\"height\":250},{\"@type\":\"BreadcrumbList\",\"@id\":\"https:\/\/fadeu.urantiacos.cl\/en\/2020\/09\/15\/charla-practicas-y-saberes-que-deshacen-y-hacen-diseno\/#breadcrumb\",\"itemListElement\":[{\"@type\":\"ListItem\",\"position\":1,\"name\":\"Portada\",\"item\":\"https:\/\/fadeu.urantiacos.cl\/en\/\"},{\"@type\":\"ListItem\",\"position\":2,\"name\":\"Charla &#8220;Pr\u00e1cticas y saberes que deshacen y hacen dise\u00f1o&#8221;\"}]},{\"@type\":\"WebSite\",\"@id\":\"https:\/\/fadeu.urantiacos.cl\/en\/#website\",\"url\":\"https:\/\/fadeu.urantiacos.cl\/en\/\",\"name\":\"Facultad de Arquitectura, Dise\u00f1o y Estudios Urbanos\",\"description\":\"Campus Lo Contador\",\"potentialAction\":[{\"@type\":\"SearchAction\",\"target\":{\"@type\":\"EntryPoint\",\"urlTemplate\":\"https:\/\/fadeu.urantiacos.cl\/en\/?s={search_term_string}\"},\"query-input\":{\"@type\":\"PropertyValueSpecification\",\"valueRequired\":true,\"valueName\":\"search_term_string\"}}],\"inLanguage\":\"en-US\"},{\"@type\":\"Person\",\"@id\":\"https:\/\/fadeu.urantiacos.cl\/en\/#\/schema\/person\/d203e2e84b1c40275eac77b3061a19a2\",\"name\":\"manadmin\",\"image\":{\"@type\":\"ImageObject\",\"inLanguage\":\"en-US\",\"@id\":\"https:\/\/fadeu.urantiacos.cl\/en\/#\/schema\/person\/image\/\",\"url\":\"https:\/\/secure.gravatar.com\/avatar\/4b1d8e3303b4a9d8968ac578947d8bc80d9aea359f388cdd4aac15cadc0e8447?s=96&d=mm&r=g\",\"contentUrl\":\"https:\/\/secure.gravatar.com\/avatar\/4b1d8e3303b4a9d8968ac578947d8bc80d9aea359f388cdd4aac15cadc0e8447?s=96&d=mm&r=g\",\"caption\":\"manadmin\"},\"sameAs\":[\"https:\/\/fadeu.urantiacos.cl\"]}]}<\/script>\n<!-- \/ Yoast SEO plugin. -->","yoast_head_json":{"title":"Charla \"Pr\u00e1cticas y saberes que deshacen y hacen dise\u00f1o\" - Facultad de Arquitectura, Dise\u00f1o y Estudios Urbanos","description":"El docente de Dise\u00f1o UC Mart\u00edn Tironi y Eliana S\u00e1nchez-Aldana, profesora asistente en la Facultad de Arquitectura y Dise\u00f1o de la Universidad de Los Andes, Colombia, participaron de la Charla Pr\u00e1cticas y saberes que deshacen y hacen dise\u00f1o.","robots":{"index":"index","follow":"follow","max-snippet":"max-snippet:-1","max-image-preview":"max-image-preview:large","max-video-preview":"max-video-preview:-1"},"canonical":"https:\/\/fadeu.urantiacos.cl\/en\/2020\/09\/15\/charla-practicas-y-saberes-que-deshacen-y-hacen-diseno\/","og_locale":"en_US","og_type":"article","og_title":"Charla \"Pr\u00e1cticas y saberes que deshacen y hacen dise\u00f1o\" - Facultad de Arquitectura, Dise\u00f1o y Estudios Urbanos","og_description":"El docente de Dise\u00f1o UC Mart\u00edn Tironi y Eliana S\u00e1nchez-Aldana, profesora asistente en la Facultad de Arquitectura y Dise\u00f1o de la Universidad de Los Andes, Colombia, participaron de la Charla Pr\u00e1cticas y saberes que deshacen y hacen dise\u00f1o.","og_url":"https:\/\/fadeu.urantiacos.cl\/en\/2020\/09\/15\/charla-practicas-y-saberes-que-deshacen-y-hacen-diseno\/","og_site_name":"Facultad de Arquitectura, Dise\u00f1o y Estudios Urbanos","article_published_time":"2020-09-15T19:50:00+00:00","article_modified_time":"2023-09-10T19:52:12+00:00","og_image":[{"width":350,"height":250,"url":"https:\/\/fadeu.urantiacos.cl\/wp-content\/uploads\/2023\/09\/charla_hacer_y_desahacer.png","type":"image\/png"}],"author":"manadmin","twitter_card":"summary_large_image","twitter_misc":{"Written by":"manadmin","Est. reading time":"2 minutes"},"schema":{"@context":"https:\/\/schema.org","@graph":[{"@type":"Article","@id":"https:\/\/fadeu.urantiacos.cl\/en\/2020\/09\/15\/charla-practicas-y-saberes-que-deshacen-y-hacen-diseno\/#article","isPartOf":{"@id":"https:\/\/fadeu.urantiacos.cl\/en\/2020\/09\/15\/charla-practicas-y-saberes-que-deshacen-y-hacen-diseno\/"},"author":{"name":"manadmin","@id":"https:\/\/fadeu.urantiacos.cl\/en\/#\/schema\/person\/d203e2e84b1c40275eac77b3061a19a2"},"headline":"Charla &#8220;Pr\u00e1cticas y saberes que deshacen y hacen dise\u00f1o&#8221;","datePublished":"2020-09-15T19:50:00+00:00","dateModified":"2023-09-10T19:52:12+00:00","mainEntityOfPage":{"@id":"https:\/\/fadeu.urantiacos.cl\/en\/2020\/09\/15\/charla-practicas-y-saberes-que-deshacen-y-hacen-diseno\/"},"wordCount":469,"commentCount":0,"image":{"@id":"https:\/\/fadeu.urantiacos.cl\/en\/2020\/09\/15\/charla-practicas-y-saberes-que-deshacen-y-hacen-diseno\/#primaryimage"},"thumbnailUrl":"https:\/\/fadeu.urantiacos.cl\/wp-content\/uploads\/2023\/09\/charla_hacer_y_desahacer.png","articleSection":["Sin categorizar"],"inLanguage":"en-US","potentialAction":[{"@type":"CommentAction","name":"Comment","target":["https:\/\/fadeu.urantiacos.cl\/en\/2020\/09\/15\/charla-practicas-y-saberes-que-deshacen-y-hacen-diseno\/#respond"]}]},{"@type":"WebPage","@id":"https:\/\/fadeu.urantiacos.cl\/en\/2020\/09\/15\/charla-practicas-y-saberes-que-deshacen-y-hacen-diseno\/","url":"https:\/\/fadeu.urantiacos.cl\/en\/2020\/09\/15\/charla-practicas-y-saberes-que-deshacen-y-hacen-diseno\/","name":"Charla \"Pr\u00e1cticas y saberes que deshacen y hacen dise\u00f1o\" - Facultad de Arquitectura, Dise\u00f1o y Estudios Urbanos","isPartOf":{"@id":"https:\/\/fadeu.urantiacos.cl\/en\/#website"},"primaryImageOfPage":{"@id":"https:\/\/fadeu.urantiacos.cl\/en\/2020\/09\/15\/charla-practicas-y-saberes-que-deshacen-y-hacen-diseno\/#primaryimage"},"image":{"@id":"https:\/\/fadeu.urantiacos.cl\/en\/2020\/09\/15\/charla-practicas-y-saberes-que-deshacen-y-hacen-diseno\/#primaryimage"},"thumbnailUrl":"https:\/\/fadeu.urantiacos.cl\/wp-content\/uploads\/2023\/09\/charla_hacer_y_desahacer.png","datePublished":"2020-09-15T19:50:00+00:00","dateModified":"2023-09-10T19:52:12+00:00","author":{"@id":"https:\/\/fadeu.urantiacos.cl\/en\/#\/schema\/person\/d203e2e84b1c40275eac77b3061a19a2"},"description":"El docente de Dise\u00f1o UC Mart\u00edn Tironi y Eliana S\u00e1nchez-Aldana, profesora asistente en la Facultad de Arquitectura y Dise\u00f1o de la Universidad de Los Andes, Colombia, participaron de la Charla Pr\u00e1cticas y saberes que deshacen y hacen dise\u00f1o.","breadcrumb":{"@id":"https:\/\/fadeu.urantiacos.cl\/en\/2020\/09\/15\/charla-practicas-y-saberes-que-deshacen-y-hacen-diseno\/#breadcrumb"},"inLanguage":"en-US","potentialAction":[{"@type":"ReadAction","target":["https:\/\/fadeu.urantiacos.cl\/en\/2020\/09\/15\/charla-practicas-y-saberes-que-deshacen-y-hacen-diseno\/"]}]},{"@type":"ImageObject","inLanguage":"en-US","@id":"https:\/\/fadeu.urantiacos.cl\/en\/2020\/09\/15\/charla-practicas-y-saberes-que-deshacen-y-hacen-diseno\/#primaryimage","url":"https:\/\/fadeu.urantiacos.cl\/wp-content\/uploads\/2023\/09\/charla_hacer_y_desahacer.png","contentUrl":"https:\/\/fadeu.urantiacos.cl\/wp-content\/uploads\/2023\/09\/charla_hacer_y_desahacer.png","width":350,"height":250},{"@type":"BreadcrumbList","@id":"https:\/\/fadeu.urantiacos.cl\/en\/2020\/09\/15\/charla-practicas-y-saberes-que-deshacen-y-hacen-diseno\/#breadcrumb","itemListElement":[{"@type":"ListItem","position":1,"name":"Portada","item":"https:\/\/fadeu.urantiacos.cl\/en\/"},{"@type":"ListItem","position":2,"name":"Charla &#8220;Pr\u00e1cticas y saberes que deshacen y hacen dise\u00f1o&#8221;"}]},{"@type":"WebSite","@id":"https:\/\/fadeu.urantiacos.cl\/en\/#website","url":"https:\/\/fadeu.urantiacos.cl\/en\/","name":"Facultad de Arquitectura, Dise\u00f1o y Estudios Urbanos","description":"Campus Lo Contador","potentialAction":[{"@type":"SearchAction","target":{"@type":"EntryPoint","urlTemplate":"https:\/\/fadeu.urantiacos.cl\/en\/?s={search_term_string}"},"query-input":{"@type":"PropertyValueSpecification","valueRequired":true,"valueName":"search_term_string"}}],"inLanguage":"en-US"},{"@type":"Person","@id":"https:\/\/fadeu.urantiacos.cl\/en\/#\/schema\/person\/d203e2e84b1c40275eac77b3061a19a2","name":"manadmin","image":{"@type":"ImageObject","inLanguage":"en-US","@id":"https:\/\/fadeu.urantiacos.cl\/en\/#\/schema\/person\/image\/","url":"https:\/\/secure.gravatar.com\/avatar\/4b1d8e3303b4a9d8968ac578947d8bc80d9aea359f388cdd4aac15cadc0e8447?s=96&d=mm&r=g","contentUrl":"https:\/\/secure.gravatar.com\/avatar\/4b1d8e3303b4a9d8968ac578947d8bc80d9aea359f388cdd4aac15cadc0e8447?s=96&d=mm&r=g","caption":"manadmin"},"sameAs":["https:\/\/fadeu.urantiacos.cl"]}]}},"_links":{"self":[{"href":"https:\/\/fadeu.urantiacos.cl\/en\/wp-json\/wp\/v2\/posts\/8256","targetHints":{"allow":["GET"]}}],"collection":[{"href":"https:\/\/fadeu.urantiacos.cl\/en\/wp-json\/wp\/v2\/posts"}],"about":[{"href":"https:\/\/fadeu.urantiacos.cl\/en\/wp-json\/wp\/v2\/types\/post"}],"author":[{"embeddable":true,"href":"https:\/\/fadeu.urantiacos.cl\/en\/wp-json\/wp\/v2\/users\/1"}],"replies":[{"embeddable":true,"href":"https:\/\/fadeu.urantiacos.cl\/en\/wp-json\/wp\/v2\/comments?post=8256"}],"version-history":[{"count":1,"href":"https:\/\/fadeu.urantiacos.cl\/en\/wp-json\/wp\/v2\/posts\/8256\/revisions"}],"predecessor-version":[{"id":8258,"href":"https:\/\/fadeu.urantiacos.cl\/en\/wp-json\/wp\/v2\/posts\/8256\/revisions\/8258"}],"wp:featuredmedia":[{"embeddable":true,"href":"https:\/\/fadeu.urantiacos.cl\/en\/wp-json\/wp\/v2\/media\/8257"}],"wp:attachment":[{"href":"https:\/\/fadeu.urantiacos.cl\/en\/wp-json\/wp\/v2\/media?parent=8256"}],"wp:term":[{"taxonomy":"category","embeddable":true,"href":"https:\/\/fadeu.urantiacos.cl\/en\/wp-json\/wp\/v2\/categories?post=8256"},{"taxonomy":"post_tag","embeddable":true,"href":"https:\/\/fadeu.urantiacos.cl\/en\/wp-json\/wp\/v2\/tags?post=8256"}],"curies":[{"name":"wp","href":"https:\/\/api.w.org\/{rel}","templated":true}]}}