{"id":8252,"date":"2020-09-15T16:48:00","date_gmt":"2020-09-15T19:48:00","guid":{"rendered":"https:\/\/fadeu.urantiacos.cl\/?p=8252"},"modified":"2023-09-10T16:50:22","modified_gmt":"2023-09-10T19:50:22","slug":"doctorado-reunion-hito-de-acreditacion-2021","status":"publish","type":"post","link":"https:\/\/fadeu.urantiacos.cl\/en\/2020\/09\/15\/doctorado-reunion-hito-de-acreditacion-2021\/","title":{"rendered":"Doctorado: Reuni\u00f3n Hito de acreditaci\u00f3n 2021"},"content":{"rendered":"\n<p>En la actividad expusieron el director de la Escuela de Graduados, Diego Cosmelli; el decano Mario Ubilla; el director de Investigaci\u00f3n y Postgrado, Felipe Encinas y el Jefe del Programa, Jos\u00e9 Rosas; adem\u00e1s participaron del director de la escuela de Arquitectura, Luis Eduardo Bresciani, y del director del Instituto de Estudios Urbanos y Territoriales, Luis Fuentes.<\/p>\n\n\n\n<p>En este marco, y de acuerdo a los criterios vigentes para la Acreditaci\u00f3n de programas de postgrado, con esta reuni\u00f3n se dio inicio a:<\/p>\n\n\n\n<p>&#8211;&nbsp;&nbsp;&nbsp;&nbsp;&nbsp;&nbsp; Una revisi\u00f3n de los antecedentes recogidos de la \u00faltima acreditaci\u00f3n a\u00fan vigente y perfeccionar los planes y programas de estudio,<\/p>\n\n\n\n<p>&#8211;&nbsp;&nbsp;&nbsp;&nbsp;&nbsp;&nbsp; La realizaci\u00f3n de un diagn\u00f3stico participativo respecto al desempe\u00f1o del programa en el momento presente y la planificaci\u00f3n de acciones futuras que permitan acciones de mejoramiento faciliten su desarrollo.<\/p>\n\n\n\n<p>&#8211;&nbsp;&nbsp;&nbsp;&nbsp;&nbsp;&nbsp; Acordar un plan de desarrollo realista y verificable en el mediano plazo que considere etapas, encargados y responsables, recursos acad\u00e9micos y administrativos, e indicadores de efectividad.<\/p>\n\n\n\n<p>El Decano Ubilla valor\u00f3 el trabajo realizado y sostuvo que \u201cha habido un aporte muy importante de los profesores del Doctorado, especialmente del comit\u00e9 Acad\u00e9mico, instancia en la que saludo al Instituto de Estudios Urbanos por comprometer a sus acad\u00e9micos y acad\u00e9micas con el programa de Doctorado, y tambi\u00e9n a la escuela de Arquitectura por la voluntad de formalizar tiempo para el Doctorado de cada uno de sus profesores y profesoras\u201d.<\/p>\n\n\n\n<p>Por su parte, el director de Investigaci\u00f3n y Postgrado del Decanato, Felipe Encinas, advirti\u00f3 que \u201ces preciso que asumamos el significado de este hito en el contexto m\u00e1s profundo del programa y de nuestra Facultad, para lo cual debemos hablar y centrar el discurso en la interdisciplina, de manera insistente, porque es la interdisciplina la que da soporte a nuestra Facultad, m\u00e1s all\u00e1 de la suma de las tres unidades acad\u00e9micas, cada una de ellas contribuyendo a construir un discurso com\u00fan de Facultad\u201d.<\/p>\n\n\n\n<p>En ese sentido, Encinas atribuy\u00f3 al Doctorado el s\u00edmbolo que encarna de mejor manera el sentido interdisciplinario de la Facultad, hist\u00f3ricamente integrado por la escuela de Arquitectura y el Instituto de Estudios Urbanos, que ahora se abre a incorporar nuevas l\u00edneas de investigaci\u00f3n, abordando las m\u00e1s diversas aristas del espacio construido y la sociedad en su conjunto.<\/p>\n\n\n\n<p>El director de la Escuela de Graduados, Diego Cosmelli, agradeci\u00f3 la invitaci\u00f3n y reconoci\u00f3 el trabajo realizado por el Doctorado, destacando \u201cuna amplia convocatoria que entrega una buena se\u00f1al de preocupaci\u00f3n de los acad\u00e9micos y acad\u00e9micas por este programa\u201d.<\/p>\n\n\n\n<p>\u201cEl grado de Doctor es el grado m\u00e1s alto que entrega la universidad, que refleja autonom\u00eda en investigaci\u00f3n y creaci\u00f3n en su m\u00e1xima expresi\u00f3n, y ser capaz de entregar este grado acad\u00e9mico habla de la madurez de una universidad, por lo tanto la formaci\u00f3n doctoral tiene una importancia superlativa para mover los l\u00edmites del conocimiento y la investigaci\u00f3n, lo que es una oportunidad y a la vez una exigencia, que requiere dedicaci\u00f3n, rigor y excelencia, que caracterizan, por cierto, el trabajo de este programa al interior de la Facultad de Arquitectura, Dise\u00f1o y Estudios Urbanos.<\/p>\n\n\n\n<p>Jos\u00e9 Rosas, director del programa de Doctorado, advirti\u00f3 que \u201ceste es un proceso, un hito que es parte de un largo camino que hemos iniciado de manera colectiva, con aportes del Decanato, de la direcci\u00f3n Econ\u00f3mica y de Gesti\u00f3n, y de la Direcci\u00f3n de Comunicaciones y la Secretar\u00eda Acad\u00e9mica, as\u00ed como a los directores del Instituto de Estudios Urbanos y de la escuela de Arquitectura, Luis Fuentes y Luis Eduardo Bresciani\u201d.<\/p>\n\n\n\n<p>\u201cEste trabajo comenz\u00f3 al instante en que recibimos la acreditaci\u00f3n \u00faltima de la CNA por tres a\u00f1os, momento en el cual ya nos pusimos a trabajar con much\u00edsimos profesores y profesoras para recorrer este camino arduo para comprometer una nueva acreditaci\u00f3n del programa, agradeciendo particularmente el esfuerzo del comit\u00e9 acad\u00e9mico, en los nombres de los profesores Macarena Ibarra, Arturo Orellana, Hugo Mondrag\u00f3n, Alejandro Crispiani, Horacio Torrent, Wren Strabucci y Pedro Alonso\u201d, advirti\u00f3 Rosas.<\/p>\n\n\n\n<p><strong>Pasos siguientes<\/strong><\/p>\n\n\n\n<p>En lo sucesivo, corresponde la etapa de generaci\u00f3n de un informe de autoevaluaci\u00f3n, que debe ser elaborado en base a los siguientes documentos:<\/p>\n\n\n\n<ol class=\"wp-block-list\" start=\"1\">\n<li>\u201cCriterios para la Acreditaci\u00f3n de Programas de Postgrado\u201d.<\/li>\n\n\n\n<li>Formulario de Acreditaci\u00f3n y Anexos exigidos CNA + Anexos Adicionales 2021.<\/li>\n\n\n\n<li>&nbsp;\u201cGu\u00eda para la Elaboraci\u00f3n del Informes de Autoevaluaci\u00f3n de Programas de Doctorado\u201d, publicados por la Comisi\u00f3n Nacional de Acreditaci\u00f3n (CNA); en especial respecto a las condiciones y temas a tratar.<\/li>\n\n\n\n<li>Consultas a los acad\u00e9micos, estudiantes, y graduados de percepci\u00f3n respecto al programa (encuestas y reuniones).<\/li>\n<\/ol>\n\n\n\n<p>El Informe de Autoevaluaci\u00f3n, seg\u00fan se inform\u00f3, es un elemento fundamental en todo proceso de acreditaci\u00f3n. Tiene como objetivo principal, identificar las fortalezas y debilidades de un programa, as\u00ed como los avances y tareas en desarrollo, proponiendo acciones de mejora permanente.<\/p>\n\n\n\n<p>La metodolog\u00eda de desarrollo para este informe contempla el an\u00e1lisis y evaluaci\u00f3n de datos recogidos en el formulario de antecedentes CNA, de acuerdo a los seis criterios definidos por la CNA.&nbsp;&nbsp; Esto da lugar al planteamiento de un plan de desarrollo, mediante un proceso participativo, que incluye a los&nbsp;&nbsp; miembros de la comunidad acad\u00e9mica, estudiantil, graduados y profesionales administrativos del Doctorado. Comprende una revisi\u00f3n cr\u00edtica de documentos y datos estad\u00edsticos oficiales de la Universidad, Facultad, unidades acad\u00e9micas y programa.<\/p>\n\n\n\n<h4 class=\"wp-block-heading\"><strong><\/strong><\/h4>\n\n\n\n<p>JUAN ANDR\u00c9S INZUNZA<\/p>\n\n\n\n<figure class=\"wp-block-image size-full\"><img decoding=\"async\" width=\"936\" height=\"444\" src=\"https:\/\/fadeu.urantiacos.cl\/wp-content\/uploads\/2023\/09\/doctorado_reunion_grande.jpg\" alt=\"\" class=\"wp-image-8253\" srcset=\"https:\/\/fadeu.urantiacos.cl\/wp-content\/uploads\/2023\/09\/doctorado_reunion_grande.jpg 936w, https:\/\/fadeu.urantiacos.cl\/wp-content\/uploads\/2023\/09\/doctorado_reunion_grande-300x142.jpg 300w, https:\/\/fadeu.urantiacos.cl\/wp-content\/uploads\/2023\/09\/doctorado_reunion_grande-768x364.jpg 768w\" sizes=\"(max-width: 936px) 100vw, 936px\" \/><\/figure>\n","protected":false},"excerpt":{"rendered":"<p>Con el objetivo de informar a la comunidad acad\u00e9mica, estudiantil y graduados sobre el proceso de auto-evaluaci\u00f3n del Doctorado en Arquitectura y Estudios Urbanos de la Universidad Cat\u00f3lica, la semana pasada se llev\u00f3 a cabo la reuni\u00f3n Hito de acreditaci\u00f3n 2021 de este emblem\u00e1tico programa doctoral de la Facultad de Arquitectura, Dise\u00f1o y Estudios Urbanos, instancia que se llevar\u00e1 a cabo durante el segundo semestre y se entregar\u00e1 en enero del 2021 a la Comisi\u00f3n Nacional de Acreditaci\u00f3n (CNA).<\/p>\n","protected":false},"author":1,"featured_media":8254,"comment_status":"open","ping_status":"open","sticky":false,"template":"","format":"standard","meta":{"_acf_changed":false,"footnotes":""},"categories":[1],"tags":[],"class_list":["post-8252","post","type-post","status-publish","format-standard","has-post-thumbnail","hentry","category-sin-categorizar"],"acf":[],"yoast_head":"<!-- This site is optimized with the Yoast SEO plugin v27.1.1 - https:\/\/yoast.com\/product\/yoast-seo-wordpress\/ -->\n<title>Doctorado: Reuni\u00f3n Hito de acreditaci\u00f3n 2021 - Facultad de Arquitectura, Dise\u00f1o y Estudios Urbanos<\/title>\n<meta name=\"description\" content=\"Con el objetivo de informar a la comunidad acad\u00e9mica, estudiantil y graduados sobre el proceso de auto-evaluaci\u00f3n del Doctorado en Arquitectura y Estudios Urbanos de la Universidad Cat\u00f3lica, la semana pasada se llev\u00f3 a cabo la reuni\u00f3n Hito de acreditaci\u00f3n 2021 de este emblem\u00e1tico programa doctoral de la Facultad de Arquitectura, Dise\u00f1o y Estudios Urbanos, instancia que se llevar\u00e1 a cabo durante el segundo semestre y se entregar\u00e1 en enero del 2021 a la Comisi\u00f3n Nacional de Acreditaci\u00f3n (CNA).\" \/>\n<meta name=\"robots\" content=\"index, follow, max-snippet:-1, max-image-preview:large, max-video-preview:-1\" \/>\n<link rel=\"canonical\" href=\"https:\/\/fadeu.urantiacos.cl\/en\/2020\/09\/15\/doctorado-reunion-hito-de-acreditacion-2021\/\" \/>\n<meta property=\"og:locale\" content=\"en_US\" \/>\n<meta property=\"og:type\" content=\"article\" \/>\n<meta property=\"og:title\" content=\"Doctorado: Reuni\u00f3n Hito de acreditaci\u00f3n 2021 - Facultad de Arquitectura, Dise\u00f1o y Estudios Urbanos\" \/>\n<meta property=\"og:description\" content=\"Con el objetivo de informar a la comunidad acad\u00e9mica, estudiantil y graduados sobre el proceso de auto-evaluaci\u00f3n del Doctorado en Arquitectura y Estudios Urbanos de la Universidad Cat\u00f3lica, la semana pasada se llev\u00f3 a cabo la reuni\u00f3n Hito de acreditaci\u00f3n 2021 de este emblem\u00e1tico programa doctoral de la Facultad de Arquitectura, Dise\u00f1o y Estudios Urbanos, instancia que se llevar\u00e1 a cabo durante el segundo semestre y se entregar\u00e1 en enero del 2021 a la Comisi\u00f3n Nacional de Acreditaci\u00f3n (CNA).\" \/>\n<meta property=\"og:url\" content=\"https:\/\/fadeu.urantiacos.cl\/en\/2020\/09\/15\/doctorado-reunion-hito-de-acreditacion-2021\/\" \/>\n<meta property=\"og:site_name\" content=\"Facultad de Arquitectura, Dise\u00f1o y Estudios Urbanos\" \/>\n<meta property=\"article:published_time\" content=\"2020-09-15T19:48:00+00:00\" \/>\n<meta property=\"article:modified_time\" content=\"2023-09-10T19:50:22+00:00\" \/>\n<meta property=\"og:image\" content=\"https:\/\/fadeu.urantiacos.cl\/wp-content\/uploads\/2023\/09\/reunion_doctorado_2020.jpg\" \/>\n\t<meta property=\"og:image:width\" content=\"350\" \/>\n\t<meta property=\"og:image:height\" content=\"250\" \/>\n\t<meta property=\"og:image:type\" content=\"image\/jpeg\" \/>\n<meta name=\"author\" content=\"manadmin\" \/>\n<meta name=\"twitter:card\" content=\"summary_large_image\" \/>\n<meta name=\"twitter:label1\" content=\"Written by\" \/>\n\t<meta name=\"twitter:data1\" content=\"manadmin\" \/>\n\t<meta name=\"twitter:label2\" content=\"Est. reading time\" \/>\n\t<meta name=\"twitter:data2\" content=\"5 minutes\" \/>\n<script type=\"application\/ld+json\" class=\"yoast-schema-graph\">{\"@context\":\"https:\/\/schema.org\",\"@graph\":[{\"@type\":\"Article\",\"@id\":\"https:\/\/fadeu.urantiacos.cl\/en\/2020\/09\/15\/doctorado-reunion-hito-de-acreditacion-2021\/#article\",\"isPartOf\":{\"@id\":\"https:\/\/fadeu.urantiacos.cl\/en\/2020\/09\/15\/doctorado-reunion-hito-de-acreditacion-2021\/\"},\"author\":{\"name\":\"manadmin\",\"@id\":\"https:\/\/fadeu.urantiacos.cl\/en\/#\/schema\/person\/d203e2e84b1c40275eac77b3061a19a2\"},\"headline\":\"Doctorado: Reuni\u00f3n Hito de acreditaci\u00f3n 2021\",\"datePublished\":\"2020-09-15T19:48:00+00:00\",\"dateModified\":\"2023-09-10T19:50:22+00:00\",\"mainEntityOfPage\":{\"@id\":\"https:\/\/fadeu.urantiacos.cl\/en\/2020\/09\/15\/doctorado-reunion-hito-de-acreditacion-2021\/\"},\"wordCount\":965,\"commentCount\":0,\"image\":{\"@id\":\"https:\/\/fadeu.urantiacos.cl\/en\/2020\/09\/15\/doctorado-reunion-hito-de-acreditacion-2021\/#primaryimage\"},\"thumbnailUrl\":\"https:\/\/fadeu.urantiacos.cl\/wp-content\/uploads\/2023\/09\/reunion_doctorado_2020.jpg\",\"articleSection\":[\"Sin categorizar\"],\"inLanguage\":\"en-US\",\"potentialAction\":[{\"@type\":\"CommentAction\",\"name\":\"Comment\",\"target\":[\"https:\/\/fadeu.urantiacos.cl\/en\/2020\/09\/15\/doctorado-reunion-hito-de-acreditacion-2021\/#respond\"]}]},{\"@type\":\"WebPage\",\"@id\":\"https:\/\/fadeu.urantiacos.cl\/en\/2020\/09\/15\/doctorado-reunion-hito-de-acreditacion-2021\/\",\"url\":\"https:\/\/fadeu.urantiacos.cl\/en\/2020\/09\/15\/doctorado-reunion-hito-de-acreditacion-2021\/\",\"name\":\"Doctorado: Reuni\u00f3n Hito de acreditaci\u00f3n 2021 - Facultad de Arquitectura, Dise\u00f1o y Estudios Urbanos\",\"isPartOf\":{\"@id\":\"https:\/\/fadeu.urantiacos.cl\/en\/#website\"},\"primaryImageOfPage\":{\"@id\":\"https:\/\/fadeu.urantiacos.cl\/en\/2020\/09\/15\/doctorado-reunion-hito-de-acreditacion-2021\/#primaryimage\"},\"image\":{\"@id\":\"https:\/\/fadeu.urantiacos.cl\/en\/2020\/09\/15\/doctorado-reunion-hito-de-acreditacion-2021\/#primaryimage\"},\"thumbnailUrl\":\"https:\/\/fadeu.urantiacos.cl\/wp-content\/uploads\/2023\/09\/reunion_doctorado_2020.jpg\",\"datePublished\":\"2020-09-15T19:48:00+00:00\",\"dateModified\":\"2023-09-10T19:50:22+00:00\",\"author\":{\"@id\":\"https:\/\/fadeu.urantiacos.cl\/en\/#\/schema\/person\/d203e2e84b1c40275eac77b3061a19a2\"},\"description\":\"Con el objetivo de informar a la comunidad acad\u00e9mica, estudiantil y graduados sobre el proceso de auto-evaluaci\u00f3n del Doctorado en Arquitectura y Estudios Urbanos de la Universidad Cat\u00f3lica, la semana pasada se llev\u00f3 a cabo la reuni\u00f3n Hito de acreditaci\u00f3n 2021 de este emblem\u00e1tico programa doctoral de la Facultad de Arquitectura, Dise\u00f1o y Estudios Urbanos, instancia que se llevar\u00e1 a cabo durante el segundo semestre y se entregar\u00e1 en enero del 2021 a la Comisi\u00f3n Nacional de Acreditaci\u00f3n (CNA).\",\"breadcrumb\":{\"@id\":\"https:\/\/fadeu.urantiacos.cl\/en\/2020\/09\/15\/doctorado-reunion-hito-de-acreditacion-2021\/#breadcrumb\"},\"inLanguage\":\"en-US\",\"potentialAction\":[{\"@type\":\"ReadAction\",\"target\":[\"https:\/\/fadeu.urantiacos.cl\/en\/2020\/09\/15\/doctorado-reunion-hito-de-acreditacion-2021\/\"]}]},{\"@type\":\"ImageObject\",\"inLanguage\":\"en-US\",\"@id\":\"https:\/\/fadeu.urantiacos.cl\/en\/2020\/09\/15\/doctorado-reunion-hito-de-acreditacion-2021\/#primaryimage\",\"url\":\"https:\/\/fadeu.urantiacos.cl\/wp-content\/uploads\/2023\/09\/reunion_doctorado_2020.jpg\",\"contentUrl\":\"https:\/\/fadeu.urantiacos.cl\/wp-content\/uploads\/2023\/09\/reunion_doctorado_2020.jpg\",\"width\":350,\"height\":250},{\"@type\":\"BreadcrumbList\",\"@id\":\"https:\/\/fadeu.urantiacos.cl\/en\/2020\/09\/15\/doctorado-reunion-hito-de-acreditacion-2021\/#breadcrumb\",\"itemListElement\":[{\"@type\":\"ListItem\",\"position\":1,\"name\":\"Portada\",\"item\":\"https:\/\/fadeu.urantiacos.cl\/en\/\"},{\"@type\":\"ListItem\",\"position\":2,\"name\":\"Doctorado: Reuni\u00f3n Hito de acreditaci\u00f3n 2021\"}]},{\"@type\":\"WebSite\",\"@id\":\"https:\/\/fadeu.urantiacos.cl\/en\/#website\",\"url\":\"https:\/\/fadeu.urantiacos.cl\/en\/\",\"name\":\"Facultad de Arquitectura, Dise\u00f1o y Estudios Urbanos\",\"description\":\"Campus Lo Contador\",\"potentialAction\":[{\"@type\":\"SearchAction\",\"target\":{\"@type\":\"EntryPoint\",\"urlTemplate\":\"https:\/\/fadeu.urantiacos.cl\/en\/?s={search_term_string}\"},\"query-input\":{\"@type\":\"PropertyValueSpecification\",\"valueRequired\":true,\"valueName\":\"search_term_string\"}}],\"inLanguage\":\"en-US\"},{\"@type\":\"Person\",\"@id\":\"https:\/\/fadeu.urantiacos.cl\/en\/#\/schema\/person\/d203e2e84b1c40275eac77b3061a19a2\",\"name\":\"manadmin\",\"image\":{\"@type\":\"ImageObject\",\"inLanguage\":\"en-US\",\"@id\":\"https:\/\/fadeu.urantiacos.cl\/en\/#\/schema\/person\/image\/\",\"url\":\"https:\/\/secure.gravatar.com\/avatar\/4b1d8e3303b4a9d8968ac578947d8bc80d9aea359f388cdd4aac15cadc0e8447?s=96&d=mm&r=g\",\"contentUrl\":\"https:\/\/secure.gravatar.com\/avatar\/4b1d8e3303b4a9d8968ac578947d8bc80d9aea359f388cdd4aac15cadc0e8447?s=96&d=mm&r=g\",\"caption\":\"manadmin\"},\"sameAs\":[\"https:\/\/fadeu.urantiacos.cl\"]}]}<\/script>\n<!-- \/ Yoast SEO plugin. -->","yoast_head_json":{"title":"Doctorado: Reuni\u00f3n Hito de acreditaci\u00f3n 2021 - Facultad de Arquitectura, Dise\u00f1o y Estudios Urbanos","description":"Con el objetivo de informar a la comunidad acad\u00e9mica, estudiantil y graduados sobre el proceso de auto-evaluaci\u00f3n del Doctorado en Arquitectura y Estudios Urbanos de la Universidad Cat\u00f3lica, la semana pasada se llev\u00f3 a cabo la reuni\u00f3n Hito de acreditaci\u00f3n 2021 de este emblem\u00e1tico programa doctoral de la Facultad de Arquitectura, Dise\u00f1o y Estudios Urbanos, instancia que se llevar\u00e1 a cabo durante el segundo semestre y se entregar\u00e1 en enero del 2021 a la Comisi\u00f3n Nacional de Acreditaci\u00f3n (CNA).","robots":{"index":"index","follow":"follow","max-snippet":"max-snippet:-1","max-image-preview":"max-image-preview:large","max-video-preview":"max-video-preview:-1"},"canonical":"https:\/\/fadeu.urantiacos.cl\/en\/2020\/09\/15\/doctorado-reunion-hito-de-acreditacion-2021\/","og_locale":"en_US","og_type":"article","og_title":"Doctorado: Reuni\u00f3n Hito de acreditaci\u00f3n 2021 - Facultad de Arquitectura, Dise\u00f1o y Estudios Urbanos","og_description":"Con el objetivo de informar a la comunidad acad\u00e9mica, estudiantil y graduados sobre el proceso de auto-evaluaci\u00f3n del Doctorado en Arquitectura y Estudios Urbanos de la Universidad Cat\u00f3lica, la semana pasada se llev\u00f3 a cabo la reuni\u00f3n Hito de acreditaci\u00f3n 2021 de este emblem\u00e1tico programa doctoral de la Facultad de Arquitectura, Dise\u00f1o y Estudios Urbanos, instancia que se llevar\u00e1 a cabo durante el segundo semestre y se entregar\u00e1 en enero del 2021 a la Comisi\u00f3n Nacional de Acreditaci\u00f3n (CNA).","og_url":"https:\/\/fadeu.urantiacos.cl\/en\/2020\/09\/15\/doctorado-reunion-hito-de-acreditacion-2021\/","og_site_name":"Facultad de Arquitectura, Dise\u00f1o y Estudios Urbanos","article_published_time":"2020-09-15T19:48:00+00:00","article_modified_time":"2023-09-10T19:50:22+00:00","og_image":[{"width":350,"height":250,"url":"https:\/\/fadeu.urantiacos.cl\/wp-content\/uploads\/2023\/09\/reunion_doctorado_2020.jpg","type":"image\/jpeg"}],"author":"manadmin","twitter_card":"summary_large_image","twitter_misc":{"Written by":"manadmin","Est. reading time":"5 minutes"},"schema":{"@context":"https:\/\/schema.org","@graph":[{"@type":"Article","@id":"https:\/\/fadeu.urantiacos.cl\/en\/2020\/09\/15\/doctorado-reunion-hito-de-acreditacion-2021\/#article","isPartOf":{"@id":"https:\/\/fadeu.urantiacos.cl\/en\/2020\/09\/15\/doctorado-reunion-hito-de-acreditacion-2021\/"},"author":{"name":"manadmin","@id":"https:\/\/fadeu.urantiacos.cl\/en\/#\/schema\/person\/d203e2e84b1c40275eac77b3061a19a2"},"headline":"Doctorado: Reuni\u00f3n Hito de acreditaci\u00f3n 2021","datePublished":"2020-09-15T19:48:00+00:00","dateModified":"2023-09-10T19:50:22+00:00","mainEntityOfPage":{"@id":"https:\/\/fadeu.urantiacos.cl\/en\/2020\/09\/15\/doctorado-reunion-hito-de-acreditacion-2021\/"},"wordCount":965,"commentCount":0,"image":{"@id":"https:\/\/fadeu.urantiacos.cl\/en\/2020\/09\/15\/doctorado-reunion-hito-de-acreditacion-2021\/#primaryimage"},"thumbnailUrl":"https:\/\/fadeu.urantiacos.cl\/wp-content\/uploads\/2023\/09\/reunion_doctorado_2020.jpg","articleSection":["Sin categorizar"],"inLanguage":"en-US","potentialAction":[{"@type":"CommentAction","name":"Comment","target":["https:\/\/fadeu.urantiacos.cl\/en\/2020\/09\/15\/doctorado-reunion-hito-de-acreditacion-2021\/#respond"]}]},{"@type":"WebPage","@id":"https:\/\/fadeu.urantiacos.cl\/en\/2020\/09\/15\/doctorado-reunion-hito-de-acreditacion-2021\/","url":"https:\/\/fadeu.urantiacos.cl\/en\/2020\/09\/15\/doctorado-reunion-hito-de-acreditacion-2021\/","name":"Doctorado: Reuni\u00f3n Hito de acreditaci\u00f3n 2021 - Facultad de Arquitectura, Dise\u00f1o y Estudios Urbanos","isPartOf":{"@id":"https:\/\/fadeu.urantiacos.cl\/en\/#website"},"primaryImageOfPage":{"@id":"https:\/\/fadeu.urantiacos.cl\/en\/2020\/09\/15\/doctorado-reunion-hito-de-acreditacion-2021\/#primaryimage"},"image":{"@id":"https:\/\/fadeu.urantiacos.cl\/en\/2020\/09\/15\/doctorado-reunion-hito-de-acreditacion-2021\/#primaryimage"},"thumbnailUrl":"https:\/\/fadeu.urantiacos.cl\/wp-content\/uploads\/2023\/09\/reunion_doctorado_2020.jpg","datePublished":"2020-09-15T19:48:00+00:00","dateModified":"2023-09-10T19:50:22+00:00","author":{"@id":"https:\/\/fadeu.urantiacos.cl\/en\/#\/schema\/person\/d203e2e84b1c40275eac77b3061a19a2"},"description":"Con el objetivo de informar a la comunidad acad\u00e9mica, estudiantil y graduados sobre el proceso de auto-evaluaci\u00f3n del Doctorado en Arquitectura y Estudios Urbanos de la Universidad Cat\u00f3lica, la semana pasada se llev\u00f3 a cabo la reuni\u00f3n Hito de acreditaci\u00f3n 2021 de este emblem\u00e1tico programa doctoral de la Facultad de Arquitectura, Dise\u00f1o y Estudios Urbanos, instancia que se llevar\u00e1 a cabo durante el segundo semestre y se entregar\u00e1 en enero del 2021 a la Comisi\u00f3n Nacional de Acreditaci\u00f3n (CNA).","breadcrumb":{"@id":"https:\/\/fadeu.urantiacos.cl\/en\/2020\/09\/15\/doctorado-reunion-hito-de-acreditacion-2021\/#breadcrumb"},"inLanguage":"en-US","potentialAction":[{"@type":"ReadAction","target":["https:\/\/fadeu.urantiacos.cl\/en\/2020\/09\/15\/doctorado-reunion-hito-de-acreditacion-2021\/"]}]},{"@type":"ImageObject","inLanguage":"en-US","@id":"https:\/\/fadeu.urantiacos.cl\/en\/2020\/09\/15\/doctorado-reunion-hito-de-acreditacion-2021\/#primaryimage","url":"https:\/\/fadeu.urantiacos.cl\/wp-content\/uploads\/2023\/09\/reunion_doctorado_2020.jpg","contentUrl":"https:\/\/fadeu.urantiacos.cl\/wp-content\/uploads\/2023\/09\/reunion_doctorado_2020.jpg","width":350,"height":250},{"@type":"BreadcrumbList","@id":"https:\/\/fadeu.urantiacos.cl\/en\/2020\/09\/15\/doctorado-reunion-hito-de-acreditacion-2021\/#breadcrumb","itemListElement":[{"@type":"ListItem","position":1,"name":"Portada","item":"https:\/\/fadeu.urantiacos.cl\/en\/"},{"@type":"ListItem","position":2,"name":"Doctorado: Reuni\u00f3n Hito de acreditaci\u00f3n 2021"}]},{"@type":"WebSite","@id":"https:\/\/fadeu.urantiacos.cl\/en\/#website","url":"https:\/\/fadeu.urantiacos.cl\/en\/","name":"Facultad de Arquitectura, Dise\u00f1o y Estudios Urbanos","description":"Campus Lo Contador","potentialAction":[{"@type":"SearchAction","target":{"@type":"EntryPoint","urlTemplate":"https:\/\/fadeu.urantiacos.cl\/en\/?s={search_term_string}"},"query-input":{"@type":"PropertyValueSpecification","valueRequired":true,"valueName":"search_term_string"}}],"inLanguage":"en-US"},{"@type":"Person","@id":"https:\/\/fadeu.urantiacos.cl\/en\/#\/schema\/person\/d203e2e84b1c40275eac77b3061a19a2","name":"manadmin","image":{"@type":"ImageObject","inLanguage":"en-US","@id":"https:\/\/fadeu.urantiacos.cl\/en\/#\/schema\/person\/image\/","url":"https:\/\/secure.gravatar.com\/avatar\/4b1d8e3303b4a9d8968ac578947d8bc80d9aea359f388cdd4aac15cadc0e8447?s=96&d=mm&r=g","contentUrl":"https:\/\/secure.gravatar.com\/avatar\/4b1d8e3303b4a9d8968ac578947d8bc80d9aea359f388cdd4aac15cadc0e8447?s=96&d=mm&r=g","caption":"manadmin"},"sameAs":["https:\/\/fadeu.urantiacos.cl"]}]}},"_links":{"self":[{"href":"https:\/\/fadeu.urantiacos.cl\/en\/wp-json\/wp\/v2\/posts\/8252","targetHints":{"allow":["GET"]}}],"collection":[{"href":"https:\/\/fadeu.urantiacos.cl\/en\/wp-json\/wp\/v2\/posts"}],"about":[{"href":"https:\/\/fadeu.urantiacos.cl\/en\/wp-json\/wp\/v2\/types\/post"}],"author":[{"embeddable":true,"href":"https:\/\/fadeu.urantiacos.cl\/en\/wp-json\/wp\/v2\/users\/1"}],"replies":[{"embeddable":true,"href":"https:\/\/fadeu.urantiacos.cl\/en\/wp-json\/wp\/v2\/comments?post=8252"}],"version-history":[{"count":1,"href":"https:\/\/fadeu.urantiacos.cl\/en\/wp-json\/wp\/v2\/posts\/8252\/revisions"}],"predecessor-version":[{"id":8255,"href":"https:\/\/fadeu.urantiacos.cl\/en\/wp-json\/wp\/v2\/posts\/8252\/revisions\/8255"}],"wp:featuredmedia":[{"embeddable":true,"href":"https:\/\/fadeu.urantiacos.cl\/en\/wp-json\/wp\/v2\/media\/8254"}],"wp:attachment":[{"href":"https:\/\/fadeu.urantiacos.cl\/en\/wp-json\/wp\/v2\/media?parent=8252"}],"wp:term":[{"taxonomy":"category","embeddable":true,"href":"https:\/\/fadeu.urantiacos.cl\/en\/wp-json\/wp\/v2\/categories?post=8252"},{"taxonomy":"post_tag","embeddable":true,"href":"https:\/\/fadeu.urantiacos.cl\/en\/wp-json\/wp\/v2\/tags?post=8252"}],"curies":[{"name":"wp","href":"https:\/\/api.w.org\/{rel}","templated":true}]}}