{"id":8236,"date":"2020-09-20T16:41:00","date_gmt":"2020-09-20T19:41:00","guid":{"rendered":"https:\/\/fadeu.urantiacos.cl\/?p=8236"},"modified":"2023-09-10T16:42:36","modified_gmt":"2023-09-10T19:42:36","slug":"luis-eduardo-bresciani-y-ricardo-hurtubia-participaron-en-seminario-de-lo-barnechea","status":"publish","type":"post","link":"https:\/\/fadeu.urantiacos.cl\/en\/2020\/09\/20\/luis-eduardo-bresciani-y-ricardo-hurtubia-participaron-en-seminario-de-lo-barnechea\/","title":{"rendered":"Luis Eduardo Bresciani y Ricardo Hurtubia participaron en seminario de Lo Barnechea"},"content":{"rendered":"\n<figure class=\"wp-block-image size-full\"><img decoding=\"async\" width=\"350\" height=\"250\" src=\"https:\/\/fadeu.urantiacos.cl\/wp-content\/uploads\/2023\/09\/charla_lo_barnechea_web.jpg\" alt=\"\" class=\"wp-image-8237\" srcset=\"https:\/\/fadeu.urantiacos.cl\/wp-content\/uploads\/2023\/09\/charla_lo_barnechea_web.jpg 350w, https:\/\/fadeu.urantiacos.cl\/wp-content\/uploads\/2023\/09\/charla_lo_barnechea_web-300x214.jpg 300w\" sizes=\"(max-width: 350px) 100vw, 350px\" \/><\/figure>\n\n\n\n<p>La municipalidad organiz\u00f3 el seminario en el marco del proceso de actualizaci\u00f3n del Plan Regulador Comunal para tratar los desaf\u00edos presentes y futuros en calidad de vida y planificaci\u00f3n urbana. Con invitados especialistas en materia de urbanismo, movilidad e integraci\u00f3n, se convers\u00f3 sobre la visi\u00f3n que se tiene para la ciudad y para la comuna.<\/p>\n\n\n\n<p>El director, adem\u00e1s de agradecer la oportunidad de vincular las comunas con las universidades, habl\u00f3 sobre la \u201cCiudad del futuro\u201d, en las que se buscar\u00eda planificar con &#8220;calidad de vida urbana&#8221;. Bresciani destac\u00f3 que Lo Barnechea \u201ca pesar de que est\u00e9 caracterizada dentro de la ciudad como una comuna de altos ingresos, es una comuna que tambi\u00e9n muestra niveles de diversidad, y el plan debiera atender a esas necesidades de diversos tipos de estratos sociales, pero tambi\u00e9n de diversos tipos de estratos etarios\u201d. El director tambi\u00e9n abord\u00f3 la alta motorizaci\u00f3n de la comuna, explicando los problemas que puede producir el transporte privado en la calidad de vida urbana, la importancia de la planificaci\u00f3n ambiental y de una ciudad compacta.<\/p>\n\n\n\n<p>Ricardo Hurtubia, por otro lado, tambi\u00e9n se enfoc\u00f3 en el tema del transporte, abriendo su presentaci\u00f3n con la pregunta: &#8220;\u00bfC\u00f3mo nos bajamos del auto?&#8221;, profundizando en los desaf\u00edos de una movilidad sostenible en la zona oriente de la capital. Lo Barnechea tiene un 52% de uso de autom\u00f3vil frente a cualquier otro tipo de movilidad, lo que, para Hurtubia, \u201cno es muy deseable ni para el resto de la ciudad, ni para Lo Barnechea mismo\u201d. Tras mostrar una serie de datos y explicar los motivos que pueden estar incentivando el transporte motorizado privado, el acad\u00e9mico llam\u00f3 a trabajar hacia una \u201cmovilidad activa y un desincentivo al uso del auto\u201d.<\/p>\n\n\n\n<p>Noticias<br>Contacto:&nbsp;<a href=\"mailto:redesarq@uc.cl\">redesarq@uc.cl<\/a>&nbsp;| +56 2 2354 7747<br>www.arquitectura.uc.cl&nbsp;<\/p>\n","protected":false},"excerpt":{"rendered":"<p>\u201cLa comuna que queremos: Lo Barnechea, presente y futuro urbano\u201d, fue el foro al que invitaron a conversar al director ARQ UC, junto al profesor ARQ UC Ricardo Hurtubia; el alcalde de la comuna, Crist\u00f3bal Lira; la soci\u00f3loga P\u00eda Mora, y la directora de asesor\u00eda urbana de la municipalidad, Francisca Celis.<\/p>\n","protected":false},"author":1,"featured_media":8237,"comment_status":"open","ping_status":"open","sticky":false,"template":"","format":"standard","meta":{"_acf_changed":false,"footnotes":""},"categories":[1],"tags":[],"class_list":["post-8236","post","type-post","status-publish","format-standard","has-post-thumbnail","hentry","category-sin-categorizar"],"acf":[],"yoast_head":"<!-- This site is optimized with the Yoast SEO plugin v27.1.1 - https:\/\/yoast.com\/product\/yoast-seo-wordpress\/ -->\n<title>Luis Eduardo Bresciani y Ricardo Hurtubia participaron en seminario de Lo Barnechea - Facultad de Arquitectura, Dise\u00f1o y Estudios Urbanos<\/title>\n<meta name=\"description\" content=\"\u201cLa comuna que queremos: Lo Barnechea, presente y futuro urbano\u201d, fue el foro al que invitaron a conversar al director ARQ UC, junto al profesor ARQ UC Ricardo Hurtubia; el alcalde de la comuna, Crist\u00f3bal Lira; la soci\u00f3loga P\u00eda Mora, y la directora de asesor\u00eda urbana de la municipalidad, Francisca Celis.\" \/>\n<meta name=\"robots\" content=\"index, follow, max-snippet:-1, max-image-preview:large, max-video-preview:-1\" \/>\n<link rel=\"canonical\" href=\"https:\/\/fadeu.urantiacos.cl\/en\/2020\/09\/20\/luis-eduardo-bresciani-y-ricardo-hurtubia-participaron-en-seminario-de-lo-barnechea\/\" \/>\n<meta property=\"og:locale\" content=\"en_US\" \/>\n<meta property=\"og:type\" content=\"article\" \/>\n<meta property=\"og:title\" content=\"Luis Eduardo Bresciani y Ricardo Hurtubia participaron en seminario de Lo Barnechea - Facultad de Arquitectura, Dise\u00f1o y Estudios Urbanos\" \/>\n<meta property=\"og:description\" content=\"\u201cLa comuna que queremos: Lo Barnechea, presente y futuro urbano\u201d, fue el foro al que invitaron a conversar al director ARQ UC, junto al profesor ARQ UC Ricardo Hurtubia; el alcalde de la comuna, Crist\u00f3bal Lira; la soci\u00f3loga P\u00eda Mora, y la directora de asesor\u00eda urbana de la municipalidad, Francisca Celis.\" \/>\n<meta property=\"og:url\" content=\"https:\/\/fadeu.urantiacos.cl\/en\/2020\/09\/20\/luis-eduardo-bresciani-y-ricardo-hurtubia-participaron-en-seminario-de-lo-barnechea\/\" \/>\n<meta property=\"og:site_name\" content=\"Facultad de Arquitectura, Dise\u00f1o y Estudios Urbanos\" \/>\n<meta property=\"article:published_time\" content=\"2020-09-20T19:41:00+00:00\" \/>\n<meta property=\"article:modified_time\" content=\"2023-09-10T19:42:36+00:00\" \/>\n<meta property=\"og:image\" content=\"https:\/\/fadeu.urantiacos.cl\/wp-content\/uploads\/2023\/09\/charla_lo_barnechea_web.jpg\" \/>\n\t<meta property=\"og:image:width\" content=\"350\" \/>\n\t<meta property=\"og:image:height\" content=\"250\" \/>\n\t<meta property=\"og:image:type\" content=\"image\/jpeg\" \/>\n<meta name=\"author\" content=\"manadmin\" \/>\n<meta name=\"twitter:card\" content=\"summary_large_image\" \/>\n<meta name=\"twitter:label1\" content=\"Written by\" \/>\n\t<meta name=\"twitter:data1\" content=\"manadmin\" \/>\n\t<meta name=\"twitter:label2\" content=\"Est. reading time\" \/>\n\t<meta name=\"twitter:data2\" content=\"2 minutes\" \/>\n<script type=\"application\/ld+json\" class=\"yoast-schema-graph\">{\"@context\":\"https:\/\/schema.org\",\"@graph\":[{\"@type\":\"Article\",\"@id\":\"https:\/\/fadeu.urantiacos.cl\/en\/2020\/09\/20\/luis-eduardo-bresciani-y-ricardo-hurtubia-participaron-en-seminario-de-lo-barnechea\/#article\",\"isPartOf\":{\"@id\":\"https:\/\/fadeu.urantiacos.cl\/en\/2020\/09\/20\/luis-eduardo-bresciani-y-ricardo-hurtubia-participaron-en-seminario-de-lo-barnechea\/\"},\"author\":{\"name\":\"manadmin\",\"@id\":\"https:\/\/fadeu.urantiacos.cl\/en\/#\/schema\/person\/d203e2e84b1c40275eac77b3061a19a2\"},\"headline\":\"Luis Eduardo Bresciani y Ricardo Hurtubia participaron en seminario de Lo Barnechea\",\"datePublished\":\"2020-09-20T19:41:00+00:00\",\"dateModified\":\"2023-09-10T19:42:36+00:00\",\"mainEntityOfPage\":{\"@id\":\"https:\/\/fadeu.urantiacos.cl\/en\/2020\/09\/20\/luis-eduardo-bresciani-y-ricardo-hurtubia-participaron-en-seminario-de-lo-barnechea\/\"},\"wordCount\":323,\"commentCount\":0,\"image\":{\"@id\":\"https:\/\/fadeu.urantiacos.cl\/en\/2020\/09\/20\/luis-eduardo-bresciani-y-ricardo-hurtubia-participaron-en-seminario-de-lo-barnechea\/#primaryimage\"},\"thumbnailUrl\":\"https:\/\/fadeu.urantiacos.cl\/wp-content\/uploads\/2023\/09\/charla_lo_barnechea_web.jpg\",\"articleSection\":[\"Sin categorizar\"],\"inLanguage\":\"en-US\",\"potentialAction\":[{\"@type\":\"CommentAction\",\"name\":\"Comment\",\"target\":[\"https:\/\/fadeu.urantiacos.cl\/en\/2020\/09\/20\/luis-eduardo-bresciani-y-ricardo-hurtubia-participaron-en-seminario-de-lo-barnechea\/#respond\"]}]},{\"@type\":\"WebPage\",\"@id\":\"https:\/\/fadeu.urantiacos.cl\/en\/2020\/09\/20\/luis-eduardo-bresciani-y-ricardo-hurtubia-participaron-en-seminario-de-lo-barnechea\/\",\"url\":\"https:\/\/fadeu.urantiacos.cl\/en\/2020\/09\/20\/luis-eduardo-bresciani-y-ricardo-hurtubia-participaron-en-seminario-de-lo-barnechea\/\",\"name\":\"Luis Eduardo Bresciani y Ricardo Hurtubia participaron en seminario de Lo Barnechea - Facultad de Arquitectura, Dise\u00f1o y Estudios Urbanos\",\"isPartOf\":{\"@id\":\"https:\/\/fadeu.urantiacos.cl\/en\/#website\"},\"primaryImageOfPage\":{\"@id\":\"https:\/\/fadeu.urantiacos.cl\/en\/2020\/09\/20\/luis-eduardo-bresciani-y-ricardo-hurtubia-participaron-en-seminario-de-lo-barnechea\/#primaryimage\"},\"image\":{\"@id\":\"https:\/\/fadeu.urantiacos.cl\/en\/2020\/09\/20\/luis-eduardo-bresciani-y-ricardo-hurtubia-participaron-en-seminario-de-lo-barnechea\/#primaryimage\"},\"thumbnailUrl\":\"https:\/\/fadeu.urantiacos.cl\/wp-content\/uploads\/2023\/09\/charla_lo_barnechea_web.jpg\",\"datePublished\":\"2020-09-20T19:41:00+00:00\",\"dateModified\":\"2023-09-10T19:42:36+00:00\",\"author\":{\"@id\":\"https:\/\/fadeu.urantiacos.cl\/en\/#\/schema\/person\/d203e2e84b1c40275eac77b3061a19a2\"},\"description\":\"\u201cLa comuna que queremos: Lo Barnechea, presente y futuro urbano\u201d, fue el foro al que invitaron a conversar al director ARQ UC, junto al profesor ARQ UC Ricardo Hurtubia; el alcalde de la comuna, Crist\u00f3bal Lira; la soci\u00f3loga P\u00eda Mora, y la directora de asesor\u00eda urbana de la municipalidad, Francisca Celis.\",\"breadcrumb\":{\"@id\":\"https:\/\/fadeu.urantiacos.cl\/en\/2020\/09\/20\/luis-eduardo-bresciani-y-ricardo-hurtubia-participaron-en-seminario-de-lo-barnechea\/#breadcrumb\"},\"inLanguage\":\"en-US\",\"potentialAction\":[{\"@type\":\"ReadAction\",\"target\":[\"https:\/\/fadeu.urantiacos.cl\/en\/2020\/09\/20\/luis-eduardo-bresciani-y-ricardo-hurtubia-participaron-en-seminario-de-lo-barnechea\/\"]}]},{\"@type\":\"ImageObject\",\"inLanguage\":\"en-US\",\"@id\":\"https:\/\/fadeu.urantiacos.cl\/en\/2020\/09\/20\/luis-eduardo-bresciani-y-ricardo-hurtubia-participaron-en-seminario-de-lo-barnechea\/#primaryimage\",\"url\":\"https:\/\/fadeu.urantiacos.cl\/wp-content\/uploads\/2023\/09\/charla_lo_barnechea_web.jpg\",\"contentUrl\":\"https:\/\/fadeu.urantiacos.cl\/wp-content\/uploads\/2023\/09\/charla_lo_barnechea_web.jpg\",\"width\":350,\"height\":250},{\"@type\":\"BreadcrumbList\",\"@id\":\"https:\/\/fadeu.urantiacos.cl\/en\/2020\/09\/20\/luis-eduardo-bresciani-y-ricardo-hurtubia-participaron-en-seminario-de-lo-barnechea\/#breadcrumb\",\"itemListElement\":[{\"@type\":\"ListItem\",\"position\":1,\"name\":\"Portada\",\"item\":\"https:\/\/fadeu.urantiacos.cl\/en\/\"},{\"@type\":\"ListItem\",\"position\":2,\"name\":\"Luis Eduardo Bresciani y Ricardo Hurtubia participaron en seminario de Lo Barnechea\"}]},{\"@type\":\"WebSite\",\"@id\":\"https:\/\/fadeu.urantiacos.cl\/en\/#website\",\"url\":\"https:\/\/fadeu.urantiacos.cl\/en\/\",\"name\":\"Facultad de Arquitectura, Dise\u00f1o y Estudios Urbanos\",\"description\":\"Campus Lo Contador\",\"potentialAction\":[{\"@type\":\"SearchAction\",\"target\":{\"@type\":\"EntryPoint\",\"urlTemplate\":\"https:\/\/fadeu.urantiacos.cl\/en\/?s={search_term_string}\"},\"query-input\":{\"@type\":\"PropertyValueSpecification\",\"valueRequired\":true,\"valueName\":\"search_term_string\"}}],\"inLanguage\":\"en-US\"},{\"@type\":\"Person\",\"@id\":\"https:\/\/fadeu.urantiacos.cl\/en\/#\/schema\/person\/d203e2e84b1c40275eac77b3061a19a2\",\"name\":\"manadmin\",\"image\":{\"@type\":\"ImageObject\",\"inLanguage\":\"en-US\",\"@id\":\"https:\/\/fadeu.urantiacos.cl\/en\/#\/schema\/person\/image\/\",\"url\":\"https:\/\/secure.gravatar.com\/avatar\/4b1d8e3303b4a9d8968ac578947d8bc80d9aea359f388cdd4aac15cadc0e8447?s=96&d=mm&r=g\",\"contentUrl\":\"https:\/\/secure.gravatar.com\/avatar\/4b1d8e3303b4a9d8968ac578947d8bc80d9aea359f388cdd4aac15cadc0e8447?s=96&d=mm&r=g\",\"caption\":\"manadmin\"},\"sameAs\":[\"https:\/\/fadeu.urantiacos.cl\"]}]}<\/script>\n<!-- \/ Yoast SEO plugin. -->","yoast_head_json":{"title":"Luis Eduardo Bresciani y Ricardo Hurtubia participaron en seminario de Lo Barnechea - Facultad de Arquitectura, Dise\u00f1o y Estudios Urbanos","description":"\u201cLa comuna que queremos: Lo Barnechea, presente y futuro urbano\u201d, fue el foro al que invitaron a conversar al director ARQ UC, junto al profesor ARQ UC Ricardo Hurtubia; el alcalde de la comuna, Crist\u00f3bal Lira; la soci\u00f3loga P\u00eda Mora, y la directora de asesor\u00eda urbana de la municipalidad, Francisca Celis.","robots":{"index":"index","follow":"follow","max-snippet":"max-snippet:-1","max-image-preview":"max-image-preview:large","max-video-preview":"max-video-preview:-1"},"canonical":"https:\/\/fadeu.urantiacos.cl\/en\/2020\/09\/20\/luis-eduardo-bresciani-y-ricardo-hurtubia-participaron-en-seminario-de-lo-barnechea\/","og_locale":"en_US","og_type":"article","og_title":"Luis Eduardo Bresciani y Ricardo Hurtubia participaron en seminario de Lo Barnechea - Facultad de Arquitectura, Dise\u00f1o y Estudios Urbanos","og_description":"\u201cLa comuna que queremos: Lo Barnechea, presente y futuro urbano\u201d, fue el foro al que invitaron a conversar al director ARQ UC, junto al profesor ARQ UC Ricardo Hurtubia; el alcalde de la comuna, Crist\u00f3bal Lira; la soci\u00f3loga P\u00eda Mora, y la directora de asesor\u00eda urbana de la municipalidad, Francisca Celis.","og_url":"https:\/\/fadeu.urantiacos.cl\/en\/2020\/09\/20\/luis-eduardo-bresciani-y-ricardo-hurtubia-participaron-en-seminario-de-lo-barnechea\/","og_site_name":"Facultad de Arquitectura, Dise\u00f1o y Estudios Urbanos","article_published_time":"2020-09-20T19:41:00+00:00","article_modified_time":"2023-09-10T19:42:36+00:00","og_image":[{"width":350,"height":250,"url":"https:\/\/fadeu.urantiacos.cl\/wp-content\/uploads\/2023\/09\/charla_lo_barnechea_web.jpg","type":"image\/jpeg"}],"author":"manadmin","twitter_card":"summary_large_image","twitter_misc":{"Written by":"manadmin","Est. reading time":"2 minutes"},"schema":{"@context":"https:\/\/schema.org","@graph":[{"@type":"Article","@id":"https:\/\/fadeu.urantiacos.cl\/en\/2020\/09\/20\/luis-eduardo-bresciani-y-ricardo-hurtubia-participaron-en-seminario-de-lo-barnechea\/#article","isPartOf":{"@id":"https:\/\/fadeu.urantiacos.cl\/en\/2020\/09\/20\/luis-eduardo-bresciani-y-ricardo-hurtubia-participaron-en-seminario-de-lo-barnechea\/"},"author":{"name":"manadmin","@id":"https:\/\/fadeu.urantiacos.cl\/en\/#\/schema\/person\/d203e2e84b1c40275eac77b3061a19a2"},"headline":"Luis Eduardo Bresciani y Ricardo Hurtubia participaron en seminario de Lo Barnechea","datePublished":"2020-09-20T19:41:00+00:00","dateModified":"2023-09-10T19:42:36+00:00","mainEntityOfPage":{"@id":"https:\/\/fadeu.urantiacos.cl\/en\/2020\/09\/20\/luis-eduardo-bresciani-y-ricardo-hurtubia-participaron-en-seminario-de-lo-barnechea\/"},"wordCount":323,"commentCount":0,"image":{"@id":"https:\/\/fadeu.urantiacos.cl\/en\/2020\/09\/20\/luis-eduardo-bresciani-y-ricardo-hurtubia-participaron-en-seminario-de-lo-barnechea\/#primaryimage"},"thumbnailUrl":"https:\/\/fadeu.urantiacos.cl\/wp-content\/uploads\/2023\/09\/charla_lo_barnechea_web.jpg","articleSection":["Sin categorizar"],"inLanguage":"en-US","potentialAction":[{"@type":"CommentAction","name":"Comment","target":["https:\/\/fadeu.urantiacos.cl\/en\/2020\/09\/20\/luis-eduardo-bresciani-y-ricardo-hurtubia-participaron-en-seminario-de-lo-barnechea\/#respond"]}]},{"@type":"WebPage","@id":"https:\/\/fadeu.urantiacos.cl\/en\/2020\/09\/20\/luis-eduardo-bresciani-y-ricardo-hurtubia-participaron-en-seminario-de-lo-barnechea\/","url":"https:\/\/fadeu.urantiacos.cl\/en\/2020\/09\/20\/luis-eduardo-bresciani-y-ricardo-hurtubia-participaron-en-seminario-de-lo-barnechea\/","name":"Luis Eduardo Bresciani y Ricardo Hurtubia participaron en seminario de Lo Barnechea - Facultad de Arquitectura, Dise\u00f1o y Estudios Urbanos","isPartOf":{"@id":"https:\/\/fadeu.urantiacos.cl\/en\/#website"},"primaryImageOfPage":{"@id":"https:\/\/fadeu.urantiacos.cl\/en\/2020\/09\/20\/luis-eduardo-bresciani-y-ricardo-hurtubia-participaron-en-seminario-de-lo-barnechea\/#primaryimage"},"image":{"@id":"https:\/\/fadeu.urantiacos.cl\/en\/2020\/09\/20\/luis-eduardo-bresciani-y-ricardo-hurtubia-participaron-en-seminario-de-lo-barnechea\/#primaryimage"},"thumbnailUrl":"https:\/\/fadeu.urantiacos.cl\/wp-content\/uploads\/2023\/09\/charla_lo_barnechea_web.jpg","datePublished":"2020-09-20T19:41:00+00:00","dateModified":"2023-09-10T19:42:36+00:00","author":{"@id":"https:\/\/fadeu.urantiacos.cl\/en\/#\/schema\/person\/d203e2e84b1c40275eac77b3061a19a2"},"description":"\u201cLa comuna que queremos: Lo Barnechea, presente y futuro urbano\u201d, fue el foro al que invitaron a conversar al director ARQ UC, junto al profesor ARQ UC Ricardo Hurtubia; el alcalde de la comuna, Crist\u00f3bal Lira; la soci\u00f3loga P\u00eda Mora, y la directora de asesor\u00eda urbana de la municipalidad, Francisca Celis.","breadcrumb":{"@id":"https:\/\/fadeu.urantiacos.cl\/en\/2020\/09\/20\/luis-eduardo-bresciani-y-ricardo-hurtubia-participaron-en-seminario-de-lo-barnechea\/#breadcrumb"},"inLanguage":"en-US","potentialAction":[{"@type":"ReadAction","target":["https:\/\/fadeu.urantiacos.cl\/en\/2020\/09\/20\/luis-eduardo-bresciani-y-ricardo-hurtubia-participaron-en-seminario-de-lo-barnechea\/"]}]},{"@type":"ImageObject","inLanguage":"en-US","@id":"https:\/\/fadeu.urantiacos.cl\/en\/2020\/09\/20\/luis-eduardo-bresciani-y-ricardo-hurtubia-participaron-en-seminario-de-lo-barnechea\/#primaryimage","url":"https:\/\/fadeu.urantiacos.cl\/wp-content\/uploads\/2023\/09\/charla_lo_barnechea_web.jpg","contentUrl":"https:\/\/fadeu.urantiacos.cl\/wp-content\/uploads\/2023\/09\/charla_lo_barnechea_web.jpg","width":350,"height":250},{"@type":"BreadcrumbList","@id":"https:\/\/fadeu.urantiacos.cl\/en\/2020\/09\/20\/luis-eduardo-bresciani-y-ricardo-hurtubia-participaron-en-seminario-de-lo-barnechea\/#breadcrumb","itemListElement":[{"@type":"ListItem","position":1,"name":"Portada","item":"https:\/\/fadeu.urantiacos.cl\/en\/"},{"@type":"ListItem","position":2,"name":"Luis Eduardo Bresciani y Ricardo Hurtubia participaron en seminario de Lo Barnechea"}]},{"@type":"WebSite","@id":"https:\/\/fadeu.urantiacos.cl\/en\/#website","url":"https:\/\/fadeu.urantiacos.cl\/en\/","name":"Facultad de Arquitectura, Dise\u00f1o y Estudios Urbanos","description":"Campus Lo Contador","potentialAction":[{"@type":"SearchAction","target":{"@type":"EntryPoint","urlTemplate":"https:\/\/fadeu.urantiacos.cl\/en\/?s={search_term_string}"},"query-input":{"@type":"PropertyValueSpecification","valueRequired":true,"valueName":"search_term_string"}}],"inLanguage":"en-US"},{"@type":"Person","@id":"https:\/\/fadeu.urantiacos.cl\/en\/#\/schema\/person\/d203e2e84b1c40275eac77b3061a19a2","name":"manadmin","image":{"@type":"ImageObject","inLanguage":"en-US","@id":"https:\/\/fadeu.urantiacos.cl\/en\/#\/schema\/person\/image\/","url":"https:\/\/secure.gravatar.com\/avatar\/4b1d8e3303b4a9d8968ac578947d8bc80d9aea359f388cdd4aac15cadc0e8447?s=96&d=mm&r=g","contentUrl":"https:\/\/secure.gravatar.com\/avatar\/4b1d8e3303b4a9d8968ac578947d8bc80d9aea359f388cdd4aac15cadc0e8447?s=96&d=mm&r=g","caption":"manadmin"},"sameAs":["https:\/\/fadeu.urantiacos.cl"]}]}},"_links":{"self":[{"href":"https:\/\/fadeu.urantiacos.cl\/en\/wp-json\/wp\/v2\/posts\/8236","targetHints":{"allow":["GET"]}}],"collection":[{"href":"https:\/\/fadeu.urantiacos.cl\/en\/wp-json\/wp\/v2\/posts"}],"about":[{"href":"https:\/\/fadeu.urantiacos.cl\/en\/wp-json\/wp\/v2\/types\/post"}],"author":[{"embeddable":true,"href":"https:\/\/fadeu.urantiacos.cl\/en\/wp-json\/wp\/v2\/users\/1"}],"replies":[{"embeddable":true,"href":"https:\/\/fadeu.urantiacos.cl\/en\/wp-json\/wp\/v2\/comments?post=8236"}],"version-history":[{"count":1,"href":"https:\/\/fadeu.urantiacos.cl\/en\/wp-json\/wp\/v2\/posts\/8236\/revisions"}],"predecessor-version":[{"id":8238,"href":"https:\/\/fadeu.urantiacos.cl\/en\/wp-json\/wp\/v2\/posts\/8236\/revisions\/8238"}],"wp:featuredmedia":[{"embeddable":true,"href":"https:\/\/fadeu.urantiacos.cl\/en\/wp-json\/wp\/v2\/media\/8237"}],"wp:attachment":[{"href":"https:\/\/fadeu.urantiacos.cl\/en\/wp-json\/wp\/v2\/media?parent=8236"}],"wp:term":[{"taxonomy":"category","embeddable":true,"href":"https:\/\/fadeu.urantiacos.cl\/en\/wp-json\/wp\/v2\/categories?post=8236"},{"taxonomy":"post_tag","embeddable":true,"href":"https:\/\/fadeu.urantiacos.cl\/en\/wp-json\/wp\/v2\/tags?post=8236"}],"curies":[{"name":"wp","href":"https:\/\/api.w.org\/{rel}","templated":true}]}}