{"id":8233,"date":"2020-09-20T16:39:00","date_gmt":"2020-09-20T19:39:00","guid":{"rendered":"https:\/\/fadeu.urantiacos.cl\/?p=8233"},"modified":"2023-09-10T16:40:58","modified_gmt":"2023-09-10T19:40:58","slug":"como-sera-el-retorno-gradual-de-la-uc","status":"publish","type":"post","link":"https:\/\/fadeu.urantiacos.cl\/en\/2020\/09\/20\/como-sera-el-retorno-gradual-de-la-uc\/","title":{"rendered":"\u00bfC\u00f3mo ser\u00e1 el retorno gradual de la UC?"},"content":{"rendered":"\n<figure class=\"wp-block-image size-full\"><img decoding=\"async\" width=\"350\" height=\"250\" src=\"https:\/\/fadeu.urantiacos.cl\/wp-content\/uploads\/2023\/09\/img_8022-web.jpg\" alt=\"\" class=\"wp-image-8234\" srcset=\"https:\/\/fadeu.urantiacos.cl\/wp-content\/uploads\/2023\/09\/img_8022-web.jpg 350w, https:\/\/fadeu.urantiacos.cl\/wp-content\/uploads\/2023\/09\/img_8022-web-300x214.jpg 300w\" sizes=\"(max-width: 350px) 100vw, 350px\" \/><\/figure>\n\n\n\n<p>Querida Comunidad UC:<\/p>\n\n\n\n<p>Con mucha esperanza les hacemos llegar el tercer comunicado que contiene directrices adicionales para el retorno gradual. Esta informaci\u00f3n se relaciona con espacios f\u00edsicos espec\u00edficos y es fundamental para nuestra comunidad al integrarnos a la vida en los campus.<\/p>\n\n\n\n<p><a href=\"https:\/\/www.uc.cl\/site\/efs\/files\/11515\/directrices-generales-de-retorno-gradual-a-la-uc-comunicado3.pdf\" target=\"_blank\" rel=\"noreferrer noopener\">Comunicado 3<\/a><\/p>\n\n\n\n<p><a href=\"https:\/\/www.youtube.com\/watch?time_continue=5&amp;v=0R8vqwZnDv0&amp;feature=emb_logo\" target=\"_blank\" rel=\"noreferrer noopener\">Video Rector Ignacio S\u00e1nchez<\/a><\/p>\n\n\n\n<p>Queremos contarles que desde el 7 de septiembre se han realizado acciones de limpieza, desinfecci\u00f3n y sanitizaci\u00f3n de los espacios f\u00edsicos en todos nuestros campus.&nbsp;Se espera que estas labores finalicen el d\u00eda 17 de septiembre cuando nuestros campus estar\u00edan en condiciones de comenzar a recibir miembros de la comunidad.&nbsp;Adem\u00e1s, hemos trabajado con diferentes equipos en el an\u00e1lisis de las estrategias generales para la implementaci\u00f3n del retorno y los requerimientos espec\u00edficos en espacios de creaci\u00f3n e investigaci\u00f3n.<\/p>\n\n\n\n<p>Adicionalmente, se ha avanzado en la entrega de respuestas a las consultas que se reciben en&nbsp;<a href=\"mailto:covid@uc.cl\">covid@uc.cl<\/a>&nbsp;y en el desarrollo de capacitaciones para los futuros monitores COVID-UC. Cada unidad contar\u00e1 al menos con un monitor entrenado que apoyar\u00e1 la implementaci\u00f3n de nuestro plan de retorno y seguimiento de personas.<\/p>\n\n\n\n<p>En un futuro cercano tendremos disponible material audiovisual para una mejor comprensi\u00f3n de las medidas de autocuidado y para el chequeo diario de s\u00edntomas COVID y conductas de riesgo.<\/p>\n\n\n\n<p>Al inicio de cada semana, continuaremos manteniendo un contacto directo con la comunidad a trav\u00e9s de un mail informativo que ir\u00e1 actualizando del estado de avance del retorno gradual.<\/p>\n\n\n\n<p>Respecto de&nbsp;las fechas de este proceso hoy podemos informarles lo siguiente:<\/p>\n\n\n\n<ul class=\"wp-block-list\">\n<li>Continuamos en el Paso 1 de preparaci\u00f3n de los campus que finalizar\u00e1 el 17 de septiembre.<\/li>\n\n\n\n<li>El lunes 21 de septiembre iniciaremos una marcha blanca que considera el ingreso y trabajo de algunos investigadores definidos como prioritarios en sus unidades acad\u00e9micas e informados a la administraci\u00f3n del campus correspondiente.<\/li>\n\n\n\n<li>El lunes 28 de septiembre, daremos inicio al Paso 2 del plan de retorno gradual, con una nueva marcha blanca de tres semanas que considerar\u00e1 la participaci\u00f3n de algunos administrativos, acad\u00e9micos y profesionales, quienes de manera voluntaria y en coordinaci\u00f3n con sus respectivas unidades establecer\u00e1n un sistema de turnos con un m\u00e1ximo de participaci\u00f3n de un tercio de las personas de la unidad. Este per\u00edodo de tres semanas, si bien es voluntario, debe seguir el lineamiento de una semana de trabajo presencial seguido de dos semanas de trabajo remoto. La organizaci\u00f3n de los turnos se realizar\u00e1 de manera local e informando a la administraci\u00f3n del campus correspondiente y teniendo presente que existen funcionarios cuya presencia es cr\u00edtica para el funcionamiento del campus. La marcha blanca es clave para confirmar que est\u00e9n las condiciones requeridas para seguir avanzando.<\/li>\n\n\n\n<li>Postdoctorantes que requieran realizar actividades de investigaci\u00f3n prioritarias deber\u00e1n coordinar su participaci\u00f3n a trav\u00e9s de su profesor patrocinante, quien a su vez deber\u00e1 coordinarse con las autoridades de su unidad acad\u00e9mica.<\/li>\n\n\n\n<li>Asimismo, a partir del 28 de septiembre, las bibliotecas permitir\u00e1n el ingreso a investigadores y excepcionalmente a algunos estudiantes de postgrado que hayan sido autorizados y registrados por sus unidades en la administraci\u00f3n del campus para realizar actividades de investigaci\u00f3n.<\/li>\n\n\n\n<li>El lunes 19 de octubre, en caso de lograr un buen funcionamiento de los campus durante el per\u00edodo de marcha blanca y a su vez si las condiciones sanitarias lo permiten, se comenzar\u00e1 con el Paso 3 del retorno gradual. Dicho paso considera el inicio definitivo de turnos de profesionales, administrativos y acad\u00e9micos definidos por cada unidad, organiz\u00e1ndose en tres grupos de trabajo que realizar\u00e1n 1 semana de manera presencial y 2 semanas a distancia. Cada grupo no debe superar un tercio del total del \u00e1rea.<\/li>\n\n\n\n<li>El lunes 19 de octubre, tambi\u00e9n como inicio del Paso 3, un grupo limitado de estudiantes de pregrado y postgrado podr\u00eda retornar a los campus a actividades de docencia pr\u00e1ctica e investigaci\u00f3n. Los estudiantes programados para asistir ser\u00e1n informados directamente por sus unidades acad\u00e9micas. Es importante recordar que esto s\u00f3lo involucrar\u00e1 las actividades pr\u00e1cticas de ciertas asignaturas y no las clases lectivas que se mantendr\u00e1n en formato remoto para la totalidad de los cursos, a largo de todo el semestre.<\/li>\n<\/ul>\n\n\n\n<p>Les recordamos que las directrices generales deben ser trabajadas a nivel local en cada unidad de la Direcci\u00f3n Superior y de las facultades (a trav\u00e9s de sus decanos y directores Econ\u00f3micos y de Gesti\u00f3n), en un trabajo estrecho con los administradores de los campus y el Comit\u00e9 COVID-UC. Nuestro retorno est\u00e1 pensado de manera gradual, flexible y colaborativa por lo que es importante transmitir que semana a semana se estar\u00e1 evaluando la evoluci\u00f3n de la epidemia para poder tomar las decisiones adecuadas en el Comit\u00e9 COVID-UC, en el que participan representantes de todos los miembros y especialistas de Comunidad.<\/p>\n\n\n\n<p>Les recomendamos adem\u00e1s revisar los dos comunicados enviados con anterioridad que se refieren a la Iniciativa Covid-UC&nbsp;<a href=\"https:\/\/www.uc.cl\/site\/efs\/files\/11444\/directrices-generales-de-retorno-gradual-a-la-uc.pdf\" target=\"_blank\" rel=\"noreferrer noopener\">(Comunicado 1)<\/a>y a los d\u00edas en los campus de la UC&nbsp;<a href=\"https:\/\/www.uc.cl\/site\/efs\/files\/11480\/directrices-generales-de-retorno-gradual-a-la-uc-comunicado2.pdf\" target=\"_blank\" rel=\"noreferrer noopener\">(Comunicado 2)<\/a>.<\/p>\n\n\n\n<p>Un afectuoso saludo y feliz semana de fiestas patrias.<\/p>\n\n\n\n<p>Lilian Ferrer L.<br>Vicerrectora de Asuntos Internacionales<\/p>\n\n\n\n<p>M. Loreto Massan\u00e9s<br>Vicerrectora Econ\u00f3mica<\/p>\n\n\n\n<p>Fernando Purcell T.<br>Vicerrector Acad\u00e9mico<\/p>\n\n\n\n<p>Ignacio S\u00e1nchez D.<br>Rector UC<\/p>\n","protected":false},"excerpt":{"rendered":"<p>A trav\u00e9s de un mail dirigido a la Comunidad UC, se entregaron nuevas directrices del retorno gradual a nuestros campus. En la comunicaci\u00f3n se dan fechas de los pr\u00f3ximos pasos del proceso. A trav\u00e9s de un video, el rector Ignacio S\u00e1nchez, entrega detalles de c\u00f3mo ser\u00e1 este regreso de estudiantes, cuerpo acad\u00e9mico y funcionarios de la casa de estudios.<\/p>\n","protected":false},"author":1,"featured_media":8234,"comment_status":"open","ping_status":"open","sticky":false,"template":"","format":"standard","meta":{"_acf_changed":false,"footnotes":""},"categories":[1],"tags":[],"class_list":["post-8233","post","type-post","status-publish","format-standard","has-post-thumbnail","hentry","category-sin-categorizar"],"acf":[],"yoast_head":"<!-- This site is optimized with the Yoast SEO plugin v27.1.1 - https:\/\/yoast.com\/product\/yoast-seo-wordpress\/ -->\n<title>\u00bfC\u00f3mo ser\u00e1 el retorno gradual de la UC? - Facultad de Arquitectura, Dise\u00f1o y Estudios Urbanos<\/title>\n<meta name=\"description\" content=\"A trav\u00e9s de un mail dirigido a la Comunidad UC, se entregaron nuevas directrices del retorno gradual a nuestros campus. En la comunicaci\u00f3n se dan fechas de los pr\u00f3ximos pasos del proceso. A trav\u00e9s de un video, el rector Ignacio S\u00e1nchez, entrega detalles de c\u00f3mo ser\u00e1 este regreso de estudiantes, cuerpo acad\u00e9mico y funcionarios de la casa de estudios.\" \/>\n<meta name=\"robots\" content=\"index, follow, max-snippet:-1, max-image-preview:large, max-video-preview:-1\" \/>\n<link rel=\"canonical\" href=\"https:\/\/fadeu.urantiacos.cl\/en\/2020\/09\/20\/como-sera-el-retorno-gradual-de-la-uc\/\" \/>\n<meta property=\"og:locale\" content=\"en_US\" \/>\n<meta property=\"og:type\" content=\"article\" \/>\n<meta property=\"og:title\" content=\"\u00bfC\u00f3mo ser\u00e1 el retorno gradual de la UC? - Facultad de Arquitectura, Dise\u00f1o y Estudios Urbanos\" \/>\n<meta property=\"og:description\" content=\"A trav\u00e9s de un mail dirigido a la Comunidad UC, se entregaron nuevas directrices del retorno gradual a nuestros campus. En la comunicaci\u00f3n se dan fechas de los pr\u00f3ximos pasos del proceso. A trav\u00e9s de un video, el rector Ignacio S\u00e1nchez, entrega detalles de c\u00f3mo ser\u00e1 este regreso de estudiantes, cuerpo acad\u00e9mico y funcionarios de la casa de estudios.\" \/>\n<meta property=\"og:url\" content=\"https:\/\/fadeu.urantiacos.cl\/en\/2020\/09\/20\/como-sera-el-retorno-gradual-de-la-uc\/\" \/>\n<meta property=\"og:site_name\" content=\"Facultad de Arquitectura, Dise\u00f1o y Estudios Urbanos\" \/>\n<meta property=\"article:published_time\" content=\"2020-09-20T19:39:00+00:00\" \/>\n<meta property=\"article:modified_time\" content=\"2023-09-10T19:40:58+00:00\" \/>\n<meta property=\"og:image\" content=\"https:\/\/fadeu.urantiacos.cl\/wp-content\/uploads\/2023\/09\/img_8022-web.jpg\" \/>\n\t<meta property=\"og:image:width\" content=\"350\" \/>\n\t<meta property=\"og:image:height\" content=\"250\" \/>\n\t<meta property=\"og:image:type\" content=\"image\/jpeg\" \/>\n<meta name=\"author\" content=\"manadmin\" \/>\n<meta name=\"twitter:card\" content=\"summary_large_image\" \/>\n<meta name=\"twitter:label1\" content=\"Written by\" \/>\n\t<meta name=\"twitter:data1\" content=\"manadmin\" \/>\n\t<meta name=\"twitter:label2\" content=\"Est. reading time\" \/>\n\t<meta name=\"twitter:data2\" content=\"4 minutes\" \/>\n<script type=\"application\/ld+json\" class=\"yoast-schema-graph\">{\"@context\":\"https:\/\/schema.org\",\"@graph\":[{\"@type\":\"Article\",\"@id\":\"https:\/\/fadeu.urantiacos.cl\/en\/2020\/09\/20\/como-sera-el-retorno-gradual-de-la-uc\/#article\",\"isPartOf\":{\"@id\":\"https:\/\/fadeu.urantiacos.cl\/en\/2020\/09\/20\/como-sera-el-retorno-gradual-de-la-uc\/\"},\"author\":{\"name\":\"manadmin\",\"@id\":\"https:\/\/fadeu.urantiacos.cl\/en\/#\/schema\/person\/d203e2e84b1c40275eac77b3061a19a2\"},\"headline\":\"\u00bfC\u00f3mo ser\u00e1 el retorno gradual de la UC?\",\"datePublished\":\"2020-09-20T19:39:00+00:00\",\"dateModified\":\"2023-09-10T19:40:58+00:00\",\"mainEntityOfPage\":{\"@id\":\"https:\/\/fadeu.urantiacos.cl\/en\/2020\/09\/20\/como-sera-el-retorno-gradual-de-la-uc\/\"},\"wordCount\":895,\"commentCount\":0,\"image\":{\"@id\":\"https:\/\/fadeu.urantiacos.cl\/en\/2020\/09\/20\/como-sera-el-retorno-gradual-de-la-uc\/#primaryimage\"},\"thumbnailUrl\":\"https:\/\/fadeu.urantiacos.cl\/wp-content\/uploads\/2023\/09\/img_8022-web.jpg\",\"articleSection\":[\"Sin categorizar\"],\"inLanguage\":\"en-US\",\"potentialAction\":[{\"@type\":\"CommentAction\",\"name\":\"Comment\",\"target\":[\"https:\/\/fadeu.urantiacos.cl\/en\/2020\/09\/20\/como-sera-el-retorno-gradual-de-la-uc\/#respond\"]}]},{\"@type\":\"WebPage\",\"@id\":\"https:\/\/fadeu.urantiacos.cl\/en\/2020\/09\/20\/como-sera-el-retorno-gradual-de-la-uc\/\",\"url\":\"https:\/\/fadeu.urantiacos.cl\/en\/2020\/09\/20\/como-sera-el-retorno-gradual-de-la-uc\/\",\"name\":\"\u00bfC\u00f3mo ser\u00e1 el retorno gradual de la UC? - Facultad de Arquitectura, Dise\u00f1o y Estudios Urbanos\",\"isPartOf\":{\"@id\":\"https:\/\/fadeu.urantiacos.cl\/en\/#website\"},\"primaryImageOfPage\":{\"@id\":\"https:\/\/fadeu.urantiacos.cl\/en\/2020\/09\/20\/como-sera-el-retorno-gradual-de-la-uc\/#primaryimage\"},\"image\":{\"@id\":\"https:\/\/fadeu.urantiacos.cl\/en\/2020\/09\/20\/como-sera-el-retorno-gradual-de-la-uc\/#primaryimage\"},\"thumbnailUrl\":\"https:\/\/fadeu.urantiacos.cl\/wp-content\/uploads\/2023\/09\/img_8022-web.jpg\",\"datePublished\":\"2020-09-20T19:39:00+00:00\",\"dateModified\":\"2023-09-10T19:40:58+00:00\",\"author\":{\"@id\":\"https:\/\/fadeu.urantiacos.cl\/en\/#\/schema\/person\/d203e2e84b1c40275eac77b3061a19a2\"},\"description\":\"A trav\u00e9s de un mail dirigido a la Comunidad UC, se entregaron nuevas directrices del retorno gradual a nuestros campus. En la comunicaci\u00f3n se dan fechas de los pr\u00f3ximos pasos del proceso. A trav\u00e9s de un video, el rector Ignacio S\u00e1nchez, entrega detalles de c\u00f3mo ser\u00e1 este regreso de estudiantes, cuerpo acad\u00e9mico y funcionarios de la casa de estudios.\",\"breadcrumb\":{\"@id\":\"https:\/\/fadeu.urantiacos.cl\/en\/2020\/09\/20\/como-sera-el-retorno-gradual-de-la-uc\/#breadcrumb\"},\"inLanguage\":\"en-US\",\"potentialAction\":[{\"@type\":\"ReadAction\",\"target\":[\"https:\/\/fadeu.urantiacos.cl\/en\/2020\/09\/20\/como-sera-el-retorno-gradual-de-la-uc\/\"]}]},{\"@type\":\"ImageObject\",\"inLanguage\":\"en-US\",\"@id\":\"https:\/\/fadeu.urantiacos.cl\/en\/2020\/09\/20\/como-sera-el-retorno-gradual-de-la-uc\/#primaryimage\",\"url\":\"https:\/\/fadeu.urantiacos.cl\/wp-content\/uploads\/2023\/09\/img_8022-web.jpg\",\"contentUrl\":\"https:\/\/fadeu.urantiacos.cl\/wp-content\/uploads\/2023\/09\/img_8022-web.jpg\",\"width\":350,\"height\":250},{\"@type\":\"BreadcrumbList\",\"@id\":\"https:\/\/fadeu.urantiacos.cl\/en\/2020\/09\/20\/como-sera-el-retorno-gradual-de-la-uc\/#breadcrumb\",\"itemListElement\":[{\"@type\":\"ListItem\",\"position\":1,\"name\":\"Portada\",\"item\":\"https:\/\/fadeu.urantiacos.cl\/en\/\"},{\"@type\":\"ListItem\",\"position\":2,\"name\":\"\u00bfC\u00f3mo ser\u00e1 el retorno gradual de la UC?\"}]},{\"@type\":\"WebSite\",\"@id\":\"https:\/\/fadeu.urantiacos.cl\/en\/#website\",\"url\":\"https:\/\/fadeu.urantiacos.cl\/en\/\",\"name\":\"Facultad de Arquitectura, Dise\u00f1o y Estudios Urbanos\",\"description\":\"Campus Lo Contador\",\"potentialAction\":[{\"@type\":\"SearchAction\",\"target\":{\"@type\":\"EntryPoint\",\"urlTemplate\":\"https:\/\/fadeu.urantiacos.cl\/en\/?s={search_term_string}\"},\"query-input\":{\"@type\":\"PropertyValueSpecification\",\"valueRequired\":true,\"valueName\":\"search_term_string\"}}],\"inLanguage\":\"en-US\"},{\"@type\":\"Person\",\"@id\":\"https:\/\/fadeu.urantiacos.cl\/en\/#\/schema\/person\/d203e2e84b1c40275eac77b3061a19a2\",\"name\":\"manadmin\",\"image\":{\"@type\":\"ImageObject\",\"inLanguage\":\"en-US\",\"@id\":\"https:\/\/fadeu.urantiacos.cl\/en\/#\/schema\/person\/image\/\",\"url\":\"https:\/\/secure.gravatar.com\/avatar\/4b1d8e3303b4a9d8968ac578947d8bc80d9aea359f388cdd4aac15cadc0e8447?s=96&d=mm&r=g\",\"contentUrl\":\"https:\/\/secure.gravatar.com\/avatar\/4b1d8e3303b4a9d8968ac578947d8bc80d9aea359f388cdd4aac15cadc0e8447?s=96&d=mm&r=g\",\"caption\":\"manadmin\"},\"sameAs\":[\"https:\/\/fadeu.urantiacos.cl\"]}]}<\/script>\n<!-- \/ Yoast SEO plugin. -->","yoast_head_json":{"title":"\u00bfC\u00f3mo ser\u00e1 el retorno gradual de la UC? - Facultad de Arquitectura, Dise\u00f1o y Estudios Urbanos","description":"A trav\u00e9s de un mail dirigido a la Comunidad UC, se entregaron nuevas directrices del retorno gradual a nuestros campus. En la comunicaci\u00f3n se dan fechas de los pr\u00f3ximos pasos del proceso. A trav\u00e9s de un video, el rector Ignacio S\u00e1nchez, entrega detalles de c\u00f3mo ser\u00e1 este regreso de estudiantes, cuerpo acad\u00e9mico y funcionarios de la casa de estudios.","robots":{"index":"index","follow":"follow","max-snippet":"max-snippet:-1","max-image-preview":"max-image-preview:large","max-video-preview":"max-video-preview:-1"},"canonical":"https:\/\/fadeu.urantiacos.cl\/en\/2020\/09\/20\/como-sera-el-retorno-gradual-de-la-uc\/","og_locale":"en_US","og_type":"article","og_title":"\u00bfC\u00f3mo ser\u00e1 el retorno gradual de la UC? - Facultad de Arquitectura, Dise\u00f1o y Estudios Urbanos","og_description":"A trav\u00e9s de un mail dirigido a la Comunidad UC, se entregaron nuevas directrices del retorno gradual a nuestros campus. En la comunicaci\u00f3n se dan fechas de los pr\u00f3ximos pasos del proceso. A trav\u00e9s de un video, el rector Ignacio S\u00e1nchez, entrega detalles de c\u00f3mo ser\u00e1 este regreso de estudiantes, cuerpo acad\u00e9mico y funcionarios de la casa de estudios.","og_url":"https:\/\/fadeu.urantiacos.cl\/en\/2020\/09\/20\/como-sera-el-retorno-gradual-de-la-uc\/","og_site_name":"Facultad de Arquitectura, Dise\u00f1o y Estudios Urbanos","article_published_time":"2020-09-20T19:39:00+00:00","article_modified_time":"2023-09-10T19:40:58+00:00","og_image":[{"width":350,"height":250,"url":"https:\/\/fadeu.urantiacos.cl\/wp-content\/uploads\/2023\/09\/img_8022-web.jpg","type":"image\/jpeg"}],"author":"manadmin","twitter_card":"summary_large_image","twitter_misc":{"Written by":"manadmin","Est. reading time":"4 minutes"},"schema":{"@context":"https:\/\/schema.org","@graph":[{"@type":"Article","@id":"https:\/\/fadeu.urantiacos.cl\/en\/2020\/09\/20\/como-sera-el-retorno-gradual-de-la-uc\/#article","isPartOf":{"@id":"https:\/\/fadeu.urantiacos.cl\/en\/2020\/09\/20\/como-sera-el-retorno-gradual-de-la-uc\/"},"author":{"name":"manadmin","@id":"https:\/\/fadeu.urantiacos.cl\/en\/#\/schema\/person\/d203e2e84b1c40275eac77b3061a19a2"},"headline":"\u00bfC\u00f3mo ser\u00e1 el retorno gradual de la UC?","datePublished":"2020-09-20T19:39:00+00:00","dateModified":"2023-09-10T19:40:58+00:00","mainEntityOfPage":{"@id":"https:\/\/fadeu.urantiacos.cl\/en\/2020\/09\/20\/como-sera-el-retorno-gradual-de-la-uc\/"},"wordCount":895,"commentCount":0,"image":{"@id":"https:\/\/fadeu.urantiacos.cl\/en\/2020\/09\/20\/como-sera-el-retorno-gradual-de-la-uc\/#primaryimage"},"thumbnailUrl":"https:\/\/fadeu.urantiacos.cl\/wp-content\/uploads\/2023\/09\/img_8022-web.jpg","articleSection":["Sin categorizar"],"inLanguage":"en-US","potentialAction":[{"@type":"CommentAction","name":"Comment","target":["https:\/\/fadeu.urantiacos.cl\/en\/2020\/09\/20\/como-sera-el-retorno-gradual-de-la-uc\/#respond"]}]},{"@type":"WebPage","@id":"https:\/\/fadeu.urantiacos.cl\/en\/2020\/09\/20\/como-sera-el-retorno-gradual-de-la-uc\/","url":"https:\/\/fadeu.urantiacos.cl\/en\/2020\/09\/20\/como-sera-el-retorno-gradual-de-la-uc\/","name":"\u00bfC\u00f3mo ser\u00e1 el retorno gradual de la UC? - Facultad de Arquitectura, Dise\u00f1o y Estudios Urbanos","isPartOf":{"@id":"https:\/\/fadeu.urantiacos.cl\/en\/#website"},"primaryImageOfPage":{"@id":"https:\/\/fadeu.urantiacos.cl\/en\/2020\/09\/20\/como-sera-el-retorno-gradual-de-la-uc\/#primaryimage"},"image":{"@id":"https:\/\/fadeu.urantiacos.cl\/en\/2020\/09\/20\/como-sera-el-retorno-gradual-de-la-uc\/#primaryimage"},"thumbnailUrl":"https:\/\/fadeu.urantiacos.cl\/wp-content\/uploads\/2023\/09\/img_8022-web.jpg","datePublished":"2020-09-20T19:39:00+00:00","dateModified":"2023-09-10T19:40:58+00:00","author":{"@id":"https:\/\/fadeu.urantiacos.cl\/en\/#\/schema\/person\/d203e2e84b1c40275eac77b3061a19a2"},"description":"A trav\u00e9s de un mail dirigido a la Comunidad UC, se entregaron nuevas directrices del retorno gradual a nuestros campus. En la comunicaci\u00f3n se dan fechas de los pr\u00f3ximos pasos del proceso. A trav\u00e9s de un video, el rector Ignacio S\u00e1nchez, entrega detalles de c\u00f3mo ser\u00e1 este regreso de estudiantes, cuerpo acad\u00e9mico y funcionarios de la casa de estudios.","breadcrumb":{"@id":"https:\/\/fadeu.urantiacos.cl\/en\/2020\/09\/20\/como-sera-el-retorno-gradual-de-la-uc\/#breadcrumb"},"inLanguage":"en-US","potentialAction":[{"@type":"ReadAction","target":["https:\/\/fadeu.urantiacos.cl\/en\/2020\/09\/20\/como-sera-el-retorno-gradual-de-la-uc\/"]}]},{"@type":"ImageObject","inLanguage":"en-US","@id":"https:\/\/fadeu.urantiacos.cl\/en\/2020\/09\/20\/como-sera-el-retorno-gradual-de-la-uc\/#primaryimage","url":"https:\/\/fadeu.urantiacos.cl\/wp-content\/uploads\/2023\/09\/img_8022-web.jpg","contentUrl":"https:\/\/fadeu.urantiacos.cl\/wp-content\/uploads\/2023\/09\/img_8022-web.jpg","width":350,"height":250},{"@type":"BreadcrumbList","@id":"https:\/\/fadeu.urantiacos.cl\/en\/2020\/09\/20\/como-sera-el-retorno-gradual-de-la-uc\/#breadcrumb","itemListElement":[{"@type":"ListItem","position":1,"name":"Portada","item":"https:\/\/fadeu.urantiacos.cl\/en\/"},{"@type":"ListItem","position":2,"name":"\u00bfC\u00f3mo ser\u00e1 el retorno gradual de la UC?"}]},{"@type":"WebSite","@id":"https:\/\/fadeu.urantiacos.cl\/en\/#website","url":"https:\/\/fadeu.urantiacos.cl\/en\/","name":"Facultad de Arquitectura, Dise\u00f1o y Estudios Urbanos","description":"Campus Lo Contador","potentialAction":[{"@type":"SearchAction","target":{"@type":"EntryPoint","urlTemplate":"https:\/\/fadeu.urantiacos.cl\/en\/?s={search_term_string}"},"query-input":{"@type":"PropertyValueSpecification","valueRequired":true,"valueName":"search_term_string"}}],"inLanguage":"en-US"},{"@type":"Person","@id":"https:\/\/fadeu.urantiacos.cl\/en\/#\/schema\/person\/d203e2e84b1c40275eac77b3061a19a2","name":"manadmin","image":{"@type":"ImageObject","inLanguage":"en-US","@id":"https:\/\/fadeu.urantiacos.cl\/en\/#\/schema\/person\/image\/","url":"https:\/\/secure.gravatar.com\/avatar\/4b1d8e3303b4a9d8968ac578947d8bc80d9aea359f388cdd4aac15cadc0e8447?s=96&d=mm&r=g","contentUrl":"https:\/\/secure.gravatar.com\/avatar\/4b1d8e3303b4a9d8968ac578947d8bc80d9aea359f388cdd4aac15cadc0e8447?s=96&d=mm&r=g","caption":"manadmin"},"sameAs":["https:\/\/fadeu.urantiacos.cl"]}]}},"_links":{"self":[{"href":"https:\/\/fadeu.urantiacos.cl\/en\/wp-json\/wp\/v2\/posts\/8233","targetHints":{"allow":["GET"]}}],"collection":[{"href":"https:\/\/fadeu.urantiacos.cl\/en\/wp-json\/wp\/v2\/posts"}],"about":[{"href":"https:\/\/fadeu.urantiacos.cl\/en\/wp-json\/wp\/v2\/types\/post"}],"author":[{"embeddable":true,"href":"https:\/\/fadeu.urantiacos.cl\/en\/wp-json\/wp\/v2\/users\/1"}],"replies":[{"embeddable":true,"href":"https:\/\/fadeu.urantiacos.cl\/en\/wp-json\/wp\/v2\/comments?post=8233"}],"version-history":[{"count":1,"href":"https:\/\/fadeu.urantiacos.cl\/en\/wp-json\/wp\/v2\/posts\/8233\/revisions"}],"predecessor-version":[{"id":8235,"href":"https:\/\/fadeu.urantiacos.cl\/en\/wp-json\/wp\/v2\/posts\/8233\/revisions\/8235"}],"wp:featuredmedia":[{"embeddable":true,"href":"https:\/\/fadeu.urantiacos.cl\/en\/wp-json\/wp\/v2\/media\/8234"}],"wp:attachment":[{"href":"https:\/\/fadeu.urantiacos.cl\/en\/wp-json\/wp\/v2\/media?parent=8233"}],"wp:term":[{"taxonomy":"category","embeddable":true,"href":"https:\/\/fadeu.urantiacos.cl\/en\/wp-json\/wp\/v2\/categories?post=8233"},{"taxonomy":"post_tag","embeddable":true,"href":"https:\/\/fadeu.urantiacos.cl\/en\/wp-json\/wp\/v2\/tags?post=8233"}],"curies":[{"name":"wp","href":"https:\/\/api.w.org\/{rel}","templated":true}]}}